{"id":682,"date":"2023-11-13T13:18:31","date_gmt":"2023-11-13T13:18:31","guid":{"rendered":"http:\/\/pulso27.com\/?p=682"},"modified":"2024-11-02T08:44:28","modified_gmt":"2024-11-02T03:44:28","slug":"nicanor-boluarte-se-reune-con-prefectos-para-promover-partido-politico","status":"publish","type":"post","link":"https:\/\/pulso27.com\/en\/actualidad\/politica\/nicanor-boluarte-se-reune-con-prefectos-para-promover-partido-politico\/","title":{"rendered":"Nicanor Boluarte se re\u00fane con prefectos para promover partido pol\u00edtico"},"content":{"rendered":"<p><h2 class=\"MainContent_mainContent__teaser__mftWU\" data-mrf-recirculation=\"La Rep\u00fablica bajada - Notas\" style=\"padding-top: 8px; padding-bottom: 8px; box-sizing: border-box; font-family: Roboto, sans-serif; overflow-wrap: break-word; color: rgb(51, 51, 51); text-rendering: optimizelegibility; font-size: 16px; font-weight: 400; line-height: 20px; white-space-collapse: collapse;\">V\u00ednculos. Hermano de presidenta Boluarte presuntamente implicado en nombramiento de prefectos y subprefectos, entre quienes consiguieron firmas para la inscripci\u00f3n del partido Ciudadanos por el Per\u00fa.<\/h2><\/p>\n\n\n\n<p>Se conocieron nuevas revelaciones de las relaciones de Nicanor Boluarte, hermano de la presidenta de la Rep\u00fablica, con empresarios y autoridades del Ejecutivo, revel\u00f3 el programa \u2018Cuarto poder\u2019, de Am\u00e9rica Televisi\u00f3n.<\/p>\n\n\n\n<p>Uno de los nombres que aparecieron de manera recurrente es el de Noriel Chingay Salazar. Se trata del exprefecto regional de Cajamarca, quien aparece en m\u00e1s de una reuni\u00f3n con personajes vinculados a la primera mandataria.<\/p>\n\n\n\n<p>Noriel Chingay afronta la investigaci\u00f3n que la Fiscal\u00eda de la Naci\u00f3n le abri\u00f3 junto a Nicanor Boluarte por los presuntos delitos de colusi\u00f3n y tr\u00e1fico de influencias, luego de que el municipio distrital de Nanchoc fuera favorecido con obras por casi S\/20 millones.<\/p>\n\n\n\n<p><\/p>\n\n\n\n<figure class=\"wp-block-image size-full is-resized\"><img loading=\"lazy\" decoding=\"async\" width=\"474\" height=\"316\" src=\"http:\/\/pulso27.com\/wp-content\/uploads\/2023\/11\/image-6.png\" alt=\"\" class=\"wp-image-684\" style=\"width:738px;height:auto\" srcset=\"https:\/\/pulso27.com\/wp-content\/uploads\/2023\/11\/image-6.png 474w, https:\/\/pulso27.com\/wp-content\/uploads\/2023\/11\/image-6-300x200.png 300w\" sizes=\"auto, (max-width: 474px) 100vw, 474px\" \/><\/figure>\n\n\n\n<p><\/p>\n\n\n\n<p>Luego de aparecer junto con Nicanor Boluarte, muchos testimonios llegaron a \u2018Cuarto poder\u2019 se\u00f1alando que Noriel Chingay ser\u00eda responsable de negociar puestos de prefectos y subprefectos de las provincias y distritos de Cajamarca a cambio de dinero y de conseguir firmas para la inscripci\u00f3n del partido pol\u00edtico Ciudadanos por el Per\u00fa, que impulsa el hermano de la presidenta.<\/p>\n\n\n\n<p>El exconsejero Godo V\u00e1squez Becerra cont\u00f3 que solo escogieron a personas que muestran su compromiso de apoyar a Dina Boluarte, y a su hermano, en la creaci\u00f3n del citado partido.<\/p>\n\n\n\n<p>El programa dominical mostr\u00f3 un testimonio oculto que asegura que quien maneja la afiliaci\u00f3n y planillones donde se llenan datos para el partido pol\u00edtico Ciudadanos por el Per\u00fa es Nicanor Boluarte.<\/p>\n\n\n\n<p>Seg\u00fan el exconsejero, \u201chubo dos hombres que hab\u00edan llegado de Lima y pidieron que nadie hable sobre la organizaci\u00f3n del partido. Ellos pidieron discreci\u00f3n y guardar los celulares\u201d.<\/p>\n\n\n\n<p>Manifest\u00f3 que los primeros objetivos del partido son \u201ctener como m\u00ednimo 70 comit\u00e9s provinciales en 18 regiones (\u2026) m\u00e1s de 50.000 afiliados para no correr ning\u00fan riesgo\u201d y por esa raz\u00f3n entregaron documentos para la afiliaci\u00f3n al partido Ciudadanos por el Cambio.<\/p>\n\n\n\n<p><\/p>","protected":false},"excerpt":{"rendered":"<p>V\u00ednculos. Hermano de presidenta Boluarte presuntamente implicado en nombramiento de prefectos y subprefectos, entre quienes consiguieron firmas para la inscripci\u00f3n del partido Ciudadanos por el Per\u00fa.<\/p>","protected":false},"author":11,"featured_media":683,"comment_status":"open","ping_status":"open","sticky":false,"template":"","format":"standard","meta":{"footnotes":""},"categories":[183,180],"tags":[],"class_list":["post-682","post","type-post","status-publish","format-standard","has-post-thumbnail","hentry","category-actualidad","category-politica"],"yoast_head":"<!-- This site is optimized with the Yoast SEO plugin v27.4 - https:\/\/yoast.com\/product\/yoast-seo-wordpress\/ -->\n<title>Nicanor Boluarte se re\u00fane con prefectos para promover partido pol\u00edtico - Pulso27<\/title>\n<meta name=\"robots\" content=\"index, follow, max-snippet:-1, max-image-preview:large, max-video-preview:-1\" \/>\n<link rel=\"canonical\" href=\"https:\/\/pulso27.com\/en\/politica\/nicanor-boluarte-se-reune-con-prefectos-para-promover-partido-politico\/\" \/>\n<meta property=\"og:locale\" content=\"en_US\" \/>\n<meta property=\"og:type\" content=\"article\" \/>\n<meta property=\"og:title\" content=\"Nicanor Boluarte se re\u00fane con prefectos para promover partido pol\u00edtico - Pulso27\" \/>\n<meta property=\"og:description\" content=\"V\u00ednculos. Hermano de presidenta Boluarte presuntamente implicado en nombramiento de prefectos y subprefectos, entre quienes consiguieron firmas para la inscripci\u00f3n del partido Ciudadanos por el Per\u00fa.\" \/>\n<meta property=\"og:url\" content=\"https:\/\/pulso27.com\/en\/politica\/nicanor-boluarte-se-reune-con-prefectos-para-promover-partido-politico\/\" \/>\n<meta property=\"og:site_name\" content=\"Pulso27\" \/>\n<meta property=\"article:publisher\" content=\"https:\/\/www.facebook.com\/pulso27\/\" \/>\n<meta property=\"article:author\" content=\"https:\/\/www.facebook.com\/pulso27\" \/>\n<meta property=\"article:published_time\" content=\"2023-11-13T13:18:31+00:00\" \/>\n<meta property=\"article:modified_time\" content=\"2024-11-02T03:44:28+00:00\" \/>\n<meta property=\"og:image\" content=\"https:\/\/pulso27.com\/wp-content\/uploads\/2023\/11\/nicanor-boluarte.jpg\" \/>\n\t<meta property=\"og:image:width\" content=\"474\" \/>\n\t<meta property=\"og:image:height\" content=\"272\" \/>\n\t<meta property=\"og:image:type\" content=\"image\/jpeg\" \/>\n<meta name=\"author\" content=\"Editor\" \/>\n<meta name=\"twitter:card\" content=\"summary_large_image\" \/>\n<meta name=\"twitter:creator\" content=\"@https:\/\/x.com\/Pulso_27\" \/>\n<meta name=\"twitter:site\" content=\"@Pulso_27\" \/>\n<meta name=\"twitter:label1\" content=\"Written by\" \/>\n\t<meta name=\"twitter:data1\" content=\"Editor\" \/>\n\t<meta name=\"twitter:label2\" content=\"Est. reading time\" \/>\n\t<meta name=\"twitter:data2\" content=\"2 minutes\" \/>\n<script type=\"application\/ld+json\" class=\"yoast-schema-graph\">{\"@context\":\"https:\\\/\\\/schema.org\",\"@graph\":[{\"@type\":\"Article\",\"@id\":\"https:\\\/\\\/pulso27.com\\\/politica\\\/nicanor-boluarte-se-reune-con-prefectos-para-promover-partido-politico\\\/#article\",\"isPartOf\":{\"@id\":\"https:\\\/\\\/pulso27.com\\\/politica\\\/nicanor-boluarte-se-reune-con-prefectos-para-promover-partido-politico\\\/\"},\"author\":{\"name\":\"Editor\",\"@id\":\"https:\\\/\\\/pulso27.com\\\/en\\\/#\\\/schema\\\/person\\\/e0da4cfacbab724cbf4ab44bcc030735\"},\"headline\":\"Nicanor Boluarte se re\u00fane con prefectos para promover partido pol\u00edtico\",\"datePublished\":\"2023-11-13T13:18:31+00:00\",\"dateModified\":\"2024-11-02T03:44:28+00:00\",\"mainEntityOfPage\":{\"@id\":\"https:\\\/\\\/pulso27.com\\\/politica\\\/nicanor-boluarte-se-reune-con-prefectos-para-promover-partido-politico\\\/\"},\"wordCount\":363,\"commentCount\":0,\"publisher\":{\"@id\":\"https:\\\/\\\/pulso27.com\\\/en\\\/#organization\"},\"image\":{\"@id\":\"https:\\\/\\\/pulso27.com\\\/politica\\\/nicanor-boluarte-se-reune-con-prefectos-para-promover-partido-politico\\\/#primaryimage\"},\"thumbnailUrl\":\"https:\\\/\\\/pulso27.com\\\/wp-content\\\/uploads\\\/2023\\\/11\\\/nicanor-boluarte.jpg\",\"articleSection\":[\"Actualidad\",\"Pol\u00edtica\"],\"inLanguage\":\"en-US\",\"potentialAction\":[{\"@type\":\"CommentAction\",\"name\":\"Comment\",\"target\":[\"https:\\\/\\\/pulso27.com\\\/politica\\\/nicanor-boluarte-se-reune-con-prefectos-para-promover-partido-politico\\\/#respond\"]}]},{\"@type\":\"WebPage\",\"@id\":\"https:\\\/\\\/pulso27.com\\\/politica\\\/nicanor-boluarte-se-reune-con-prefectos-para-promover-partido-politico\\\/\",\"url\":\"https:\\\/\\\/pulso27.com\\\/politica\\\/nicanor-boluarte-se-reune-con-prefectos-para-promover-partido-politico\\\/\",\"name\":\"Nicanor Boluarte se re\u00fane con prefectos para promover partido pol\u00edtico - Pulso27\",\"isPartOf\":{\"@id\":\"https:\\\/\\\/pulso27.com\\\/en\\\/#website\"},\"primaryImageOfPage\":{\"@id\":\"https:\\\/\\\/pulso27.com\\\/politica\\\/nicanor-boluarte-se-reune-con-prefectos-para-promover-partido-politico\\\/#primaryimage\"},\"image\":{\"@id\":\"https:\\\/\\\/pulso27.com\\\/politica\\\/nicanor-boluarte-se-reune-con-prefectos-para-promover-partido-politico\\\/#primaryimage\"},\"thumbnailUrl\":\"https:\\\/\\\/pulso27.com\\\/wp-content\\\/uploads\\\/2023\\\/11\\\/nicanor-boluarte.jpg\",\"datePublished\":\"2023-11-13T13:18:31+00:00\",\"dateModified\":\"2024-11-02T03:44:28+00:00\",\"breadcrumb\":{\"@id\":\"https:\\\/\\\/pulso27.com\\\/politica\\\/nicanor-boluarte-se-reune-con-prefectos-para-promover-partido-politico\\\/#breadcrumb\"},\"inLanguage\":\"en-US\",\"potentialAction\":[{\"@type\":\"ReadAction\",\"target\":[\"https:\\\/\\\/pulso27.com\\\/politica\\\/nicanor-boluarte-se-reune-con-prefectos-para-promover-partido-politico\\\/\"]}]},{\"@type\":\"ImageObject\",\"inLanguage\":\"en-US\",\"@id\":\"https:\\\/\\\/pulso27.com\\\/politica\\\/nicanor-boluarte-se-reune-con-prefectos-para-promover-partido-politico\\\/#primaryimage\",\"url\":\"https:\\\/\\\/pulso27.com\\\/wp-content\\\/uploads\\\/2023\\\/11\\\/nicanor-boluarte.jpg\",\"contentUrl\":\"https:\\\/\\\/pulso27.com\\\/wp-content\\\/uploads\\\/2023\\\/11\\\/nicanor-boluarte.jpg\",\"width\":474,\"height\":272},{\"@type\":\"BreadcrumbList\",\"@id\":\"https:\\\/\\\/pulso27.com\\\/politica\\\/nicanor-boluarte-se-reune-con-prefectos-para-promover-partido-politico\\\/#breadcrumb\",\"itemListElement\":[{\"@type\":\"ListItem\",\"position\":1,\"name\":\"Portada\",\"item\":\"https:\\\/\\\/pulso27.com\\\/\"},{\"@type\":\"ListItem\",\"position\":2,\"name\":\"Nicanor Boluarte se re\u00fane con prefectos para promover partido pol\u00edtico\"}]},{\"@type\":\"WebSite\",\"@id\":\"https:\\\/\\\/pulso27.com\\\/en\\\/#website\",\"url\":\"https:\\\/\\\/pulso27.com\\\/en\\\/\",\"name\":\"Pulso27\",\"description\":\"Web de noticias y publicidad\",\"publisher\":{\"@id\":\"https:\\\/\\\/pulso27.com\\\/en\\\/#organization\"},\"alternateName\":\"El pulso del pueblo\",\"potentialAction\":[{\"@type\":\"SearchAction\",\"target\":{\"@type\":\"EntryPoint\",\"urlTemplate\":\"https:\\\/\\\/pulso27.com\\\/en\\\/?s={search_term_string}\"},\"query-input\":{\"@type\":\"PropertyValueSpecification\",\"valueRequired\":true,\"valueName\":\"search_term_string\"}}],\"inLanguage\":\"en-US\"},{\"@type\":\"Organization\",\"@id\":\"https:\\\/\\\/pulso27.com\\\/en\\\/#organization\",\"name\":\"Pulso27\",\"url\":\"https:\\\/\\\/pulso27.com\\\/en\\\/\",\"logo\":{\"@type\":\"ImageObject\",\"inLanguage\":\"en-US\",\"@id\":\"https:\\\/\\\/pulso27.com\\\/en\\\/#\\\/schema\\\/logo\\\/image\\\/\",\"url\":\"https:\\\/\\\/pulso27.com\\\/wp-content\\\/uploads\\\/2026\\\/02\\\/Logotipo-de-la-organizacion-696-x-696-px-ok.png\",\"contentUrl\":\"https:\\\/\\\/pulso27.com\\\/wp-content\\\/uploads\\\/2026\\\/02\\\/Logotipo-de-la-organizacion-696-x-696-px-ok.png\",\"width\":696,\"height\":696,\"caption\":\"Pulso27\"},\"image\":{\"@id\":\"https:\\\/\\\/pulso27.com\\\/en\\\/#\\\/schema\\\/logo\\\/image\\\/\"},\"sameAs\":[\"https:\\\/\\\/www.facebook.com\\\/pulso27\\\/\",\"https:\\\/\\\/x.com\\\/Pulso_27\",\"https:\\\/\\\/www.youtube.com\\\/@Pulso27\",\"https:\\\/\\\/www.tiktok.com\\\/@pulso_27\"]},{\"@type\":\"Person\",\"@id\":\"https:\\\/\\\/pulso27.com\\\/en\\\/#\\\/schema\\\/person\\\/e0da4cfacbab724cbf4ab44bcc030735\",\"name\":\"Editor\",\"image\":{\"@type\":\"ImageObject\",\"inLanguage\":\"en-US\",\"@id\":\"https:\\\/\\\/pulso27.com\\\/wp-content\\\/uploads\\\/2025\\\/03\\\/c-150x150.png\",\"url\":\"https:\\\/\\\/pulso27.com\\\/wp-content\\\/uploads\\\/2025\\\/03\\\/c-150x150.png\",\"contentUrl\":\"https:\\\/\\\/pulso27.com\\\/wp-content\\\/uploads\\\/2025\\\/03\\\/c-150x150.png\",\"caption\":\"Editor\"},\"sameAs\":[\"http:\\\/\\\/www.pulso27.com\",\"https:\\\/\\\/www.facebook.com\\\/pulso27\",\"https:\\\/\\\/x.com\\\/https:\\\/\\\/x.com\\\/Pulso_27\",\"https:\\\/\\\/www.youtube.com\\\/@Pulso27\"],\"url\":\"https:\\\/\\\/pulso27.com\\\/en\\\/author\\\/editor\\\/\"}]}<\/script>\n<!-- \/ Yoast SEO plugin. -->","yoast_head_json":{"title":"Nicanor Boluarte se re\u00fane con prefectos para promover partido pol\u00edtico - Pulso27","robots":{"index":"index","follow":"follow","max-snippet":"max-snippet:-1","max-image-preview":"max-image-preview:large","max-video-preview":"max-video-preview:-1"},"canonical":"https:\/\/pulso27.com\/en\/politica\/nicanor-boluarte-se-reune-con-prefectos-para-promover-partido-politico\/","og_locale":"en_US","og_type":"article","og_title":"Nicanor Boluarte se re\u00fane con prefectos para promover partido pol\u00edtico - Pulso27","og_description":"V\u00ednculos. Hermano de presidenta Boluarte presuntamente implicado en nombramiento de prefectos y subprefectos, entre quienes consiguieron firmas para la inscripci\u00f3n del partido Ciudadanos por el Per\u00fa.","og_url":"https:\/\/pulso27.com\/en\/politica\/nicanor-boluarte-se-reune-con-prefectos-para-promover-partido-politico\/","og_site_name":"Pulso27","article_publisher":"https:\/\/www.facebook.com\/pulso27\/","article_author":"https:\/\/www.facebook.com\/pulso27","article_published_time":"2023-11-13T13:18:31+00:00","article_modified_time":"2024-11-02T03:44:28+00:00","og_image":[{"width":474,"height":272,"url":"https:\/\/pulso27.com\/wp-content\/uploads\/2023\/11\/nicanor-boluarte.jpg","type":"image\/jpeg"}],"author":"Editor","twitter_card":"summary_large_image","twitter_creator":"@https:\/\/x.com\/Pulso_27","twitter_site":"@Pulso_27","twitter_misc":{"Written by":"Editor","Est. reading time":"2 minutes"},"schema":{"@context":"https:\/\/schema.org","@graph":[{"@type":"Article","@id":"https:\/\/pulso27.com\/politica\/nicanor-boluarte-se-reune-con-prefectos-para-promover-partido-politico\/#article","isPartOf":{"@id":"https:\/\/pulso27.com\/politica\/nicanor-boluarte-se-reune-con-prefectos-para-promover-partido-politico\/"},"author":{"name":"Editor","@id":"https:\/\/pulso27.com\/en\/#\/schema\/person\/e0da4cfacbab724cbf4ab44bcc030735"},"headline":"Nicanor Boluarte se re\u00fane con prefectos para promover partido pol\u00edtico","datePublished":"2023-11-13T13:18:31+00:00","dateModified":"2024-11-02T03:44:28+00:00","mainEntityOfPage":{"@id":"https:\/\/pulso27.com\/politica\/nicanor-boluarte-se-reune-con-prefectos-para-promover-partido-politico\/"},"wordCount":363,"commentCount":0,"publisher":{"@id":"https:\/\/pulso27.com\/en\/#organization"},"image":{"@id":"https:\/\/pulso27.com\/politica\/nicanor-boluarte-se-reune-con-prefectos-para-promover-partido-politico\/#primaryimage"},"thumbnailUrl":"https:\/\/pulso27.com\/wp-content\/uploads\/2023\/11\/nicanor-boluarte.jpg","articleSection":["Actualidad","Pol\u00edtica"],"inLanguage":"en-US","potentialAction":[{"@type":"CommentAction","name":"Comment","target":["https:\/\/pulso27.com\/politica\/nicanor-boluarte-se-reune-con-prefectos-para-promover-partido-politico\/#respond"]}]},{"@type":"WebPage","@id":"https:\/\/pulso27.com\/politica\/nicanor-boluarte-se-reune-con-prefectos-para-promover-partido-politico\/","url":"https:\/\/pulso27.com\/politica\/nicanor-boluarte-se-reune-con-prefectos-para-promover-partido-politico\/","name":"Nicanor Boluarte se re\u00fane con prefectos para promover partido pol\u00edtico - Pulso27","isPartOf":{"@id":"https:\/\/pulso27.com\/en\/#website"},"primaryImageOfPage":{"@id":"https:\/\/pulso27.com\/politica\/nicanor-boluarte-se-reune-con-prefectos-para-promover-partido-politico\/#primaryimage"},"image":{"@id":"https:\/\/pulso27.com\/politica\/nicanor-boluarte-se-reune-con-prefectos-para-promover-partido-politico\/#primaryimage"},"thumbnailUrl":"https:\/\/pulso27.com\/wp-content\/uploads\/2023\/11\/nicanor-boluarte.jpg","datePublished":"2023-11-13T13:18:31+00:00","dateModified":"2024-11-02T03:44:28+00:00","breadcrumb":{"@id":"https:\/\/pulso27.com\/politica\/nicanor-boluarte-se-reune-con-prefectos-para-promover-partido-politico\/#breadcrumb"},"inLanguage":"en-US","potentialAction":[{"@type":"ReadAction","target":["https:\/\/pulso27.com\/politica\/nicanor-boluarte-se-reune-con-prefectos-para-promover-partido-politico\/"]}]},{"@type":"ImageObject","inLanguage":"en-US","@id":"https:\/\/pulso27.com\/politica\/nicanor-boluarte-se-reune-con-prefectos-para-promover-partido-politico\/#primaryimage","url":"https:\/\/pulso27.com\/wp-content\/uploads\/2023\/11\/nicanor-boluarte.jpg","contentUrl":"https:\/\/pulso27.com\/wp-content\/uploads\/2023\/11\/nicanor-boluarte.jpg","width":474,"height":272},{"@type":"BreadcrumbList","@id":"https:\/\/pulso27.com\/politica\/nicanor-boluarte-se-reune-con-prefectos-para-promover-partido-politico\/#breadcrumb","itemListElement":[{"@type":"ListItem","position":1,"name":"Portada","item":"https:\/\/pulso27.com\/"},{"@type":"ListItem","position":2,"name":"Nicanor Boluarte se re\u00fane con prefectos para promover partido pol\u00edtico"}]},{"@type":"WebSite","@id":"https:\/\/pulso27.com\/en\/#website","url":"https:\/\/pulso27.com\/en\/","name":"Pulso27","description":"Web de noticias y publicidad","publisher":{"@id":"https:\/\/pulso27.com\/en\/#organization"},"alternateName":"El pulso del pueblo","potentialAction":[{"@type":"SearchAction","target":{"@type":"EntryPoint","urlTemplate":"https:\/\/pulso27.com\/en\/?s={search_term_string}"},"query-input":{"@type":"PropertyValueSpecification","valueRequired":true,"valueName":"search_term_string"}}],"inLanguage":"en-US"},{"@type":"Organization","@id":"https:\/\/pulso27.com\/en\/#organization","name":"Pulso27","url":"https:\/\/pulso27.com\/en\/","logo":{"@type":"ImageObject","inLanguage":"en-US","@id":"https:\/\/pulso27.com\/en\/#\/schema\/logo\/image\/","url":"https:\/\/pulso27.com\/wp-content\/uploads\/2026\/02\/Logotipo-de-la-organizacion-696-x-696-px-ok.png","contentUrl":"https:\/\/pulso27.com\/wp-content\/uploads\/2026\/02\/Logotipo-de-la-organizacion-696-x-696-px-ok.png","width":696,"height":696,"caption":"Pulso27"},"image":{"@id":"https:\/\/pulso27.com\/en\/#\/schema\/logo\/image\/"},"sameAs":["https:\/\/www.facebook.com\/pulso27\/","https:\/\/x.com\/Pulso_27","https:\/\/www.youtube.com\/@Pulso27","https:\/\/www.tiktok.com\/@pulso_27"]},{"@type":"Person","@id":"https:\/\/pulso27.com\/en\/#\/schema\/person\/e0da4cfacbab724cbf4ab44bcc030735","name":"Editor","image":{"@type":"ImageObject","inLanguage":"en-US","@id":"https:\/\/pulso27.com\/wp-content\/uploads\/2025\/03\/c-150x150.png","url":"https:\/\/pulso27.com\/wp-content\/uploads\/2025\/03\/c-150x150.png","contentUrl":"https:\/\/pulso27.com\/wp-content\/uploads\/2025\/03\/c-150x150.png","caption":"Editor"},"sameAs":["http:\/\/www.pulso27.com","https:\/\/www.facebook.com\/pulso27","https:\/\/x.com\/https:\/\/x.com\/Pulso_27","https:\/\/www.youtube.com\/@Pulso27"],"url":"https:\/\/pulso27.com\/en\/author\/editor\/"}]}},"amp_enabled":true,"_links":{"self":[{"href":"https:\/\/pulso27.com\/en\/wp-json\/wp\/v2\/posts\/682","targetHints":{"allow":["GET"]}}],"collection":[{"href":"https:\/\/pulso27.com\/en\/wp-json\/wp\/v2\/posts"}],"about":[{"href":"https:\/\/pulso27.com\/en\/wp-json\/wp\/v2\/types\/post"}],"author":[{"embeddable":true,"href":"https:\/\/pulso27.com\/en\/wp-json\/wp\/v2\/users\/11"}],"replies":[{"embeddable":true,"href":"https:\/\/pulso27.com\/en\/wp-json\/wp\/v2\/comments?post=682"}],"version-history":[{"count":1,"href":"https:\/\/pulso27.com\/en\/wp-json\/wp\/v2\/posts\/682\/revisions"}],"predecessor-version":[{"id":685,"href":"https:\/\/pulso27.com\/en\/wp-json\/wp\/v2\/posts\/682\/revisions\/685"}],"wp:featuredmedia":[{"embeddable":true,"href":"https:\/\/pulso27.com\/en\/wp-json\/wp\/v2\/media\/683"}],"wp:attachment":[{"href":"https:\/\/pulso27.com\/en\/wp-json\/wp\/v2\/media?parent=682"}],"wp:term":[{"taxonomy":"category","embeddable":true,"href":"https:\/\/pulso27.com\/en\/wp-json\/wp\/v2\/categories?post=682"},{"taxonomy":"post_tag","embeddable":true,"href":"https:\/\/pulso27.com\/en\/wp-json\/wp\/v2\/tags?post=682"}],"curies":[{"name":"wp","href":"https:\/\/api.w.org\/{rel}","templated":true}]}}