{"id":6851,"date":"2025-11-14T08:02:20","date_gmt":"2025-11-14T03:02:20","guid":{"rendered":"https:\/\/pulso27.com\/?p=6851"},"modified":"2025-11-14T08:35:35","modified_gmt":"2025-11-14T03:35:35","slug":"venezuela-activa-defensa-total-ante-amenaza-de-invasion-de-ee-uu","status":"publish","type":"post","link":"https:\/\/pulso27.com\/en\/internacional\/venezuela-activa-defensa-total-ante-amenaza-de-invasion-de-ee-uu\/","title":{"rendered":"Venezuela activa \u00abdefensa total\u00bb ante amenaza de invasi\u00f3n de EE.UU."},"content":{"rendered":"<p>Lima, 13 de noviembre de 2025 \u2013 Venezuela ha activado una \u00abdefensa total\u00bb con el despliegue de 200.000 efectivos militares en respuesta a la creciente presencia de fuerzas estadounidenses en el mar Caribe. Bajo el Plan Independencia 200, anunciado el 11 de noviembre, Caracas puso en m\u00e1xima alerta a la Fuerza Armada Nacional Bolivariana (FANB), incluyendo medios terrestres, a\u00e9reos, navales y sistemas de defensa rusos S-300, para proteger su soberan\u00eda frente a lo que Nicol\u00e1s Maduro califica como \u00abla mayor amenaza en 100 a\u00f1os\u00bb.<\/p>\n\n\n\n<p>La escalada comenz\u00f3 en septiembre de 2025, cuando la administraci\u00f3n de Donald Trump intensific\u00f3 su presencia militar, justific\u00e1ndola como una operaci\u00f3n antinarc\u00f3ticos contra c\u00e1rteles como el Tren de Aragua. La llegada del portaaviones nuclear USS Gerald R. Ford, escoltado por destructores y con 15.000-16.000 efectivos, marca el mayor despliegue estadounidense en el Caribe en 35 a\u00f1os. Washington reporta haber destruido 20 botes y causado 76 muertes, acciones que Venezuela denuncia como \u00abataques extrajudiciales\u00bb que violan la soberan\u00eda regional.<\/p>\n\n\n\n<p>Maduro ha preparado una \u00abrep\u00fablica en armas\u00bb, movilizando millones de milicianos y planificando una resistencia guerrillera en caso de invasi\u00f3n, mientras expertos advierten que la superioridad tecnol\u00f3gica de EE.UU. contrasta con la ventaja geogr\u00e1fica venezolana para una guerra asim\u00e9trica. La tensi\u00f3n ha generado preocupaci\u00f3n global, con la ONU y la OEA llamando a la desescalada diplom\u00e1tica. La postura beligerante de Washington debe priorizar el di\u00e1logo multilateral para evitar un conflicto que agravar\u00eda la crisis humanitaria venezolana, ya golpeada por una econom\u00eda contra\u00edda un 70% y migraci\u00f3n masiva.<\/p>\n\n\n\n<p>Organizaciones sociales peruanas han convocado marchas en Lima para repudiar la intervenci\u00f3n estadounidense, exigiendo soluciones regionales s\u00ed realmente se trata de la lucha contra el narcotr\u00e1fico sin recurrir a la fuerza. La ausencia de un pronunciamiento del gobierno peruano contrasta con las condenas en\u00e9rgicas de pa\u00edses como Honduras, Cuba, M\u00e9xico y Colombia, que han calificado el despliegue como una \u00abamenaza de intervenci\u00f3n\u00bb extranjera que debe ser rechazada por todo latinoamericano.<\/p>","protected":false},"excerpt":{"rendered":"<p>Lima, 13 de noviembre de 2025 \u2013 Venezuela ha activado una \u00abdefensa total\u00bb con el despliegue de 200.000 efectivos militares en respuesta a la creciente presencia de fuerzas estadounidenses en el mar Caribe. Bajo el Plan Independencia 200, anunciado el 11 de noviembre, Caracas puso en m\u00e1xima alerta a la Fuerza Armada Nacional Bolivariana (FANB), [&hellip;]<\/p>\n","protected":false},"author":7,"featured_media":6852,"comment_status":"open","ping_status":"open","sticky":false,"template":"","format":"standard","meta":{"footnotes":""},"categories":[183,173,1846,1852],"tags":[2515,1883,317],"class_list":["post-6851","post","type-post","status-publish","format-standard","has-post-thumbnail","hentry","category-actualidad","category-internacional","category-mineria","category-tendencia","tag-donald-trump","tag-eeuu","tag-venezuela"],"yoast_head":"<!-- This site is optimized with the Yoast SEO plugin v27.4 - https:\/\/yoast.com\/product\/yoast-seo-wordpress\/ -->\n<title>Venezuela activa &quot;defensa total&quot; ante amenaza de invasi\u00f3n de EE.UU. - Pulso27<\/title>\n<meta name=\"robots\" content=\"index, follow, max-snippet:-1, max-image-preview:large, max-video-preview:-1\" \/>\n<link rel=\"canonical\" href=\"https:\/\/pulso27.com\/en\/internacional\/venezuela-activa-defensa-total-ante-amenaza-de-invasion-de-ee-uu\/\" \/>\n<meta property=\"og:locale\" content=\"en_US\" \/>\n<meta property=\"og:type\" content=\"article\" \/>\n<meta property=\"og:title\" content=\"Venezuela activa &quot;defensa total&quot; ante amenaza de invasi\u00f3n de EE.UU. - Pulso27\" \/>\n<meta property=\"og:description\" content=\"Lima, 13 de noviembre de 2025 \u2013 Venezuela ha activado una \u00abdefensa total\u00bb con el despliegue de 200.000 efectivos militares en respuesta a la creciente presencia de fuerzas estadounidenses en el mar Caribe. Bajo el Plan Independencia 200, anunciado el 11 de noviembre, Caracas puso en m\u00e1xima alerta a la Fuerza Armada Nacional Bolivariana (FANB), [&hellip;]\" \/>\n<meta property=\"og:url\" content=\"https:\/\/pulso27.com\/en\/internacional\/venezuela-activa-defensa-total-ante-amenaza-de-invasion-de-ee-uu\/\" \/>\n<meta property=\"og:site_name\" content=\"Pulso27\" \/>\n<meta property=\"article:publisher\" content=\"https:\/\/www.facebook.com\/pulso27\/\" \/>\n<meta property=\"article:published_time\" content=\"2025-11-14T03:02:20+00:00\" \/>\n<meta property=\"article:modified_time\" content=\"2025-11-14T03:35:35+00:00\" \/>\n<meta property=\"og:image\" content=\"https:\/\/pulso27.com\/wp-content\/uploads\/2025\/11\/Venezuelaa.png\" \/>\n\t<meta property=\"og:image:width\" content=\"1200\" \/>\n\t<meta property=\"og:image:height\" content=\"800\" \/>\n\t<meta property=\"og:image:type\" content=\"image\/png\" \/>\n<meta name=\"author\" content=\"Tupaq\" \/>\n<meta name=\"twitter:card\" content=\"summary_large_image\" \/>\n<meta name=\"twitter:creator\" content=\"@Pulso_27\" \/>\n<meta name=\"twitter:site\" content=\"@Pulso_27\" \/>\n<meta name=\"twitter:label1\" content=\"Written by\" \/>\n\t<meta name=\"twitter:data1\" content=\"Tupaq\" \/>\n\t<meta name=\"twitter:label2\" content=\"Est. reading time\" \/>\n\t<meta name=\"twitter:data2\" content=\"2 minutes\" \/>\n<script type=\"application\/ld+json\" class=\"yoast-schema-graph\">{\"@context\":\"https:\\\/\\\/schema.org\",\"@graph\":[{\"@type\":\"Article\",\"@id\":\"https:\\\/\\\/pulso27.com\\\/internacional\\\/venezuela-activa-defensa-total-ante-amenaza-de-invasion-de-ee-uu\\\/#article\",\"isPartOf\":{\"@id\":\"https:\\\/\\\/pulso27.com\\\/internacional\\\/venezuela-activa-defensa-total-ante-amenaza-de-invasion-de-ee-uu\\\/\"},\"author\":{\"name\":\"Tupaq\",\"@id\":\"https:\\\/\\\/pulso27.com\\\/en\\\/#\\\/schema\\\/person\\\/d20fd7f5bc7f2e53fd150d43fca07a78\"},\"headline\":\"Venezuela activa \u00abdefensa total\u00bb ante amenaza de invasi\u00f3n de EE.UU.\",\"datePublished\":\"2025-11-14T03:02:20+00:00\",\"dateModified\":\"2025-11-14T03:35:35+00:00\",\"mainEntityOfPage\":{\"@id\":\"https:\\\/\\\/pulso27.com\\\/internacional\\\/venezuela-activa-defensa-total-ante-amenaza-de-invasion-de-ee-uu\\\/\"},\"wordCount\":351,\"commentCount\":0,\"publisher\":{\"@id\":\"https:\\\/\\\/pulso27.com\\\/en\\\/#organization\"},\"image\":{\"@id\":\"https:\\\/\\\/pulso27.com\\\/internacional\\\/venezuela-activa-defensa-total-ante-amenaza-de-invasion-de-ee-uu\\\/#primaryimage\"},\"thumbnailUrl\":\"https:\\\/\\\/pulso27.com\\\/wp-content\\\/uploads\\\/2025\\\/11\\\/Venezuelaa.png\",\"keywords\":[\"Donald Trump\",\"EEUU\",\"Venezuela\"],\"articleSection\":[\"Actualidad\",\"Internacional\",\"Miner\u00eda\",\"Tendencia\"],\"inLanguage\":\"en-US\",\"potentialAction\":[{\"@type\":\"CommentAction\",\"name\":\"Comment\",\"target\":[\"https:\\\/\\\/pulso27.com\\\/internacional\\\/venezuela-activa-defensa-total-ante-amenaza-de-invasion-de-ee-uu\\\/#respond\"]}]},{\"@type\":\"WebPage\",\"@id\":\"https:\\\/\\\/pulso27.com\\\/internacional\\\/venezuela-activa-defensa-total-ante-amenaza-de-invasion-de-ee-uu\\\/\",\"url\":\"https:\\\/\\\/pulso27.com\\\/internacional\\\/venezuela-activa-defensa-total-ante-amenaza-de-invasion-de-ee-uu\\\/\",\"name\":\"Venezuela activa \\\"defensa total\\\" ante amenaza de invasi\u00f3n de EE.UU. - Pulso27\",\"isPartOf\":{\"@id\":\"https:\\\/\\\/pulso27.com\\\/en\\\/#website\"},\"primaryImageOfPage\":{\"@id\":\"https:\\\/\\\/pulso27.com\\\/internacional\\\/venezuela-activa-defensa-total-ante-amenaza-de-invasion-de-ee-uu\\\/#primaryimage\"},\"image\":{\"@id\":\"https:\\\/\\\/pulso27.com\\\/internacional\\\/venezuela-activa-defensa-total-ante-amenaza-de-invasion-de-ee-uu\\\/#primaryimage\"},\"thumbnailUrl\":\"https:\\\/\\\/pulso27.com\\\/wp-content\\\/uploads\\\/2025\\\/11\\\/Venezuelaa.png\",\"datePublished\":\"2025-11-14T03:02:20+00:00\",\"dateModified\":\"2025-11-14T03:35:35+00:00\",\"breadcrumb\":{\"@id\":\"https:\\\/\\\/pulso27.com\\\/internacional\\\/venezuela-activa-defensa-total-ante-amenaza-de-invasion-de-ee-uu\\\/#breadcrumb\"},\"inLanguage\":\"en-US\",\"potentialAction\":[{\"@type\":\"ReadAction\",\"target\":[\"https:\\\/\\\/pulso27.com\\\/internacional\\\/venezuela-activa-defensa-total-ante-amenaza-de-invasion-de-ee-uu\\\/\"]}]},{\"@type\":\"ImageObject\",\"inLanguage\":\"en-US\",\"@id\":\"https:\\\/\\\/pulso27.com\\\/internacional\\\/venezuela-activa-defensa-total-ante-amenaza-de-invasion-de-ee-uu\\\/#primaryimage\",\"url\":\"https:\\\/\\\/pulso27.com\\\/wp-content\\\/uploads\\\/2025\\\/11\\\/Venezuelaa.png\",\"contentUrl\":\"https:\\\/\\\/pulso27.com\\\/wp-content\\\/uploads\\\/2025\\\/11\\\/Venezuelaa.png\",\"width\":1200,\"height\":800},{\"@type\":\"BreadcrumbList\",\"@id\":\"https:\\\/\\\/pulso27.com\\\/internacional\\\/venezuela-activa-defensa-total-ante-amenaza-de-invasion-de-ee-uu\\\/#breadcrumb\",\"itemListElement\":[{\"@type\":\"ListItem\",\"position\":1,\"name\":\"Portada\",\"item\":\"https:\\\/\\\/pulso27.com\\\/\"},{\"@type\":\"ListItem\",\"position\":2,\"name\":\"Venezuela activa \u00abdefensa total\u00bb ante amenaza de invasi\u00f3n de EE.UU.\"}]},{\"@type\":\"WebSite\",\"@id\":\"https:\\\/\\\/pulso27.com\\\/en\\\/#website\",\"url\":\"https:\\\/\\\/pulso27.com\\\/en\\\/\",\"name\":\"Pulso27\",\"description\":\"Web de noticias y publicidad\",\"publisher\":{\"@id\":\"https:\\\/\\\/pulso27.com\\\/en\\\/#organization\"},\"alternateName\":\"El pulso del pueblo\",\"potentialAction\":[{\"@type\":\"SearchAction\",\"target\":{\"@type\":\"EntryPoint\",\"urlTemplate\":\"https:\\\/\\\/pulso27.com\\\/en\\\/?s={search_term_string}\"},\"query-input\":{\"@type\":\"PropertyValueSpecification\",\"valueRequired\":true,\"valueName\":\"search_term_string\"}}],\"inLanguage\":\"en-US\"},{\"@type\":\"Organization\",\"@id\":\"https:\\\/\\\/pulso27.com\\\/en\\\/#organization\",\"name\":\"Pulso27\",\"url\":\"https:\\\/\\\/pulso27.com\\\/en\\\/\",\"logo\":{\"@type\":\"ImageObject\",\"inLanguage\":\"en-US\",\"@id\":\"https:\\\/\\\/pulso27.com\\\/en\\\/#\\\/schema\\\/logo\\\/image\\\/\",\"url\":\"https:\\\/\\\/pulso27.com\\\/wp-content\\\/uploads\\\/2026\\\/02\\\/Logotipo-de-la-organizacion-696-x-696-px-ok.png\",\"contentUrl\":\"https:\\\/\\\/pulso27.com\\\/wp-content\\\/uploads\\\/2026\\\/02\\\/Logotipo-de-la-organizacion-696-x-696-px-ok.png\",\"width\":696,\"height\":696,\"caption\":\"Pulso27\"},\"image\":{\"@id\":\"https:\\\/\\\/pulso27.com\\\/en\\\/#\\\/schema\\\/logo\\\/image\\\/\"},\"sameAs\":[\"https:\\\/\\\/www.facebook.com\\\/pulso27\\\/\",\"https:\\\/\\\/x.com\\\/Pulso_27\",\"https:\\\/\\\/www.youtube.com\\\/@Pulso27\",\"https:\\\/\\\/www.tiktok.com\\\/@pulso_27\"]},{\"@type\":\"Person\",\"@id\":\"https:\\\/\\\/pulso27.com\\\/en\\\/#\\\/schema\\\/person\\\/d20fd7f5bc7f2e53fd150d43fca07a78\",\"name\":\"Tupaq\",\"image\":{\"@type\":\"ImageObject\",\"inLanguage\":\"en-US\",\"@id\":\"https:\\\/\\\/secure.gravatar.com\\\/avatar\\\/7929e9b034aeea560319a601e4f04c59eb5f45a79eafe192adabb67e9604e7e7?s=96&d=mm&r=g\",\"url\":\"https:\\\/\\\/secure.gravatar.com\\\/avatar\\\/7929e9b034aeea560319a601e4f04c59eb5f45a79eafe192adabb67e9604e7e7?s=96&d=mm&r=g\",\"contentUrl\":\"https:\\\/\\\/secure.gravatar.com\\\/avatar\\\/7929e9b034aeea560319a601e4f04c59eb5f45a79eafe192adabb67e9604e7e7?s=96&d=mm&r=g\",\"caption\":\"Tupaq\"},\"url\":\"https:\\\/\\\/pulso27.com\\\/en\\\/author\\\/tupaq\\\/\"}]}<\/script>\n<!-- \/ Yoast SEO plugin. -->","yoast_head_json":{"title":"Venezuela activa \"defensa total\" ante amenaza de invasi\u00f3n de EE.UU. - Pulso27","robots":{"index":"index","follow":"follow","max-snippet":"max-snippet:-1","max-image-preview":"max-image-preview:large","max-video-preview":"max-video-preview:-1"},"canonical":"https:\/\/pulso27.com\/en\/internacional\/venezuela-activa-defensa-total-ante-amenaza-de-invasion-de-ee-uu\/","og_locale":"en_US","og_type":"article","og_title":"Venezuela activa \"defensa total\" ante amenaza de invasi\u00f3n de EE.UU. - Pulso27","og_description":"Lima, 13 de noviembre de 2025 \u2013 Venezuela ha activado una \u00abdefensa total\u00bb con el despliegue de 200.000 efectivos militares en respuesta a la creciente presencia de fuerzas estadounidenses en el mar Caribe. Bajo el Plan Independencia 200, anunciado el 11 de noviembre, Caracas puso en m\u00e1xima alerta a la Fuerza Armada Nacional Bolivariana (FANB), [&hellip;]","og_url":"https:\/\/pulso27.com\/en\/internacional\/venezuela-activa-defensa-total-ante-amenaza-de-invasion-de-ee-uu\/","og_site_name":"Pulso27","article_publisher":"https:\/\/www.facebook.com\/pulso27\/","article_published_time":"2025-11-14T03:02:20+00:00","article_modified_time":"2025-11-14T03:35:35+00:00","og_image":[{"width":1200,"height":800,"url":"https:\/\/pulso27.com\/wp-content\/uploads\/2025\/11\/Venezuelaa.png","type":"image\/png"}],"author":"Tupaq","twitter_card":"summary_large_image","twitter_creator":"@Pulso_27","twitter_site":"@Pulso_27","twitter_misc":{"Written by":"Tupaq","Est. reading time":"2 minutes"},"schema":{"@context":"https:\/\/schema.org","@graph":[{"@type":"Article","@id":"https:\/\/pulso27.com\/internacional\/venezuela-activa-defensa-total-ante-amenaza-de-invasion-de-ee-uu\/#article","isPartOf":{"@id":"https:\/\/pulso27.com\/internacional\/venezuela-activa-defensa-total-ante-amenaza-de-invasion-de-ee-uu\/"},"author":{"name":"Tupaq","@id":"https:\/\/pulso27.com\/en\/#\/schema\/person\/d20fd7f5bc7f2e53fd150d43fca07a78"},"headline":"Venezuela activa \u00abdefensa total\u00bb ante amenaza de invasi\u00f3n de EE.UU.","datePublished":"2025-11-14T03:02:20+00:00","dateModified":"2025-11-14T03:35:35+00:00","mainEntityOfPage":{"@id":"https:\/\/pulso27.com\/internacional\/venezuela-activa-defensa-total-ante-amenaza-de-invasion-de-ee-uu\/"},"wordCount":351,"commentCount":0,"publisher":{"@id":"https:\/\/pulso27.com\/en\/#organization"},"image":{"@id":"https:\/\/pulso27.com\/internacional\/venezuela-activa-defensa-total-ante-amenaza-de-invasion-de-ee-uu\/#primaryimage"},"thumbnailUrl":"https:\/\/pulso27.com\/wp-content\/uploads\/2025\/11\/Venezuelaa.png","keywords":["Donald Trump","EEUU","Venezuela"],"articleSection":["Actualidad","Internacional","Miner\u00eda","Tendencia"],"inLanguage":"en-US","potentialAction":[{"@type":"CommentAction","name":"Comment","target":["https:\/\/pulso27.com\/internacional\/venezuela-activa-defensa-total-ante-amenaza-de-invasion-de-ee-uu\/#respond"]}]},{"@type":"WebPage","@id":"https:\/\/pulso27.com\/internacional\/venezuela-activa-defensa-total-ante-amenaza-de-invasion-de-ee-uu\/","url":"https:\/\/pulso27.com\/internacional\/venezuela-activa-defensa-total-ante-amenaza-de-invasion-de-ee-uu\/","name":"Venezuela activa \"defensa total\" ante amenaza de invasi\u00f3n de EE.UU. - Pulso27","isPartOf":{"@id":"https:\/\/pulso27.com\/en\/#website"},"primaryImageOfPage":{"@id":"https:\/\/pulso27.com\/internacional\/venezuela-activa-defensa-total-ante-amenaza-de-invasion-de-ee-uu\/#primaryimage"},"image":{"@id":"https:\/\/pulso27.com\/internacional\/venezuela-activa-defensa-total-ante-amenaza-de-invasion-de-ee-uu\/#primaryimage"},"thumbnailUrl":"https:\/\/pulso27.com\/wp-content\/uploads\/2025\/11\/Venezuelaa.png","datePublished":"2025-11-14T03:02:20+00:00","dateModified":"2025-11-14T03:35:35+00:00","breadcrumb":{"@id":"https:\/\/pulso27.com\/internacional\/venezuela-activa-defensa-total-ante-amenaza-de-invasion-de-ee-uu\/#breadcrumb"},"inLanguage":"en-US","potentialAction":[{"@type":"ReadAction","target":["https:\/\/pulso27.com\/internacional\/venezuela-activa-defensa-total-ante-amenaza-de-invasion-de-ee-uu\/"]}]},{"@type":"ImageObject","inLanguage":"en-US","@id":"https:\/\/pulso27.com\/internacional\/venezuela-activa-defensa-total-ante-amenaza-de-invasion-de-ee-uu\/#primaryimage","url":"https:\/\/pulso27.com\/wp-content\/uploads\/2025\/11\/Venezuelaa.png","contentUrl":"https:\/\/pulso27.com\/wp-content\/uploads\/2025\/11\/Venezuelaa.png","width":1200,"height":800},{"@type":"BreadcrumbList","@id":"https:\/\/pulso27.com\/internacional\/venezuela-activa-defensa-total-ante-amenaza-de-invasion-de-ee-uu\/#breadcrumb","itemListElement":[{"@type":"ListItem","position":1,"name":"Portada","item":"https:\/\/pulso27.com\/"},{"@type":"ListItem","position":2,"name":"Venezuela activa \u00abdefensa total\u00bb ante amenaza de invasi\u00f3n de EE.UU."}]},{"@type":"WebSite","@id":"https:\/\/pulso27.com\/en\/#website","url":"https:\/\/pulso27.com\/en\/","name":"Pulso27","description":"Web de noticias y publicidad","publisher":{"@id":"https:\/\/pulso27.com\/en\/#organization"},"alternateName":"El pulso del pueblo","potentialAction":[{"@type":"SearchAction","target":{"@type":"EntryPoint","urlTemplate":"https:\/\/pulso27.com\/en\/?s={search_term_string}"},"query-input":{"@type":"PropertyValueSpecification","valueRequired":true,"valueName":"search_term_string"}}],"inLanguage":"en-US"},{"@type":"Organization","@id":"https:\/\/pulso27.com\/en\/#organization","name":"Pulso27","url":"https:\/\/pulso27.com\/en\/","logo":{"@type":"ImageObject","inLanguage":"en-US","@id":"https:\/\/pulso27.com\/en\/#\/schema\/logo\/image\/","url":"https:\/\/pulso27.com\/wp-content\/uploads\/2026\/02\/Logotipo-de-la-organizacion-696-x-696-px-ok.png","contentUrl":"https:\/\/pulso27.com\/wp-content\/uploads\/2026\/02\/Logotipo-de-la-organizacion-696-x-696-px-ok.png","width":696,"height":696,"caption":"Pulso27"},"image":{"@id":"https:\/\/pulso27.com\/en\/#\/schema\/logo\/image\/"},"sameAs":["https:\/\/www.facebook.com\/pulso27\/","https:\/\/x.com\/Pulso_27","https:\/\/www.youtube.com\/@Pulso27","https:\/\/www.tiktok.com\/@pulso_27"]},{"@type":"Person","@id":"https:\/\/pulso27.com\/en\/#\/schema\/person\/d20fd7f5bc7f2e53fd150d43fca07a78","name":"Tupaq","image":{"@type":"ImageObject","inLanguage":"en-US","@id":"https:\/\/secure.gravatar.com\/avatar\/7929e9b034aeea560319a601e4f04c59eb5f45a79eafe192adabb67e9604e7e7?s=96&d=mm&r=g","url":"https:\/\/secure.gravatar.com\/avatar\/7929e9b034aeea560319a601e4f04c59eb5f45a79eafe192adabb67e9604e7e7?s=96&d=mm&r=g","contentUrl":"https:\/\/secure.gravatar.com\/avatar\/7929e9b034aeea560319a601e4f04c59eb5f45a79eafe192adabb67e9604e7e7?s=96&d=mm&r=g","caption":"Tupaq"},"url":"https:\/\/pulso27.com\/en\/author\/tupaq\/"}]}},"amp_enabled":true,"_links":{"self":[{"href":"https:\/\/pulso27.com\/en\/wp-json\/wp\/v2\/posts\/6851","targetHints":{"allow":["GET"]}}],"collection":[{"href":"https:\/\/pulso27.com\/en\/wp-json\/wp\/v2\/posts"}],"about":[{"href":"https:\/\/pulso27.com\/en\/wp-json\/wp\/v2\/types\/post"}],"author":[{"embeddable":true,"href":"https:\/\/pulso27.com\/en\/wp-json\/wp\/v2\/users\/7"}],"replies":[{"embeddable":true,"href":"https:\/\/pulso27.com\/en\/wp-json\/wp\/v2\/comments?post=6851"}],"version-history":[{"count":1,"href":"https:\/\/pulso27.com\/en\/wp-json\/wp\/v2\/posts\/6851\/revisions"}],"predecessor-version":[{"id":6856,"href":"https:\/\/pulso27.com\/en\/wp-json\/wp\/v2\/posts\/6851\/revisions\/6856"}],"wp:featuredmedia":[{"embeddable":true,"href":"https:\/\/pulso27.com\/en\/wp-json\/wp\/v2\/media\/6852"}],"wp:attachment":[{"href":"https:\/\/pulso27.com\/en\/wp-json\/wp\/v2\/media?parent=6851"}],"wp:term":[{"taxonomy":"category","embeddable":true,"href":"https:\/\/pulso27.com\/en\/wp-json\/wp\/v2\/categories?post=6851"},{"taxonomy":"post_tag","embeddable":true,"href":"https:\/\/pulso27.com\/en\/wp-json\/wp\/v2\/tags?post=6851"}],"curies":[{"name":"wp","href":"https:\/\/api.w.org\/{rel}","templated":true}]}}