{"id":6980,"date":"2025-11-30T08:25:05","date_gmt":"2025-11-30T03:25:05","guid":{"rendered":"https:\/\/pulso27.com\/?p=6980"},"modified":"2025-11-30T08:25:10","modified_gmt":"2025-11-30T03:25:10","slug":"congreso-aprueba-presupuesto-2026-con-recortes-reales-en-educacion-salud-alimentacion-y-vivienda-publica","status":"publish","type":"post","link":"https:\/\/pulso27.com\/en\/actualidad\/congreso-aprueba-presupuesto-2026-con-recortes-reales-en-educacion-salud-alimentacion-y-vivienda-publica\/","title":{"rendered":"Congreso aprueba Presupuesto 2026 con recortes reales en educaci\u00f3n, salud, alimentaci\u00f3n y vivienda p\u00fablica"},"content":{"rendered":"<p>Lima, 28 de noviembre de 2025 \u2013 En una sesi\u00f3n que se extendi\u00f3 hasta altas horas de la madrugada, el Pleno del Congreso de la Rep\u00fablica aprob\u00f3 por 100 votos a favor, 12 en contra y una abstenci\u00f3n la Ley de Presupuesto del Sector P\u00fablico para el A\u00f1o Fiscal 2026, seg\u00fan el dictamen del Proyecto de Ley N\u00b0 12255\/2025-PE remitido por el Ministerio de Econom\u00eda y Finanzas (MEF). El monto total asciende a S\/ 257.561.619.143, lo que representa un incremento nominal del 2,3% (S\/ 5.761 millones) respecto al presupuesto inicial de 2025, pero que, al descontar la inflaci\u00f3n proyectada del 2,5%, implica una contracci\u00f3n real en sectores clave. Especialistas del Instituto Peruano de Econom\u00eda (IPE) y la Defensor\u00eda del Pueblo advierten que esta asignaci\u00f3n perpet\u00faa brechas sociales, afectando a m\u00e1s de 10 millones de peruanos en pobreza multidimensional, con un \u00e9nfasis desproporcionado en gasto corriente (70% del total) sobre inversi\u00f3n social.<\/p>\n\n\n\n<p>De acuerdo con los datos oficiales del MEF incorporados al dictamen aprobado, el sector educaci\u00f3n recibe S\/ 38.200 millones, equivalente al 14,8% del presupuesto total y un crecimiento nominal del 2,5%, pero con una reducci\u00f3n real del 0,2% tras inflaci\u00f3n. El programa Beca 18 y Pronabec solo obtendr\u00e1n S\/ 50 millones adicionales de los S\/ 700 millones solicitados, obligando al Ministerio de Educaci\u00f3n a reasignar fondos internos para sostener becas existentes, seg\u00fan la disposici\u00f3n transitoria aprobada. En salud, los S\/ 22.500 millones asignados marcan un incremento nominal del 3,1%, pero una ca\u00edda real del 0,4%, insuficiente para el nombramiento progresivo de 50.000 trabajadores ex CAS-COVID ni para reducir listas de espera en hospitales p\u00fablicos, que superan los 1,2 millones de atenciones pendientes. Estos montos, detallados en el Anexo del Presupuesto P\u00fablico publicado por el MEF, priorizan atenci\u00f3n primaria, pero ignoran la subejecuci\u00f3n hist\u00f3rica del 25% en regiones rurales.<\/p>\n\n\n\n<p>Los programas de alimentaci\u00f3n y vivienda p\u00fablica tampoco escapan al ajuste: Qali Warma y comedores populares mantienen S\/ 1.800 millones sin aumento real, dejando sin desayuno garantizado a 4 millones de ni\u00f1os en zonas vulnerables, mientras el Fondo MIVIVIENDA y Techo Propio se congelan en S\/ 980 millones, un 0% de crecimiento nominal que no cubre la demanda de 500.000 familias en hacinamiento. Organizaciones como Unicef Per\u00fa y el Consejo Nacional de Decanos de Colegios Profesionales tildan este presupuesto de \u00abel m\u00e1s regresivo en una d\u00e9cada\u00bb, con la directora de Unicef, Delicia Ferrando, alertando: \u00abSe destinan fortunas a infraestructura vial, pero millones de peruanos seguir\u00e1n sin acceso b\u00e1sico a salud o un techo digno\u00bb. El MEF estima que estas brechas, donde el 56% de la poblaci\u00f3n rural carece de agua potable y el 40% vive en viviendas informales, se agravar\u00e1n en un a\u00f1o electoral como 2026, exigiendo observaciones ejecutivas para redirigir al menos el 5% del gasto corriente hacia inversi\u00f3n social.<\/p>","protected":false},"excerpt":{"rendered":"<p>Lima, 28 de noviembre de 2025 \u2013 En una sesi\u00f3n que se extendi\u00f3 hasta altas horas de la madrugada, el Pleno del Congreso de la Rep\u00fablica aprob\u00f3 por 100 votos a favor, 12 en contra y una abstenci\u00f3n la Ley de Presupuesto del Sector P\u00fablico para el A\u00f1o Fiscal 2026, seg\u00fan el dictamen del Proyecto [&hellip;]<\/p>\n","protected":false},"author":13,"featured_media":6982,"comment_status":"open","ping_status":"open","sticky":false,"template":"","format":"standard","meta":{"footnotes":""},"categories":[183,177,174,1852],"tags":[2545,2618],"class_list":["post-6980","post","type-post","status-publish","format-standard","has-post-thumbnail","hentry","category-actualidad","category-economia","category-nacional","category-tendencia","tag-congreso-de-peru","tag-presupuesto-2026"],"yoast_head":"<!-- This site is optimized with the Yoast SEO plugin v27.4 - https:\/\/yoast.com\/product\/yoast-seo-wordpress\/ -->\n<title>Congreso aprueba Presupuesto 2026 con recortes reales en educaci\u00f3n, salud, alimentaci\u00f3n y vivienda p\u00fablica - Pulso27<\/title>\n<meta name=\"robots\" content=\"index, follow, max-snippet:-1, max-image-preview:large, max-video-preview:-1\" \/>\n<link rel=\"canonical\" href=\"https:\/\/pulso27.com\/en\/actualidad\/congreso-aprueba-presupuesto-2026-con-recortes-reales-en-educacion-salud-alimentacion-y-vivienda-publica\/\" \/>\n<meta property=\"og:locale\" content=\"en_US\" \/>\n<meta property=\"og:type\" content=\"article\" \/>\n<meta property=\"og:title\" content=\"Congreso aprueba Presupuesto 2026 con recortes reales en educaci\u00f3n, salud, alimentaci\u00f3n y vivienda p\u00fablica - Pulso27\" \/>\n<meta property=\"og:description\" content=\"Lima, 28 de noviembre de 2025 \u2013 En una sesi\u00f3n que se extendi\u00f3 hasta altas horas de la madrugada, el Pleno del Congreso de la Rep\u00fablica aprob\u00f3 por 100 votos a favor, 12 en contra y una abstenci\u00f3n la Ley de Presupuesto del Sector P\u00fablico para el A\u00f1o Fiscal 2026, seg\u00fan el dictamen del Proyecto [&hellip;]\" \/>\n<meta property=\"og:url\" content=\"https:\/\/pulso27.com\/en\/actualidad\/congreso-aprueba-presupuesto-2026-con-recortes-reales-en-educacion-salud-alimentacion-y-vivienda-publica\/\" \/>\n<meta property=\"og:site_name\" content=\"Pulso27\" \/>\n<meta property=\"article:publisher\" content=\"https:\/\/www.facebook.com\/pulso27\/\" \/>\n<meta property=\"article:published_time\" content=\"2025-11-30T03:25:05+00:00\" \/>\n<meta property=\"article:modified_time\" content=\"2025-11-30T03:25:10+00:00\" \/>\n<meta property=\"og:image\" content=\"https:\/\/pulso27.com\/wp-content\/uploads\/2025\/11\/Congresos.png\" \/>\n\t<meta property=\"og:image:width\" content=\"1200\" \/>\n\t<meta property=\"og:image:height\" content=\"800\" \/>\n\t<meta property=\"og:image:type\" content=\"image\/png\" \/>\n<meta name=\"author\" content=\"Redactor\" \/>\n<meta name=\"twitter:card\" content=\"summary_large_image\" \/>\n<meta name=\"twitter:creator\" content=\"@Pulso_27\" \/>\n<meta name=\"twitter:site\" content=\"@Pulso_27\" \/>\n<meta name=\"twitter:label1\" content=\"Written by\" \/>\n\t<meta name=\"twitter:data1\" content=\"Redactor\" \/>\n\t<meta name=\"twitter:label2\" content=\"Est. reading time\" \/>\n\t<meta name=\"twitter:data2\" content=\"3 minutes\" \/>\n<script type=\"application\/ld+json\" class=\"yoast-schema-graph\">{\"@context\":\"https:\\\/\\\/schema.org\",\"@graph\":[{\"@type\":\"Article\",\"@id\":\"https:\\\/\\\/pulso27.com\\\/actualidad\\\/congreso-aprueba-presupuesto-2026-con-recortes-reales-en-educacion-salud-alimentacion-y-vivienda-publica\\\/#article\",\"isPartOf\":{\"@id\":\"https:\\\/\\\/pulso27.com\\\/actualidad\\\/congreso-aprueba-presupuesto-2026-con-recortes-reales-en-educacion-salud-alimentacion-y-vivienda-publica\\\/\"},\"author\":{\"name\":\"Redactor\",\"@id\":\"https:\\\/\\\/pulso27.com\\\/en\\\/#\\\/schema\\\/person\\\/bf5ee161e6c87f6c7d57f5e689ef8526\"},\"headline\":\"Congreso aprueba Presupuesto 2026 con recortes reales en educaci\u00f3n, salud, alimentaci\u00f3n y vivienda p\u00fablica\",\"datePublished\":\"2025-11-30T03:25:05+00:00\",\"dateModified\":\"2025-11-30T03:25:10+00:00\",\"mainEntityOfPage\":{\"@id\":\"https:\\\/\\\/pulso27.com\\\/actualidad\\\/congreso-aprueba-presupuesto-2026-con-recortes-reales-en-educacion-salud-alimentacion-y-vivienda-publica\\\/\"},\"wordCount\":480,\"commentCount\":0,\"publisher\":{\"@id\":\"https:\\\/\\\/pulso27.com\\\/en\\\/#organization\"},\"image\":{\"@id\":\"https:\\\/\\\/pulso27.com\\\/actualidad\\\/congreso-aprueba-presupuesto-2026-con-recortes-reales-en-educacion-salud-alimentacion-y-vivienda-publica\\\/#primaryimage\"},\"thumbnailUrl\":\"https:\\\/\\\/pulso27.com\\\/wp-content\\\/uploads\\\/2025\\\/11\\\/Congresos.png\",\"keywords\":[\"Congreso de Per\u00fa\",\"Presupuesto 2026\"],\"articleSection\":[\"Actualidad\",\"Econom\u00eda\",\"Nacional\",\"Tendencia\"],\"inLanguage\":\"en-US\",\"potentialAction\":[{\"@type\":\"CommentAction\",\"name\":\"Comment\",\"target\":[\"https:\\\/\\\/pulso27.com\\\/actualidad\\\/congreso-aprueba-presupuesto-2026-con-recortes-reales-en-educacion-salud-alimentacion-y-vivienda-publica\\\/#respond\"]}]},{\"@type\":\"WebPage\",\"@id\":\"https:\\\/\\\/pulso27.com\\\/actualidad\\\/congreso-aprueba-presupuesto-2026-con-recortes-reales-en-educacion-salud-alimentacion-y-vivienda-publica\\\/\",\"url\":\"https:\\\/\\\/pulso27.com\\\/actualidad\\\/congreso-aprueba-presupuesto-2026-con-recortes-reales-en-educacion-salud-alimentacion-y-vivienda-publica\\\/\",\"name\":\"Congreso aprueba Presupuesto 2026 con recortes reales en educaci\u00f3n, salud, alimentaci\u00f3n y vivienda p\u00fablica - Pulso27\",\"isPartOf\":{\"@id\":\"https:\\\/\\\/pulso27.com\\\/en\\\/#website\"},\"primaryImageOfPage\":{\"@id\":\"https:\\\/\\\/pulso27.com\\\/actualidad\\\/congreso-aprueba-presupuesto-2026-con-recortes-reales-en-educacion-salud-alimentacion-y-vivienda-publica\\\/#primaryimage\"},\"image\":{\"@id\":\"https:\\\/\\\/pulso27.com\\\/actualidad\\\/congreso-aprueba-presupuesto-2026-con-recortes-reales-en-educacion-salud-alimentacion-y-vivienda-publica\\\/#primaryimage\"},\"thumbnailUrl\":\"https:\\\/\\\/pulso27.com\\\/wp-content\\\/uploads\\\/2025\\\/11\\\/Congresos.png\",\"datePublished\":\"2025-11-30T03:25:05+00:00\",\"dateModified\":\"2025-11-30T03:25:10+00:00\",\"breadcrumb\":{\"@id\":\"https:\\\/\\\/pulso27.com\\\/actualidad\\\/congreso-aprueba-presupuesto-2026-con-recortes-reales-en-educacion-salud-alimentacion-y-vivienda-publica\\\/#breadcrumb\"},\"inLanguage\":\"en-US\",\"potentialAction\":[{\"@type\":\"ReadAction\",\"target\":[\"https:\\\/\\\/pulso27.com\\\/actualidad\\\/congreso-aprueba-presupuesto-2026-con-recortes-reales-en-educacion-salud-alimentacion-y-vivienda-publica\\\/\"]}]},{\"@type\":\"ImageObject\",\"inLanguage\":\"en-US\",\"@id\":\"https:\\\/\\\/pulso27.com\\\/actualidad\\\/congreso-aprueba-presupuesto-2026-con-recortes-reales-en-educacion-salud-alimentacion-y-vivienda-publica\\\/#primaryimage\",\"url\":\"https:\\\/\\\/pulso27.com\\\/wp-content\\\/uploads\\\/2025\\\/11\\\/Congresos.png\",\"contentUrl\":\"https:\\\/\\\/pulso27.com\\\/wp-content\\\/uploads\\\/2025\\\/11\\\/Congresos.png\",\"width\":1200,\"height\":800},{\"@type\":\"BreadcrumbList\",\"@id\":\"https:\\\/\\\/pulso27.com\\\/actualidad\\\/congreso-aprueba-presupuesto-2026-con-recortes-reales-en-educacion-salud-alimentacion-y-vivienda-publica\\\/#breadcrumb\",\"itemListElement\":[{\"@type\":\"ListItem\",\"position\":1,\"name\":\"Portada\",\"item\":\"https:\\\/\\\/pulso27.com\\\/\"},{\"@type\":\"ListItem\",\"position\":2,\"name\":\"Congreso aprueba Presupuesto 2026 con recortes reales en educaci\u00f3n, salud, alimentaci\u00f3n y vivienda p\u00fablica\"}]},{\"@type\":\"WebSite\",\"@id\":\"https:\\\/\\\/pulso27.com\\\/en\\\/#website\",\"url\":\"https:\\\/\\\/pulso27.com\\\/en\\\/\",\"name\":\"Pulso27\",\"description\":\"Web de noticias y publicidad\",\"publisher\":{\"@id\":\"https:\\\/\\\/pulso27.com\\\/en\\\/#organization\"},\"alternateName\":\"El pulso del pueblo\",\"potentialAction\":[{\"@type\":\"SearchAction\",\"target\":{\"@type\":\"EntryPoint\",\"urlTemplate\":\"https:\\\/\\\/pulso27.com\\\/en\\\/?s={search_term_string}\"},\"query-input\":{\"@type\":\"PropertyValueSpecification\",\"valueRequired\":true,\"valueName\":\"search_term_string\"}}],\"inLanguage\":\"en-US\"},{\"@type\":\"Organization\",\"@id\":\"https:\\\/\\\/pulso27.com\\\/en\\\/#organization\",\"name\":\"Pulso27\",\"url\":\"https:\\\/\\\/pulso27.com\\\/en\\\/\",\"logo\":{\"@type\":\"ImageObject\",\"inLanguage\":\"en-US\",\"@id\":\"https:\\\/\\\/pulso27.com\\\/en\\\/#\\\/schema\\\/logo\\\/image\\\/\",\"url\":\"https:\\\/\\\/pulso27.com\\\/wp-content\\\/uploads\\\/2026\\\/02\\\/Logotipo-de-la-organizacion-696-x-696-px-ok.png\",\"contentUrl\":\"https:\\\/\\\/pulso27.com\\\/wp-content\\\/uploads\\\/2026\\\/02\\\/Logotipo-de-la-organizacion-696-x-696-px-ok.png\",\"width\":696,\"height\":696,\"caption\":\"Pulso27\"},\"image\":{\"@id\":\"https:\\\/\\\/pulso27.com\\\/en\\\/#\\\/schema\\\/logo\\\/image\\\/\"},\"sameAs\":[\"https:\\\/\\\/www.facebook.com\\\/pulso27\\\/\",\"https:\\\/\\\/x.com\\\/Pulso_27\",\"https:\\\/\\\/www.youtube.com\\\/@Pulso27\",\"https:\\\/\\\/www.tiktok.com\\\/@pulso_27\"]},{\"@type\":\"Person\",\"@id\":\"https:\\\/\\\/pulso27.com\\\/en\\\/#\\\/schema\\\/person\\\/bf5ee161e6c87f6c7d57f5e689ef8526\",\"name\":\"Redactor\",\"image\":{\"@type\":\"ImageObject\",\"inLanguage\":\"en-US\",\"@id\":\"https:\\\/\\\/pulso27.com\\\/wp-content\\\/uploads\\\/2025\\\/03\\\/a-150x150.png\",\"url\":\"https:\\\/\\\/pulso27.com\\\/wp-content\\\/uploads\\\/2025\\\/03\\\/a-150x150.png\",\"contentUrl\":\"https:\\\/\\\/pulso27.com\\\/wp-content\\\/uploads\\\/2025\\\/03\\\/a-150x150.png\",\"caption\":\"Redactor\"},\"sameAs\":[\"http:\\\/\\\/www.pulso27.com\"],\"url\":\"https:\\\/\\\/pulso27.com\\\/en\\\/author\\\/redactor\\\/\"}]}<\/script>\n<!-- \/ Yoast SEO plugin. -->","yoast_head_json":{"title":"Congreso aprueba Presupuesto 2026 con recortes reales en educaci\u00f3n, salud, alimentaci\u00f3n y vivienda p\u00fablica - Pulso27","robots":{"index":"index","follow":"follow","max-snippet":"max-snippet:-1","max-image-preview":"max-image-preview:large","max-video-preview":"max-video-preview:-1"},"canonical":"https:\/\/pulso27.com\/en\/actualidad\/congreso-aprueba-presupuesto-2026-con-recortes-reales-en-educacion-salud-alimentacion-y-vivienda-publica\/","og_locale":"en_US","og_type":"article","og_title":"Congreso aprueba Presupuesto 2026 con recortes reales en educaci\u00f3n, salud, alimentaci\u00f3n y vivienda p\u00fablica - Pulso27","og_description":"Lima, 28 de noviembre de 2025 \u2013 En una sesi\u00f3n que se extendi\u00f3 hasta altas horas de la madrugada, el Pleno del Congreso de la Rep\u00fablica aprob\u00f3 por 100 votos a favor, 12 en contra y una abstenci\u00f3n la Ley de Presupuesto del Sector P\u00fablico para el A\u00f1o Fiscal 2026, seg\u00fan el dictamen del Proyecto [&hellip;]","og_url":"https:\/\/pulso27.com\/en\/actualidad\/congreso-aprueba-presupuesto-2026-con-recortes-reales-en-educacion-salud-alimentacion-y-vivienda-publica\/","og_site_name":"Pulso27","article_publisher":"https:\/\/www.facebook.com\/pulso27\/","article_published_time":"2025-11-30T03:25:05+00:00","article_modified_time":"2025-11-30T03:25:10+00:00","og_image":[{"width":1200,"height":800,"url":"https:\/\/pulso27.com\/wp-content\/uploads\/2025\/11\/Congresos.png","type":"image\/png"}],"author":"Redactor","twitter_card":"summary_large_image","twitter_creator":"@Pulso_27","twitter_site":"@Pulso_27","twitter_misc":{"Written by":"Redactor","Est. reading time":"3 minutes"},"schema":{"@context":"https:\/\/schema.org","@graph":[{"@type":"Article","@id":"https:\/\/pulso27.com\/actualidad\/congreso-aprueba-presupuesto-2026-con-recortes-reales-en-educacion-salud-alimentacion-y-vivienda-publica\/#article","isPartOf":{"@id":"https:\/\/pulso27.com\/actualidad\/congreso-aprueba-presupuesto-2026-con-recortes-reales-en-educacion-salud-alimentacion-y-vivienda-publica\/"},"author":{"name":"Redactor","@id":"https:\/\/pulso27.com\/en\/#\/schema\/person\/bf5ee161e6c87f6c7d57f5e689ef8526"},"headline":"Congreso aprueba Presupuesto 2026 con recortes reales en educaci\u00f3n, salud, alimentaci\u00f3n y vivienda p\u00fablica","datePublished":"2025-11-30T03:25:05+00:00","dateModified":"2025-11-30T03:25:10+00:00","mainEntityOfPage":{"@id":"https:\/\/pulso27.com\/actualidad\/congreso-aprueba-presupuesto-2026-con-recortes-reales-en-educacion-salud-alimentacion-y-vivienda-publica\/"},"wordCount":480,"commentCount":0,"publisher":{"@id":"https:\/\/pulso27.com\/en\/#organization"},"image":{"@id":"https:\/\/pulso27.com\/actualidad\/congreso-aprueba-presupuesto-2026-con-recortes-reales-en-educacion-salud-alimentacion-y-vivienda-publica\/#primaryimage"},"thumbnailUrl":"https:\/\/pulso27.com\/wp-content\/uploads\/2025\/11\/Congresos.png","keywords":["Congreso de Per\u00fa","Presupuesto 2026"],"articleSection":["Actualidad","Econom\u00eda","Nacional","Tendencia"],"inLanguage":"en-US","potentialAction":[{"@type":"CommentAction","name":"Comment","target":["https:\/\/pulso27.com\/actualidad\/congreso-aprueba-presupuesto-2026-con-recortes-reales-en-educacion-salud-alimentacion-y-vivienda-publica\/#respond"]}]},{"@type":"WebPage","@id":"https:\/\/pulso27.com\/actualidad\/congreso-aprueba-presupuesto-2026-con-recortes-reales-en-educacion-salud-alimentacion-y-vivienda-publica\/","url":"https:\/\/pulso27.com\/actualidad\/congreso-aprueba-presupuesto-2026-con-recortes-reales-en-educacion-salud-alimentacion-y-vivienda-publica\/","name":"Congreso aprueba Presupuesto 2026 con recortes reales en educaci\u00f3n, salud, alimentaci\u00f3n y vivienda p\u00fablica - Pulso27","isPartOf":{"@id":"https:\/\/pulso27.com\/en\/#website"},"primaryImageOfPage":{"@id":"https:\/\/pulso27.com\/actualidad\/congreso-aprueba-presupuesto-2026-con-recortes-reales-en-educacion-salud-alimentacion-y-vivienda-publica\/#primaryimage"},"image":{"@id":"https:\/\/pulso27.com\/actualidad\/congreso-aprueba-presupuesto-2026-con-recortes-reales-en-educacion-salud-alimentacion-y-vivienda-publica\/#primaryimage"},"thumbnailUrl":"https:\/\/pulso27.com\/wp-content\/uploads\/2025\/11\/Congresos.png","datePublished":"2025-11-30T03:25:05+00:00","dateModified":"2025-11-30T03:25:10+00:00","breadcrumb":{"@id":"https:\/\/pulso27.com\/actualidad\/congreso-aprueba-presupuesto-2026-con-recortes-reales-en-educacion-salud-alimentacion-y-vivienda-publica\/#breadcrumb"},"inLanguage":"en-US","potentialAction":[{"@type":"ReadAction","target":["https:\/\/pulso27.com\/actualidad\/congreso-aprueba-presupuesto-2026-con-recortes-reales-en-educacion-salud-alimentacion-y-vivienda-publica\/"]}]},{"@type":"ImageObject","inLanguage":"en-US","@id":"https:\/\/pulso27.com\/actualidad\/congreso-aprueba-presupuesto-2026-con-recortes-reales-en-educacion-salud-alimentacion-y-vivienda-publica\/#primaryimage","url":"https:\/\/pulso27.com\/wp-content\/uploads\/2025\/11\/Congresos.png","contentUrl":"https:\/\/pulso27.com\/wp-content\/uploads\/2025\/11\/Congresos.png","width":1200,"height":800},{"@type":"BreadcrumbList","@id":"https:\/\/pulso27.com\/actualidad\/congreso-aprueba-presupuesto-2026-con-recortes-reales-en-educacion-salud-alimentacion-y-vivienda-publica\/#breadcrumb","itemListElement":[{"@type":"ListItem","position":1,"name":"Portada","item":"https:\/\/pulso27.com\/"},{"@type":"ListItem","position":2,"name":"Congreso aprueba Presupuesto 2026 con recortes reales en educaci\u00f3n, salud, alimentaci\u00f3n y vivienda p\u00fablica"}]},{"@type":"WebSite","@id":"https:\/\/pulso27.com\/en\/#website","url":"https:\/\/pulso27.com\/en\/","name":"Pulso27","description":"Web de noticias y publicidad","publisher":{"@id":"https:\/\/pulso27.com\/en\/#organization"},"alternateName":"El pulso del pueblo","potentialAction":[{"@type":"SearchAction","target":{"@type":"EntryPoint","urlTemplate":"https:\/\/pulso27.com\/en\/?s={search_term_string}"},"query-input":{"@type":"PropertyValueSpecification","valueRequired":true,"valueName":"search_term_string"}}],"inLanguage":"en-US"},{"@type":"Organization","@id":"https:\/\/pulso27.com\/en\/#organization","name":"Pulso27","url":"https:\/\/pulso27.com\/en\/","logo":{"@type":"ImageObject","inLanguage":"en-US","@id":"https:\/\/pulso27.com\/en\/#\/schema\/logo\/image\/","url":"https:\/\/pulso27.com\/wp-content\/uploads\/2026\/02\/Logotipo-de-la-organizacion-696-x-696-px-ok.png","contentUrl":"https:\/\/pulso27.com\/wp-content\/uploads\/2026\/02\/Logotipo-de-la-organizacion-696-x-696-px-ok.png","width":696,"height":696,"caption":"Pulso27"},"image":{"@id":"https:\/\/pulso27.com\/en\/#\/schema\/logo\/image\/"},"sameAs":["https:\/\/www.facebook.com\/pulso27\/","https:\/\/x.com\/Pulso_27","https:\/\/www.youtube.com\/@Pulso27","https:\/\/www.tiktok.com\/@pulso_27"]},{"@type":"Person","@id":"https:\/\/pulso27.com\/en\/#\/schema\/person\/bf5ee161e6c87f6c7d57f5e689ef8526","name":"Redactor","image":{"@type":"ImageObject","inLanguage":"en-US","@id":"https:\/\/pulso27.com\/wp-content\/uploads\/2025\/03\/a-150x150.png","url":"https:\/\/pulso27.com\/wp-content\/uploads\/2025\/03\/a-150x150.png","contentUrl":"https:\/\/pulso27.com\/wp-content\/uploads\/2025\/03\/a-150x150.png","caption":"Redactor"},"sameAs":["http:\/\/www.pulso27.com"],"url":"https:\/\/pulso27.com\/en\/author\/redactor\/"}]}},"amp_enabled":true,"_links":{"self":[{"href":"https:\/\/pulso27.com\/en\/wp-json\/wp\/v2\/posts\/6980","targetHints":{"allow":["GET"]}}],"collection":[{"href":"https:\/\/pulso27.com\/en\/wp-json\/wp\/v2\/posts"}],"about":[{"href":"https:\/\/pulso27.com\/en\/wp-json\/wp\/v2\/types\/post"}],"author":[{"embeddable":true,"href":"https:\/\/pulso27.com\/en\/wp-json\/wp\/v2\/users\/13"}],"replies":[{"embeddable":true,"href":"https:\/\/pulso27.com\/en\/wp-json\/wp\/v2\/comments?post=6980"}],"version-history":[{"count":1,"href":"https:\/\/pulso27.com\/en\/wp-json\/wp\/v2\/posts\/6980\/revisions"}],"predecessor-version":[{"id":6986,"href":"https:\/\/pulso27.com\/en\/wp-json\/wp\/v2\/posts\/6980\/revisions\/6986"}],"wp:featuredmedia":[{"embeddable":true,"href":"https:\/\/pulso27.com\/en\/wp-json\/wp\/v2\/media\/6982"}],"wp:attachment":[{"href":"https:\/\/pulso27.com\/en\/wp-json\/wp\/v2\/media?parent=6980"}],"wp:term":[{"taxonomy":"category","embeddable":true,"href":"https:\/\/pulso27.com\/en\/wp-json\/wp\/v2\/categories?post=6980"},{"taxonomy":"post_tag","embeddable":true,"href":"https:\/\/pulso27.com\/en\/wp-json\/wp\/v2\/tags?post=6980"}],"curies":[{"name":"wp","href":"https:\/\/api.w.org\/{rel}","templated":true}]}}