{"id":7016,"date":"2025-12-02T10:13:45","date_gmt":"2025-12-02T05:13:45","guid":{"rendered":"https:\/\/pulso27.com\/?p=7016"},"modified":"2025-12-02T10:13:50","modified_gmt":"2025-12-02T05:13:50","slug":"los-trabajadores-fantasmas-de-fuerza-popular-confirma-que-la-organizacion-de-keiko-fujimori-no-ha-cambiado-un-apice","status":"publish","type":"post","link":"https:\/\/pulso27.com\/en\/actualidad\/los-trabajadores-fantasmas-de-fuerza-popular-confirma-que-la-organizacion-de-keiko-fujimori-no-ha-cambiado-un-apice\/","title":{"rendered":"Los \u201ctrabajadores fantasmas\u201d de Fuerza Popular confirma que la organizaci\u00f3n de Keiko Fujimori no ha cambiado un \u00e1pice"},"content":{"rendered":"<p>Lima, 2 diciembre de 2025. \u2013 El reportaje de Cuarto Poder que mostr\u00f3 a empleados pagados con sueldo del Congreso cumpliendo funciones partidarias en la sede de Fuerza Popular en Santa Beatriz no es un hecho aislado: es la prueba m\u00e1s reciente de que el partido naranja sigue operando como una estructura dise\u00f1ada para delinquir con recursos del Estado. Carmela Paucar\u00e1, Jorge Llerena y Geraly Ulloa, todos con contratos de confianza y sueldos superiores a S\/ 3 500, fueron filmados coordinando actividades pol\u00edticas en horario laboral mientras deber\u00edan estar trabajando para el Parlamento, repitiendo el mismo modus operandi que en el pasado llev\u00f3 a Keiko Fujimori y a decenas de sus dirigentes a prisi\u00f3n por lavado de activos y organizaci\u00f3n criminal.<\/p>\n\n\n\n<p>La respuesta del fujimorismo fue la misma de siempre: cinismo y desprecio por la verdad. La congresista Auristela Obando primero neg\u00f3 conocer a su propio auxiliar Jorge Llerena y, horas despu\u00e9s, se retract\u00f3 con la excusa de que \u201cya se acord\u00f3\u201d. Luis Galarreta, secretario general del partido, justific\u00f3 el desfalco argumentando que \u201cel trabajo pol\u00edtico es trabajo congresal\u201d y que \u201cno recordar al comienzo no es culpa\u201d. Ni una palabra de autocr\u00edtica, ni una sola medida correctiva real; solo la arrogancia de quien sabe que controla la Mesa Directiva del Congreso y que, hasta ahora, la impunidad ha sido la norma.<\/p>\n\n\n\n<p>Veinte a\u00f1os despu\u00e9s de los vladivideos, diez a\u00f1os despu\u00e9s de los aportes falsos de Odebrecht y a cuatro meses de las elecciones 2026, Fuerza Popular demuestra que no ha aprendido nada ni pretende hacerlo. La organizaci\u00f3n que convirti\u00f3 al Estado en bot\u00edn familiar y partidario sigue intacta: los mismos rostros, los mismos m\u00e9todos y la misma vocaci\u00f3n delincuencial. Los peruanos ya no pueden seguir fingiendo sorpresa; solo queda decidir si en abril pr\u00f3ximo premiar\u00e1n nuevamente a quienes nunca dejaron de robarles.<\/p>","protected":false},"excerpt":{"rendered":"<p>Lima, 2 diciembre de 2025. \u2013 El reportaje de Cuarto Poder que mostr\u00f3 a empleados pagados con sueldo del Congreso cumpliendo funciones partidarias en la sede de Fuerza Popular en Santa Beatriz no es un hecho aislado: es la prueba m\u00e1s reciente de que el partido naranja sigue operando como una estructura dise\u00f1ada para delinquir [&hellip;]<\/p>\n","protected":false},"author":13,"featured_media":7017,"comment_status":"open","ping_status":"open","sticky":false,"template":"","format":"standard","meta":{"footnotes":""},"categories":[183,174,178,1852],"tags":[719,761,2628],"class_list":["post-7016","post","type-post","status-publish","format-standard","has-post-thumbnail","hentry","category-actualidad","category-nacional","category-policial","category-tendencia","tag-congreso-de-la-republica-2","tag-keiko-fujimori","tag-trabajadores-fantasmas"],"yoast_head":"<!-- This site is optimized with the Yoast SEO plugin v27.4 - https:\/\/yoast.com\/product\/yoast-seo-wordpress\/ -->\n<title>Los \u201ctrabajadores fantasmas\u201d de Fuerza Popular confirma que la organizaci\u00f3n de Keiko Fujimori no ha cambiado un \u00e1pice - Pulso27<\/title>\n<meta name=\"robots\" content=\"index, follow, max-snippet:-1, max-image-preview:large, max-video-preview:-1\" \/>\n<link rel=\"canonical\" href=\"https:\/\/pulso27.com\/en\/actualidad\/los-trabajadores-fantasmas-de-fuerza-popular-confirma-que-la-organizacion-de-keiko-fujimori-no-ha-cambiado-un-apice\/\" \/>\n<meta property=\"og:locale\" content=\"en_US\" \/>\n<meta property=\"og:type\" content=\"article\" \/>\n<meta property=\"og:title\" content=\"Los \u201ctrabajadores fantasmas\u201d de Fuerza Popular confirma que la organizaci\u00f3n de Keiko Fujimori no ha cambiado un \u00e1pice - Pulso27\" \/>\n<meta property=\"og:description\" content=\"Lima, 2 diciembre de 2025. \u2013 El reportaje de Cuarto Poder que mostr\u00f3 a empleados pagados con sueldo del Congreso cumpliendo funciones partidarias en la sede de Fuerza Popular en Santa Beatriz no es un hecho aislado: es la prueba m\u00e1s reciente de que el partido naranja sigue operando como una estructura dise\u00f1ada para delinquir [&hellip;]\" \/>\n<meta property=\"og:url\" content=\"https:\/\/pulso27.com\/en\/actualidad\/los-trabajadores-fantasmas-de-fuerza-popular-confirma-que-la-organizacion-de-keiko-fujimori-no-ha-cambiado-un-apice\/\" \/>\n<meta property=\"og:site_name\" content=\"Pulso27\" \/>\n<meta property=\"article:publisher\" content=\"https:\/\/www.facebook.com\/pulso27\/\" \/>\n<meta property=\"article:published_time\" content=\"2025-12-02T05:13:45+00:00\" \/>\n<meta property=\"article:modified_time\" content=\"2025-12-02T05:13:50+00:00\" \/>\n<meta property=\"og:image\" content=\"https:\/\/pulso27.com\/wp-content\/uploads\/2025\/12\/Keiko.png\" \/>\n\t<meta property=\"og:image:width\" content=\"1200\" \/>\n\t<meta property=\"og:image:height\" content=\"800\" \/>\n\t<meta property=\"og:image:type\" content=\"image\/png\" \/>\n<meta name=\"author\" content=\"Redactor\" \/>\n<meta name=\"twitter:card\" content=\"summary_large_image\" \/>\n<meta name=\"twitter:creator\" content=\"@Pulso_27\" \/>\n<meta name=\"twitter:site\" content=\"@Pulso_27\" \/>\n<meta name=\"twitter:label1\" content=\"Written by\" \/>\n\t<meta name=\"twitter:data1\" content=\"Redactor\" \/>\n\t<meta name=\"twitter:label2\" content=\"Est. reading time\" \/>\n\t<meta name=\"twitter:data2\" content=\"2 minutes\" \/>\n<script type=\"application\/ld+json\" class=\"yoast-schema-graph\">{\"@context\":\"https:\\\/\\\/schema.org\",\"@graph\":[{\"@type\":\"Article\",\"@id\":\"https:\\\/\\\/pulso27.com\\\/actualidad\\\/los-trabajadores-fantasmas-de-fuerza-popular-confirma-que-la-organizacion-de-keiko-fujimori-no-ha-cambiado-un-apice\\\/#article\",\"isPartOf\":{\"@id\":\"https:\\\/\\\/pulso27.com\\\/actualidad\\\/los-trabajadores-fantasmas-de-fuerza-popular-confirma-que-la-organizacion-de-keiko-fujimori-no-ha-cambiado-un-apice\\\/\"},\"author\":{\"name\":\"Redactor\",\"@id\":\"https:\\\/\\\/pulso27.com\\\/en\\\/#\\\/schema\\\/person\\\/bf5ee161e6c87f6c7d57f5e689ef8526\"},\"headline\":\"Los \u201ctrabajadores fantasmas\u201d de Fuerza Popular confirma que la organizaci\u00f3n de Keiko Fujimori no ha cambiado un \u00e1pice\",\"datePublished\":\"2025-12-02T05:13:45+00:00\",\"dateModified\":\"2025-12-02T05:13:50+00:00\",\"mainEntityOfPage\":{\"@id\":\"https:\\\/\\\/pulso27.com\\\/actualidad\\\/los-trabajadores-fantasmas-de-fuerza-popular-confirma-que-la-organizacion-de-keiko-fujimori-no-ha-cambiado-un-apice\\\/\"},\"wordCount\":335,\"commentCount\":0,\"publisher\":{\"@id\":\"https:\\\/\\\/pulso27.com\\\/en\\\/#organization\"},\"image\":{\"@id\":\"https:\\\/\\\/pulso27.com\\\/actualidad\\\/los-trabajadores-fantasmas-de-fuerza-popular-confirma-que-la-organizacion-de-keiko-fujimori-no-ha-cambiado-un-apice\\\/#primaryimage\"},\"thumbnailUrl\":\"https:\\\/\\\/pulso27.com\\\/wp-content\\\/uploads\\\/2025\\\/12\\\/Keiko.png\",\"keywords\":[\"Congreso de la Rep\u00fablica\",\"Keiko Fujimori\",\"Trabajadores fantasmas\"],\"articleSection\":[\"Actualidad\",\"Nacional\",\"Policial\",\"Tendencia\"],\"inLanguage\":\"en-US\",\"potentialAction\":[{\"@type\":\"CommentAction\",\"name\":\"Comment\",\"target\":[\"https:\\\/\\\/pulso27.com\\\/actualidad\\\/los-trabajadores-fantasmas-de-fuerza-popular-confirma-que-la-organizacion-de-keiko-fujimori-no-ha-cambiado-un-apice\\\/#respond\"]}]},{\"@type\":\"WebPage\",\"@id\":\"https:\\\/\\\/pulso27.com\\\/actualidad\\\/los-trabajadores-fantasmas-de-fuerza-popular-confirma-que-la-organizacion-de-keiko-fujimori-no-ha-cambiado-un-apice\\\/\",\"url\":\"https:\\\/\\\/pulso27.com\\\/actualidad\\\/los-trabajadores-fantasmas-de-fuerza-popular-confirma-que-la-organizacion-de-keiko-fujimori-no-ha-cambiado-un-apice\\\/\",\"name\":\"Los \u201ctrabajadores fantasmas\u201d de Fuerza Popular confirma que la organizaci\u00f3n de Keiko Fujimori no ha cambiado un \u00e1pice - Pulso27\",\"isPartOf\":{\"@id\":\"https:\\\/\\\/pulso27.com\\\/en\\\/#website\"},\"primaryImageOfPage\":{\"@id\":\"https:\\\/\\\/pulso27.com\\\/actualidad\\\/los-trabajadores-fantasmas-de-fuerza-popular-confirma-que-la-organizacion-de-keiko-fujimori-no-ha-cambiado-un-apice\\\/#primaryimage\"},\"image\":{\"@id\":\"https:\\\/\\\/pulso27.com\\\/actualidad\\\/los-trabajadores-fantasmas-de-fuerza-popular-confirma-que-la-organizacion-de-keiko-fujimori-no-ha-cambiado-un-apice\\\/#primaryimage\"},\"thumbnailUrl\":\"https:\\\/\\\/pulso27.com\\\/wp-content\\\/uploads\\\/2025\\\/12\\\/Keiko.png\",\"datePublished\":\"2025-12-02T05:13:45+00:00\",\"dateModified\":\"2025-12-02T05:13:50+00:00\",\"breadcrumb\":{\"@id\":\"https:\\\/\\\/pulso27.com\\\/actualidad\\\/los-trabajadores-fantasmas-de-fuerza-popular-confirma-que-la-organizacion-de-keiko-fujimori-no-ha-cambiado-un-apice\\\/#breadcrumb\"},\"inLanguage\":\"en-US\",\"potentialAction\":[{\"@type\":\"ReadAction\",\"target\":[\"https:\\\/\\\/pulso27.com\\\/actualidad\\\/los-trabajadores-fantasmas-de-fuerza-popular-confirma-que-la-organizacion-de-keiko-fujimori-no-ha-cambiado-un-apice\\\/\"]}]},{\"@type\":\"ImageObject\",\"inLanguage\":\"en-US\",\"@id\":\"https:\\\/\\\/pulso27.com\\\/actualidad\\\/los-trabajadores-fantasmas-de-fuerza-popular-confirma-que-la-organizacion-de-keiko-fujimori-no-ha-cambiado-un-apice\\\/#primaryimage\",\"url\":\"https:\\\/\\\/pulso27.com\\\/wp-content\\\/uploads\\\/2025\\\/12\\\/Keiko.png\",\"contentUrl\":\"https:\\\/\\\/pulso27.com\\\/wp-content\\\/uploads\\\/2025\\\/12\\\/Keiko.png\",\"width\":1200,\"height\":800},{\"@type\":\"BreadcrumbList\",\"@id\":\"https:\\\/\\\/pulso27.com\\\/actualidad\\\/los-trabajadores-fantasmas-de-fuerza-popular-confirma-que-la-organizacion-de-keiko-fujimori-no-ha-cambiado-un-apice\\\/#breadcrumb\",\"itemListElement\":[{\"@type\":\"ListItem\",\"position\":1,\"name\":\"Portada\",\"item\":\"https:\\\/\\\/pulso27.com\\\/\"},{\"@type\":\"ListItem\",\"position\":2,\"name\":\"Los \u201ctrabajadores fantasmas\u201d de Fuerza Popular confirma que la organizaci\u00f3n de Keiko Fujimori no ha cambiado un \u00e1pice\"}]},{\"@type\":\"WebSite\",\"@id\":\"https:\\\/\\\/pulso27.com\\\/en\\\/#website\",\"url\":\"https:\\\/\\\/pulso27.com\\\/en\\\/\",\"name\":\"Pulso27\",\"description\":\"Web de noticias y publicidad\",\"publisher\":{\"@id\":\"https:\\\/\\\/pulso27.com\\\/en\\\/#organization\"},\"alternateName\":\"El pulso del pueblo\",\"potentialAction\":[{\"@type\":\"SearchAction\",\"target\":{\"@type\":\"EntryPoint\",\"urlTemplate\":\"https:\\\/\\\/pulso27.com\\\/en\\\/?s={search_term_string}\"},\"query-input\":{\"@type\":\"PropertyValueSpecification\",\"valueRequired\":true,\"valueName\":\"search_term_string\"}}],\"inLanguage\":\"en-US\"},{\"@type\":\"Organization\",\"@id\":\"https:\\\/\\\/pulso27.com\\\/en\\\/#organization\",\"name\":\"Pulso27\",\"url\":\"https:\\\/\\\/pulso27.com\\\/en\\\/\",\"logo\":{\"@type\":\"ImageObject\",\"inLanguage\":\"en-US\",\"@id\":\"https:\\\/\\\/pulso27.com\\\/en\\\/#\\\/schema\\\/logo\\\/image\\\/\",\"url\":\"https:\\\/\\\/pulso27.com\\\/wp-content\\\/uploads\\\/2026\\\/02\\\/Logotipo-de-la-organizacion-696-x-696-px-ok.png\",\"contentUrl\":\"https:\\\/\\\/pulso27.com\\\/wp-content\\\/uploads\\\/2026\\\/02\\\/Logotipo-de-la-organizacion-696-x-696-px-ok.png\",\"width\":696,\"height\":696,\"caption\":\"Pulso27\"},\"image\":{\"@id\":\"https:\\\/\\\/pulso27.com\\\/en\\\/#\\\/schema\\\/logo\\\/image\\\/\"},\"sameAs\":[\"https:\\\/\\\/www.facebook.com\\\/pulso27\\\/\",\"https:\\\/\\\/x.com\\\/Pulso_27\",\"https:\\\/\\\/www.youtube.com\\\/@Pulso27\",\"https:\\\/\\\/www.tiktok.com\\\/@pulso_27\"]},{\"@type\":\"Person\",\"@id\":\"https:\\\/\\\/pulso27.com\\\/en\\\/#\\\/schema\\\/person\\\/bf5ee161e6c87f6c7d57f5e689ef8526\",\"name\":\"Redactor\",\"image\":{\"@type\":\"ImageObject\",\"inLanguage\":\"en-US\",\"@id\":\"https:\\\/\\\/pulso27.com\\\/wp-content\\\/uploads\\\/2025\\\/03\\\/a-150x150.png\",\"url\":\"https:\\\/\\\/pulso27.com\\\/wp-content\\\/uploads\\\/2025\\\/03\\\/a-150x150.png\",\"contentUrl\":\"https:\\\/\\\/pulso27.com\\\/wp-content\\\/uploads\\\/2025\\\/03\\\/a-150x150.png\",\"caption\":\"Redactor\"},\"sameAs\":[\"http:\\\/\\\/www.pulso27.com\"],\"url\":\"https:\\\/\\\/pulso27.com\\\/en\\\/author\\\/redactor\\\/\"}]}<\/script>\n<!-- \/ Yoast SEO plugin. -->","yoast_head_json":{"title":"Los \u201ctrabajadores fantasmas\u201d de Fuerza Popular confirma que la organizaci\u00f3n de Keiko Fujimori no ha cambiado un \u00e1pice - Pulso27","robots":{"index":"index","follow":"follow","max-snippet":"max-snippet:-1","max-image-preview":"max-image-preview:large","max-video-preview":"max-video-preview:-1"},"canonical":"https:\/\/pulso27.com\/en\/actualidad\/los-trabajadores-fantasmas-de-fuerza-popular-confirma-que-la-organizacion-de-keiko-fujimori-no-ha-cambiado-un-apice\/","og_locale":"en_US","og_type":"article","og_title":"Los \u201ctrabajadores fantasmas\u201d de Fuerza Popular confirma que la organizaci\u00f3n de Keiko Fujimori no ha cambiado un \u00e1pice - Pulso27","og_description":"Lima, 2 diciembre de 2025. \u2013 El reportaje de Cuarto Poder que mostr\u00f3 a empleados pagados con sueldo del Congreso cumpliendo funciones partidarias en la sede de Fuerza Popular en Santa Beatriz no es un hecho aislado: es la prueba m\u00e1s reciente de que el partido naranja sigue operando como una estructura dise\u00f1ada para delinquir [&hellip;]","og_url":"https:\/\/pulso27.com\/en\/actualidad\/los-trabajadores-fantasmas-de-fuerza-popular-confirma-que-la-organizacion-de-keiko-fujimori-no-ha-cambiado-un-apice\/","og_site_name":"Pulso27","article_publisher":"https:\/\/www.facebook.com\/pulso27\/","article_published_time":"2025-12-02T05:13:45+00:00","article_modified_time":"2025-12-02T05:13:50+00:00","og_image":[{"width":1200,"height":800,"url":"https:\/\/pulso27.com\/wp-content\/uploads\/2025\/12\/Keiko.png","type":"image\/png"}],"author":"Redactor","twitter_card":"summary_large_image","twitter_creator":"@Pulso_27","twitter_site":"@Pulso_27","twitter_misc":{"Written by":"Redactor","Est. reading time":"2 minutes"},"schema":{"@context":"https:\/\/schema.org","@graph":[{"@type":"Article","@id":"https:\/\/pulso27.com\/actualidad\/los-trabajadores-fantasmas-de-fuerza-popular-confirma-que-la-organizacion-de-keiko-fujimori-no-ha-cambiado-un-apice\/#article","isPartOf":{"@id":"https:\/\/pulso27.com\/actualidad\/los-trabajadores-fantasmas-de-fuerza-popular-confirma-que-la-organizacion-de-keiko-fujimori-no-ha-cambiado-un-apice\/"},"author":{"name":"Redactor","@id":"https:\/\/pulso27.com\/en\/#\/schema\/person\/bf5ee161e6c87f6c7d57f5e689ef8526"},"headline":"Los \u201ctrabajadores fantasmas\u201d de Fuerza Popular confirma que la organizaci\u00f3n de Keiko Fujimori no ha cambiado un \u00e1pice","datePublished":"2025-12-02T05:13:45+00:00","dateModified":"2025-12-02T05:13:50+00:00","mainEntityOfPage":{"@id":"https:\/\/pulso27.com\/actualidad\/los-trabajadores-fantasmas-de-fuerza-popular-confirma-que-la-organizacion-de-keiko-fujimori-no-ha-cambiado-un-apice\/"},"wordCount":335,"commentCount":0,"publisher":{"@id":"https:\/\/pulso27.com\/en\/#organization"},"image":{"@id":"https:\/\/pulso27.com\/actualidad\/los-trabajadores-fantasmas-de-fuerza-popular-confirma-que-la-organizacion-de-keiko-fujimori-no-ha-cambiado-un-apice\/#primaryimage"},"thumbnailUrl":"https:\/\/pulso27.com\/wp-content\/uploads\/2025\/12\/Keiko.png","keywords":["Congreso de la Rep\u00fablica","Keiko Fujimori","Trabajadores fantasmas"],"articleSection":["Actualidad","Nacional","Policial","Tendencia"],"inLanguage":"en-US","potentialAction":[{"@type":"CommentAction","name":"Comment","target":["https:\/\/pulso27.com\/actualidad\/los-trabajadores-fantasmas-de-fuerza-popular-confirma-que-la-organizacion-de-keiko-fujimori-no-ha-cambiado-un-apice\/#respond"]}]},{"@type":"WebPage","@id":"https:\/\/pulso27.com\/actualidad\/los-trabajadores-fantasmas-de-fuerza-popular-confirma-que-la-organizacion-de-keiko-fujimori-no-ha-cambiado-un-apice\/","url":"https:\/\/pulso27.com\/actualidad\/los-trabajadores-fantasmas-de-fuerza-popular-confirma-que-la-organizacion-de-keiko-fujimori-no-ha-cambiado-un-apice\/","name":"Los \u201ctrabajadores fantasmas\u201d de Fuerza Popular confirma que la organizaci\u00f3n de Keiko Fujimori no ha cambiado un \u00e1pice - Pulso27","isPartOf":{"@id":"https:\/\/pulso27.com\/en\/#website"},"primaryImageOfPage":{"@id":"https:\/\/pulso27.com\/actualidad\/los-trabajadores-fantasmas-de-fuerza-popular-confirma-que-la-organizacion-de-keiko-fujimori-no-ha-cambiado-un-apice\/#primaryimage"},"image":{"@id":"https:\/\/pulso27.com\/actualidad\/los-trabajadores-fantasmas-de-fuerza-popular-confirma-que-la-organizacion-de-keiko-fujimori-no-ha-cambiado-un-apice\/#primaryimage"},"thumbnailUrl":"https:\/\/pulso27.com\/wp-content\/uploads\/2025\/12\/Keiko.png","datePublished":"2025-12-02T05:13:45+00:00","dateModified":"2025-12-02T05:13:50+00:00","breadcrumb":{"@id":"https:\/\/pulso27.com\/actualidad\/los-trabajadores-fantasmas-de-fuerza-popular-confirma-que-la-organizacion-de-keiko-fujimori-no-ha-cambiado-un-apice\/#breadcrumb"},"inLanguage":"en-US","potentialAction":[{"@type":"ReadAction","target":["https:\/\/pulso27.com\/actualidad\/los-trabajadores-fantasmas-de-fuerza-popular-confirma-que-la-organizacion-de-keiko-fujimori-no-ha-cambiado-un-apice\/"]}]},{"@type":"ImageObject","inLanguage":"en-US","@id":"https:\/\/pulso27.com\/actualidad\/los-trabajadores-fantasmas-de-fuerza-popular-confirma-que-la-organizacion-de-keiko-fujimori-no-ha-cambiado-un-apice\/#primaryimage","url":"https:\/\/pulso27.com\/wp-content\/uploads\/2025\/12\/Keiko.png","contentUrl":"https:\/\/pulso27.com\/wp-content\/uploads\/2025\/12\/Keiko.png","width":1200,"height":800},{"@type":"BreadcrumbList","@id":"https:\/\/pulso27.com\/actualidad\/los-trabajadores-fantasmas-de-fuerza-popular-confirma-que-la-organizacion-de-keiko-fujimori-no-ha-cambiado-un-apice\/#breadcrumb","itemListElement":[{"@type":"ListItem","position":1,"name":"Portada","item":"https:\/\/pulso27.com\/"},{"@type":"ListItem","position":2,"name":"Los \u201ctrabajadores fantasmas\u201d de Fuerza Popular confirma que la organizaci\u00f3n de Keiko Fujimori no ha cambiado un \u00e1pice"}]},{"@type":"WebSite","@id":"https:\/\/pulso27.com\/en\/#website","url":"https:\/\/pulso27.com\/en\/","name":"Pulso27","description":"Web de noticias y publicidad","publisher":{"@id":"https:\/\/pulso27.com\/en\/#organization"},"alternateName":"El pulso del pueblo","potentialAction":[{"@type":"SearchAction","target":{"@type":"EntryPoint","urlTemplate":"https:\/\/pulso27.com\/en\/?s={search_term_string}"},"query-input":{"@type":"PropertyValueSpecification","valueRequired":true,"valueName":"search_term_string"}}],"inLanguage":"en-US"},{"@type":"Organization","@id":"https:\/\/pulso27.com\/en\/#organization","name":"Pulso27","url":"https:\/\/pulso27.com\/en\/","logo":{"@type":"ImageObject","inLanguage":"en-US","@id":"https:\/\/pulso27.com\/en\/#\/schema\/logo\/image\/","url":"https:\/\/pulso27.com\/wp-content\/uploads\/2026\/02\/Logotipo-de-la-organizacion-696-x-696-px-ok.png","contentUrl":"https:\/\/pulso27.com\/wp-content\/uploads\/2026\/02\/Logotipo-de-la-organizacion-696-x-696-px-ok.png","width":696,"height":696,"caption":"Pulso27"},"image":{"@id":"https:\/\/pulso27.com\/en\/#\/schema\/logo\/image\/"},"sameAs":["https:\/\/www.facebook.com\/pulso27\/","https:\/\/x.com\/Pulso_27","https:\/\/www.youtube.com\/@Pulso27","https:\/\/www.tiktok.com\/@pulso_27"]},{"@type":"Person","@id":"https:\/\/pulso27.com\/en\/#\/schema\/person\/bf5ee161e6c87f6c7d57f5e689ef8526","name":"Redactor","image":{"@type":"ImageObject","inLanguage":"en-US","@id":"https:\/\/pulso27.com\/wp-content\/uploads\/2025\/03\/a-150x150.png","url":"https:\/\/pulso27.com\/wp-content\/uploads\/2025\/03\/a-150x150.png","contentUrl":"https:\/\/pulso27.com\/wp-content\/uploads\/2025\/03\/a-150x150.png","caption":"Redactor"},"sameAs":["http:\/\/www.pulso27.com"],"url":"https:\/\/pulso27.com\/en\/author\/redactor\/"}]}},"amp_enabled":true,"_links":{"self":[{"href":"https:\/\/pulso27.com\/en\/wp-json\/wp\/v2\/posts\/7016","targetHints":{"allow":["GET"]}}],"collection":[{"href":"https:\/\/pulso27.com\/en\/wp-json\/wp\/v2\/posts"}],"about":[{"href":"https:\/\/pulso27.com\/en\/wp-json\/wp\/v2\/types\/post"}],"author":[{"embeddable":true,"href":"https:\/\/pulso27.com\/en\/wp-json\/wp\/v2\/users\/13"}],"replies":[{"embeddable":true,"href":"https:\/\/pulso27.com\/en\/wp-json\/wp\/v2\/comments?post=7016"}],"version-history":[{"count":1,"href":"https:\/\/pulso27.com\/en\/wp-json\/wp\/v2\/posts\/7016\/revisions"}],"predecessor-version":[{"id":7021,"href":"https:\/\/pulso27.com\/en\/wp-json\/wp\/v2\/posts\/7016\/revisions\/7021"}],"wp:featuredmedia":[{"embeddable":true,"href":"https:\/\/pulso27.com\/en\/wp-json\/wp\/v2\/media\/7017"}],"wp:attachment":[{"href":"https:\/\/pulso27.com\/en\/wp-json\/wp\/v2\/media?parent=7016"}],"wp:term":[{"taxonomy":"category","embeddable":true,"href":"https:\/\/pulso27.com\/en\/wp-json\/wp\/v2\/categories?post=7016"},{"taxonomy":"post_tag","embeddable":true,"href":"https:\/\/pulso27.com\/en\/wp-json\/wp\/v2\/tags?post=7016"}],"curies":[{"name":"wp","href":"https:\/\/api.w.org\/{rel}","templated":true}]}}