{"id":7022,"date":"2025-12-02T10:36:49","date_gmt":"2025-12-02T05:36:49","guid":{"rendered":"https:\/\/pulso27.com\/?p=7022"},"modified":"2025-12-02T10:37:21","modified_gmt":"2025-12-02T05:37:21","slug":"fuerza-popular-y-aliados-promueven-pension-vitalicia-para-dina-boluarte","status":"publish","type":"post","link":"https:\/\/pulso27.com\/en\/actualidad\/fuerza-popular-y-aliados-promueven-pension-vitalicia-para-dina-boluarte\/","title":{"rendered":"Fuerza Popular y aliados promueven pensi\u00f3n vitalicia para Dina Boluarte"},"content":{"rendered":"<p>Lima, 2 de diciembre de 2025.\u2013 A menos de dos meses de ser vacada por incapacidad moral, la expresidenta Dina Boluarte podr\u00eda recibir una pensi\u00f3n vitalicia de hasta 35 mil soles mensuales gracias al respaldo de Fuerza Popular y sectores de la derecha parlamentaria que, durante su gesti\u00f3n, fueron sus principales socios para reprimir las protestas que dejaron 49 civiles muertos y cientos de heridos entre diciembre de 2022 y marzo de 2023. El pedido, presentado apenas diez d\u00edas despu\u00e9s de su salida del poder, avanza en el Congreso con la venia del fujimorismo, que controla la Mesa Directiva a trav\u00e9s de Fernando Rospigliosi.<\/p>\n\n\n\n<p>El mismo partido que en 2022 celebr\u00f3 la ca\u00edda de Pedro Castillo y aval\u00f3 el estado de emergencia que facilit\u00f3 la masacre de manifestantes en Ayacucho, Juliaca y Andahuaylas, ahora defiende que Boluarte \u201cfue elegida constitucionalmente\u201d y merece el privilegio, ignorando que nunca gan\u00f3 una elecci\u00f3n como presidenta y que su gobierno fue sostenido con balas y decretos represivos. Voces como la del congresista Ernesto Bustamante (Fuerza Popular) insisten en que \u201ca todo expresidente se le debe dar pensi\u00f3n\u201d, mientras callan sobre las ejecuciones extrajudiciales documentadas por la CIDH y Amnist\u00eda Internacional.<\/p>\n\n\n\n<p>La indignaci\u00f3n ciudadana crece en redes y calles ante lo que muchos califican como el colmo del cinismo: quienes ayer aplaudieron la represi\u00f3n hoy pretenden premiar a su autora con dinero p\u00fablico. Organizaciones de v\u00edctimas y familiares de los fallecidos en las protestas anunciaron movilizaciones para los pr\u00f3ximos d\u00edas, exigiendo que el Pleno rechace la pensi\u00f3n y que, en su lugar, se investiguen y sancionen los cr\u00edmenes de lesa humanidad cometidos bajo el mando de Boluarte y sus aliados naranja. El debate se ver\u00e1 esta semana y definir\u00e1, una vez m\u00e1s, si el Congreso est\u00e1 del lado de los peruanos o de quienes los asesinaron para aferrarse al poder.<\/p>","protected":false},"excerpt":{"rendered":"<p>Lima, 2 de diciembre de 2025.\u2013 A menos de dos meses de ser vacada por incapacidad moral, la expresidenta Dina Boluarte podr\u00eda recibir una pensi\u00f3n vitalicia de hasta 35 mil soles mensuales gracias al respaldo de Fuerza Popular y sectores de la derecha parlamentaria que, durante su gesti\u00f3n, fueron sus principales socios para reprimir las [&hellip;]<\/p>\n","protected":false},"author":8,"featured_media":7023,"comment_status":"open","ping_status":"open","sticky":false,"template":"","format":"standard","meta":{"footnotes":""},"categories":[183,177,174,1852],"tags":[572,760,699],"class_list":["post-7022","post","type-post","status-publish","format-standard","has-post-thumbnail","hentry","category-actualidad","category-economia","category-nacional","category-tendencia","tag-dina-boluarte","tag-fuerza-popular","tag-pension-vitalicia"],"yoast_head":"<!-- This site is optimized with the Yoast SEO plugin v27.4 - https:\/\/yoast.com\/product\/yoast-seo-wordpress\/ -->\n<title>Fuerza Popular y aliados promueven pensi\u00f3n vitalicia para Dina Boluarte - Pulso27<\/title>\n<meta name=\"robots\" content=\"index, follow, max-snippet:-1, max-image-preview:large, max-video-preview:-1\" \/>\n<link rel=\"canonical\" href=\"https:\/\/pulso27.com\/en\/actualidad\/fuerza-popular-y-aliados-promueven-pension-vitalicia-para-dina-boluarte\/\" \/>\n<meta property=\"og:locale\" content=\"en_US\" \/>\n<meta property=\"og:type\" content=\"article\" \/>\n<meta property=\"og:title\" content=\"Fuerza Popular y aliados promueven pensi\u00f3n vitalicia para Dina Boluarte - Pulso27\" \/>\n<meta property=\"og:description\" content=\"Lima, 2 de diciembre de 2025.\u2013 A menos de dos meses de ser vacada por incapacidad moral, la expresidenta Dina Boluarte podr\u00eda recibir una pensi\u00f3n vitalicia de hasta 35 mil soles mensuales gracias al respaldo de Fuerza Popular y sectores de la derecha parlamentaria que, durante su gesti\u00f3n, fueron sus principales socios para reprimir las [&hellip;]\" \/>\n<meta property=\"og:url\" content=\"https:\/\/pulso27.com\/en\/actualidad\/fuerza-popular-y-aliados-promueven-pension-vitalicia-para-dina-boluarte\/\" \/>\n<meta property=\"og:site_name\" content=\"Pulso27\" \/>\n<meta property=\"article:publisher\" content=\"https:\/\/www.facebook.com\/pulso27\/\" \/>\n<meta property=\"article:published_time\" content=\"2025-12-02T05:36:49+00:00\" \/>\n<meta property=\"article:modified_time\" content=\"2025-12-02T05:37:21+00:00\" \/>\n<meta property=\"og:image\" content=\"https:\/\/pulso27.com\/wp-content\/uploads\/2025\/12\/Rospigliosii.png\" \/>\n\t<meta property=\"og:image:width\" content=\"1200\" \/>\n\t<meta property=\"og:image:height\" content=\"801\" \/>\n\t<meta property=\"og:image:type\" content=\"image\/png\" \/>\n<meta name=\"author\" content=\"Maga\" \/>\n<meta name=\"twitter:card\" content=\"summary_large_image\" \/>\n<meta name=\"twitter:creator\" content=\"@Pulso_27\" \/>\n<meta name=\"twitter:site\" content=\"@Pulso_27\" \/>\n<meta name=\"twitter:label1\" content=\"Written by\" \/>\n\t<meta name=\"twitter:data1\" content=\"Maga\" \/>\n\t<meta name=\"twitter:label2\" content=\"Est. reading time\" \/>\n\t<meta name=\"twitter:data2\" content=\"2 minutes\" \/>\n<script type=\"application\/ld+json\" class=\"yoast-schema-graph\">{\"@context\":\"https:\\\/\\\/schema.org\",\"@graph\":[{\"@type\":\"Article\",\"@id\":\"https:\\\/\\\/pulso27.com\\\/actualidad\\\/fuerza-popular-y-aliados-promueven-pension-vitalicia-para-dina-boluarte\\\/#article\",\"isPartOf\":{\"@id\":\"https:\\\/\\\/pulso27.com\\\/actualidad\\\/fuerza-popular-y-aliados-promueven-pension-vitalicia-para-dina-boluarte\\\/\"},\"author\":{\"name\":\"Maga\",\"@id\":\"https:\\\/\\\/pulso27.com\\\/en\\\/#\\\/schema\\\/person\\\/92f5059eb04cb644a32d22c9bc998684\"},\"headline\":\"Fuerza Popular y aliados promueven pensi\u00f3n vitalicia para Dina Boluarte\",\"datePublished\":\"2025-12-02T05:36:49+00:00\",\"dateModified\":\"2025-12-02T05:37:21+00:00\",\"mainEntityOfPage\":{\"@id\":\"https:\\\/\\\/pulso27.com\\\/actualidad\\\/fuerza-popular-y-aliados-promueven-pension-vitalicia-para-dina-boluarte\\\/\"},\"wordCount\":328,\"commentCount\":0,\"publisher\":{\"@id\":\"https:\\\/\\\/pulso27.com\\\/en\\\/#organization\"},\"image\":{\"@id\":\"https:\\\/\\\/pulso27.com\\\/actualidad\\\/fuerza-popular-y-aliados-promueven-pension-vitalicia-para-dina-boluarte\\\/#primaryimage\"},\"thumbnailUrl\":\"https:\\\/\\\/pulso27.com\\\/wp-content\\\/uploads\\\/2025\\\/12\\\/Rospigliosii.png\",\"keywords\":[\"Dina Boluarte\",\"Fuerza Popular\",\"Pensi\u00f3n Vitalicia\"],\"articleSection\":[\"Actualidad\",\"Econom\u00eda\",\"Nacional\",\"Tendencia\"],\"inLanguage\":\"en-US\",\"potentialAction\":[{\"@type\":\"CommentAction\",\"name\":\"Comment\",\"target\":[\"https:\\\/\\\/pulso27.com\\\/actualidad\\\/fuerza-popular-y-aliados-promueven-pension-vitalicia-para-dina-boluarte\\\/#respond\"]}]},{\"@type\":\"WebPage\",\"@id\":\"https:\\\/\\\/pulso27.com\\\/actualidad\\\/fuerza-popular-y-aliados-promueven-pension-vitalicia-para-dina-boluarte\\\/\",\"url\":\"https:\\\/\\\/pulso27.com\\\/actualidad\\\/fuerza-popular-y-aliados-promueven-pension-vitalicia-para-dina-boluarte\\\/\",\"name\":\"Fuerza Popular y aliados promueven pensi\u00f3n vitalicia para Dina Boluarte - Pulso27\",\"isPartOf\":{\"@id\":\"https:\\\/\\\/pulso27.com\\\/en\\\/#website\"},\"primaryImageOfPage\":{\"@id\":\"https:\\\/\\\/pulso27.com\\\/actualidad\\\/fuerza-popular-y-aliados-promueven-pension-vitalicia-para-dina-boluarte\\\/#primaryimage\"},\"image\":{\"@id\":\"https:\\\/\\\/pulso27.com\\\/actualidad\\\/fuerza-popular-y-aliados-promueven-pension-vitalicia-para-dina-boluarte\\\/#primaryimage\"},\"thumbnailUrl\":\"https:\\\/\\\/pulso27.com\\\/wp-content\\\/uploads\\\/2025\\\/12\\\/Rospigliosii.png\",\"datePublished\":\"2025-12-02T05:36:49+00:00\",\"dateModified\":\"2025-12-02T05:37:21+00:00\",\"breadcrumb\":{\"@id\":\"https:\\\/\\\/pulso27.com\\\/actualidad\\\/fuerza-popular-y-aliados-promueven-pension-vitalicia-para-dina-boluarte\\\/#breadcrumb\"},\"inLanguage\":\"en-US\",\"potentialAction\":[{\"@type\":\"ReadAction\",\"target\":[\"https:\\\/\\\/pulso27.com\\\/actualidad\\\/fuerza-popular-y-aliados-promueven-pension-vitalicia-para-dina-boluarte\\\/\"]}]},{\"@type\":\"ImageObject\",\"inLanguage\":\"en-US\",\"@id\":\"https:\\\/\\\/pulso27.com\\\/actualidad\\\/fuerza-popular-y-aliados-promueven-pension-vitalicia-para-dina-boluarte\\\/#primaryimage\",\"url\":\"https:\\\/\\\/pulso27.com\\\/wp-content\\\/uploads\\\/2025\\\/12\\\/Rospigliosii.png\",\"contentUrl\":\"https:\\\/\\\/pulso27.com\\\/wp-content\\\/uploads\\\/2025\\\/12\\\/Rospigliosii.png\",\"width\":1200,\"height\":801},{\"@type\":\"BreadcrumbList\",\"@id\":\"https:\\\/\\\/pulso27.com\\\/actualidad\\\/fuerza-popular-y-aliados-promueven-pension-vitalicia-para-dina-boluarte\\\/#breadcrumb\",\"itemListElement\":[{\"@type\":\"ListItem\",\"position\":1,\"name\":\"Portada\",\"item\":\"https:\\\/\\\/pulso27.com\\\/\"},{\"@type\":\"ListItem\",\"position\":2,\"name\":\"Fuerza Popular y aliados promueven pensi\u00f3n vitalicia para Dina Boluarte\"}]},{\"@type\":\"WebSite\",\"@id\":\"https:\\\/\\\/pulso27.com\\\/en\\\/#website\",\"url\":\"https:\\\/\\\/pulso27.com\\\/en\\\/\",\"name\":\"Pulso27\",\"description\":\"Web de noticias y publicidad\",\"publisher\":{\"@id\":\"https:\\\/\\\/pulso27.com\\\/en\\\/#organization\"},\"alternateName\":\"El pulso del pueblo\",\"potentialAction\":[{\"@type\":\"SearchAction\",\"target\":{\"@type\":\"EntryPoint\",\"urlTemplate\":\"https:\\\/\\\/pulso27.com\\\/en\\\/?s={search_term_string}\"},\"query-input\":{\"@type\":\"PropertyValueSpecification\",\"valueRequired\":true,\"valueName\":\"search_term_string\"}}],\"inLanguage\":\"en-US\"},{\"@type\":\"Organization\",\"@id\":\"https:\\\/\\\/pulso27.com\\\/en\\\/#organization\",\"name\":\"Pulso27\",\"url\":\"https:\\\/\\\/pulso27.com\\\/en\\\/\",\"logo\":{\"@type\":\"ImageObject\",\"inLanguage\":\"en-US\",\"@id\":\"https:\\\/\\\/pulso27.com\\\/en\\\/#\\\/schema\\\/logo\\\/image\\\/\",\"url\":\"https:\\\/\\\/pulso27.com\\\/wp-content\\\/uploads\\\/2026\\\/02\\\/Logotipo-de-la-organizacion-696-x-696-px-ok.png\",\"contentUrl\":\"https:\\\/\\\/pulso27.com\\\/wp-content\\\/uploads\\\/2026\\\/02\\\/Logotipo-de-la-organizacion-696-x-696-px-ok.png\",\"width\":696,\"height\":696,\"caption\":\"Pulso27\"},\"image\":{\"@id\":\"https:\\\/\\\/pulso27.com\\\/en\\\/#\\\/schema\\\/logo\\\/image\\\/\"},\"sameAs\":[\"https:\\\/\\\/www.facebook.com\\\/pulso27\\\/\",\"https:\\\/\\\/x.com\\\/Pulso_27\",\"https:\\\/\\\/www.youtube.com\\\/@Pulso27\",\"https:\\\/\\\/www.tiktok.com\\\/@pulso_27\"]},{\"@type\":\"Person\",\"@id\":\"https:\\\/\\\/pulso27.com\\\/en\\\/#\\\/schema\\\/person\\\/92f5059eb04cb644a32d22c9bc998684\",\"name\":\"Maga\",\"image\":{\"@type\":\"ImageObject\",\"inLanguage\":\"en-US\",\"@id\":\"https:\\\/\\\/secure.gravatar.com\\\/avatar\\\/c4d5224d4227e7c057cd5793ba910425cc902f3aef97cda3eccc7acba8be2edc?s=96&d=mm&r=g\",\"url\":\"https:\\\/\\\/secure.gravatar.com\\\/avatar\\\/c4d5224d4227e7c057cd5793ba910425cc902f3aef97cda3eccc7acba8be2edc?s=96&d=mm&r=g\",\"contentUrl\":\"https:\\\/\\\/secure.gravatar.com\\\/avatar\\\/c4d5224d4227e7c057cd5793ba910425cc902f3aef97cda3eccc7acba8be2edc?s=96&d=mm&r=g\",\"caption\":\"Maga\"},\"sameAs\":[\"http:\\\/\\\/www.pulso27.com\"],\"url\":\"https:\\\/\\\/pulso27.com\\\/en\\\/author\\\/maga\\\/\"}]}<\/script>\n<!-- \/ Yoast SEO plugin. -->","yoast_head_json":{"title":"Fuerza Popular y aliados promueven pensi\u00f3n vitalicia para Dina Boluarte - Pulso27","robots":{"index":"index","follow":"follow","max-snippet":"max-snippet:-1","max-image-preview":"max-image-preview:large","max-video-preview":"max-video-preview:-1"},"canonical":"https:\/\/pulso27.com\/en\/actualidad\/fuerza-popular-y-aliados-promueven-pension-vitalicia-para-dina-boluarte\/","og_locale":"en_US","og_type":"article","og_title":"Fuerza Popular y aliados promueven pensi\u00f3n vitalicia para Dina Boluarte - Pulso27","og_description":"Lima, 2 de diciembre de 2025.\u2013 A menos de dos meses de ser vacada por incapacidad moral, la expresidenta Dina Boluarte podr\u00eda recibir una pensi\u00f3n vitalicia de hasta 35 mil soles mensuales gracias al respaldo de Fuerza Popular y sectores de la derecha parlamentaria que, durante su gesti\u00f3n, fueron sus principales socios para reprimir las [&hellip;]","og_url":"https:\/\/pulso27.com\/en\/actualidad\/fuerza-popular-y-aliados-promueven-pension-vitalicia-para-dina-boluarte\/","og_site_name":"Pulso27","article_publisher":"https:\/\/www.facebook.com\/pulso27\/","article_published_time":"2025-12-02T05:36:49+00:00","article_modified_time":"2025-12-02T05:37:21+00:00","og_image":[{"width":1200,"height":801,"url":"https:\/\/pulso27.com\/wp-content\/uploads\/2025\/12\/Rospigliosii.png","type":"image\/png"}],"author":"Maga","twitter_card":"summary_large_image","twitter_creator":"@Pulso_27","twitter_site":"@Pulso_27","twitter_misc":{"Written by":"Maga","Est. reading time":"2 minutes"},"schema":{"@context":"https:\/\/schema.org","@graph":[{"@type":"Article","@id":"https:\/\/pulso27.com\/actualidad\/fuerza-popular-y-aliados-promueven-pension-vitalicia-para-dina-boluarte\/#article","isPartOf":{"@id":"https:\/\/pulso27.com\/actualidad\/fuerza-popular-y-aliados-promueven-pension-vitalicia-para-dina-boluarte\/"},"author":{"name":"Maga","@id":"https:\/\/pulso27.com\/en\/#\/schema\/person\/92f5059eb04cb644a32d22c9bc998684"},"headline":"Fuerza Popular y aliados promueven pensi\u00f3n vitalicia para Dina Boluarte","datePublished":"2025-12-02T05:36:49+00:00","dateModified":"2025-12-02T05:37:21+00:00","mainEntityOfPage":{"@id":"https:\/\/pulso27.com\/actualidad\/fuerza-popular-y-aliados-promueven-pension-vitalicia-para-dina-boluarte\/"},"wordCount":328,"commentCount":0,"publisher":{"@id":"https:\/\/pulso27.com\/en\/#organization"},"image":{"@id":"https:\/\/pulso27.com\/actualidad\/fuerza-popular-y-aliados-promueven-pension-vitalicia-para-dina-boluarte\/#primaryimage"},"thumbnailUrl":"https:\/\/pulso27.com\/wp-content\/uploads\/2025\/12\/Rospigliosii.png","keywords":["Dina Boluarte","Fuerza Popular","Pensi\u00f3n Vitalicia"],"articleSection":["Actualidad","Econom\u00eda","Nacional","Tendencia"],"inLanguage":"en-US","potentialAction":[{"@type":"CommentAction","name":"Comment","target":["https:\/\/pulso27.com\/actualidad\/fuerza-popular-y-aliados-promueven-pension-vitalicia-para-dina-boluarte\/#respond"]}]},{"@type":"WebPage","@id":"https:\/\/pulso27.com\/actualidad\/fuerza-popular-y-aliados-promueven-pension-vitalicia-para-dina-boluarte\/","url":"https:\/\/pulso27.com\/actualidad\/fuerza-popular-y-aliados-promueven-pension-vitalicia-para-dina-boluarte\/","name":"Fuerza Popular y aliados promueven pensi\u00f3n vitalicia para Dina Boluarte - Pulso27","isPartOf":{"@id":"https:\/\/pulso27.com\/en\/#website"},"primaryImageOfPage":{"@id":"https:\/\/pulso27.com\/actualidad\/fuerza-popular-y-aliados-promueven-pension-vitalicia-para-dina-boluarte\/#primaryimage"},"image":{"@id":"https:\/\/pulso27.com\/actualidad\/fuerza-popular-y-aliados-promueven-pension-vitalicia-para-dina-boluarte\/#primaryimage"},"thumbnailUrl":"https:\/\/pulso27.com\/wp-content\/uploads\/2025\/12\/Rospigliosii.png","datePublished":"2025-12-02T05:36:49+00:00","dateModified":"2025-12-02T05:37:21+00:00","breadcrumb":{"@id":"https:\/\/pulso27.com\/actualidad\/fuerza-popular-y-aliados-promueven-pension-vitalicia-para-dina-boluarte\/#breadcrumb"},"inLanguage":"en-US","potentialAction":[{"@type":"ReadAction","target":["https:\/\/pulso27.com\/actualidad\/fuerza-popular-y-aliados-promueven-pension-vitalicia-para-dina-boluarte\/"]}]},{"@type":"ImageObject","inLanguage":"en-US","@id":"https:\/\/pulso27.com\/actualidad\/fuerza-popular-y-aliados-promueven-pension-vitalicia-para-dina-boluarte\/#primaryimage","url":"https:\/\/pulso27.com\/wp-content\/uploads\/2025\/12\/Rospigliosii.png","contentUrl":"https:\/\/pulso27.com\/wp-content\/uploads\/2025\/12\/Rospigliosii.png","width":1200,"height":801},{"@type":"BreadcrumbList","@id":"https:\/\/pulso27.com\/actualidad\/fuerza-popular-y-aliados-promueven-pension-vitalicia-para-dina-boluarte\/#breadcrumb","itemListElement":[{"@type":"ListItem","position":1,"name":"Portada","item":"https:\/\/pulso27.com\/"},{"@type":"ListItem","position":2,"name":"Fuerza Popular y aliados promueven pensi\u00f3n vitalicia para Dina Boluarte"}]},{"@type":"WebSite","@id":"https:\/\/pulso27.com\/en\/#website","url":"https:\/\/pulso27.com\/en\/","name":"Pulso27","description":"Web de noticias y publicidad","publisher":{"@id":"https:\/\/pulso27.com\/en\/#organization"},"alternateName":"El pulso del pueblo","potentialAction":[{"@type":"SearchAction","target":{"@type":"EntryPoint","urlTemplate":"https:\/\/pulso27.com\/en\/?s={search_term_string}"},"query-input":{"@type":"PropertyValueSpecification","valueRequired":true,"valueName":"search_term_string"}}],"inLanguage":"en-US"},{"@type":"Organization","@id":"https:\/\/pulso27.com\/en\/#organization","name":"Pulso27","url":"https:\/\/pulso27.com\/en\/","logo":{"@type":"ImageObject","inLanguage":"en-US","@id":"https:\/\/pulso27.com\/en\/#\/schema\/logo\/image\/","url":"https:\/\/pulso27.com\/wp-content\/uploads\/2026\/02\/Logotipo-de-la-organizacion-696-x-696-px-ok.png","contentUrl":"https:\/\/pulso27.com\/wp-content\/uploads\/2026\/02\/Logotipo-de-la-organizacion-696-x-696-px-ok.png","width":696,"height":696,"caption":"Pulso27"},"image":{"@id":"https:\/\/pulso27.com\/en\/#\/schema\/logo\/image\/"},"sameAs":["https:\/\/www.facebook.com\/pulso27\/","https:\/\/x.com\/Pulso_27","https:\/\/www.youtube.com\/@Pulso27","https:\/\/www.tiktok.com\/@pulso_27"]},{"@type":"Person","@id":"https:\/\/pulso27.com\/en\/#\/schema\/person\/92f5059eb04cb644a32d22c9bc998684","name":"Maga","image":{"@type":"ImageObject","inLanguage":"en-US","@id":"https:\/\/secure.gravatar.com\/avatar\/c4d5224d4227e7c057cd5793ba910425cc902f3aef97cda3eccc7acba8be2edc?s=96&d=mm&r=g","url":"https:\/\/secure.gravatar.com\/avatar\/c4d5224d4227e7c057cd5793ba910425cc902f3aef97cda3eccc7acba8be2edc?s=96&d=mm&r=g","contentUrl":"https:\/\/secure.gravatar.com\/avatar\/c4d5224d4227e7c057cd5793ba910425cc902f3aef97cda3eccc7acba8be2edc?s=96&d=mm&r=g","caption":"Maga"},"sameAs":["http:\/\/www.pulso27.com"],"url":"https:\/\/pulso27.com\/en\/author\/maga\/"}]}},"amp_enabled":true,"_links":{"self":[{"href":"https:\/\/pulso27.com\/en\/wp-json\/wp\/v2\/posts\/7022","targetHints":{"allow":["GET"]}}],"collection":[{"href":"https:\/\/pulso27.com\/en\/wp-json\/wp\/v2\/posts"}],"about":[{"href":"https:\/\/pulso27.com\/en\/wp-json\/wp\/v2\/types\/post"}],"author":[{"embeddable":true,"href":"https:\/\/pulso27.com\/en\/wp-json\/wp\/v2\/users\/8"}],"replies":[{"embeddable":true,"href":"https:\/\/pulso27.com\/en\/wp-json\/wp\/v2\/comments?post=7022"}],"version-history":[{"count":1,"href":"https:\/\/pulso27.com\/en\/wp-json\/wp\/v2\/posts\/7022\/revisions"}],"predecessor-version":[{"id":7027,"href":"https:\/\/pulso27.com\/en\/wp-json\/wp\/v2\/posts\/7022\/revisions\/7027"}],"wp:featuredmedia":[{"embeddable":true,"href":"https:\/\/pulso27.com\/en\/wp-json\/wp\/v2\/media\/7023"}],"wp:attachment":[{"href":"https:\/\/pulso27.com\/en\/wp-json\/wp\/v2\/media?parent=7022"}],"wp:term":[{"taxonomy":"category","embeddable":true,"href":"https:\/\/pulso27.com\/en\/wp-json\/wp\/v2\/categories?post=7022"},{"taxonomy":"post_tag","embeddable":true,"href":"https:\/\/pulso27.com\/en\/wp-json\/wp\/v2\/tags?post=7022"}],"curies":[{"name":"wp","href":"https:\/\/api.w.org\/{rel}","templated":true}]}}