{"id":7055,"date":"2025-12-04T09:08:36","date_gmt":"2025-12-04T04:08:36","guid":{"rendered":"https:\/\/pulso27.com\/?p=7055"},"modified":"2025-12-04T09:08:42","modified_gmt":"2025-12-04T04:08:42","slug":"podemos-peru-enfrentaria-grave-crisis-de-credibilidad-si-se-confirma-el-juicio-oral-contra-jose-luna-galvez","status":"publish","type":"post","link":"https:\/\/pulso27.com\/en\/actualidad\/podemos-peru-enfrentaria-grave-crisis-de-credibilidad-si-se-confirma-el-juicio-oral-contra-jose-luna-galvez\/","title":{"rendered":"Podemos Per\u00fa enfrentar\u00eda grave crisis de credibilidad si se confirma el juicio oral contra Jos\u00e9 Luna G\u00e1lvez"},"content":{"rendered":"<p>Lima, 3 de diciembre de 2025 \u2013 El partido Podemos Per\u00fa, que actualmente postula a Ra\u00fal Noblecilla como candidato a la segunda vicepresidencia con discurso de \u201cdefensa del pueblo\u201d y promesa de indulto a Pedro Castillo, quedar\u00eda en una posici\u00f3n extremadamente inc\u00f3moda si el Poder Judicial admite a tr\u00e1mite la acusaci\u00f3n fiscal que solicita 22 a\u00f1os y 8 meses de prisi\u00f3n para su l\u00edder efectivo, Jos\u00e9 Luna G\u00e1lvez, por los presuntos delitos de organizaci\u00f3n criminal, cohecho y tr\u00e1fico de influencias en el caso conocido como \u201cLos G\u00e1nsters de la Pol\u00edtica\u201d.<\/p>\n\n\n\n<p>La contradicci\u00f3n ser\u00eda a\u00fan m\u00e1s evidente si se recuerda que los congresistas de la bancada de Podemos Per\u00fa votaron un\u00e1nimemente a favor de la vacancia presidencial de Pedro Castillo el 7 de diciembre de 2022 y, durante casi tres a\u00f1os, rechazaron sistem\u00e1ticamente todas las mociones de vacancia contra Dina Boluarte, blind\u00e1ndola en m\u00e1s de 40 ocasiones junto a Fuerza Popular, Renovaci\u00f3n Popular, Avanza Pa\u00eds, Acci\u00f3n Popular, Somos Per\u00fa y Per\u00fa Libre, solo para voltearle la espalda en octubre de 2025 cuando su impopularidad super\u00f3 el 90 %.<\/p>\n\n\n\n<p>Analistas consultados por este medio advertir\u00edan que, de concretarse el juicio oral contra Luna G\u00e1lvez y mantenerse el discurso de \u201cizquierda\u201d en la campa\u00f1a 2026, Podemos Per\u00fa podr\u00eda perder la poca credibilidad que tiene ante el electorado en un pa\u00eds ya saturado de promesas vac\u00edas y traiciones parlamentarias, porque adem\u00e1s ya es forzado a extremo el discurso de sus dos candidatos a vicepresidencia, porque en escencia es un partido de la derecha pragm\u00e1tica que siempre estuvo aliniado a los gobiernos neoliberales de turno.<\/p>","protected":false},"excerpt":{"rendered":"<p>Lima, 3 de diciembre de 2025 \u2013 El partido Podemos Per\u00fa, que actualmente postula a Ra\u00fal Noblecilla como candidato a la segunda vicepresidencia con discurso de \u201cdefensa del pueblo\u201d y promesa de indulto a Pedro Castillo, quedar\u00eda en una posici\u00f3n extremadamente inc\u00f3moda si el Poder Judicial admite a tr\u00e1mite la acusaci\u00f3n fiscal que solicita 22 [&hellip;]<\/p>\n","protected":false},"author":11,"featured_media":7056,"comment_status":"open","ping_status":"open","sticky":false,"template":"","format":"standard","meta":{"footnotes":""},"categories":[183,174,180,1852],"tags":[2633,2442,2634],"class_list":["post-7055","post","type-post","status-publish","format-standard","has-post-thumbnail","hentry","category-actualidad","category-nacional","category-politica","category-tendencia","tag-pepe-luna","tag-podemos-peru","tag-raul-noblecilla"],"yoast_head":"<!-- This site is optimized with the Yoast SEO plugin v27.4 - https:\/\/yoast.com\/product\/yoast-seo-wordpress\/ -->\n<title>Podemos Per\u00fa enfrentar\u00eda grave crisis de credibilidad si se confirma el juicio oral contra Jos\u00e9 Luna G\u00e1lvez - Pulso27<\/title>\n<meta name=\"robots\" content=\"index, follow, max-snippet:-1, max-image-preview:large, max-video-preview:-1\" \/>\n<link rel=\"canonical\" href=\"https:\/\/pulso27.com\/en\/actualidad\/podemos-peru-enfrentaria-grave-crisis-de-credibilidad-si-se-confirma-el-juicio-oral-contra-jose-luna-galvez\/\" \/>\n<meta property=\"og:locale\" content=\"en_US\" \/>\n<meta property=\"og:type\" content=\"article\" \/>\n<meta property=\"og:title\" content=\"Podemos Per\u00fa enfrentar\u00eda grave crisis de credibilidad si se confirma el juicio oral contra Jos\u00e9 Luna G\u00e1lvez - Pulso27\" \/>\n<meta property=\"og:description\" content=\"Lima, 3 de diciembre de 2025 \u2013 El partido Podemos Per\u00fa, que actualmente postula a Ra\u00fal Noblecilla como candidato a la segunda vicepresidencia con discurso de \u201cdefensa del pueblo\u201d y promesa de indulto a Pedro Castillo, quedar\u00eda en una posici\u00f3n extremadamente inc\u00f3moda si el Poder Judicial admite a tr\u00e1mite la acusaci\u00f3n fiscal que solicita 22 [&hellip;]\" \/>\n<meta property=\"og:url\" content=\"https:\/\/pulso27.com\/en\/actualidad\/podemos-peru-enfrentaria-grave-crisis-de-credibilidad-si-se-confirma-el-juicio-oral-contra-jose-luna-galvez\/\" \/>\n<meta property=\"og:site_name\" content=\"Pulso27\" \/>\n<meta property=\"article:publisher\" content=\"https:\/\/www.facebook.com\/pulso27\/\" \/>\n<meta property=\"article:author\" content=\"https:\/\/www.facebook.com\/pulso27\" \/>\n<meta property=\"article:published_time\" content=\"2025-12-04T04:08:36+00:00\" \/>\n<meta property=\"article:modified_time\" content=\"2025-12-04T04:08:42+00:00\" \/>\n<meta property=\"og:image\" content=\"https:\/\/pulso27.com\/wp-content\/uploads\/2025\/12\/Podemos.png\" \/>\n\t<meta property=\"og:image:width\" content=\"1200\" \/>\n\t<meta property=\"og:image:height\" content=\"800\" \/>\n\t<meta property=\"og:image:type\" content=\"image\/png\" \/>\n<meta name=\"author\" content=\"Editor\" \/>\n<meta name=\"twitter:card\" content=\"summary_large_image\" \/>\n<meta name=\"twitter:creator\" content=\"@https:\/\/x.com\/Pulso_27\" \/>\n<meta name=\"twitter:site\" content=\"@Pulso_27\" \/>\n<meta name=\"twitter:label1\" content=\"Written by\" \/>\n\t<meta name=\"twitter:data1\" content=\"Editor\" \/>\n\t<meta name=\"twitter:label2\" content=\"Est. reading time\" \/>\n\t<meta name=\"twitter:data2\" content=\"2 minutes\" \/>\n<script type=\"application\/ld+json\" class=\"yoast-schema-graph\">{\"@context\":\"https:\\\/\\\/schema.org\",\"@graph\":[{\"@type\":\"Article\",\"@id\":\"https:\\\/\\\/pulso27.com\\\/actualidad\\\/podemos-peru-enfrentaria-grave-crisis-de-credibilidad-si-se-confirma-el-juicio-oral-contra-jose-luna-galvez\\\/#article\",\"isPartOf\":{\"@id\":\"https:\\\/\\\/pulso27.com\\\/actualidad\\\/podemos-peru-enfrentaria-grave-crisis-de-credibilidad-si-se-confirma-el-juicio-oral-contra-jose-luna-galvez\\\/\"},\"author\":{\"name\":\"Editor\",\"@id\":\"https:\\\/\\\/pulso27.com\\\/en\\\/#\\\/schema\\\/person\\\/e0da4cfacbab724cbf4ab44bcc030735\"},\"headline\":\"Podemos Per\u00fa enfrentar\u00eda grave crisis de credibilidad si se confirma el juicio oral contra Jos\u00e9 Luna G\u00e1lvez\",\"datePublished\":\"2025-12-04T04:08:36+00:00\",\"dateModified\":\"2025-12-04T04:08:42+00:00\",\"mainEntityOfPage\":{\"@id\":\"https:\\\/\\\/pulso27.com\\\/actualidad\\\/podemos-peru-enfrentaria-grave-crisis-de-credibilidad-si-se-confirma-el-juicio-oral-contra-jose-luna-galvez\\\/\"},\"wordCount\":301,\"commentCount\":0,\"publisher\":{\"@id\":\"https:\\\/\\\/pulso27.com\\\/en\\\/#organization\"},\"image\":{\"@id\":\"https:\\\/\\\/pulso27.com\\\/actualidad\\\/podemos-peru-enfrentaria-grave-crisis-de-credibilidad-si-se-confirma-el-juicio-oral-contra-jose-luna-galvez\\\/#primaryimage\"},\"thumbnailUrl\":\"https:\\\/\\\/pulso27.com\\\/wp-content\\\/uploads\\\/2025\\\/12\\\/Podemos.png\",\"keywords\":[\"Pepe Luna\",\"Podemos Per\u00fa\",\"Raul Noblecilla\"],\"articleSection\":[\"Actualidad\",\"Nacional\",\"Pol\u00edtica\",\"Tendencia\"],\"inLanguage\":\"en-US\",\"potentialAction\":[{\"@type\":\"CommentAction\",\"name\":\"Comment\",\"target\":[\"https:\\\/\\\/pulso27.com\\\/actualidad\\\/podemos-peru-enfrentaria-grave-crisis-de-credibilidad-si-se-confirma-el-juicio-oral-contra-jose-luna-galvez\\\/#respond\"]}]},{\"@type\":\"WebPage\",\"@id\":\"https:\\\/\\\/pulso27.com\\\/actualidad\\\/podemos-peru-enfrentaria-grave-crisis-de-credibilidad-si-se-confirma-el-juicio-oral-contra-jose-luna-galvez\\\/\",\"url\":\"https:\\\/\\\/pulso27.com\\\/actualidad\\\/podemos-peru-enfrentaria-grave-crisis-de-credibilidad-si-se-confirma-el-juicio-oral-contra-jose-luna-galvez\\\/\",\"name\":\"Podemos Per\u00fa enfrentar\u00eda grave crisis de credibilidad si se confirma el juicio oral contra Jos\u00e9 Luna G\u00e1lvez - Pulso27\",\"isPartOf\":{\"@id\":\"https:\\\/\\\/pulso27.com\\\/en\\\/#website\"},\"primaryImageOfPage\":{\"@id\":\"https:\\\/\\\/pulso27.com\\\/actualidad\\\/podemos-peru-enfrentaria-grave-crisis-de-credibilidad-si-se-confirma-el-juicio-oral-contra-jose-luna-galvez\\\/#primaryimage\"},\"image\":{\"@id\":\"https:\\\/\\\/pulso27.com\\\/actualidad\\\/podemos-peru-enfrentaria-grave-crisis-de-credibilidad-si-se-confirma-el-juicio-oral-contra-jose-luna-galvez\\\/#primaryimage\"},\"thumbnailUrl\":\"https:\\\/\\\/pulso27.com\\\/wp-content\\\/uploads\\\/2025\\\/12\\\/Podemos.png\",\"datePublished\":\"2025-12-04T04:08:36+00:00\",\"dateModified\":\"2025-12-04T04:08:42+00:00\",\"breadcrumb\":{\"@id\":\"https:\\\/\\\/pulso27.com\\\/actualidad\\\/podemos-peru-enfrentaria-grave-crisis-de-credibilidad-si-se-confirma-el-juicio-oral-contra-jose-luna-galvez\\\/#breadcrumb\"},\"inLanguage\":\"en-US\",\"potentialAction\":[{\"@type\":\"ReadAction\",\"target\":[\"https:\\\/\\\/pulso27.com\\\/actualidad\\\/podemos-peru-enfrentaria-grave-crisis-de-credibilidad-si-se-confirma-el-juicio-oral-contra-jose-luna-galvez\\\/\"]}]},{\"@type\":\"ImageObject\",\"inLanguage\":\"en-US\",\"@id\":\"https:\\\/\\\/pulso27.com\\\/actualidad\\\/podemos-peru-enfrentaria-grave-crisis-de-credibilidad-si-se-confirma-el-juicio-oral-contra-jose-luna-galvez\\\/#primaryimage\",\"url\":\"https:\\\/\\\/pulso27.com\\\/wp-content\\\/uploads\\\/2025\\\/12\\\/Podemos.png\",\"contentUrl\":\"https:\\\/\\\/pulso27.com\\\/wp-content\\\/uploads\\\/2025\\\/12\\\/Podemos.png\",\"width\":1200,\"height\":800},{\"@type\":\"BreadcrumbList\",\"@id\":\"https:\\\/\\\/pulso27.com\\\/actualidad\\\/podemos-peru-enfrentaria-grave-crisis-de-credibilidad-si-se-confirma-el-juicio-oral-contra-jose-luna-galvez\\\/#breadcrumb\",\"itemListElement\":[{\"@type\":\"ListItem\",\"position\":1,\"name\":\"Portada\",\"item\":\"https:\\\/\\\/pulso27.com\\\/\"},{\"@type\":\"ListItem\",\"position\":2,\"name\":\"Podemos Per\u00fa enfrentar\u00eda grave crisis de credibilidad si se confirma el juicio oral contra Jos\u00e9 Luna G\u00e1lvez\"}]},{\"@type\":\"WebSite\",\"@id\":\"https:\\\/\\\/pulso27.com\\\/en\\\/#website\",\"url\":\"https:\\\/\\\/pulso27.com\\\/en\\\/\",\"name\":\"Pulso27\",\"description\":\"Web de noticias y publicidad\",\"publisher\":{\"@id\":\"https:\\\/\\\/pulso27.com\\\/en\\\/#organization\"},\"alternateName\":\"El pulso del pueblo\",\"potentialAction\":[{\"@type\":\"SearchAction\",\"target\":{\"@type\":\"EntryPoint\",\"urlTemplate\":\"https:\\\/\\\/pulso27.com\\\/en\\\/?s={search_term_string}\"},\"query-input\":{\"@type\":\"PropertyValueSpecification\",\"valueRequired\":true,\"valueName\":\"search_term_string\"}}],\"inLanguage\":\"en-US\"},{\"@type\":\"Organization\",\"@id\":\"https:\\\/\\\/pulso27.com\\\/en\\\/#organization\",\"name\":\"Pulso27\",\"url\":\"https:\\\/\\\/pulso27.com\\\/en\\\/\",\"logo\":{\"@type\":\"ImageObject\",\"inLanguage\":\"en-US\",\"@id\":\"https:\\\/\\\/pulso27.com\\\/en\\\/#\\\/schema\\\/logo\\\/image\\\/\",\"url\":\"https:\\\/\\\/pulso27.com\\\/wp-content\\\/uploads\\\/2026\\\/02\\\/Logotipo-de-la-organizacion-696-x-696-px-ok.png\",\"contentUrl\":\"https:\\\/\\\/pulso27.com\\\/wp-content\\\/uploads\\\/2026\\\/02\\\/Logotipo-de-la-organizacion-696-x-696-px-ok.png\",\"width\":696,\"height\":696,\"caption\":\"Pulso27\"},\"image\":{\"@id\":\"https:\\\/\\\/pulso27.com\\\/en\\\/#\\\/schema\\\/logo\\\/image\\\/\"},\"sameAs\":[\"https:\\\/\\\/www.facebook.com\\\/pulso27\\\/\",\"https:\\\/\\\/x.com\\\/Pulso_27\",\"https:\\\/\\\/www.youtube.com\\\/@Pulso27\",\"https:\\\/\\\/www.tiktok.com\\\/@pulso_27\"]},{\"@type\":\"Person\",\"@id\":\"https:\\\/\\\/pulso27.com\\\/en\\\/#\\\/schema\\\/person\\\/e0da4cfacbab724cbf4ab44bcc030735\",\"name\":\"Editor\",\"image\":{\"@type\":\"ImageObject\",\"inLanguage\":\"en-US\",\"@id\":\"https:\\\/\\\/pulso27.com\\\/wp-content\\\/uploads\\\/2025\\\/03\\\/c-150x150.png\",\"url\":\"https:\\\/\\\/pulso27.com\\\/wp-content\\\/uploads\\\/2025\\\/03\\\/c-150x150.png\",\"contentUrl\":\"https:\\\/\\\/pulso27.com\\\/wp-content\\\/uploads\\\/2025\\\/03\\\/c-150x150.png\",\"caption\":\"Editor\"},\"sameAs\":[\"http:\\\/\\\/www.pulso27.com\",\"https:\\\/\\\/www.facebook.com\\\/pulso27\",\"https:\\\/\\\/x.com\\\/https:\\\/\\\/x.com\\\/Pulso_27\",\"https:\\\/\\\/www.youtube.com\\\/@Pulso27\"],\"url\":\"https:\\\/\\\/pulso27.com\\\/en\\\/author\\\/editor\\\/\"}]}<\/script>\n<!-- \/ Yoast SEO plugin. -->","yoast_head_json":{"title":"Podemos Per\u00fa enfrentar\u00eda grave crisis de credibilidad si se confirma el juicio oral contra Jos\u00e9 Luna G\u00e1lvez - Pulso27","robots":{"index":"index","follow":"follow","max-snippet":"max-snippet:-1","max-image-preview":"max-image-preview:large","max-video-preview":"max-video-preview:-1"},"canonical":"https:\/\/pulso27.com\/en\/actualidad\/podemos-peru-enfrentaria-grave-crisis-de-credibilidad-si-se-confirma-el-juicio-oral-contra-jose-luna-galvez\/","og_locale":"en_US","og_type":"article","og_title":"Podemos Per\u00fa enfrentar\u00eda grave crisis de credibilidad si se confirma el juicio oral contra Jos\u00e9 Luna G\u00e1lvez - Pulso27","og_description":"Lima, 3 de diciembre de 2025 \u2013 El partido Podemos Per\u00fa, que actualmente postula a Ra\u00fal Noblecilla como candidato a la segunda vicepresidencia con discurso de \u201cdefensa del pueblo\u201d y promesa de indulto a Pedro Castillo, quedar\u00eda en una posici\u00f3n extremadamente inc\u00f3moda si el Poder Judicial admite a tr\u00e1mite la acusaci\u00f3n fiscal que solicita 22 [&hellip;]","og_url":"https:\/\/pulso27.com\/en\/actualidad\/podemos-peru-enfrentaria-grave-crisis-de-credibilidad-si-se-confirma-el-juicio-oral-contra-jose-luna-galvez\/","og_site_name":"Pulso27","article_publisher":"https:\/\/www.facebook.com\/pulso27\/","article_author":"https:\/\/www.facebook.com\/pulso27","article_published_time":"2025-12-04T04:08:36+00:00","article_modified_time":"2025-12-04T04:08:42+00:00","og_image":[{"width":1200,"height":800,"url":"https:\/\/pulso27.com\/wp-content\/uploads\/2025\/12\/Podemos.png","type":"image\/png"}],"author":"Editor","twitter_card":"summary_large_image","twitter_creator":"@https:\/\/x.com\/Pulso_27","twitter_site":"@Pulso_27","twitter_misc":{"Written by":"Editor","Est. reading time":"2 minutes"},"schema":{"@context":"https:\/\/schema.org","@graph":[{"@type":"Article","@id":"https:\/\/pulso27.com\/actualidad\/podemos-peru-enfrentaria-grave-crisis-de-credibilidad-si-se-confirma-el-juicio-oral-contra-jose-luna-galvez\/#article","isPartOf":{"@id":"https:\/\/pulso27.com\/actualidad\/podemos-peru-enfrentaria-grave-crisis-de-credibilidad-si-se-confirma-el-juicio-oral-contra-jose-luna-galvez\/"},"author":{"name":"Editor","@id":"https:\/\/pulso27.com\/en\/#\/schema\/person\/e0da4cfacbab724cbf4ab44bcc030735"},"headline":"Podemos Per\u00fa enfrentar\u00eda grave crisis de credibilidad si se confirma el juicio oral contra Jos\u00e9 Luna G\u00e1lvez","datePublished":"2025-12-04T04:08:36+00:00","dateModified":"2025-12-04T04:08:42+00:00","mainEntityOfPage":{"@id":"https:\/\/pulso27.com\/actualidad\/podemos-peru-enfrentaria-grave-crisis-de-credibilidad-si-se-confirma-el-juicio-oral-contra-jose-luna-galvez\/"},"wordCount":301,"commentCount":0,"publisher":{"@id":"https:\/\/pulso27.com\/en\/#organization"},"image":{"@id":"https:\/\/pulso27.com\/actualidad\/podemos-peru-enfrentaria-grave-crisis-de-credibilidad-si-se-confirma-el-juicio-oral-contra-jose-luna-galvez\/#primaryimage"},"thumbnailUrl":"https:\/\/pulso27.com\/wp-content\/uploads\/2025\/12\/Podemos.png","keywords":["Pepe Luna","Podemos Per\u00fa","Raul Noblecilla"],"articleSection":["Actualidad","Nacional","Pol\u00edtica","Tendencia"],"inLanguage":"en-US","potentialAction":[{"@type":"CommentAction","name":"Comment","target":["https:\/\/pulso27.com\/actualidad\/podemos-peru-enfrentaria-grave-crisis-de-credibilidad-si-se-confirma-el-juicio-oral-contra-jose-luna-galvez\/#respond"]}]},{"@type":"WebPage","@id":"https:\/\/pulso27.com\/actualidad\/podemos-peru-enfrentaria-grave-crisis-de-credibilidad-si-se-confirma-el-juicio-oral-contra-jose-luna-galvez\/","url":"https:\/\/pulso27.com\/actualidad\/podemos-peru-enfrentaria-grave-crisis-de-credibilidad-si-se-confirma-el-juicio-oral-contra-jose-luna-galvez\/","name":"Podemos Per\u00fa enfrentar\u00eda grave crisis de credibilidad si se confirma el juicio oral contra Jos\u00e9 Luna G\u00e1lvez - Pulso27","isPartOf":{"@id":"https:\/\/pulso27.com\/en\/#website"},"primaryImageOfPage":{"@id":"https:\/\/pulso27.com\/actualidad\/podemos-peru-enfrentaria-grave-crisis-de-credibilidad-si-se-confirma-el-juicio-oral-contra-jose-luna-galvez\/#primaryimage"},"image":{"@id":"https:\/\/pulso27.com\/actualidad\/podemos-peru-enfrentaria-grave-crisis-de-credibilidad-si-se-confirma-el-juicio-oral-contra-jose-luna-galvez\/#primaryimage"},"thumbnailUrl":"https:\/\/pulso27.com\/wp-content\/uploads\/2025\/12\/Podemos.png","datePublished":"2025-12-04T04:08:36+00:00","dateModified":"2025-12-04T04:08:42+00:00","breadcrumb":{"@id":"https:\/\/pulso27.com\/actualidad\/podemos-peru-enfrentaria-grave-crisis-de-credibilidad-si-se-confirma-el-juicio-oral-contra-jose-luna-galvez\/#breadcrumb"},"inLanguage":"en-US","potentialAction":[{"@type":"ReadAction","target":["https:\/\/pulso27.com\/actualidad\/podemos-peru-enfrentaria-grave-crisis-de-credibilidad-si-se-confirma-el-juicio-oral-contra-jose-luna-galvez\/"]}]},{"@type":"ImageObject","inLanguage":"en-US","@id":"https:\/\/pulso27.com\/actualidad\/podemos-peru-enfrentaria-grave-crisis-de-credibilidad-si-se-confirma-el-juicio-oral-contra-jose-luna-galvez\/#primaryimage","url":"https:\/\/pulso27.com\/wp-content\/uploads\/2025\/12\/Podemos.png","contentUrl":"https:\/\/pulso27.com\/wp-content\/uploads\/2025\/12\/Podemos.png","width":1200,"height":800},{"@type":"BreadcrumbList","@id":"https:\/\/pulso27.com\/actualidad\/podemos-peru-enfrentaria-grave-crisis-de-credibilidad-si-se-confirma-el-juicio-oral-contra-jose-luna-galvez\/#breadcrumb","itemListElement":[{"@type":"ListItem","position":1,"name":"Portada","item":"https:\/\/pulso27.com\/"},{"@type":"ListItem","position":2,"name":"Podemos Per\u00fa enfrentar\u00eda grave crisis de credibilidad si se confirma el juicio oral contra Jos\u00e9 Luna G\u00e1lvez"}]},{"@type":"WebSite","@id":"https:\/\/pulso27.com\/en\/#website","url":"https:\/\/pulso27.com\/en\/","name":"Pulso27","description":"Web de noticias y publicidad","publisher":{"@id":"https:\/\/pulso27.com\/en\/#organization"},"alternateName":"El pulso del pueblo","potentialAction":[{"@type":"SearchAction","target":{"@type":"EntryPoint","urlTemplate":"https:\/\/pulso27.com\/en\/?s={search_term_string}"},"query-input":{"@type":"PropertyValueSpecification","valueRequired":true,"valueName":"search_term_string"}}],"inLanguage":"en-US"},{"@type":"Organization","@id":"https:\/\/pulso27.com\/en\/#organization","name":"Pulso27","url":"https:\/\/pulso27.com\/en\/","logo":{"@type":"ImageObject","inLanguage":"en-US","@id":"https:\/\/pulso27.com\/en\/#\/schema\/logo\/image\/","url":"https:\/\/pulso27.com\/wp-content\/uploads\/2026\/02\/Logotipo-de-la-organizacion-696-x-696-px-ok.png","contentUrl":"https:\/\/pulso27.com\/wp-content\/uploads\/2026\/02\/Logotipo-de-la-organizacion-696-x-696-px-ok.png","width":696,"height":696,"caption":"Pulso27"},"image":{"@id":"https:\/\/pulso27.com\/en\/#\/schema\/logo\/image\/"},"sameAs":["https:\/\/www.facebook.com\/pulso27\/","https:\/\/x.com\/Pulso_27","https:\/\/www.youtube.com\/@Pulso27","https:\/\/www.tiktok.com\/@pulso_27"]},{"@type":"Person","@id":"https:\/\/pulso27.com\/en\/#\/schema\/person\/e0da4cfacbab724cbf4ab44bcc030735","name":"Editor","image":{"@type":"ImageObject","inLanguage":"en-US","@id":"https:\/\/pulso27.com\/wp-content\/uploads\/2025\/03\/c-150x150.png","url":"https:\/\/pulso27.com\/wp-content\/uploads\/2025\/03\/c-150x150.png","contentUrl":"https:\/\/pulso27.com\/wp-content\/uploads\/2025\/03\/c-150x150.png","caption":"Editor"},"sameAs":["http:\/\/www.pulso27.com","https:\/\/www.facebook.com\/pulso27","https:\/\/x.com\/https:\/\/x.com\/Pulso_27","https:\/\/www.youtube.com\/@Pulso27"],"url":"https:\/\/pulso27.com\/en\/author\/editor\/"}]}},"amp_enabled":true,"_links":{"self":[{"href":"https:\/\/pulso27.com\/en\/wp-json\/wp\/v2\/posts\/7055","targetHints":{"allow":["GET"]}}],"collection":[{"href":"https:\/\/pulso27.com\/en\/wp-json\/wp\/v2\/posts"}],"about":[{"href":"https:\/\/pulso27.com\/en\/wp-json\/wp\/v2\/types\/post"}],"author":[{"embeddable":true,"href":"https:\/\/pulso27.com\/en\/wp-json\/wp\/v2\/users\/11"}],"replies":[{"embeddable":true,"href":"https:\/\/pulso27.com\/en\/wp-json\/wp\/v2\/comments?post=7055"}],"version-history":[{"count":1,"href":"https:\/\/pulso27.com\/en\/wp-json\/wp\/v2\/posts\/7055\/revisions"}],"predecessor-version":[{"id":7060,"href":"https:\/\/pulso27.com\/en\/wp-json\/wp\/v2\/posts\/7055\/revisions\/7060"}],"wp:featuredmedia":[{"embeddable":true,"href":"https:\/\/pulso27.com\/en\/wp-json\/wp\/v2\/media\/7056"}],"wp:attachment":[{"href":"https:\/\/pulso27.com\/en\/wp-json\/wp\/v2\/media?parent=7055"}],"wp:term":[{"taxonomy":"category","embeddable":true,"href":"https:\/\/pulso27.com\/en\/wp-json\/wp\/v2\/categories?post=7055"},{"taxonomy":"post_tag","embeddable":true,"href":"https:\/\/pulso27.com\/en\/wp-json\/wp\/v2\/tags?post=7055"}],"curies":[{"name":"wp","href":"https:\/\/api.w.org\/{rel}","templated":true}]}}