{"id":7062,"date":"2025-12-04T10:14:03","date_gmt":"2025-12-04T05:14:03","guid":{"rendered":"https:\/\/pulso27.com\/?p=7062"},"modified":"2025-12-04T10:14:36","modified_gmt":"2025-12-04T05:14:36","slug":"freno-historico-a-la-inhabilitacion-de-pedro-castillo-y-betssy-chavez-en-el-congreso","status":"publish","type":"post","link":"https:\/\/pulso27.com\/en\/actualidad\/politica\/freno-historico-a-la-inhabilitacion-de-pedro-castillo-y-betssy-chavez-en-el-congreso\/","title":{"rendered":"FRENO HIST\u00d3RICO A LA INHABILITACI\u00d3N DE PEDRO CASTILLO Y BETSSY CH\u00c1VEZ EN EL CONGRESO"},"content":{"rendered":"<p>En una decisiva sesi\u00f3n parlamentaria, un bloque de congresistas de izquierda socialista y del movimiento popular logr\u00f3 detener el nuevo intento de la derecha por inhabilitar pol\u00edticamente al expresidente Pedro Castillo y a la ex primera ministra Betssy Ch\u00e1vez. La propuesta conservadora obtuvo solo 44 votos a favor en el caso de Castillo y 53 en el de Ch\u00e1vez, cifras muy por debajo de los 68 votos requeridos. La jornada dej\u00f3 en evidencia la creciente resistencia frente al lawfare y al uso pol\u00edtico de las instituciones que se profundiz\u00f3 tras la ruptura constitucional del 7 de diciembre de 2022.<\/p>\n\n\n\n<p>La congresista Margot Palacios, de Juntos por el Per\u00fa, encabez\u00f3 la firme oposici\u00f3n a estas inhabilitaciones, respaldada por legisladores de diversas bancadas de izquierda y del movimiento popular como Germ\u00e1n Tacuri, Roberto S\u00e1nchez, Wilson Quispe, Jaime Quito, Pasi\u00f3n D\u00e1vila y Jos\u00e9 Mar\u00eda Balc\u00e1zar. Para Palacios y sus colegas, las acusaciones carecen de sustento jur\u00eddico y forman parte de una estrategia destinada a impedir que l\u00edderes con amplio respaldo popular contin\u00faen participando en la vida pol\u00edtica del pa\u00eds.<\/p>\n\n\n\n<p>Palacios, candidata al Senado con el n\u00famero 8 y respaldada por Pedro Castillo, se ha consolidado como una de las voces m\u00e1s coherentes en la defensa de los perseguidos pol\u00edticos. Recientemente present\u00f3 un proyecto de ley de amnist\u00eda total para Castillo, con el fin de extinguir las condenas y procesos penales derivados de los sucesos de diciembre de 2022. Seg\u00fan la parlamentaria, esta iniciativa busca corregir el uso instrumental del sistema judicial para validar decisiones pol\u00edticas impulsadas desde el Congreso.<\/p>\n\n\n\n<figure class=\"wp-block-image size-full\"><img loading=\"lazy\" decoding=\"async\" width=\"897\" height=\"800\" src=\"https:\/\/pulso27.com\/wp-content\/uploads\/2025\/12\/Margot.png\" alt=\"\" class=\"wp-image-7067\" srcset=\"https:\/\/pulso27.com\/wp-content\/uploads\/2025\/12\/Margot.png 897w, https:\/\/pulso27.com\/wp-content\/uploads\/2025\/12\/Margot-300x268.png 300w, https:\/\/pulso27.com\/wp-content\/uploads\/2025\/12\/Margot-768x685.png 768w, https:\/\/pulso27.com\/wp-content\/uploads\/2025\/12\/Margot-13x12.png 13w\" sizes=\"auto, (max-width: 897px) 100vw, 897px\" \/><figcaption class=\"wp-element-caption\"><em>La congresista Margot Palacios Huam\u00e1n sobre la libertad de Pedro Castillo<\/em><\/figcaption><\/figure>\n\n\n\n<p>La congresista sostiene que las sentencias contra Castillo y Ch\u00e1vez responden a un Poder Judicial subordinado a la actual mayor\u00eda parlamentaria. En reiteradas intervenciones ha denunciado la criminalizaci\u00f3n de la protesta social y el intento de excluir de la esfera electoral a quienes representan proyectos de transformaci\u00f3n econ\u00f3mica y social. Su voz se ha convertido en un referente del campo popular, articulando la defensa de los derechos democr\u00e1ticos con la exigencia de justicia para las v\u00edctimas del r\u00e9gimen.<\/p>\n\n\n\n<p>La reciente votaci\u00f3n demuestra que, pese al control ejercido por la derecha y sectores aliados \u2014incluyendo a parte de Per\u00fa Libre\u2014 existe una resistencia firme dentro y fuera del Parlamento. Para los congresistas que votaron en contra, este resultado es una victoria parcial pero significativa en la defensa de la voluntad popular y en la lucha contra la persecuci\u00f3n pol\u00edtica. Mientras contin\u00faan las demandas por la libertad de Pedro Castillo y justicia para las v\u00edctimas de la represi\u00f3n, Margot Palacios reafirma su compromiso con una democracia al servicio del pueblo y no de los intereses econ\u00f3micos que buscan perpetuar su dominio.<\/p>","protected":false},"excerpt":{"rendered":"<p>En una decisiva sesi\u00f3n parlamentaria, un bloque de congresistas de izquierda socialista y del movimiento popular logr\u00f3 detener el nuevo intento de la derecha por inhabilitar pol\u00edticamente al expresidente Pedro Castillo y a la ex primera ministra Betssy Ch\u00e1vez. La propuesta conservadora obtuvo solo 44 votos a favor en el caso de Castillo y 53 [&hellip;]<\/p>\n","protected":false},"author":13,"featured_media":7063,"comment_status":"open","ping_status":"open","sticky":false,"template":"","format":"standard","meta":{"footnotes":""},"categories":[183,174,180,1852],"tags":[2635,2384,2636,2430],"class_list":["post-7062","post","type-post","status-publish","format-standard","has-post-thumbnail","hentry","category-actualidad","category-nacional","category-politica","category-tendencia","tag-betsy-chavez-chino","tag-juntos-por-el-peru","tag-margot-palacios-huaman-2","tag-pedro-castillo-terrones"],"yoast_head":"<!-- This site is optimized with the Yoast SEO plugin v27.4 - https:\/\/yoast.com\/product\/yoast-seo-wordpress\/ -->\n<title>FRENO HIST\u00d3RICO A LA INHABILITACI\u00d3N DE PEDRO CASTILLO Y BETSSY CH\u00c1VEZ EN EL CONGRESO - Pulso27<\/title>\n<meta name=\"robots\" content=\"index, follow, max-snippet:-1, max-image-preview:large, max-video-preview:-1\" \/>\n<link rel=\"canonical\" href=\"https:\/\/pulso27.com\/en\/actualidad\/politica\/freno-historico-a-la-inhabilitacion-de-pedro-castillo-y-betssy-chavez-en-el-congreso\/\" \/>\n<meta property=\"og:locale\" content=\"en_US\" \/>\n<meta property=\"og:type\" content=\"article\" \/>\n<meta property=\"og:title\" content=\"FRENO HIST\u00d3RICO A LA INHABILITACI\u00d3N DE PEDRO CASTILLO Y BETSSY CH\u00c1VEZ EN EL CONGRESO - Pulso27\" \/>\n<meta property=\"og:description\" content=\"En una decisiva sesi\u00f3n parlamentaria, un bloque de congresistas de izquierda socialista y del movimiento popular logr\u00f3 detener el nuevo intento de la derecha por inhabilitar pol\u00edticamente al expresidente Pedro Castillo y a la ex primera ministra Betssy Ch\u00e1vez. La propuesta conservadora obtuvo solo 44 votos a favor en el caso de Castillo y 53 [&hellip;]\" \/>\n<meta property=\"og:url\" content=\"https:\/\/pulso27.com\/en\/actualidad\/politica\/freno-historico-a-la-inhabilitacion-de-pedro-castillo-y-betssy-chavez-en-el-congreso\/\" \/>\n<meta property=\"og:site_name\" content=\"Pulso27\" \/>\n<meta property=\"article:publisher\" content=\"https:\/\/www.facebook.com\/pulso27\/\" \/>\n<meta property=\"article:published_time\" content=\"2025-12-04T05:14:03+00:00\" \/>\n<meta property=\"article:modified_time\" content=\"2025-12-04T05:14:36+00:00\" \/>\n<meta property=\"og:image\" content=\"https:\/\/pulso27.com\/wp-content\/uploads\/2025\/12\/PedroC.png\" \/>\n\t<meta property=\"og:image:width\" content=\"1200\" \/>\n\t<meta property=\"og:image:height\" content=\"800\" \/>\n\t<meta property=\"og:image:type\" content=\"image\/png\" \/>\n<meta name=\"author\" content=\"Redactor\" \/>\n<meta name=\"twitter:card\" content=\"summary_large_image\" \/>\n<meta name=\"twitter:creator\" content=\"@Pulso_27\" \/>\n<meta name=\"twitter:site\" content=\"@Pulso_27\" \/>\n<meta name=\"twitter:label1\" content=\"Written by\" \/>\n\t<meta name=\"twitter:data1\" content=\"Redactor\" \/>\n\t<meta name=\"twitter:label2\" content=\"Est. reading time\" \/>\n\t<meta name=\"twitter:data2\" content=\"3 minutes\" \/>\n<script type=\"application\/ld+json\" class=\"yoast-schema-graph\">{\"@context\":\"https:\\\/\\\/schema.org\",\"@graph\":[{\"@type\":\"Article\",\"@id\":\"https:\\\/\\\/pulso27.com\\\/actualidad\\\/politica\\\/freno-historico-a-la-inhabilitacion-de-pedro-castillo-y-betssy-chavez-en-el-congreso\\\/#article\",\"isPartOf\":{\"@id\":\"https:\\\/\\\/pulso27.com\\\/actualidad\\\/politica\\\/freno-historico-a-la-inhabilitacion-de-pedro-castillo-y-betssy-chavez-en-el-congreso\\\/\"},\"author\":{\"name\":\"Redactor\",\"@id\":\"https:\\\/\\\/pulso27.com\\\/en\\\/#\\\/schema\\\/person\\\/bf5ee161e6c87f6c7d57f5e689ef8526\"},\"headline\":\"FRENO HIST\u00d3RICO A LA INHABILITACI\u00d3N DE PEDRO CASTILLO Y BETSSY CH\u00c1VEZ EN EL CONGRESO\",\"datePublished\":\"2025-12-04T05:14:03+00:00\",\"dateModified\":\"2025-12-04T05:14:36+00:00\",\"mainEntityOfPage\":{\"@id\":\"https:\\\/\\\/pulso27.com\\\/actualidad\\\/politica\\\/freno-historico-a-la-inhabilitacion-de-pedro-castillo-y-betssy-chavez-en-el-congreso\\\/\"},\"wordCount\":495,\"commentCount\":0,\"publisher\":{\"@id\":\"https:\\\/\\\/pulso27.com\\\/en\\\/#organization\"},\"image\":{\"@id\":\"https:\\\/\\\/pulso27.com\\\/actualidad\\\/politica\\\/freno-historico-a-la-inhabilitacion-de-pedro-castillo-y-betssy-chavez-en-el-congreso\\\/#primaryimage\"},\"thumbnailUrl\":\"https:\\\/\\\/pulso27.com\\\/wp-content\\\/uploads\\\/2025\\\/12\\\/PedroC.png\",\"keywords\":[\"Betsy Ch\u00e1vez Chino\",\"Juntos por el Per\u00fa\",\"Margot Palacios Huam\u00e1n\",\"Pedro Castillo Terrones\"],\"articleSection\":[\"Actualidad\",\"Nacional\",\"Pol\u00edtica\",\"Tendencia\"],\"inLanguage\":\"en-US\",\"potentialAction\":[{\"@type\":\"CommentAction\",\"name\":\"Comment\",\"target\":[\"https:\\\/\\\/pulso27.com\\\/actualidad\\\/politica\\\/freno-historico-a-la-inhabilitacion-de-pedro-castillo-y-betssy-chavez-en-el-congreso\\\/#respond\"]}]},{\"@type\":\"WebPage\",\"@id\":\"https:\\\/\\\/pulso27.com\\\/actualidad\\\/politica\\\/freno-historico-a-la-inhabilitacion-de-pedro-castillo-y-betssy-chavez-en-el-congreso\\\/\",\"url\":\"https:\\\/\\\/pulso27.com\\\/actualidad\\\/politica\\\/freno-historico-a-la-inhabilitacion-de-pedro-castillo-y-betssy-chavez-en-el-congreso\\\/\",\"name\":\"FRENO HIST\u00d3RICO A LA INHABILITACI\u00d3N DE PEDRO CASTILLO Y BETSSY CH\u00c1VEZ EN EL CONGRESO - Pulso27\",\"isPartOf\":{\"@id\":\"https:\\\/\\\/pulso27.com\\\/en\\\/#website\"},\"primaryImageOfPage\":{\"@id\":\"https:\\\/\\\/pulso27.com\\\/actualidad\\\/politica\\\/freno-historico-a-la-inhabilitacion-de-pedro-castillo-y-betssy-chavez-en-el-congreso\\\/#primaryimage\"},\"image\":{\"@id\":\"https:\\\/\\\/pulso27.com\\\/actualidad\\\/politica\\\/freno-historico-a-la-inhabilitacion-de-pedro-castillo-y-betssy-chavez-en-el-congreso\\\/#primaryimage\"},\"thumbnailUrl\":\"https:\\\/\\\/pulso27.com\\\/wp-content\\\/uploads\\\/2025\\\/12\\\/PedroC.png\",\"datePublished\":\"2025-12-04T05:14:03+00:00\",\"dateModified\":\"2025-12-04T05:14:36+00:00\",\"breadcrumb\":{\"@id\":\"https:\\\/\\\/pulso27.com\\\/actualidad\\\/politica\\\/freno-historico-a-la-inhabilitacion-de-pedro-castillo-y-betssy-chavez-en-el-congreso\\\/#breadcrumb\"},\"inLanguage\":\"en-US\",\"potentialAction\":[{\"@type\":\"ReadAction\",\"target\":[\"https:\\\/\\\/pulso27.com\\\/actualidad\\\/politica\\\/freno-historico-a-la-inhabilitacion-de-pedro-castillo-y-betssy-chavez-en-el-congreso\\\/\"]}]},{\"@type\":\"ImageObject\",\"inLanguage\":\"en-US\",\"@id\":\"https:\\\/\\\/pulso27.com\\\/actualidad\\\/politica\\\/freno-historico-a-la-inhabilitacion-de-pedro-castillo-y-betssy-chavez-en-el-congreso\\\/#primaryimage\",\"url\":\"https:\\\/\\\/pulso27.com\\\/wp-content\\\/uploads\\\/2025\\\/12\\\/PedroC.png\",\"contentUrl\":\"https:\\\/\\\/pulso27.com\\\/wp-content\\\/uploads\\\/2025\\\/12\\\/PedroC.png\",\"width\":1200,\"height\":800},{\"@type\":\"BreadcrumbList\",\"@id\":\"https:\\\/\\\/pulso27.com\\\/actualidad\\\/politica\\\/freno-historico-a-la-inhabilitacion-de-pedro-castillo-y-betssy-chavez-en-el-congreso\\\/#breadcrumb\",\"itemListElement\":[{\"@type\":\"ListItem\",\"position\":1,\"name\":\"Portada\",\"item\":\"https:\\\/\\\/pulso27.com\\\/\"},{\"@type\":\"ListItem\",\"position\":2,\"name\":\"FRENO HIST\u00d3RICO A LA INHABILITACI\u00d3N DE PEDRO CASTILLO Y BETSSY CH\u00c1VEZ EN EL CONGRESO\"}]},{\"@type\":\"WebSite\",\"@id\":\"https:\\\/\\\/pulso27.com\\\/en\\\/#website\",\"url\":\"https:\\\/\\\/pulso27.com\\\/en\\\/\",\"name\":\"Pulso27\",\"description\":\"Web de noticias y publicidad\",\"publisher\":{\"@id\":\"https:\\\/\\\/pulso27.com\\\/en\\\/#organization\"},\"alternateName\":\"El pulso del pueblo\",\"potentialAction\":[{\"@type\":\"SearchAction\",\"target\":{\"@type\":\"EntryPoint\",\"urlTemplate\":\"https:\\\/\\\/pulso27.com\\\/en\\\/?s={search_term_string}\"},\"query-input\":{\"@type\":\"PropertyValueSpecification\",\"valueRequired\":true,\"valueName\":\"search_term_string\"}}],\"inLanguage\":\"en-US\"},{\"@type\":\"Organization\",\"@id\":\"https:\\\/\\\/pulso27.com\\\/en\\\/#organization\",\"name\":\"Pulso27\",\"url\":\"https:\\\/\\\/pulso27.com\\\/en\\\/\",\"logo\":{\"@type\":\"ImageObject\",\"inLanguage\":\"en-US\",\"@id\":\"https:\\\/\\\/pulso27.com\\\/en\\\/#\\\/schema\\\/logo\\\/image\\\/\",\"url\":\"https:\\\/\\\/pulso27.com\\\/wp-content\\\/uploads\\\/2026\\\/02\\\/Logotipo-de-la-organizacion-696-x-696-px-ok.png\",\"contentUrl\":\"https:\\\/\\\/pulso27.com\\\/wp-content\\\/uploads\\\/2026\\\/02\\\/Logotipo-de-la-organizacion-696-x-696-px-ok.png\",\"width\":696,\"height\":696,\"caption\":\"Pulso27\"},\"image\":{\"@id\":\"https:\\\/\\\/pulso27.com\\\/en\\\/#\\\/schema\\\/logo\\\/image\\\/\"},\"sameAs\":[\"https:\\\/\\\/www.facebook.com\\\/pulso27\\\/\",\"https:\\\/\\\/x.com\\\/Pulso_27\",\"https:\\\/\\\/www.youtube.com\\\/@Pulso27\",\"https:\\\/\\\/www.tiktok.com\\\/@pulso_27\"]},{\"@type\":\"Person\",\"@id\":\"https:\\\/\\\/pulso27.com\\\/en\\\/#\\\/schema\\\/person\\\/bf5ee161e6c87f6c7d57f5e689ef8526\",\"name\":\"Redactor\",\"image\":{\"@type\":\"ImageObject\",\"inLanguage\":\"en-US\",\"@id\":\"https:\\\/\\\/pulso27.com\\\/wp-content\\\/uploads\\\/2025\\\/03\\\/a-150x150.png\",\"url\":\"https:\\\/\\\/pulso27.com\\\/wp-content\\\/uploads\\\/2025\\\/03\\\/a-150x150.png\",\"contentUrl\":\"https:\\\/\\\/pulso27.com\\\/wp-content\\\/uploads\\\/2025\\\/03\\\/a-150x150.png\",\"caption\":\"Redactor\"},\"sameAs\":[\"http:\\\/\\\/www.pulso27.com\"],\"url\":\"https:\\\/\\\/pulso27.com\\\/en\\\/author\\\/redactor\\\/\"}]}<\/script>\n<!-- \/ Yoast SEO plugin. -->","yoast_head_json":{"title":"FRENO HIST\u00d3RICO A LA INHABILITACI\u00d3N DE PEDRO CASTILLO Y BETSSY CH\u00c1VEZ EN EL CONGRESO - Pulso27","robots":{"index":"index","follow":"follow","max-snippet":"max-snippet:-1","max-image-preview":"max-image-preview:large","max-video-preview":"max-video-preview:-1"},"canonical":"https:\/\/pulso27.com\/en\/actualidad\/politica\/freno-historico-a-la-inhabilitacion-de-pedro-castillo-y-betssy-chavez-en-el-congreso\/","og_locale":"en_US","og_type":"article","og_title":"FRENO HIST\u00d3RICO A LA INHABILITACI\u00d3N DE PEDRO CASTILLO Y BETSSY CH\u00c1VEZ EN EL CONGRESO - Pulso27","og_description":"En una decisiva sesi\u00f3n parlamentaria, un bloque de congresistas de izquierda socialista y del movimiento popular logr\u00f3 detener el nuevo intento de la derecha por inhabilitar pol\u00edticamente al expresidente Pedro Castillo y a la ex primera ministra Betssy Ch\u00e1vez. La propuesta conservadora obtuvo solo 44 votos a favor en el caso de Castillo y 53 [&hellip;]","og_url":"https:\/\/pulso27.com\/en\/actualidad\/politica\/freno-historico-a-la-inhabilitacion-de-pedro-castillo-y-betssy-chavez-en-el-congreso\/","og_site_name":"Pulso27","article_publisher":"https:\/\/www.facebook.com\/pulso27\/","article_published_time":"2025-12-04T05:14:03+00:00","article_modified_time":"2025-12-04T05:14:36+00:00","og_image":[{"width":1200,"height":800,"url":"https:\/\/pulso27.com\/wp-content\/uploads\/2025\/12\/PedroC.png","type":"image\/png"}],"author":"Redactor","twitter_card":"summary_large_image","twitter_creator":"@Pulso_27","twitter_site":"@Pulso_27","twitter_misc":{"Written by":"Redactor","Est. reading time":"3 minutes"},"schema":{"@context":"https:\/\/schema.org","@graph":[{"@type":"Article","@id":"https:\/\/pulso27.com\/actualidad\/politica\/freno-historico-a-la-inhabilitacion-de-pedro-castillo-y-betssy-chavez-en-el-congreso\/#article","isPartOf":{"@id":"https:\/\/pulso27.com\/actualidad\/politica\/freno-historico-a-la-inhabilitacion-de-pedro-castillo-y-betssy-chavez-en-el-congreso\/"},"author":{"name":"Redactor","@id":"https:\/\/pulso27.com\/en\/#\/schema\/person\/bf5ee161e6c87f6c7d57f5e689ef8526"},"headline":"FRENO HIST\u00d3RICO A LA INHABILITACI\u00d3N DE PEDRO CASTILLO Y BETSSY CH\u00c1VEZ EN EL CONGRESO","datePublished":"2025-12-04T05:14:03+00:00","dateModified":"2025-12-04T05:14:36+00:00","mainEntityOfPage":{"@id":"https:\/\/pulso27.com\/actualidad\/politica\/freno-historico-a-la-inhabilitacion-de-pedro-castillo-y-betssy-chavez-en-el-congreso\/"},"wordCount":495,"commentCount":0,"publisher":{"@id":"https:\/\/pulso27.com\/en\/#organization"},"image":{"@id":"https:\/\/pulso27.com\/actualidad\/politica\/freno-historico-a-la-inhabilitacion-de-pedro-castillo-y-betssy-chavez-en-el-congreso\/#primaryimage"},"thumbnailUrl":"https:\/\/pulso27.com\/wp-content\/uploads\/2025\/12\/PedroC.png","keywords":["Betsy Ch\u00e1vez Chino","Juntos por el Per\u00fa","Margot Palacios Huam\u00e1n","Pedro Castillo Terrones"],"articleSection":["Actualidad","Nacional","Pol\u00edtica","Tendencia"],"inLanguage":"en-US","potentialAction":[{"@type":"CommentAction","name":"Comment","target":["https:\/\/pulso27.com\/actualidad\/politica\/freno-historico-a-la-inhabilitacion-de-pedro-castillo-y-betssy-chavez-en-el-congreso\/#respond"]}]},{"@type":"WebPage","@id":"https:\/\/pulso27.com\/actualidad\/politica\/freno-historico-a-la-inhabilitacion-de-pedro-castillo-y-betssy-chavez-en-el-congreso\/","url":"https:\/\/pulso27.com\/actualidad\/politica\/freno-historico-a-la-inhabilitacion-de-pedro-castillo-y-betssy-chavez-en-el-congreso\/","name":"FRENO HIST\u00d3RICO A LA INHABILITACI\u00d3N DE PEDRO CASTILLO Y BETSSY CH\u00c1VEZ EN EL CONGRESO - Pulso27","isPartOf":{"@id":"https:\/\/pulso27.com\/en\/#website"},"primaryImageOfPage":{"@id":"https:\/\/pulso27.com\/actualidad\/politica\/freno-historico-a-la-inhabilitacion-de-pedro-castillo-y-betssy-chavez-en-el-congreso\/#primaryimage"},"image":{"@id":"https:\/\/pulso27.com\/actualidad\/politica\/freno-historico-a-la-inhabilitacion-de-pedro-castillo-y-betssy-chavez-en-el-congreso\/#primaryimage"},"thumbnailUrl":"https:\/\/pulso27.com\/wp-content\/uploads\/2025\/12\/PedroC.png","datePublished":"2025-12-04T05:14:03+00:00","dateModified":"2025-12-04T05:14:36+00:00","breadcrumb":{"@id":"https:\/\/pulso27.com\/actualidad\/politica\/freno-historico-a-la-inhabilitacion-de-pedro-castillo-y-betssy-chavez-en-el-congreso\/#breadcrumb"},"inLanguage":"en-US","potentialAction":[{"@type":"ReadAction","target":["https:\/\/pulso27.com\/actualidad\/politica\/freno-historico-a-la-inhabilitacion-de-pedro-castillo-y-betssy-chavez-en-el-congreso\/"]}]},{"@type":"ImageObject","inLanguage":"en-US","@id":"https:\/\/pulso27.com\/actualidad\/politica\/freno-historico-a-la-inhabilitacion-de-pedro-castillo-y-betssy-chavez-en-el-congreso\/#primaryimage","url":"https:\/\/pulso27.com\/wp-content\/uploads\/2025\/12\/PedroC.png","contentUrl":"https:\/\/pulso27.com\/wp-content\/uploads\/2025\/12\/PedroC.png","width":1200,"height":800},{"@type":"BreadcrumbList","@id":"https:\/\/pulso27.com\/actualidad\/politica\/freno-historico-a-la-inhabilitacion-de-pedro-castillo-y-betssy-chavez-en-el-congreso\/#breadcrumb","itemListElement":[{"@type":"ListItem","position":1,"name":"Portada","item":"https:\/\/pulso27.com\/"},{"@type":"ListItem","position":2,"name":"FRENO HIST\u00d3RICO A LA INHABILITACI\u00d3N DE PEDRO CASTILLO Y BETSSY CH\u00c1VEZ EN EL CONGRESO"}]},{"@type":"WebSite","@id":"https:\/\/pulso27.com\/en\/#website","url":"https:\/\/pulso27.com\/en\/","name":"Pulso27","description":"Web de noticias y publicidad","publisher":{"@id":"https:\/\/pulso27.com\/en\/#organization"},"alternateName":"El pulso del pueblo","potentialAction":[{"@type":"SearchAction","target":{"@type":"EntryPoint","urlTemplate":"https:\/\/pulso27.com\/en\/?s={search_term_string}"},"query-input":{"@type":"PropertyValueSpecification","valueRequired":true,"valueName":"search_term_string"}}],"inLanguage":"en-US"},{"@type":"Organization","@id":"https:\/\/pulso27.com\/en\/#organization","name":"Pulso27","url":"https:\/\/pulso27.com\/en\/","logo":{"@type":"ImageObject","inLanguage":"en-US","@id":"https:\/\/pulso27.com\/en\/#\/schema\/logo\/image\/","url":"https:\/\/pulso27.com\/wp-content\/uploads\/2026\/02\/Logotipo-de-la-organizacion-696-x-696-px-ok.png","contentUrl":"https:\/\/pulso27.com\/wp-content\/uploads\/2026\/02\/Logotipo-de-la-organizacion-696-x-696-px-ok.png","width":696,"height":696,"caption":"Pulso27"},"image":{"@id":"https:\/\/pulso27.com\/en\/#\/schema\/logo\/image\/"},"sameAs":["https:\/\/www.facebook.com\/pulso27\/","https:\/\/x.com\/Pulso_27","https:\/\/www.youtube.com\/@Pulso27","https:\/\/www.tiktok.com\/@pulso_27"]},{"@type":"Person","@id":"https:\/\/pulso27.com\/en\/#\/schema\/person\/bf5ee161e6c87f6c7d57f5e689ef8526","name":"Redactor","image":{"@type":"ImageObject","inLanguage":"en-US","@id":"https:\/\/pulso27.com\/wp-content\/uploads\/2025\/03\/a-150x150.png","url":"https:\/\/pulso27.com\/wp-content\/uploads\/2025\/03\/a-150x150.png","contentUrl":"https:\/\/pulso27.com\/wp-content\/uploads\/2025\/03\/a-150x150.png","caption":"Redactor"},"sameAs":["http:\/\/www.pulso27.com"],"url":"https:\/\/pulso27.com\/en\/author\/redactor\/"}]}},"amp_enabled":true,"_links":{"self":[{"href":"https:\/\/pulso27.com\/en\/wp-json\/wp\/v2\/posts\/7062","targetHints":{"allow":["GET"]}}],"collection":[{"href":"https:\/\/pulso27.com\/en\/wp-json\/wp\/v2\/posts"}],"about":[{"href":"https:\/\/pulso27.com\/en\/wp-json\/wp\/v2\/types\/post"}],"author":[{"embeddable":true,"href":"https:\/\/pulso27.com\/en\/wp-json\/wp\/v2\/users\/13"}],"replies":[{"embeddable":true,"href":"https:\/\/pulso27.com\/en\/wp-json\/wp\/v2\/comments?post=7062"}],"version-history":[{"count":1,"href":"https:\/\/pulso27.com\/en\/wp-json\/wp\/v2\/posts\/7062\/revisions"}],"predecessor-version":[{"id":7068,"href":"https:\/\/pulso27.com\/en\/wp-json\/wp\/v2\/posts\/7062\/revisions\/7068"}],"wp:featuredmedia":[{"embeddable":true,"href":"https:\/\/pulso27.com\/en\/wp-json\/wp\/v2\/media\/7063"}],"wp:attachment":[{"href":"https:\/\/pulso27.com\/en\/wp-json\/wp\/v2\/media?parent=7062"}],"wp:term":[{"taxonomy":"category","embeddable":true,"href":"https:\/\/pulso27.com\/en\/wp-json\/wp\/v2\/categories?post=7062"},{"taxonomy":"post_tag","embeddable":true,"href":"https:\/\/pulso27.com\/en\/wp-json\/wp\/v2\/tags?post=7062"}],"curies":[{"name":"wp","href":"https:\/\/api.w.org\/{rel}","templated":true}]}}