{"id":7073,"date":"2025-12-08T09:45:20","date_gmt":"2025-12-08T04:45:20","guid":{"rendered":"https:\/\/pulso27.com\/?p=7073"},"modified":"2025-12-08T09:45:24","modified_gmt":"2025-12-08T04:45:24","slug":"pedro-castillo-se-asoma-al-senado-con-juntos-por-el-peru","status":"publish","type":"post","link":"https:\/\/pulso27.com\/en\/actualidad\/pedro-castillo-se-asoma-al-senado-con-juntos-por-el-peru\/","title":{"rendered":"Pedro Castillo, se asoma al Senado con Juntos por el Per\u00fa"},"content":{"rendered":"<p>Lima, 7 de diciembre de 2025.- Hace exactamente tres a\u00f1os, el 7 de diciembre de 2022, el entonces presidente Pedro Castillo Terrones fue brutalmente destituido del poder por una derecha parlamentaria que, en un acto de venganza pol\u00edtica, lo acus\u00f3 injustamente de intento de golpe de Estado. En un mensaje a la Naci\u00f3n, Castillo denunci\u00f3 la interferencia constante del Congreso en su gesti\u00f3n, proponiendo medidas excepcionales para restablecer el Estado de derecho ante el bloqueo sistem\u00e1tico de la olig\u00e1rquica que rechazaba al l\u00edder rural elegido por millones de peruanos. Sin embargo, el pleno congresal, dominado por intereses neoliberales y conservadores, lo vac\u00f3 con 101 votos a favor, ignorando el clamor popular y las evidencias de un linchamiento institucional. Detenido ese mismo d\u00eda y recluido en el penal de Barbadillo, Castillo se convirti\u00f3 en s\u00edmbolo de la resistencia contra un sistema que pisotea la voluntad democr\u00e1tica.<\/p>\n\n\n\n<p>A pesar de las graves imputaciones de golpe de Estado y rebeli\u00f3n, el Poder Judicial, en una sentencia confirmada este mes, descart\u00f3 por completo la calificaci\u00f3n de golpe de Estado y rebeli\u00f3n al no encontrar pruebas de alzamiento armado o ejecuci\u00f3n efectiva de las medidas anunciadas. La Corte Suprema ratific\u00f3 solo una condena por conspiraci\u00f3n, con 11 a\u00f1os de prisi\u00f3n y dos de inhabilitaci\u00f3n, pero el fallo enfatiza la ausencia de evidencias concretas que justifiquen la narrativa golpista impulsada por la oposici\u00f3n burguesa y olig\u00e1rquica. \u00abNo hubo golpe de Estado y rebeli\u00f3n ni abuso de autoridad probados\u00bb, se lee en la resoluci\u00f3n del 4 de diciembre, que reduce la pena inicial solicitada por la Fiscal\u00eda de 34 a\u00f1os a una sanci\u00f3n menor, reconociendo impl\u00edcitamente la persecuci\u00f3n pol\u00edtica. Castillo, desde su celda, ha reiterado que su proclama fue un acto de defensa ante un \u00abgolpe permanente\u00bb orquestado por la mayor\u00eda neoliberal del Congreso y aliados medi\u00e1ticos, un discurso que resuena hoy en las bases populares que lo ven como m\u00e1rtir de la izquierda.<\/p>\n\n\n\n<figure class=\"wp-block-image size-large\"><img loading=\"lazy\" decoding=\"async\" width=\"1024\" height=\"683\" src=\"https:\/\/pulso27.com\/wp-content\/uploads\/2025\/12\/image-4-1024x683.png\" alt=\"\" class=\"wp-image-7074\" srcset=\"https:\/\/pulso27.com\/wp-content\/uploads\/2025\/12\/image-4-1024x683.png 1024w, https:\/\/pulso27.com\/wp-content\/uploads\/2025\/12\/image-4-300x200.png 300w, https:\/\/pulso27.com\/wp-content\/uploads\/2025\/12\/image-4-768x512.png 768w, https:\/\/pulso27.com\/wp-content\/uploads\/2025\/12\/image-4-1536x1025.png 1536w, https:\/\/pulso27.com\/wp-content\/uploads\/2025\/12\/image-4-18x12.png 18w, https:\/\/pulso27.com\/wp-content\/uploads\/2025\/12\/image-4.png 2048w\" sizes=\"auto, (max-width: 1024px) 100vw, 1024px\" \/><figcaption class=\"wp-element-caption\"><em>Candidatos al senado por Juntos por el Per\u00fa: Margot Palacios, Jaime Quito y otros<\/em><\/figcaption><\/figure>\n\n\n\n<p>En un giro que ilustra la resiliencia del pueblo peruano, Pedro Castillo, a\u00fan preso, se perfila como el n\u00famero 1 en la lista al Senado por Juntos por el Per\u00fa, liderado por su ex ministro y actual congresista Roberto S\u00e1nchez Palomino, para las elecciones de 2026, flanqueado por l\u00edderes de la izquierda popular como Margot Palacios, Jaime Quito, Jorge Espeluc\u00edn e Iver Marav\u00ed. A pesar de la inhabilitaci\u00f3n temporal, su candidatura simb\u00f3lica moviliza un caudal electoral masivo, con encuestas que lo proyectan ganando con amplia votaci\u00f3n en regiones andinas y amaz\u00f3nicas, donde su figura encarna la lucha contra la corrupci\u00f3n elitista. S\u00e1nchez, candidato presidencial de la agrupaci\u00f3n, califica esta postulaci\u00f3n como \u00abel retorno de la voz del pueblo al poder\u00bb. Si las urnas confirman su triunfo, Castillo podr\u00eda presidir la nueva C\u00e1mara de Senadores, transformando su injusta reclusi\u00f3n en un mandato popular que desaf\u00ede al establishment lime\u00f1o y reactive el debate por una nueva Constituci\u00f3n. El 7 de diciembre, fecha de traici\u00f3n para unos, se erige como hito de esperanza para el Per\u00fa profundo.<\/p>","protected":false},"excerpt":{"rendered":"<p>Lima, 7 de diciembre de 2025.- Hace exactamente tres a\u00f1os, el 7 de diciembre de 2022, el entonces presidente Pedro Castillo Terrones fue brutalmente destituido del poder por una derecha parlamentaria que, en un acto de venganza pol\u00edtica, lo acus\u00f3 injustamente de intento de golpe de Estado. En un mensaje a la Naci\u00f3n, Castillo denunci\u00f3 [&hellip;]<\/p>\n","protected":false},"author":7,"featured_media":7075,"comment_status":"open","ping_status":"open","sticky":false,"template":"","format":"standard","meta":{"footnotes":""},"categories":[183,174,180,1852],"tags":[2637,2410,2430],"class_list":["post-7073","post","type-post","status-publish","format-standard","has-post-thumbnail","hentry","category-actualidad","category-nacional","category-politica","category-tendencia","tag-7-de-diciembre-2022","tag-margot-palacios-huaman","tag-pedro-castillo-terrones"],"yoast_head":"<!-- This site is optimized with the Yoast SEO plugin v27.4 - https:\/\/yoast.com\/product\/yoast-seo-wordpress\/ -->\n<title>Pedro Castillo, se asoma al Senado con Juntos por el Per\u00fa - Pulso27<\/title>\n<meta name=\"robots\" content=\"index, follow, max-snippet:-1, max-image-preview:large, max-video-preview:-1\" \/>\n<link rel=\"canonical\" href=\"https:\/\/pulso27.com\/en\/actualidad\/pedro-castillo-se-asoma-al-senado-con-juntos-por-el-peru\/\" \/>\n<meta property=\"og:locale\" content=\"en_US\" \/>\n<meta property=\"og:type\" content=\"article\" \/>\n<meta property=\"og:title\" content=\"Pedro Castillo, se asoma al Senado con Juntos por el Per\u00fa - Pulso27\" \/>\n<meta property=\"og:description\" content=\"Lima, 7 de diciembre de 2025.- Hace exactamente tres a\u00f1os, el 7 de diciembre de 2022, el entonces presidente Pedro Castillo Terrones fue brutalmente destituido del poder por una derecha parlamentaria que, en un acto de venganza pol\u00edtica, lo acus\u00f3 injustamente de intento de golpe de Estado. En un mensaje a la Naci\u00f3n, Castillo denunci\u00f3 [&hellip;]\" \/>\n<meta property=\"og:url\" content=\"https:\/\/pulso27.com\/en\/actualidad\/pedro-castillo-se-asoma-al-senado-con-juntos-por-el-peru\/\" \/>\n<meta property=\"og:site_name\" content=\"Pulso27\" \/>\n<meta property=\"article:publisher\" content=\"https:\/\/www.facebook.com\/pulso27\/\" \/>\n<meta property=\"article:published_time\" content=\"2025-12-08T04:45:20+00:00\" \/>\n<meta property=\"article:modified_time\" content=\"2025-12-08T04:45:24+00:00\" \/>\n<meta property=\"og:image\" content=\"https:\/\/pulso27.com\/wp-content\/uploads\/2025\/12\/PedroCs.png\" \/>\n\t<meta property=\"og:image:width\" content=\"1200\" \/>\n\t<meta property=\"og:image:height\" content=\"800\" \/>\n\t<meta property=\"og:image:type\" content=\"image\/png\" \/>\n<meta name=\"author\" content=\"Tupaq\" \/>\n<meta name=\"twitter:card\" content=\"summary_large_image\" \/>\n<meta name=\"twitter:creator\" content=\"@Pulso_27\" \/>\n<meta name=\"twitter:site\" content=\"@Pulso_27\" \/>\n<meta name=\"twitter:label1\" content=\"Written by\" \/>\n\t<meta name=\"twitter:data1\" content=\"Tupaq\" \/>\n\t<meta name=\"twitter:label2\" content=\"Est. reading time\" \/>\n\t<meta name=\"twitter:data2\" content=\"3 minutes\" \/>\n<script type=\"application\/ld+json\" class=\"yoast-schema-graph\">{\"@context\":\"https:\\\/\\\/schema.org\",\"@graph\":[{\"@type\":\"Article\",\"@id\":\"https:\\\/\\\/pulso27.com\\\/actualidad\\\/pedro-castillo-se-asoma-al-senado-con-juntos-por-el-peru\\\/#article\",\"isPartOf\":{\"@id\":\"https:\\\/\\\/pulso27.com\\\/actualidad\\\/pedro-castillo-se-asoma-al-senado-con-juntos-por-el-peru\\\/\"},\"author\":{\"name\":\"Tupaq\",\"@id\":\"https:\\\/\\\/pulso27.com\\\/en\\\/#\\\/schema\\\/person\\\/d20fd7f5bc7f2e53fd150d43fca07a78\"},\"headline\":\"Pedro Castillo, se asoma al Senado con Juntos por el Per\u00fa\",\"datePublished\":\"2025-12-08T04:45:20+00:00\",\"dateModified\":\"2025-12-08T04:45:24+00:00\",\"mainEntityOfPage\":{\"@id\":\"https:\\\/\\\/pulso27.com\\\/actualidad\\\/pedro-castillo-se-asoma-al-senado-con-juntos-por-el-peru\\\/\"},\"wordCount\":557,\"commentCount\":0,\"publisher\":{\"@id\":\"https:\\\/\\\/pulso27.com\\\/en\\\/#organization\"},\"image\":{\"@id\":\"https:\\\/\\\/pulso27.com\\\/actualidad\\\/pedro-castillo-se-asoma-al-senado-con-juntos-por-el-peru\\\/#primaryimage\"},\"thumbnailUrl\":\"https:\\\/\\\/pulso27.com\\\/wp-content\\\/uploads\\\/2025\\\/12\\\/PedroCs.png\",\"keywords\":[\"7 de Diciembre 2022\",\"Margot Palacios Huaman\",\"Pedro Castillo Terrones\"],\"articleSection\":[\"Actualidad\",\"Nacional\",\"Pol\u00edtica\",\"Tendencia\"],\"inLanguage\":\"en-US\",\"potentialAction\":[{\"@type\":\"CommentAction\",\"name\":\"Comment\",\"target\":[\"https:\\\/\\\/pulso27.com\\\/actualidad\\\/pedro-castillo-se-asoma-al-senado-con-juntos-por-el-peru\\\/#respond\"]}]},{\"@type\":\"WebPage\",\"@id\":\"https:\\\/\\\/pulso27.com\\\/actualidad\\\/pedro-castillo-se-asoma-al-senado-con-juntos-por-el-peru\\\/\",\"url\":\"https:\\\/\\\/pulso27.com\\\/actualidad\\\/pedro-castillo-se-asoma-al-senado-con-juntos-por-el-peru\\\/\",\"name\":\"Pedro Castillo, se asoma al Senado con Juntos por el Per\u00fa - Pulso27\",\"isPartOf\":{\"@id\":\"https:\\\/\\\/pulso27.com\\\/en\\\/#website\"},\"primaryImageOfPage\":{\"@id\":\"https:\\\/\\\/pulso27.com\\\/actualidad\\\/pedro-castillo-se-asoma-al-senado-con-juntos-por-el-peru\\\/#primaryimage\"},\"image\":{\"@id\":\"https:\\\/\\\/pulso27.com\\\/actualidad\\\/pedro-castillo-se-asoma-al-senado-con-juntos-por-el-peru\\\/#primaryimage\"},\"thumbnailUrl\":\"https:\\\/\\\/pulso27.com\\\/wp-content\\\/uploads\\\/2025\\\/12\\\/PedroCs.png\",\"datePublished\":\"2025-12-08T04:45:20+00:00\",\"dateModified\":\"2025-12-08T04:45:24+00:00\",\"breadcrumb\":{\"@id\":\"https:\\\/\\\/pulso27.com\\\/actualidad\\\/pedro-castillo-se-asoma-al-senado-con-juntos-por-el-peru\\\/#breadcrumb\"},\"inLanguage\":\"en-US\",\"potentialAction\":[{\"@type\":\"ReadAction\",\"target\":[\"https:\\\/\\\/pulso27.com\\\/actualidad\\\/pedro-castillo-se-asoma-al-senado-con-juntos-por-el-peru\\\/\"]}]},{\"@type\":\"ImageObject\",\"inLanguage\":\"en-US\",\"@id\":\"https:\\\/\\\/pulso27.com\\\/actualidad\\\/pedro-castillo-se-asoma-al-senado-con-juntos-por-el-peru\\\/#primaryimage\",\"url\":\"https:\\\/\\\/pulso27.com\\\/wp-content\\\/uploads\\\/2025\\\/12\\\/PedroCs.png\",\"contentUrl\":\"https:\\\/\\\/pulso27.com\\\/wp-content\\\/uploads\\\/2025\\\/12\\\/PedroCs.png\",\"width\":1200,\"height\":800},{\"@type\":\"BreadcrumbList\",\"@id\":\"https:\\\/\\\/pulso27.com\\\/actualidad\\\/pedro-castillo-se-asoma-al-senado-con-juntos-por-el-peru\\\/#breadcrumb\",\"itemListElement\":[{\"@type\":\"ListItem\",\"position\":1,\"name\":\"Portada\",\"item\":\"https:\\\/\\\/pulso27.com\\\/\"},{\"@type\":\"ListItem\",\"position\":2,\"name\":\"Pedro Castillo, se asoma al Senado con Juntos por el Per\u00fa\"}]},{\"@type\":\"WebSite\",\"@id\":\"https:\\\/\\\/pulso27.com\\\/en\\\/#website\",\"url\":\"https:\\\/\\\/pulso27.com\\\/en\\\/\",\"name\":\"Pulso27\",\"description\":\"Web de noticias y publicidad\",\"publisher\":{\"@id\":\"https:\\\/\\\/pulso27.com\\\/en\\\/#organization\"},\"alternateName\":\"El pulso del pueblo\",\"potentialAction\":[{\"@type\":\"SearchAction\",\"target\":{\"@type\":\"EntryPoint\",\"urlTemplate\":\"https:\\\/\\\/pulso27.com\\\/en\\\/?s={search_term_string}\"},\"query-input\":{\"@type\":\"PropertyValueSpecification\",\"valueRequired\":true,\"valueName\":\"search_term_string\"}}],\"inLanguage\":\"en-US\"},{\"@type\":\"Organization\",\"@id\":\"https:\\\/\\\/pulso27.com\\\/en\\\/#organization\",\"name\":\"Pulso27\",\"url\":\"https:\\\/\\\/pulso27.com\\\/en\\\/\",\"logo\":{\"@type\":\"ImageObject\",\"inLanguage\":\"en-US\",\"@id\":\"https:\\\/\\\/pulso27.com\\\/en\\\/#\\\/schema\\\/logo\\\/image\\\/\",\"url\":\"https:\\\/\\\/pulso27.com\\\/wp-content\\\/uploads\\\/2026\\\/02\\\/Logotipo-de-la-organizacion-696-x-696-px-ok.png\",\"contentUrl\":\"https:\\\/\\\/pulso27.com\\\/wp-content\\\/uploads\\\/2026\\\/02\\\/Logotipo-de-la-organizacion-696-x-696-px-ok.png\",\"width\":696,\"height\":696,\"caption\":\"Pulso27\"},\"image\":{\"@id\":\"https:\\\/\\\/pulso27.com\\\/en\\\/#\\\/schema\\\/logo\\\/image\\\/\"},\"sameAs\":[\"https:\\\/\\\/www.facebook.com\\\/pulso27\\\/\",\"https:\\\/\\\/x.com\\\/Pulso_27\",\"https:\\\/\\\/www.youtube.com\\\/@Pulso27\",\"https:\\\/\\\/www.tiktok.com\\\/@pulso_27\"]},{\"@type\":\"Person\",\"@id\":\"https:\\\/\\\/pulso27.com\\\/en\\\/#\\\/schema\\\/person\\\/d20fd7f5bc7f2e53fd150d43fca07a78\",\"name\":\"Tupaq\",\"image\":{\"@type\":\"ImageObject\",\"inLanguage\":\"en-US\",\"@id\":\"https:\\\/\\\/secure.gravatar.com\\\/avatar\\\/7929e9b034aeea560319a601e4f04c59eb5f45a79eafe192adabb67e9604e7e7?s=96&d=mm&r=g\",\"url\":\"https:\\\/\\\/secure.gravatar.com\\\/avatar\\\/7929e9b034aeea560319a601e4f04c59eb5f45a79eafe192adabb67e9604e7e7?s=96&d=mm&r=g\",\"contentUrl\":\"https:\\\/\\\/secure.gravatar.com\\\/avatar\\\/7929e9b034aeea560319a601e4f04c59eb5f45a79eafe192adabb67e9604e7e7?s=96&d=mm&r=g\",\"caption\":\"Tupaq\"},\"url\":\"https:\\\/\\\/pulso27.com\\\/en\\\/author\\\/tupaq\\\/\"}]}<\/script>\n<!-- \/ Yoast SEO plugin. -->","yoast_head_json":{"title":"Pedro Castillo, se asoma al Senado con Juntos por el Per\u00fa - Pulso27","robots":{"index":"index","follow":"follow","max-snippet":"max-snippet:-1","max-image-preview":"max-image-preview:large","max-video-preview":"max-video-preview:-1"},"canonical":"https:\/\/pulso27.com\/en\/actualidad\/pedro-castillo-se-asoma-al-senado-con-juntos-por-el-peru\/","og_locale":"en_US","og_type":"article","og_title":"Pedro Castillo, se asoma al Senado con Juntos por el Per\u00fa - Pulso27","og_description":"Lima, 7 de diciembre de 2025.- Hace exactamente tres a\u00f1os, el 7 de diciembre de 2022, el entonces presidente Pedro Castillo Terrones fue brutalmente destituido del poder por una derecha parlamentaria que, en un acto de venganza pol\u00edtica, lo acus\u00f3 injustamente de intento de golpe de Estado. En un mensaje a la Naci\u00f3n, Castillo denunci\u00f3 [&hellip;]","og_url":"https:\/\/pulso27.com\/en\/actualidad\/pedro-castillo-se-asoma-al-senado-con-juntos-por-el-peru\/","og_site_name":"Pulso27","article_publisher":"https:\/\/www.facebook.com\/pulso27\/","article_published_time":"2025-12-08T04:45:20+00:00","article_modified_time":"2025-12-08T04:45:24+00:00","og_image":[{"width":1200,"height":800,"url":"https:\/\/pulso27.com\/wp-content\/uploads\/2025\/12\/PedroCs.png","type":"image\/png"}],"author":"Tupaq","twitter_card":"summary_large_image","twitter_creator":"@Pulso_27","twitter_site":"@Pulso_27","twitter_misc":{"Written by":"Tupaq","Est. reading time":"3 minutes"},"schema":{"@context":"https:\/\/schema.org","@graph":[{"@type":"Article","@id":"https:\/\/pulso27.com\/actualidad\/pedro-castillo-se-asoma-al-senado-con-juntos-por-el-peru\/#article","isPartOf":{"@id":"https:\/\/pulso27.com\/actualidad\/pedro-castillo-se-asoma-al-senado-con-juntos-por-el-peru\/"},"author":{"name":"Tupaq","@id":"https:\/\/pulso27.com\/en\/#\/schema\/person\/d20fd7f5bc7f2e53fd150d43fca07a78"},"headline":"Pedro Castillo, se asoma al Senado con Juntos por el Per\u00fa","datePublished":"2025-12-08T04:45:20+00:00","dateModified":"2025-12-08T04:45:24+00:00","mainEntityOfPage":{"@id":"https:\/\/pulso27.com\/actualidad\/pedro-castillo-se-asoma-al-senado-con-juntos-por-el-peru\/"},"wordCount":557,"commentCount":0,"publisher":{"@id":"https:\/\/pulso27.com\/en\/#organization"},"image":{"@id":"https:\/\/pulso27.com\/actualidad\/pedro-castillo-se-asoma-al-senado-con-juntos-por-el-peru\/#primaryimage"},"thumbnailUrl":"https:\/\/pulso27.com\/wp-content\/uploads\/2025\/12\/PedroCs.png","keywords":["7 de Diciembre 2022","Margot Palacios Huaman","Pedro Castillo Terrones"],"articleSection":["Actualidad","Nacional","Pol\u00edtica","Tendencia"],"inLanguage":"en-US","potentialAction":[{"@type":"CommentAction","name":"Comment","target":["https:\/\/pulso27.com\/actualidad\/pedro-castillo-se-asoma-al-senado-con-juntos-por-el-peru\/#respond"]}]},{"@type":"WebPage","@id":"https:\/\/pulso27.com\/actualidad\/pedro-castillo-se-asoma-al-senado-con-juntos-por-el-peru\/","url":"https:\/\/pulso27.com\/actualidad\/pedro-castillo-se-asoma-al-senado-con-juntos-por-el-peru\/","name":"Pedro Castillo, se asoma al Senado con Juntos por el Per\u00fa - Pulso27","isPartOf":{"@id":"https:\/\/pulso27.com\/en\/#website"},"primaryImageOfPage":{"@id":"https:\/\/pulso27.com\/actualidad\/pedro-castillo-se-asoma-al-senado-con-juntos-por-el-peru\/#primaryimage"},"image":{"@id":"https:\/\/pulso27.com\/actualidad\/pedro-castillo-se-asoma-al-senado-con-juntos-por-el-peru\/#primaryimage"},"thumbnailUrl":"https:\/\/pulso27.com\/wp-content\/uploads\/2025\/12\/PedroCs.png","datePublished":"2025-12-08T04:45:20+00:00","dateModified":"2025-12-08T04:45:24+00:00","breadcrumb":{"@id":"https:\/\/pulso27.com\/actualidad\/pedro-castillo-se-asoma-al-senado-con-juntos-por-el-peru\/#breadcrumb"},"inLanguage":"en-US","potentialAction":[{"@type":"ReadAction","target":["https:\/\/pulso27.com\/actualidad\/pedro-castillo-se-asoma-al-senado-con-juntos-por-el-peru\/"]}]},{"@type":"ImageObject","inLanguage":"en-US","@id":"https:\/\/pulso27.com\/actualidad\/pedro-castillo-se-asoma-al-senado-con-juntos-por-el-peru\/#primaryimage","url":"https:\/\/pulso27.com\/wp-content\/uploads\/2025\/12\/PedroCs.png","contentUrl":"https:\/\/pulso27.com\/wp-content\/uploads\/2025\/12\/PedroCs.png","width":1200,"height":800},{"@type":"BreadcrumbList","@id":"https:\/\/pulso27.com\/actualidad\/pedro-castillo-se-asoma-al-senado-con-juntos-por-el-peru\/#breadcrumb","itemListElement":[{"@type":"ListItem","position":1,"name":"Portada","item":"https:\/\/pulso27.com\/"},{"@type":"ListItem","position":2,"name":"Pedro Castillo, se asoma al Senado con Juntos por el Per\u00fa"}]},{"@type":"WebSite","@id":"https:\/\/pulso27.com\/en\/#website","url":"https:\/\/pulso27.com\/en\/","name":"Pulso27","description":"Web de noticias y publicidad","publisher":{"@id":"https:\/\/pulso27.com\/en\/#organization"},"alternateName":"El pulso del pueblo","potentialAction":[{"@type":"SearchAction","target":{"@type":"EntryPoint","urlTemplate":"https:\/\/pulso27.com\/en\/?s={search_term_string}"},"query-input":{"@type":"PropertyValueSpecification","valueRequired":true,"valueName":"search_term_string"}}],"inLanguage":"en-US"},{"@type":"Organization","@id":"https:\/\/pulso27.com\/en\/#organization","name":"Pulso27","url":"https:\/\/pulso27.com\/en\/","logo":{"@type":"ImageObject","inLanguage":"en-US","@id":"https:\/\/pulso27.com\/en\/#\/schema\/logo\/image\/","url":"https:\/\/pulso27.com\/wp-content\/uploads\/2026\/02\/Logotipo-de-la-organizacion-696-x-696-px-ok.png","contentUrl":"https:\/\/pulso27.com\/wp-content\/uploads\/2026\/02\/Logotipo-de-la-organizacion-696-x-696-px-ok.png","width":696,"height":696,"caption":"Pulso27"},"image":{"@id":"https:\/\/pulso27.com\/en\/#\/schema\/logo\/image\/"},"sameAs":["https:\/\/www.facebook.com\/pulso27\/","https:\/\/x.com\/Pulso_27","https:\/\/www.youtube.com\/@Pulso27","https:\/\/www.tiktok.com\/@pulso_27"]},{"@type":"Person","@id":"https:\/\/pulso27.com\/en\/#\/schema\/person\/d20fd7f5bc7f2e53fd150d43fca07a78","name":"Tupaq","image":{"@type":"ImageObject","inLanguage":"en-US","@id":"https:\/\/secure.gravatar.com\/avatar\/7929e9b034aeea560319a601e4f04c59eb5f45a79eafe192adabb67e9604e7e7?s=96&d=mm&r=g","url":"https:\/\/secure.gravatar.com\/avatar\/7929e9b034aeea560319a601e4f04c59eb5f45a79eafe192adabb67e9604e7e7?s=96&d=mm&r=g","contentUrl":"https:\/\/secure.gravatar.com\/avatar\/7929e9b034aeea560319a601e4f04c59eb5f45a79eafe192adabb67e9604e7e7?s=96&d=mm&r=g","caption":"Tupaq"},"url":"https:\/\/pulso27.com\/en\/author\/tupaq\/"}]}},"amp_enabled":true,"_links":{"self":[{"href":"https:\/\/pulso27.com\/en\/wp-json\/wp\/v2\/posts\/7073","targetHints":{"allow":["GET"]}}],"collection":[{"href":"https:\/\/pulso27.com\/en\/wp-json\/wp\/v2\/posts"}],"about":[{"href":"https:\/\/pulso27.com\/en\/wp-json\/wp\/v2\/types\/post"}],"author":[{"embeddable":true,"href":"https:\/\/pulso27.com\/en\/wp-json\/wp\/v2\/users\/7"}],"replies":[{"embeddable":true,"href":"https:\/\/pulso27.com\/en\/wp-json\/wp\/v2\/comments?post=7073"}],"version-history":[{"count":1,"href":"https:\/\/pulso27.com\/en\/wp-json\/wp\/v2\/posts\/7073\/revisions"}],"predecessor-version":[{"id":7079,"href":"https:\/\/pulso27.com\/en\/wp-json\/wp\/v2\/posts\/7073\/revisions\/7079"}],"wp:featuredmedia":[{"embeddable":true,"href":"https:\/\/pulso27.com\/en\/wp-json\/wp\/v2\/media\/7075"}],"wp:attachment":[{"href":"https:\/\/pulso27.com\/en\/wp-json\/wp\/v2\/media?parent=7073"}],"wp:term":[{"taxonomy":"category","embeddable":true,"href":"https:\/\/pulso27.com\/en\/wp-json\/wp\/v2\/categories?post=7073"},{"taxonomy":"post_tag","embeddable":true,"href":"https:\/\/pulso27.com\/en\/wp-json\/wp\/v2\/tags?post=7073"}],"curies":[{"name":"wp","href":"https:\/\/api.w.org\/{rel}","templated":true}]}}