{"id":7081,"date":"2025-12-08T10:31:29","date_gmt":"2025-12-08T05:31:29","guid":{"rendered":"https:\/\/pulso27.com\/?p=7081"},"modified":"2025-12-08T10:33:11","modified_gmt":"2025-12-08T05:33:11","slug":"el-atentado-contra-rafael-belaunde-llosa-destapa-la-cara-oculta-del-capitalismo-popular-de-los-belaunde","status":"publish","type":"post","link":"https:\/\/pulso27.com\/en\/actualidad\/el-atentado-contra-rafael-belaunde-llosa-destapa-la-cara-oculta-del-capitalismo-popular-de-los-belaunde\/","title":{"rendered":"El atentado contra Rafael Bela\u00fande Llosa destapa la cara oculta del \u201ccapitalismo popular\u201d de los Bela\u00fande"},"content":{"rendered":"<p>Lima, 8 de diciembre de 2025 \u2013 El ataque armado que sufri\u00f3 el precandidato presidencial Rafael Bela\u00fande Llosa el pasado 2 de diciembre en Cerro Azul (Ca\u00f1ete) ha puesto bajo la lupa no solo la inseguridad que azota a los empresarios peruanos, sino tambi\u00e9n el origen y la naturaleza del patrimonio inmobiliario que sostiene a una de las familias m\u00e1s tradicionales de la pol\u00edtica peruana. Fuentes policiales a\u00fan no entregan las pericias bal\u00edsticas y manejan como hip\u00f3tesis principal la extorsi\u00f3n ligada a sus proyectos de urbanizaci\u00f3n, mientras el propio Bela\u00fande Llosa descarta motivaci\u00f3n pol\u00edtica y admite haber recibido llamadas de \u201cvacuna\u201d en el pasado. El incidente, sin embargo, ha terminado revelando lo que medios como Cuarto Poder han calificado como \u201cel secreto mejor guardado\u201d del pr\u00f3spero negocio familiar: la Corporaci\u00f3n Bela\u00fande, dedicada al saneamiento y venta de terrenos en zonas de expansi\u00f3n lime\u00f1a, opera en un contexto de alta vulnerabilidad a mafias de invasores y extorsionadores.<\/p>\n\n\n\n<p><strong>Una herencia de \u00e9lite con sombras hist\u00f3ricas<\/strong><br>Rafael Bela\u00fande Llosa, nieto del expresidente Fernando Bela\u00fande Terry (1963-1968 y 1980-1985), dirige hoy una cartera inmobiliaria que se alimenta de una tradici\u00f3n de propiedades iniciada en el siglo XIX por generales y ministros de la Rep\u00fablica, consolidada durante el siglo XX y modernizada en democracia. Aunque no existen procesos judiciales que vinculen directamente al exmandatario con enriquecimiento il\u00edcito \u2014su imagen de probidad personal sigue siendo defendida por Acci\u00f3n Popular y sectores liberales\u2014, su segundo gobierno fue escenario de esc\u00e1ndalos como Renatto Bautista, Guvartes y Villa Coca, adem\u00e1s de la responsabilidad estatal en miles de ejecuciones extrajudiciales y desapariciones documentadas por la Comisi\u00f3n de la Verdad y Reconciliaci\u00f3n. Ese pasado, nunca juzgado por su fallecimiento en 2002, reaparece ahora como tel\u00f3n de fondo de la fortuna que permite a su nieto financiar la precandidatura presidencial por Libertad Popular.<\/p>\n\n\n\n<p>Libertad Popular: \u00bfrenovaci\u00f3n liberal o continuidad olig\u00e1rquica?<br>Mientras Bela\u00fande Llosa se presenta como abanderado de un \u201ccapitalismo popular\u201d que promete igualar oportunidades mediante infraestructura estatal y mercado libre, cr\u00edticos de izquierda y derecha lo se\u00f1alan como s\u00edmbolo de una \u00e9lite desconectada: en febrero de 2025 desconoci\u00f3 el salario m\u00ednimo real y el costo del transporte p\u00fablico. Su partido, fundado junto al expremier Pedro Cateriano y con figuras como Diana \u00c1lvarez-Calder\u00f3n, busca diferenciarse del fujimorismo y del \u201cterruqueo\u201d tradicional, pero arrastra el peso de alianzas pasadas con Fuerza Popular y el estigma familiar de un apellido que, para muchos peruanos, a\u00fan evoca tanto carreteras emblem\u00e1ticas como masacres impunes. A cuatro meses de las elecciones internas de 2026, el atentado de Ca\u00f1ete no solo expuso la fragilidad de los empresarios frente a la delincuencia, sino tambi\u00e9n la dificultad de vender un proyecto de \u201crenovaci\u00f3n liberal\u201d cuando la riqueza que lo sustenta naci\u00f3 en los privilegios de la vieja oligarqu\u00eda peruana.<\/p>","protected":false},"excerpt":{"rendered":"<p>Lima, 8 de diciembre de 2025 \u2013 El ataque armado que sufri\u00f3 el precandidato presidencial Rafael Bela\u00fande Llosa el pasado 2 de diciembre en Cerro Azul (Ca\u00f1ete) ha puesto bajo la lupa no solo la inseguridad que azota a los empresarios peruanos, sino tambi\u00e9n el origen y la naturaleza del patrimonio inmobiliario que sostiene a [&hellip;]<\/p>\n","protected":false},"author":13,"featured_media":7086,"comment_status":"open","ping_status":"open","sticky":false,"template":"","format":"standard","meta":{"footnotes":""},"categories":[183,177,174,1852],"tags":[2640,2639,2638],"class_list":["post-7081","post","type-post","status-publish","format-standard","has-post-thumbnail","hentry","category-actualidad","category-economia","category-nacional","category-tendencia","tag-accion-popular","tag-libertad-popular","tag-rafael-belaunde"],"yoast_head":"<!-- This site is optimized with the Yoast SEO plugin v27.4 - https:\/\/yoast.com\/product\/yoast-seo-wordpress\/ -->\n<title>El atentado contra Rafael Bela\u00fande Llosa destapa la cara oculta del \u201ccapitalismo popular\u201d de los Bela\u00fande - Pulso27<\/title>\n<meta name=\"robots\" content=\"index, follow, max-snippet:-1, max-image-preview:large, max-video-preview:-1\" \/>\n<link rel=\"canonical\" href=\"https:\/\/pulso27.com\/en\/actualidad\/el-atentado-contra-rafael-belaunde-llosa-destapa-la-cara-oculta-del-capitalismo-popular-de-los-belaunde\/\" \/>\n<meta property=\"og:locale\" content=\"en_US\" \/>\n<meta property=\"og:type\" content=\"article\" \/>\n<meta property=\"og:title\" content=\"El atentado contra Rafael Bela\u00fande Llosa destapa la cara oculta del \u201ccapitalismo popular\u201d de los Bela\u00fande - Pulso27\" \/>\n<meta property=\"og:description\" content=\"Lima, 8 de diciembre de 2025 \u2013 El ataque armado que sufri\u00f3 el precandidato presidencial Rafael Bela\u00fande Llosa el pasado 2 de diciembre en Cerro Azul (Ca\u00f1ete) ha puesto bajo la lupa no solo la inseguridad que azota a los empresarios peruanos, sino tambi\u00e9n el origen y la naturaleza del patrimonio inmobiliario que sostiene a [&hellip;]\" \/>\n<meta property=\"og:url\" content=\"https:\/\/pulso27.com\/en\/actualidad\/el-atentado-contra-rafael-belaunde-llosa-destapa-la-cara-oculta-del-capitalismo-popular-de-los-belaunde\/\" \/>\n<meta property=\"og:site_name\" content=\"Pulso27\" \/>\n<meta property=\"article:publisher\" content=\"https:\/\/www.facebook.com\/pulso27\/\" \/>\n<meta property=\"article:published_time\" content=\"2025-12-08T05:31:29+00:00\" \/>\n<meta property=\"article:modified_time\" content=\"2025-12-08T05:33:11+00:00\" \/>\n<meta property=\"og:image\" content=\"https:\/\/pulso27.com\/wp-content\/uploads\/2025\/12\/Belaundee.png\" \/>\n\t<meta property=\"og:image:width\" content=\"1200\" \/>\n\t<meta property=\"og:image:height\" content=\"800\" \/>\n\t<meta property=\"og:image:type\" content=\"image\/png\" \/>\n<meta name=\"author\" content=\"Redactor\" \/>\n<meta name=\"twitter:card\" content=\"summary_large_image\" \/>\n<meta name=\"twitter:creator\" content=\"@Pulso_27\" \/>\n<meta name=\"twitter:site\" content=\"@Pulso_27\" \/>\n<meta name=\"twitter:label1\" content=\"Written by\" \/>\n\t<meta name=\"twitter:data1\" content=\"Redactor\" \/>\n\t<meta name=\"twitter:label2\" content=\"Est. reading time\" \/>\n\t<meta name=\"twitter:data2\" content=\"3 minutes\" \/>\n<script type=\"application\/ld+json\" class=\"yoast-schema-graph\">{\"@context\":\"https:\\\/\\\/schema.org\",\"@graph\":[{\"@type\":\"Article\",\"@id\":\"https:\\\/\\\/pulso27.com\\\/actualidad\\\/el-atentado-contra-rafael-belaunde-llosa-destapa-la-cara-oculta-del-capitalismo-popular-de-los-belaunde\\\/#article\",\"isPartOf\":{\"@id\":\"https:\\\/\\\/pulso27.com\\\/actualidad\\\/el-atentado-contra-rafael-belaunde-llosa-destapa-la-cara-oculta-del-capitalismo-popular-de-los-belaunde\\\/\"},\"author\":{\"name\":\"Redactor\",\"@id\":\"https:\\\/\\\/pulso27.com\\\/en\\\/#\\\/schema\\\/person\\\/bf5ee161e6c87f6c7d57f5e689ef8526\"},\"headline\":\"El atentado contra Rafael Bela\u00fande Llosa destapa la cara oculta del \u201ccapitalismo popular\u201d de los Bela\u00fande\",\"datePublished\":\"2025-12-08T05:31:29+00:00\",\"dateModified\":\"2025-12-08T05:33:11+00:00\",\"mainEntityOfPage\":{\"@id\":\"https:\\\/\\\/pulso27.com\\\/actualidad\\\/el-atentado-contra-rafael-belaunde-llosa-destapa-la-cara-oculta-del-capitalismo-popular-de-los-belaunde\\\/\"},\"wordCount\":515,\"commentCount\":0,\"publisher\":{\"@id\":\"https:\\\/\\\/pulso27.com\\\/en\\\/#organization\"},\"image\":{\"@id\":\"https:\\\/\\\/pulso27.com\\\/actualidad\\\/el-atentado-contra-rafael-belaunde-llosa-destapa-la-cara-oculta-del-capitalismo-popular-de-los-belaunde\\\/#primaryimage\"},\"thumbnailUrl\":\"https:\\\/\\\/pulso27.com\\\/wp-content\\\/uploads\\\/2025\\\/12\\\/Belaundee.png\",\"keywords\":[\"Acci\u00f3n Popular\",\"Libertad Popular\",\"Rafael Belaunde\"],\"articleSection\":[\"Actualidad\",\"Econom\u00eda\",\"Nacional\",\"Tendencia\"],\"inLanguage\":\"en-US\",\"potentialAction\":[{\"@type\":\"CommentAction\",\"name\":\"Comment\",\"target\":[\"https:\\\/\\\/pulso27.com\\\/actualidad\\\/el-atentado-contra-rafael-belaunde-llosa-destapa-la-cara-oculta-del-capitalismo-popular-de-los-belaunde\\\/#respond\"]}]},{\"@type\":\"WebPage\",\"@id\":\"https:\\\/\\\/pulso27.com\\\/actualidad\\\/el-atentado-contra-rafael-belaunde-llosa-destapa-la-cara-oculta-del-capitalismo-popular-de-los-belaunde\\\/\",\"url\":\"https:\\\/\\\/pulso27.com\\\/actualidad\\\/el-atentado-contra-rafael-belaunde-llosa-destapa-la-cara-oculta-del-capitalismo-popular-de-los-belaunde\\\/\",\"name\":\"El atentado contra Rafael Bela\u00fande Llosa destapa la cara oculta del \u201ccapitalismo popular\u201d de los Bela\u00fande - Pulso27\",\"isPartOf\":{\"@id\":\"https:\\\/\\\/pulso27.com\\\/en\\\/#website\"},\"primaryImageOfPage\":{\"@id\":\"https:\\\/\\\/pulso27.com\\\/actualidad\\\/el-atentado-contra-rafael-belaunde-llosa-destapa-la-cara-oculta-del-capitalismo-popular-de-los-belaunde\\\/#primaryimage\"},\"image\":{\"@id\":\"https:\\\/\\\/pulso27.com\\\/actualidad\\\/el-atentado-contra-rafael-belaunde-llosa-destapa-la-cara-oculta-del-capitalismo-popular-de-los-belaunde\\\/#primaryimage\"},\"thumbnailUrl\":\"https:\\\/\\\/pulso27.com\\\/wp-content\\\/uploads\\\/2025\\\/12\\\/Belaundee.png\",\"datePublished\":\"2025-12-08T05:31:29+00:00\",\"dateModified\":\"2025-12-08T05:33:11+00:00\",\"breadcrumb\":{\"@id\":\"https:\\\/\\\/pulso27.com\\\/actualidad\\\/el-atentado-contra-rafael-belaunde-llosa-destapa-la-cara-oculta-del-capitalismo-popular-de-los-belaunde\\\/#breadcrumb\"},\"inLanguage\":\"en-US\",\"potentialAction\":[{\"@type\":\"ReadAction\",\"target\":[\"https:\\\/\\\/pulso27.com\\\/actualidad\\\/el-atentado-contra-rafael-belaunde-llosa-destapa-la-cara-oculta-del-capitalismo-popular-de-los-belaunde\\\/\"]}]},{\"@type\":\"ImageObject\",\"inLanguage\":\"en-US\",\"@id\":\"https:\\\/\\\/pulso27.com\\\/actualidad\\\/el-atentado-contra-rafael-belaunde-llosa-destapa-la-cara-oculta-del-capitalismo-popular-de-los-belaunde\\\/#primaryimage\",\"url\":\"https:\\\/\\\/pulso27.com\\\/wp-content\\\/uploads\\\/2025\\\/12\\\/Belaundee.png\",\"contentUrl\":\"https:\\\/\\\/pulso27.com\\\/wp-content\\\/uploads\\\/2025\\\/12\\\/Belaundee.png\",\"width\":1200,\"height\":800},{\"@type\":\"BreadcrumbList\",\"@id\":\"https:\\\/\\\/pulso27.com\\\/actualidad\\\/el-atentado-contra-rafael-belaunde-llosa-destapa-la-cara-oculta-del-capitalismo-popular-de-los-belaunde\\\/#breadcrumb\",\"itemListElement\":[{\"@type\":\"ListItem\",\"position\":1,\"name\":\"Portada\",\"item\":\"https:\\\/\\\/pulso27.com\\\/\"},{\"@type\":\"ListItem\",\"position\":2,\"name\":\"El atentado contra Rafael Bela\u00fande Llosa destapa la cara oculta del \u201ccapitalismo popular\u201d de los Bela\u00fande\"}]},{\"@type\":\"WebSite\",\"@id\":\"https:\\\/\\\/pulso27.com\\\/en\\\/#website\",\"url\":\"https:\\\/\\\/pulso27.com\\\/en\\\/\",\"name\":\"Pulso27\",\"description\":\"Web de noticias y publicidad\",\"publisher\":{\"@id\":\"https:\\\/\\\/pulso27.com\\\/en\\\/#organization\"},\"alternateName\":\"El pulso del pueblo\",\"potentialAction\":[{\"@type\":\"SearchAction\",\"target\":{\"@type\":\"EntryPoint\",\"urlTemplate\":\"https:\\\/\\\/pulso27.com\\\/en\\\/?s={search_term_string}\"},\"query-input\":{\"@type\":\"PropertyValueSpecification\",\"valueRequired\":true,\"valueName\":\"search_term_string\"}}],\"inLanguage\":\"en-US\"},{\"@type\":\"Organization\",\"@id\":\"https:\\\/\\\/pulso27.com\\\/en\\\/#organization\",\"name\":\"Pulso27\",\"url\":\"https:\\\/\\\/pulso27.com\\\/en\\\/\",\"logo\":{\"@type\":\"ImageObject\",\"inLanguage\":\"en-US\",\"@id\":\"https:\\\/\\\/pulso27.com\\\/en\\\/#\\\/schema\\\/logo\\\/image\\\/\",\"url\":\"https:\\\/\\\/pulso27.com\\\/wp-content\\\/uploads\\\/2026\\\/02\\\/Logotipo-de-la-organizacion-696-x-696-px-ok.png\",\"contentUrl\":\"https:\\\/\\\/pulso27.com\\\/wp-content\\\/uploads\\\/2026\\\/02\\\/Logotipo-de-la-organizacion-696-x-696-px-ok.png\",\"width\":696,\"height\":696,\"caption\":\"Pulso27\"},\"image\":{\"@id\":\"https:\\\/\\\/pulso27.com\\\/en\\\/#\\\/schema\\\/logo\\\/image\\\/\"},\"sameAs\":[\"https:\\\/\\\/www.facebook.com\\\/pulso27\\\/\",\"https:\\\/\\\/x.com\\\/Pulso_27\",\"https:\\\/\\\/www.youtube.com\\\/@Pulso27\",\"https:\\\/\\\/www.tiktok.com\\\/@pulso_27\"]},{\"@type\":\"Person\",\"@id\":\"https:\\\/\\\/pulso27.com\\\/en\\\/#\\\/schema\\\/person\\\/bf5ee161e6c87f6c7d57f5e689ef8526\",\"name\":\"Redactor\",\"image\":{\"@type\":\"ImageObject\",\"inLanguage\":\"en-US\",\"@id\":\"https:\\\/\\\/pulso27.com\\\/wp-content\\\/uploads\\\/2025\\\/03\\\/a-150x150.png\",\"url\":\"https:\\\/\\\/pulso27.com\\\/wp-content\\\/uploads\\\/2025\\\/03\\\/a-150x150.png\",\"contentUrl\":\"https:\\\/\\\/pulso27.com\\\/wp-content\\\/uploads\\\/2025\\\/03\\\/a-150x150.png\",\"caption\":\"Redactor\"},\"sameAs\":[\"http:\\\/\\\/www.pulso27.com\"],\"url\":\"https:\\\/\\\/pulso27.com\\\/en\\\/author\\\/redactor\\\/\"}]}<\/script>\n<!-- \/ Yoast SEO plugin. -->","yoast_head_json":{"title":"El atentado contra Rafael Bela\u00fande Llosa destapa la cara oculta del \u201ccapitalismo popular\u201d de los Bela\u00fande - Pulso27","robots":{"index":"index","follow":"follow","max-snippet":"max-snippet:-1","max-image-preview":"max-image-preview:large","max-video-preview":"max-video-preview:-1"},"canonical":"https:\/\/pulso27.com\/en\/actualidad\/el-atentado-contra-rafael-belaunde-llosa-destapa-la-cara-oculta-del-capitalismo-popular-de-los-belaunde\/","og_locale":"en_US","og_type":"article","og_title":"El atentado contra Rafael Bela\u00fande Llosa destapa la cara oculta del \u201ccapitalismo popular\u201d de los Bela\u00fande - Pulso27","og_description":"Lima, 8 de diciembre de 2025 \u2013 El ataque armado que sufri\u00f3 el precandidato presidencial Rafael Bela\u00fande Llosa el pasado 2 de diciembre en Cerro Azul (Ca\u00f1ete) ha puesto bajo la lupa no solo la inseguridad que azota a los empresarios peruanos, sino tambi\u00e9n el origen y la naturaleza del patrimonio inmobiliario que sostiene a [&hellip;]","og_url":"https:\/\/pulso27.com\/en\/actualidad\/el-atentado-contra-rafael-belaunde-llosa-destapa-la-cara-oculta-del-capitalismo-popular-de-los-belaunde\/","og_site_name":"Pulso27","article_publisher":"https:\/\/www.facebook.com\/pulso27\/","article_published_time":"2025-12-08T05:31:29+00:00","article_modified_time":"2025-12-08T05:33:11+00:00","og_image":[{"width":1200,"height":800,"url":"https:\/\/pulso27.com\/wp-content\/uploads\/2025\/12\/Belaundee.png","type":"image\/png"}],"author":"Redactor","twitter_card":"summary_large_image","twitter_creator":"@Pulso_27","twitter_site":"@Pulso_27","twitter_misc":{"Written by":"Redactor","Est. reading time":"3 minutes"},"schema":{"@context":"https:\/\/schema.org","@graph":[{"@type":"Article","@id":"https:\/\/pulso27.com\/actualidad\/el-atentado-contra-rafael-belaunde-llosa-destapa-la-cara-oculta-del-capitalismo-popular-de-los-belaunde\/#article","isPartOf":{"@id":"https:\/\/pulso27.com\/actualidad\/el-atentado-contra-rafael-belaunde-llosa-destapa-la-cara-oculta-del-capitalismo-popular-de-los-belaunde\/"},"author":{"name":"Redactor","@id":"https:\/\/pulso27.com\/en\/#\/schema\/person\/bf5ee161e6c87f6c7d57f5e689ef8526"},"headline":"El atentado contra Rafael Bela\u00fande Llosa destapa la cara oculta del \u201ccapitalismo popular\u201d de los Bela\u00fande","datePublished":"2025-12-08T05:31:29+00:00","dateModified":"2025-12-08T05:33:11+00:00","mainEntityOfPage":{"@id":"https:\/\/pulso27.com\/actualidad\/el-atentado-contra-rafael-belaunde-llosa-destapa-la-cara-oculta-del-capitalismo-popular-de-los-belaunde\/"},"wordCount":515,"commentCount":0,"publisher":{"@id":"https:\/\/pulso27.com\/en\/#organization"},"image":{"@id":"https:\/\/pulso27.com\/actualidad\/el-atentado-contra-rafael-belaunde-llosa-destapa-la-cara-oculta-del-capitalismo-popular-de-los-belaunde\/#primaryimage"},"thumbnailUrl":"https:\/\/pulso27.com\/wp-content\/uploads\/2025\/12\/Belaundee.png","keywords":["Acci\u00f3n Popular","Libertad Popular","Rafael Belaunde"],"articleSection":["Actualidad","Econom\u00eda","Nacional","Tendencia"],"inLanguage":"en-US","potentialAction":[{"@type":"CommentAction","name":"Comment","target":["https:\/\/pulso27.com\/actualidad\/el-atentado-contra-rafael-belaunde-llosa-destapa-la-cara-oculta-del-capitalismo-popular-de-los-belaunde\/#respond"]}]},{"@type":"WebPage","@id":"https:\/\/pulso27.com\/actualidad\/el-atentado-contra-rafael-belaunde-llosa-destapa-la-cara-oculta-del-capitalismo-popular-de-los-belaunde\/","url":"https:\/\/pulso27.com\/actualidad\/el-atentado-contra-rafael-belaunde-llosa-destapa-la-cara-oculta-del-capitalismo-popular-de-los-belaunde\/","name":"El atentado contra Rafael Bela\u00fande Llosa destapa la cara oculta del \u201ccapitalismo popular\u201d de los Bela\u00fande - Pulso27","isPartOf":{"@id":"https:\/\/pulso27.com\/en\/#website"},"primaryImageOfPage":{"@id":"https:\/\/pulso27.com\/actualidad\/el-atentado-contra-rafael-belaunde-llosa-destapa-la-cara-oculta-del-capitalismo-popular-de-los-belaunde\/#primaryimage"},"image":{"@id":"https:\/\/pulso27.com\/actualidad\/el-atentado-contra-rafael-belaunde-llosa-destapa-la-cara-oculta-del-capitalismo-popular-de-los-belaunde\/#primaryimage"},"thumbnailUrl":"https:\/\/pulso27.com\/wp-content\/uploads\/2025\/12\/Belaundee.png","datePublished":"2025-12-08T05:31:29+00:00","dateModified":"2025-12-08T05:33:11+00:00","breadcrumb":{"@id":"https:\/\/pulso27.com\/actualidad\/el-atentado-contra-rafael-belaunde-llosa-destapa-la-cara-oculta-del-capitalismo-popular-de-los-belaunde\/#breadcrumb"},"inLanguage":"en-US","potentialAction":[{"@type":"ReadAction","target":["https:\/\/pulso27.com\/actualidad\/el-atentado-contra-rafael-belaunde-llosa-destapa-la-cara-oculta-del-capitalismo-popular-de-los-belaunde\/"]}]},{"@type":"ImageObject","inLanguage":"en-US","@id":"https:\/\/pulso27.com\/actualidad\/el-atentado-contra-rafael-belaunde-llosa-destapa-la-cara-oculta-del-capitalismo-popular-de-los-belaunde\/#primaryimage","url":"https:\/\/pulso27.com\/wp-content\/uploads\/2025\/12\/Belaundee.png","contentUrl":"https:\/\/pulso27.com\/wp-content\/uploads\/2025\/12\/Belaundee.png","width":1200,"height":800},{"@type":"BreadcrumbList","@id":"https:\/\/pulso27.com\/actualidad\/el-atentado-contra-rafael-belaunde-llosa-destapa-la-cara-oculta-del-capitalismo-popular-de-los-belaunde\/#breadcrumb","itemListElement":[{"@type":"ListItem","position":1,"name":"Portada","item":"https:\/\/pulso27.com\/"},{"@type":"ListItem","position":2,"name":"El atentado contra Rafael Bela\u00fande Llosa destapa la cara oculta del \u201ccapitalismo popular\u201d de los Bela\u00fande"}]},{"@type":"WebSite","@id":"https:\/\/pulso27.com\/en\/#website","url":"https:\/\/pulso27.com\/en\/","name":"Pulso27","description":"Web de noticias y publicidad","publisher":{"@id":"https:\/\/pulso27.com\/en\/#organization"},"alternateName":"El pulso del pueblo","potentialAction":[{"@type":"SearchAction","target":{"@type":"EntryPoint","urlTemplate":"https:\/\/pulso27.com\/en\/?s={search_term_string}"},"query-input":{"@type":"PropertyValueSpecification","valueRequired":true,"valueName":"search_term_string"}}],"inLanguage":"en-US"},{"@type":"Organization","@id":"https:\/\/pulso27.com\/en\/#organization","name":"Pulso27","url":"https:\/\/pulso27.com\/en\/","logo":{"@type":"ImageObject","inLanguage":"en-US","@id":"https:\/\/pulso27.com\/en\/#\/schema\/logo\/image\/","url":"https:\/\/pulso27.com\/wp-content\/uploads\/2026\/02\/Logotipo-de-la-organizacion-696-x-696-px-ok.png","contentUrl":"https:\/\/pulso27.com\/wp-content\/uploads\/2026\/02\/Logotipo-de-la-organizacion-696-x-696-px-ok.png","width":696,"height":696,"caption":"Pulso27"},"image":{"@id":"https:\/\/pulso27.com\/en\/#\/schema\/logo\/image\/"},"sameAs":["https:\/\/www.facebook.com\/pulso27\/","https:\/\/x.com\/Pulso_27","https:\/\/www.youtube.com\/@Pulso27","https:\/\/www.tiktok.com\/@pulso_27"]},{"@type":"Person","@id":"https:\/\/pulso27.com\/en\/#\/schema\/person\/bf5ee161e6c87f6c7d57f5e689ef8526","name":"Redactor","image":{"@type":"ImageObject","inLanguage":"en-US","@id":"https:\/\/pulso27.com\/wp-content\/uploads\/2025\/03\/a-150x150.png","url":"https:\/\/pulso27.com\/wp-content\/uploads\/2025\/03\/a-150x150.png","contentUrl":"https:\/\/pulso27.com\/wp-content\/uploads\/2025\/03\/a-150x150.png","caption":"Redactor"},"sameAs":["http:\/\/www.pulso27.com"],"url":"https:\/\/pulso27.com\/en\/author\/redactor\/"}]}},"amp_enabled":true,"_links":{"self":[{"href":"https:\/\/pulso27.com\/en\/wp-json\/wp\/v2\/posts\/7081","targetHints":{"allow":["GET"]}}],"collection":[{"href":"https:\/\/pulso27.com\/en\/wp-json\/wp\/v2\/posts"}],"about":[{"href":"https:\/\/pulso27.com\/en\/wp-json\/wp\/v2\/types\/post"}],"author":[{"embeddable":true,"href":"https:\/\/pulso27.com\/en\/wp-json\/wp\/v2\/users\/13"}],"replies":[{"embeddable":true,"href":"https:\/\/pulso27.com\/en\/wp-json\/wp\/v2\/comments?post=7081"}],"version-history":[{"count":1,"href":"https:\/\/pulso27.com\/en\/wp-json\/wp\/v2\/posts\/7081\/revisions"}],"predecessor-version":[{"id":7085,"href":"https:\/\/pulso27.com\/en\/wp-json\/wp\/v2\/posts\/7081\/revisions\/7085"}],"wp:featuredmedia":[{"embeddable":true,"href":"https:\/\/pulso27.com\/en\/wp-json\/wp\/v2\/media\/7086"}],"wp:attachment":[{"href":"https:\/\/pulso27.com\/en\/wp-json\/wp\/v2\/media?parent=7081"}],"wp:term":[{"taxonomy":"category","embeddable":true,"href":"https:\/\/pulso27.com\/en\/wp-json\/wp\/v2\/categories?post=7081"},{"taxonomy":"post_tag","embeddable":true,"href":"https:\/\/pulso27.com\/en\/wp-json\/wp\/v2\/tags?post=7081"}],"curies":[{"name":"wp","href":"https:\/\/api.w.org\/{rel}","templated":true}]}}