{"id":7458,"date":"2026-01-19T08:54:14","date_gmt":"2026-01-19T03:54:14","guid":{"rendered":"https:\/\/pulso27.com\/?p=7458"},"modified":"2026-01-19T08:54:21","modified_gmt":"2026-01-19T03:54:21","slug":"lima-cumple-491-anos-entre-la-fundacion-espanola-el-centralismo-y-la-inseguridad","status":"publish","type":"post","link":"https:\/\/pulso27.com\/en\/opinion\/lima-cumple-491-anos-entre-la-fundacion-espanola-el-centralismo-y-la-inseguridad\/","title":{"rendered":"Lima cumple 491 a\u00f1os: entre la fundaci\u00f3n espa\u00f1ola, el centralismo y la inseguridad"},"content":{"rendered":"<p>Lima, 18 de enero de 2026 \u2014 La capital peruana conmemora este domingo sus 491 a\u00f1os de fundaci\u00f3n espa\u00f1ola, en una jornada que mezcla actos protocolares, actividades culturales y deportivas gratuitas, pero bajo un tono de sobriedad marcado por la suspensi\u00f3n de la tradicional Serenata a Lima en se\u00f1al de duelo por el fallecimiento de dos trabajadores municipales en un accidente vial.<\/p>\n\n\n\n<p>Todo comenz\u00f3 el 18 de enero de 1535, cuando el verdugo espa\u00f1ol Francisco Pizarro clav\u00f3 el rollo en el valle del R\u00edmac para erigir la Ciudad de los Reyes, elegida por su fertilidad, proximidad al puerto del Callao y trazado en damero espa\u00f1ol sobre el paisaje prehisp\u00e1nico. El nombre ind\u00edgena Limaq (deformado a Lima) prevaleci\u00f3 sobre la denominaci\u00f3n oficial, dando inicio a una urbe que se convertir\u00eda en capital del Virreinato m\u00e1s rico de Am\u00e9rica, resistiendo terremotos como el de 1746, invasiones de otros imperios y la ocupaci\u00f3n chilena de 1881.<\/p>\n\n\n\n<p>Sin embargo, a lo largo de casi cinco siglos, el centralismo lime\u00f1o se consolid\u00f3 como una estructura agobiante que concentra poder pol\u00edtico, econ\u00f3mico y administrativo en la capital, atrayendo recursos y poblaci\u00f3n del interior de Per\u00fa. Hoy, con m\u00e1s de 10.5 millones de habitantes en su \u00e1rea metropolitana, Lima representa cerca de un tercio del padr\u00f3n electoral nacional y recibe la mayor parte del presupuesto nacional, perpetuando cr\u00edticas por desigualdad territorial real y brechas que alimentan percepciones de que el pa\u00eds \u201cno funciona para la mayor\u00eda\u201d, seg\u00fan encuestas recientes, pero seg\u00fan datos oficiales, planteando escenarios de cambios urgentes por los nuevos habitantes de este territorio de fundaci\u00f3n espa\u00f1ola.<\/p>\n\n\n\n<p>Esta vez, la celebraci\u00f3n se ve opacada por la inseguridad galopante, considerada una de las peores \u00e9pocas desde la implementaci\u00f3n del sistema y su modelo econ\u00f3mico desigual. En los primeros d\u00edas de enero de 2026 ya se registran decenas de muertes violentas, con Lima liderando las cifras de homicidios, extorsiones y robos. Por ejemplo, un estudio de Ipsos revela que el 73% de los lime\u00f1os vive con miedo a la delincuencia, y el 48% no se siente a gusto en la ciudad, un deterioro dr\u00e1stico que coincide con protestas de transportistas y comerciantes exigiendo medidas efectivas al Estado.<\/p>\n\n\n\n<p>A 491 a\u00f1os de su fundaci\u00f3n, Lima enfrenta su paradoja hist\u00f3rica: una metr\u00f3poli diversa que se reinventa diariamente para mantenerse habitable, pero atrapada entre su legado fundacional, el peso del centralismo y la urgencia de combatir una criminalidad originada en sus estructuras econ\u00f3micas que amenaza su vitalidad cotidiana. Hoy, entre la carrera Lima Corre 10K, pasacalles multiculturales, el Cl\u00e1sico Ciudad de Lima y el Concierto Gala, la capital se mira a s\u00ed misma con orgullo y preocupaci\u00f3n real, recordando que su historia no es solo de resistencias pasadas, sino de desaf\u00edos presentes que demandan respuestas urgentes, cambios urgentes para dar fin a las grandes desigualdades como factores de sus grandes males que podr\u00edan tocar la puerta m\u00e1s temprano que tarde.<\/p>","protected":false},"excerpt":{"rendered":"<p>Lima, 18 de enero de 2026 \u2014 La capital peruana conmemora este domingo sus 491 a\u00f1os de fundaci\u00f3n espa\u00f1ola, en una jornada que mezcla actos protocolares, actividades culturales y deportivas gratuitas, pero bajo un tono de sobriedad marcado por la suspensi\u00f3n de la tradicional Serenata a Lima en se\u00f1al de duelo por el fallecimiento de [&hellip;]<\/p>\n","protected":false},"author":12,"featured_media":7459,"comment_status":"open","ping_status":"open","sticky":false,"template":"","format":"standard","meta":{"footnotes":""},"categories":[183,1844,392,1843,1852],"tags":[2695,2696],"class_list":["post-7458","post","type-post","status-publish","format-standard","has-post-thumbnail","hentry","category-actualidad","category-articulos","category-cronica","category-opinion","category-tendencia","tag-491-aniversario-de-lima","tag-ciudad-de-los-reyes"],"yoast_head":"<!-- This site is optimized with the Yoast SEO plugin v27.4 - https:\/\/yoast.com\/product\/yoast-seo-wordpress\/ -->\n<title>Lima cumple 491 a\u00f1os: entre la fundaci\u00f3n espa\u00f1ola, el centralismo y la inseguridad - Pulso27<\/title>\n<meta name=\"robots\" content=\"index, follow, max-snippet:-1, max-image-preview:large, max-video-preview:-1\" \/>\n<link rel=\"canonical\" href=\"https:\/\/pulso27.com\/en\/opinion\/lima-cumple-491-anos-entre-la-fundacion-espanola-el-centralismo-y-la-inseguridad\/\" \/>\n<meta property=\"og:locale\" content=\"en_US\" \/>\n<meta property=\"og:type\" content=\"article\" \/>\n<meta property=\"og:title\" content=\"Lima cumple 491 a\u00f1os: entre la fundaci\u00f3n espa\u00f1ola, el centralismo y la inseguridad - Pulso27\" \/>\n<meta property=\"og:description\" content=\"Lima, 18 de enero de 2026 \u2014 La capital peruana conmemora este domingo sus 491 a\u00f1os de fundaci\u00f3n espa\u00f1ola, en una jornada que mezcla actos protocolares, actividades culturales y deportivas gratuitas, pero bajo un tono de sobriedad marcado por la suspensi\u00f3n de la tradicional Serenata a Lima en se\u00f1al de duelo por el fallecimiento de [&hellip;]\" \/>\n<meta property=\"og:url\" content=\"https:\/\/pulso27.com\/en\/opinion\/lima-cumple-491-anos-entre-la-fundacion-espanola-el-centralismo-y-la-inseguridad\/\" \/>\n<meta property=\"og:site_name\" content=\"Pulso27\" \/>\n<meta property=\"article:publisher\" content=\"https:\/\/www.facebook.com\/pulso27\/\" \/>\n<meta property=\"article:published_time\" content=\"2026-01-19T03:54:14+00:00\" \/>\n<meta property=\"article:modified_time\" content=\"2026-01-19T03:54:21+00:00\" \/>\n<meta property=\"og:image\" content=\"https:\/\/pulso27.com\/wp-content\/uploads\/2026\/01\/Lima-1024x683.png\" \/>\n\t<meta property=\"og:image:width\" content=\"1024\" \/>\n\t<meta property=\"og:image:height\" content=\"683\" \/>\n\t<meta property=\"og:image:type\" content=\"image\/png\" \/>\n<meta name=\"author\" content=\"Director\" \/>\n<meta name=\"twitter:card\" content=\"summary_large_image\" \/>\n<meta name=\"twitter:creator\" content=\"@Pulso_27\" \/>\n<meta name=\"twitter:site\" content=\"@Pulso_27\" \/>\n<meta name=\"twitter:label1\" content=\"Written by\" \/>\n\t<meta name=\"twitter:data1\" content=\"Director\" \/>\n\t<meta name=\"twitter:label2\" content=\"Est. reading time\" \/>\n\t<meta name=\"twitter:data2\" content=\"3 minutes\" \/>\n<script type=\"application\/ld+json\" class=\"yoast-schema-graph\">{\"@context\":\"https:\\\/\\\/schema.org\",\"@graph\":[{\"@type\":\"Article\",\"@id\":\"https:\\\/\\\/pulso27.com\\\/opinion\\\/lima-cumple-491-anos-entre-la-fundacion-espanola-el-centralismo-y-la-inseguridad\\\/#article\",\"isPartOf\":{\"@id\":\"https:\\\/\\\/pulso27.com\\\/opinion\\\/lima-cumple-491-anos-entre-la-fundacion-espanola-el-centralismo-y-la-inseguridad\\\/\"},\"author\":{\"name\":\"Director\",\"@id\":\"https:\\\/\\\/pulso27.com\\\/en\\\/#\\\/schema\\\/person\\\/7940db817f21ad5f34726c57c8de58e1\"},\"headline\":\"Lima cumple 491 a\u00f1os: entre la fundaci\u00f3n espa\u00f1ola, el centralismo y la inseguridad\",\"datePublished\":\"2026-01-19T03:54:14+00:00\",\"dateModified\":\"2026-01-19T03:54:21+00:00\",\"mainEntityOfPage\":{\"@id\":\"https:\\\/\\\/pulso27.com\\\/opinion\\\/lima-cumple-491-anos-entre-la-fundacion-espanola-el-centralismo-y-la-inseguridad\\\/\"},\"wordCount\":525,\"commentCount\":0,\"publisher\":{\"@id\":\"https:\\\/\\\/pulso27.com\\\/en\\\/#organization\"},\"image\":{\"@id\":\"https:\\\/\\\/pulso27.com\\\/opinion\\\/lima-cumple-491-anos-entre-la-fundacion-espanola-el-centralismo-y-la-inseguridad\\\/#primaryimage\"},\"thumbnailUrl\":\"https:\\\/\\\/pulso27.com\\\/wp-content\\\/uploads\\\/2026\\\/01\\\/Lima.png\",\"keywords\":[\"491 aniversario de Lima\",\"Ciudad de los Reyes\"],\"articleSection\":[\"Actualidad\",\"Art\u00edculos\",\"Cr\u00f3nica\",\"Opini\u00f3n\",\"Tendencia\"],\"inLanguage\":\"en-US\",\"potentialAction\":[{\"@type\":\"CommentAction\",\"name\":\"Comment\",\"target\":[\"https:\\\/\\\/pulso27.com\\\/opinion\\\/lima-cumple-491-anos-entre-la-fundacion-espanola-el-centralismo-y-la-inseguridad\\\/#respond\"]}]},{\"@type\":\"WebPage\",\"@id\":\"https:\\\/\\\/pulso27.com\\\/opinion\\\/lima-cumple-491-anos-entre-la-fundacion-espanola-el-centralismo-y-la-inseguridad\\\/\",\"url\":\"https:\\\/\\\/pulso27.com\\\/opinion\\\/lima-cumple-491-anos-entre-la-fundacion-espanola-el-centralismo-y-la-inseguridad\\\/\",\"name\":\"Lima cumple 491 a\u00f1os: entre la fundaci\u00f3n espa\u00f1ola, el centralismo y la inseguridad - Pulso27\",\"isPartOf\":{\"@id\":\"https:\\\/\\\/pulso27.com\\\/en\\\/#website\"},\"primaryImageOfPage\":{\"@id\":\"https:\\\/\\\/pulso27.com\\\/opinion\\\/lima-cumple-491-anos-entre-la-fundacion-espanola-el-centralismo-y-la-inseguridad\\\/#primaryimage\"},\"image\":{\"@id\":\"https:\\\/\\\/pulso27.com\\\/opinion\\\/lima-cumple-491-anos-entre-la-fundacion-espanola-el-centralismo-y-la-inseguridad\\\/#primaryimage\"},\"thumbnailUrl\":\"https:\\\/\\\/pulso27.com\\\/wp-content\\\/uploads\\\/2026\\\/01\\\/Lima.png\",\"datePublished\":\"2026-01-19T03:54:14+00:00\",\"dateModified\":\"2026-01-19T03:54:21+00:00\",\"breadcrumb\":{\"@id\":\"https:\\\/\\\/pulso27.com\\\/opinion\\\/lima-cumple-491-anos-entre-la-fundacion-espanola-el-centralismo-y-la-inseguridad\\\/#breadcrumb\"},\"inLanguage\":\"en-US\",\"potentialAction\":[{\"@type\":\"ReadAction\",\"target\":[\"https:\\\/\\\/pulso27.com\\\/opinion\\\/lima-cumple-491-anos-entre-la-fundacion-espanola-el-centralismo-y-la-inseguridad\\\/\"]}]},{\"@type\":\"ImageObject\",\"inLanguage\":\"en-US\",\"@id\":\"https:\\\/\\\/pulso27.com\\\/opinion\\\/lima-cumple-491-anos-entre-la-fundacion-espanola-el-centralismo-y-la-inseguridad\\\/#primaryimage\",\"url\":\"https:\\\/\\\/pulso27.com\\\/wp-content\\\/uploads\\\/2026\\\/01\\\/Lima.png\",\"contentUrl\":\"https:\\\/\\\/pulso27.com\\\/wp-content\\\/uploads\\\/2026\\\/01\\\/Lima.png\",\"width\":1200,\"height\":800},{\"@type\":\"BreadcrumbList\",\"@id\":\"https:\\\/\\\/pulso27.com\\\/opinion\\\/lima-cumple-491-anos-entre-la-fundacion-espanola-el-centralismo-y-la-inseguridad\\\/#breadcrumb\",\"itemListElement\":[{\"@type\":\"ListItem\",\"position\":1,\"name\":\"Portada\",\"item\":\"https:\\\/\\\/pulso27.com\\\/\"},{\"@type\":\"ListItem\",\"position\":2,\"name\":\"Lima cumple 491 a\u00f1os: entre la fundaci\u00f3n espa\u00f1ola, el centralismo y la inseguridad\"}]},{\"@type\":\"WebSite\",\"@id\":\"https:\\\/\\\/pulso27.com\\\/en\\\/#website\",\"url\":\"https:\\\/\\\/pulso27.com\\\/en\\\/\",\"name\":\"Pulso27\",\"description\":\"Web de noticias y publicidad\",\"publisher\":{\"@id\":\"https:\\\/\\\/pulso27.com\\\/en\\\/#organization\"},\"alternateName\":\"El pulso del pueblo\",\"potentialAction\":[{\"@type\":\"SearchAction\",\"target\":{\"@type\":\"EntryPoint\",\"urlTemplate\":\"https:\\\/\\\/pulso27.com\\\/en\\\/?s={search_term_string}\"},\"query-input\":{\"@type\":\"PropertyValueSpecification\",\"valueRequired\":true,\"valueName\":\"search_term_string\"}}],\"inLanguage\":\"en-US\"},{\"@type\":\"Organization\",\"@id\":\"https:\\\/\\\/pulso27.com\\\/en\\\/#organization\",\"name\":\"Pulso27\",\"url\":\"https:\\\/\\\/pulso27.com\\\/en\\\/\",\"logo\":{\"@type\":\"ImageObject\",\"inLanguage\":\"en-US\",\"@id\":\"https:\\\/\\\/pulso27.com\\\/en\\\/#\\\/schema\\\/logo\\\/image\\\/\",\"url\":\"https:\\\/\\\/pulso27.com\\\/wp-content\\\/uploads\\\/2026\\\/02\\\/Logotipo-de-la-organizacion-696-x-696-px-ok.png\",\"contentUrl\":\"https:\\\/\\\/pulso27.com\\\/wp-content\\\/uploads\\\/2026\\\/02\\\/Logotipo-de-la-organizacion-696-x-696-px-ok.png\",\"width\":696,\"height\":696,\"caption\":\"Pulso27\"},\"image\":{\"@id\":\"https:\\\/\\\/pulso27.com\\\/en\\\/#\\\/schema\\\/logo\\\/image\\\/\"},\"sameAs\":[\"https:\\\/\\\/www.facebook.com\\\/pulso27\\\/\",\"https:\\\/\\\/x.com\\\/Pulso_27\",\"https:\\\/\\\/www.youtube.com\\\/@Pulso27\",\"https:\\\/\\\/www.tiktok.com\\\/@pulso_27\"]},{\"@type\":\"Person\",\"@id\":\"https:\\\/\\\/pulso27.com\\\/en\\\/#\\\/schema\\\/person\\\/7940db817f21ad5f34726c57c8de58e1\",\"name\":\"Director\",\"image\":{\"@type\":\"ImageObject\",\"inLanguage\":\"en-US\",\"@id\":\"https:\\\/\\\/pulso27.com\\\/wp-content\\\/uploads\\\/2025\\\/03\\\/b-150x150.png\",\"url\":\"https:\\\/\\\/pulso27.com\\\/wp-content\\\/uploads\\\/2025\\\/03\\\/b-150x150.png\",\"contentUrl\":\"https:\\\/\\\/pulso27.com\\\/wp-content\\\/uploads\\\/2025\\\/03\\\/b-150x150.png\",\"caption\":\"Director\"},\"sameAs\":[\"http:\\\/\\\/www.pulso27.com\"],\"url\":\"https:\\\/\\\/pulso27.com\\\/en\\\/author\\\/director\\\/\"}]}<\/script>\n<!-- \/ Yoast SEO plugin. -->","yoast_head_json":{"title":"Lima cumple 491 a\u00f1os: entre la fundaci\u00f3n espa\u00f1ola, el centralismo y la inseguridad - Pulso27","robots":{"index":"index","follow":"follow","max-snippet":"max-snippet:-1","max-image-preview":"max-image-preview:large","max-video-preview":"max-video-preview:-1"},"canonical":"https:\/\/pulso27.com\/en\/opinion\/lima-cumple-491-anos-entre-la-fundacion-espanola-el-centralismo-y-la-inseguridad\/","og_locale":"en_US","og_type":"article","og_title":"Lima cumple 491 a\u00f1os: entre la fundaci\u00f3n espa\u00f1ola, el centralismo y la inseguridad - Pulso27","og_description":"Lima, 18 de enero de 2026 \u2014 La capital peruana conmemora este domingo sus 491 a\u00f1os de fundaci\u00f3n espa\u00f1ola, en una jornada que mezcla actos protocolares, actividades culturales y deportivas gratuitas, pero bajo un tono de sobriedad marcado por la suspensi\u00f3n de la tradicional Serenata a Lima en se\u00f1al de duelo por el fallecimiento de [&hellip;]","og_url":"https:\/\/pulso27.com\/en\/opinion\/lima-cumple-491-anos-entre-la-fundacion-espanola-el-centralismo-y-la-inseguridad\/","og_site_name":"Pulso27","article_publisher":"https:\/\/www.facebook.com\/pulso27\/","article_published_time":"2026-01-19T03:54:14+00:00","article_modified_time":"2026-01-19T03:54:21+00:00","og_image":[{"width":1024,"height":683,"url":"https:\/\/pulso27.com\/wp-content\/uploads\/2026\/01\/Lima-1024x683.png","type":"image\/png"}],"author":"Director","twitter_card":"summary_large_image","twitter_creator":"@Pulso_27","twitter_site":"@Pulso_27","twitter_misc":{"Written by":"Director","Est. reading time":"3 minutes"},"schema":{"@context":"https:\/\/schema.org","@graph":[{"@type":"Article","@id":"https:\/\/pulso27.com\/opinion\/lima-cumple-491-anos-entre-la-fundacion-espanola-el-centralismo-y-la-inseguridad\/#article","isPartOf":{"@id":"https:\/\/pulso27.com\/opinion\/lima-cumple-491-anos-entre-la-fundacion-espanola-el-centralismo-y-la-inseguridad\/"},"author":{"name":"Director","@id":"https:\/\/pulso27.com\/en\/#\/schema\/person\/7940db817f21ad5f34726c57c8de58e1"},"headline":"Lima cumple 491 a\u00f1os: entre la fundaci\u00f3n espa\u00f1ola, el centralismo y la inseguridad","datePublished":"2026-01-19T03:54:14+00:00","dateModified":"2026-01-19T03:54:21+00:00","mainEntityOfPage":{"@id":"https:\/\/pulso27.com\/opinion\/lima-cumple-491-anos-entre-la-fundacion-espanola-el-centralismo-y-la-inseguridad\/"},"wordCount":525,"commentCount":0,"publisher":{"@id":"https:\/\/pulso27.com\/en\/#organization"},"image":{"@id":"https:\/\/pulso27.com\/opinion\/lima-cumple-491-anos-entre-la-fundacion-espanola-el-centralismo-y-la-inseguridad\/#primaryimage"},"thumbnailUrl":"https:\/\/pulso27.com\/wp-content\/uploads\/2026\/01\/Lima.png","keywords":["491 aniversario de Lima","Ciudad de los Reyes"],"articleSection":["Actualidad","Art\u00edculos","Cr\u00f3nica","Opini\u00f3n","Tendencia"],"inLanguage":"en-US","potentialAction":[{"@type":"CommentAction","name":"Comment","target":["https:\/\/pulso27.com\/opinion\/lima-cumple-491-anos-entre-la-fundacion-espanola-el-centralismo-y-la-inseguridad\/#respond"]}]},{"@type":"WebPage","@id":"https:\/\/pulso27.com\/opinion\/lima-cumple-491-anos-entre-la-fundacion-espanola-el-centralismo-y-la-inseguridad\/","url":"https:\/\/pulso27.com\/opinion\/lima-cumple-491-anos-entre-la-fundacion-espanola-el-centralismo-y-la-inseguridad\/","name":"Lima cumple 491 a\u00f1os: entre la fundaci\u00f3n espa\u00f1ola, el centralismo y la inseguridad - Pulso27","isPartOf":{"@id":"https:\/\/pulso27.com\/en\/#website"},"primaryImageOfPage":{"@id":"https:\/\/pulso27.com\/opinion\/lima-cumple-491-anos-entre-la-fundacion-espanola-el-centralismo-y-la-inseguridad\/#primaryimage"},"image":{"@id":"https:\/\/pulso27.com\/opinion\/lima-cumple-491-anos-entre-la-fundacion-espanola-el-centralismo-y-la-inseguridad\/#primaryimage"},"thumbnailUrl":"https:\/\/pulso27.com\/wp-content\/uploads\/2026\/01\/Lima.png","datePublished":"2026-01-19T03:54:14+00:00","dateModified":"2026-01-19T03:54:21+00:00","breadcrumb":{"@id":"https:\/\/pulso27.com\/opinion\/lima-cumple-491-anos-entre-la-fundacion-espanola-el-centralismo-y-la-inseguridad\/#breadcrumb"},"inLanguage":"en-US","potentialAction":[{"@type":"ReadAction","target":["https:\/\/pulso27.com\/opinion\/lima-cumple-491-anos-entre-la-fundacion-espanola-el-centralismo-y-la-inseguridad\/"]}]},{"@type":"ImageObject","inLanguage":"en-US","@id":"https:\/\/pulso27.com\/opinion\/lima-cumple-491-anos-entre-la-fundacion-espanola-el-centralismo-y-la-inseguridad\/#primaryimage","url":"https:\/\/pulso27.com\/wp-content\/uploads\/2026\/01\/Lima.png","contentUrl":"https:\/\/pulso27.com\/wp-content\/uploads\/2026\/01\/Lima.png","width":1200,"height":800},{"@type":"BreadcrumbList","@id":"https:\/\/pulso27.com\/opinion\/lima-cumple-491-anos-entre-la-fundacion-espanola-el-centralismo-y-la-inseguridad\/#breadcrumb","itemListElement":[{"@type":"ListItem","position":1,"name":"Portada","item":"https:\/\/pulso27.com\/"},{"@type":"ListItem","position":2,"name":"Lima cumple 491 a\u00f1os: entre la fundaci\u00f3n espa\u00f1ola, el centralismo y la inseguridad"}]},{"@type":"WebSite","@id":"https:\/\/pulso27.com\/en\/#website","url":"https:\/\/pulso27.com\/en\/","name":"Pulso27","description":"Web de noticias y publicidad","publisher":{"@id":"https:\/\/pulso27.com\/en\/#organization"},"alternateName":"El pulso del pueblo","potentialAction":[{"@type":"SearchAction","target":{"@type":"EntryPoint","urlTemplate":"https:\/\/pulso27.com\/en\/?s={search_term_string}"},"query-input":{"@type":"PropertyValueSpecification","valueRequired":true,"valueName":"search_term_string"}}],"inLanguage":"en-US"},{"@type":"Organization","@id":"https:\/\/pulso27.com\/en\/#organization","name":"Pulso27","url":"https:\/\/pulso27.com\/en\/","logo":{"@type":"ImageObject","inLanguage":"en-US","@id":"https:\/\/pulso27.com\/en\/#\/schema\/logo\/image\/","url":"https:\/\/pulso27.com\/wp-content\/uploads\/2026\/02\/Logotipo-de-la-organizacion-696-x-696-px-ok.png","contentUrl":"https:\/\/pulso27.com\/wp-content\/uploads\/2026\/02\/Logotipo-de-la-organizacion-696-x-696-px-ok.png","width":696,"height":696,"caption":"Pulso27"},"image":{"@id":"https:\/\/pulso27.com\/en\/#\/schema\/logo\/image\/"},"sameAs":["https:\/\/www.facebook.com\/pulso27\/","https:\/\/x.com\/Pulso_27","https:\/\/www.youtube.com\/@Pulso27","https:\/\/www.tiktok.com\/@pulso_27"]},{"@type":"Person","@id":"https:\/\/pulso27.com\/en\/#\/schema\/person\/7940db817f21ad5f34726c57c8de58e1","name":"Director","image":{"@type":"ImageObject","inLanguage":"en-US","@id":"https:\/\/pulso27.com\/wp-content\/uploads\/2025\/03\/b-150x150.png","url":"https:\/\/pulso27.com\/wp-content\/uploads\/2025\/03\/b-150x150.png","contentUrl":"https:\/\/pulso27.com\/wp-content\/uploads\/2025\/03\/b-150x150.png","caption":"Director"},"sameAs":["http:\/\/www.pulso27.com"],"url":"https:\/\/pulso27.com\/en\/author\/director\/"}]}},"amp_enabled":true,"_links":{"self":[{"href":"https:\/\/pulso27.com\/en\/wp-json\/wp\/v2\/posts\/7458","targetHints":{"allow":["GET"]}}],"collection":[{"href":"https:\/\/pulso27.com\/en\/wp-json\/wp\/v2\/posts"}],"about":[{"href":"https:\/\/pulso27.com\/en\/wp-json\/wp\/v2\/types\/post"}],"author":[{"embeddable":true,"href":"https:\/\/pulso27.com\/en\/wp-json\/wp\/v2\/users\/12"}],"replies":[{"embeddable":true,"href":"https:\/\/pulso27.com\/en\/wp-json\/wp\/v2\/comments?post=7458"}],"version-history":[{"count":1,"href":"https:\/\/pulso27.com\/en\/wp-json\/wp\/v2\/posts\/7458\/revisions"}],"predecessor-version":[{"id":7463,"href":"https:\/\/pulso27.com\/en\/wp-json\/wp\/v2\/posts\/7458\/revisions\/7463"}],"wp:featuredmedia":[{"embeddable":true,"href":"https:\/\/pulso27.com\/en\/wp-json\/wp\/v2\/media\/7459"}],"wp:attachment":[{"href":"https:\/\/pulso27.com\/en\/wp-json\/wp\/v2\/media?parent=7458"}],"wp:term":[{"taxonomy":"category","embeddable":true,"href":"https:\/\/pulso27.com\/en\/wp-json\/wp\/v2\/categories?post=7458"},{"taxonomy":"post_tag","embeddable":true,"href":"https:\/\/pulso27.com\/en\/wp-json\/wp\/v2\/tags?post=7458"}],"curies":[{"name":"wp","href":"https:\/\/api.w.org\/{rel}","templated":true}]}}