{"id":7466,"date":"2026-01-22T10:00:55","date_gmt":"2026-01-22T05:00:55","guid":{"rendered":"https:\/\/pulso27.com\/?p=7466"},"modified":"2026-01-22T10:01:00","modified_gmt":"2026-01-22T05:01:00","slug":"el-presidente-interino-jose-jeri-enfrenta-una-vacancia-inminente-por-reuniones-clandestinas-con-empresario-chino","status":"publish","type":"post","link":"https:\/\/pulso27.com\/en\/actualidad\/el-presidente-interino-jose-jeri-enfrenta-una-vacancia-inminente-por-reuniones-clandestinas-con-empresario-chino\/","title":{"rendered":"El presidente interino Jos\u00e9 Jer\u00ed enfrenta una vacancia inminente por reuniones clandestinas con empresario chino"},"content":{"rendered":"<p>Lima, 21 de enero de 2026 \u2013 El presidente interino de la Rep\u00fablica, Jos\u00e9 Jer\u00ed Or\u00e9, se encuentra en el centro de una grave crisis pol\u00edtica tras su comparecencia este mi\u00e9rcoles ante la Comisi\u00f3n de Fiscalizaci\u00f3n y Contralor\u00eda del Congreso, donde trat\u00f3 explicar las reuniones no registradas oficialmente con el empresario chino Zhihua Yang (conocido como \u00abJohnny Yang\u00bb), due\u00f1o de varios locales comerciales. La sesi\u00f3n, que dur\u00f3 varias horas y fue presidida por el legislador Elvis Vergara Mendoza (Acci\u00f3n Popular), abord\u00f3 dos encuentros clave: uno el 26 de diciembre de 2025 en un chifa en el distrito de San Borja, y otro el 6 de enero de 2026 en el local Market Cap\u00f3n del Centro de Lima.<\/p>\n\n\n\n<p>En su intervenci\u00f3n, Jer\u00ed neg\u00f3 cualquier irregularidad, tr\u00e1fico de influencias o negociaci\u00f3n il\u00edcita, argumentando que las reuniones respondieron a invitaciones relacionadas con actividades de amistad Per\u00fa-China, sin solicitudes de favores ni beneficios indebidos. Admiti\u00f3 la presencia ocasional de Ji Wu Xiaodong (investigado por otros delitos), pero sostuvo desconocer detalles de su situaci\u00f3n judicial. El mandatario descart\u00f3 renunciar, enfatizando que hacerlo implicar\u00eda admitir culpas inexistentes, y asegur\u00f3 plena colaboraci\u00f3n con las investigaciones. El empresario Zhihua Yang emiti\u00f3 un comunicado negando haber pedido favores y cuestionando la filtraci\u00f3n de videos de seguridad.<\/p>\n\n\n\n<p>El Congreso registra al menos tres mociones de censura contra Jer\u00ed en su calidad de presidente de la Mesa Directiva, lo que derivar\u00eda en su salida de la presidencia interina. Una de ellas, impulsada por la congresista Ruth Luque Ibarra, que cuenta con las 20 firmas requeridas para su admisi\u00f3n a tr\u00e1mite y argumenta falta de transparencia e incapacidad moral por las reuniones clandestinas. Bancadas como Renovaci\u00f3n Popular y otros funcionales al r\u00e9gimen tambi\u00e9n han anunciado recolecci\u00f3n de firmas para una censura adicional y pedido de un Pleno Extraordinario. Estas mociones requieren solamente de 66 votos en el Pleno para prosperar.<\/p>\n\n\n\n<p>Paralelamente, avanza una moci\u00f3n de vacancia presidencial por presunta incapacidad moral permanente, promovida por el congresista Segundo Montalvo (Per\u00fa Libre) y con firmas en aumento (alcanzando al menos 16 en reportes previos). Asimismo, Margot Palacios Huam\u00e1n impulsa una segunda moci\u00f3n de vacancia presidencial, que ya contar\u00eda con 15 firmas. Este mecanismo exige 87 votos en el Pleno, un umbral m\u00e1s elevado, aunque sectores progresistas, de izquierda y algunos independientes lo impulsan con fuerza. Mientras, bancadas de ka derecga parlamentaria que son mayor\u00eda como Fuerza Popular, Alianza para el Progreso, Acci\u00f3n Popular y Podemos han mantenido silencio o posiciones de respaldo impl\u00edcito al mandatario hasta el momento, pero est\u00e1 claro que en el pr\u00e1ctica no apoyar\u00e1n dicha mociones.<\/p>\n\n\n\n<p>Por su parte, el Ministerio P\u00fablico abri\u00f3 una investigaci\u00f3n preliminar contra Jer\u00ed por presunto tr\u00e1fico de influencias y patrocinio ilegal de intereses, tras los reportajes que difundieron im\u00e1genes de los encuentros. El caso, denominado \u00abChifagate\u00bb en medios, se desarrolla en plena transici\u00f3n gubernamental a meses de las Elecciones Generales de 2026, generando amplio debate sobre transparencia y posibles convocatorias a Pleno extraordinario en el Congreso, actualmente en receso.<\/p>","protected":false},"excerpt":{"rendered":"<p>Lima, 21 de enero de 2026 \u2013 El presidente interino de la Rep\u00fablica, Jos\u00e9 Jer\u00ed Or\u00e9, se encuentra en el centro de una grave crisis pol\u00edtica tras su comparecencia este mi\u00e9rcoles ante la Comisi\u00f3n de Fiscalizaci\u00f3n y Contralor\u00eda del Congreso, donde trat\u00f3 explicar las reuniones no registradas oficialmente con el empresario chino Zhihua Yang (conocido [&hellip;]<\/p>\n","protected":false},"author":5,"featured_media":7467,"comment_status":"open","ping_status":"open","sticky":false,"template":"","format":"standard","meta":{"footnotes":""},"categories":[183,177,174,1852],"tags":[719,2546,2693,2697,627],"class_list":["post-7466","post","type-post","status-publish","format-standard","has-post-thumbnail","hentry","category-actualidad","category-economia","category-nacional","category-tendencia","tag-congreso-de-la-republica-2","tag-jose-jeri-ore","tag-mocion-de-censura","tag-mocion-de-vacancia","tag-vacancia"],"yoast_head":"<!-- This site is optimized with the Yoast SEO plugin v27.4 - https:\/\/yoast.com\/product\/yoast-seo-wordpress\/ -->\n<title>El presidente interino Jos\u00e9 Jer\u00ed enfrenta una vacancia inminente por reuniones clandestinas con empresario chino - Pulso27<\/title>\n<meta name=\"robots\" content=\"index, follow, max-snippet:-1, max-image-preview:large, max-video-preview:-1\" \/>\n<link rel=\"canonical\" href=\"https:\/\/pulso27.com\/en\/actualidad\/el-presidente-interino-jose-jeri-enfrenta-una-vacancia-inminente-por-reuniones-clandestinas-con-empresario-chino\/\" \/>\n<meta property=\"og:locale\" content=\"en_US\" \/>\n<meta property=\"og:type\" content=\"article\" \/>\n<meta property=\"og:title\" content=\"El presidente interino Jos\u00e9 Jer\u00ed enfrenta una vacancia inminente por reuniones clandestinas con empresario chino - Pulso27\" \/>\n<meta property=\"og:description\" content=\"Lima, 21 de enero de 2026 \u2013 El presidente interino de la Rep\u00fablica, Jos\u00e9 Jer\u00ed Or\u00e9, se encuentra en el centro de una grave crisis pol\u00edtica tras su comparecencia este mi\u00e9rcoles ante la Comisi\u00f3n de Fiscalizaci\u00f3n y Contralor\u00eda del Congreso, donde trat\u00f3 explicar las reuniones no registradas oficialmente con el empresario chino Zhihua Yang (conocido [&hellip;]\" \/>\n<meta property=\"og:url\" content=\"https:\/\/pulso27.com\/en\/actualidad\/el-presidente-interino-jose-jeri-enfrenta-una-vacancia-inminente-por-reuniones-clandestinas-con-empresario-chino\/\" \/>\n<meta property=\"og:site_name\" content=\"Pulso27\" \/>\n<meta property=\"article:publisher\" content=\"https:\/\/www.facebook.com\/pulso27\/\" \/>\n<meta property=\"article:published_time\" content=\"2026-01-22T05:00:55+00:00\" \/>\n<meta property=\"article:modified_time\" content=\"2026-01-22T05:01:00+00:00\" \/>\n<meta property=\"og:image\" content=\"https:\/\/pulso27.com\/wp-content\/uploads\/2026\/01\/Jose-Jeri.png\" \/>\n\t<meta property=\"og:image:width\" content=\"1205\" \/>\n\t<meta property=\"og:image:height\" content=\"800\" \/>\n\t<meta property=\"og:image:type\" content=\"image\/png\" \/>\n<meta name=\"author\" content=\"admin\" \/>\n<meta name=\"twitter:card\" content=\"summary_large_image\" \/>\n<meta name=\"twitter:creator\" content=\"@Pulso_27\" \/>\n<meta name=\"twitter:site\" content=\"@Pulso_27\" \/>\n<meta name=\"twitter:label1\" content=\"Written by\" \/>\n\t<meta name=\"twitter:data1\" content=\"admin\" \/>\n\t<meta name=\"twitter:label2\" content=\"Est. reading time\" \/>\n\t<meta name=\"twitter:data2\" content=\"3 minutes\" \/>\n<script type=\"application\/ld+json\" class=\"yoast-schema-graph\">{\"@context\":\"https:\\\/\\\/schema.org\",\"@graph\":[{\"@type\":\"Article\",\"@id\":\"https:\\\/\\\/pulso27.com\\\/actualidad\\\/el-presidente-interino-jose-jeri-enfrenta-una-vacancia-inminente-por-reuniones-clandestinas-con-empresario-chino\\\/#article\",\"isPartOf\":{\"@id\":\"https:\\\/\\\/pulso27.com\\\/actualidad\\\/el-presidente-interino-jose-jeri-enfrenta-una-vacancia-inminente-por-reuniones-clandestinas-con-empresario-chino\\\/\"},\"author\":{\"name\":\"admin\",\"@id\":\"https:\\\/\\\/pulso27.com\\\/en\\\/#\\\/schema\\\/person\\\/df15ecbcbba89b8627097bc602dc9e15\"},\"headline\":\"El presidente interino Jos\u00e9 Jer\u00ed enfrenta una vacancia inminente por reuniones clandestinas con empresario chino\",\"datePublished\":\"2026-01-22T05:00:55+00:00\",\"dateModified\":\"2026-01-22T05:01:00+00:00\",\"mainEntityOfPage\":{\"@id\":\"https:\\\/\\\/pulso27.com\\\/actualidad\\\/el-presidente-interino-jose-jeri-enfrenta-una-vacancia-inminente-por-reuniones-clandestinas-con-empresario-chino\\\/\"},\"wordCount\":536,\"commentCount\":0,\"publisher\":{\"@id\":\"https:\\\/\\\/pulso27.com\\\/en\\\/#organization\"},\"image\":{\"@id\":\"https:\\\/\\\/pulso27.com\\\/actualidad\\\/el-presidente-interino-jose-jeri-enfrenta-una-vacancia-inminente-por-reuniones-clandestinas-con-empresario-chino\\\/#primaryimage\"},\"thumbnailUrl\":\"https:\\\/\\\/pulso27.com\\\/wp-content\\\/uploads\\\/2026\\\/01\\\/Jose-Jeri.png\",\"keywords\":[\"Congreso de la Rep\u00fablica\",\"Jos\u00e9 Jer\u00ed Or\u00e9\",\"Moci\u00f3n de censura\",\"Moci\u00f3n de Vacancia\",\"Vacancia\"],\"articleSection\":[\"Actualidad\",\"Econom\u00eda\",\"Nacional\",\"Tendencia\"],\"inLanguage\":\"en-US\",\"potentialAction\":[{\"@type\":\"CommentAction\",\"name\":\"Comment\",\"target\":[\"https:\\\/\\\/pulso27.com\\\/actualidad\\\/el-presidente-interino-jose-jeri-enfrenta-una-vacancia-inminente-por-reuniones-clandestinas-con-empresario-chino\\\/#respond\"]}]},{\"@type\":\"WebPage\",\"@id\":\"https:\\\/\\\/pulso27.com\\\/actualidad\\\/el-presidente-interino-jose-jeri-enfrenta-una-vacancia-inminente-por-reuniones-clandestinas-con-empresario-chino\\\/\",\"url\":\"https:\\\/\\\/pulso27.com\\\/actualidad\\\/el-presidente-interino-jose-jeri-enfrenta-una-vacancia-inminente-por-reuniones-clandestinas-con-empresario-chino\\\/\",\"name\":\"El presidente interino Jos\u00e9 Jer\u00ed enfrenta una vacancia inminente por reuniones clandestinas con empresario chino - Pulso27\",\"isPartOf\":{\"@id\":\"https:\\\/\\\/pulso27.com\\\/en\\\/#website\"},\"primaryImageOfPage\":{\"@id\":\"https:\\\/\\\/pulso27.com\\\/actualidad\\\/el-presidente-interino-jose-jeri-enfrenta-una-vacancia-inminente-por-reuniones-clandestinas-con-empresario-chino\\\/#primaryimage\"},\"image\":{\"@id\":\"https:\\\/\\\/pulso27.com\\\/actualidad\\\/el-presidente-interino-jose-jeri-enfrenta-una-vacancia-inminente-por-reuniones-clandestinas-con-empresario-chino\\\/#primaryimage\"},\"thumbnailUrl\":\"https:\\\/\\\/pulso27.com\\\/wp-content\\\/uploads\\\/2026\\\/01\\\/Jose-Jeri.png\",\"datePublished\":\"2026-01-22T05:00:55+00:00\",\"dateModified\":\"2026-01-22T05:01:00+00:00\",\"breadcrumb\":{\"@id\":\"https:\\\/\\\/pulso27.com\\\/actualidad\\\/el-presidente-interino-jose-jeri-enfrenta-una-vacancia-inminente-por-reuniones-clandestinas-con-empresario-chino\\\/#breadcrumb\"},\"inLanguage\":\"en-US\",\"potentialAction\":[{\"@type\":\"ReadAction\",\"target\":[\"https:\\\/\\\/pulso27.com\\\/actualidad\\\/el-presidente-interino-jose-jeri-enfrenta-una-vacancia-inminente-por-reuniones-clandestinas-con-empresario-chino\\\/\"]}]},{\"@type\":\"ImageObject\",\"inLanguage\":\"en-US\",\"@id\":\"https:\\\/\\\/pulso27.com\\\/actualidad\\\/el-presidente-interino-jose-jeri-enfrenta-una-vacancia-inminente-por-reuniones-clandestinas-con-empresario-chino\\\/#primaryimage\",\"url\":\"https:\\\/\\\/pulso27.com\\\/wp-content\\\/uploads\\\/2026\\\/01\\\/Jose-Jeri.png\",\"contentUrl\":\"https:\\\/\\\/pulso27.com\\\/wp-content\\\/uploads\\\/2026\\\/01\\\/Jose-Jeri.png\",\"width\":1205,\"height\":800},{\"@type\":\"BreadcrumbList\",\"@id\":\"https:\\\/\\\/pulso27.com\\\/actualidad\\\/el-presidente-interino-jose-jeri-enfrenta-una-vacancia-inminente-por-reuniones-clandestinas-con-empresario-chino\\\/#breadcrumb\",\"itemListElement\":[{\"@type\":\"ListItem\",\"position\":1,\"name\":\"Portada\",\"item\":\"https:\\\/\\\/pulso27.com\\\/\"},{\"@type\":\"ListItem\",\"position\":2,\"name\":\"El presidente interino Jos\u00e9 Jer\u00ed enfrenta una vacancia inminente por reuniones clandestinas con empresario chino\"}]},{\"@type\":\"WebSite\",\"@id\":\"https:\\\/\\\/pulso27.com\\\/en\\\/#website\",\"url\":\"https:\\\/\\\/pulso27.com\\\/en\\\/\",\"name\":\"Pulso27\",\"description\":\"Web de noticias y publicidad\",\"publisher\":{\"@id\":\"https:\\\/\\\/pulso27.com\\\/en\\\/#organization\"},\"alternateName\":\"El pulso del pueblo\",\"potentialAction\":[{\"@type\":\"SearchAction\",\"target\":{\"@type\":\"EntryPoint\",\"urlTemplate\":\"https:\\\/\\\/pulso27.com\\\/en\\\/?s={search_term_string}\"},\"query-input\":{\"@type\":\"PropertyValueSpecification\",\"valueRequired\":true,\"valueName\":\"search_term_string\"}}],\"inLanguage\":\"en-US\"},{\"@type\":\"Organization\",\"@id\":\"https:\\\/\\\/pulso27.com\\\/en\\\/#organization\",\"name\":\"Pulso27\",\"url\":\"https:\\\/\\\/pulso27.com\\\/en\\\/\",\"logo\":{\"@type\":\"ImageObject\",\"inLanguage\":\"en-US\",\"@id\":\"https:\\\/\\\/pulso27.com\\\/en\\\/#\\\/schema\\\/logo\\\/image\\\/\",\"url\":\"https:\\\/\\\/pulso27.com\\\/wp-content\\\/uploads\\\/2026\\\/02\\\/Logotipo-de-la-organizacion-696-x-696-px-ok.png\",\"contentUrl\":\"https:\\\/\\\/pulso27.com\\\/wp-content\\\/uploads\\\/2026\\\/02\\\/Logotipo-de-la-organizacion-696-x-696-px-ok.png\",\"width\":696,\"height\":696,\"caption\":\"Pulso27\"},\"image\":{\"@id\":\"https:\\\/\\\/pulso27.com\\\/en\\\/#\\\/schema\\\/logo\\\/image\\\/\"},\"sameAs\":[\"https:\\\/\\\/www.facebook.com\\\/pulso27\\\/\",\"https:\\\/\\\/x.com\\\/Pulso_27\",\"https:\\\/\\\/www.youtube.com\\\/@Pulso27\",\"https:\\\/\\\/www.tiktok.com\\\/@pulso_27\"]},{\"@type\":\"Person\",\"@id\":\"https:\\\/\\\/pulso27.com\\\/en\\\/#\\\/schema\\\/person\\\/df15ecbcbba89b8627097bc602dc9e15\",\"name\":\"admin\",\"image\":{\"@type\":\"ImageObject\",\"inLanguage\":\"en-US\",\"@id\":\"https:\\\/\\\/secure.gravatar.com\\\/avatar\\\/828f4a09ba8ce37cfca622f580fec4411ddb2550515ba4e452fa5d850713b8d1?s=96&d=mm&r=g\",\"url\":\"https:\\\/\\\/secure.gravatar.com\\\/avatar\\\/828f4a09ba8ce37cfca622f580fec4411ddb2550515ba4e452fa5d850713b8d1?s=96&d=mm&r=g\",\"contentUrl\":\"https:\\\/\\\/secure.gravatar.com\\\/avatar\\\/828f4a09ba8ce37cfca622f580fec4411ddb2550515ba4e452fa5d850713b8d1?s=96&d=mm&r=g\",\"caption\":\"admin\"},\"sameAs\":[\"http:\\\/\\\/www.pulso27.com\"],\"url\":\"https:\\\/\\\/pulso27.com\\\/en\\\/author\\\/admin-2\\\/\"}]}<\/script>\n<!-- \/ Yoast SEO plugin. -->","yoast_head_json":{"title":"El presidente interino Jos\u00e9 Jer\u00ed enfrenta una vacancia inminente por reuniones clandestinas con empresario chino - Pulso27","robots":{"index":"index","follow":"follow","max-snippet":"max-snippet:-1","max-image-preview":"max-image-preview:large","max-video-preview":"max-video-preview:-1"},"canonical":"https:\/\/pulso27.com\/en\/actualidad\/el-presidente-interino-jose-jeri-enfrenta-una-vacancia-inminente-por-reuniones-clandestinas-con-empresario-chino\/","og_locale":"en_US","og_type":"article","og_title":"El presidente interino Jos\u00e9 Jer\u00ed enfrenta una vacancia inminente por reuniones clandestinas con empresario chino - Pulso27","og_description":"Lima, 21 de enero de 2026 \u2013 El presidente interino de la Rep\u00fablica, Jos\u00e9 Jer\u00ed Or\u00e9, se encuentra en el centro de una grave crisis pol\u00edtica tras su comparecencia este mi\u00e9rcoles ante la Comisi\u00f3n de Fiscalizaci\u00f3n y Contralor\u00eda del Congreso, donde trat\u00f3 explicar las reuniones no registradas oficialmente con el empresario chino Zhihua Yang (conocido [&hellip;]","og_url":"https:\/\/pulso27.com\/en\/actualidad\/el-presidente-interino-jose-jeri-enfrenta-una-vacancia-inminente-por-reuniones-clandestinas-con-empresario-chino\/","og_site_name":"Pulso27","article_publisher":"https:\/\/www.facebook.com\/pulso27\/","article_published_time":"2026-01-22T05:00:55+00:00","article_modified_time":"2026-01-22T05:01:00+00:00","og_image":[{"width":1205,"height":800,"url":"https:\/\/pulso27.com\/wp-content\/uploads\/2026\/01\/Jose-Jeri.png","type":"image\/png"}],"author":"admin","twitter_card":"summary_large_image","twitter_creator":"@Pulso_27","twitter_site":"@Pulso_27","twitter_misc":{"Written by":"admin","Est. reading time":"3 minutes"},"schema":{"@context":"https:\/\/schema.org","@graph":[{"@type":"Article","@id":"https:\/\/pulso27.com\/actualidad\/el-presidente-interino-jose-jeri-enfrenta-una-vacancia-inminente-por-reuniones-clandestinas-con-empresario-chino\/#article","isPartOf":{"@id":"https:\/\/pulso27.com\/actualidad\/el-presidente-interino-jose-jeri-enfrenta-una-vacancia-inminente-por-reuniones-clandestinas-con-empresario-chino\/"},"author":{"name":"admin","@id":"https:\/\/pulso27.com\/en\/#\/schema\/person\/df15ecbcbba89b8627097bc602dc9e15"},"headline":"El presidente interino Jos\u00e9 Jer\u00ed enfrenta una vacancia inminente por reuniones clandestinas con empresario chino","datePublished":"2026-01-22T05:00:55+00:00","dateModified":"2026-01-22T05:01:00+00:00","mainEntityOfPage":{"@id":"https:\/\/pulso27.com\/actualidad\/el-presidente-interino-jose-jeri-enfrenta-una-vacancia-inminente-por-reuniones-clandestinas-con-empresario-chino\/"},"wordCount":536,"commentCount":0,"publisher":{"@id":"https:\/\/pulso27.com\/en\/#organization"},"image":{"@id":"https:\/\/pulso27.com\/actualidad\/el-presidente-interino-jose-jeri-enfrenta-una-vacancia-inminente-por-reuniones-clandestinas-con-empresario-chino\/#primaryimage"},"thumbnailUrl":"https:\/\/pulso27.com\/wp-content\/uploads\/2026\/01\/Jose-Jeri.png","keywords":["Congreso de la Rep\u00fablica","Jos\u00e9 Jer\u00ed Or\u00e9","Moci\u00f3n de censura","Moci\u00f3n de Vacancia","Vacancia"],"articleSection":["Actualidad","Econom\u00eda","Nacional","Tendencia"],"inLanguage":"en-US","potentialAction":[{"@type":"CommentAction","name":"Comment","target":["https:\/\/pulso27.com\/actualidad\/el-presidente-interino-jose-jeri-enfrenta-una-vacancia-inminente-por-reuniones-clandestinas-con-empresario-chino\/#respond"]}]},{"@type":"WebPage","@id":"https:\/\/pulso27.com\/actualidad\/el-presidente-interino-jose-jeri-enfrenta-una-vacancia-inminente-por-reuniones-clandestinas-con-empresario-chino\/","url":"https:\/\/pulso27.com\/actualidad\/el-presidente-interino-jose-jeri-enfrenta-una-vacancia-inminente-por-reuniones-clandestinas-con-empresario-chino\/","name":"El presidente interino Jos\u00e9 Jer\u00ed enfrenta una vacancia inminente por reuniones clandestinas con empresario chino - Pulso27","isPartOf":{"@id":"https:\/\/pulso27.com\/en\/#website"},"primaryImageOfPage":{"@id":"https:\/\/pulso27.com\/actualidad\/el-presidente-interino-jose-jeri-enfrenta-una-vacancia-inminente-por-reuniones-clandestinas-con-empresario-chino\/#primaryimage"},"image":{"@id":"https:\/\/pulso27.com\/actualidad\/el-presidente-interino-jose-jeri-enfrenta-una-vacancia-inminente-por-reuniones-clandestinas-con-empresario-chino\/#primaryimage"},"thumbnailUrl":"https:\/\/pulso27.com\/wp-content\/uploads\/2026\/01\/Jose-Jeri.png","datePublished":"2026-01-22T05:00:55+00:00","dateModified":"2026-01-22T05:01:00+00:00","breadcrumb":{"@id":"https:\/\/pulso27.com\/actualidad\/el-presidente-interino-jose-jeri-enfrenta-una-vacancia-inminente-por-reuniones-clandestinas-con-empresario-chino\/#breadcrumb"},"inLanguage":"en-US","potentialAction":[{"@type":"ReadAction","target":["https:\/\/pulso27.com\/actualidad\/el-presidente-interino-jose-jeri-enfrenta-una-vacancia-inminente-por-reuniones-clandestinas-con-empresario-chino\/"]}]},{"@type":"ImageObject","inLanguage":"en-US","@id":"https:\/\/pulso27.com\/actualidad\/el-presidente-interino-jose-jeri-enfrenta-una-vacancia-inminente-por-reuniones-clandestinas-con-empresario-chino\/#primaryimage","url":"https:\/\/pulso27.com\/wp-content\/uploads\/2026\/01\/Jose-Jeri.png","contentUrl":"https:\/\/pulso27.com\/wp-content\/uploads\/2026\/01\/Jose-Jeri.png","width":1205,"height":800},{"@type":"BreadcrumbList","@id":"https:\/\/pulso27.com\/actualidad\/el-presidente-interino-jose-jeri-enfrenta-una-vacancia-inminente-por-reuniones-clandestinas-con-empresario-chino\/#breadcrumb","itemListElement":[{"@type":"ListItem","position":1,"name":"Portada","item":"https:\/\/pulso27.com\/"},{"@type":"ListItem","position":2,"name":"El presidente interino Jos\u00e9 Jer\u00ed enfrenta una vacancia inminente por reuniones clandestinas con empresario chino"}]},{"@type":"WebSite","@id":"https:\/\/pulso27.com\/en\/#website","url":"https:\/\/pulso27.com\/en\/","name":"Pulso27","description":"Web de noticias y publicidad","publisher":{"@id":"https:\/\/pulso27.com\/en\/#organization"},"alternateName":"El pulso del pueblo","potentialAction":[{"@type":"SearchAction","target":{"@type":"EntryPoint","urlTemplate":"https:\/\/pulso27.com\/en\/?s={search_term_string}"},"query-input":{"@type":"PropertyValueSpecification","valueRequired":true,"valueName":"search_term_string"}}],"inLanguage":"en-US"},{"@type":"Organization","@id":"https:\/\/pulso27.com\/en\/#organization","name":"Pulso27","url":"https:\/\/pulso27.com\/en\/","logo":{"@type":"ImageObject","inLanguage":"en-US","@id":"https:\/\/pulso27.com\/en\/#\/schema\/logo\/image\/","url":"https:\/\/pulso27.com\/wp-content\/uploads\/2026\/02\/Logotipo-de-la-organizacion-696-x-696-px-ok.png","contentUrl":"https:\/\/pulso27.com\/wp-content\/uploads\/2026\/02\/Logotipo-de-la-organizacion-696-x-696-px-ok.png","width":696,"height":696,"caption":"Pulso27"},"image":{"@id":"https:\/\/pulso27.com\/en\/#\/schema\/logo\/image\/"},"sameAs":["https:\/\/www.facebook.com\/pulso27\/","https:\/\/x.com\/Pulso_27","https:\/\/www.youtube.com\/@Pulso27","https:\/\/www.tiktok.com\/@pulso_27"]},{"@type":"Person","@id":"https:\/\/pulso27.com\/en\/#\/schema\/person\/df15ecbcbba89b8627097bc602dc9e15","name":"admin","image":{"@type":"ImageObject","inLanguage":"en-US","@id":"https:\/\/secure.gravatar.com\/avatar\/828f4a09ba8ce37cfca622f580fec4411ddb2550515ba4e452fa5d850713b8d1?s=96&d=mm&r=g","url":"https:\/\/secure.gravatar.com\/avatar\/828f4a09ba8ce37cfca622f580fec4411ddb2550515ba4e452fa5d850713b8d1?s=96&d=mm&r=g","contentUrl":"https:\/\/secure.gravatar.com\/avatar\/828f4a09ba8ce37cfca622f580fec4411ddb2550515ba4e452fa5d850713b8d1?s=96&d=mm&r=g","caption":"admin"},"sameAs":["http:\/\/www.pulso27.com"],"url":"https:\/\/pulso27.com\/en\/author\/admin-2\/"}]}},"amp_enabled":true,"_links":{"self":[{"href":"https:\/\/pulso27.com\/en\/wp-json\/wp\/v2\/posts\/7466","targetHints":{"allow":["GET"]}}],"collection":[{"href":"https:\/\/pulso27.com\/en\/wp-json\/wp\/v2\/posts"}],"about":[{"href":"https:\/\/pulso27.com\/en\/wp-json\/wp\/v2\/types\/post"}],"author":[{"embeddable":true,"href":"https:\/\/pulso27.com\/en\/wp-json\/wp\/v2\/users\/5"}],"replies":[{"embeddable":true,"href":"https:\/\/pulso27.com\/en\/wp-json\/wp\/v2\/comments?post=7466"}],"version-history":[{"count":1,"href":"https:\/\/pulso27.com\/en\/wp-json\/wp\/v2\/posts\/7466\/revisions"}],"predecessor-version":[{"id":7471,"href":"https:\/\/pulso27.com\/en\/wp-json\/wp\/v2\/posts\/7466\/revisions\/7471"}],"wp:featuredmedia":[{"embeddable":true,"href":"https:\/\/pulso27.com\/en\/wp-json\/wp\/v2\/media\/7467"}],"wp:attachment":[{"href":"https:\/\/pulso27.com\/en\/wp-json\/wp\/v2\/media?parent=7466"}],"wp:term":[{"taxonomy":"category","embeddable":true,"href":"https:\/\/pulso27.com\/en\/wp-json\/wp\/v2\/categories?post=7466"},{"taxonomy":"post_tag","embeddable":true,"href":"https:\/\/pulso27.com\/en\/wp-json\/wp\/v2\/tags?post=7466"}],"curies":[{"name":"wp","href":"https:\/\/api.w.org\/{rel}","templated":true}]}}