{"id":7475,"date":"2026-01-25T08:56:28","date_gmt":"2026-01-25T03:56:28","guid":{"rendered":"https:\/\/pulso27.com\/?p=7475"},"modified":"2026-01-25T23:11:07","modified_gmt":"2026-01-25T18:11:07","slug":"puno-fue-escenario-de-una-de-las-mayores-presentaciones-de-candidaturas-presidenciales-rumbo-a-las-elecciones-generales-2026","status":"publish","type":"post","link":"https:\/\/pulso27.com\/en\/actualidad\/politica\/puno-fue-escenario-de-una-de-las-mayores-presentaciones-de-candidaturas-presidenciales-rumbo-a-las-elecciones-generales-2026\/","title":{"rendered":"Puno fue escenario de una de las mayores presentaciones de candidaturas presidenciales rumbo a las Elecciones Generales 2026"},"content":{"rendered":"<p>Puno, 24 de enero de 2026.\u2013 La ciudad de Juliaca fue escenario de una de las m\u00e1s multitudinarias presentaciones de candidaturas presidenciales rumbo a las Elecciones Generales 2026, en un acto pol\u00edtico que congreg\u00f3 a la plancha presidencial, candidatos al Senado y a la C\u00e1mara de Diputados, as\u00ed como a dirigentes, militantes y simpatizantes del partido Juntos por el Per\u00fa provenientes de diversas regiones del pa\u00eds.<\/p>\n\n\n\n<p>El evento marc\u00f3 el lanzamiento oficial de la candidatura presidencial de Roberto S\u00e1nchez Palomino, en un contexto de intensificaci\u00f3n de la actividad proselitista a nivel nacional. La actividad se desarroll\u00f3 en la regi\u00f3n Puno, considerada estrat\u00e9gica dentro del escenario electoral del sur andino.<\/p>\n\n\n\n<p>Entre los candidatos principales al Senado Nacional que participaron se encuentran Jos\u00e9 Mercedes Castillo Terrones, Margot Palacios Huam\u00e1n, El\u00edas Varas Seguin, Jaime Quito Sarmiento, Isaac Humala, Pasi\u00f3n D\u00e1vila, entre otros. Asimismo, asistieron postulantes a la C\u00e1mara de Diputados como Irma Castillo Terrones, Yenifer Paredes Paredes, Cledin V\u00e1squez, C\u00e9sar Tito Rojas y una lista larga de ellos que hicieron uso de la palabra. Durante la jornada se expusieron propuestas vinculadas a demandas sociales, descentralizaci\u00f3n y fortalecimiento de la representaci\u00f3n regional en el Congreso.<\/p>\n\n\n\n<figure class=\"wp-block-image size-large\"><img loading=\"lazy\" decoding=\"async\" width=\"1024\" height=\"771\" src=\"https:\/\/pulso27.com\/wp-content\/uploads\/2026\/01\/image-1-1024x771.png\" alt=\"\" class=\"wp-image-7476\" srcset=\"https:\/\/pulso27.com\/wp-content\/uploads\/2026\/01\/image-1-1024x771.png 1024w, https:\/\/pulso27.com\/wp-content\/uploads\/2026\/01\/image-1-300x226.png 300w, https:\/\/pulso27.com\/wp-content\/uploads\/2026\/01\/image-1-768x578.png 768w, https:\/\/pulso27.com\/wp-content\/uploads\/2026\/01\/image-1-1536x1157.png 1536w, https:\/\/pulso27.com\/wp-content\/uploads\/2026\/01\/image-1-16x12.png 16w, https:\/\/pulso27.com\/wp-content\/uploads\/2026\/01\/image-1.png 2048w\" sizes=\"auto, (max-width: 1024px) 100vw, 1024px\" \/><figcaption class=\"wp-element-caption\"><em>L\u00edder de Juntos por el Per\u00fa, Roberto S\u00e1nchez Palomino, se dirije a los presentes<\/em><\/figcaption><\/figure>\n\n\n\n<p>En su discurso, Roberto S\u00e1nchez Palomino destac\u00f3 el rol del sur del pa\u00eds en el proceso electoral y afirm\u00f3 que su candidatura presidencial busca consolidar una propuesta pol\u00edtica que recoja las principales demandas de los sectores populares y de los departamentos hist\u00f3ricamente postergadas. Tambi\u00e9n hizo un llamado a la unidad de las organizaciones pol\u00edticas y sociales con miras a los comicios de 2026.<\/p>\n\n\n\n<p>Los candidatos al Senado coincidieron en la necesidad de promover una agenda legislativa orientada a la libertad del expresidente Pedro Castillo Terrones, el impulso de una nueva Constituci\u00f3n y la implementaci\u00f3n de cambios estructurales, adem\u00e1s del fortalecimiento de la democracia y la defensa de los derechos sociales. Los organizadores se\u00f1alaron que el evento evidenci\u00f3 cohesi\u00f3n interna y despliegue territorial de la propuesta pol\u00edtica de Juntos por el Per\u00fa.<\/p>\n\n\n\n<p>Con esta presentaci\u00f3n en Puno, la campa\u00f1a electoral hacia las Elecciones Generales 2026 ingresa a una nueva etapa, caracterizada por el desarrollo de actividades proselitistas fuera de Lima y por los esfuerzos de los partidos pol\u00edticos por posicionar a sus principales liderazgos a nivel nacional.<\/p>","protected":false},"excerpt":{"rendered":"<p>Puno, 24 de enero de 2026.\u2013 La ciudad de Juliaca fue escenario de una de las m\u00e1s multitudinarias presentaciones de candidaturas presidenciales rumbo a las Elecciones Generales 2026, en un acto pol\u00edtico que congreg\u00f3 a la plancha presidencial, candidatos al Senado y a la C\u00e1mara de Diputados, as\u00ed como a dirigentes, militantes y simpatizantes del [&hellip;]<\/p>\n","protected":false},"author":7,"featured_media":7487,"comment_status":"open","ping_status":"open","sticky":false,"template":"","format":"standard","meta":{"footnotes":""},"categories":[183,174,180,1852],"tags":[2423,2410,2641],"class_list":["post-7475","post","type-post","status-publish","format-standard","has-post-thumbnail","hentry","category-actualidad","category-nacional","category-politica","category-tendencia","tag-elecciones-generales-2026","tag-margot-palacios-huaman","tag-roberto-sanchez-palomino"],"yoast_head":"<!-- This site is optimized with the Yoast SEO plugin v27.4 - https:\/\/yoast.com\/product\/yoast-seo-wordpress\/ -->\n<title>Puno fue escenario de una de las mayores presentaciones de candidaturas presidenciales rumbo a las Elecciones Generales 2026 - Pulso27<\/title>\n<meta name=\"description\" content=\"Juliaca acogi\u00f3 una de las mayores presentaciones de candidaturas presidenciales rumbo a las Elecciones Generales 2026, con la participaci\u00f3n de Roberto S\u00e1nchez Palomino y candidatos al Senado y Diputados de Juntos por el Per\u00fa.\" \/>\n<meta name=\"robots\" content=\"index, follow, max-snippet:-1, max-image-preview:large, max-video-preview:-1\" \/>\n<link rel=\"canonical\" href=\"https:\/\/pulso27.com\/en\/actualidad\/politica\/puno-fue-escenario-de-una-de-las-mayores-presentaciones-de-candidaturas-presidenciales-rumbo-a-las-elecciones-generales-2026\/\" \/>\n<meta property=\"og:locale\" content=\"en_US\" \/>\n<meta property=\"og:type\" content=\"article\" \/>\n<meta property=\"og:title\" content=\"Puno fue escenario de una de las mayores presentaciones de candidaturas presidenciales rumbo a las Elecciones Generales 2026 - Pulso27\" \/>\n<meta property=\"og:description\" content=\"Juliaca acogi\u00f3 una de las mayores presentaciones de candidaturas presidenciales rumbo a las Elecciones Generales 2026, con la participaci\u00f3n de Roberto S\u00e1nchez Palomino y candidatos al Senado y Diputados de Juntos por el Per\u00fa.\" \/>\n<meta property=\"og:url\" content=\"https:\/\/pulso27.com\/en\/actualidad\/politica\/puno-fue-escenario-de-una-de-las-mayores-presentaciones-de-candidaturas-presidenciales-rumbo-a-las-elecciones-generales-2026\/\" \/>\n<meta property=\"og:site_name\" content=\"Pulso27\" \/>\n<meta property=\"article:publisher\" content=\"https:\/\/www.facebook.com\/pulso27\/\" \/>\n<meta property=\"article:published_time\" content=\"2026-01-25T03:56:28+00:00\" \/>\n<meta property=\"article:modified_time\" content=\"2026-01-25T18:11:07+00:00\" \/>\n<meta property=\"og:image\" content=\"https:\/\/pulso27.com\/wp-content\/uploads\/2026\/01\/RobertoPun-1.png\" \/>\n\t<meta property=\"og:image:width\" content=\"1200\" \/>\n\t<meta property=\"og:image:height\" content=\"800\" \/>\n\t<meta property=\"og:image:type\" content=\"image\/png\" \/>\n<meta name=\"author\" content=\"Tupaq\" \/>\n<meta name=\"twitter:card\" content=\"summary_large_image\" \/>\n<meta name=\"twitter:creator\" content=\"@Pulso_27\" \/>\n<meta name=\"twitter:site\" content=\"@Pulso_27\" \/>\n<meta name=\"twitter:label1\" content=\"Written by\" \/>\n\t<meta name=\"twitter:data1\" content=\"Tupaq\" \/>\n\t<meta name=\"twitter:label2\" content=\"Est. reading time\" \/>\n\t<meta name=\"twitter:data2\" content=\"3 minutes\" \/>\n<script type=\"application\/ld+json\" class=\"yoast-schema-graph\">{\"@context\":\"https:\\\/\\\/schema.org\",\"@graph\":[{\"@type\":\"Article\",\"@id\":\"https:\\\/\\\/pulso27.com\\\/actualidad\\\/politica\\\/puno-fue-escenario-de-una-de-las-mayores-presentaciones-de-candidaturas-presidenciales-rumbo-a-las-elecciones-generales-2026\\\/#article\",\"isPartOf\":{\"@id\":\"https:\\\/\\\/pulso27.com\\\/actualidad\\\/politica\\\/puno-fue-escenario-de-una-de-las-mayores-presentaciones-de-candidaturas-presidenciales-rumbo-a-las-elecciones-generales-2026\\\/\"},\"author\":{\"name\":\"Tupaq\",\"@id\":\"https:\\\/\\\/pulso27.com\\\/en\\\/#\\\/schema\\\/person\\\/d20fd7f5bc7f2e53fd150d43fca07a78\"},\"headline\":\"Puno fue escenario de una de las mayores presentaciones de candidaturas presidenciales rumbo a las Elecciones Generales 2026\",\"datePublished\":\"2026-01-25T03:56:28+00:00\",\"dateModified\":\"2026-01-25T18:11:07+00:00\",\"mainEntityOfPage\":{\"@id\":\"https:\\\/\\\/pulso27.com\\\/actualidad\\\/politica\\\/puno-fue-escenario-de-una-de-las-mayores-presentaciones-de-candidaturas-presidenciales-rumbo-a-las-elecciones-generales-2026\\\/\"},\"wordCount\":427,\"commentCount\":0,\"publisher\":{\"@id\":\"https:\\\/\\\/pulso27.com\\\/en\\\/#organization\"},\"image\":{\"@id\":\"https:\\\/\\\/pulso27.com\\\/actualidad\\\/politica\\\/puno-fue-escenario-de-una-de-las-mayores-presentaciones-de-candidaturas-presidenciales-rumbo-a-las-elecciones-generales-2026\\\/#primaryimage\"},\"thumbnailUrl\":\"https:\\\/\\\/pulso27.com\\\/wp-content\\\/uploads\\\/2026\\\/01\\\/RobertoPun-1.png\",\"keywords\":[\"Elecciones Generales 2026\",\"Margot Palacios Huaman\",\"Roberto S\u00e1nchez Palomino\"],\"articleSection\":[\"Actualidad\",\"Nacional\",\"Pol\u00edtica\",\"Tendencia\"],\"inLanguage\":\"en-US\",\"potentialAction\":[{\"@type\":\"CommentAction\",\"name\":\"Comment\",\"target\":[\"https:\\\/\\\/pulso27.com\\\/actualidad\\\/politica\\\/puno-fue-escenario-de-una-de-las-mayores-presentaciones-de-candidaturas-presidenciales-rumbo-a-las-elecciones-generales-2026\\\/#respond\"]}]},{\"@type\":\"WebPage\",\"@id\":\"https:\\\/\\\/pulso27.com\\\/actualidad\\\/politica\\\/puno-fue-escenario-de-una-de-las-mayores-presentaciones-de-candidaturas-presidenciales-rumbo-a-las-elecciones-generales-2026\\\/\",\"url\":\"https:\\\/\\\/pulso27.com\\\/actualidad\\\/politica\\\/puno-fue-escenario-de-una-de-las-mayores-presentaciones-de-candidaturas-presidenciales-rumbo-a-las-elecciones-generales-2026\\\/\",\"name\":\"Puno fue escenario de una de las mayores presentaciones de candidaturas presidenciales rumbo a las Elecciones Generales 2026 - Pulso27\",\"isPartOf\":{\"@id\":\"https:\\\/\\\/pulso27.com\\\/en\\\/#website\"},\"primaryImageOfPage\":{\"@id\":\"https:\\\/\\\/pulso27.com\\\/actualidad\\\/politica\\\/puno-fue-escenario-de-una-de-las-mayores-presentaciones-de-candidaturas-presidenciales-rumbo-a-las-elecciones-generales-2026\\\/#primaryimage\"},\"image\":{\"@id\":\"https:\\\/\\\/pulso27.com\\\/actualidad\\\/politica\\\/puno-fue-escenario-de-una-de-las-mayores-presentaciones-de-candidaturas-presidenciales-rumbo-a-las-elecciones-generales-2026\\\/#primaryimage\"},\"thumbnailUrl\":\"https:\\\/\\\/pulso27.com\\\/wp-content\\\/uploads\\\/2026\\\/01\\\/RobertoPun-1.png\",\"datePublished\":\"2026-01-25T03:56:28+00:00\",\"dateModified\":\"2026-01-25T18:11:07+00:00\",\"description\":\"Juliaca acogi\u00f3 una de las mayores presentaciones de candidaturas presidenciales rumbo a las Elecciones Generales 2026, con la participaci\u00f3n de Roberto S\u00e1nchez Palomino y candidatos al Senado y Diputados de Juntos por el Per\u00fa.\",\"breadcrumb\":{\"@id\":\"https:\\\/\\\/pulso27.com\\\/actualidad\\\/politica\\\/puno-fue-escenario-de-una-de-las-mayores-presentaciones-de-candidaturas-presidenciales-rumbo-a-las-elecciones-generales-2026\\\/#breadcrumb\"},\"inLanguage\":\"en-US\",\"potentialAction\":[{\"@type\":\"ReadAction\",\"target\":[\"https:\\\/\\\/pulso27.com\\\/actualidad\\\/politica\\\/puno-fue-escenario-de-una-de-las-mayores-presentaciones-de-candidaturas-presidenciales-rumbo-a-las-elecciones-generales-2026\\\/\"]}]},{\"@type\":\"ImageObject\",\"inLanguage\":\"en-US\",\"@id\":\"https:\\\/\\\/pulso27.com\\\/actualidad\\\/politica\\\/puno-fue-escenario-de-una-de-las-mayores-presentaciones-de-candidaturas-presidenciales-rumbo-a-las-elecciones-generales-2026\\\/#primaryimage\",\"url\":\"https:\\\/\\\/pulso27.com\\\/wp-content\\\/uploads\\\/2026\\\/01\\\/RobertoPun-1.png\",\"contentUrl\":\"https:\\\/\\\/pulso27.com\\\/wp-content\\\/uploads\\\/2026\\\/01\\\/RobertoPun-1.png\",\"width\":1200,\"height\":800},{\"@type\":\"BreadcrumbList\",\"@id\":\"https:\\\/\\\/pulso27.com\\\/actualidad\\\/politica\\\/puno-fue-escenario-de-una-de-las-mayores-presentaciones-de-candidaturas-presidenciales-rumbo-a-las-elecciones-generales-2026\\\/#breadcrumb\",\"itemListElement\":[{\"@type\":\"ListItem\",\"position\":1,\"name\":\"Portada\",\"item\":\"https:\\\/\\\/pulso27.com\\\/\"},{\"@type\":\"ListItem\",\"position\":2,\"name\":\"Puno fue escenario de una de las mayores presentaciones de candidaturas presidenciales rumbo a las Elecciones Generales 2026\"}]},{\"@type\":\"WebSite\",\"@id\":\"https:\\\/\\\/pulso27.com\\\/en\\\/#website\",\"url\":\"https:\\\/\\\/pulso27.com\\\/en\\\/\",\"name\":\"Pulso27\",\"description\":\"Web de noticias y publicidad\",\"publisher\":{\"@id\":\"https:\\\/\\\/pulso27.com\\\/en\\\/#organization\"},\"alternateName\":\"El pulso del pueblo\",\"potentialAction\":[{\"@type\":\"SearchAction\",\"target\":{\"@type\":\"EntryPoint\",\"urlTemplate\":\"https:\\\/\\\/pulso27.com\\\/en\\\/?s={search_term_string}\"},\"query-input\":{\"@type\":\"PropertyValueSpecification\",\"valueRequired\":true,\"valueName\":\"search_term_string\"}}],\"inLanguage\":\"en-US\"},{\"@type\":\"Organization\",\"@id\":\"https:\\\/\\\/pulso27.com\\\/en\\\/#organization\",\"name\":\"Pulso27\",\"url\":\"https:\\\/\\\/pulso27.com\\\/en\\\/\",\"logo\":{\"@type\":\"ImageObject\",\"inLanguage\":\"en-US\",\"@id\":\"https:\\\/\\\/pulso27.com\\\/en\\\/#\\\/schema\\\/logo\\\/image\\\/\",\"url\":\"https:\\\/\\\/pulso27.com\\\/wp-content\\\/uploads\\\/2026\\\/02\\\/Logotipo-de-la-organizacion-696-x-696-px-ok.png\",\"contentUrl\":\"https:\\\/\\\/pulso27.com\\\/wp-content\\\/uploads\\\/2026\\\/02\\\/Logotipo-de-la-organizacion-696-x-696-px-ok.png\",\"width\":696,\"height\":696,\"caption\":\"Pulso27\"},\"image\":{\"@id\":\"https:\\\/\\\/pulso27.com\\\/en\\\/#\\\/schema\\\/logo\\\/image\\\/\"},\"sameAs\":[\"https:\\\/\\\/www.facebook.com\\\/pulso27\\\/\",\"https:\\\/\\\/x.com\\\/Pulso_27\",\"https:\\\/\\\/www.youtube.com\\\/@Pulso27\",\"https:\\\/\\\/www.tiktok.com\\\/@pulso_27\"]},{\"@type\":\"Person\",\"@id\":\"https:\\\/\\\/pulso27.com\\\/en\\\/#\\\/schema\\\/person\\\/d20fd7f5bc7f2e53fd150d43fca07a78\",\"name\":\"Tupaq\",\"image\":{\"@type\":\"ImageObject\",\"inLanguage\":\"en-US\",\"@id\":\"https:\\\/\\\/secure.gravatar.com\\\/avatar\\\/7929e9b034aeea560319a601e4f04c59eb5f45a79eafe192adabb67e9604e7e7?s=96&d=mm&r=g\",\"url\":\"https:\\\/\\\/secure.gravatar.com\\\/avatar\\\/7929e9b034aeea560319a601e4f04c59eb5f45a79eafe192adabb67e9604e7e7?s=96&d=mm&r=g\",\"contentUrl\":\"https:\\\/\\\/secure.gravatar.com\\\/avatar\\\/7929e9b034aeea560319a601e4f04c59eb5f45a79eafe192adabb67e9604e7e7?s=96&d=mm&r=g\",\"caption\":\"Tupaq\"},\"url\":\"https:\\\/\\\/pulso27.com\\\/en\\\/author\\\/tupaq\\\/\"}]}<\/script>\n<!-- \/ Yoast SEO plugin. -->","yoast_head_json":{"title":"Puno fue escenario de una de las mayores presentaciones de candidaturas presidenciales rumbo a las Elecciones Generales 2026 - Pulso27","description":"Juliaca acogi\u00f3 una de las mayores presentaciones de candidaturas presidenciales rumbo a las Elecciones Generales 2026, con la participaci\u00f3n de Roberto S\u00e1nchez Palomino y candidatos al Senado y Diputados de Juntos por el Per\u00fa.","robots":{"index":"index","follow":"follow","max-snippet":"max-snippet:-1","max-image-preview":"max-image-preview:large","max-video-preview":"max-video-preview:-1"},"canonical":"https:\/\/pulso27.com\/en\/actualidad\/politica\/puno-fue-escenario-de-una-de-las-mayores-presentaciones-de-candidaturas-presidenciales-rumbo-a-las-elecciones-generales-2026\/","og_locale":"en_US","og_type":"article","og_title":"Puno fue escenario de una de las mayores presentaciones de candidaturas presidenciales rumbo a las Elecciones Generales 2026 - Pulso27","og_description":"Juliaca acogi\u00f3 una de las mayores presentaciones de candidaturas presidenciales rumbo a las Elecciones Generales 2026, con la participaci\u00f3n de Roberto S\u00e1nchez Palomino y candidatos al Senado y Diputados de Juntos por el Per\u00fa.","og_url":"https:\/\/pulso27.com\/en\/actualidad\/politica\/puno-fue-escenario-de-una-de-las-mayores-presentaciones-de-candidaturas-presidenciales-rumbo-a-las-elecciones-generales-2026\/","og_site_name":"Pulso27","article_publisher":"https:\/\/www.facebook.com\/pulso27\/","article_published_time":"2026-01-25T03:56:28+00:00","article_modified_time":"2026-01-25T18:11:07+00:00","og_image":[{"width":1200,"height":800,"url":"https:\/\/pulso27.com\/wp-content\/uploads\/2026\/01\/RobertoPun-1.png","type":"image\/png"}],"author":"Tupaq","twitter_card":"summary_large_image","twitter_creator":"@Pulso_27","twitter_site":"@Pulso_27","twitter_misc":{"Written by":"Tupaq","Est. reading time":"3 minutes"},"schema":{"@context":"https:\/\/schema.org","@graph":[{"@type":"Article","@id":"https:\/\/pulso27.com\/actualidad\/politica\/puno-fue-escenario-de-una-de-las-mayores-presentaciones-de-candidaturas-presidenciales-rumbo-a-las-elecciones-generales-2026\/#article","isPartOf":{"@id":"https:\/\/pulso27.com\/actualidad\/politica\/puno-fue-escenario-de-una-de-las-mayores-presentaciones-de-candidaturas-presidenciales-rumbo-a-las-elecciones-generales-2026\/"},"author":{"name":"Tupaq","@id":"https:\/\/pulso27.com\/en\/#\/schema\/person\/d20fd7f5bc7f2e53fd150d43fca07a78"},"headline":"Puno fue escenario de una de las mayores presentaciones de candidaturas presidenciales rumbo a las Elecciones Generales 2026","datePublished":"2026-01-25T03:56:28+00:00","dateModified":"2026-01-25T18:11:07+00:00","mainEntityOfPage":{"@id":"https:\/\/pulso27.com\/actualidad\/politica\/puno-fue-escenario-de-una-de-las-mayores-presentaciones-de-candidaturas-presidenciales-rumbo-a-las-elecciones-generales-2026\/"},"wordCount":427,"commentCount":0,"publisher":{"@id":"https:\/\/pulso27.com\/en\/#organization"},"image":{"@id":"https:\/\/pulso27.com\/actualidad\/politica\/puno-fue-escenario-de-una-de-las-mayores-presentaciones-de-candidaturas-presidenciales-rumbo-a-las-elecciones-generales-2026\/#primaryimage"},"thumbnailUrl":"https:\/\/pulso27.com\/wp-content\/uploads\/2026\/01\/RobertoPun-1.png","keywords":["Elecciones Generales 2026","Margot Palacios Huaman","Roberto S\u00e1nchez Palomino"],"articleSection":["Actualidad","Nacional","Pol\u00edtica","Tendencia"],"inLanguage":"en-US","potentialAction":[{"@type":"CommentAction","name":"Comment","target":["https:\/\/pulso27.com\/actualidad\/politica\/puno-fue-escenario-de-una-de-las-mayores-presentaciones-de-candidaturas-presidenciales-rumbo-a-las-elecciones-generales-2026\/#respond"]}]},{"@type":"WebPage","@id":"https:\/\/pulso27.com\/actualidad\/politica\/puno-fue-escenario-de-una-de-las-mayores-presentaciones-de-candidaturas-presidenciales-rumbo-a-las-elecciones-generales-2026\/","url":"https:\/\/pulso27.com\/actualidad\/politica\/puno-fue-escenario-de-una-de-las-mayores-presentaciones-de-candidaturas-presidenciales-rumbo-a-las-elecciones-generales-2026\/","name":"Puno fue escenario de una de las mayores presentaciones de candidaturas presidenciales rumbo a las Elecciones Generales 2026 - Pulso27","isPartOf":{"@id":"https:\/\/pulso27.com\/en\/#website"},"primaryImageOfPage":{"@id":"https:\/\/pulso27.com\/actualidad\/politica\/puno-fue-escenario-de-una-de-las-mayores-presentaciones-de-candidaturas-presidenciales-rumbo-a-las-elecciones-generales-2026\/#primaryimage"},"image":{"@id":"https:\/\/pulso27.com\/actualidad\/politica\/puno-fue-escenario-de-una-de-las-mayores-presentaciones-de-candidaturas-presidenciales-rumbo-a-las-elecciones-generales-2026\/#primaryimage"},"thumbnailUrl":"https:\/\/pulso27.com\/wp-content\/uploads\/2026\/01\/RobertoPun-1.png","datePublished":"2026-01-25T03:56:28+00:00","dateModified":"2026-01-25T18:11:07+00:00","description":"Juliaca acogi\u00f3 una de las mayores presentaciones de candidaturas presidenciales rumbo a las Elecciones Generales 2026, con la participaci\u00f3n de Roberto S\u00e1nchez Palomino y candidatos al Senado y Diputados de Juntos por el Per\u00fa.","breadcrumb":{"@id":"https:\/\/pulso27.com\/actualidad\/politica\/puno-fue-escenario-de-una-de-las-mayores-presentaciones-de-candidaturas-presidenciales-rumbo-a-las-elecciones-generales-2026\/#breadcrumb"},"inLanguage":"en-US","potentialAction":[{"@type":"ReadAction","target":["https:\/\/pulso27.com\/actualidad\/politica\/puno-fue-escenario-de-una-de-las-mayores-presentaciones-de-candidaturas-presidenciales-rumbo-a-las-elecciones-generales-2026\/"]}]},{"@type":"ImageObject","inLanguage":"en-US","@id":"https:\/\/pulso27.com\/actualidad\/politica\/puno-fue-escenario-de-una-de-las-mayores-presentaciones-de-candidaturas-presidenciales-rumbo-a-las-elecciones-generales-2026\/#primaryimage","url":"https:\/\/pulso27.com\/wp-content\/uploads\/2026\/01\/RobertoPun-1.png","contentUrl":"https:\/\/pulso27.com\/wp-content\/uploads\/2026\/01\/RobertoPun-1.png","width":1200,"height":800},{"@type":"BreadcrumbList","@id":"https:\/\/pulso27.com\/actualidad\/politica\/puno-fue-escenario-de-una-de-las-mayores-presentaciones-de-candidaturas-presidenciales-rumbo-a-las-elecciones-generales-2026\/#breadcrumb","itemListElement":[{"@type":"ListItem","position":1,"name":"Portada","item":"https:\/\/pulso27.com\/"},{"@type":"ListItem","position":2,"name":"Puno fue escenario de una de las mayores presentaciones de candidaturas presidenciales rumbo a las Elecciones Generales 2026"}]},{"@type":"WebSite","@id":"https:\/\/pulso27.com\/en\/#website","url":"https:\/\/pulso27.com\/en\/","name":"Pulso27","description":"Web de noticias y publicidad","publisher":{"@id":"https:\/\/pulso27.com\/en\/#organization"},"alternateName":"El pulso del pueblo","potentialAction":[{"@type":"SearchAction","target":{"@type":"EntryPoint","urlTemplate":"https:\/\/pulso27.com\/en\/?s={search_term_string}"},"query-input":{"@type":"PropertyValueSpecification","valueRequired":true,"valueName":"search_term_string"}}],"inLanguage":"en-US"},{"@type":"Organization","@id":"https:\/\/pulso27.com\/en\/#organization","name":"Pulso27","url":"https:\/\/pulso27.com\/en\/","logo":{"@type":"ImageObject","inLanguage":"en-US","@id":"https:\/\/pulso27.com\/en\/#\/schema\/logo\/image\/","url":"https:\/\/pulso27.com\/wp-content\/uploads\/2026\/02\/Logotipo-de-la-organizacion-696-x-696-px-ok.png","contentUrl":"https:\/\/pulso27.com\/wp-content\/uploads\/2026\/02\/Logotipo-de-la-organizacion-696-x-696-px-ok.png","width":696,"height":696,"caption":"Pulso27"},"image":{"@id":"https:\/\/pulso27.com\/en\/#\/schema\/logo\/image\/"},"sameAs":["https:\/\/www.facebook.com\/pulso27\/","https:\/\/x.com\/Pulso_27","https:\/\/www.youtube.com\/@Pulso27","https:\/\/www.tiktok.com\/@pulso_27"]},{"@type":"Person","@id":"https:\/\/pulso27.com\/en\/#\/schema\/person\/d20fd7f5bc7f2e53fd150d43fca07a78","name":"Tupaq","image":{"@type":"ImageObject","inLanguage":"en-US","@id":"https:\/\/secure.gravatar.com\/avatar\/7929e9b034aeea560319a601e4f04c59eb5f45a79eafe192adabb67e9604e7e7?s=96&d=mm&r=g","url":"https:\/\/secure.gravatar.com\/avatar\/7929e9b034aeea560319a601e4f04c59eb5f45a79eafe192adabb67e9604e7e7?s=96&d=mm&r=g","contentUrl":"https:\/\/secure.gravatar.com\/avatar\/7929e9b034aeea560319a601e4f04c59eb5f45a79eafe192adabb67e9604e7e7?s=96&d=mm&r=g","caption":"Tupaq"},"url":"https:\/\/pulso27.com\/en\/author\/tupaq\/"}]}},"amp_enabled":true,"_links":{"self":[{"href":"https:\/\/pulso27.com\/en\/wp-json\/wp\/v2\/posts\/7475","targetHints":{"allow":["GET"]}}],"collection":[{"href":"https:\/\/pulso27.com\/en\/wp-json\/wp\/v2\/posts"}],"about":[{"href":"https:\/\/pulso27.com\/en\/wp-json\/wp\/v2\/types\/post"}],"author":[{"embeddable":true,"href":"https:\/\/pulso27.com\/en\/wp-json\/wp\/v2\/users\/7"}],"replies":[{"embeddable":true,"href":"https:\/\/pulso27.com\/en\/wp-json\/wp\/v2\/comments?post=7475"}],"version-history":[{"count":1,"href":"https:\/\/pulso27.com\/en\/wp-json\/wp\/v2\/posts\/7475\/revisions"}],"predecessor-version":[{"id":7481,"href":"https:\/\/pulso27.com\/en\/wp-json\/wp\/v2\/posts\/7475\/revisions\/7481"}],"wp:featuredmedia":[{"embeddable":true,"href":"https:\/\/pulso27.com\/en\/wp-json\/wp\/v2\/media\/7487"}],"wp:attachment":[{"href":"https:\/\/pulso27.com\/en\/wp-json\/wp\/v2\/media?parent=7475"}],"wp:term":[{"taxonomy":"category","embeddable":true,"href":"https:\/\/pulso27.com\/en\/wp-json\/wp\/v2\/categories?post=7475"},{"taxonomy":"post_tag","embeddable":true,"href":"https:\/\/pulso27.com\/en\/wp-json\/wp\/v2\/tags?post=7475"}],"curies":[{"name":"wp","href":"https:\/\/api.w.org\/{rel}","templated":true}]}}