{"id":775,"date":"2023-11-24T13:41:30","date_gmt":"2023-11-24T13:41:30","guid":{"rendered":"http:\/\/pulso27.com\/?p=775"},"modified":"2023-11-24T13:43:17","modified_gmt":"2023-11-24T13:43:17","slug":"adriana-tudela-las-paso-no-me-parecen-una-buena-reforma","status":"publish","type":"post","link":"https:\/\/pulso27.com\/en\/nacional\/adriana-tudela-las-paso-no-me-parecen-una-buena-reforma\/","title":{"rendered":"Adriana Tudela: \u00abLas PASO no me parecen una buena reforma\u00bb"},"content":{"rendered":"<p>La congresista y vicepresidenta de la Comisi\u00f3n de Constituci\u00f3n, Adriana Tudela, dijo en el programa Nunca es tarde que las elecciones Primarias Abiertas Simult\u00e1neas y Obligatorias (PASO) son una \u201cintromisi\u00f3n\u201d a la autonom\u00eda de los partidos pol\u00edticos.<\/p>\n\n\n\n<p><\/p>\n\n\n\n<p>La congresista de Avanza Pa\u00eds, Adriana Tudela, se\u00f1al\u00f3 este jueves que la implementaci\u00f3n de las Primarias Abiertas Simult\u00e1neas y Obligatorias (PASO) no le pareci\u00f3 una buena reforma, pues las considera una intromisi\u00f3n que va en contra de la autonom\u00eda de los partidos pol\u00edticos.<\/p>\n\n\n\n<p>\u201cYo creo que el voto deber\u00eda ser voluntario y creo que obligar a los ciudadanos a ir a votar por partidos pol\u00edticos o tomar decisiones respecto a qui\u00e9nes van a ser los candidatos de los partidos pol\u00edticos sin que haya ninguna relaci\u00f3n de filiaci\u00f3n o de afinidad es una intromisi\u00f3n demasiado severa\u201d, manifest\u00f3 en el programa Nunca es tarde.<\/p>\n\n\n\n<p><\/p>\n\n\n\n<figure class=\"wp-block-image size-full is-resized\"><img loading=\"lazy\" decoding=\"async\" width=\"474\" height=\"316\" src=\"http:\/\/pulso27.com\/wp-content\/uploads\/2023\/11\/image-19.png\" alt=\"\" class=\"wp-image-776\" style=\"width:744px;height:auto\" srcset=\"https:\/\/pulso27.com\/wp-content\/uploads\/2023\/11\/image-19.png 474w, https:\/\/pulso27.com\/wp-content\/uploads\/2023\/11\/image-19-300x200.png 300w\" sizes=\"auto, (max-width: 474px) 100vw, 474px\" \/><\/figure>\n\n\n\n<p>La tambi\u00e9n vicepresidenta de la Comisi\u00f3n de Constituci\u00f3n argument\u00f3 que \u201csi nosotros creemos en cierta medida en la autonom\u00eda de los partidos\u201d es tal vez \u201cdemasiada intromisi\u00f3n hacer que las decisiones internas de los partidos no dependan en ninguna medida de ellos mismos\u201d.<\/p>\n\n\n\n<p><\/p>\n\n\n\n<blockquote class=\"wp-block-quote is-layout-flow wp-block-quote-is-layout-flow\">\n<p>\u201cB\u00e1sicamente cualquier militante puede postular y la decisi\u00f3n, finalmente, de qu\u00e9 le presenta el partido a la ciudadan\u00eda no va a depender del partido. Entonces, en el fondo, terminan siendo casi innecesarios los partidos con un sistema as\u00ed y es por eso que yo he votado a favor, con algunas reservas, de esta propuesta, que en el fondo, le deja la posibilidad a los partidos de poder optar por distintos sistemas\u201d<\/p>\n<\/blockquote>\n\n\n\n<p>\u201cB\u00e1sicamente cualquier militante puede postular y la decisi\u00f3n, finalmente, de qu\u00e9 le presenta el partido a la ciudadan\u00eda no va a depender del partido. Entonces, en el fondo, terminan siendo casi innecesarios los partidos con un sistema as\u00ed y es por eso que yo he votado a favor, con algunas reservas, de esta propuesta, que en el fondo, le deja la posibilidad a los partidos de poder optar por distintos sistemas\u201d, finaliz\u00f3.<\/p>\n\n\n\n<p><\/p>\n\n\n\n<p><strong>Golpe a reforma electoral<\/strong><br>El \u00faltimo martes la Comisi\u00f3n de Constituci\u00f3n del Congreso de la Rep\u00fablica aprob\u00f3 el dictamen del proyecto de ley que propone modificar la Ley de Organizaciones Pol\u00edticas respecto a los art\u00edculos relacionados al desarrollo de las elecciones Primarias Abiertas Simult\u00e1neas y Obligatorias (PASO).<\/p>\n\n\n\n<p>A la fecha, la norma establece que las elecciones primarias se realicen bajo una sola modalidad, que los ciudadanos, afiliados o no a una agrupaci\u00f3n pol\u00edtica, participen con su voto en la elecci\u00f3n de los candidatos a la Presidencia y el Congreso que presenten finalmente los partidos en un proceso electoral.<\/p>\n\n\n\n<p>Sin embargo, el dictamen agrega dos modalidades para la selecci\u00f3n de candidatos de los partidos, favoreciendo el papel que tienen actualmente las c\u00fapulas partidarias en este proceso: por afiliados y por delegados. De este modo, la aplicaci\u00f3n de las primarias con la participaci\u00f3n de los ciudadanos, que incluso ahora deben inscribirse previamente como electores ante un partido, se convierte en optativa por parte de las organizaciones pol\u00edticas.<\/p>\n\n\n\n<p>Fuente: RPP<\/p>\n\n\n\n<p><\/p>","protected":false},"excerpt":{"rendered":"<p>La congresista de Avanza Pa\u00eds, Adriana Tudela, se\u00f1al\u00f3 este jueves que la implementaci\u00f3n de las Primarias Abiertas Simult\u00e1neas y Obligatorias (PASO) no le pareci\u00f3 una buena reforma, pues las considera una intromisi\u00f3n que va en contra de la autonom\u00eda de los partidos pol\u00edticos.<\/p>","protected":false},"author":10,"featured_media":777,"comment_status":"open","ping_status":"open","sticky":false,"template":"","format":"standard","meta":{"footnotes":""},"categories":[183,174,180],"tags":[373],"class_list":["post-775","post","type-post","status-publish","format-standard","has-post-thumbnail","hentry","category-actualidad","category-nacional","category-politica","tag-reforma"],"yoast_head":"<!-- This site is optimized with the Yoast SEO plugin v27.4 - https:\/\/yoast.com\/product\/yoast-seo-wordpress\/ -->\n<title>Adriana Tudela: &quot;Las PASO no me parecen una buena reforma&quot; - Pulso27<\/title>\n<meta name=\"robots\" content=\"index, follow, max-snippet:-1, max-image-preview:large, max-video-preview:-1\" \/>\n<link rel=\"canonical\" href=\"https:\/\/pulso27.com\/en\/nacional\/adriana-tudela-las-paso-no-me-parecen-una-buena-reforma\/\" \/>\n<meta property=\"og:locale\" content=\"en_US\" \/>\n<meta property=\"og:type\" content=\"article\" \/>\n<meta property=\"og:title\" content=\"Adriana Tudela: &quot;Las PASO no me parecen una buena reforma&quot; - Pulso27\" \/>\n<meta property=\"og:description\" content=\"La congresista de Avanza Pa\u00eds, Adriana Tudela, se\u00f1al\u00f3 este jueves que la implementaci\u00f3n de las Primarias Abiertas Simult\u00e1neas y Obligatorias (PASO) no le pareci\u00f3 una buena reforma, pues las considera una intromisi\u00f3n que va en contra de la autonom\u00eda de los partidos pol\u00edticos.\" \/>\n<meta property=\"og:url\" content=\"https:\/\/pulso27.com\/en\/nacional\/adriana-tudela-las-paso-no-me-parecen-una-buena-reforma\/\" \/>\n<meta property=\"og:site_name\" content=\"Pulso27\" \/>\n<meta property=\"article:publisher\" content=\"https:\/\/www.facebook.com\/pulso27\/\" \/>\n<meta property=\"article:published_time\" content=\"2023-11-24T13:41:30+00:00\" \/>\n<meta property=\"article:modified_time\" content=\"2023-11-24T13:43:17+00:00\" \/>\n<meta property=\"og:image\" content=\"https:\/\/pulso27.com\/wp-content\/uploads\/2023\/11\/Adriana-Tudela.jpg\" \/>\n\t<meta property=\"og:image:width\" content=\"600\" \/>\n\t<meta property=\"og:image:height\" content=\"401\" \/>\n\t<meta property=\"og:image:type\" content=\"image\/jpeg\" \/>\n<meta name=\"author\" content=\"El Muki\" \/>\n<meta name=\"twitter:card\" content=\"summary_large_image\" \/>\n<meta name=\"twitter:creator\" content=\"@Pulso_27\" \/>\n<meta name=\"twitter:site\" content=\"@Pulso_27\" \/>\n<meta name=\"twitter:label1\" content=\"Written by\" \/>\n\t<meta name=\"twitter:data1\" content=\"El Muki\" \/>\n\t<meta name=\"twitter:label2\" content=\"Est. reading time\" \/>\n\t<meta name=\"twitter:data2\" content=\"3 minutes\" \/>\n<script type=\"application\/ld+json\" class=\"yoast-schema-graph\">{\"@context\":\"https:\\\/\\\/schema.org\",\"@graph\":[{\"@type\":\"Article\",\"@id\":\"https:\\\/\\\/pulso27.com\\\/nacional\\\/adriana-tudela-las-paso-no-me-parecen-una-buena-reforma\\\/#article\",\"isPartOf\":{\"@id\":\"https:\\\/\\\/pulso27.com\\\/nacional\\\/adriana-tudela-las-paso-no-me-parecen-una-buena-reforma\\\/\"},\"author\":{\"name\":\"El Muki\",\"@id\":\"https:\\\/\\\/pulso27.com\\\/en\\\/#\\\/schema\\\/person\\\/a0930a7f318e7d9d83bd7cffed9f34f6\"},\"headline\":\"Adriana Tudela: \u00abLas PASO no me parecen una buena reforma\u00bb\",\"datePublished\":\"2023-11-24T13:41:30+00:00\",\"dateModified\":\"2023-11-24T13:43:17+00:00\",\"mainEntityOfPage\":{\"@id\":\"https:\\\/\\\/pulso27.com\\\/nacional\\\/adriana-tudela-las-paso-no-me-parecen-una-buena-reforma\\\/\"},\"wordCount\":547,\"commentCount\":0,\"publisher\":{\"@id\":\"https:\\\/\\\/pulso27.com\\\/en\\\/#organization\"},\"image\":{\"@id\":\"https:\\\/\\\/pulso27.com\\\/nacional\\\/adriana-tudela-las-paso-no-me-parecen-una-buena-reforma\\\/#primaryimage\"},\"thumbnailUrl\":\"https:\\\/\\\/pulso27.com\\\/wp-content\\\/uploads\\\/2023\\\/11\\\/Adriana-Tudela.jpg\",\"keywords\":[\"REforma\"],\"articleSection\":[\"Actualidad\",\"Nacional\",\"Pol\u00edtica\"],\"inLanguage\":\"en-US\",\"potentialAction\":[{\"@type\":\"CommentAction\",\"name\":\"Comment\",\"target\":[\"https:\\\/\\\/pulso27.com\\\/nacional\\\/adriana-tudela-las-paso-no-me-parecen-una-buena-reforma\\\/#respond\"]}]},{\"@type\":\"WebPage\",\"@id\":\"https:\\\/\\\/pulso27.com\\\/nacional\\\/adriana-tudela-las-paso-no-me-parecen-una-buena-reforma\\\/\",\"url\":\"https:\\\/\\\/pulso27.com\\\/nacional\\\/adriana-tudela-las-paso-no-me-parecen-una-buena-reforma\\\/\",\"name\":\"Adriana Tudela: \\\"Las PASO no me parecen una buena reforma\\\" - Pulso27\",\"isPartOf\":{\"@id\":\"https:\\\/\\\/pulso27.com\\\/en\\\/#website\"},\"primaryImageOfPage\":{\"@id\":\"https:\\\/\\\/pulso27.com\\\/nacional\\\/adriana-tudela-las-paso-no-me-parecen-una-buena-reforma\\\/#primaryimage\"},\"image\":{\"@id\":\"https:\\\/\\\/pulso27.com\\\/nacional\\\/adriana-tudela-las-paso-no-me-parecen-una-buena-reforma\\\/#primaryimage\"},\"thumbnailUrl\":\"https:\\\/\\\/pulso27.com\\\/wp-content\\\/uploads\\\/2023\\\/11\\\/Adriana-Tudela.jpg\",\"datePublished\":\"2023-11-24T13:41:30+00:00\",\"dateModified\":\"2023-11-24T13:43:17+00:00\",\"breadcrumb\":{\"@id\":\"https:\\\/\\\/pulso27.com\\\/nacional\\\/adriana-tudela-las-paso-no-me-parecen-una-buena-reforma\\\/#breadcrumb\"},\"inLanguage\":\"en-US\",\"potentialAction\":[{\"@type\":\"ReadAction\",\"target\":[\"https:\\\/\\\/pulso27.com\\\/nacional\\\/adriana-tudela-las-paso-no-me-parecen-una-buena-reforma\\\/\"]}]},{\"@type\":\"ImageObject\",\"inLanguage\":\"en-US\",\"@id\":\"https:\\\/\\\/pulso27.com\\\/nacional\\\/adriana-tudela-las-paso-no-me-parecen-una-buena-reforma\\\/#primaryimage\",\"url\":\"https:\\\/\\\/pulso27.com\\\/wp-content\\\/uploads\\\/2023\\\/11\\\/Adriana-Tudela.jpg\",\"contentUrl\":\"https:\\\/\\\/pulso27.com\\\/wp-content\\\/uploads\\\/2023\\\/11\\\/Adriana-Tudela.jpg\",\"width\":600,\"height\":401},{\"@type\":\"BreadcrumbList\",\"@id\":\"https:\\\/\\\/pulso27.com\\\/nacional\\\/adriana-tudela-las-paso-no-me-parecen-una-buena-reforma\\\/#breadcrumb\",\"itemListElement\":[{\"@type\":\"ListItem\",\"position\":1,\"name\":\"Portada\",\"item\":\"https:\\\/\\\/pulso27.com\\\/\"},{\"@type\":\"ListItem\",\"position\":2,\"name\":\"Adriana Tudela: &#8220;Las PASO no me parecen una buena reforma&#8221;\"}]},{\"@type\":\"WebSite\",\"@id\":\"https:\\\/\\\/pulso27.com\\\/en\\\/#website\",\"url\":\"https:\\\/\\\/pulso27.com\\\/en\\\/\",\"name\":\"Pulso27\",\"description\":\"Web de noticias y publicidad\",\"publisher\":{\"@id\":\"https:\\\/\\\/pulso27.com\\\/en\\\/#organization\"},\"alternateName\":\"El pulso del pueblo\",\"potentialAction\":[{\"@type\":\"SearchAction\",\"target\":{\"@type\":\"EntryPoint\",\"urlTemplate\":\"https:\\\/\\\/pulso27.com\\\/en\\\/?s={search_term_string}\"},\"query-input\":{\"@type\":\"PropertyValueSpecification\",\"valueRequired\":true,\"valueName\":\"search_term_string\"}}],\"inLanguage\":\"en-US\"},{\"@type\":\"Organization\",\"@id\":\"https:\\\/\\\/pulso27.com\\\/en\\\/#organization\",\"name\":\"Pulso27\",\"url\":\"https:\\\/\\\/pulso27.com\\\/en\\\/\",\"logo\":{\"@type\":\"ImageObject\",\"inLanguage\":\"en-US\",\"@id\":\"https:\\\/\\\/pulso27.com\\\/en\\\/#\\\/schema\\\/logo\\\/image\\\/\",\"url\":\"https:\\\/\\\/pulso27.com\\\/wp-content\\\/uploads\\\/2026\\\/02\\\/Logotipo-de-la-organizacion-696-x-696-px-ok.png\",\"contentUrl\":\"https:\\\/\\\/pulso27.com\\\/wp-content\\\/uploads\\\/2026\\\/02\\\/Logotipo-de-la-organizacion-696-x-696-px-ok.png\",\"width\":696,\"height\":696,\"caption\":\"Pulso27\"},\"image\":{\"@id\":\"https:\\\/\\\/pulso27.com\\\/en\\\/#\\\/schema\\\/logo\\\/image\\\/\"},\"sameAs\":[\"https:\\\/\\\/www.facebook.com\\\/pulso27\\\/\",\"https:\\\/\\\/x.com\\\/Pulso_27\",\"https:\\\/\\\/www.youtube.com\\\/@Pulso27\",\"https:\\\/\\\/www.tiktok.com\\\/@pulso_27\"]},{\"@type\":\"Person\",\"@id\":\"https:\\\/\\\/pulso27.com\\\/en\\\/#\\\/schema\\\/person\\\/a0930a7f318e7d9d83bd7cffed9f34f6\",\"name\":\"El Muki\",\"image\":{\"@type\":\"ImageObject\",\"inLanguage\":\"en-US\",\"@id\":\"https:\\\/\\\/secure.gravatar.com\\\/avatar\\\/dc91c2607c5eebda74cbb40d13031f489096c96ead89c4c30c17db262267b2b3?s=96&d=mm&r=g\",\"url\":\"https:\\\/\\\/secure.gravatar.com\\\/avatar\\\/dc91c2607c5eebda74cbb40d13031f489096c96ead89c4c30c17db262267b2b3?s=96&d=mm&r=g\",\"contentUrl\":\"https:\\\/\\\/secure.gravatar.com\\\/avatar\\\/dc91c2607c5eebda74cbb40d13031f489096c96ead89c4c30c17db262267b2b3?s=96&d=mm&r=g\",\"caption\":\"El Muki\"},\"sameAs\":[\"http:\\\/\\\/www.pulso27.com\"],\"url\":\"https:\\\/\\\/pulso27.com\\\/en\\\/author\\\/elcuervo\\\/\"}]}<\/script>\n<!-- \/ Yoast SEO plugin. -->","yoast_head_json":{"title":"Adriana Tudela: \"Las PASO no me parecen una buena reforma\" - Pulso27","robots":{"index":"index","follow":"follow","max-snippet":"max-snippet:-1","max-image-preview":"max-image-preview:large","max-video-preview":"max-video-preview:-1"},"canonical":"https:\/\/pulso27.com\/en\/nacional\/adriana-tudela-las-paso-no-me-parecen-una-buena-reforma\/","og_locale":"en_US","og_type":"article","og_title":"Adriana Tudela: \"Las PASO no me parecen una buena reforma\" - Pulso27","og_description":"La congresista de Avanza Pa\u00eds, Adriana Tudela, se\u00f1al\u00f3 este jueves que la implementaci\u00f3n de las Primarias Abiertas Simult\u00e1neas y Obligatorias (PASO) no le pareci\u00f3 una buena reforma, pues las considera una intromisi\u00f3n que va en contra de la autonom\u00eda de los partidos pol\u00edticos.","og_url":"https:\/\/pulso27.com\/en\/nacional\/adriana-tudela-las-paso-no-me-parecen-una-buena-reforma\/","og_site_name":"Pulso27","article_publisher":"https:\/\/www.facebook.com\/pulso27\/","article_published_time":"2023-11-24T13:41:30+00:00","article_modified_time":"2023-11-24T13:43:17+00:00","og_image":[{"width":600,"height":401,"url":"https:\/\/pulso27.com\/wp-content\/uploads\/2023\/11\/Adriana-Tudela.jpg","type":"image\/jpeg"}],"author":"El Muki","twitter_card":"summary_large_image","twitter_creator":"@Pulso_27","twitter_site":"@Pulso_27","twitter_misc":{"Written by":"El Muki","Est. reading time":"3 minutes"},"schema":{"@context":"https:\/\/schema.org","@graph":[{"@type":"Article","@id":"https:\/\/pulso27.com\/nacional\/adriana-tudela-las-paso-no-me-parecen-una-buena-reforma\/#article","isPartOf":{"@id":"https:\/\/pulso27.com\/nacional\/adriana-tudela-las-paso-no-me-parecen-una-buena-reforma\/"},"author":{"name":"El Muki","@id":"https:\/\/pulso27.com\/en\/#\/schema\/person\/a0930a7f318e7d9d83bd7cffed9f34f6"},"headline":"Adriana Tudela: \u00abLas PASO no me parecen una buena reforma\u00bb","datePublished":"2023-11-24T13:41:30+00:00","dateModified":"2023-11-24T13:43:17+00:00","mainEntityOfPage":{"@id":"https:\/\/pulso27.com\/nacional\/adriana-tudela-las-paso-no-me-parecen-una-buena-reforma\/"},"wordCount":547,"commentCount":0,"publisher":{"@id":"https:\/\/pulso27.com\/en\/#organization"},"image":{"@id":"https:\/\/pulso27.com\/nacional\/adriana-tudela-las-paso-no-me-parecen-una-buena-reforma\/#primaryimage"},"thumbnailUrl":"https:\/\/pulso27.com\/wp-content\/uploads\/2023\/11\/Adriana-Tudela.jpg","keywords":["REforma"],"articleSection":["Actualidad","Nacional","Pol\u00edtica"],"inLanguage":"en-US","potentialAction":[{"@type":"CommentAction","name":"Comment","target":["https:\/\/pulso27.com\/nacional\/adriana-tudela-las-paso-no-me-parecen-una-buena-reforma\/#respond"]}]},{"@type":"WebPage","@id":"https:\/\/pulso27.com\/nacional\/adriana-tudela-las-paso-no-me-parecen-una-buena-reforma\/","url":"https:\/\/pulso27.com\/nacional\/adriana-tudela-las-paso-no-me-parecen-una-buena-reforma\/","name":"Adriana Tudela: \"Las PASO no me parecen una buena reforma\" - Pulso27","isPartOf":{"@id":"https:\/\/pulso27.com\/en\/#website"},"primaryImageOfPage":{"@id":"https:\/\/pulso27.com\/nacional\/adriana-tudela-las-paso-no-me-parecen-una-buena-reforma\/#primaryimage"},"image":{"@id":"https:\/\/pulso27.com\/nacional\/adriana-tudela-las-paso-no-me-parecen-una-buena-reforma\/#primaryimage"},"thumbnailUrl":"https:\/\/pulso27.com\/wp-content\/uploads\/2023\/11\/Adriana-Tudela.jpg","datePublished":"2023-11-24T13:41:30+00:00","dateModified":"2023-11-24T13:43:17+00:00","breadcrumb":{"@id":"https:\/\/pulso27.com\/nacional\/adriana-tudela-las-paso-no-me-parecen-una-buena-reforma\/#breadcrumb"},"inLanguage":"en-US","potentialAction":[{"@type":"ReadAction","target":["https:\/\/pulso27.com\/nacional\/adriana-tudela-las-paso-no-me-parecen-una-buena-reforma\/"]}]},{"@type":"ImageObject","inLanguage":"en-US","@id":"https:\/\/pulso27.com\/nacional\/adriana-tudela-las-paso-no-me-parecen-una-buena-reforma\/#primaryimage","url":"https:\/\/pulso27.com\/wp-content\/uploads\/2023\/11\/Adriana-Tudela.jpg","contentUrl":"https:\/\/pulso27.com\/wp-content\/uploads\/2023\/11\/Adriana-Tudela.jpg","width":600,"height":401},{"@type":"BreadcrumbList","@id":"https:\/\/pulso27.com\/nacional\/adriana-tudela-las-paso-no-me-parecen-una-buena-reforma\/#breadcrumb","itemListElement":[{"@type":"ListItem","position":1,"name":"Portada","item":"https:\/\/pulso27.com\/"},{"@type":"ListItem","position":2,"name":"Adriana Tudela: &#8220;Las PASO no me parecen una buena reforma&#8221;"}]},{"@type":"WebSite","@id":"https:\/\/pulso27.com\/en\/#website","url":"https:\/\/pulso27.com\/en\/","name":"Pulso27","description":"Web de noticias y publicidad","publisher":{"@id":"https:\/\/pulso27.com\/en\/#organization"},"alternateName":"El pulso del pueblo","potentialAction":[{"@type":"SearchAction","target":{"@type":"EntryPoint","urlTemplate":"https:\/\/pulso27.com\/en\/?s={search_term_string}"},"query-input":{"@type":"PropertyValueSpecification","valueRequired":true,"valueName":"search_term_string"}}],"inLanguage":"en-US"},{"@type":"Organization","@id":"https:\/\/pulso27.com\/en\/#organization","name":"Pulso27","url":"https:\/\/pulso27.com\/en\/","logo":{"@type":"ImageObject","inLanguage":"en-US","@id":"https:\/\/pulso27.com\/en\/#\/schema\/logo\/image\/","url":"https:\/\/pulso27.com\/wp-content\/uploads\/2026\/02\/Logotipo-de-la-organizacion-696-x-696-px-ok.png","contentUrl":"https:\/\/pulso27.com\/wp-content\/uploads\/2026\/02\/Logotipo-de-la-organizacion-696-x-696-px-ok.png","width":696,"height":696,"caption":"Pulso27"},"image":{"@id":"https:\/\/pulso27.com\/en\/#\/schema\/logo\/image\/"},"sameAs":["https:\/\/www.facebook.com\/pulso27\/","https:\/\/x.com\/Pulso_27","https:\/\/www.youtube.com\/@Pulso27","https:\/\/www.tiktok.com\/@pulso_27"]},{"@type":"Person","@id":"https:\/\/pulso27.com\/en\/#\/schema\/person\/a0930a7f318e7d9d83bd7cffed9f34f6","name":"El Muki","image":{"@type":"ImageObject","inLanguage":"en-US","@id":"https:\/\/secure.gravatar.com\/avatar\/dc91c2607c5eebda74cbb40d13031f489096c96ead89c4c30c17db262267b2b3?s=96&d=mm&r=g","url":"https:\/\/secure.gravatar.com\/avatar\/dc91c2607c5eebda74cbb40d13031f489096c96ead89c4c30c17db262267b2b3?s=96&d=mm&r=g","contentUrl":"https:\/\/secure.gravatar.com\/avatar\/dc91c2607c5eebda74cbb40d13031f489096c96ead89c4c30c17db262267b2b3?s=96&d=mm&r=g","caption":"El Muki"},"sameAs":["http:\/\/www.pulso27.com"],"url":"https:\/\/pulso27.com\/en\/author\/elcuervo\/"}]}},"amp_enabled":true,"_links":{"self":[{"href":"https:\/\/pulso27.com\/en\/wp-json\/wp\/v2\/posts\/775","targetHints":{"allow":["GET"]}}],"collection":[{"href":"https:\/\/pulso27.com\/en\/wp-json\/wp\/v2\/posts"}],"about":[{"href":"https:\/\/pulso27.com\/en\/wp-json\/wp\/v2\/types\/post"}],"author":[{"embeddable":true,"href":"https:\/\/pulso27.com\/en\/wp-json\/wp\/v2\/users\/10"}],"replies":[{"embeddable":true,"href":"https:\/\/pulso27.com\/en\/wp-json\/wp\/v2\/comments?post=775"}],"version-history":[{"count":2,"href":"https:\/\/pulso27.com\/en\/wp-json\/wp\/v2\/posts\/775\/revisions"}],"predecessor-version":[{"id":779,"href":"https:\/\/pulso27.com\/en\/wp-json\/wp\/v2\/posts\/775\/revisions\/779"}],"wp:featuredmedia":[{"embeddable":true,"href":"https:\/\/pulso27.com\/en\/wp-json\/wp\/v2\/media\/777"}],"wp:attachment":[{"href":"https:\/\/pulso27.com\/en\/wp-json\/wp\/v2\/media?parent=775"}],"wp:term":[{"taxonomy":"category","embeddable":true,"href":"https:\/\/pulso27.com\/en\/wp-json\/wp\/v2\/categories?post=775"},{"taxonomy":"post_tag","embeddable":true,"href":"https:\/\/pulso27.com\/en\/wp-json\/wp\/v2\/tags?post=775"}],"curies":[{"name":"wp","href":"https:\/\/api.w.org\/{rel}","templated":true}]}}