{"id":780,"date":"2023-11-28T13:05:23","date_gmt":"2023-11-28T13:05:23","guid":{"rendered":"http:\/\/pulso27.com\/?p=780"},"modified":"2023-11-28T13:05:23","modified_gmt":"2023-11-28T13:05:23","slug":"otarola-sobre-investigacion-a-patricia-benavides-seria-muy-bueno-para-el-pais-que-se-haga-cargo-de-sus-actos","status":"publish","type":"post","link":"https:\/\/pulso27.com\/en\/nacional\/otarola-sobre-investigacion-a-patricia-benavides-seria-muy-bueno-para-el-pais-que-se-haga-cargo-de-sus-actos\/","title":{"rendered":"Ot\u00e1rola sobre investigaci\u00f3n a Patricia Benavides: \u201cSer\u00eda muy bueno para el pa\u00eds que se haga cargo de sus actos\u201d"},"content":{"rendered":"\n<p>En una entrevista con el programa Nunca es tarde de RPP TV, el presidente del Consejo de Ministros, Alberto Ot\u00e1rola, critic\u00f3 a fiscal de la Naci\u00f3n, Patricia Benavides, por tratar de \u00abdesviar la atenci\u00f3n\u00bb al presentar una denuncia constitucional contra \u00e9l y la mandataria Dina Boluarte.<br>El presidente del Consejo de Ministros, Alberto Ot\u00e1rola, respondi\u00f3 a la titular del Ministerio P\u00fablico, Patricia Benavides, quien present\u00f3 hoy en el Congreso una denuncia constitucional en su contra y de la mandataria Dina Boluarte por las muertes en las protestas sociales durante diciembre de 2022 y enero 2023.<\/p>\n\n\n\n<p>\u00abComo lo ha dicho la presidenta, son tres cosas que el Gobierno piensa sobre esta situaci\u00f3n. En primer lugar que hay una investigaci\u00f3n en curso a cargo de un equipo especial y que esta investigaci\u00f3n ha llenado de datos a todo el Per\u00fa y esto ha merecido una respuesta equivocada y apresurada de la se\u00f1ora fiscal\u00bb, se\u00f1al\u00f3 en una entrevista con el programa Nunca es tarde de RPP TV.<\/p>\n\n\n\n<p>Ot\u00e1rola dijo que \u201cser\u00eda muy bueno para el pa\u00eds\u201d que la fiscal de la Naci\u00f3n \u201cse haga cargo de sus propios actos\u201d, en referencia a la investigaci\u00f3n abierta en contra de Patricia Benavides por presuntamente liderar una organizaci\u00f3n criminal dentro la c\u00fapula de la Fiscal\u00eda de la Naci\u00f3n, desde donde habr\u00eda ejercido un tr\u00e1fico de influencias.<\/p>\n\n\n\n<blockquote class=\"wp-block-quote is-layout-flow wp-block-quote-is-layout-flow\">\n<p>\u201cLo que no se puede consentir es que se aproveche pol\u00edticamente un caso para ocultar una denuncia publica promovida por los colegas de la se\u00f1ora fiscal\u201d, remarc\u00f3.<\/p>\n<\/blockquote>\n\n\n\n<p><strong>\u00abTrata de escabullir su responsabilidad\u00bb<\/strong><br>En palabras del jefe del Gabinete Ministerial, la labor del Equipo Especial de Fiscales contra la Corrupci\u00f3n en el Poder deber\u00eda centrarse en desentra\u00f1ar cu\u00e1l ha sido el papel de los asesores Javier Villanueva Barreto, Miguel Angel Girao Isidro y Abel Hurtado Espinoza en la presunta comisi\u00f3n de varios delitos.<\/p>\n\n\n\n<p>En ese contexto, Ot\u00e1rola cuestion\u00f3 que Benavides no haya mencionado en su conferencia de prensa a su asesor Javier Villanueva, quien actualmente se encuentra detenido preliminarmente, al tiempo que consider\u00f3 que los poderes del Estado no pueden \u00abcaer en la tentaci\u00f3n\u00bb de enfrentarse a ra\u00edz de la situaci\u00f3n de la fiscal de la Naci\u00f3n, \u00abque trata de escabullir su responsabilidad poniendo la denuncia [constitucional]\u201d.<\/p>\n\n\n\n<p>De acuerdo con las investigaciones, Villanueva Barreto, por encargo de Patricia Benavides, buscaba influir il\u00edcitamente en las decisiones de congresistas para la destituci\u00f3n de los miembros de la Junta Nacional de Justicia (JNJ), el nombramiento del actual defensor del Pueblo, Jos\u00fae Guti\u00e9rrez, y la inhabilitaci\u00f3n de la exfiscal de la Naci\u00f3n, Zoraida \u00c1valos.<\/p>\n\n\n\n<p><\/p>\n\n\n\n<p>Fuente: RPP<\/p>\n","protected":false},"excerpt":{"rendered":"<p>En una entrevista con el programa Nunca es tarde de RPP TV, el presidente del Consejo de Ministros, Alberto Ot\u00e1rola, critic\u00f3 a fiscal de la Naci\u00f3n, Patricia Benavides, por tratar de \u00abdesviar la atenci\u00f3n\u00bb al presentar una denuncia constitucional contra \u00e9l y la mandataria Dina Boluarte.El presidente del Consejo de Ministros, Alberto Ot\u00e1rola, respondi\u00f3 a [&hellip;]<\/p>\n","protected":false},"author":10,"featured_media":781,"comment_status":"open","ping_status":"open","sticky":false,"template":"","format":"standard","meta":{"footnotes":""},"categories":[183,174],"tags":[],"class_list":["post-780","post","type-post","status-publish","format-standard","has-post-thumbnail","hentry","category-actualidad","category-nacional"],"yoast_head":"<!-- This site is optimized with the Yoast SEO plugin v27.4 - https:\/\/yoast.com\/product\/yoast-seo-wordpress\/ -->\n<title>Ot\u00e1rola sobre investigaci\u00f3n a Patricia Benavides: \u201cSer\u00eda muy bueno para el pa\u00eds que se haga cargo de sus actos\u201d - Pulso27<\/title>\n<meta name=\"robots\" content=\"index, follow, max-snippet:-1, max-image-preview:large, max-video-preview:-1\" \/>\n<link rel=\"canonical\" href=\"https:\/\/pulso27.com\/en\/nacional\/otarola-sobre-investigacion-a-patricia-benavides-seria-muy-bueno-para-el-pais-que-se-haga-cargo-de-sus-actos\/\" \/>\n<meta property=\"og:locale\" content=\"en_US\" \/>\n<meta property=\"og:type\" content=\"article\" \/>\n<meta property=\"og:title\" content=\"Ot\u00e1rola sobre investigaci\u00f3n a Patricia Benavides: \u201cSer\u00eda muy bueno para el pa\u00eds que se haga cargo de sus actos\u201d - Pulso27\" \/>\n<meta property=\"og:description\" content=\"En una entrevista con el programa Nunca es tarde de RPP TV, el presidente del Consejo de Ministros, Alberto Ot\u00e1rola, critic\u00f3 a fiscal de la Naci\u00f3n, Patricia Benavides, por tratar de \u00abdesviar la atenci\u00f3n\u00bb al presentar una denuncia constitucional contra \u00e9l y la mandataria Dina Boluarte.El presidente del Consejo de Ministros, Alberto Ot\u00e1rola, respondi\u00f3 a [&hellip;]\" \/>\n<meta property=\"og:url\" content=\"https:\/\/pulso27.com\/en\/nacional\/otarola-sobre-investigacion-a-patricia-benavides-seria-muy-bueno-para-el-pais-que-se-haga-cargo-de-sus-actos\/\" \/>\n<meta property=\"og:site_name\" content=\"Pulso27\" \/>\n<meta property=\"article:publisher\" content=\"https:\/\/www.facebook.com\/pulso27\/\" \/>\n<meta property=\"article:published_time\" content=\"2023-11-28T13:05:23+00:00\" \/>\n<meta property=\"og:image\" content=\"https:\/\/pulso27.com\/wp-content\/uploads\/2023\/11\/Otarola.Alberto.png\" \/>\n\t<meta property=\"og:image:width\" content=\"564\" \/>\n\t<meta property=\"og:image:height\" content=\"339\" \/>\n\t<meta property=\"og:image:type\" content=\"image\/png\" \/>\n<meta name=\"author\" content=\"El Muki\" \/>\n<meta name=\"twitter:card\" content=\"summary_large_image\" \/>\n<meta name=\"twitter:creator\" content=\"@Pulso_27\" \/>\n<meta name=\"twitter:site\" content=\"@Pulso_27\" \/>\n<meta name=\"twitter:label1\" content=\"Written by\" \/>\n\t<meta name=\"twitter:data1\" content=\"El Muki\" \/>\n\t<meta name=\"twitter:label2\" content=\"Est. reading time\" \/>\n\t<meta name=\"twitter:data2\" content=\"2 minutes\" \/>\n<script type=\"application\/ld+json\" class=\"yoast-schema-graph\">{\"@context\":\"https:\\\/\\\/schema.org\",\"@graph\":[{\"@type\":\"Article\",\"@id\":\"https:\\\/\\\/pulso27.com\\\/nacional\\\/otarola-sobre-investigacion-a-patricia-benavides-seria-muy-bueno-para-el-pais-que-se-haga-cargo-de-sus-actos\\\/#article\",\"isPartOf\":{\"@id\":\"https:\\\/\\\/pulso27.com\\\/nacional\\\/otarola-sobre-investigacion-a-patricia-benavides-seria-muy-bueno-para-el-pais-que-se-haga-cargo-de-sus-actos\\\/\"},\"author\":{\"name\":\"El Muki\",\"@id\":\"https:\\\/\\\/pulso27.com\\\/en\\\/#\\\/schema\\\/person\\\/a0930a7f318e7d9d83bd7cffed9f34f6\"},\"headline\":\"Ot\u00e1rola sobre investigaci\u00f3n a Patricia Benavides: \u201cSer\u00eda muy bueno para el pa\u00eds que se haga cargo de sus actos\u201d\",\"datePublished\":\"2023-11-28T13:05:23+00:00\",\"mainEntityOfPage\":{\"@id\":\"https:\\\/\\\/pulso27.com\\\/nacional\\\/otarola-sobre-investigacion-a-patricia-benavides-seria-muy-bueno-para-el-pais-que-se-haga-cargo-de-sus-actos\\\/\"},\"wordCount\":481,\"commentCount\":0,\"publisher\":{\"@id\":\"https:\\\/\\\/pulso27.com\\\/en\\\/#organization\"},\"image\":{\"@id\":\"https:\\\/\\\/pulso27.com\\\/nacional\\\/otarola-sobre-investigacion-a-patricia-benavides-seria-muy-bueno-para-el-pais-que-se-haga-cargo-de-sus-actos\\\/#primaryimage\"},\"thumbnailUrl\":\"https:\\\/\\\/pulso27.com\\\/wp-content\\\/uploads\\\/2023\\\/11\\\/Otarola.Alberto.png\",\"articleSection\":[\"Actualidad\",\"Nacional\"],\"inLanguage\":\"en-US\",\"potentialAction\":[{\"@type\":\"CommentAction\",\"name\":\"Comment\",\"target\":[\"https:\\\/\\\/pulso27.com\\\/nacional\\\/otarola-sobre-investigacion-a-patricia-benavides-seria-muy-bueno-para-el-pais-que-se-haga-cargo-de-sus-actos\\\/#respond\"]}]},{\"@type\":\"WebPage\",\"@id\":\"https:\\\/\\\/pulso27.com\\\/nacional\\\/otarola-sobre-investigacion-a-patricia-benavides-seria-muy-bueno-para-el-pais-que-se-haga-cargo-de-sus-actos\\\/\",\"url\":\"https:\\\/\\\/pulso27.com\\\/nacional\\\/otarola-sobre-investigacion-a-patricia-benavides-seria-muy-bueno-para-el-pais-que-se-haga-cargo-de-sus-actos\\\/\",\"name\":\"Ot\u00e1rola sobre investigaci\u00f3n a Patricia Benavides: \u201cSer\u00eda muy bueno para el pa\u00eds que se haga cargo de sus actos\u201d - Pulso27\",\"isPartOf\":{\"@id\":\"https:\\\/\\\/pulso27.com\\\/en\\\/#website\"},\"primaryImageOfPage\":{\"@id\":\"https:\\\/\\\/pulso27.com\\\/nacional\\\/otarola-sobre-investigacion-a-patricia-benavides-seria-muy-bueno-para-el-pais-que-se-haga-cargo-de-sus-actos\\\/#primaryimage\"},\"image\":{\"@id\":\"https:\\\/\\\/pulso27.com\\\/nacional\\\/otarola-sobre-investigacion-a-patricia-benavides-seria-muy-bueno-para-el-pais-que-se-haga-cargo-de-sus-actos\\\/#primaryimage\"},\"thumbnailUrl\":\"https:\\\/\\\/pulso27.com\\\/wp-content\\\/uploads\\\/2023\\\/11\\\/Otarola.Alberto.png\",\"datePublished\":\"2023-11-28T13:05:23+00:00\",\"breadcrumb\":{\"@id\":\"https:\\\/\\\/pulso27.com\\\/nacional\\\/otarola-sobre-investigacion-a-patricia-benavides-seria-muy-bueno-para-el-pais-que-se-haga-cargo-de-sus-actos\\\/#breadcrumb\"},\"inLanguage\":\"en-US\",\"potentialAction\":[{\"@type\":\"ReadAction\",\"target\":[\"https:\\\/\\\/pulso27.com\\\/nacional\\\/otarola-sobre-investigacion-a-patricia-benavides-seria-muy-bueno-para-el-pais-que-se-haga-cargo-de-sus-actos\\\/\"]}]},{\"@type\":\"ImageObject\",\"inLanguage\":\"en-US\",\"@id\":\"https:\\\/\\\/pulso27.com\\\/nacional\\\/otarola-sobre-investigacion-a-patricia-benavides-seria-muy-bueno-para-el-pais-que-se-haga-cargo-de-sus-actos\\\/#primaryimage\",\"url\":\"https:\\\/\\\/pulso27.com\\\/wp-content\\\/uploads\\\/2023\\\/11\\\/Otarola.Alberto.png\",\"contentUrl\":\"https:\\\/\\\/pulso27.com\\\/wp-content\\\/uploads\\\/2023\\\/11\\\/Otarola.Alberto.png\",\"width\":564,\"height\":339},{\"@type\":\"BreadcrumbList\",\"@id\":\"https:\\\/\\\/pulso27.com\\\/nacional\\\/otarola-sobre-investigacion-a-patricia-benavides-seria-muy-bueno-para-el-pais-que-se-haga-cargo-de-sus-actos\\\/#breadcrumb\",\"itemListElement\":[{\"@type\":\"ListItem\",\"position\":1,\"name\":\"Portada\",\"item\":\"https:\\\/\\\/pulso27.com\\\/\"},{\"@type\":\"ListItem\",\"position\":2,\"name\":\"Ot\u00e1rola sobre investigaci\u00f3n a Patricia Benavides: \u201cSer\u00eda muy bueno para el pa\u00eds que se haga cargo de sus actos\u201d\"}]},{\"@type\":\"WebSite\",\"@id\":\"https:\\\/\\\/pulso27.com\\\/en\\\/#website\",\"url\":\"https:\\\/\\\/pulso27.com\\\/en\\\/\",\"name\":\"Pulso27\",\"description\":\"Web de noticias y publicidad\",\"publisher\":{\"@id\":\"https:\\\/\\\/pulso27.com\\\/en\\\/#organization\"},\"alternateName\":\"El pulso del pueblo\",\"potentialAction\":[{\"@type\":\"SearchAction\",\"target\":{\"@type\":\"EntryPoint\",\"urlTemplate\":\"https:\\\/\\\/pulso27.com\\\/en\\\/?s={search_term_string}\"},\"query-input\":{\"@type\":\"PropertyValueSpecification\",\"valueRequired\":true,\"valueName\":\"search_term_string\"}}],\"inLanguage\":\"en-US\"},{\"@type\":\"Organization\",\"@id\":\"https:\\\/\\\/pulso27.com\\\/en\\\/#organization\",\"name\":\"Pulso27\",\"url\":\"https:\\\/\\\/pulso27.com\\\/en\\\/\",\"logo\":{\"@type\":\"ImageObject\",\"inLanguage\":\"en-US\",\"@id\":\"https:\\\/\\\/pulso27.com\\\/en\\\/#\\\/schema\\\/logo\\\/image\\\/\",\"url\":\"https:\\\/\\\/pulso27.com\\\/wp-content\\\/uploads\\\/2026\\\/02\\\/Logotipo-de-la-organizacion-696-x-696-px-ok.png\",\"contentUrl\":\"https:\\\/\\\/pulso27.com\\\/wp-content\\\/uploads\\\/2026\\\/02\\\/Logotipo-de-la-organizacion-696-x-696-px-ok.png\",\"width\":696,\"height\":696,\"caption\":\"Pulso27\"},\"image\":{\"@id\":\"https:\\\/\\\/pulso27.com\\\/en\\\/#\\\/schema\\\/logo\\\/image\\\/\"},\"sameAs\":[\"https:\\\/\\\/www.facebook.com\\\/pulso27\\\/\",\"https:\\\/\\\/x.com\\\/Pulso_27\",\"https:\\\/\\\/www.youtube.com\\\/@Pulso27\",\"https:\\\/\\\/www.tiktok.com\\\/@pulso_27\"]},{\"@type\":\"Person\",\"@id\":\"https:\\\/\\\/pulso27.com\\\/en\\\/#\\\/schema\\\/person\\\/a0930a7f318e7d9d83bd7cffed9f34f6\",\"name\":\"El Muki\",\"image\":{\"@type\":\"ImageObject\",\"inLanguage\":\"en-US\",\"@id\":\"https:\\\/\\\/secure.gravatar.com\\\/avatar\\\/dc91c2607c5eebda74cbb40d13031f489096c96ead89c4c30c17db262267b2b3?s=96&d=mm&r=g\",\"url\":\"https:\\\/\\\/secure.gravatar.com\\\/avatar\\\/dc91c2607c5eebda74cbb40d13031f489096c96ead89c4c30c17db262267b2b3?s=96&d=mm&r=g\",\"contentUrl\":\"https:\\\/\\\/secure.gravatar.com\\\/avatar\\\/dc91c2607c5eebda74cbb40d13031f489096c96ead89c4c30c17db262267b2b3?s=96&d=mm&r=g\",\"caption\":\"El Muki\"},\"sameAs\":[\"http:\\\/\\\/www.pulso27.com\"],\"url\":\"https:\\\/\\\/pulso27.com\\\/en\\\/author\\\/elcuervo\\\/\"}]}<\/script>\n<!-- \/ Yoast SEO plugin. -->","yoast_head_json":{"title":"Ot\u00e1rola sobre investigaci\u00f3n a Patricia Benavides: \u201cSer\u00eda muy bueno para el pa\u00eds que se haga cargo de sus actos\u201d - Pulso27","robots":{"index":"index","follow":"follow","max-snippet":"max-snippet:-1","max-image-preview":"max-image-preview:large","max-video-preview":"max-video-preview:-1"},"canonical":"https:\/\/pulso27.com\/en\/nacional\/otarola-sobre-investigacion-a-patricia-benavides-seria-muy-bueno-para-el-pais-que-se-haga-cargo-de-sus-actos\/","og_locale":"en_US","og_type":"article","og_title":"Ot\u00e1rola sobre investigaci\u00f3n a Patricia Benavides: \u201cSer\u00eda muy bueno para el pa\u00eds que se haga cargo de sus actos\u201d - Pulso27","og_description":"En una entrevista con el programa Nunca es tarde de RPP TV, el presidente del Consejo de Ministros, Alberto Ot\u00e1rola, critic\u00f3 a fiscal de la Naci\u00f3n, Patricia Benavides, por tratar de \u00abdesviar la atenci\u00f3n\u00bb al presentar una denuncia constitucional contra \u00e9l y la mandataria Dina Boluarte.El presidente del Consejo de Ministros, Alberto Ot\u00e1rola, respondi\u00f3 a [&hellip;]","og_url":"https:\/\/pulso27.com\/en\/nacional\/otarola-sobre-investigacion-a-patricia-benavides-seria-muy-bueno-para-el-pais-que-se-haga-cargo-de-sus-actos\/","og_site_name":"Pulso27","article_publisher":"https:\/\/www.facebook.com\/pulso27\/","article_published_time":"2023-11-28T13:05:23+00:00","og_image":[{"width":564,"height":339,"url":"https:\/\/pulso27.com\/wp-content\/uploads\/2023\/11\/Otarola.Alberto.png","type":"image\/png"}],"author":"El Muki","twitter_card":"summary_large_image","twitter_creator":"@Pulso_27","twitter_site":"@Pulso_27","twitter_misc":{"Written by":"El Muki","Est. reading time":"2 minutes"},"schema":{"@context":"https:\/\/schema.org","@graph":[{"@type":"Article","@id":"https:\/\/pulso27.com\/nacional\/otarola-sobre-investigacion-a-patricia-benavides-seria-muy-bueno-para-el-pais-que-se-haga-cargo-de-sus-actos\/#article","isPartOf":{"@id":"https:\/\/pulso27.com\/nacional\/otarola-sobre-investigacion-a-patricia-benavides-seria-muy-bueno-para-el-pais-que-se-haga-cargo-de-sus-actos\/"},"author":{"name":"El Muki","@id":"https:\/\/pulso27.com\/en\/#\/schema\/person\/a0930a7f318e7d9d83bd7cffed9f34f6"},"headline":"Ot\u00e1rola sobre investigaci\u00f3n a Patricia Benavides: \u201cSer\u00eda muy bueno para el pa\u00eds que se haga cargo de sus actos\u201d","datePublished":"2023-11-28T13:05:23+00:00","mainEntityOfPage":{"@id":"https:\/\/pulso27.com\/nacional\/otarola-sobre-investigacion-a-patricia-benavides-seria-muy-bueno-para-el-pais-que-se-haga-cargo-de-sus-actos\/"},"wordCount":481,"commentCount":0,"publisher":{"@id":"https:\/\/pulso27.com\/en\/#organization"},"image":{"@id":"https:\/\/pulso27.com\/nacional\/otarola-sobre-investigacion-a-patricia-benavides-seria-muy-bueno-para-el-pais-que-se-haga-cargo-de-sus-actos\/#primaryimage"},"thumbnailUrl":"https:\/\/pulso27.com\/wp-content\/uploads\/2023\/11\/Otarola.Alberto.png","articleSection":["Actualidad","Nacional"],"inLanguage":"en-US","potentialAction":[{"@type":"CommentAction","name":"Comment","target":["https:\/\/pulso27.com\/nacional\/otarola-sobre-investigacion-a-patricia-benavides-seria-muy-bueno-para-el-pais-que-se-haga-cargo-de-sus-actos\/#respond"]}]},{"@type":"WebPage","@id":"https:\/\/pulso27.com\/nacional\/otarola-sobre-investigacion-a-patricia-benavides-seria-muy-bueno-para-el-pais-que-se-haga-cargo-de-sus-actos\/","url":"https:\/\/pulso27.com\/nacional\/otarola-sobre-investigacion-a-patricia-benavides-seria-muy-bueno-para-el-pais-que-se-haga-cargo-de-sus-actos\/","name":"Ot\u00e1rola sobre investigaci\u00f3n a Patricia Benavides: \u201cSer\u00eda muy bueno para el pa\u00eds que se haga cargo de sus actos\u201d - Pulso27","isPartOf":{"@id":"https:\/\/pulso27.com\/en\/#website"},"primaryImageOfPage":{"@id":"https:\/\/pulso27.com\/nacional\/otarola-sobre-investigacion-a-patricia-benavides-seria-muy-bueno-para-el-pais-que-se-haga-cargo-de-sus-actos\/#primaryimage"},"image":{"@id":"https:\/\/pulso27.com\/nacional\/otarola-sobre-investigacion-a-patricia-benavides-seria-muy-bueno-para-el-pais-que-se-haga-cargo-de-sus-actos\/#primaryimage"},"thumbnailUrl":"https:\/\/pulso27.com\/wp-content\/uploads\/2023\/11\/Otarola.Alberto.png","datePublished":"2023-11-28T13:05:23+00:00","breadcrumb":{"@id":"https:\/\/pulso27.com\/nacional\/otarola-sobre-investigacion-a-patricia-benavides-seria-muy-bueno-para-el-pais-que-se-haga-cargo-de-sus-actos\/#breadcrumb"},"inLanguage":"en-US","potentialAction":[{"@type":"ReadAction","target":["https:\/\/pulso27.com\/nacional\/otarola-sobre-investigacion-a-patricia-benavides-seria-muy-bueno-para-el-pais-que-se-haga-cargo-de-sus-actos\/"]}]},{"@type":"ImageObject","inLanguage":"en-US","@id":"https:\/\/pulso27.com\/nacional\/otarola-sobre-investigacion-a-patricia-benavides-seria-muy-bueno-para-el-pais-que-se-haga-cargo-de-sus-actos\/#primaryimage","url":"https:\/\/pulso27.com\/wp-content\/uploads\/2023\/11\/Otarola.Alberto.png","contentUrl":"https:\/\/pulso27.com\/wp-content\/uploads\/2023\/11\/Otarola.Alberto.png","width":564,"height":339},{"@type":"BreadcrumbList","@id":"https:\/\/pulso27.com\/nacional\/otarola-sobre-investigacion-a-patricia-benavides-seria-muy-bueno-para-el-pais-que-se-haga-cargo-de-sus-actos\/#breadcrumb","itemListElement":[{"@type":"ListItem","position":1,"name":"Portada","item":"https:\/\/pulso27.com\/"},{"@type":"ListItem","position":2,"name":"Ot\u00e1rola sobre investigaci\u00f3n a Patricia Benavides: \u201cSer\u00eda muy bueno para el pa\u00eds que se haga cargo de sus actos\u201d"}]},{"@type":"WebSite","@id":"https:\/\/pulso27.com\/en\/#website","url":"https:\/\/pulso27.com\/en\/","name":"Pulso27","description":"Web de noticias y publicidad","publisher":{"@id":"https:\/\/pulso27.com\/en\/#organization"},"alternateName":"El pulso del pueblo","potentialAction":[{"@type":"SearchAction","target":{"@type":"EntryPoint","urlTemplate":"https:\/\/pulso27.com\/en\/?s={search_term_string}"},"query-input":{"@type":"PropertyValueSpecification","valueRequired":true,"valueName":"search_term_string"}}],"inLanguage":"en-US"},{"@type":"Organization","@id":"https:\/\/pulso27.com\/en\/#organization","name":"Pulso27","url":"https:\/\/pulso27.com\/en\/","logo":{"@type":"ImageObject","inLanguage":"en-US","@id":"https:\/\/pulso27.com\/en\/#\/schema\/logo\/image\/","url":"https:\/\/pulso27.com\/wp-content\/uploads\/2026\/02\/Logotipo-de-la-organizacion-696-x-696-px-ok.png","contentUrl":"https:\/\/pulso27.com\/wp-content\/uploads\/2026\/02\/Logotipo-de-la-organizacion-696-x-696-px-ok.png","width":696,"height":696,"caption":"Pulso27"},"image":{"@id":"https:\/\/pulso27.com\/en\/#\/schema\/logo\/image\/"},"sameAs":["https:\/\/www.facebook.com\/pulso27\/","https:\/\/x.com\/Pulso_27","https:\/\/www.youtube.com\/@Pulso27","https:\/\/www.tiktok.com\/@pulso_27"]},{"@type":"Person","@id":"https:\/\/pulso27.com\/en\/#\/schema\/person\/a0930a7f318e7d9d83bd7cffed9f34f6","name":"El Muki","image":{"@type":"ImageObject","inLanguage":"en-US","@id":"https:\/\/secure.gravatar.com\/avatar\/dc91c2607c5eebda74cbb40d13031f489096c96ead89c4c30c17db262267b2b3?s=96&d=mm&r=g","url":"https:\/\/secure.gravatar.com\/avatar\/dc91c2607c5eebda74cbb40d13031f489096c96ead89c4c30c17db262267b2b3?s=96&d=mm&r=g","contentUrl":"https:\/\/secure.gravatar.com\/avatar\/dc91c2607c5eebda74cbb40d13031f489096c96ead89c4c30c17db262267b2b3?s=96&d=mm&r=g","caption":"El Muki"},"sameAs":["http:\/\/www.pulso27.com"],"url":"https:\/\/pulso27.com\/en\/author\/elcuervo\/"}]}},"amp_enabled":true,"_links":{"self":[{"href":"https:\/\/pulso27.com\/en\/wp-json\/wp\/v2\/posts\/780","targetHints":{"allow":["GET"]}}],"collection":[{"href":"https:\/\/pulso27.com\/en\/wp-json\/wp\/v2\/posts"}],"about":[{"href":"https:\/\/pulso27.com\/en\/wp-json\/wp\/v2\/types\/post"}],"author":[{"embeddable":true,"href":"https:\/\/pulso27.com\/en\/wp-json\/wp\/v2\/users\/10"}],"replies":[{"embeddable":true,"href":"https:\/\/pulso27.com\/en\/wp-json\/wp\/v2\/comments?post=780"}],"version-history":[{"count":1,"href":"https:\/\/pulso27.com\/en\/wp-json\/wp\/v2\/posts\/780\/revisions"}],"predecessor-version":[{"id":782,"href":"https:\/\/pulso27.com\/en\/wp-json\/wp\/v2\/posts\/780\/revisions\/782"}],"wp:featuredmedia":[{"embeddable":true,"href":"https:\/\/pulso27.com\/en\/wp-json\/wp\/v2\/media\/781"}],"wp:attachment":[{"href":"https:\/\/pulso27.com\/en\/wp-json\/wp\/v2\/media?parent=780"}],"wp:term":[{"taxonomy":"category","embeddable":true,"href":"https:\/\/pulso27.com\/en\/wp-json\/wp\/v2\/categories?post=780"},{"taxonomy":"post_tag","embeddable":true,"href":"https:\/\/pulso27.com\/en\/wp-json\/wp\/v2\/tags?post=780"}],"curies":[{"name":"wp","href":"https:\/\/api.w.org\/{rel}","templated":true}]}}