{"id":7866,"date":"2026-04-26T06:49:49","date_gmt":"2026-04-26T01:49:49","guid":{"rendered":"https:\/\/pulso27.com\/?p=7866"},"modified":"2026-04-26T06:49:54","modified_gmt":"2026-04-26T01:49:54","slug":"argentina-caida-del-ingreso-real-reabre-polemica-por-consumo-de-carne-de-burro-en-medio-de-la-crisis-alimentaria","status":"publish","type":"post","link":"https:\/\/pulso27.com\/en\/actualidad\/economia\/argentina-caida-del-ingreso-real-reabre-polemica-por-consumo-de-carne-de-burro-en-medio-de-la-crisis-alimentaria\/","title":{"rendered":"Argentina: ca\u00edda del ingreso real reabre pol\u00e9mica por consumo de carne de burro en medio de la crisis alimentaria"},"content":{"rendered":"<p>La p\u00e9rdida de poder adquisitivo y la aceleraci\u00f3n inflacionaria durante el gobierno de Javier Milei est\u00e1n impactando de lleno en el acceso a alimentos. En los primeros meses de ajuste econ\u00f3mico, el salario real sufri\u00f3 una ca\u00edda significativa y la pobreza super\u00f3 niveles cercanos al 50%, seg\u00fan estimaciones de centros de estudio, lo que oblig\u00f3 a millones de hogares a recortar gastos en comida.<\/p>\n\n\n\n<p>Uno de los cambios m\u00e1s visibles se dio en el consumo de carne. Argentina, hist\u00f3ricamente uno de los mayores consumidores de carne vacuna del mundo, registr\u00f3 una baja a niveles cercanos a 45\u201350 kilos por persona al a\u00f1o, lejos de los m\u00e1s de 70 kilos de d\u00e9cadas anteriores. En paralelo, aument\u00f3 el consumo de pollo y otras prote\u00ednas m\u00e1s econ\u00f3micas.<\/p>\n\n\n\n<p>En ese contexto, surgieron reportes puntuales \u2014principalmente en el sur del pa\u00eds\u2014 sobre la circulaci\u00f3n de carne de burro. Aunque no existen estad\u00edsticas oficiales que confirmen su expansi\u00f3n, organizaciones rurales y medios locales se\u00f1alaron casos en provincias como Chubut, donde la sequ\u00eda y la crisis ganadera empujaron a buscar alternativas no tradicionales.<\/p>\n\n\n\n<figure class=\"wp-block-image size-full is-resized\"><img loading=\"lazy\" decoding=\"async\" width=\"620\" height=\"375\" src=\"https:\/\/pulso27.com\/wp-content\/uploads\/2026\/04\/image-5.png\" alt=\"\" class=\"wp-image-7867\" style=\"width:740px;height:auto\" srcset=\"https:\/\/pulso27.com\/wp-content\/uploads\/2026\/04\/image-5.png 620w, https:\/\/pulso27.com\/wp-content\/uploads\/2026\/04\/image-5-300x181.png 300w, https:\/\/pulso27.com\/wp-content\/uploads\/2026\/04\/image-5-18x12.png 18w\" sizes=\"auto, (max-width: 620px) 100vw, 620px\" \/><figcaption class=\"wp-element-caption\"><em>La carne de res argentina vuelve a EEUU luego de m\u00e1s de 17 a\u00f1os que no se exportaba<\/em><\/figcaption><\/figure>\n\n\n\n<p>El tema es especialmente controvertido porque en Argentina la carne de burro no forma parte del consumo habitual ni del circuito formal de comercializaci\u00f3n interna, y su producci\u00f3n suele destinarse a exportaci\u00f3n. Especialistas advierten que, m\u00e1s que un fen\u00f3meno extendido, se trata de una pr\u00e1ctica marginal amplificada por el contexto econ\u00f3mico.<\/p>\n\n\n\n<p>Analistas coinciden en que la pol\u00e9mica refleja un problema m\u00e1s profundo: el deterioro del acceso a una dieta adecuada. La combinaci\u00f3n de inflaci\u00f3n, ca\u00edda del ingreso real y ajuste econ\u00f3mico bajo la administraci\u00f3n de Javier Milei est\u00e1 empujando a los hogares a sustituir alimentos tradicionales, instalando debates que, como el de la carne de burro, funcionan m\u00e1s como s\u00edmbolo del malestar social que como tendencia masiva.<\/p>","protected":false},"excerpt":{"rendered":"<p>La p\u00e9rdida de poder adquisitivo y la aceleraci\u00f3n inflacionaria durante el gobierno de Javier Milei est\u00e1n impactando de lleno en el acceso a alimentos. En los primeros meses de ajuste econ\u00f3mico, el salario real sufri\u00f3 una ca\u00edda significativa y la pobreza super\u00f3 niveles cercanos al 50%, seg\u00fan estimaciones de centros de estudio, lo que oblig\u00f3 [&hellip;]<\/p>\n","protected":false},"author":8,"featured_media":7868,"comment_status":"open","ping_status":"open","sticky":false,"template":"","format":"standard","meta":{"footnotes":""},"categories":[177,173,1852],"tags":[2752,397,2751,2750],"class_list":["post-7866","post","type-post","status-publish","format-standard","has-post-thumbnail","hentry","category-economia","category-internacional","category-tendencia","tag-alimentacion","tag-argentina","tag-carne-de-burro","tag-javier-milie"],"yoast_head":"<!-- This site is optimized with the Yoast SEO plugin v27.4 - https:\/\/yoast.com\/product\/yoast-seo-wordpress\/ -->\n<title>Argentina: ca\u00edda del ingreso real reabre pol\u00e9mica por consumo de carne de burro en medio de la crisis alimentaria - Pulso27<\/title>\n<meta name=\"robots\" content=\"index, follow, max-snippet:-1, max-image-preview:large, max-video-preview:-1\" \/>\n<link rel=\"canonical\" href=\"https:\/\/pulso27.com\/en\/actualidad\/economia\/argentina-caida-del-ingreso-real-reabre-polemica-por-consumo-de-carne-de-burro-en-medio-de-la-crisis-alimentaria\/\" \/>\n<meta property=\"og:locale\" content=\"en_US\" \/>\n<meta property=\"og:type\" content=\"article\" \/>\n<meta property=\"og:title\" content=\"Argentina: ca\u00edda del ingreso real reabre pol\u00e9mica por consumo de carne de burro en medio de la crisis alimentaria - Pulso27\" \/>\n<meta property=\"og:description\" content=\"La p\u00e9rdida de poder adquisitivo y la aceleraci\u00f3n inflacionaria durante el gobierno de Javier Milei est\u00e1n impactando de lleno en el acceso a alimentos. En los primeros meses de ajuste econ\u00f3mico, el salario real sufri\u00f3 una ca\u00edda significativa y la pobreza super\u00f3 niveles cercanos al 50%, seg\u00fan estimaciones de centros de estudio, lo que oblig\u00f3 [&hellip;]\" \/>\n<meta property=\"og:url\" content=\"https:\/\/pulso27.com\/en\/actualidad\/economia\/argentina-caida-del-ingreso-real-reabre-polemica-por-consumo-de-carne-de-burro-en-medio-de-la-crisis-alimentaria\/\" \/>\n<meta property=\"og:site_name\" content=\"Pulso27\" \/>\n<meta property=\"article:publisher\" content=\"https:\/\/www.facebook.com\/pulso27\/\" \/>\n<meta property=\"article:published_time\" content=\"2026-04-26T01:49:49+00:00\" \/>\n<meta property=\"article:modified_time\" content=\"2026-04-26T01:49:54+00:00\" \/>\n<meta property=\"og:image\" content=\"https:\/\/pulso27.com\/wp-content\/uploads\/2026\/04\/Mileicarne.png\" \/>\n\t<meta property=\"og:image:width\" content=\"1200\" \/>\n\t<meta property=\"og:image:height\" content=\"800\" \/>\n\t<meta property=\"og:image:type\" content=\"image\/png\" \/>\n<meta name=\"author\" content=\"Maga\" \/>\n<meta name=\"twitter:card\" content=\"summary_large_image\" \/>\n<meta name=\"twitter:creator\" content=\"@Pulso_27\" \/>\n<meta name=\"twitter:site\" content=\"@Pulso_27\" \/>\n<meta name=\"twitter:label1\" content=\"Written by\" \/>\n\t<meta name=\"twitter:data1\" content=\"Maga\" \/>\n\t<meta name=\"twitter:label2\" content=\"Est. reading time\" \/>\n\t<meta name=\"twitter:data2\" content=\"2 minutes\" \/>\n<script type=\"application\/ld+json\" class=\"yoast-schema-graph\">{\"@context\":\"https:\\\/\\\/schema.org\",\"@graph\":[{\"@type\":\"Article\",\"@id\":\"https:\\\/\\\/pulso27.com\\\/actualidad\\\/economia\\\/argentina-caida-del-ingreso-real-reabre-polemica-por-consumo-de-carne-de-burro-en-medio-de-la-crisis-alimentaria\\\/#article\",\"isPartOf\":{\"@id\":\"https:\\\/\\\/pulso27.com\\\/actualidad\\\/economia\\\/argentina-caida-del-ingreso-real-reabre-polemica-por-consumo-de-carne-de-burro-en-medio-de-la-crisis-alimentaria\\\/\"},\"author\":{\"name\":\"Maga\",\"@id\":\"https:\\\/\\\/pulso27.com\\\/en\\\/#\\\/schema\\\/person\\\/92f5059eb04cb644a32d22c9bc998684\"},\"headline\":\"Argentina: ca\u00edda del ingreso real reabre pol\u00e9mica por consumo de carne de burro en medio de la crisis alimentaria\",\"datePublished\":\"2026-04-26T01:49:49+00:00\",\"dateModified\":\"2026-04-26T01:49:54+00:00\",\"mainEntityOfPage\":{\"@id\":\"https:\\\/\\\/pulso27.com\\\/actualidad\\\/economia\\\/argentina-caida-del-ingreso-real-reabre-polemica-por-consumo-de-carne-de-burro-en-medio-de-la-crisis-alimentaria\\\/\"},\"wordCount\":366,\"commentCount\":0,\"publisher\":{\"@id\":\"https:\\\/\\\/pulso27.com\\\/en\\\/#organization\"},\"image\":{\"@id\":\"https:\\\/\\\/pulso27.com\\\/actualidad\\\/economia\\\/argentina-caida-del-ingreso-real-reabre-polemica-por-consumo-de-carne-de-burro-en-medio-de-la-crisis-alimentaria\\\/#primaryimage\"},\"thumbnailUrl\":\"https:\\\/\\\/pulso27.com\\\/wp-content\\\/uploads\\\/2026\\\/04\\\/Mileicarne.png\",\"keywords\":[\"Alimentaci\u00f3n\",\"Argentina\",\"Carne de Burro\",\"Javier Milie\"],\"articleSection\":[\"Econom\u00eda\",\"Internacional\",\"Tendencia\"],\"inLanguage\":\"en-US\",\"potentialAction\":[{\"@type\":\"CommentAction\",\"name\":\"Comment\",\"target\":[\"https:\\\/\\\/pulso27.com\\\/actualidad\\\/economia\\\/argentina-caida-del-ingreso-real-reabre-polemica-por-consumo-de-carne-de-burro-en-medio-de-la-crisis-alimentaria\\\/#respond\"]}]},{\"@type\":\"WebPage\",\"@id\":\"https:\\\/\\\/pulso27.com\\\/actualidad\\\/economia\\\/argentina-caida-del-ingreso-real-reabre-polemica-por-consumo-de-carne-de-burro-en-medio-de-la-crisis-alimentaria\\\/\",\"url\":\"https:\\\/\\\/pulso27.com\\\/actualidad\\\/economia\\\/argentina-caida-del-ingreso-real-reabre-polemica-por-consumo-de-carne-de-burro-en-medio-de-la-crisis-alimentaria\\\/\",\"name\":\"Argentina: ca\u00edda del ingreso real reabre pol\u00e9mica por consumo de carne de burro en medio de la crisis alimentaria - Pulso27\",\"isPartOf\":{\"@id\":\"https:\\\/\\\/pulso27.com\\\/en\\\/#website\"},\"primaryImageOfPage\":{\"@id\":\"https:\\\/\\\/pulso27.com\\\/actualidad\\\/economia\\\/argentina-caida-del-ingreso-real-reabre-polemica-por-consumo-de-carne-de-burro-en-medio-de-la-crisis-alimentaria\\\/#primaryimage\"},\"image\":{\"@id\":\"https:\\\/\\\/pulso27.com\\\/actualidad\\\/economia\\\/argentina-caida-del-ingreso-real-reabre-polemica-por-consumo-de-carne-de-burro-en-medio-de-la-crisis-alimentaria\\\/#primaryimage\"},\"thumbnailUrl\":\"https:\\\/\\\/pulso27.com\\\/wp-content\\\/uploads\\\/2026\\\/04\\\/Mileicarne.png\",\"datePublished\":\"2026-04-26T01:49:49+00:00\",\"dateModified\":\"2026-04-26T01:49:54+00:00\",\"breadcrumb\":{\"@id\":\"https:\\\/\\\/pulso27.com\\\/actualidad\\\/economia\\\/argentina-caida-del-ingreso-real-reabre-polemica-por-consumo-de-carne-de-burro-en-medio-de-la-crisis-alimentaria\\\/#breadcrumb\"},\"inLanguage\":\"en-US\",\"potentialAction\":[{\"@type\":\"ReadAction\",\"target\":[\"https:\\\/\\\/pulso27.com\\\/actualidad\\\/economia\\\/argentina-caida-del-ingreso-real-reabre-polemica-por-consumo-de-carne-de-burro-en-medio-de-la-crisis-alimentaria\\\/\"]}]},{\"@type\":\"ImageObject\",\"inLanguage\":\"en-US\",\"@id\":\"https:\\\/\\\/pulso27.com\\\/actualidad\\\/economia\\\/argentina-caida-del-ingreso-real-reabre-polemica-por-consumo-de-carne-de-burro-en-medio-de-la-crisis-alimentaria\\\/#primaryimage\",\"url\":\"https:\\\/\\\/pulso27.com\\\/wp-content\\\/uploads\\\/2026\\\/04\\\/Mileicarne.png\",\"contentUrl\":\"https:\\\/\\\/pulso27.com\\\/wp-content\\\/uploads\\\/2026\\\/04\\\/Mileicarne.png\",\"width\":1200,\"height\":800},{\"@type\":\"BreadcrumbList\",\"@id\":\"https:\\\/\\\/pulso27.com\\\/actualidad\\\/economia\\\/argentina-caida-del-ingreso-real-reabre-polemica-por-consumo-de-carne-de-burro-en-medio-de-la-crisis-alimentaria\\\/#breadcrumb\",\"itemListElement\":[{\"@type\":\"ListItem\",\"position\":1,\"name\":\"Portada\",\"item\":\"https:\\\/\\\/pulso27.com\\\/\"},{\"@type\":\"ListItem\",\"position\":2,\"name\":\"Argentina: ca\u00edda del ingreso real reabre pol\u00e9mica por consumo de carne de burro en medio de la crisis alimentaria\"}]},{\"@type\":\"WebSite\",\"@id\":\"https:\\\/\\\/pulso27.com\\\/en\\\/#website\",\"url\":\"https:\\\/\\\/pulso27.com\\\/en\\\/\",\"name\":\"Pulso27\",\"description\":\"Web de noticias y publicidad\",\"publisher\":{\"@id\":\"https:\\\/\\\/pulso27.com\\\/en\\\/#organization\"},\"alternateName\":\"El pulso del pueblo\",\"potentialAction\":[{\"@type\":\"SearchAction\",\"target\":{\"@type\":\"EntryPoint\",\"urlTemplate\":\"https:\\\/\\\/pulso27.com\\\/en\\\/?s={search_term_string}\"},\"query-input\":{\"@type\":\"PropertyValueSpecification\",\"valueRequired\":true,\"valueName\":\"search_term_string\"}}],\"inLanguage\":\"en-US\"},{\"@type\":\"Organization\",\"@id\":\"https:\\\/\\\/pulso27.com\\\/en\\\/#organization\",\"name\":\"Pulso27\",\"url\":\"https:\\\/\\\/pulso27.com\\\/en\\\/\",\"logo\":{\"@type\":\"ImageObject\",\"inLanguage\":\"en-US\",\"@id\":\"https:\\\/\\\/pulso27.com\\\/en\\\/#\\\/schema\\\/logo\\\/image\\\/\",\"url\":\"https:\\\/\\\/pulso27.com\\\/wp-content\\\/uploads\\\/2026\\\/02\\\/Logotipo-de-la-organizacion-696-x-696-px-ok.png\",\"contentUrl\":\"https:\\\/\\\/pulso27.com\\\/wp-content\\\/uploads\\\/2026\\\/02\\\/Logotipo-de-la-organizacion-696-x-696-px-ok.png\",\"width\":696,\"height\":696,\"caption\":\"Pulso27\"},\"image\":{\"@id\":\"https:\\\/\\\/pulso27.com\\\/en\\\/#\\\/schema\\\/logo\\\/image\\\/\"},\"sameAs\":[\"https:\\\/\\\/www.facebook.com\\\/pulso27\\\/\",\"https:\\\/\\\/x.com\\\/Pulso_27\",\"https:\\\/\\\/www.youtube.com\\\/@Pulso27\",\"https:\\\/\\\/www.tiktok.com\\\/@pulso_27\"]},{\"@type\":\"Person\",\"@id\":\"https:\\\/\\\/pulso27.com\\\/en\\\/#\\\/schema\\\/person\\\/92f5059eb04cb644a32d22c9bc998684\",\"name\":\"Maga\",\"image\":{\"@type\":\"ImageObject\",\"inLanguage\":\"en-US\",\"@id\":\"https:\\\/\\\/secure.gravatar.com\\\/avatar\\\/c4d5224d4227e7c057cd5793ba910425cc902f3aef97cda3eccc7acba8be2edc?s=96&d=mm&r=g\",\"url\":\"https:\\\/\\\/secure.gravatar.com\\\/avatar\\\/c4d5224d4227e7c057cd5793ba910425cc902f3aef97cda3eccc7acba8be2edc?s=96&d=mm&r=g\",\"contentUrl\":\"https:\\\/\\\/secure.gravatar.com\\\/avatar\\\/c4d5224d4227e7c057cd5793ba910425cc902f3aef97cda3eccc7acba8be2edc?s=96&d=mm&r=g\",\"caption\":\"Maga\"},\"sameAs\":[\"http:\\\/\\\/www.pulso27.com\"],\"url\":\"https:\\\/\\\/pulso27.com\\\/en\\\/author\\\/maga\\\/\"}]}<\/script>\n<!-- \/ Yoast SEO plugin. -->","yoast_head_json":{"title":"Argentina: ca\u00edda del ingreso real reabre pol\u00e9mica por consumo de carne de burro en medio de la crisis alimentaria - Pulso27","robots":{"index":"index","follow":"follow","max-snippet":"max-snippet:-1","max-image-preview":"max-image-preview:large","max-video-preview":"max-video-preview:-1"},"canonical":"https:\/\/pulso27.com\/en\/actualidad\/economia\/argentina-caida-del-ingreso-real-reabre-polemica-por-consumo-de-carne-de-burro-en-medio-de-la-crisis-alimentaria\/","og_locale":"en_US","og_type":"article","og_title":"Argentina: ca\u00edda del ingreso real reabre pol\u00e9mica por consumo de carne de burro en medio de la crisis alimentaria - Pulso27","og_description":"La p\u00e9rdida de poder adquisitivo y la aceleraci\u00f3n inflacionaria durante el gobierno de Javier Milei est\u00e1n impactando de lleno en el acceso a alimentos. En los primeros meses de ajuste econ\u00f3mico, el salario real sufri\u00f3 una ca\u00edda significativa y la pobreza super\u00f3 niveles cercanos al 50%, seg\u00fan estimaciones de centros de estudio, lo que oblig\u00f3 [&hellip;]","og_url":"https:\/\/pulso27.com\/en\/actualidad\/economia\/argentina-caida-del-ingreso-real-reabre-polemica-por-consumo-de-carne-de-burro-en-medio-de-la-crisis-alimentaria\/","og_site_name":"Pulso27","article_publisher":"https:\/\/www.facebook.com\/pulso27\/","article_published_time":"2026-04-26T01:49:49+00:00","article_modified_time":"2026-04-26T01:49:54+00:00","og_image":[{"width":1200,"height":800,"url":"https:\/\/pulso27.com\/wp-content\/uploads\/2026\/04\/Mileicarne.png","type":"image\/png"}],"author":"Maga","twitter_card":"summary_large_image","twitter_creator":"@Pulso_27","twitter_site":"@Pulso_27","twitter_misc":{"Written by":"Maga","Est. reading time":"2 minutes"},"schema":{"@context":"https:\/\/schema.org","@graph":[{"@type":"Article","@id":"https:\/\/pulso27.com\/actualidad\/economia\/argentina-caida-del-ingreso-real-reabre-polemica-por-consumo-de-carne-de-burro-en-medio-de-la-crisis-alimentaria\/#article","isPartOf":{"@id":"https:\/\/pulso27.com\/actualidad\/economia\/argentina-caida-del-ingreso-real-reabre-polemica-por-consumo-de-carne-de-burro-en-medio-de-la-crisis-alimentaria\/"},"author":{"name":"Maga","@id":"https:\/\/pulso27.com\/en\/#\/schema\/person\/92f5059eb04cb644a32d22c9bc998684"},"headline":"Argentina: ca\u00edda del ingreso real reabre pol\u00e9mica por consumo de carne de burro en medio de la crisis alimentaria","datePublished":"2026-04-26T01:49:49+00:00","dateModified":"2026-04-26T01:49:54+00:00","mainEntityOfPage":{"@id":"https:\/\/pulso27.com\/actualidad\/economia\/argentina-caida-del-ingreso-real-reabre-polemica-por-consumo-de-carne-de-burro-en-medio-de-la-crisis-alimentaria\/"},"wordCount":366,"commentCount":0,"publisher":{"@id":"https:\/\/pulso27.com\/en\/#organization"},"image":{"@id":"https:\/\/pulso27.com\/actualidad\/economia\/argentina-caida-del-ingreso-real-reabre-polemica-por-consumo-de-carne-de-burro-en-medio-de-la-crisis-alimentaria\/#primaryimage"},"thumbnailUrl":"https:\/\/pulso27.com\/wp-content\/uploads\/2026\/04\/Mileicarne.png","keywords":["Alimentaci\u00f3n","Argentina","Carne de Burro","Javier Milie"],"articleSection":["Econom\u00eda","Internacional","Tendencia"],"inLanguage":"en-US","potentialAction":[{"@type":"CommentAction","name":"Comment","target":["https:\/\/pulso27.com\/actualidad\/economia\/argentina-caida-del-ingreso-real-reabre-polemica-por-consumo-de-carne-de-burro-en-medio-de-la-crisis-alimentaria\/#respond"]}]},{"@type":"WebPage","@id":"https:\/\/pulso27.com\/actualidad\/economia\/argentina-caida-del-ingreso-real-reabre-polemica-por-consumo-de-carne-de-burro-en-medio-de-la-crisis-alimentaria\/","url":"https:\/\/pulso27.com\/actualidad\/economia\/argentina-caida-del-ingreso-real-reabre-polemica-por-consumo-de-carne-de-burro-en-medio-de-la-crisis-alimentaria\/","name":"Argentina: ca\u00edda del ingreso real reabre pol\u00e9mica por consumo de carne de burro en medio de la crisis alimentaria - Pulso27","isPartOf":{"@id":"https:\/\/pulso27.com\/en\/#website"},"primaryImageOfPage":{"@id":"https:\/\/pulso27.com\/actualidad\/economia\/argentina-caida-del-ingreso-real-reabre-polemica-por-consumo-de-carne-de-burro-en-medio-de-la-crisis-alimentaria\/#primaryimage"},"image":{"@id":"https:\/\/pulso27.com\/actualidad\/economia\/argentina-caida-del-ingreso-real-reabre-polemica-por-consumo-de-carne-de-burro-en-medio-de-la-crisis-alimentaria\/#primaryimage"},"thumbnailUrl":"https:\/\/pulso27.com\/wp-content\/uploads\/2026\/04\/Mileicarne.png","datePublished":"2026-04-26T01:49:49+00:00","dateModified":"2026-04-26T01:49:54+00:00","breadcrumb":{"@id":"https:\/\/pulso27.com\/actualidad\/economia\/argentina-caida-del-ingreso-real-reabre-polemica-por-consumo-de-carne-de-burro-en-medio-de-la-crisis-alimentaria\/#breadcrumb"},"inLanguage":"en-US","potentialAction":[{"@type":"ReadAction","target":["https:\/\/pulso27.com\/actualidad\/economia\/argentina-caida-del-ingreso-real-reabre-polemica-por-consumo-de-carne-de-burro-en-medio-de-la-crisis-alimentaria\/"]}]},{"@type":"ImageObject","inLanguage":"en-US","@id":"https:\/\/pulso27.com\/actualidad\/economia\/argentina-caida-del-ingreso-real-reabre-polemica-por-consumo-de-carne-de-burro-en-medio-de-la-crisis-alimentaria\/#primaryimage","url":"https:\/\/pulso27.com\/wp-content\/uploads\/2026\/04\/Mileicarne.png","contentUrl":"https:\/\/pulso27.com\/wp-content\/uploads\/2026\/04\/Mileicarne.png","width":1200,"height":800},{"@type":"BreadcrumbList","@id":"https:\/\/pulso27.com\/actualidad\/economia\/argentina-caida-del-ingreso-real-reabre-polemica-por-consumo-de-carne-de-burro-en-medio-de-la-crisis-alimentaria\/#breadcrumb","itemListElement":[{"@type":"ListItem","position":1,"name":"Portada","item":"https:\/\/pulso27.com\/"},{"@type":"ListItem","position":2,"name":"Argentina: ca\u00edda del ingreso real reabre pol\u00e9mica por consumo de carne de burro en medio de la crisis alimentaria"}]},{"@type":"WebSite","@id":"https:\/\/pulso27.com\/en\/#website","url":"https:\/\/pulso27.com\/en\/","name":"Pulso27","description":"Web de noticias y publicidad","publisher":{"@id":"https:\/\/pulso27.com\/en\/#organization"},"alternateName":"El pulso del pueblo","potentialAction":[{"@type":"SearchAction","target":{"@type":"EntryPoint","urlTemplate":"https:\/\/pulso27.com\/en\/?s={search_term_string}"},"query-input":{"@type":"PropertyValueSpecification","valueRequired":true,"valueName":"search_term_string"}}],"inLanguage":"en-US"},{"@type":"Organization","@id":"https:\/\/pulso27.com\/en\/#organization","name":"Pulso27","url":"https:\/\/pulso27.com\/en\/","logo":{"@type":"ImageObject","inLanguage":"en-US","@id":"https:\/\/pulso27.com\/en\/#\/schema\/logo\/image\/","url":"https:\/\/pulso27.com\/wp-content\/uploads\/2026\/02\/Logotipo-de-la-organizacion-696-x-696-px-ok.png","contentUrl":"https:\/\/pulso27.com\/wp-content\/uploads\/2026\/02\/Logotipo-de-la-organizacion-696-x-696-px-ok.png","width":696,"height":696,"caption":"Pulso27"},"image":{"@id":"https:\/\/pulso27.com\/en\/#\/schema\/logo\/image\/"},"sameAs":["https:\/\/www.facebook.com\/pulso27\/","https:\/\/x.com\/Pulso_27","https:\/\/www.youtube.com\/@Pulso27","https:\/\/www.tiktok.com\/@pulso_27"]},{"@type":"Person","@id":"https:\/\/pulso27.com\/en\/#\/schema\/person\/92f5059eb04cb644a32d22c9bc998684","name":"Maga","image":{"@type":"ImageObject","inLanguage":"en-US","@id":"https:\/\/secure.gravatar.com\/avatar\/c4d5224d4227e7c057cd5793ba910425cc902f3aef97cda3eccc7acba8be2edc?s=96&d=mm&r=g","url":"https:\/\/secure.gravatar.com\/avatar\/c4d5224d4227e7c057cd5793ba910425cc902f3aef97cda3eccc7acba8be2edc?s=96&d=mm&r=g","contentUrl":"https:\/\/secure.gravatar.com\/avatar\/c4d5224d4227e7c057cd5793ba910425cc902f3aef97cda3eccc7acba8be2edc?s=96&d=mm&r=g","caption":"Maga"},"sameAs":["http:\/\/www.pulso27.com"],"url":"https:\/\/pulso27.com\/en\/author\/maga\/"}]}},"amp_enabled":true,"_links":{"self":[{"href":"https:\/\/pulso27.com\/en\/wp-json\/wp\/v2\/posts\/7866","targetHints":{"allow":["GET"]}}],"collection":[{"href":"https:\/\/pulso27.com\/en\/wp-json\/wp\/v2\/posts"}],"about":[{"href":"https:\/\/pulso27.com\/en\/wp-json\/wp\/v2\/types\/post"}],"author":[{"embeddable":true,"href":"https:\/\/pulso27.com\/en\/wp-json\/wp\/v2\/users\/8"}],"replies":[{"embeddable":true,"href":"https:\/\/pulso27.com\/en\/wp-json\/wp\/v2\/comments?post=7866"}],"version-history":[{"count":1,"href":"https:\/\/pulso27.com\/en\/wp-json\/wp\/v2\/posts\/7866\/revisions"}],"predecessor-version":[{"id":7872,"href":"https:\/\/pulso27.com\/en\/wp-json\/wp\/v2\/posts\/7866\/revisions\/7872"}],"wp:featuredmedia":[{"embeddable":true,"href":"https:\/\/pulso27.com\/en\/wp-json\/wp\/v2\/media\/7868"}],"wp:attachment":[{"href":"https:\/\/pulso27.com\/en\/wp-json\/wp\/v2\/media?parent=7866"}],"wp:term":[{"taxonomy":"category","embeddable":true,"href":"https:\/\/pulso27.com\/en\/wp-json\/wp\/v2\/categories?post=7866"},{"taxonomy":"post_tag","embeddable":true,"href":"https:\/\/pulso27.com\/en\/wp-json\/wp\/v2\/tags?post=7866"}],"curies":[{"name":"wp","href":"https:\/\/api.w.org\/{rel}","templated":true}]}}