{"id":804,"date":"2023-12-09T16:28:39","date_gmt":"2023-12-09T16:28:39","guid":{"rendered":"https:\/\/pulso27.com\/?p=804"},"modified":"2023-12-09T16:31:07","modified_gmt":"2023-12-09T16:31:07","slug":"juan-carlos-villena-listo-para-ser-el-nuevo-fiscal-de-la-nacion","status":"publish","type":"post","link":"https:\/\/pulso27.com\/en\/actualidad\/politica\/juan-carlos-villena-listo-para-ser-el-nuevo-fiscal-de-la-nacion\/","title":{"rendered":"Juan Carlos Villena listo para ser el nuevo fiscal de la naci\u00f3n"},"content":{"rendered":"<p>El fiscal supremo titular Juan Carlos Villena Campana, quien el lunes 11 de diciembre se convertir\u00eda en el nuevo fiscal de la Naci\u00f3n interino, es considerado un buen gestor, de ideas innovadoras y honesto. Atributos que necesitar\u00e1 para sacar al Ministerio P\u00fablico de la actual crisis.<\/p>\n\n\n\n<p>El actual fiscal de la Naci\u00f3n interino, Pablo S\u00e1nchez Velarde, ha convocado una Junta de Fiscales Supremos para este lunes, 11 de diciembre, en que declinar\u00e1 este cargo.<\/p>\n\n\n\n<p>De concretarse la declinaci\u00f3n, Villena permanecer\u00e1 en el cargo mientras dure la suspensi\u00f3n de Patricia Benavides o, en caso ella sea destituida, hasta que la Junta de Fiscales Supremos elija un nuevo fiscal de la Naci\u00f3n titular.<\/p>\n\n\n\n<p><strong>El precedente Echa\u00edz<\/strong><br>La primera decisi\u00f3n que deber\u00e1 tomar el nuevo fiscal de la Naci\u00f3n es recomponer la Junta de Fiscales Supremos. Una forma c\u00e9lere para lograr esto ser\u00eda el retorno inmediato de la fiscal suprema titular Delina Espinoza. Ella se encuentra destacada en el Jurado Nacional de Elecciones (JNE) y ha venido pidiendo su reincorporaci\u00f3n.<\/p>\n\n\n\n<p>Patricia Benavides bloque\u00f3 los reclamos de Espinoza diciendo que no hab\u00eda plazas vacantes disponibles. Ahora, parad\u00f3jicamente, la suspensi\u00f3n deja una plaza vacante. Aunque no es el \u00fanico asiento disponible.<\/p>\n\n\n\n<p>Fuente: La Republica<\/p>","protected":false},"excerpt":{"rendered":"<p>El fiscal supremo titular Juan Carlos Villena Campana, quien el lunes 11 de diciembre se convertir\u00eda en el nuevo fiscal de la Naci\u00f3n interino, es considerado un buen gestor, de ideas innovadoras y honesto. Atributos que necesitar\u00e1 para sacar al Ministerio P\u00fablico de la actual crisis. El actual fiscal de la Naci\u00f3n interino, Pablo S\u00e1nchez [&hellip;]<\/p>\n","protected":false},"author":10,"featured_media":805,"comment_status":"open","ping_status":"open","sticky":false,"template":"","format":"standard","meta":{"footnotes":""},"categories":[183,180],"tags":[],"class_list":["post-804","post","type-post","status-publish","format-standard","has-post-thumbnail","hentry","category-actualidad","category-politica"],"yoast_head":"<!-- This site is optimized with the Yoast SEO plugin v27.4 - https:\/\/yoast.com\/product\/yoast-seo-wordpress\/ -->\n<title>Juan Carlos Villena listo para ser el nuevo fiscal de la naci\u00f3n - Pulso27<\/title>\n<meta name=\"robots\" content=\"index, follow, max-snippet:-1, max-image-preview:large, max-video-preview:-1\" \/>\n<link rel=\"canonical\" href=\"https:\/\/pulso27.com\/en\/politica\/juan-carlos-villena-listo-para-ser-el-nuevo-fiscal-de-la-nacion\/\" \/>\n<meta property=\"og:locale\" content=\"en_US\" \/>\n<meta property=\"og:type\" content=\"article\" \/>\n<meta property=\"og:title\" content=\"Juan Carlos Villena listo para ser el nuevo fiscal de la naci\u00f3n - Pulso27\" \/>\n<meta property=\"og:description\" content=\"El fiscal supremo titular Juan Carlos Villena Campana, quien el lunes 11 de diciembre se convertir\u00eda en el nuevo fiscal de la Naci\u00f3n interino, es considerado un buen gestor, de ideas innovadoras y honesto. Atributos que necesitar\u00e1 para sacar al Ministerio P\u00fablico de la actual crisis. El actual fiscal de la Naci\u00f3n interino, Pablo S\u00e1nchez [&hellip;]\" \/>\n<meta property=\"og:url\" content=\"https:\/\/pulso27.com\/en\/politica\/juan-carlos-villena-listo-para-ser-el-nuevo-fiscal-de-la-nacion\/\" \/>\n<meta property=\"og:site_name\" content=\"Pulso27\" \/>\n<meta property=\"article:publisher\" content=\"https:\/\/www.facebook.com\/pulso27\/\" \/>\n<meta property=\"article:published_time\" content=\"2023-12-09T16:28:39+00:00\" \/>\n<meta property=\"article:modified_time\" content=\"2023-12-09T16:31:07+00:00\" \/>\n<meta property=\"og:image\" content=\"https:\/\/pulso27.com\/wp-content\/uploads\/2023\/12\/fiscal.png\" \/>\n\t<meta property=\"og:image:width\" content=\"474\" \/>\n\t<meta property=\"og:image:height\" content=\"277\" \/>\n\t<meta property=\"og:image:type\" content=\"image\/png\" \/>\n<meta name=\"author\" content=\"El Muki\" \/>\n<meta name=\"twitter:card\" content=\"summary_large_image\" \/>\n<meta name=\"twitter:creator\" content=\"@Pulso_27\" \/>\n<meta name=\"twitter:site\" content=\"@Pulso_27\" \/>\n<meta name=\"twitter:label1\" content=\"Written by\" \/>\n\t<meta name=\"twitter:data1\" content=\"El Muki\" \/>\n\t<meta name=\"twitter:label2\" content=\"Est. reading time\" \/>\n\t<meta name=\"twitter:data2\" content=\"1 minute\" \/>\n<script type=\"application\/ld+json\" class=\"yoast-schema-graph\">{\"@context\":\"https:\\\/\\\/schema.org\",\"@graph\":[{\"@type\":\"Article\",\"@id\":\"https:\\\/\\\/pulso27.com\\\/politica\\\/juan-carlos-villena-listo-para-ser-el-nuevo-fiscal-de-la-nacion\\\/#article\",\"isPartOf\":{\"@id\":\"https:\\\/\\\/pulso27.com\\\/politica\\\/juan-carlos-villena-listo-para-ser-el-nuevo-fiscal-de-la-nacion\\\/\"},\"author\":{\"name\":\"El Muki\",\"@id\":\"https:\\\/\\\/pulso27.com\\\/en\\\/#\\\/schema\\\/person\\\/a0930a7f318e7d9d83bd7cffed9f34f6\"},\"headline\":\"Juan Carlos Villena listo para ser el nuevo fiscal de la naci\u00f3n\",\"datePublished\":\"2023-12-09T16:28:39+00:00\",\"dateModified\":\"2023-12-09T16:31:07+00:00\",\"mainEntityOfPage\":{\"@id\":\"https:\\\/\\\/pulso27.com\\\/politica\\\/juan-carlos-villena-listo-para-ser-el-nuevo-fiscal-de-la-nacion\\\/\"},\"wordCount\":227,\"commentCount\":0,\"publisher\":{\"@id\":\"https:\\\/\\\/pulso27.com\\\/en\\\/#organization\"},\"image\":{\"@id\":\"https:\\\/\\\/pulso27.com\\\/politica\\\/juan-carlos-villena-listo-para-ser-el-nuevo-fiscal-de-la-nacion\\\/#primaryimage\"},\"thumbnailUrl\":\"https:\\\/\\\/pulso27.com\\\/wp-content\\\/uploads\\\/2023\\\/12\\\/fiscal.png\",\"articleSection\":[\"Actualidad\",\"Pol\u00edtica\"],\"inLanguage\":\"en-US\",\"potentialAction\":[{\"@type\":\"CommentAction\",\"name\":\"Comment\",\"target\":[\"https:\\\/\\\/pulso27.com\\\/politica\\\/juan-carlos-villena-listo-para-ser-el-nuevo-fiscal-de-la-nacion\\\/#respond\"]}]},{\"@type\":\"WebPage\",\"@id\":\"https:\\\/\\\/pulso27.com\\\/politica\\\/juan-carlos-villena-listo-para-ser-el-nuevo-fiscal-de-la-nacion\\\/\",\"url\":\"https:\\\/\\\/pulso27.com\\\/politica\\\/juan-carlos-villena-listo-para-ser-el-nuevo-fiscal-de-la-nacion\\\/\",\"name\":\"Juan Carlos Villena listo para ser el nuevo fiscal de la naci\u00f3n - Pulso27\",\"isPartOf\":{\"@id\":\"https:\\\/\\\/pulso27.com\\\/en\\\/#website\"},\"primaryImageOfPage\":{\"@id\":\"https:\\\/\\\/pulso27.com\\\/politica\\\/juan-carlos-villena-listo-para-ser-el-nuevo-fiscal-de-la-nacion\\\/#primaryimage\"},\"image\":{\"@id\":\"https:\\\/\\\/pulso27.com\\\/politica\\\/juan-carlos-villena-listo-para-ser-el-nuevo-fiscal-de-la-nacion\\\/#primaryimage\"},\"thumbnailUrl\":\"https:\\\/\\\/pulso27.com\\\/wp-content\\\/uploads\\\/2023\\\/12\\\/fiscal.png\",\"datePublished\":\"2023-12-09T16:28:39+00:00\",\"dateModified\":\"2023-12-09T16:31:07+00:00\",\"breadcrumb\":{\"@id\":\"https:\\\/\\\/pulso27.com\\\/politica\\\/juan-carlos-villena-listo-para-ser-el-nuevo-fiscal-de-la-nacion\\\/#breadcrumb\"},\"inLanguage\":\"en-US\",\"potentialAction\":[{\"@type\":\"ReadAction\",\"target\":[\"https:\\\/\\\/pulso27.com\\\/politica\\\/juan-carlos-villena-listo-para-ser-el-nuevo-fiscal-de-la-nacion\\\/\"]}]},{\"@type\":\"ImageObject\",\"inLanguage\":\"en-US\",\"@id\":\"https:\\\/\\\/pulso27.com\\\/politica\\\/juan-carlos-villena-listo-para-ser-el-nuevo-fiscal-de-la-nacion\\\/#primaryimage\",\"url\":\"https:\\\/\\\/pulso27.com\\\/wp-content\\\/uploads\\\/2023\\\/12\\\/fiscal.png\",\"contentUrl\":\"https:\\\/\\\/pulso27.com\\\/wp-content\\\/uploads\\\/2023\\\/12\\\/fiscal.png\",\"width\":474,\"height\":277},{\"@type\":\"BreadcrumbList\",\"@id\":\"https:\\\/\\\/pulso27.com\\\/politica\\\/juan-carlos-villena-listo-para-ser-el-nuevo-fiscal-de-la-nacion\\\/#breadcrumb\",\"itemListElement\":[{\"@type\":\"ListItem\",\"position\":1,\"name\":\"Portada\",\"item\":\"https:\\\/\\\/pulso27.com\\\/\"},{\"@type\":\"ListItem\",\"position\":2,\"name\":\"Juan Carlos Villena listo para ser el nuevo fiscal de la naci\u00f3n\"}]},{\"@type\":\"WebSite\",\"@id\":\"https:\\\/\\\/pulso27.com\\\/en\\\/#website\",\"url\":\"https:\\\/\\\/pulso27.com\\\/en\\\/\",\"name\":\"Pulso27\",\"description\":\"Web de noticias y publicidad\",\"publisher\":{\"@id\":\"https:\\\/\\\/pulso27.com\\\/en\\\/#organization\"},\"alternateName\":\"El pulso del pueblo\",\"potentialAction\":[{\"@type\":\"SearchAction\",\"target\":{\"@type\":\"EntryPoint\",\"urlTemplate\":\"https:\\\/\\\/pulso27.com\\\/en\\\/?s={search_term_string}\"},\"query-input\":{\"@type\":\"PropertyValueSpecification\",\"valueRequired\":true,\"valueName\":\"search_term_string\"}}],\"inLanguage\":\"en-US\"},{\"@type\":\"Organization\",\"@id\":\"https:\\\/\\\/pulso27.com\\\/en\\\/#organization\",\"name\":\"Pulso27\",\"url\":\"https:\\\/\\\/pulso27.com\\\/en\\\/\",\"logo\":{\"@type\":\"ImageObject\",\"inLanguage\":\"en-US\",\"@id\":\"https:\\\/\\\/pulso27.com\\\/en\\\/#\\\/schema\\\/logo\\\/image\\\/\",\"url\":\"https:\\\/\\\/pulso27.com\\\/wp-content\\\/uploads\\\/2026\\\/02\\\/Logotipo-de-la-organizacion-696-x-696-px-ok.png\",\"contentUrl\":\"https:\\\/\\\/pulso27.com\\\/wp-content\\\/uploads\\\/2026\\\/02\\\/Logotipo-de-la-organizacion-696-x-696-px-ok.png\",\"width\":696,\"height\":696,\"caption\":\"Pulso27\"},\"image\":{\"@id\":\"https:\\\/\\\/pulso27.com\\\/en\\\/#\\\/schema\\\/logo\\\/image\\\/\"},\"sameAs\":[\"https:\\\/\\\/www.facebook.com\\\/pulso27\\\/\",\"https:\\\/\\\/x.com\\\/Pulso_27\",\"https:\\\/\\\/www.youtube.com\\\/@Pulso27\",\"https:\\\/\\\/www.tiktok.com\\\/@pulso_27\"]},{\"@type\":\"Person\",\"@id\":\"https:\\\/\\\/pulso27.com\\\/en\\\/#\\\/schema\\\/person\\\/a0930a7f318e7d9d83bd7cffed9f34f6\",\"name\":\"El Muki\",\"image\":{\"@type\":\"ImageObject\",\"inLanguage\":\"en-US\",\"@id\":\"https:\\\/\\\/secure.gravatar.com\\\/avatar\\\/dc91c2607c5eebda74cbb40d13031f489096c96ead89c4c30c17db262267b2b3?s=96&d=mm&r=g\",\"url\":\"https:\\\/\\\/secure.gravatar.com\\\/avatar\\\/dc91c2607c5eebda74cbb40d13031f489096c96ead89c4c30c17db262267b2b3?s=96&d=mm&r=g\",\"contentUrl\":\"https:\\\/\\\/secure.gravatar.com\\\/avatar\\\/dc91c2607c5eebda74cbb40d13031f489096c96ead89c4c30c17db262267b2b3?s=96&d=mm&r=g\",\"caption\":\"El Muki\"},\"sameAs\":[\"http:\\\/\\\/www.pulso27.com\"],\"url\":\"https:\\\/\\\/pulso27.com\\\/en\\\/author\\\/elcuervo\\\/\"}]}<\/script>\n<!-- \/ Yoast SEO plugin. -->","yoast_head_json":{"title":"Juan Carlos Villena listo para ser el nuevo fiscal de la naci\u00f3n - Pulso27","robots":{"index":"index","follow":"follow","max-snippet":"max-snippet:-1","max-image-preview":"max-image-preview:large","max-video-preview":"max-video-preview:-1"},"canonical":"https:\/\/pulso27.com\/en\/politica\/juan-carlos-villena-listo-para-ser-el-nuevo-fiscal-de-la-nacion\/","og_locale":"en_US","og_type":"article","og_title":"Juan Carlos Villena listo para ser el nuevo fiscal de la naci\u00f3n - Pulso27","og_description":"El fiscal supremo titular Juan Carlos Villena Campana, quien el lunes 11 de diciembre se convertir\u00eda en el nuevo fiscal de la Naci\u00f3n interino, es considerado un buen gestor, de ideas innovadoras y honesto. Atributos que necesitar\u00e1 para sacar al Ministerio P\u00fablico de la actual crisis. El actual fiscal de la Naci\u00f3n interino, Pablo S\u00e1nchez [&hellip;]","og_url":"https:\/\/pulso27.com\/en\/politica\/juan-carlos-villena-listo-para-ser-el-nuevo-fiscal-de-la-nacion\/","og_site_name":"Pulso27","article_publisher":"https:\/\/www.facebook.com\/pulso27\/","article_published_time":"2023-12-09T16:28:39+00:00","article_modified_time":"2023-12-09T16:31:07+00:00","og_image":[{"width":474,"height":277,"url":"https:\/\/pulso27.com\/wp-content\/uploads\/2023\/12\/fiscal.png","type":"image\/png"}],"author":"El Muki","twitter_card":"summary_large_image","twitter_creator":"@Pulso_27","twitter_site":"@Pulso_27","twitter_misc":{"Written by":"El Muki","Est. reading time":"1 minute"},"schema":{"@context":"https:\/\/schema.org","@graph":[{"@type":"Article","@id":"https:\/\/pulso27.com\/politica\/juan-carlos-villena-listo-para-ser-el-nuevo-fiscal-de-la-nacion\/#article","isPartOf":{"@id":"https:\/\/pulso27.com\/politica\/juan-carlos-villena-listo-para-ser-el-nuevo-fiscal-de-la-nacion\/"},"author":{"name":"El Muki","@id":"https:\/\/pulso27.com\/en\/#\/schema\/person\/a0930a7f318e7d9d83bd7cffed9f34f6"},"headline":"Juan Carlos Villena listo para ser el nuevo fiscal de la naci\u00f3n","datePublished":"2023-12-09T16:28:39+00:00","dateModified":"2023-12-09T16:31:07+00:00","mainEntityOfPage":{"@id":"https:\/\/pulso27.com\/politica\/juan-carlos-villena-listo-para-ser-el-nuevo-fiscal-de-la-nacion\/"},"wordCount":227,"commentCount":0,"publisher":{"@id":"https:\/\/pulso27.com\/en\/#organization"},"image":{"@id":"https:\/\/pulso27.com\/politica\/juan-carlos-villena-listo-para-ser-el-nuevo-fiscal-de-la-nacion\/#primaryimage"},"thumbnailUrl":"https:\/\/pulso27.com\/wp-content\/uploads\/2023\/12\/fiscal.png","articleSection":["Actualidad","Pol\u00edtica"],"inLanguage":"en-US","potentialAction":[{"@type":"CommentAction","name":"Comment","target":["https:\/\/pulso27.com\/politica\/juan-carlos-villena-listo-para-ser-el-nuevo-fiscal-de-la-nacion\/#respond"]}]},{"@type":"WebPage","@id":"https:\/\/pulso27.com\/politica\/juan-carlos-villena-listo-para-ser-el-nuevo-fiscal-de-la-nacion\/","url":"https:\/\/pulso27.com\/politica\/juan-carlos-villena-listo-para-ser-el-nuevo-fiscal-de-la-nacion\/","name":"Juan Carlos Villena listo para ser el nuevo fiscal de la naci\u00f3n - Pulso27","isPartOf":{"@id":"https:\/\/pulso27.com\/en\/#website"},"primaryImageOfPage":{"@id":"https:\/\/pulso27.com\/politica\/juan-carlos-villena-listo-para-ser-el-nuevo-fiscal-de-la-nacion\/#primaryimage"},"image":{"@id":"https:\/\/pulso27.com\/politica\/juan-carlos-villena-listo-para-ser-el-nuevo-fiscal-de-la-nacion\/#primaryimage"},"thumbnailUrl":"https:\/\/pulso27.com\/wp-content\/uploads\/2023\/12\/fiscal.png","datePublished":"2023-12-09T16:28:39+00:00","dateModified":"2023-12-09T16:31:07+00:00","breadcrumb":{"@id":"https:\/\/pulso27.com\/politica\/juan-carlos-villena-listo-para-ser-el-nuevo-fiscal-de-la-nacion\/#breadcrumb"},"inLanguage":"en-US","potentialAction":[{"@type":"ReadAction","target":["https:\/\/pulso27.com\/politica\/juan-carlos-villena-listo-para-ser-el-nuevo-fiscal-de-la-nacion\/"]}]},{"@type":"ImageObject","inLanguage":"en-US","@id":"https:\/\/pulso27.com\/politica\/juan-carlos-villena-listo-para-ser-el-nuevo-fiscal-de-la-nacion\/#primaryimage","url":"https:\/\/pulso27.com\/wp-content\/uploads\/2023\/12\/fiscal.png","contentUrl":"https:\/\/pulso27.com\/wp-content\/uploads\/2023\/12\/fiscal.png","width":474,"height":277},{"@type":"BreadcrumbList","@id":"https:\/\/pulso27.com\/politica\/juan-carlos-villena-listo-para-ser-el-nuevo-fiscal-de-la-nacion\/#breadcrumb","itemListElement":[{"@type":"ListItem","position":1,"name":"Portada","item":"https:\/\/pulso27.com\/"},{"@type":"ListItem","position":2,"name":"Juan Carlos Villena listo para ser el nuevo fiscal de la naci\u00f3n"}]},{"@type":"WebSite","@id":"https:\/\/pulso27.com\/en\/#website","url":"https:\/\/pulso27.com\/en\/","name":"Pulso27","description":"Web de noticias y publicidad","publisher":{"@id":"https:\/\/pulso27.com\/en\/#organization"},"alternateName":"El pulso del pueblo","potentialAction":[{"@type":"SearchAction","target":{"@type":"EntryPoint","urlTemplate":"https:\/\/pulso27.com\/en\/?s={search_term_string}"},"query-input":{"@type":"PropertyValueSpecification","valueRequired":true,"valueName":"search_term_string"}}],"inLanguage":"en-US"},{"@type":"Organization","@id":"https:\/\/pulso27.com\/en\/#organization","name":"Pulso27","url":"https:\/\/pulso27.com\/en\/","logo":{"@type":"ImageObject","inLanguage":"en-US","@id":"https:\/\/pulso27.com\/en\/#\/schema\/logo\/image\/","url":"https:\/\/pulso27.com\/wp-content\/uploads\/2026\/02\/Logotipo-de-la-organizacion-696-x-696-px-ok.png","contentUrl":"https:\/\/pulso27.com\/wp-content\/uploads\/2026\/02\/Logotipo-de-la-organizacion-696-x-696-px-ok.png","width":696,"height":696,"caption":"Pulso27"},"image":{"@id":"https:\/\/pulso27.com\/en\/#\/schema\/logo\/image\/"},"sameAs":["https:\/\/www.facebook.com\/pulso27\/","https:\/\/x.com\/Pulso_27","https:\/\/www.youtube.com\/@Pulso27","https:\/\/www.tiktok.com\/@pulso_27"]},{"@type":"Person","@id":"https:\/\/pulso27.com\/en\/#\/schema\/person\/a0930a7f318e7d9d83bd7cffed9f34f6","name":"El Muki","image":{"@type":"ImageObject","inLanguage":"en-US","@id":"https:\/\/secure.gravatar.com\/avatar\/dc91c2607c5eebda74cbb40d13031f489096c96ead89c4c30c17db262267b2b3?s=96&d=mm&r=g","url":"https:\/\/secure.gravatar.com\/avatar\/dc91c2607c5eebda74cbb40d13031f489096c96ead89c4c30c17db262267b2b3?s=96&d=mm&r=g","contentUrl":"https:\/\/secure.gravatar.com\/avatar\/dc91c2607c5eebda74cbb40d13031f489096c96ead89c4c30c17db262267b2b3?s=96&d=mm&r=g","caption":"El Muki"},"sameAs":["http:\/\/www.pulso27.com"],"url":"https:\/\/pulso27.com\/en\/author\/elcuervo\/"}]}},"amp_enabled":true,"_links":{"self":[{"href":"https:\/\/pulso27.com\/en\/wp-json\/wp\/v2\/posts\/804","targetHints":{"allow":["GET"]}}],"collection":[{"href":"https:\/\/pulso27.com\/en\/wp-json\/wp\/v2\/posts"}],"about":[{"href":"https:\/\/pulso27.com\/en\/wp-json\/wp\/v2\/types\/post"}],"author":[{"embeddable":true,"href":"https:\/\/pulso27.com\/en\/wp-json\/wp\/v2\/users\/10"}],"replies":[{"embeddable":true,"href":"https:\/\/pulso27.com\/en\/wp-json\/wp\/v2\/comments?post=804"}],"version-history":[{"count":2,"href":"https:\/\/pulso27.com\/en\/wp-json\/wp\/v2\/posts\/804\/revisions"}],"predecessor-version":[{"id":807,"href":"https:\/\/pulso27.com\/en\/wp-json\/wp\/v2\/posts\/804\/revisions\/807"}],"wp:featuredmedia":[{"embeddable":true,"href":"https:\/\/pulso27.com\/en\/wp-json\/wp\/v2\/media\/805"}],"wp:attachment":[{"href":"https:\/\/pulso27.com\/en\/wp-json\/wp\/v2\/media?parent=804"}],"wp:term":[{"taxonomy":"category","embeddable":true,"href":"https:\/\/pulso27.com\/en\/wp-json\/wp\/v2\/categories?post=804"},{"taxonomy":"post_tag","embeddable":true,"href":"https:\/\/pulso27.com\/en\/wp-json\/wp\/v2\/tags?post=804"}],"curies":[{"name":"wp","href":"https:\/\/api.w.org\/{rel}","templated":true}]}}