{"id":827,"date":"2023-12-11T15:02:56","date_gmt":"2023-12-11T15:02:56","guid":{"rendered":"https:\/\/pulso27.com\/?p=827"},"modified":"2023-12-11T15:14:13","modified_gmt":"2023-12-11T15:14:13","slug":"argentina-milei-asume-presidencia-sin-plata-y-en-tiempos-de-duro-ajuste-y-shock","status":"publish","type":"post","link":"https:\/\/pulso27.com\/en\/internacional\/argentina-milei-asume-presidencia-sin-plata-y-en-tiempos-de-duro-ajuste-y-shock\/","title":{"rendered":"Argentina: Milei asume presidencia \u00absin plata y en tiempos de duro ajuste y shock\u00bb"},"content":{"rendered":"<p>\u201cNo hay otra alternativa\u201d. El flamante presidente de Argentina, Javier Milei, anticip\u00f3 este domingo, en su primer discurso como jefe de Estado, que aplicar\u00e1 un duro ajuste y que habr\u00e1 \u201cestanflaci\u00f3n\u201d.<\/p>\n\n\n\n<p>\u201cLamentablemente, tengo que decirlo de nuevo: no hay plata. La conclusi\u00f3n es que no hay alternativa al ajuste y no hay alternativa al shock\u201d, asever\u00f3 el presidente argentino Javier Milei al hablar ante la multitud de seguidores congregados a las puertas del palacio del Congreso argentino.<\/p>\n\n\n\n<p>El mandatario admiti\u00f3 que el plan de \u201cshock\u201d que aplicar\u00e1 tendr\u00e1 un impacto negativo sobre el nivel de actividad, el empleo, los salarios reales y la tasa de pobreza e indigencia.<\/p>\n\n\n\n<p>\u201cHabr\u00e1 estanflaci\u00f3n, es cierto, pero no es algo muy distinto a lo que ha pasado en los \u00faltimos dos a\u00f1os\u201d, precis\u00f3.<\/p>\n\n\n\n<figure class=\"wp-block-image size-full is-resized\"><img loading=\"lazy\" decoding=\"async\" width=\"680\" height=\"394\" src=\"https:\/\/pulso27.com\/wp-content\/uploads\/2023\/12\/image-5.png\" alt=\"\" class=\"wp-image-829\" style=\"width:742px;height:auto\" srcset=\"https:\/\/pulso27.com\/wp-content\/uploads\/2023\/12\/image-5.png 680w, https:\/\/pulso27.com\/wp-content\/uploads\/2023\/12\/image-5-300x174.png 300w\" sizes=\"auto, (max-width: 680px) 100vw, 680px\" \/><\/figure>\n\n\n\n<p>Milei asegur\u00f3 que la \u201cherencia\u201d que deja el kirchnerismo es la peor que haya recibido nunca un Gobierno argentino, con d\u00e9ficit financiero y fiscal equivalente al 17 % del PIB, inflaci\u00f3n que crece a una tasa anual del 300 %, actividad econ\u00f3mica paralizada, una tasa de pobreza del 45 % y un \u00edndice de indigencia cercano al 10 %.<\/p>\n\n\n\n<blockquote class=\"wp-block-quote is-layout-flow wp-block-quote-is-layout-flow\">\n<p>\u201cLamentablemente, tengo que decirlo de nuevo: no hay plata. La conclusi\u00f3n es que no hay alternativa al ajuste y no hay alternativa al shock\u201d, asever\u00f3 el presidente argentino Javier Milei al hablar ante la multitud de seguidores congregados a las puertas del palacio del Congreso argentino.<\/p>\n<\/blockquote>\n\n\n\n<p>Ratific\u00f3 que aplicar\u00e1 un ajuste fiscal del 5 % del PIB que, prometi\u00f3, caer\u00e1 \u201ccasi totalmente\u201d sobre el Estado y no sobre el sector privado.<\/p>\n\n\n\n<p>Tambi\u00e9n confirm\u00f3 que \u201climpiar\u00e1\u201d los pasivos del Banco Central y pondr\u00e1 fin a la emisi\u00f3n monetaria, que a su juicio es la causa de la elevada inflaci\u00f3n.<\/p>\n\n\n\n<p>Pero puntualiz\u00f3 que la pol\u00edtica monetaria act\u00faa con un rezago de entre 18 y 24 meses, por lo que anticip\u00f3 que la inflaci\u00f3n permanecer\u00e1 alta, y cit\u00f3 pron\u00f3sticos privados que prev\u00e9n tasas mensuales de entre el 20 % y el 40 % de aqu\u00ed a febrero pr\u00f3ximo.<\/p>\n\n\n\n<p>Milei pint\u00f3 un delicado escenario fiscal y monetario que a su juicio coloca a Argentina al borde de una hiperinflaci\u00f3n, que podr\u00eda llegar al 15.000 % anual.<\/p>\n\n\n\n<p><strong>Pesada sucesi\u00f3n<\/strong><br>\u201cEsta es la herencia que nos dejan: una inflaci\u00f3n plantada de 15.000 % anual, la cual vamos a luchar con u\u00f1as y dientes para erradicarla\u201d, prometi\u00f3.<\/p>\n\n\n\n<p><\/p>\n\n\n\n<p>\u201cEs nuestra m\u00e1xima prioridad hacer todos los esfuerzos posibles para evitar semejante cat\u00e1strofe, que llevar\u00eda la pobreza por encima del 90 % y la indigencia por encima del 50 %\u201d, insisti\u00f3.<\/p>\n\n\n\n<p>Milei tambi\u00e9n advirti\u00f3 de la \u201cherencia\u201d en materia de endeudamiento: 30.000 millones de d\u00f3lares de deuda con importadores; 10.000 millones de ganancias retenidas a empresas extranjeras en concepto de giro de utilidades; 25.000 millones de deuda del Banco Central; y 35.000 millones de deuda del Tesoro.<\/p>\n\n\n\n<p>\u201cLa bomba en t\u00e9rminos de deuda asciende a 100.000 millones de d\u00f3lares, que habr\u00e1 que sumar a los cerca de 420.000 millones de deuda ya existente\u201d, advirti\u00f3.<\/p>\n\n\n\n<p><\/p>\n\n\n\n<p>A ellos se suman los vencimientos en 2024 de deuda soberana emitida en pesos, por el equivalente a unos 90.000 millones de d\u00f3lares, m\u00e1s los vencimientos con organismos multilaterales por 25.000 millones.<\/p>\n\n\n\n<p>\u201cCon mercados financieros cerrados y el acuerdo con el Fondo Monetario Internacional (FMI) ca\u00eddo por los brutales incumplimientos del Gobierno saliente, el roll over de deuda es por dem\u00e1s desafiante\u201d, advirti\u00f3 el presidente argentino.<\/p>\n\n\n\n<p>Pese al apocal\u00edptico panorama descrito, Milei dijo que tras el \u201creacomodamiento macroecon\u00f3mico\u201d, la situaci\u00f3n de Argentina comenzar\u00e1 a ir \u201cmejor\u201d.<\/p>\n\n\n\n<p>Fuente: La Republica<\/p>","protected":false},"excerpt":{"rendered":"<p>\u201cNo hay otra alternativa\u201d. El flamante presidente de Argentina, Javier Milei, anticip\u00f3 este domingo, en su primer discurso como jefe de Estado, que aplicar\u00e1 un duro ajuste y que habr\u00e1 \u201cestanflaci\u00f3n\u201d.<\/p>","protected":false},"author":10,"featured_media":828,"comment_status":"open","ping_status":"open","sticky":false,"template":"","format":"standard","meta":{"footnotes":""},"categories":[183,173],"tags":[379],"class_list":["post-827","post","type-post","status-publish","format-standard","has-post-thumbnail","hentry","category-actualidad","category-internacional","tag-javier-milei"],"yoast_head":"<!-- This site is optimized with the Yoast SEO plugin v27.4 - https:\/\/yoast.com\/product\/yoast-seo-wordpress\/ -->\n<title>Argentina: Milei asume presidencia &quot;sin plata y en tiempos de duro ajuste y shock&quot; - Pulso27<\/title>\n<meta name=\"robots\" content=\"index, follow, max-snippet:-1, max-image-preview:large, max-video-preview:-1\" \/>\n<link rel=\"canonical\" href=\"https:\/\/pulso27.com\/en\/internacional\/argentina-milei-asume-presidencia-sin-plata-y-en-tiempos-de-duro-ajuste-y-shock\/\" \/>\n<meta property=\"og:locale\" content=\"en_US\" \/>\n<meta property=\"og:type\" content=\"article\" \/>\n<meta property=\"og:title\" content=\"Argentina: Milei asume presidencia &quot;sin plata y en tiempos de duro ajuste y shock&quot; - Pulso27\" \/>\n<meta property=\"og:description\" content=\"\u201cNo hay otra alternativa\u201d. El flamante presidente de Argentina, Javier Milei, anticip\u00f3 este domingo, en su primer discurso como jefe de Estado, que aplicar\u00e1 un duro ajuste y que habr\u00e1 \u201cestanflaci\u00f3n\u201d.\" \/>\n<meta property=\"og:url\" content=\"https:\/\/pulso27.com\/en\/internacional\/argentina-milei-asume-presidencia-sin-plata-y-en-tiempos-de-duro-ajuste-y-shock\/\" \/>\n<meta property=\"og:site_name\" content=\"Pulso27\" \/>\n<meta property=\"article:publisher\" content=\"https:\/\/www.facebook.com\/pulso27\/\" \/>\n<meta property=\"article:published_time\" content=\"2023-12-11T15:02:56+00:00\" \/>\n<meta property=\"article:modified_time\" content=\"2023-12-11T15:14:13+00:00\" \/>\n<meta property=\"og:image\" content=\"https:\/\/pulso27.com\/wp-content\/uploads\/2023\/12\/milei-presidente.png\" \/>\n\t<meta property=\"og:image:width\" content=\"590\" \/>\n\t<meta property=\"og:image:height\" content=\"393\" \/>\n\t<meta property=\"og:image:type\" content=\"image\/png\" \/>\n<meta name=\"author\" content=\"El Muki\" \/>\n<meta name=\"twitter:card\" content=\"summary_large_image\" \/>\n<meta name=\"twitter:creator\" content=\"@Pulso_27\" \/>\n<meta name=\"twitter:site\" content=\"@Pulso_27\" \/>\n<meta name=\"twitter:label1\" content=\"Written by\" \/>\n\t<meta name=\"twitter:data1\" content=\"El Muki\" \/>\n\t<meta name=\"twitter:label2\" content=\"Est. reading time\" \/>\n\t<meta name=\"twitter:data2\" content=\"3 minutes\" \/>\n<script type=\"application\/ld+json\" class=\"yoast-schema-graph\">{\"@context\":\"https:\\\/\\\/schema.org\",\"@graph\":[{\"@type\":\"Article\",\"@id\":\"https:\\\/\\\/pulso27.com\\\/internacional\\\/argentina-milei-asume-presidencia-sin-plata-y-en-tiempos-de-duro-ajuste-y-shock\\\/#article\",\"isPartOf\":{\"@id\":\"https:\\\/\\\/pulso27.com\\\/internacional\\\/argentina-milei-asume-presidencia-sin-plata-y-en-tiempos-de-duro-ajuste-y-shock\\\/\"},\"author\":{\"name\":\"El Muki\",\"@id\":\"https:\\\/\\\/pulso27.com\\\/en\\\/#\\\/schema\\\/person\\\/a0930a7f318e7d9d83bd7cffed9f34f6\"},\"headline\":\"Argentina: Milei asume presidencia \u00absin plata y en tiempos de duro ajuste y shock\u00bb\",\"datePublished\":\"2023-12-11T15:02:56+00:00\",\"dateModified\":\"2023-12-11T15:14:13+00:00\",\"mainEntityOfPage\":{\"@id\":\"https:\\\/\\\/pulso27.com\\\/internacional\\\/argentina-milei-asume-presidencia-sin-plata-y-en-tiempos-de-duro-ajuste-y-shock\\\/\"},\"wordCount\":598,\"commentCount\":0,\"publisher\":{\"@id\":\"https:\\\/\\\/pulso27.com\\\/en\\\/#organization\"},\"image\":{\"@id\":\"https:\\\/\\\/pulso27.com\\\/internacional\\\/argentina-milei-asume-presidencia-sin-plata-y-en-tiempos-de-duro-ajuste-y-shock\\\/#primaryimage\"},\"thumbnailUrl\":\"https:\\\/\\\/pulso27.com\\\/wp-content\\\/uploads\\\/2023\\\/12\\\/milei-presidente.png\",\"keywords\":[\"Javier Milei\"],\"articleSection\":[\"Actualidad\",\"Internacional\"],\"inLanguage\":\"en-US\",\"potentialAction\":[{\"@type\":\"CommentAction\",\"name\":\"Comment\",\"target\":[\"https:\\\/\\\/pulso27.com\\\/internacional\\\/argentina-milei-asume-presidencia-sin-plata-y-en-tiempos-de-duro-ajuste-y-shock\\\/#respond\"]}]},{\"@type\":\"WebPage\",\"@id\":\"https:\\\/\\\/pulso27.com\\\/internacional\\\/argentina-milei-asume-presidencia-sin-plata-y-en-tiempos-de-duro-ajuste-y-shock\\\/\",\"url\":\"https:\\\/\\\/pulso27.com\\\/internacional\\\/argentina-milei-asume-presidencia-sin-plata-y-en-tiempos-de-duro-ajuste-y-shock\\\/\",\"name\":\"Argentina: Milei asume presidencia \\\"sin plata y en tiempos de duro ajuste y shock\\\" - Pulso27\",\"isPartOf\":{\"@id\":\"https:\\\/\\\/pulso27.com\\\/en\\\/#website\"},\"primaryImageOfPage\":{\"@id\":\"https:\\\/\\\/pulso27.com\\\/internacional\\\/argentina-milei-asume-presidencia-sin-plata-y-en-tiempos-de-duro-ajuste-y-shock\\\/#primaryimage\"},\"image\":{\"@id\":\"https:\\\/\\\/pulso27.com\\\/internacional\\\/argentina-milei-asume-presidencia-sin-plata-y-en-tiempos-de-duro-ajuste-y-shock\\\/#primaryimage\"},\"thumbnailUrl\":\"https:\\\/\\\/pulso27.com\\\/wp-content\\\/uploads\\\/2023\\\/12\\\/milei-presidente.png\",\"datePublished\":\"2023-12-11T15:02:56+00:00\",\"dateModified\":\"2023-12-11T15:14:13+00:00\",\"breadcrumb\":{\"@id\":\"https:\\\/\\\/pulso27.com\\\/internacional\\\/argentina-milei-asume-presidencia-sin-plata-y-en-tiempos-de-duro-ajuste-y-shock\\\/#breadcrumb\"},\"inLanguage\":\"en-US\",\"potentialAction\":[{\"@type\":\"ReadAction\",\"target\":[\"https:\\\/\\\/pulso27.com\\\/internacional\\\/argentina-milei-asume-presidencia-sin-plata-y-en-tiempos-de-duro-ajuste-y-shock\\\/\"]}]},{\"@type\":\"ImageObject\",\"inLanguage\":\"en-US\",\"@id\":\"https:\\\/\\\/pulso27.com\\\/internacional\\\/argentina-milei-asume-presidencia-sin-plata-y-en-tiempos-de-duro-ajuste-y-shock\\\/#primaryimage\",\"url\":\"https:\\\/\\\/pulso27.com\\\/wp-content\\\/uploads\\\/2023\\\/12\\\/milei-presidente.png\",\"contentUrl\":\"https:\\\/\\\/pulso27.com\\\/wp-content\\\/uploads\\\/2023\\\/12\\\/milei-presidente.png\",\"width\":590,\"height\":393},{\"@type\":\"BreadcrumbList\",\"@id\":\"https:\\\/\\\/pulso27.com\\\/internacional\\\/argentina-milei-asume-presidencia-sin-plata-y-en-tiempos-de-duro-ajuste-y-shock\\\/#breadcrumb\",\"itemListElement\":[{\"@type\":\"ListItem\",\"position\":1,\"name\":\"Portada\",\"item\":\"https:\\\/\\\/pulso27.com\\\/\"},{\"@type\":\"ListItem\",\"position\":2,\"name\":\"Argentina: Milei asume presidencia &#8220;sin plata y en tiempos de duro ajuste y shock&#8221;\"}]},{\"@type\":\"WebSite\",\"@id\":\"https:\\\/\\\/pulso27.com\\\/en\\\/#website\",\"url\":\"https:\\\/\\\/pulso27.com\\\/en\\\/\",\"name\":\"Pulso27\",\"description\":\"Web de noticias y publicidad\",\"publisher\":{\"@id\":\"https:\\\/\\\/pulso27.com\\\/en\\\/#organization\"},\"alternateName\":\"El pulso del pueblo\",\"potentialAction\":[{\"@type\":\"SearchAction\",\"target\":{\"@type\":\"EntryPoint\",\"urlTemplate\":\"https:\\\/\\\/pulso27.com\\\/en\\\/?s={search_term_string}\"},\"query-input\":{\"@type\":\"PropertyValueSpecification\",\"valueRequired\":true,\"valueName\":\"search_term_string\"}}],\"inLanguage\":\"en-US\"},{\"@type\":\"Organization\",\"@id\":\"https:\\\/\\\/pulso27.com\\\/en\\\/#organization\",\"name\":\"Pulso27\",\"url\":\"https:\\\/\\\/pulso27.com\\\/en\\\/\",\"logo\":{\"@type\":\"ImageObject\",\"inLanguage\":\"en-US\",\"@id\":\"https:\\\/\\\/pulso27.com\\\/en\\\/#\\\/schema\\\/logo\\\/image\\\/\",\"url\":\"https:\\\/\\\/pulso27.com\\\/wp-content\\\/uploads\\\/2026\\\/02\\\/Logotipo-de-la-organizacion-696-x-696-px-ok.png\",\"contentUrl\":\"https:\\\/\\\/pulso27.com\\\/wp-content\\\/uploads\\\/2026\\\/02\\\/Logotipo-de-la-organizacion-696-x-696-px-ok.png\",\"width\":696,\"height\":696,\"caption\":\"Pulso27\"},\"image\":{\"@id\":\"https:\\\/\\\/pulso27.com\\\/en\\\/#\\\/schema\\\/logo\\\/image\\\/\"},\"sameAs\":[\"https:\\\/\\\/www.facebook.com\\\/pulso27\\\/\",\"https:\\\/\\\/x.com\\\/Pulso_27\",\"https:\\\/\\\/www.youtube.com\\\/@Pulso27\",\"https:\\\/\\\/www.tiktok.com\\\/@pulso_27\"]},{\"@type\":\"Person\",\"@id\":\"https:\\\/\\\/pulso27.com\\\/en\\\/#\\\/schema\\\/person\\\/a0930a7f318e7d9d83bd7cffed9f34f6\",\"name\":\"El Muki\",\"image\":{\"@type\":\"ImageObject\",\"inLanguage\":\"en-US\",\"@id\":\"https:\\\/\\\/secure.gravatar.com\\\/avatar\\\/dc91c2607c5eebda74cbb40d13031f489096c96ead89c4c30c17db262267b2b3?s=96&d=mm&r=g\",\"url\":\"https:\\\/\\\/secure.gravatar.com\\\/avatar\\\/dc91c2607c5eebda74cbb40d13031f489096c96ead89c4c30c17db262267b2b3?s=96&d=mm&r=g\",\"contentUrl\":\"https:\\\/\\\/secure.gravatar.com\\\/avatar\\\/dc91c2607c5eebda74cbb40d13031f489096c96ead89c4c30c17db262267b2b3?s=96&d=mm&r=g\",\"caption\":\"El Muki\"},\"sameAs\":[\"http:\\\/\\\/www.pulso27.com\"],\"url\":\"https:\\\/\\\/pulso27.com\\\/en\\\/author\\\/elcuervo\\\/\"}]}<\/script>\n<!-- \/ Yoast SEO plugin. -->","yoast_head_json":{"title":"Argentina: Milei asume presidencia \"sin plata y en tiempos de duro ajuste y shock\" - Pulso27","robots":{"index":"index","follow":"follow","max-snippet":"max-snippet:-1","max-image-preview":"max-image-preview:large","max-video-preview":"max-video-preview:-1"},"canonical":"https:\/\/pulso27.com\/en\/internacional\/argentina-milei-asume-presidencia-sin-plata-y-en-tiempos-de-duro-ajuste-y-shock\/","og_locale":"en_US","og_type":"article","og_title":"Argentina: Milei asume presidencia \"sin plata y en tiempos de duro ajuste y shock\" - Pulso27","og_description":"\u201cNo hay otra alternativa\u201d. El flamante presidente de Argentina, Javier Milei, anticip\u00f3 este domingo, en su primer discurso como jefe de Estado, que aplicar\u00e1 un duro ajuste y que habr\u00e1 \u201cestanflaci\u00f3n\u201d.","og_url":"https:\/\/pulso27.com\/en\/internacional\/argentina-milei-asume-presidencia-sin-plata-y-en-tiempos-de-duro-ajuste-y-shock\/","og_site_name":"Pulso27","article_publisher":"https:\/\/www.facebook.com\/pulso27\/","article_published_time":"2023-12-11T15:02:56+00:00","article_modified_time":"2023-12-11T15:14:13+00:00","og_image":[{"width":590,"height":393,"url":"https:\/\/pulso27.com\/wp-content\/uploads\/2023\/12\/milei-presidente.png","type":"image\/png"}],"author":"El Muki","twitter_card":"summary_large_image","twitter_creator":"@Pulso_27","twitter_site":"@Pulso_27","twitter_misc":{"Written by":"El Muki","Est. reading time":"3 minutes"},"schema":{"@context":"https:\/\/schema.org","@graph":[{"@type":"Article","@id":"https:\/\/pulso27.com\/internacional\/argentina-milei-asume-presidencia-sin-plata-y-en-tiempos-de-duro-ajuste-y-shock\/#article","isPartOf":{"@id":"https:\/\/pulso27.com\/internacional\/argentina-milei-asume-presidencia-sin-plata-y-en-tiempos-de-duro-ajuste-y-shock\/"},"author":{"name":"El Muki","@id":"https:\/\/pulso27.com\/en\/#\/schema\/person\/a0930a7f318e7d9d83bd7cffed9f34f6"},"headline":"Argentina: Milei asume presidencia \u00absin plata y en tiempos de duro ajuste y shock\u00bb","datePublished":"2023-12-11T15:02:56+00:00","dateModified":"2023-12-11T15:14:13+00:00","mainEntityOfPage":{"@id":"https:\/\/pulso27.com\/internacional\/argentina-milei-asume-presidencia-sin-plata-y-en-tiempos-de-duro-ajuste-y-shock\/"},"wordCount":598,"commentCount":0,"publisher":{"@id":"https:\/\/pulso27.com\/en\/#organization"},"image":{"@id":"https:\/\/pulso27.com\/internacional\/argentina-milei-asume-presidencia-sin-plata-y-en-tiempos-de-duro-ajuste-y-shock\/#primaryimage"},"thumbnailUrl":"https:\/\/pulso27.com\/wp-content\/uploads\/2023\/12\/milei-presidente.png","keywords":["Javier Milei"],"articleSection":["Actualidad","Internacional"],"inLanguage":"en-US","potentialAction":[{"@type":"CommentAction","name":"Comment","target":["https:\/\/pulso27.com\/internacional\/argentina-milei-asume-presidencia-sin-plata-y-en-tiempos-de-duro-ajuste-y-shock\/#respond"]}]},{"@type":"WebPage","@id":"https:\/\/pulso27.com\/internacional\/argentina-milei-asume-presidencia-sin-plata-y-en-tiempos-de-duro-ajuste-y-shock\/","url":"https:\/\/pulso27.com\/internacional\/argentina-milei-asume-presidencia-sin-plata-y-en-tiempos-de-duro-ajuste-y-shock\/","name":"Argentina: Milei asume presidencia \"sin plata y en tiempos de duro ajuste y shock\" - Pulso27","isPartOf":{"@id":"https:\/\/pulso27.com\/en\/#website"},"primaryImageOfPage":{"@id":"https:\/\/pulso27.com\/internacional\/argentina-milei-asume-presidencia-sin-plata-y-en-tiempos-de-duro-ajuste-y-shock\/#primaryimage"},"image":{"@id":"https:\/\/pulso27.com\/internacional\/argentina-milei-asume-presidencia-sin-plata-y-en-tiempos-de-duro-ajuste-y-shock\/#primaryimage"},"thumbnailUrl":"https:\/\/pulso27.com\/wp-content\/uploads\/2023\/12\/milei-presidente.png","datePublished":"2023-12-11T15:02:56+00:00","dateModified":"2023-12-11T15:14:13+00:00","breadcrumb":{"@id":"https:\/\/pulso27.com\/internacional\/argentina-milei-asume-presidencia-sin-plata-y-en-tiempos-de-duro-ajuste-y-shock\/#breadcrumb"},"inLanguage":"en-US","potentialAction":[{"@type":"ReadAction","target":["https:\/\/pulso27.com\/internacional\/argentina-milei-asume-presidencia-sin-plata-y-en-tiempos-de-duro-ajuste-y-shock\/"]}]},{"@type":"ImageObject","inLanguage":"en-US","@id":"https:\/\/pulso27.com\/internacional\/argentina-milei-asume-presidencia-sin-plata-y-en-tiempos-de-duro-ajuste-y-shock\/#primaryimage","url":"https:\/\/pulso27.com\/wp-content\/uploads\/2023\/12\/milei-presidente.png","contentUrl":"https:\/\/pulso27.com\/wp-content\/uploads\/2023\/12\/milei-presidente.png","width":590,"height":393},{"@type":"BreadcrumbList","@id":"https:\/\/pulso27.com\/internacional\/argentina-milei-asume-presidencia-sin-plata-y-en-tiempos-de-duro-ajuste-y-shock\/#breadcrumb","itemListElement":[{"@type":"ListItem","position":1,"name":"Portada","item":"https:\/\/pulso27.com\/"},{"@type":"ListItem","position":2,"name":"Argentina: Milei asume presidencia &#8220;sin plata y en tiempos de duro ajuste y shock&#8221;"}]},{"@type":"WebSite","@id":"https:\/\/pulso27.com\/en\/#website","url":"https:\/\/pulso27.com\/en\/","name":"Pulso27","description":"Web de noticias y publicidad","publisher":{"@id":"https:\/\/pulso27.com\/en\/#organization"},"alternateName":"El pulso del pueblo","potentialAction":[{"@type":"SearchAction","target":{"@type":"EntryPoint","urlTemplate":"https:\/\/pulso27.com\/en\/?s={search_term_string}"},"query-input":{"@type":"PropertyValueSpecification","valueRequired":true,"valueName":"search_term_string"}}],"inLanguage":"en-US"},{"@type":"Organization","@id":"https:\/\/pulso27.com\/en\/#organization","name":"Pulso27","url":"https:\/\/pulso27.com\/en\/","logo":{"@type":"ImageObject","inLanguage":"en-US","@id":"https:\/\/pulso27.com\/en\/#\/schema\/logo\/image\/","url":"https:\/\/pulso27.com\/wp-content\/uploads\/2026\/02\/Logotipo-de-la-organizacion-696-x-696-px-ok.png","contentUrl":"https:\/\/pulso27.com\/wp-content\/uploads\/2026\/02\/Logotipo-de-la-organizacion-696-x-696-px-ok.png","width":696,"height":696,"caption":"Pulso27"},"image":{"@id":"https:\/\/pulso27.com\/en\/#\/schema\/logo\/image\/"},"sameAs":["https:\/\/www.facebook.com\/pulso27\/","https:\/\/x.com\/Pulso_27","https:\/\/www.youtube.com\/@Pulso27","https:\/\/www.tiktok.com\/@pulso_27"]},{"@type":"Person","@id":"https:\/\/pulso27.com\/en\/#\/schema\/person\/a0930a7f318e7d9d83bd7cffed9f34f6","name":"El Muki","image":{"@type":"ImageObject","inLanguage":"en-US","@id":"https:\/\/secure.gravatar.com\/avatar\/dc91c2607c5eebda74cbb40d13031f489096c96ead89c4c30c17db262267b2b3?s=96&d=mm&r=g","url":"https:\/\/secure.gravatar.com\/avatar\/dc91c2607c5eebda74cbb40d13031f489096c96ead89c4c30c17db262267b2b3?s=96&d=mm&r=g","contentUrl":"https:\/\/secure.gravatar.com\/avatar\/dc91c2607c5eebda74cbb40d13031f489096c96ead89c4c30c17db262267b2b3?s=96&d=mm&r=g","caption":"El Muki"},"sameAs":["http:\/\/www.pulso27.com"],"url":"https:\/\/pulso27.com\/en\/author\/elcuervo\/"}]}},"amp_enabled":true,"_links":{"self":[{"href":"https:\/\/pulso27.com\/en\/wp-json\/wp\/v2\/posts\/827","targetHints":{"allow":["GET"]}}],"collection":[{"href":"https:\/\/pulso27.com\/en\/wp-json\/wp\/v2\/posts"}],"about":[{"href":"https:\/\/pulso27.com\/en\/wp-json\/wp\/v2\/types\/post"}],"author":[{"embeddable":true,"href":"https:\/\/pulso27.com\/en\/wp-json\/wp\/v2\/users\/10"}],"replies":[{"embeddable":true,"href":"https:\/\/pulso27.com\/en\/wp-json\/wp\/v2\/comments?post=827"}],"version-history":[{"count":2,"href":"https:\/\/pulso27.com\/en\/wp-json\/wp\/v2\/posts\/827\/revisions"}],"predecessor-version":[{"id":832,"href":"https:\/\/pulso27.com\/en\/wp-json\/wp\/v2\/posts\/827\/revisions\/832"}],"wp:featuredmedia":[{"embeddable":true,"href":"https:\/\/pulso27.com\/en\/wp-json\/wp\/v2\/media\/828"}],"wp:attachment":[{"href":"https:\/\/pulso27.com\/en\/wp-json\/wp\/v2\/media?parent=827"}],"wp:term":[{"taxonomy":"category","embeddable":true,"href":"https:\/\/pulso27.com\/en\/wp-json\/wp\/v2\/categories?post=827"},{"taxonomy":"post_tag","embeddable":true,"href":"https:\/\/pulso27.com\/en\/wp-json\/wp\/v2\/tags?post=827"}],"curies":[{"name":"wp","href":"https:\/\/api.w.org\/{rel}","templated":true}]}}