{"id":833,"date":"2023-12-11T15:24:05","date_gmt":"2023-12-11T15:24:05","guid":{"rendered":"https:\/\/pulso27.com\/?p=833"},"modified":"2023-12-11T15:24:06","modified_gmt":"2023-12-11T15:24:06","slug":"poder-judicial-evalua-si-archiva-o-no-investigacion-contra-enma-benavides","status":"publish","type":"post","link":"https:\/\/pulso27.com\/en\/nacional\/poder-judicial-evalua-si-archiva-o-no-investigacion-contra-enma-benavides\/","title":{"rendered":"Poder Judicial: eval\u00faa si archiva o no investigaci\u00f3n contra Enma Benavides"},"content":{"rendered":"<p>Enma Benavides, hermana de la suspendida fiscal Patricia Benavides, fue denunciada por presuntamente haber aceptado sobornos a cambio de exculpar a detenidos por narcotr\u00e1fico.<\/p>\n\n\n\n<p>El Poder Judicial eval\u00faa si archiva o no el caso de Enma Benavides, hermana de la suspendida fiscal Patricia Benavides, quien es investigada por el presunto delito de cohecho, tras ser denunciada por presuntamente haber aceptado sobornos a cambio de exculpar a detenidos por narcotr\u00e1fico.<\/p>\n\n\n\n<blockquote class=\"wp-block-quote is-layout-flow wp-block-quote-is-layout-flow\">\n<p>Adem\u00e1s de Emma Benavides, las pesquisas alcanzan a otros 11 investigados por el mismo il\u00edcito. <\/p>\n<\/blockquote>\n\n\n\n<p>Adem\u00e1s de Emma Benavides, las pesquisas alcanzan a otros 11 investigados por el mismo il\u00edcito. En consecuencia, el juez Juan Carlos Checkley, a cargo del Juzgado Supremo de Investigaci\u00f3n Preparatoria, deber\u00e1 evaluar el requerimiento mixto efectuado por la Segunda Fiscal\u00eda Suprema Especializada.<\/p>\n\n\n\n<p>Dentro de este requerimiento mixto se debe decidir si procede la acusaci\u00f3n para algunos implicados o el archivo (sobreseimiento) para otros. En este \u00faltimo caso, as\u00ed sea la propia Fiscal\u00eda quien lo requiera, la Procuradur\u00eda Anticorrupci\u00f3n puede oponerse y pedir que no se cierren las investigaciones.<\/p>\n\n\n\n<p>Fuente: La Republica<\/p>\n\n\n\n<p><\/p>","protected":false},"excerpt":{"rendered":"<p>Enma Benavides, hermana de la suspendida fiscal Patricia Benavides, fue denunciada por presuntamente haber aceptado sobornos a cambio de exculpar a detenidos por narcotr\u00e1fico.<\/p>","protected":false},"author":10,"featured_media":834,"comment_status":"open","ping_status":"open","sticky":false,"template":"","format":"standard","meta":{"footnotes":""},"categories":[183,174,180],"tags":[],"class_list":["post-833","post","type-post","status-publish","format-standard","has-post-thumbnail","hentry","category-actualidad","category-nacional","category-politica"],"yoast_head":"<!-- This site is optimized with the Yoast SEO plugin v27.4 - https:\/\/yoast.com\/product\/yoast-seo-wordpress\/ -->\n<title>Poder Judicial: eval\u00faa si archiva o no investigaci\u00f3n contra Enma Benavides - Pulso27<\/title>\n<meta name=\"robots\" content=\"index, follow, max-snippet:-1, max-image-preview:large, max-video-preview:-1\" \/>\n<link rel=\"canonical\" href=\"https:\/\/pulso27.com\/en\/nacional\/poder-judicial-evalua-si-archiva-o-no-investigacion-contra-enma-benavides\/\" \/>\n<meta property=\"og:locale\" content=\"en_US\" \/>\n<meta property=\"og:type\" content=\"article\" \/>\n<meta property=\"og:title\" content=\"Poder Judicial: eval\u00faa si archiva o no investigaci\u00f3n contra Enma Benavides - Pulso27\" \/>\n<meta property=\"og:description\" content=\"Enma Benavides, hermana de la suspendida fiscal Patricia Benavides, fue denunciada por presuntamente haber aceptado sobornos a cambio de exculpar a detenidos por narcotr\u00e1fico.\" \/>\n<meta property=\"og:url\" content=\"https:\/\/pulso27.com\/en\/nacional\/poder-judicial-evalua-si-archiva-o-no-investigacion-contra-enma-benavides\/\" \/>\n<meta property=\"og:site_name\" content=\"Pulso27\" \/>\n<meta property=\"article:publisher\" content=\"https:\/\/www.facebook.com\/pulso27\/\" \/>\n<meta property=\"article:published_time\" content=\"2023-12-11T15:24:05+00:00\" \/>\n<meta property=\"article:modified_time\" content=\"2023-12-11T15:24:06+00:00\" \/>\n<meta property=\"og:image\" content=\"https:\/\/pulso27.com\/wp-content\/uploads\/2023\/12\/emma-benavides.png\" \/>\n\t<meta property=\"og:image:width\" content=\"1200\" \/>\n\t<meta property=\"og:image:height\" content=\"628\" \/>\n\t<meta property=\"og:image:type\" content=\"image\/png\" \/>\n<meta name=\"author\" content=\"El Muki\" \/>\n<meta name=\"twitter:card\" content=\"summary_large_image\" \/>\n<meta name=\"twitter:creator\" content=\"@Pulso_27\" \/>\n<meta name=\"twitter:site\" content=\"@Pulso_27\" \/>\n<meta name=\"twitter:label1\" content=\"Written by\" \/>\n\t<meta name=\"twitter:data1\" content=\"El Muki\" \/>\n\t<meta name=\"twitter:label2\" content=\"Est. reading time\" \/>\n\t<meta name=\"twitter:data2\" content=\"1 minute\" \/>\n<script type=\"application\/ld+json\" class=\"yoast-schema-graph\">{\"@context\":\"https:\\\/\\\/schema.org\",\"@graph\":[{\"@type\":\"Article\",\"@id\":\"https:\\\/\\\/pulso27.com\\\/nacional\\\/poder-judicial-evalua-si-archiva-o-no-investigacion-contra-enma-benavides\\\/#article\",\"isPartOf\":{\"@id\":\"https:\\\/\\\/pulso27.com\\\/nacional\\\/poder-judicial-evalua-si-archiva-o-no-investigacion-contra-enma-benavides\\\/\"},\"author\":{\"name\":\"El Muki\",\"@id\":\"https:\\\/\\\/pulso27.com\\\/en\\\/#\\\/schema\\\/person\\\/a0930a7f318e7d9d83bd7cffed9f34f6\"},\"headline\":\"Poder Judicial: eval\u00faa si archiva o no investigaci\u00f3n contra Enma Benavides\",\"datePublished\":\"2023-12-11T15:24:05+00:00\",\"dateModified\":\"2023-12-11T15:24:06+00:00\",\"mainEntityOfPage\":{\"@id\":\"https:\\\/\\\/pulso27.com\\\/nacional\\\/poder-judicial-evalua-si-archiva-o-no-investigacion-contra-enma-benavides\\\/\"},\"wordCount\":199,\"commentCount\":0,\"publisher\":{\"@id\":\"https:\\\/\\\/pulso27.com\\\/en\\\/#organization\"},\"image\":{\"@id\":\"https:\\\/\\\/pulso27.com\\\/nacional\\\/poder-judicial-evalua-si-archiva-o-no-investigacion-contra-enma-benavides\\\/#primaryimage\"},\"thumbnailUrl\":\"https:\\\/\\\/pulso27.com\\\/wp-content\\\/uploads\\\/2023\\\/12\\\/emma-benavides.png\",\"articleSection\":[\"Actualidad\",\"Nacional\",\"Pol\u00edtica\"],\"inLanguage\":\"en-US\",\"potentialAction\":[{\"@type\":\"CommentAction\",\"name\":\"Comment\",\"target\":[\"https:\\\/\\\/pulso27.com\\\/nacional\\\/poder-judicial-evalua-si-archiva-o-no-investigacion-contra-enma-benavides\\\/#respond\"]}]},{\"@type\":\"WebPage\",\"@id\":\"https:\\\/\\\/pulso27.com\\\/nacional\\\/poder-judicial-evalua-si-archiva-o-no-investigacion-contra-enma-benavides\\\/\",\"url\":\"https:\\\/\\\/pulso27.com\\\/nacional\\\/poder-judicial-evalua-si-archiva-o-no-investigacion-contra-enma-benavides\\\/\",\"name\":\"Poder Judicial: eval\u00faa si archiva o no investigaci\u00f3n contra Enma Benavides - Pulso27\",\"isPartOf\":{\"@id\":\"https:\\\/\\\/pulso27.com\\\/en\\\/#website\"},\"primaryImageOfPage\":{\"@id\":\"https:\\\/\\\/pulso27.com\\\/nacional\\\/poder-judicial-evalua-si-archiva-o-no-investigacion-contra-enma-benavides\\\/#primaryimage\"},\"image\":{\"@id\":\"https:\\\/\\\/pulso27.com\\\/nacional\\\/poder-judicial-evalua-si-archiva-o-no-investigacion-contra-enma-benavides\\\/#primaryimage\"},\"thumbnailUrl\":\"https:\\\/\\\/pulso27.com\\\/wp-content\\\/uploads\\\/2023\\\/12\\\/emma-benavides.png\",\"datePublished\":\"2023-12-11T15:24:05+00:00\",\"dateModified\":\"2023-12-11T15:24:06+00:00\",\"breadcrumb\":{\"@id\":\"https:\\\/\\\/pulso27.com\\\/nacional\\\/poder-judicial-evalua-si-archiva-o-no-investigacion-contra-enma-benavides\\\/#breadcrumb\"},\"inLanguage\":\"en-US\",\"potentialAction\":[{\"@type\":\"ReadAction\",\"target\":[\"https:\\\/\\\/pulso27.com\\\/nacional\\\/poder-judicial-evalua-si-archiva-o-no-investigacion-contra-enma-benavides\\\/\"]}]},{\"@type\":\"ImageObject\",\"inLanguage\":\"en-US\",\"@id\":\"https:\\\/\\\/pulso27.com\\\/nacional\\\/poder-judicial-evalua-si-archiva-o-no-investigacion-contra-enma-benavides\\\/#primaryimage\",\"url\":\"https:\\\/\\\/pulso27.com\\\/wp-content\\\/uploads\\\/2023\\\/12\\\/emma-benavides.png\",\"contentUrl\":\"https:\\\/\\\/pulso27.com\\\/wp-content\\\/uploads\\\/2023\\\/12\\\/emma-benavides.png\",\"width\":1200,\"height\":628},{\"@type\":\"BreadcrumbList\",\"@id\":\"https:\\\/\\\/pulso27.com\\\/nacional\\\/poder-judicial-evalua-si-archiva-o-no-investigacion-contra-enma-benavides\\\/#breadcrumb\",\"itemListElement\":[{\"@type\":\"ListItem\",\"position\":1,\"name\":\"Portada\",\"item\":\"https:\\\/\\\/pulso27.com\\\/\"},{\"@type\":\"ListItem\",\"position\":2,\"name\":\"Poder Judicial: eval\u00faa si archiva o no investigaci\u00f3n contra Enma Benavides\"}]},{\"@type\":\"WebSite\",\"@id\":\"https:\\\/\\\/pulso27.com\\\/en\\\/#website\",\"url\":\"https:\\\/\\\/pulso27.com\\\/en\\\/\",\"name\":\"Pulso27\",\"description\":\"Web de noticias y publicidad\",\"publisher\":{\"@id\":\"https:\\\/\\\/pulso27.com\\\/en\\\/#organization\"},\"alternateName\":\"El pulso del pueblo\",\"potentialAction\":[{\"@type\":\"SearchAction\",\"target\":{\"@type\":\"EntryPoint\",\"urlTemplate\":\"https:\\\/\\\/pulso27.com\\\/en\\\/?s={search_term_string}\"},\"query-input\":{\"@type\":\"PropertyValueSpecification\",\"valueRequired\":true,\"valueName\":\"search_term_string\"}}],\"inLanguage\":\"en-US\"},{\"@type\":\"Organization\",\"@id\":\"https:\\\/\\\/pulso27.com\\\/en\\\/#organization\",\"name\":\"Pulso27\",\"url\":\"https:\\\/\\\/pulso27.com\\\/en\\\/\",\"logo\":{\"@type\":\"ImageObject\",\"inLanguage\":\"en-US\",\"@id\":\"https:\\\/\\\/pulso27.com\\\/en\\\/#\\\/schema\\\/logo\\\/image\\\/\",\"url\":\"https:\\\/\\\/pulso27.com\\\/wp-content\\\/uploads\\\/2026\\\/02\\\/Logotipo-de-la-organizacion-696-x-696-px-ok.png\",\"contentUrl\":\"https:\\\/\\\/pulso27.com\\\/wp-content\\\/uploads\\\/2026\\\/02\\\/Logotipo-de-la-organizacion-696-x-696-px-ok.png\",\"width\":696,\"height\":696,\"caption\":\"Pulso27\"},\"image\":{\"@id\":\"https:\\\/\\\/pulso27.com\\\/en\\\/#\\\/schema\\\/logo\\\/image\\\/\"},\"sameAs\":[\"https:\\\/\\\/www.facebook.com\\\/pulso27\\\/\",\"https:\\\/\\\/x.com\\\/Pulso_27\",\"https:\\\/\\\/www.youtube.com\\\/@Pulso27\",\"https:\\\/\\\/www.tiktok.com\\\/@pulso_27\"]},{\"@type\":\"Person\",\"@id\":\"https:\\\/\\\/pulso27.com\\\/en\\\/#\\\/schema\\\/person\\\/a0930a7f318e7d9d83bd7cffed9f34f6\",\"name\":\"El Muki\",\"image\":{\"@type\":\"ImageObject\",\"inLanguage\":\"en-US\",\"@id\":\"https:\\\/\\\/secure.gravatar.com\\\/avatar\\\/dc91c2607c5eebda74cbb40d13031f489096c96ead89c4c30c17db262267b2b3?s=96&d=mm&r=g\",\"url\":\"https:\\\/\\\/secure.gravatar.com\\\/avatar\\\/dc91c2607c5eebda74cbb40d13031f489096c96ead89c4c30c17db262267b2b3?s=96&d=mm&r=g\",\"contentUrl\":\"https:\\\/\\\/secure.gravatar.com\\\/avatar\\\/dc91c2607c5eebda74cbb40d13031f489096c96ead89c4c30c17db262267b2b3?s=96&d=mm&r=g\",\"caption\":\"El Muki\"},\"sameAs\":[\"http:\\\/\\\/www.pulso27.com\"],\"url\":\"https:\\\/\\\/pulso27.com\\\/en\\\/author\\\/elcuervo\\\/\"}]}<\/script>\n<!-- \/ Yoast SEO plugin. -->","yoast_head_json":{"title":"Poder Judicial: eval\u00faa si archiva o no investigaci\u00f3n contra Enma Benavides - Pulso27","robots":{"index":"index","follow":"follow","max-snippet":"max-snippet:-1","max-image-preview":"max-image-preview:large","max-video-preview":"max-video-preview:-1"},"canonical":"https:\/\/pulso27.com\/en\/nacional\/poder-judicial-evalua-si-archiva-o-no-investigacion-contra-enma-benavides\/","og_locale":"en_US","og_type":"article","og_title":"Poder Judicial: eval\u00faa si archiva o no investigaci\u00f3n contra Enma Benavides - Pulso27","og_description":"Enma Benavides, hermana de la suspendida fiscal Patricia Benavides, fue denunciada por presuntamente haber aceptado sobornos a cambio de exculpar a detenidos por narcotr\u00e1fico.","og_url":"https:\/\/pulso27.com\/en\/nacional\/poder-judicial-evalua-si-archiva-o-no-investigacion-contra-enma-benavides\/","og_site_name":"Pulso27","article_publisher":"https:\/\/www.facebook.com\/pulso27\/","article_published_time":"2023-12-11T15:24:05+00:00","article_modified_time":"2023-12-11T15:24:06+00:00","og_image":[{"width":1200,"height":628,"url":"https:\/\/pulso27.com\/wp-content\/uploads\/2023\/12\/emma-benavides.png","type":"image\/png"}],"author":"El Muki","twitter_card":"summary_large_image","twitter_creator":"@Pulso_27","twitter_site":"@Pulso_27","twitter_misc":{"Written by":"El Muki","Est. reading time":"1 minute"},"schema":{"@context":"https:\/\/schema.org","@graph":[{"@type":"Article","@id":"https:\/\/pulso27.com\/nacional\/poder-judicial-evalua-si-archiva-o-no-investigacion-contra-enma-benavides\/#article","isPartOf":{"@id":"https:\/\/pulso27.com\/nacional\/poder-judicial-evalua-si-archiva-o-no-investigacion-contra-enma-benavides\/"},"author":{"name":"El Muki","@id":"https:\/\/pulso27.com\/en\/#\/schema\/person\/a0930a7f318e7d9d83bd7cffed9f34f6"},"headline":"Poder Judicial: eval\u00faa si archiva o no investigaci\u00f3n contra Enma Benavides","datePublished":"2023-12-11T15:24:05+00:00","dateModified":"2023-12-11T15:24:06+00:00","mainEntityOfPage":{"@id":"https:\/\/pulso27.com\/nacional\/poder-judicial-evalua-si-archiva-o-no-investigacion-contra-enma-benavides\/"},"wordCount":199,"commentCount":0,"publisher":{"@id":"https:\/\/pulso27.com\/en\/#organization"},"image":{"@id":"https:\/\/pulso27.com\/nacional\/poder-judicial-evalua-si-archiva-o-no-investigacion-contra-enma-benavides\/#primaryimage"},"thumbnailUrl":"https:\/\/pulso27.com\/wp-content\/uploads\/2023\/12\/emma-benavides.png","articleSection":["Actualidad","Nacional","Pol\u00edtica"],"inLanguage":"en-US","potentialAction":[{"@type":"CommentAction","name":"Comment","target":["https:\/\/pulso27.com\/nacional\/poder-judicial-evalua-si-archiva-o-no-investigacion-contra-enma-benavides\/#respond"]}]},{"@type":"WebPage","@id":"https:\/\/pulso27.com\/nacional\/poder-judicial-evalua-si-archiva-o-no-investigacion-contra-enma-benavides\/","url":"https:\/\/pulso27.com\/nacional\/poder-judicial-evalua-si-archiva-o-no-investigacion-contra-enma-benavides\/","name":"Poder Judicial: eval\u00faa si archiva o no investigaci\u00f3n contra Enma Benavides - Pulso27","isPartOf":{"@id":"https:\/\/pulso27.com\/en\/#website"},"primaryImageOfPage":{"@id":"https:\/\/pulso27.com\/nacional\/poder-judicial-evalua-si-archiva-o-no-investigacion-contra-enma-benavides\/#primaryimage"},"image":{"@id":"https:\/\/pulso27.com\/nacional\/poder-judicial-evalua-si-archiva-o-no-investigacion-contra-enma-benavides\/#primaryimage"},"thumbnailUrl":"https:\/\/pulso27.com\/wp-content\/uploads\/2023\/12\/emma-benavides.png","datePublished":"2023-12-11T15:24:05+00:00","dateModified":"2023-12-11T15:24:06+00:00","breadcrumb":{"@id":"https:\/\/pulso27.com\/nacional\/poder-judicial-evalua-si-archiva-o-no-investigacion-contra-enma-benavides\/#breadcrumb"},"inLanguage":"en-US","potentialAction":[{"@type":"ReadAction","target":["https:\/\/pulso27.com\/nacional\/poder-judicial-evalua-si-archiva-o-no-investigacion-contra-enma-benavides\/"]}]},{"@type":"ImageObject","inLanguage":"en-US","@id":"https:\/\/pulso27.com\/nacional\/poder-judicial-evalua-si-archiva-o-no-investigacion-contra-enma-benavides\/#primaryimage","url":"https:\/\/pulso27.com\/wp-content\/uploads\/2023\/12\/emma-benavides.png","contentUrl":"https:\/\/pulso27.com\/wp-content\/uploads\/2023\/12\/emma-benavides.png","width":1200,"height":628},{"@type":"BreadcrumbList","@id":"https:\/\/pulso27.com\/nacional\/poder-judicial-evalua-si-archiva-o-no-investigacion-contra-enma-benavides\/#breadcrumb","itemListElement":[{"@type":"ListItem","position":1,"name":"Portada","item":"https:\/\/pulso27.com\/"},{"@type":"ListItem","position":2,"name":"Poder Judicial: eval\u00faa si archiva o no investigaci\u00f3n contra Enma Benavides"}]},{"@type":"WebSite","@id":"https:\/\/pulso27.com\/en\/#website","url":"https:\/\/pulso27.com\/en\/","name":"Pulso27","description":"Web de noticias y publicidad","publisher":{"@id":"https:\/\/pulso27.com\/en\/#organization"},"alternateName":"El pulso del pueblo","potentialAction":[{"@type":"SearchAction","target":{"@type":"EntryPoint","urlTemplate":"https:\/\/pulso27.com\/en\/?s={search_term_string}"},"query-input":{"@type":"PropertyValueSpecification","valueRequired":true,"valueName":"search_term_string"}}],"inLanguage":"en-US"},{"@type":"Organization","@id":"https:\/\/pulso27.com\/en\/#organization","name":"Pulso27","url":"https:\/\/pulso27.com\/en\/","logo":{"@type":"ImageObject","inLanguage":"en-US","@id":"https:\/\/pulso27.com\/en\/#\/schema\/logo\/image\/","url":"https:\/\/pulso27.com\/wp-content\/uploads\/2026\/02\/Logotipo-de-la-organizacion-696-x-696-px-ok.png","contentUrl":"https:\/\/pulso27.com\/wp-content\/uploads\/2026\/02\/Logotipo-de-la-organizacion-696-x-696-px-ok.png","width":696,"height":696,"caption":"Pulso27"},"image":{"@id":"https:\/\/pulso27.com\/en\/#\/schema\/logo\/image\/"},"sameAs":["https:\/\/www.facebook.com\/pulso27\/","https:\/\/x.com\/Pulso_27","https:\/\/www.youtube.com\/@Pulso27","https:\/\/www.tiktok.com\/@pulso_27"]},{"@type":"Person","@id":"https:\/\/pulso27.com\/en\/#\/schema\/person\/a0930a7f318e7d9d83bd7cffed9f34f6","name":"El Muki","image":{"@type":"ImageObject","inLanguage":"en-US","@id":"https:\/\/secure.gravatar.com\/avatar\/dc91c2607c5eebda74cbb40d13031f489096c96ead89c4c30c17db262267b2b3?s=96&d=mm&r=g","url":"https:\/\/secure.gravatar.com\/avatar\/dc91c2607c5eebda74cbb40d13031f489096c96ead89c4c30c17db262267b2b3?s=96&d=mm&r=g","contentUrl":"https:\/\/secure.gravatar.com\/avatar\/dc91c2607c5eebda74cbb40d13031f489096c96ead89c4c30c17db262267b2b3?s=96&d=mm&r=g","caption":"El Muki"},"sameAs":["http:\/\/www.pulso27.com"],"url":"https:\/\/pulso27.com\/en\/author\/elcuervo\/"}]}},"amp_enabled":true,"_links":{"self":[{"href":"https:\/\/pulso27.com\/en\/wp-json\/wp\/v2\/posts\/833","targetHints":{"allow":["GET"]}}],"collection":[{"href":"https:\/\/pulso27.com\/en\/wp-json\/wp\/v2\/posts"}],"about":[{"href":"https:\/\/pulso27.com\/en\/wp-json\/wp\/v2\/types\/post"}],"author":[{"embeddable":true,"href":"https:\/\/pulso27.com\/en\/wp-json\/wp\/v2\/users\/10"}],"replies":[{"embeddable":true,"href":"https:\/\/pulso27.com\/en\/wp-json\/wp\/v2\/comments?post=833"}],"version-history":[{"count":1,"href":"https:\/\/pulso27.com\/en\/wp-json\/wp\/v2\/posts\/833\/revisions"}],"predecessor-version":[{"id":835,"href":"https:\/\/pulso27.com\/en\/wp-json\/wp\/v2\/posts\/833\/revisions\/835"}],"wp:featuredmedia":[{"embeddable":true,"href":"https:\/\/pulso27.com\/en\/wp-json\/wp\/v2\/media\/834"}],"wp:attachment":[{"href":"https:\/\/pulso27.com\/en\/wp-json\/wp\/v2\/media?parent=833"}],"wp:term":[{"taxonomy":"category","embeddable":true,"href":"https:\/\/pulso27.com\/en\/wp-json\/wp\/v2\/categories?post=833"},{"taxonomy":"post_tag","embeddable":true,"href":"https:\/\/pulso27.com\/en\/wp-json\/wp\/v2\/tags?post=833"}],"curies":[{"name":"wp","href":"https:\/\/api.w.org\/{rel}","templated":true}]}}