{"id":836,"date":"2023-12-11T17:02:45","date_gmt":"2023-12-11T17:02:45","guid":{"rendered":"https:\/\/pulso27.com\/?p=836"},"modified":"2023-12-11T17:04:21","modified_gmt":"2023-12-11T17:04:21","slug":"tribunal-constitucional-magistrado-monteagudo-solicita-nulidad-de-fallo-que-libero-a-alberto-fujimori","status":"publish","type":"post","link":"https:\/\/pulso27.com\/en\/nacional\/tribunal-constitucional-magistrado-monteagudo-solicita-nulidad-de-fallo-que-libero-a-alberto-fujimori\/","title":{"rendered":"Tribunal Constitucional: Magistrado Monteagudo solicita nulidad de fallo que liber\u00f3 a Alberto Fujimori"},"content":{"rendered":"\n<p>Este 11 de diciembre, el magistrado Manuel Monteagudo solicit\u00f3 la nulidad de fallo del Tribunal Constitucional (TC) que liber\u00f3 al exdictador Alberto Fujimori, condenado a 25 a\u00f1os de c\u00e1rcel. Por medio de una carta dirigida al presidente del TC, Francisco Morales Saravia, fundament\u00f3 las diversas razones que debilitan el fallo del TC.<\/p>\n\n\n\n<p>\u00abEl auto de fecha 04.12.2023, incurre en una objetiva causal de nulidad al haberse pronunciado sobre un asunto que en ning\u00fan momento fue sometido a conocimiento o deliberaci\u00f3n del Pleno\u00bb, se lee en el documento.<\/p>\n\n\n\n<figure class=\"wp-block-image size-full is-resized\"><img loading=\"lazy\" decoding=\"async\" width=\"629\" height=\"436\" src=\"https:\/\/pulso27.com\/wp-content\/uploads\/2023\/12\/image-6.png\" alt=\"\" class=\"wp-image-837\" style=\"width:740px;height:auto\" srcset=\"https:\/\/pulso27.com\/wp-content\/uploads\/2023\/12\/image-6.png 629w, https:\/\/pulso27.com\/wp-content\/uploads\/2023\/12\/image-6-300x208.png 300w\" sizes=\"auto, (max-width: 629px) 100vw, 629px\" \/><\/figure>\n\n\n\n<p>Adem\u00e1s, indica que el auto del 21 de noviembre de este 2023, no conten\u00eda ninguna posici\u00f3n del TC acerca de las consecuencias jur\u00eddicas de la resoluci\u00f3n de la Corte IDH. \u00abLos cuatro magistrados consideraron que con dicha solicitud \u201c[s]e pretend[\u00eda] que el Tribunal Constitucional realice la valoraci\u00f3n de una resoluci\u00f3n emitida por la Corte Interamericana de Derechos Humanos, con fecha posterior a la emisi\u00f3n de la sentencia de autos, lo que desnaturaliza el instituto de la aclaraci\u00f3n, por lo que esta resulta igualmente improcedente\u00bb, sostiene Monteagudo.<\/p>\n\n\n\n<p>Fuente: La Republica<\/p>\n\n\n\n<p><\/p>\n","protected":false},"excerpt":{"rendered":"<p>El exdictador sali\u00f3 en libertad el \u00faltimo 6 de diciembre. Fujimori cumpl\u00eda una condena de 25 a\u00f1os de c\u00e1rcel en el penal de Barbadillo.<\/p>","protected":false},"author":10,"featured_media":838,"comment_status":"open","ping_status":"open","sticky":false,"template":"","format":"standard","meta":{"footnotes":""},"categories":[183,174,180],"tags":[385],"class_list":["post-836","post","type-post","status-publish","format-standard","has-post-thumbnail","hentry","category-actualidad","category-nacional","category-politica","tag-tribunal-constitucional"],"yoast_head":"<!-- This site is optimized with the Yoast SEO plugin v27.4 - https:\/\/yoast.com\/product\/yoast-seo-wordpress\/ -->\n<title>Tribunal Constitucional: Magistrado Monteagudo solicita nulidad de fallo que liber\u00f3 a Alberto Fujimori - Pulso27<\/title>\n<meta name=\"robots\" content=\"index, follow, max-snippet:-1, max-image-preview:large, max-video-preview:-1\" \/>\n<link rel=\"canonical\" href=\"https:\/\/pulso27.com\/en\/nacional\/tribunal-constitucional-magistrado-monteagudo-solicita-nulidad-de-fallo-que-libero-a-alberto-fujimori\/\" \/>\n<meta property=\"og:locale\" content=\"en_US\" \/>\n<meta property=\"og:type\" content=\"article\" \/>\n<meta property=\"og:title\" content=\"Tribunal Constitucional: Magistrado Monteagudo solicita nulidad de fallo que liber\u00f3 a Alberto Fujimori - Pulso27\" \/>\n<meta property=\"og:description\" content=\"El exdictador sali\u00f3 en libertad el \u00faltimo 6 de diciembre. Fujimori cumpl\u00eda una condena de 25 a\u00f1os de c\u00e1rcel en el penal de Barbadillo.\" \/>\n<meta property=\"og:url\" content=\"https:\/\/pulso27.com\/en\/nacional\/tribunal-constitucional-magistrado-monteagudo-solicita-nulidad-de-fallo-que-libero-a-alberto-fujimori\/\" \/>\n<meta property=\"og:site_name\" content=\"Pulso27\" \/>\n<meta property=\"article:publisher\" content=\"https:\/\/www.facebook.com\/pulso27\/\" \/>\n<meta property=\"article:published_time\" content=\"2023-12-11T17:02:45+00:00\" \/>\n<meta property=\"article:modified_time\" content=\"2023-12-11T17:04:21+00:00\" \/>\n<meta property=\"og:image\" content=\"https:\/\/pulso27.com\/wp-content\/uploads\/2023\/12\/monteagudo-fujimori2.png\" \/>\n\t<meta property=\"og:image:width\" content=\"511\" \/>\n\t<meta property=\"og:image:height\" content=\"398\" \/>\n\t<meta property=\"og:image:type\" content=\"image\/png\" \/>\n<meta name=\"author\" content=\"El Muki\" \/>\n<meta name=\"twitter:card\" content=\"summary_large_image\" \/>\n<meta name=\"twitter:creator\" content=\"@Pulso_27\" \/>\n<meta name=\"twitter:site\" content=\"@Pulso_27\" \/>\n<meta name=\"twitter:label1\" content=\"Written by\" \/>\n\t<meta name=\"twitter:data1\" content=\"El Muki\" \/>\n\t<meta name=\"twitter:label2\" content=\"Est. reading time\" \/>\n\t<meta name=\"twitter:data2\" content=\"1 minute\" \/>\n<script type=\"application\/ld+json\" class=\"yoast-schema-graph\">{\"@context\":\"https:\\\/\\\/schema.org\",\"@graph\":[{\"@type\":\"Article\",\"@id\":\"https:\\\/\\\/pulso27.com\\\/nacional\\\/tribunal-constitucional-magistrado-monteagudo-solicita-nulidad-de-fallo-que-libero-a-alberto-fujimori\\\/#article\",\"isPartOf\":{\"@id\":\"https:\\\/\\\/pulso27.com\\\/nacional\\\/tribunal-constitucional-magistrado-monteagudo-solicita-nulidad-de-fallo-que-libero-a-alberto-fujimori\\\/\"},\"author\":{\"name\":\"El Muki\",\"@id\":\"https:\\\/\\\/pulso27.com\\\/en\\\/#\\\/schema\\\/person\\\/a0930a7f318e7d9d83bd7cffed9f34f6\"},\"headline\":\"Tribunal Constitucional: Magistrado Monteagudo solicita nulidad de fallo que liber\u00f3 a Alberto Fujimori\",\"datePublished\":\"2023-12-11T17:02:45+00:00\",\"dateModified\":\"2023-12-11T17:04:21+00:00\",\"mainEntityOfPage\":{\"@id\":\"https:\\\/\\\/pulso27.com\\\/nacional\\\/tribunal-constitucional-magistrado-monteagudo-solicita-nulidad-de-fallo-que-libero-a-alberto-fujimori\\\/\"},\"wordCount\":199,\"commentCount\":0,\"publisher\":{\"@id\":\"https:\\\/\\\/pulso27.com\\\/en\\\/#organization\"},\"image\":{\"@id\":\"https:\\\/\\\/pulso27.com\\\/nacional\\\/tribunal-constitucional-magistrado-monteagudo-solicita-nulidad-de-fallo-que-libero-a-alberto-fujimori\\\/#primaryimage\"},\"thumbnailUrl\":\"https:\\\/\\\/pulso27.com\\\/wp-content\\\/uploads\\\/2023\\\/12\\\/monteagudo-fujimori2.png\",\"keywords\":[\"Tribunal Constitucional\"],\"articleSection\":[\"Actualidad\",\"Nacional\",\"Pol\u00edtica\"],\"inLanguage\":\"en-US\",\"potentialAction\":[{\"@type\":\"CommentAction\",\"name\":\"Comment\",\"target\":[\"https:\\\/\\\/pulso27.com\\\/nacional\\\/tribunal-constitucional-magistrado-monteagudo-solicita-nulidad-de-fallo-que-libero-a-alberto-fujimori\\\/#respond\"]}]},{\"@type\":\"WebPage\",\"@id\":\"https:\\\/\\\/pulso27.com\\\/nacional\\\/tribunal-constitucional-magistrado-monteagudo-solicita-nulidad-de-fallo-que-libero-a-alberto-fujimori\\\/\",\"url\":\"https:\\\/\\\/pulso27.com\\\/nacional\\\/tribunal-constitucional-magistrado-monteagudo-solicita-nulidad-de-fallo-que-libero-a-alberto-fujimori\\\/\",\"name\":\"Tribunal Constitucional: Magistrado Monteagudo solicita nulidad de fallo que liber\u00f3 a Alberto Fujimori - Pulso27\",\"isPartOf\":{\"@id\":\"https:\\\/\\\/pulso27.com\\\/en\\\/#website\"},\"primaryImageOfPage\":{\"@id\":\"https:\\\/\\\/pulso27.com\\\/nacional\\\/tribunal-constitucional-magistrado-monteagudo-solicita-nulidad-de-fallo-que-libero-a-alberto-fujimori\\\/#primaryimage\"},\"image\":{\"@id\":\"https:\\\/\\\/pulso27.com\\\/nacional\\\/tribunal-constitucional-magistrado-monteagudo-solicita-nulidad-de-fallo-que-libero-a-alberto-fujimori\\\/#primaryimage\"},\"thumbnailUrl\":\"https:\\\/\\\/pulso27.com\\\/wp-content\\\/uploads\\\/2023\\\/12\\\/monteagudo-fujimori2.png\",\"datePublished\":\"2023-12-11T17:02:45+00:00\",\"dateModified\":\"2023-12-11T17:04:21+00:00\",\"breadcrumb\":{\"@id\":\"https:\\\/\\\/pulso27.com\\\/nacional\\\/tribunal-constitucional-magistrado-monteagudo-solicita-nulidad-de-fallo-que-libero-a-alberto-fujimori\\\/#breadcrumb\"},\"inLanguage\":\"en-US\",\"potentialAction\":[{\"@type\":\"ReadAction\",\"target\":[\"https:\\\/\\\/pulso27.com\\\/nacional\\\/tribunal-constitucional-magistrado-monteagudo-solicita-nulidad-de-fallo-que-libero-a-alberto-fujimori\\\/\"]}]},{\"@type\":\"ImageObject\",\"inLanguage\":\"en-US\",\"@id\":\"https:\\\/\\\/pulso27.com\\\/nacional\\\/tribunal-constitucional-magistrado-monteagudo-solicita-nulidad-de-fallo-que-libero-a-alberto-fujimori\\\/#primaryimage\",\"url\":\"https:\\\/\\\/pulso27.com\\\/wp-content\\\/uploads\\\/2023\\\/12\\\/monteagudo-fujimori2.png\",\"contentUrl\":\"https:\\\/\\\/pulso27.com\\\/wp-content\\\/uploads\\\/2023\\\/12\\\/monteagudo-fujimori2.png\",\"width\":511,\"height\":398},{\"@type\":\"BreadcrumbList\",\"@id\":\"https:\\\/\\\/pulso27.com\\\/nacional\\\/tribunal-constitucional-magistrado-monteagudo-solicita-nulidad-de-fallo-que-libero-a-alberto-fujimori\\\/#breadcrumb\",\"itemListElement\":[{\"@type\":\"ListItem\",\"position\":1,\"name\":\"Portada\",\"item\":\"https:\\\/\\\/pulso27.com\\\/\"},{\"@type\":\"ListItem\",\"position\":2,\"name\":\"Tribunal Constitucional: Magistrado Monteagudo solicita nulidad de fallo que liber\u00f3 a Alberto Fujimori\"}]},{\"@type\":\"WebSite\",\"@id\":\"https:\\\/\\\/pulso27.com\\\/en\\\/#website\",\"url\":\"https:\\\/\\\/pulso27.com\\\/en\\\/\",\"name\":\"Pulso27\",\"description\":\"Web de noticias y publicidad\",\"publisher\":{\"@id\":\"https:\\\/\\\/pulso27.com\\\/en\\\/#organization\"},\"alternateName\":\"El pulso del pueblo\",\"potentialAction\":[{\"@type\":\"SearchAction\",\"target\":{\"@type\":\"EntryPoint\",\"urlTemplate\":\"https:\\\/\\\/pulso27.com\\\/en\\\/?s={search_term_string}\"},\"query-input\":{\"@type\":\"PropertyValueSpecification\",\"valueRequired\":true,\"valueName\":\"search_term_string\"}}],\"inLanguage\":\"en-US\"},{\"@type\":\"Organization\",\"@id\":\"https:\\\/\\\/pulso27.com\\\/en\\\/#organization\",\"name\":\"Pulso27\",\"url\":\"https:\\\/\\\/pulso27.com\\\/en\\\/\",\"logo\":{\"@type\":\"ImageObject\",\"inLanguage\":\"en-US\",\"@id\":\"https:\\\/\\\/pulso27.com\\\/en\\\/#\\\/schema\\\/logo\\\/image\\\/\",\"url\":\"https:\\\/\\\/pulso27.com\\\/wp-content\\\/uploads\\\/2026\\\/02\\\/Logotipo-de-la-organizacion-696-x-696-px-ok.png\",\"contentUrl\":\"https:\\\/\\\/pulso27.com\\\/wp-content\\\/uploads\\\/2026\\\/02\\\/Logotipo-de-la-organizacion-696-x-696-px-ok.png\",\"width\":696,\"height\":696,\"caption\":\"Pulso27\"},\"image\":{\"@id\":\"https:\\\/\\\/pulso27.com\\\/en\\\/#\\\/schema\\\/logo\\\/image\\\/\"},\"sameAs\":[\"https:\\\/\\\/www.facebook.com\\\/pulso27\\\/\",\"https:\\\/\\\/x.com\\\/Pulso_27\",\"https:\\\/\\\/www.youtube.com\\\/@Pulso27\",\"https:\\\/\\\/www.tiktok.com\\\/@pulso_27\"]},{\"@type\":\"Person\",\"@id\":\"https:\\\/\\\/pulso27.com\\\/en\\\/#\\\/schema\\\/person\\\/a0930a7f318e7d9d83bd7cffed9f34f6\",\"name\":\"El Muki\",\"image\":{\"@type\":\"ImageObject\",\"inLanguage\":\"en-US\",\"@id\":\"https:\\\/\\\/secure.gravatar.com\\\/avatar\\\/dc91c2607c5eebda74cbb40d13031f489096c96ead89c4c30c17db262267b2b3?s=96&d=mm&r=g\",\"url\":\"https:\\\/\\\/secure.gravatar.com\\\/avatar\\\/dc91c2607c5eebda74cbb40d13031f489096c96ead89c4c30c17db262267b2b3?s=96&d=mm&r=g\",\"contentUrl\":\"https:\\\/\\\/secure.gravatar.com\\\/avatar\\\/dc91c2607c5eebda74cbb40d13031f489096c96ead89c4c30c17db262267b2b3?s=96&d=mm&r=g\",\"caption\":\"El Muki\"},\"sameAs\":[\"http:\\\/\\\/www.pulso27.com\"],\"url\":\"https:\\\/\\\/pulso27.com\\\/en\\\/author\\\/elcuervo\\\/\"}]}<\/script>\n<!-- \/ Yoast SEO plugin. -->","yoast_head_json":{"title":"Tribunal Constitucional: Magistrado Monteagudo solicita nulidad de fallo que liber\u00f3 a Alberto Fujimori - Pulso27","robots":{"index":"index","follow":"follow","max-snippet":"max-snippet:-1","max-image-preview":"max-image-preview:large","max-video-preview":"max-video-preview:-1"},"canonical":"https:\/\/pulso27.com\/en\/nacional\/tribunal-constitucional-magistrado-monteagudo-solicita-nulidad-de-fallo-que-libero-a-alberto-fujimori\/","og_locale":"en_US","og_type":"article","og_title":"Tribunal Constitucional: Magistrado Monteagudo solicita nulidad de fallo que liber\u00f3 a Alberto Fujimori - Pulso27","og_description":"El exdictador sali\u00f3 en libertad el \u00faltimo 6 de diciembre. Fujimori cumpl\u00eda una condena de 25 a\u00f1os de c\u00e1rcel en el penal de Barbadillo.","og_url":"https:\/\/pulso27.com\/en\/nacional\/tribunal-constitucional-magistrado-monteagudo-solicita-nulidad-de-fallo-que-libero-a-alberto-fujimori\/","og_site_name":"Pulso27","article_publisher":"https:\/\/www.facebook.com\/pulso27\/","article_published_time":"2023-12-11T17:02:45+00:00","article_modified_time":"2023-12-11T17:04:21+00:00","og_image":[{"width":511,"height":398,"url":"https:\/\/pulso27.com\/wp-content\/uploads\/2023\/12\/monteagudo-fujimori2.png","type":"image\/png"}],"author":"El Muki","twitter_card":"summary_large_image","twitter_creator":"@Pulso_27","twitter_site":"@Pulso_27","twitter_misc":{"Written by":"El Muki","Est. reading time":"1 minute"},"schema":{"@context":"https:\/\/schema.org","@graph":[{"@type":"Article","@id":"https:\/\/pulso27.com\/nacional\/tribunal-constitucional-magistrado-monteagudo-solicita-nulidad-de-fallo-que-libero-a-alberto-fujimori\/#article","isPartOf":{"@id":"https:\/\/pulso27.com\/nacional\/tribunal-constitucional-magistrado-monteagudo-solicita-nulidad-de-fallo-que-libero-a-alberto-fujimori\/"},"author":{"name":"El Muki","@id":"https:\/\/pulso27.com\/en\/#\/schema\/person\/a0930a7f318e7d9d83bd7cffed9f34f6"},"headline":"Tribunal Constitucional: Magistrado Monteagudo solicita nulidad de fallo que liber\u00f3 a Alberto Fujimori","datePublished":"2023-12-11T17:02:45+00:00","dateModified":"2023-12-11T17:04:21+00:00","mainEntityOfPage":{"@id":"https:\/\/pulso27.com\/nacional\/tribunal-constitucional-magistrado-monteagudo-solicita-nulidad-de-fallo-que-libero-a-alberto-fujimori\/"},"wordCount":199,"commentCount":0,"publisher":{"@id":"https:\/\/pulso27.com\/en\/#organization"},"image":{"@id":"https:\/\/pulso27.com\/nacional\/tribunal-constitucional-magistrado-monteagudo-solicita-nulidad-de-fallo-que-libero-a-alberto-fujimori\/#primaryimage"},"thumbnailUrl":"https:\/\/pulso27.com\/wp-content\/uploads\/2023\/12\/monteagudo-fujimori2.png","keywords":["Tribunal Constitucional"],"articleSection":["Actualidad","Nacional","Pol\u00edtica"],"inLanguage":"en-US","potentialAction":[{"@type":"CommentAction","name":"Comment","target":["https:\/\/pulso27.com\/nacional\/tribunal-constitucional-magistrado-monteagudo-solicita-nulidad-de-fallo-que-libero-a-alberto-fujimori\/#respond"]}]},{"@type":"WebPage","@id":"https:\/\/pulso27.com\/nacional\/tribunal-constitucional-magistrado-monteagudo-solicita-nulidad-de-fallo-que-libero-a-alberto-fujimori\/","url":"https:\/\/pulso27.com\/nacional\/tribunal-constitucional-magistrado-monteagudo-solicita-nulidad-de-fallo-que-libero-a-alberto-fujimori\/","name":"Tribunal Constitucional: Magistrado Monteagudo solicita nulidad de fallo que liber\u00f3 a Alberto Fujimori - Pulso27","isPartOf":{"@id":"https:\/\/pulso27.com\/en\/#website"},"primaryImageOfPage":{"@id":"https:\/\/pulso27.com\/nacional\/tribunal-constitucional-magistrado-monteagudo-solicita-nulidad-de-fallo-que-libero-a-alberto-fujimori\/#primaryimage"},"image":{"@id":"https:\/\/pulso27.com\/nacional\/tribunal-constitucional-magistrado-monteagudo-solicita-nulidad-de-fallo-que-libero-a-alberto-fujimori\/#primaryimage"},"thumbnailUrl":"https:\/\/pulso27.com\/wp-content\/uploads\/2023\/12\/monteagudo-fujimori2.png","datePublished":"2023-12-11T17:02:45+00:00","dateModified":"2023-12-11T17:04:21+00:00","breadcrumb":{"@id":"https:\/\/pulso27.com\/nacional\/tribunal-constitucional-magistrado-monteagudo-solicita-nulidad-de-fallo-que-libero-a-alberto-fujimori\/#breadcrumb"},"inLanguage":"en-US","potentialAction":[{"@type":"ReadAction","target":["https:\/\/pulso27.com\/nacional\/tribunal-constitucional-magistrado-monteagudo-solicita-nulidad-de-fallo-que-libero-a-alberto-fujimori\/"]}]},{"@type":"ImageObject","inLanguage":"en-US","@id":"https:\/\/pulso27.com\/nacional\/tribunal-constitucional-magistrado-monteagudo-solicita-nulidad-de-fallo-que-libero-a-alberto-fujimori\/#primaryimage","url":"https:\/\/pulso27.com\/wp-content\/uploads\/2023\/12\/monteagudo-fujimori2.png","contentUrl":"https:\/\/pulso27.com\/wp-content\/uploads\/2023\/12\/monteagudo-fujimori2.png","width":511,"height":398},{"@type":"BreadcrumbList","@id":"https:\/\/pulso27.com\/nacional\/tribunal-constitucional-magistrado-monteagudo-solicita-nulidad-de-fallo-que-libero-a-alberto-fujimori\/#breadcrumb","itemListElement":[{"@type":"ListItem","position":1,"name":"Portada","item":"https:\/\/pulso27.com\/"},{"@type":"ListItem","position":2,"name":"Tribunal Constitucional: Magistrado Monteagudo solicita nulidad de fallo que liber\u00f3 a Alberto Fujimori"}]},{"@type":"WebSite","@id":"https:\/\/pulso27.com\/en\/#website","url":"https:\/\/pulso27.com\/en\/","name":"Pulso27","description":"Web de noticias y publicidad","publisher":{"@id":"https:\/\/pulso27.com\/en\/#organization"},"alternateName":"El pulso del pueblo","potentialAction":[{"@type":"SearchAction","target":{"@type":"EntryPoint","urlTemplate":"https:\/\/pulso27.com\/en\/?s={search_term_string}"},"query-input":{"@type":"PropertyValueSpecification","valueRequired":true,"valueName":"search_term_string"}}],"inLanguage":"en-US"},{"@type":"Organization","@id":"https:\/\/pulso27.com\/en\/#organization","name":"Pulso27","url":"https:\/\/pulso27.com\/en\/","logo":{"@type":"ImageObject","inLanguage":"en-US","@id":"https:\/\/pulso27.com\/en\/#\/schema\/logo\/image\/","url":"https:\/\/pulso27.com\/wp-content\/uploads\/2026\/02\/Logotipo-de-la-organizacion-696-x-696-px-ok.png","contentUrl":"https:\/\/pulso27.com\/wp-content\/uploads\/2026\/02\/Logotipo-de-la-organizacion-696-x-696-px-ok.png","width":696,"height":696,"caption":"Pulso27"},"image":{"@id":"https:\/\/pulso27.com\/en\/#\/schema\/logo\/image\/"},"sameAs":["https:\/\/www.facebook.com\/pulso27\/","https:\/\/x.com\/Pulso_27","https:\/\/www.youtube.com\/@Pulso27","https:\/\/www.tiktok.com\/@pulso_27"]},{"@type":"Person","@id":"https:\/\/pulso27.com\/en\/#\/schema\/person\/a0930a7f318e7d9d83bd7cffed9f34f6","name":"El Muki","image":{"@type":"ImageObject","inLanguage":"en-US","@id":"https:\/\/secure.gravatar.com\/avatar\/dc91c2607c5eebda74cbb40d13031f489096c96ead89c4c30c17db262267b2b3?s=96&d=mm&r=g","url":"https:\/\/secure.gravatar.com\/avatar\/dc91c2607c5eebda74cbb40d13031f489096c96ead89c4c30c17db262267b2b3?s=96&d=mm&r=g","contentUrl":"https:\/\/secure.gravatar.com\/avatar\/dc91c2607c5eebda74cbb40d13031f489096c96ead89c4c30c17db262267b2b3?s=96&d=mm&r=g","caption":"El Muki"},"sameAs":["http:\/\/www.pulso27.com"],"url":"https:\/\/pulso27.com\/en\/author\/elcuervo\/"}]}},"amp_enabled":true,"_links":{"self":[{"href":"https:\/\/pulso27.com\/en\/wp-json\/wp\/v2\/posts\/836","targetHints":{"allow":["GET"]}}],"collection":[{"href":"https:\/\/pulso27.com\/en\/wp-json\/wp\/v2\/posts"}],"about":[{"href":"https:\/\/pulso27.com\/en\/wp-json\/wp\/v2\/types\/post"}],"author":[{"embeddable":true,"href":"https:\/\/pulso27.com\/en\/wp-json\/wp\/v2\/users\/10"}],"replies":[{"embeddable":true,"href":"https:\/\/pulso27.com\/en\/wp-json\/wp\/v2\/comments?post=836"}],"version-history":[{"count":1,"href":"https:\/\/pulso27.com\/en\/wp-json\/wp\/v2\/posts\/836\/revisions"}],"predecessor-version":[{"id":839,"href":"https:\/\/pulso27.com\/en\/wp-json\/wp\/v2\/posts\/836\/revisions\/839"}],"wp:featuredmedia":[{"embeddable":true,"href":"https:\/\/pulso27.com\/en\/wp-json\/wp\/v2\/media\/838"}],"wp:attachment":[{"href":"https:\/\/pulso27.com\/en\/wp-json\/wp\/v2\/media?parent=836"}],"wp:term":[{"taxonomy":"category","embeddable":true,"href":"https:\/\/pulso27.com\/en\/wp-json\/wp\/v2\/categories?post=836"},{"taxonomy":"post_tag","embeddable":true,"href":"https:\/\/pulso27.com\/en\/wp-json\/wp\/v2\/tags?post=836"}],"curies":[{"name":"wp","href":"https:\/\/api.w.org\/{rel}","templated":true}]}}