{"id":8860,"date":"2026-09-02T10:28:05","date_gmt":"2026-09-02T05:28:05","guid":{"rendered":"https:\/\/pulso27.com\/?p=8860"},"modified":"2026-09-02T10:28:09","modified_gmt":"2026-09-02T05:28:09","slug":"fernando-cerimedo-lima-asuncion-keiko-fujimori","status":"publish","type":"post","link":"https:\/\/pulso27.com\/en\/actualidad\/politica\/fernando-cerimedo-lima-asuncion-keiko-fujimori\/","title":{"rendered":"Cerimedo estuvo en Lima durante la asunci\u00f3n de Keiko Fujimori y crecen las preguntas sobre vinculaci\u00f3n pol\u00edtica"},"content":{"rendered":"<p>Lima, 1 de setiembre de 2026.- Fernando Cerimedo, consultor pol\u00edtico y operador digital argentino actualmente detenido en Bolivia, ingres\u00f3 a Lima el 27 de julio y sali\u00f3 el 28, coincidiendo con el d\u00eda en que Keiko Fujimori asumi\u00f3 la Presidencia del Per\u00fa. Los registros migratorios fueron reportados por el Diario La Rep\u00fablica.<\/p>\n\n\n\n<p><strong>Una visita en una fecha clave<\/strong><\/p>\n\n\n\n<p>La presencia de Cerimedo adquiere relevancia porque, seg\u00fan investigaciones period\u00edsticas, ya manten\u00eda contactos con personas vinculadas al entorno fujimorista desde 2025. La Rep\u00fablica document\u00f3 adem\u00e1s una fotograf\u00eda de marzo de 2025 en la que aparece junto a Carlos D\u00edaz-Rosillo, asesor y amigo cercano de Fujimori.<\/p>\n\n\n\n<p>Seg\u00fan el testimonio de Nadia Beller, expareja de Cerimedo, el argentino le envi\u00f3 el 28 de julio una fotograf\u00eda tomada en el hotel Marriott de Miraflores junto a una mujer a quien habr\u00eda presentado como enlace con el equipo de Fujimori. Beller sostuvo que ambos desayunaron ese d\u00eda en el hotel. La identidad de la mujer y la naturaleza del supuesto encuentro no han sido corroboradas de manera independiente.<\/p>\n\n\n\n<p><strong>Los registros migratorios<\/strong><\/p>\n\n\n\n<p>Los movimientos migratorios citados por La Rep\u00fablica muestran otros ingresos de Cerimedo al Per\u00fa durante 2025. El 9 de noviembre y el 9 de diciembre ingres\u00f3 desde Bolivia y sali\u00f3 el mismo d\u00eda hacia otros destinos. Entre el 28 y el 30 de diciembre permaneci\u00f3 nuevamente en Lima.<\/p>\n\n\n\n<p>El 27 de julio de 2026 volvi\u00f3 a ingresar desde Bolivia y abandon\u00f3 el pa\u00eds al d\u00eda siguiente. La coincidencia con la ceremonia de asunci\u00f3n presidencial constituye uno de los principales elementos que ahora requieren explicaci\u00f3n.<\/p>\n\n\n\n<p><strong>Coincidencias en el entorno de Fujimori<\/strong><\/p>\n\n\n\n<p>La investigaci\u00f3n tambi\u00e9n registra la presencia en Lima, el 28 de julio, de Carlos D\u00edaz-Rosillo y del empresario argentino Dami\u00e1n Valenzuela, ambos relacionados p\u00fablicamente con el entorno de Fujimori. La coincidencia migratoria, sin embargo, no demuestra que los tres hayan sostenido una reuni\u00f3n.<\/p>\n\n\n\n<p>A esta red se suma Javier Negre, socio espa\u00f1ol de Cerimedo en La Derecha Diario, quien asisti\u00f3 como invitado a la ceremonia de asunci\u00f3n de Fujimori. El medio difundi\u00f3 durante la campa\u00f1a contenidos favorables a la entonces candidata.<\/p>\n\n\n\n<p><strong>Cerimedo y sus investigaciones en Bolivia<\/strong><\/p>\n\n\n\n<p>Cerimedo permanece detenido en Bolivia en una investigaci\u00f3n por el presunto intento de feminicidio contra Beller. Tambi\u00e9n enfrenta otras pesquisas, entre ellas una relacionada con un supuesto enriquecimiento il\u00edcito. El argentino niega las acusaciones.<\/p>\n\n\n\n<p>Las autoridades bolivianas investigan adem\u00e1s una infraestructura digital que habr\u00eda sido utilizada para operar cuentas falsas y distribuir contenido en redes sociales. Estos hechos forman parte de investigaciones en curso y no constituyen una condena judicial.<\/p>\n\n\n\n<p><strong>Lo que est\u00e1 por probarse<\/strong><\/p>\n\n\n\n<p>La presencia de Cerimedo en Lima durante la asunci\u00f3n de Fujimori s\u00ed aparece respaldada por los registros migratorios citados por La Rep\u00fablica. Tambi\u00e9n existe el testimonio de Beller y documentaci\u00f3n period\u00edstica sobre sus v\u00ednculos con personas cercanas a la presidenta.<\/p>\n\n\n\n<p>Pero no existe evidencia p\u00fablica suficiente para afirmar que Cerimedo fue contratado por Fujimori, que recibi\u00f3 pagos de Fuerza Popular o del Estado peruano, o que dirigi\u00f3 una operaci\u00f3n digital para la campa\u00f1a o el Gobierno.<\/p>\n\n\n\n<p>La principal pregunta permanece abierta: \u00bfcon qui\u00e9n se reuni\u00f3 Cerimedo en Lima el 28 de julio, qui\u00e9n coordin\u00f3 su presencia y qu\u00e9 actividad desarroll\u00f3 durante esas horas?<\/p>\n\n\n\n<p>Responderla requiere revisar agendas, registros de ingreso, comunicaciones, documentos de campa\u00f1a y eventuales movimientos econ\u00f3micos. Para Pulso27.com, esa es la ruta que permitir\u00e1 determinar si se trat\u00f3 de una coincidencia, un encuentro pol\u00edtico o parte de una relaci\u00f3n m\u00e1s amplia con el nuevo poder presidencial.<\/p>","protected":false},"excerpt":{"rendered":"<p>Lima, 1 de setiembre de 2026.- Fernando Cerimedo, consultor pol\u00edtico y operador digital argentino actualmente detenido en Bolivia, ingres\u00f3 a Lima el 27 de julio y sali\u00f3 el 28, coincidiendo con el d\u00eda en que Keiko Fujimori asumi\u00f3 la Presidencia del Per\u00fa. Los registros migratorios fueron reportados por el Diario La Rep\u00fablica. Una visita en [&hellip;]<\/p>\n","protected":false},"author":7,"featured_media":8861,"comment_status":"open","ping_status":"open","sticky":false,"template":"","format":"standard","meta":{"footnotes":""},"categories":[183,173,1843,180],"tags":[3289,3291,3294,3290,3293,3222,761,3292],"class_list":["post-8860","post","type-post","status-publish","format-standard","has-post-thumbnail","hentry","category-actualidad","category-internacional","category-opinion","category-politica","tag-carlos-diaz-rosillo-2","tag-cerimedo-en-lima","tag-damian-valenzuela","tag-fernando-cerimedo-peru","tag-fernando-cerimedo-y-keiko-fujimori","tag-javier-negre","tag-keiko-fujimori","tag-la-derecha-diario"],"yoast_head":"<!-- This site is optimized with the Yoast SEO plugin v28.2 - https:\/\/yoast.com\/product\/yoast-seo-wordpress\/ -->\n<title>Cerimedo estuvo en Lima durante la asunci\u00f3n de Keiko Fujimori y crecen las preguntas sobre vinculaci\u00f3n pol\u00edtica - Pulso27<\/title>\n<meta name=\"description\" content=\"Fernando Cerimedo estuvo en Lima el 28 de julio el d\u00eda de la asunci\u00f3n de Keiko Fujimori\" \/>\n<meta name=\"robots\" content=\"index, follow, max-snippet:-1, max-image-preview:large, max-video-preview:-1\" \/>\n<link rel=\"canonical\" href=\"https:\/\/pulso27.com\/en\/actualidad\/politica\/fernando-cerimedo-lima-asuncion-keiko-fujimori\/\" \/>\n<meta property=\"og:locale\" content=\"en_US\" \/>\n<meta property=\"og:type\" content=\"article\" \/>\n<meta property=\"og:title\" content=\"Cerimedo estuvo en Lima durante la asunci\u00f3n de Keiko Fujimori y crecen las preguntas sobre vinculaci\u00f3n pol\u00edtica - Pulso27\" \/>\n<meta property=\"og:description\" content=\"Fernando Cerimedo estuvo en Lima el 28 de julio el d\u00eda de la asunci\u00f3n de Keiko Fujimori\" \/>\n<meta property=\"og:url\" content=\"https:\/\/pulso27.com\/en\/actualidad\/politica\/fernando-cerimedo-lima-asuncion-keiko-fujimori\/\" \/>\n<meta property=\"og:site_name\" content=\"Pulso27\" \/>\n<meta property=\"article:publisher\" content=\"https:\/\/www.facebook.com\/pulso27\/\" \/>\n<meta property=\"article:published_time\" content=\"2026-09-02T05:28:05+00:00\" \/>\n<meta property=\"article:modified_time\" content=\"2026-09-02T05:28:09+00:00\" \/>\n<meta property=\"og:image\" content=\"https:\/\/pulso27.com\/wp-content\/uploads\/2026\/09\/Cerimedo.png\" \/>\n\t<meta property=\"og:image:width\" content=\"1200\" \/>\n\t<meta property=\"og:image:height\" content=\"800\" \/>\n\t<meta property=\"og:image:type\" content=\"image\/png\" \/>\n<meta name=\"author\" content=\"Tupaq\" \/>\n<meta name=\"twitter:card\" content=\"summary_large_image\" \/>\n<meta name=\"twitter:creator\" content=\"@Pulso_27\" \/>\n<meta name=\"twitter:site\" content=\"@Pulso_27\" \/>\n<meta name=\"twitter:label1\" content=\"Written by\" \/>\n\t<meta name=\"twitter:data1\" content=\"Tupaq\" \/>\n\t<meta name=\"twitter:label2\" content=\"Est. reading time\" \/>\n\t<meta name=\"twitter:data2\" content=\"3 minutes\" \/>\n<script type=\"application\/ld+json\" class=\"yoast-schema-graph\">{\"@context\":\"https:\\\/\\\/schema.org\",\"@graph\":[{\"@type\":\"Article\",\"@id\":\"https:\\\/\\\/pulso27.com\\\/actualidad\\\/politica\\\/fernando-cerimedo-lima-asuncion-keiko-fujimori\\\/#article\",\"isPartOf\":{\"@id\":\"https:\\\/\\\/pulso27.com\\\/actualidad\\\/politica\\\/fernando-cerimedo-lima-asuncion-keiko-fujimori\\\/\"},\"author\":{\"name\":\"Tupaq\",\"@id\":\"https:\\\/\\\/pulso27.com\\\/en\\\/#\\\/schema\\\/person\\\/d20fd7f5bc7f2e53fd150d43fca07a78\"},\"headline\":\"Cerimedo estuvo en Lima durante la asunci\u00f3n de Keiko Fujimori y crecen las preguntas sobre vinculaci\u00f3n pol\u00edtica\",\"datePublished\":\"2026-09-02T05:28:05+00:00\",\"dateModified\":\"2026-09-02T05:28:09+00:00\",\"mainEntityOfPage\":{\"@id\":\"https:\\\/\\\/pulso27.com\\\/actualidad\\\/politica\\\/fernando-cerimedo-lima-asuncion-keiko-fujimori\\\/\"},\"wordCount\":631,\"commentCount\":0,\"publisher\":{\"@id\":\"https:\\\/\\\/pulso27.com\\\/en\\\/#organization\"},\"image\":{\"@id\":\"https:\\\/\\\/pulso27.com\\\/actualidad\\\/politica\\\/fernando-cerimedo-lima-asuncion-keiko-fujimori\\\/#primaryimage\"},\"thumbnailUrl\":\"https:\\\/\\\/pulso27.com\\\/wp-content\\\/uploads\\\/2026\\\/09\\\/Cerimedo.png\",\"keywords\":[\"Carlos D\u00edaz-Rosillo\",\"Cerimedo en Lima\",\"Dami\u00e1n Valenzuela\",\"Fernando Cerimedo Per\u00fa\",\"Fernando Cerimedo y Keiko Fujimori\",\"Javier Negre\",\"Keiko Fujimori\",\"La Derecha Diario\"],\"articleSection\":[\"Actualidad\",\"Internacional\",\"Opini\u00f3n\",\"Pol\u00edtica\"],\"inLanguage\":\"en-US\",\"potentialAction\":[{\"@type\":\"CommentAction\",\"name\":\"Comment\",\"target\":[\"https:\\\/\\\/pulso27.com\\\/actualidad\\\/politica\\\/fernando-cerimedo-lima-asuncion-keiko-fujimori\\\/#respond\"]}]},{\"@type\":\"WebPage\",\"@id\":\"https:\\\/\\\/pulso27.com\\\/actualidad\\\/politica\\\/fernando-cerimedo-lima-asuncion-keiko-fujimori\\\/\",\"url\":\"https:\\\/\\\/pulso27.com\\\/actualidad\\\/politica\\\/fernando-cerimedo-lima-asuncion-keiko-fujimori\\\/\",\"name\":\"Cerimedo estuvo en Lima durante la asunci\u00f3n de Keiko Fujimori y crecen las preguntas sobre vinculaci\u00f3n pol\u00edtica - Pulso27\",\"isPartOf\":{\"@id\":\"https:\\\/\\\/pulso27.com\\\/en\\\/#website\"},\"primaryImageOfPage\":{\"@id\":\"https:\\\/\\\/pulso27.com\\\/actualidad\\\/politica\\\/fernando-cerimedo-lima-asuncion-keiko-fujimori\\\/#primaryimage\"},\"image\":{\"@id\":\"https:\\\/\\\/pulso27.com\\\/actualidad\\\/politica\\\/fernando-cerimedo-lima-asuncion-keiko-fujimori\\\/#primaryimage\"},\"thumbnailUrl\":\"https:\\\/\\\/pulso27.com\\\/wp-content\\\/uploads\\\/2026\\\/09\\\/Cerimedo.png\",\"datePublished\":\"2026-09-02T05:28:05+00:00\",\"dateModified\":\"2026-09-02T05:28:09+00:00\",\"description\":\"Fernando Cerimedo estuvo en Lima el 28 de julio el d\u00eda de la asunci\u00f3n de Keiko Fujimori\",\"breadcrumb\":{\"@id\":\"https:\\\/\\\/pulso27.com\\\/actualidad\\\/politica\\\/fernando-cerimedo-lima-asuncion-keiko-fujimori\\\/#breadcrumb\"},\"inLanguage\":\"en-US\",\"potentialAction\":[{\"@type\":\"ReadAction\",\"target\":[\"https:\\\/\\\/pulso27.com\\\/actualidad\\\/politica\\\/fernando-cerimedo-lima-asuncion-keiko-fujimori\\\/\"]}]},{\"@type\":\"ImageObject\",\"inLanguage\":\"en-US\",\"@id\":\"https:\\\/\\\/pulso27.com\\\/actualidad\\\/politica\\\/fernando-cerimedo-lima-asuncion-keiko-fujimori\\\/#primaryimage\",\"url\":\"https:\\\/\\\/pulso27.com\\\/wp-content\\\/uploads\\\/2026\\\/09\\\/Cerimedo.png\",\"contentUrl\":\"https:\\\/\\\/pulso27.com\\\/wp-content\\\/uploads\\\/2026\\\/09\\\/Cerimedo.png\",\"width\":1200,\"height\":800},{\"@type\":\"BreadcrumbList\",\"@id\":\"https:\\\/\\\/pulso27.com\\\/actualidad\\\/politica\\\/fernando-cerimedo-lima-asuncion-keiko-fujimori\\\/#breadcrumb\",\"itemListElement\":[{\"@type\":\"ListItem\",\"position\":1,\"name\":\"Portada\",\"item\":\"https:\\\/\\\/pulso27.com\\\/\"},{\"@type\":\"ListItem\",\"position\":2,\"name\":\"Cerimedo estuvo en Lima durante la asunci\u00f3n de Keiko Fujimori y crecen las preguntas sobre vinculaci\u00f3n pol\u00edtica\"}]},{\"@type\":\"WebSite\",\"@id\":\"https:\\\/\\\/pulso27.com\\\/en\\\/#website\",\"url\":\"https:\\\/\\\/pulso27.com\\\/en\\\/\",\"name\":\"Pulso27\",\"description\":\"Web de noticias y publicidad\",\"publisher\":{\"@id\":\"https:\\\/\\\/pulso27.com\\\/en\\\/#organization\"},\"alternateName\":\"El pulso del pueblo\",\"potentialAction\":[{\"@type\":\"SearchAction\",\"target\":{\"@type\":\"EntryPoint\",\"urlTemplate\":\"https:\\\/\\\/pulso27.com\\\/en\\\/?s={search_term_string}\"},\"query-input\":{\"@type\":\"PropertyValueSpecification\",\"valueRequired\":true,\"valueName\":\"search_term_string\"}}],\"inLanguage\":\"en-US\"},{\"@type\":\"Organization\",\"@id\":\"https:\\\/\\\/pulso27.com\\\/en\\\/#organization\",\"name\":\"Pulso27\",\"url\":\"https:\\\/\\\/pulso27.com\\\/en\\\/\",\"logo\":{\"@type\":\"ImageObject\",\"inLanguage\":\"en-US\",\"@id\":\"https:\\\/\\\/pulso27.com\\\/en\\\/#\\\/schema\\\/logo\\\/image\\\/\",\"url\":\"https:\\\/\\\/pulso27.com\\\/wp-content\\\/uploads\\\/2026\\\/02\\\/Logotipo-de-la-organizacion-696-x-696-px-ok.png\",\"contentUrl\":\"https:\\\/\\\/pulso27.com\\\/wp-content\\\/uploads\\\/2026\\\/02\\\/Logotipo-de-la-organizacion-696-x-696-px-ok.png\",\"width\":696,\"height\":696,\"caption\":\"Pulso27\"},\"image\":{\"@id\":\"https:\\\/\\\/pulso27.com\\\/en\\\/#\\\/schema\\\/logo\\\/image\\\/\"},\"sameAs\":[\"https:\\\/\\\/www.facebook.com\\\/pulso27\\\/\",\"https:\\\/\\\/x.com\\\/Pulso_27\",\"https:\\\/\\\/www.youtube.com\\\/@Pulso27\",\"https:\\\/\\\/www.tiktok.com\\\/@pulso_27\"]},{\"@type\":\"Person\",\"@id\":\"https:\\\/\\\/pulso27.com\\\/en\\\/#\\\/schema\\\/person\\\/d20fd7f5bc7f2e53fd150d43fca07a78\",\"name\":\"Tupaq\",\"image\":{\"@type\":\"ImageObject\",\"inLanguage\":\"en-US\",\"@id\":\"https:\\\/\\\/secure.gravatar.com\\\/avatar\\\/7929e9b034aeea560319a601e4f04c59eb5f45a79eafe192adabb67e9604e7e7?s=96&d=mm&r=g\",\"url\":\"https:\\\/\\\/secure.gravatar.com\\\/avatar\\\/7929e9b034aeea560319a601e4f04c59eb5f45a79eafe192adabb67e9604e7e7?s=96&d=mm&r=g\",\"contentUrl\":\"https:\\\/\\\/secure.gravatar.com\\\/avatar\\\/7929e9b034aeea560319a601e4f04c59eb5f45a79eafe192adabb67e9604e7e7?s=96&d=mm&r=g\",\"caption\":\"Tupaq\"},\"url\":\"https:\\\/\\\/pulso27.com\\\/en\\\/author\\\/tupaq\\\/\"}]}<\/script>\n<!-- \/ Yoast SEO plugin. -->","yoast_head_json":{"title":"Cerimedo estuvo en Lima durante la asunci\u00f3n de Keiko Fujimori y crecen las preguntas sobre vinculaci\u00f3n pol\u00edtica - Pulso27","description":"Fernando Cerimedo estuvo en Lima el 28 de julio el d\u00eda de la asunci\u00f3n de Keiko Fujimori","robots":{"index":"index","follow":"follow","max-snippet":"max-snippet:-1","max-image-preview":"max-image-preview:large","max-video-preview":"max-video-preview:-1"},"canonical":"https:\/\/pulso27.com\/en\/actualidad\/politica\/fernando-cerimedo-lima-asuncion-keiko-fujimori\/","og_locale":"en_US","og_type":"article","og_title":"Cerimedo estuvo en Lima durante la asunci\u00f3n de Keiko Fujimori y crecen las preguntas sobre vinculaci\u00f3n pol\u00edtica - Pulso27","og_description":"Fernando Cerimedo estuvo en Lima el 28 de julio el d\u00eda de la asunci\u00f3n de Keiko Fujimori","og_url":"https:\/\/pulso27.com\/en\/actualidad\/politica\/fernando-cerimedo-lima-asuncion-keiko-fujimori\/","og_site_name":"Pulso27","article_publisher":"https:\/\/www.facebook.com\/pulso27\/","article_published_time":"2026-09-02T05:28:05+00:00","article_modified_time":"2026-09-02T05:28:09+00:00","og_image":[{"width":1200,"height":800,"url":"https:\/\/pulso27.com\/wp-content\/uploads\/2026\/09\/Cerimedo.png","type":"image\/png"}],"author":"Tupaq","twitter_card":"summary_large_image","twitter_creator":"@Pulso_27","twitter_site":"@Pulso_27","twitter_misc":{"Written by":"Tupaq","Est. reading time":"3 minutes"},"schema":{"@context":"https:\/\/schema.org","@graph":[{"@type":"Article","@id":"https:\/\/pulso27.com\/actualidad\/politica\/fernando-cerimedo-lima-asuncion-keiko-fujimori\/#article","isPartOf":{"@id":"https:\/\/pulso27.com\/actualidad\/politica\/fernando-cerimedo-lima-asuncion-keiko-fujimori\/"},"author":{"name":"Tupaq","@id":"https:\/\/pulso27.com\/en\/#\/schema\/person\/d20fd7f5bc7f2e53fd150d43fca07a78"},"headline":"Cerimedo estuvo en Lima durante la asunci\u00f3n de Keiko Fujimori y crecen las preguntas sobre vinculaci\u00f3n pol\u00edtica","datePublished":"2026-09-02T05:28:05+00:00","dateModified":"2026-09-02T05:28:09+00:00","mainEntityOfPage":{"@id":"https:\/\/pulso27.com\/actualidad\/politica\/fernando-cerimedo-lima-asuncion-keiko-fujimori\/"},"wordCount":631,"commentCount":0,"publisher":{"@id":"https:\/\/pulso27.com\/en\/#organization"},"image":{"@id":"https:\/\/pulso27.com\/actualidad\/politica\/fernando-cerimedo-lima-asuncion-keiko-fujimori\/#primaryimage"},"thumbnailUrl":"https:\/\/pulso27.com\/wp-content\/uploads\/2026\/09\/Cerimedo.png","keywords":["Carlos D\u00edaz-Rosillo","Cerimedo en Lima","Dami\u00e1n Valenzuela","Fernando Cerimedo Per\u00fa","Fernando Cerimedo y Keiko Fujimori","Javier Negre","Keiko Fujimori","La Derecha Diario"],"articleSection":["Actualidad","Internacional","Opini\u00f3n","Pol\u00edtica"],"inLanguage":"en-US","potentialAction":[{"@type":"CommentAction","name":"Comment","target":["https:\/\/pulso27.com\/actualidad\/politica\/fernando-cerimedo-lima-asuncion-keiko-fujimori\/#respond"]}]},{"@type":"WebPage","@id":"https:\/\/pulso27.com\/actualidad\/politica\/fernando-cerimedo-lima-asuncion-keiko-fujimori\/","url":"https:\/\/pulso27.com\/actualidad\/politica\/fernando-cerimedo-lima-asuncion-keiko-fujimori\/","name":"Cerimedo estuvo en Lima durante la asunci\u00f3n de Keiko Fujimori y crecen las preguntas sobre vinculaci\u00f3n pol\u00edtica - Pulso27","isPartOf":{"@id":"https:\/\/pulso27.com\/en\/#website"},"primaryImageOfPage":{"@id":"https:\/\/pulso27.com\/actualidad\/politica\/fernando-cerimedo-lima-asuncion-keiko-fujimori\/#primaryimage"},"image":{"@id":"https:\/\/pulso27.com\/actualidad\/politica\/fernando-cerimedo-lima-asuncion-keiko-fujimori\/#primaryimage"},"thumbnailUrl":"https:\/\/pulso27.com\/wp-content\/uploads\/2026\/09\/Cerimedo.png","datePublished":"2026-09-02T05:28:05+00:00","dateModified":"2026-09-02T05:28:09+00:00","description":"Fernando Cerimedo estuvo en Lima el 28 de julio el d\u00eda de la asunci\u00f3n de Keiko Fujimori","breadcrumb":{"@id":"https:\/\/pulso27.com\/actualidad\/politica\/fernando-cerimedo-lima-asuncion-keiko-fujimori\/#breadcrumb"},"inLanguage":"en-US","potentialAction":[{"@type":"ReadAction","target":["https:\/\/pulso27.com\/actualidad\/politica\/fernando-cerimedo-lima-asuncion-keiko-fujimori\/"]}]},{"@type":"ImageObject","inLanguage":"en-US","@id":"https:\/\/pulso27.com\/actualidad\/politica\/fernando-cerimedo-lima-asuncion-keiko-fujimori\/#primaryimage","url":"https:\/\/pulso27.com\/wp-content\/uploads\/2026\/09\/Cerimedo.png","contentUrl":"https:\/\/pulso27.com\/wp-content\/uploads\/2026\/09\/Cerimedo.png","width":1200,"height":800},{"@type":"BreadcrumbList","@id":"https:\/\/pulso27.com\/actualidad\/politica\/fernando-cerimedo-lima-asuncion-keiko-fujimori\/#breadcrumb","itemListElement":[{"@type":"ListItem","position":1,"name":"Portada","item":"https:\/\/pulso27.com\/"},{"@type":"ListItem","position":2,"name":"Cerimedo estuvo en Lima durante la asunci\u00f3n de Keiko Fujimori y crecen las preguntas sobre vinculaci\u00f3n pol\u00edtica"}]},{"@type":"WebSite","@id":"https:\/\/pulso27.com\/en\/#website","url":"https:\/\/pulso27.com\/en\/","name":"Pulso27","description":"Web de noticias y publicidad","publisher":{"@id":"https:\/\/pulso27.com\/en\/#organization"},"alternateName":"El pulso del pueblo","potentialAction":[{"@type":"SearchAction","target":{"@type":"EntryPoint","urlTemplate":"https:\/\/pulso27.com\/en\/?s={search_term_string}"},"query-input":{"@type":"PropertyValueSpecification","valueRequired":true,"valueName":"search_term_string"}}],"inLanguage":"en-US"},{"@type":"Organization","@id":"https:\/\/pulso27.com\/en\/#organization","name":"Pulso27","url":"https:\/\/pulso27.com\/en\/","logo":{"@type":"ImageObject","inLanguage":"en-US","@id":"https:\/\/pulso27.com\/en\/#\/schema\/logo\/image\/","url":"https:\/\/pulso27.com\/wp-content\/uploads\/2026\/02\/Logotipo-de-la-organizacion-696-x-696-px-ok.png","contentUrl":"https:\/\/pulso27.com\/wp-content\/uploads\/2026\/02\/Logotipo-de-la-organizacion-696-x-696-px-ok.png","width":696,"height":696,"caption":"Pulso27"},"image":{"@id":"https:\/\/pulso27.com\/en\/#\/schema\/logo\/image\/"},"sameAs":["https:\/\/www.facebook.com\/pulso27\/","https:\/\/x.com\/Pulso_27","https:\/\/www.youtube.com\/@Pulso27","https:\/\/www.tiktok.com\/@pulso_27"]},{"@type":"Person","@id":"https:\/\/pulso27.com\/en\/#\/schema\/person\/d20fd7f5bc7f2e53fd150d43fca07a78","name":"Tupaq","image":{"@type":"ImageObject","inLanguage":"en-US","@id":"https:\/\/secure.gravatar.com\/avatar\/7929e9b034aeea560319a601e4f04c59eb5f45a79eafe192adabb67e9604e7e7?s=96&d=mm&r=g","url":"https:\/\/secure.gravatar.com\/avatar\/7929e9b034aeea560319a601e4f04c59eb5f45a79eafe192adabb67e9604e7e7?s=96&d=mm&r=g","contentUrl":"https:\/\/secure.gravatar.com\/avatar\/7929e9b034aeea560319a601e4f04c59eb5f45a79eafe192adabb67e9604e7e7?s=96&d=mm&r=g","caption":"Tupaq"},"url":"https:\/\/pulso27.com\/en\/author\/tupaq\/"}]}},"amp_enabled":true,"_links":{"self":[{"href":"https:\/\/pulso27.com\/en\/wp-json\/wp\/v2\/posts\/8860","targetHints":{"allow":["GET"]}}],"collection":[{"href":"https:\/\/pulso27.com\/en\/wp-json\/wp\/v2\/posts"}],"about":[{"href":"https:\/\/pulso27.com\/en\/wp-json\/wp\/v2\/types\/post"}],"author":[{"embeddable":true,"href":"https:\/\/pulso27.com\/en\/wp-json\/wp\/v2\/users\/7"}],"replies":[{"embeddable":true,"href":"https:\/\/pulso27.com\/en\/wp-json\/wp\/v2\/comments?post=8860"}],"version-history":[{"count":1,"href":"https:\/\/pulso27.com\/en\/wp-json\/wp\/v2\/posts\/8860\/revisions"}],"predecessor-version":[{"id":8865,"href":"https:\/\/pulso27.com\/en\/wp-json\/wp\/v2\/posts\/8860\/revisions\/8865"}],"wp:featuredmedia":[{"embeddable":true,"href":"https:\/\/pulso27.com\/en\/wp-json\/wp\/v2\/media\/8861"}],"wp:attachment":[{"href":"https:\/\/pulso27.com\/en\/wp-json\/wp\/v2\/media?parent=8860"}],"wp:term":[{"taxonomy":"category","embeddable":true,"href":"https:\/\/pulso27.com\/en\/wp-json\/wp\/v2\/categories?post=8860"},{"taxonomy":"post_tag","embeddable":true,"href":"https:\/\/pulso27.com\/en\/wp-json\/wp\/v2\/tags?post=8860"}],"curies":[{"name":"wp","href":"https:\/\/api.w.org\/{rel}","templated":true}]}}