{"id":8881,"date":"2026-09-04T02:54:33","date_gmt":"2026-09-03T21:54:33","guid":{"rendered":"https:\/\/pulso27.com\/?p=8881"},"modified":"2026-09-04T02:54:38","modified_gmt":"2026-09-03T21:54:38","slug":"presupuesto-2027-keiko-fujimori-seguridad-defensa","status":"publish","type":"post","link":"https:\/\/pulso27.com\/en\/actualidad\/economia\/presupuesto-2027-keiko-fujimori-seguridad-defensa\/","title":{"rendered":"Presupuesto 2027: Gobierno de Keiko prioriza Defensa sobre seguridad ciudadan"},"content":{"rendered":"<h1 class=\"wp-block-heading has-text-align-center\">El Ejecutivo propone gastar S\/266.506 millones en 2027, pero reduce en S\/519 millones los recursos para Orden P\u00fablico y Seguridad mientras eleva 25% el presupuesto de Defensa.<\/h1>\n\n\n\n<p><strong>Lima, 3 de septiembre de 2026.-<\/strong> El Gobierno de Keiko Fujimori present\u00f3 al Congreso su proyecto de Presupuesto P\u00fablico 2027 por S\/266.506 millones, un incremento de 3,5% respecto al presupuesto inicial de este a\u00f1o. Sin embargo, la distribuci\u00f3n de los recursos abri\u00f3 una controversia pol\u00edtica: mientras el Ejecutivo coloca la lucha contra la delincuencia entre sus principales prioridades, la funci\u00f3n Orden P\u00fablico y Seguridad registra una reducci\u00f3n de S\/519 millones y Defensa y Seguridad Nacional aumenta en S\/1.812 millones.<\/p>\n\n\n\n<h2 class=\"wp-block-heading\">Menos recursos para enfrentar la delincuencia<\/h2>\n\n\n\n<p>El proyecto asigna S\/15.338 millones a Orden P\u00fablico y Seguridad, frente a los S\/15.857 millones aprobados para 2026. La reducci\u00f3n equivale a 3,3%.<\/p>\n\n\n\n<p>El ajuste tambi\u00e9n alcanza al programa Reducci\u00f3n de delitos y faltas, directamente relacionado con las acciones de seguridad ciudadana. Sus recursos pasar\u00edan de S\/6.878 millones a S\/6.494 millones, una disminuci\u00f3n de S\/384 millones.<\/p>\n\n\n\n<p>La reducci\u00f3n ocurre mientras el Gobierno sostiene que la inseguridad y la lucha contra el crimen organizado constituyen una prioridad de su gesti\u00f3n.<\/p>\n\n\n\n<p>Durante la sustentaci\u00f3n del presupuesto ante el Congreso, el premier Luis Galarreta defendi\u00f3 la asignaci\u00f3n para seguridad y se\u00f1al\u00f3 que alrededor de S\/15.400 millones estar\u00e1n orientados al orden p\u00fablico, la investigaci\u00f3n del delito y el fortalecimiento de la capacidad operativa policial.<\/p>\n\n\n\n<h2 class=\"wp-block-heading\">Defensa aumenta 25 %<\/h2>\n\n\n\n<p>La otra cara de la distribuci\u00f3n presupuestal est\u00e1 en Defensa.<\/p>\n\n\n\n<p>La funci\u00f3n Defensa y Seguridad Nacional recibir\u00eda S\/8.993 millones en 2027, frente a S\/7.180 millones en 2026. El aumento alcanza aproximadamente los S\/1.812 millones, equivalente a 25%.<\/p>\n\n\n\n<p>El salto es todav\u00eda mayor en los proyectos de inversi\u00f3n. El presupuesto destinado a reparaci\u00f3n, renovaci\u00f3n y equipamiento de las Fuerzas Armadas pasar\u00eda de S\/665 millones a S\/2.548 millones, un incremento de aproximadamente 283%. Entre las inversiones figuran proyectos vinculados con capacidades militares, aviones de combate, la Fuerza de Superficie y la Base Naval del Callao.<\/p>\n\n\n\n<figure class=\"wp-block-image size-large\"><img loading=\"lazy\" decoding=\"async\" width=\"1024\" height=\"683\" src=\"https:\/\/pulso27.com\/wp-content\/uploads\/2026\/09\/image-2-1024x683.png\" alt=\"\" class=\"wp-image-8882\" srcset=\"https:\/\/pulso27.com\/wp-content\/uploads\/2026\/09\/image-2-1024x683.png 1024w, https:\/\/pulso27.com\/wp-content\/uploads\/2026\/09\/image-2-300x200.png 300w, https:\/\/pulso27.com\/wp-content\/uploads\/2026\/09\/image-2-768x512.png 768w, https:\/\/pulso27.com\/wp-content\/uploads\/2026\/09\/image-2-1536x1025.png 1536w, https:\/\/pulso27.com\/wp-content\/uploads\/2026\/09\/image-2-18x12.png 18w, https:\/\/pulso27.com\/wp-content\/uploads\/2026\/09\/image-2.png 2048w\" sizes=\"auto, (max-width: 1024px) 100vw, 1024px\" \/><figcaption class=\"wp-element-caption\"><em>El Ministro de Econom\u00eda y Finanzas (MEF), Elmer Cuba, en el Congreso de la Rep\u00fablica<\/em><\/figcaption><\/figure>\n\n\n\n<p>Para el exministro de Defensa Jorge Ch\u00e1vez Cresta, el incremento responde a un proceso de recuperaci\u00f3n de capacidades militares acumulado durante a\u00f1os. Al mismo tiempo, advirti\u00f3 que las adquisiciones deben ser vigiladas para garantizar que el Estado compre lo necesario y al mejor costo.<\/p>\n\n\n\n<p>Pero desde el sector Interior la lectura es distinta. El exviceministro Ricardo Vald\u00e9s cuestion\u00f3 que se reduzcan recursos para enfrentar una amenaza interna como la delincuencia mientras se incrementa el gasto destinado a una eventual amenaza militar externa.<\/p>\n\n\n\n<h2 class=\"wp-block-heading\">Oposici\u00f3n exige cambiar prioridades<\/h2>\n\n\n\n<p>El debate parlamentario realizado este jueves mostr\u00f3 que el proyecto no tendr\u00e1 un tr\u00e1mite sencillo.<\/p>\n\n\n\n<p>La diputada Roxana Rocha cuestion\u00f3 la asignaci\u00f3n para seguridad ciudadana, mientras el diputado Ernesto Zunini alert\u00f3 sobre la reducci\u00f3n de S\/519 millones. Jennifer Paredes pidi\u00f3, adem\u00e1s, restituir S\/430 millones para seguridad.<\/p>\n\n\n\n<p>Los cuestionamientos alcanzaron tambi\u00e9n la distribuci\u00f3n territorial de los recursos. Paredes sostuvo que el gasto de capital de los gobiernos regionales crecer\u00eda apenas 1,1%, mientras que Renovaci\u00f3n Popular denunci\u00f3 una reducci\u00f3n en determinados recursos para inversi\u00f3n regional y pidi\u00f3 priorizar las zonas rurales y urbano-marginales.<\/p>\n\n\n\n<h2 class=\"wp-block-heading\">Beneficios tributarios y subsidios entran en la discusi\u00f3n<\/h2>\n\n\n\n<p>La discusi\u00f3n sobre las prioridades fiscales tambi\u00e9n alcanza los beneficios tributarios.<\/p>\n\n\n\n<p>Durante el debate, el diputado Christian Aranda pidi\u00f3 transparentar estos beneficios, que seg\u00fan sus declaraciones superar\u00edan los S\/24 mil millones. La OCDE, por su parte, ha planteado revisar los beneficios tributarios que no demuestren resultados suficientes.<\/p>\n\n\n\n<p>Uno de los casos bajo cuestionamiento es el r\u00e9gimen preferencial para grandes agroexportadoras, cuya menor recaudaci\u00f3n ha sido estimada en aproximadamente S\/1.888 millones anuales.<\/p>\n\n\n\n<p>El Gobierno tambi\u00e9n ha recurrido a subsidios temporales. En agosto anunci\u00f3 una subvenci\u00f3n de entre 15% y 20% para la compra de di\u00e9sel destinada a determinados transportistas, con una vigencia inicial de tres meses. La medida fue presentada como respuesta al incremento internacional de los combustibles, pero especialistas cuestionaron su focalizaci\u00f3n y sostenibilidad.<\/p>\n\n\n\n<h2 class=\"wp-block-heading\">Derechos laborales: otro frente abierto<\/h2>\n\n\n\n<p>La discusi\u00f3n presupuestaria ocurre adem\u00e1s en medio de una disputa sobre la pol\u00edtica laboral del Ejecutivo.<\/p>\n\n\n\n<p>El Gobierno ha planteado al Congreso facultades para establecer un nuevo r\u00e9gimen laboral orientado a las MYPE, con un esquema de remuneraciones y beneficios que crecer\u00edan progresivamente. La propuesta contempla cambios que podr\u00edan reducir inicialmente gratificaciones, CTS y vacaciones para los trabajadores incorporados al nuevo r\u00e9gimen.<\/p>\n\n\n\n<p>Los sindicatos han rechazado la propuesta y sostienen que podr\u00eda afectar derechos laborales. En agosto, trabajadores de construcci\u00f3n civil convocados por la CGTP marcharon hacia el Congreso para expresar su oposici\u00f3n a eventuales modificaciones regresivas.<\/p>\n\n\n\n<p>Estas reformas, sin embargo, corresponden al pedido de facultades legislativas y no constituyen partidas espec\u00edficas del Presupuesto 2027.<\/p>\n\n\n\n<h2 class=\"wp-block-heading\">Una batalla por las prioridades del Estado<\/h2>\n\n\n\n<p>El proyecto presentado por el Gobierno no solo pone en discusi\u00f3n cu\u00e1nto gastar\u00e1 el Estado en 2027. Tambi\u00e9n abre una disputa sobre en qu\u00e9 debe gastar m\u00e1s y qu\u00e9 problemas considera urgentes.<\/p>\n\n\n\n<p>El Ejecutivo defiende un presupuesto de S\/266.506 millones con \u00e9nfasis en seguridad, educaci\u00f3n, salud y transporte. La oposici\u00f3n cuestiona que esa prioridad no se refleje completamente en la distribuci\u00f3n interna de los recursos y pone bajo la lupa el aumento del gasto militar, los beneficios tributarios, la inversi\u00f3n regional y las pol\u00edticas laborales.<\/p>\n\n\n\n<p>La discusi\u00f3n reci\u00e9n comienza. El proyecto ser\u00e1 analizado por las instancias parlamentarias correspondientes antes de su aprobaci\u00f3n definitiva.<\/p>\n\n\n\n<p>Lo que est\u00e1 en juego no es \u00fanicamente una cifra de S\/266.506 millones. Es la definici\u00f3n de las prioridades econ\u00f3micas del primer a\u00f1o completo del Gobierno de Keiko Fujimori: seguridad ciudadana frente a Defensa, gasto social frente a otras inversiones, beneficios econ\u00f3micos frente a mayor recaudaci\u00f3n y flexibilidad laboral frente a derechos adquiridos.<\/p>\n\n\n\n<p>El Congreso tendr\u00e1 ahora que decidir si mantiene la distribuci\u00f3n propuesta por el Ejecutivo o modifica las partidas para responder a las demandas que ya han puesto sobre la mesa las distintas bancadas.<\/p>","protected":false},"excerpt":{"rendered":"<p>El Ejecutivo propone gastar S\/266.506 millones en 2027, pero reduce en S\/519 millones los recursos para Orden P\u00fablico y Seguridad mientras eleva 25% el presupuesto de Defensa. Lima, 3 de septiembre de 2026.- El Gobierno de Keiko Fujimori present\u00f3 al Congreso su proyecto de Presupuesto P\u00fablico 2027 por S\/266.506 millones, un incremento de 3,5% respecto [&hellip;]<\/p>\n","protected":false},"author":13,"featured_media":8883,"comment_status":"open","ping_status":"open","sticky":false,"template":"","format":"standard","meta":{"footnotes":""},"categories":[177,174],"tags":[2788,3308,761,3306,3307,3309],"class_list":["post-8881","post","type-post","status-publish","format-standard","has-post-thumbnail","hentry","category-economia","category-nacional","tag-congreso","tag-defensa","tag-keiko-fujimori","tag-presupuesto-2027-peru","tag-s-266-506-millones","tag-seguridad-ciudadana"],"yoast_head":"<!-- This site is optimized with the Yoast SEO plugin v28.2 - https:\/\/yoast.com\/product\/yoast-seo-wordpress\/ -->\n<title>Presupuesto 2027: Gobierno de Keiko prioriza Defensa sobre seguridad ciudadan - Pulso27<\/title>\n<meta name=\"description\" content=\"El Gobierno de Keiko Fujimori propone S\/266.506 millones para 2027, pero reduce recursos para seguridad mientras aumenta el gasto militar.\" \/>\n<meta name=\"robots\" content=\"index, follow, max-snippet:-1, max-image-preview:large, max-video-preview:-1\" \/>\n<link rel=\"canonical\" href=\"https:\/\/pulso27.com\/en\/actualidad\/economia\/presupuesto-2027-keiko-fujimori-seguridad-defensa\/\" \/>\n<meta property=\"og:locale\" content=\"en_US\" \/>\n<meta property=\"og:type\" content=\"article\" \/>\n<meta property=\"og:title\" content=\"Presupuesto 2027: Gobierno de Keiko prioriza Defensa sobre seguridad ciudadan - Pulso27\" \/>\n<meta property=\"og:description\" content=\"El Gobierno de Keiko Fujimori propone S\/266.506 millones para 2027, pero reduce recursos para seguridad mientras aumenta el gasto militar.\" \/>\n<meta property=\"og:url\" content=\"https:\/\/pulso27.com\/en\/actualidad\/economia\/presupuesto-2027-keiko-fujimori-seguridad-defensa\/\" \/>\n<meta property=\"og:site_name\" content=\"Pulso27\" \/>\n<meta property=\"article:publisher\" content=\"https:\/\/www.facebook.com\/pulso27\/\" \/>\n<meta property=\"article:published_time\" content=\"2026-09-03T21:54:33+00:00\" \/>\n<meta property=\"article:modified_time\" content=\"2026-09-03T21:54:38+00:00\" \/>\n<meta property=\"og:image\" content=\"https:\/\/pulso27.com\/wp-content\/uploads\/2026\/09\/Congreso3.png\" \/>\n\t<meta property=\"og:image:width\" content=\"1200\" \/>\n\t<meta property=\"og:image:height\" content=\"800\" \/>\n\t<meta property=\"og:image:type\" content=\"image\/png\" \/>\n<meta name=\"author\" content=\"Redactor\" \/>\n<meta name=\"twitter:card\" content=\"summary_large_image\" \/>\n<meta name=\"twitter:creator\" content=\"@Pulso_27\" \/>\n<meta name=\"twitter:site\" content=\"@Pulso_27\" \/>\n<meta name=\"twitter:label1\" content=\"Written by\" \/>\n\t<meta name=\"twitter:data1\" content=\"Redactor\" \/>\n\t<meta name=\"twitter:label2\" content=\"Est. reading time\" \/>\n\t<meta name=\"twitter:data2\" content=\"5 minutes\" \/>\n<script type=\"application\/ld+json\" class=\"yoast-schema-graph\">{\"@context\":\"https:\\\/\\\/schema.org\",\"@graph\":[{\"@type\":\"Article\",\"@id\":\"https:\\\/\\\/pulso27.com\\\/actualidad\\\/economia\\\/presupuesto-2027-keiko-fujimori-seguridad-defensa\\\/#article\",\"isPartOf\":{\"@id\":\"https:\\\/\\\/pulso27.com\\\/actualidad\\\/economia\\\/presupuesto-2027-keiko-fujimori-seguridad-defensa\\\/\"},\"author\":{\"name\":\"Redactor\",\"@id\":\"https:\\\/\\\/pulso27.com\\\/en\\\/#\\\/schema\\\/person\\\/bf5ee161e6c87f6c7d57f5e689ef8526\"},\"headline\":\"Presupuesto 2027: Gobierno de Keiko prioriza Defensa sobre seguridad ciudadan\",\"datePublished\":\"2026-09-03T21:54:33+00:00\",\"dateModified\":\"2026-09-03T21:54:38+00:00\",\"mainEntityOfPage\":{\"@id\":\"https:\\\/\\\/pulso27.com\\\/actualidad\\\/economia\\\/presupuesto-2027-keiko-fujimori-seguridad-defensa\\\/\"},\"wordCount\":1047,\"commentCount\":0,\"publisher\":{\"@id\":\"https:\\\/\\\/pulso27.com\\\/en\\\/#organization\"},\"image\":{\"@id\":\"https:\\\/\\\/pulso27.com\\\/actualidad\\\/economia\\\/presupuesto-2027-keiko-fujimori-seguridad-defensa\\\/#primaryimage\"},\"thumbnailUrl\":\"https:\\\/\\\/pulso27.com\\\/wp-content\\\/uploads\\\/2026\\\/09\\\/Congreso3.png\",\"keywords\":[\"Congreso\",\"Defensa\",\"Keiko Fujimori\",\"Presupuesto 2027 Per\u00fa\",\"S\\\/266.506 millones\",\"seguridad ciudadana\"],\"articleSection\":[\"Econom\u00eda\",\"Nacional\"],\"inLanguage\":\"en-US\",\"potentialAction\":[{\"@type\":\"CommentAction\",\"name\":\"Comment\",\"target\":[\"https:\\\/\\\/pulso27.com\\\/actualidad\\\/economia\\\/presupuesto-2027-keiko-fujimori-seguridad-defensa\\\/#respond\"]}]},{\"@type\":\"WebPage\",\"@id\":\"https:\\\/\\\/pulso27.com\\\/actualidad\\\/economia\\\/presupuesto-2027-keiko-fujimori-seguridad-defensa\\\/\",\"url\":\"https:\\\/\\\/pulso27.com\\\/actualidad\\\/economia\\\/presupuesto-2027-keiko-fujimori-seguridad-defensa\\\/\",\"name\":\"Presupuesto 2027: Gobierno de Keiko prioriza Defensa sobre seguridad ciudadan - Pulso27\",\"isPartOf\":{\"@id\":\"https:\\\/\\\/pulso27.com\\\/en\\\/#website\"},\"primaryImageOfPage\":{\"@id\":\"https:\\\/\\\/pulso27.com\\\/actualidad\\\/economia\\\/presupuesto-2027-keiko-fujimori-seguridad-defensa\\\/#primaryimage\"},\"image\":{\"@id\":\"https:\\\/\\\/pulso27.com\\\/actualidad\\\/economia\\\/presupuesto-2027-keiko-fujimori-seguridad-defensa\\\/#primaryimage\"},\"thumbnailUrl\":\"https:\\\/\\\/pulso27.com\\\/wp-content\\\/uploads\\\/2026\\\/09\\\/Congreso3.png\",\"datePublished\":\"2026-09-03T21:54:33+00:00\",\"dateModified\":\"2026-09-03T21:54:38+00:00\",\"description\":\"El Gobierno de Keiko Fujimori propone S\\\/266.506 millones para 2027, pero reduce recursos para seguridad mientras aumenta el gasto militar.\",\"breadcrumb\":{\"@id\":\"https:\\\/\\\/pulso27.com\\\/actualidad\\\/economia\\\/presupuesto-2027-keiko-fujimori-seguridad-defensa\\\/#breadcrumb\"},\"inLanguage\":\"en-US\",\"potentialAction\":[{\"@type\":\"ReadAction\",\"target\":[\"https:\\\/\\\/pulso27.com\\\/actualidad\\\/economia\\\/presupuesto-2027-keiko-fujimori-seguridad-defensa\\\/\"]}]},{\"@type\":\"ImageObject\",\"inLanguage\":\"en-US\",\"@id\":\"https:\\\/\\\/pulso27.com\\\/actualidad\\\/economia\\\/presupuesto-2027-keiko-fujimori-seguridad-defensa\\\/#primaryimage\",\"url\":\"https:\\\/\\\/pulso27.com\\\/wp-content\\\/uploads\\\/2026\\\/09\\\/Congreso3.png\",\"contentUrl\":\"https:\\\/\\\/pulso27.com\\\/wp-content\\\/uploads\\\/2026\\\/09\\\/Congreso3.png\",\"width\":1200,\"height\":800},{\"@type\":\"BreadcrumbList\",\"@id\":\"https:\\\/\\\/pulso27.com\\\/actualidad\\\/economia\\\/presupuesto-2027-keiko-fujimori-seguridad-defensa\\\/#breadcrumb\",\"itemListElement\":[{\"@type\":\"ListItem\",\"position\":1,\"name\":\"Portada\",\"item\":\"https:\\\/\\\/pulso27.com\\\/\"},{\"@type\":\"ListItem\",\"position\":2,\"name\":\"Presupuesto 2027: Gobierno de Keiko prioriza Defensa sobre seguridad ciudadan\"}]},{\"@type\":\"WebSite\",\"@id\":\"https:\\\/\\\/pulso27.com\\\/en\\\/#website\",\"url\":\"https:\\\/\\\/pulso27.com\\\/en\\\/\",\"name\":\"Pulso27\",\"description\":\"Web de noticias y publicidad\",\"publisher\":{\"@id\":\"https:\\\/\\\/pulso27.com\\\/en\\\/#organization\"},\"alternateName\":\"El pulso del pueblo\",\"potentialAction\":[{\"@type\":\"SearchAction\",\"target\":{\"@type\":\"EntryPoint\",\"urlTemplate\":\"https:\\\/\\\/pulso27.com\\\/en\\\/?s={search_term_string}\"},\"query-input\":{\"@type\":\"PropertyValueSpecification\",\"valueRequired\":true,\"valueName\":\"search_term_string\"}}],\"inLanguage\":\"en-US\"},{\"@type\":\"Organization\",\"@id\":\"https:\\\/\\\/pulso27.com\\\/en\\\/#organization\",\"name\":\"Pulso27\",\"url\":\"https:\\\/\\\/pulso27.com\\\/en\\\/\",\"logo\":{\"@type\":\"ImageObject\",\"inLanguage\":\"en-US\",\"@id\":\"https:\\\/\\\/pulso27.com\\\/en\\\/#\\\/schema\\\/logo\\\/image\\\/\",\"url\":\"https:\\\/\\\/pulso27.com\\\/wp-content\\\/uploads\\\/2026\\\/02\\\/Logotipo-de-la-organizacion-696-x-696-px-ok.png\",\"contentUrl\":\"https:\\\/\\\/pulso27.com\\\/wp-content\\\/uploads\\\/2026\\\/02\\\/Logotipo-de-la-organizacion-696-x-696-px-ok.png\",\"width\":696,\"height\":696,\"caption\":\"Pulso27\"},\"image\":{\"@id\":\"https:\\\/\\\/pulso27.com\\\/en\\\/#\\\/schema\\\/logo\\\/image\\\/\"},\"sameAs\":[\"https:\\\/\\\/www.facebook.com\\\/pulso27\\\/\",\"https:\\\/\\\/x.com\\\/Pulso_27\",\"https:\\\/\\\/www.youtube.com\\\/@Pulso27\",\"https:\\\/\\\/www.tiktok.com\\\/@pulso_27\"]},{\"@type\":\"Person\",\"@id\":\"https:\\\/\\\/pulso27.com\\\/en\\\/#\\\/schema\\\/person\\\/bf5ee161e6c87f6c7d57f5e689ef8526\",\"name\":\"Redactor\",\"image\":{\"@type\":\"ImageObject\",\"inLanguage\":\"en-US\",\"@id\":\"https:\\\/\\\/pulso27.com\\\/wp-content\\\/uploads\\\/2025\\\/03\\\/a-150x150.png\",\"url\":\"https:\\\/\\\/pulso27.com\\\/wp-content\\\/uploads\\\/2025\\\/03\\\/a-150x150.png\",\"contentUrl\":\"https:\\\/\\\/pulso27.com\\\/wp-content\\\/uploads\\\/2025\\\/03\\\/a-150x150.png\",\"caption\":\"Redactor\"},\"sameAs\":[\"http:\\\/\\\/www.pulso27.com\"],\"url\":\"https:\\\/\\\/pulso27.com\\\/en\\\/author\\\/redactor\\\/\"}]}<\/script>\n<!-- \/ Yoast SEO plugin. -->","yoast_head_json":{"title":"Presupuesto 2027: Gobierno de Keiko prioriza Defensa sobre seguridad ciudadan - Pulso27","description":"El Gobierno de Keiko Fujimori propone S\/266.506 millones para 2027, pero reduce recursos para seguridad mientras aumenta el gasto militar.","robots":{"index":"index","follow":"follow","max-snippet":"max-snippet:-1","max-image-preview":"max-image-preview:large","max-video-preview":"max-video-preview:-1"},"canonical":"https:\/\/pulso27.com\/en\/actualidad\/economia\/presupuesto-2027-keiko-fujimori-seguridad-defensa\/","og_locale":"en_US","og_type":"article","og_title":"Presupuesto 2027: Gobierno de Keiko prioriza Defensa sobre seguridad ciudadan - Pulso27","og_description":"El Gobierno de Keiko Fujimori propone S\/266.506 millones para 2027, pero reduce recursos para seguridad mientras aumenta el gasto militar.","og_url":"https:\/\/pulso27.com\/en\/actualidad\/economia\/presupuesto-2027-keiko-fujimori-seguridad-defensa\/","og_site_name":"Pulso27","article_publisher":"https:\/\/www.facebook.com\/pulso27\/","article_published_time":"2026-09-03T21:54:33+00:00","article_modified_time":"2026-09-03T21:54:38+00:00","og_image":[{"width":1200,"height":800,"url":"https:\/\/pulso27.com\/wp-content\/uploads\/2026\/09\/Congreso3.png","type":"image\/png"}],"author":"Redactor","twitter_card":"summary_large_image","twitter_creator":"@Pulso_27","twitter_site":"@Pulso_27","twitter_misc":{"Written by":"Redactor","Est. reading time":"5 minutes"},"schema":{"@context":"https:\/\/schema.org","@graph":[{"@type":"Article","@id":"https:\/\/pulso27.com\/actualidad\/economia\/presupuesto-2027-keiko-fujimori-seguridad-defensa\/#article","isPartOf":{"@id":"https:\/\/pulso27.com\/actualidad\/economia\/presupuesto-2027-keiko-fujimori-seguridad-defensa\/"},"author":{"name":"Redactor","@id":"https:\/\/pulso27.com\/en\/#\/schema\/person\/bf5ee161e6c87f6c7d57f5e689ef8526"},"headline":"Presupuesto 2027: Gobierno de Keiko prioriza Defensa sobre seguridad ciudadan","datePublished":"2026-09-03T21:54:33+00:00","dateModified":"2026-09-03T21:54:38+00:00","mainEntityOfPage":{"@id":"https:\/\/pulso27.com\/actualidad\/economia\/presupuesto-2027-keiko-fujimori-seguridad-defensa\/"},"wordCount":1047,"commentCount":0,"publisher":{"@id":"https:\/\/pulso27.com\/en\/#organization"},"image":{"@id":"https:\/\/pulso27.com\/actualidad\/economia\/presupuesto-2027-keiko-fujimori-seguridad-defensa\/#primaryimage"},"thumbnailUrl":"https:\/\/pulso27.com\/wp-content\/uploads\/2026\/09\/Congreso3.png","keywords":["Congreso","Defensa","Keiko Fujimori","Presupuesto 2027 Per\u00fa","S\/266.506 millones","seguridad ciudadana"],"articleSection":["Econom\u00eda","Nacional"],"inLanguage":"en-US","potentialAction":[{"@type":"CommentAction","name":"Comment","target":["https:\/\/pulso27.com\/actualidad\/economia\/presupuesto-2027-keiko-fujimori-seguridad-defensa\/#respond"]}]},{"@type":"WebPage","@id":"https:\/\/pulso27.com\/actualidad\/economia\/presupuesto-2027-keiko-fujimori-seguridad-defensa\/","url":"https:\/\/pulso27.com\/actualidad\/economia\/presupuesto-2027-keiko-fujimori-seguridad-defensa\/","name":"Presupuesto 2027: Gobierno de Keiko prioriza Defensa sobre seguridad ciudadan - Pulso27","isPartOf":{"@id":"https:\/\/pulso27.com\/en\/#website"},"primaryImageOfPage":{"@id":"https:\/\/pulso27.com\/actualidad\/economia\/presupuesto-2027-keiko-fujimori-seguridad-defensa\/#primaryimage"},"image":{"@id":"https:\/\/pulso27.com\/actualidad\/economia\/presupuesto-2027-keiko-fujimori-seguridad-defensa\/#primaryimage"},"thumbnailUrl":"https:\/\/pulso27.com\/wp-content\/uploads\/2026\/09\/Congreso3.png","datePublished":"2026-09-03T21:54:33+00:00","dateModified":"2026-09-03T21:54:38+00:00","description":"El Gobierno de Keiko Fujimori propone S\/266.506 millones para 2027, pero reduce recursos para seguridad mientras aumenta el gasto militar.","breadcrumb":{"@id":"https:\/\/pulso27.com\/actualidad\/economia\/presupuesto-2027-keiko-fujimori-seguridad-defensa\/#breadcrumb"},"inLanguage":"en-US","potentialAction":[{"@type":"ReadAction","target":["https:\/\/pulso27.com\/actualidad\/economia\/presupuesto-2027-keiko-fujimori-seguridad-defensa\/"]}]},{"@type":"ImageObject","inLanguage":"en-US","@id":"https:\/\/pulso27.com\/actualidad\/economia\/presupuesto-2027-keiko-fujimori-seguridad-defensa\/#primaryimage","url":"https:\/\/pulso27.com\/wp-content\/uploads\/2026\/09\/Congreso3.png","contentUrl":"https:\/\/pulso27.com\/wp-content\/uploads\/2026\/09\/Congreso3.png","width":1200,"height":800},{"@type":"BreadcrumbList","@id":"https:\/\/pulso27.com\/actualidad\/economia\/presupuesto-2027-keiko-fujimori-seguridad-defensa\/#breadcrumb","itemListElement":[{"@type":"ListItem","position":1,"name":"Portada","item":"https:\/\/pulso27.com\/"},{"@type":"ListItem","position":2,"name":"Presupuesto 2027: Gobierno de Keiko prioriza Defensa sobre seguridad ciudadan"}]},{"@type":"WebSite","@id":"https:\/\/pulso27.com\/en\/#website","url":"https:\/\/pulso27.com\/en\/","name":"Pulso27","description":"Web de noticias y publicidad","publisher":{"@id":"https:\/\/pulso27.com\/en\/#organization"},"alternateName":"El pulso del pueblo","potentialAction":[{"@type":"SearchAction","target":{"@type":"EntryPoint","urlTemplate":"https:\/\/pulso27.com\/en\/?s={search_term_string}"},"query-input":{"@type":"PropertyValueSpecification","valueRequired":true,"valueName":"search_term_string"}}],"inLanguage":"en-US"},{"@type":"Organization","@id":"https:\/\/pulso27.com\/en\/#organization","name":"Pulso27","url":"https:\/\/pulso27.com\/en\/","logo":{"@type":"ImageObject","inLanguage":"en-US","@id":"https:\/\/pulso27.com\/en\/#\/schema\/logo\/image\/","url":"https:\/\/pulso27.com\/wp-content\/uploads\/2026\/02\/Logotipo-de-la-organizacion-696-x-696-px-ok.png","contentUrl":"https:\/\/pulso27.com\/wp-content\/uploads\/2026\/02\/Logotipo-de-la-organizacion-696-x-696-px-ok.png","width":696,"height":696,"caption":"Pulso27"},"image":{"@id":"https:\/\/pulso27.com\/en\/#\/schema\/logo\/image\/"},"sameAs":["https:\/\/www.facebook.com\/pulso27\/","https:\/\/x.com\/Pulso_27","https:\/\/www.youtube.com\/@Pulso27","https:\/\/www.tiktok.com\/@pulso_27"]},{"@type":"Person","@id":"https:\/\/pulso27.com\/en\/#\/schema\/person\/bf5ee161e6c87f6c7d57f5e689ef8526","name":"Redactor","image":{"@type":"ImageObject","inLanguage":"en-US","@id":"https:\/\/pulso27.com\/wp-content\/uploads\/2025\/03\/a-150x150.png","url":"https:\/\/pulso27.com\/wp-content\/uploads\/2025\/03\/a-150x150.png","contentUrl":"https:\/\/pulso27.com\/wp-content\/uploads\/2025\/03\/a-150x150.png","caption":"Redactor"},"sameAs":["http:\/\/www.pulso27.com"],"url":"https:\/\/pulso27.com\/en\/author\/redactor\/"}]}},"amp_enabled":true,"_links":{"self":[{"href":"https:\/\/pulso27.com\/en\/wp-json\/wp\/v2\/posts\/8881","targetHints":{"allow":["GET"]}}],"collection":[{"href":"https:\/\/pulso27.com\/en\/wp-json\/wp\/v2\/posts"}],"about":[{"href":"https:\/\/pulso27.com\/en\/wp-json\/wp\/v2\/types\/post"}],"author":[{"embeddable":true,"href":"https:\/\/pulso27.com\/en\/wp-json\/wp\/v2\/users\/13"}],"replies":[{"embeddable":true,"href":"https:\/\/pulso27.com\/en\/wp-json\/wp\/v2\/comments?post=8881"}],"version-history":[{"count":1,"href":"https:\/\/pulso27.com\/en\/wp-json\/wp\/v2\/posts\/8881\/revisions"}],"predecessor-version":[{"id":8887,"href":"https:\/\/pulso27.com\/en\/wp-json\/wp\/v2\/posts\/8881\/revisions\/8887"}],"wp:featuredmedia":[{"embeddable":true,"href":"https:\/\/pulso27.com\/en\/wp-json\/wp\/v2\/media\/8883"}],"wp:attachment":[{"href":"https:\/\/pulso27.com\/en\/wp-json\/wp\/v2\/media?parent=8881"}],"wp:term":[{"taxonomy":"category","embeddable":true,"href":"https:\/\/pulso27.com\/en\/wp-json\/wp\/v2\/categories?post=8881"},{"taxonomy":"post_tag","embeddable":true,"href":"https:\/\/pulso27.com\/en\/wp-json\/wp\/v2\/tags?post=8881"}],"curies":[{"name":"wp","href":"https:\/\/api.w.org\/{rel}","templated":true}]}}