{"id":8890,"date":"2026-09-06T20:59:32","date_gmt":"2026-09-06T15:59:32","guid":{"rendered":"https:\/\/pulso27.com\/?p=8890"},"modified":"2026-09-06T21:09:18","modified_gmt":"2026-09-06T16:09:18","slug":"ministros-keiko-fujimori-investigaciones-fiscales-marco-vinelli","status":"publish","type":"post","link":"https:\/\/pulso27.com\/en\/actualidad\/ministros-keiko-fujimori-investigaciones-fiscales-marco-vinelli\/","title":{"rendered":"Gabinete de Keiko Fujimori bajo la lupa: 15 ministros registran investigaciones o antecedentes"},"content":{"rendered":"<p>Lima, 6 de setiembre de 2026.- A poco m\u00e1s de un mes de iniciado el Gobierno de Keiko Fujimori, el primer gabinete enfrenta una temprana controversia por los antecedentes judiciales y fiscales declarados por sus integrantes. De los 19 ministros, alrededor de 15 han reportado investigaciones, procesos, antecedentes o cuestionamientos judiciales.<\/p>\n\n\n\n<h2 class=\"wp-block-heading\">Vinelli: el caso que genera mayor preocupaci\u00f3n<\/h2>\n\n\n\n<p>Uno de los casos m\u00e1s sensibles es el del ministro de Desarrollo Agrario y Riego, Marco Vinelli, quien declar\u00f3 alrededor de diez investigaciones relacionadas con delitos contra la administraci\u00f3n p\u00fablica, abuso de autoridad, negociaci\u00f3n incompatible, concusi\u00f3n y cohecho.<\/p>\n\n\n\n<p>El caso adquiri\u00f3 mayor gravedad luego de que la Fiscal\u00eda solicitara hasta cuatro a\u00f1os de prisi\u00f3n contra Vinelli por presunta colusi\u00f3n simple, por hechos vinculados con su gesti\u00f3n anterior en Agro Rural. Tambi\u00e9n solicit\u00f3 su inhabilitaci\u00f3n para ejercer cargos p\u00fablicos y el pago de una reparaci\u00f3n civil.<\/p>\n\n\n\n<p>Los hechos investigados corresponden a los a\u00f1os 2015 y 2016, cuando Vinelli dirig\u00eda Agro Rural. No existe una condena contra el actual ministro y el proceso contin\u00faa en la v\u00eda judicial. Sin embargo, el caso plantea una interrogante pol\u00edtica: \u00bfqu\u00e9 informaci\u00f3n ten\u00eda el Gobierno al momento de designarlo y qu\u00e9 evaluaci\u00f3n realiz\u00f3 antes de entregarle la conducci\u00f3n de MIDAGRI?<\/p>\n\n\n\n<h2 class=\"wp-block-heading\">Huaroc y Galarreta, entre los casos m\u00e1s llamativos<\/h2>\n\n\n\n<p>El ministro del Ambiente, Vladimiro Huaroc, presenta la cifra m\u00e1s elevada: declar\u00f3 51 investigaciones, relacionadas con presuntos delitos como abuso de autoridad, colusi\u00f3n, peculado, negociaci\u00f3n incompatible, usurpaci\u00f3n de funciones y nombramiento ilegal, entre otros.<\/p>\n\n\n\n<p>El premier Luis Galarreta tambi\u00e9n declar\u00f3 investigaciones relacionadas con presunto lavado de activos, abuso de autoridad y organizaci\u00f3n criminal, adem\u00e1s de antecedentes por otros hechos. Su condici\u00f3n de jefe del gabinete convierte su situaci\u00f3n en un asunto particularmente relevante para evaluar los est\u00e1ndares aplicados por el Ejecutivo.<\/p>\n\n\n\n<p>En Energ\u00eda y Minas, Guillermo Shinno declar\u00f3 alrededor de 20 investigaciones, mientras que en Producci\u00f3n, Juan Carlos Requejo report\u00f3 diez. En ambos casos resulta necesario revisar individualmente cada expediente para establecer cu\u00e1les permanecen abiertos y cu\u00e1les fueron archivados o concluidos.<\/p>\n\n\n\n<h2 class=\"wp-block-heading\">Interior, Cultura y Educaci\u00f3n tambi\u00e9n bajo escrutinio<\/h2>\n\n\n\n<p>El ministro del Interior, C\u00e9sar Astudillo, declar\u00f3 una investigaci\u00f3n por presunto peculado y antecedentes por lesiones graves. A ello se suma una moci\u00f3n de interpelaci\u00f3n promovida en el Congreso por cuestionamientos relacionados con la seguridad ciudadana, designaciones y decisiones vinculadas con la Polic\u00eda Nacional.<\/p>\n\n\n\n<p>El ministro de Cultura, Alberto Beingolea, tambi\u00e9n figura entre los integrantes del gabinete con investigaciones relacionadas, seg\u00fan los reportes de sus declaraciones, con presunta colusi\u00f3n agravada, lavado de activos y cohecho.<\/p>\n\n\n\n<p>En Educaci\u00f3n, Jos\u00e9 Antonio Chang declar\u00f3 ocho investigaciones relacionadas con diversos presuntos delitos, mientras que el titular de Trabajo, Juan Sheput, report\u00f3 investigaciones por presunto tr\u00e1fico de influencias y colusi\u00f3n agravada.<\/p>\n\n\n\n<h2 class=\"wp-block-heading\">El problema no es solo cu\u00e1ntas investigaciones existen<\/h2>\n\n\n\n<p>Las cifras deben interpretarse con cautela. Una investigaci\u00f3n fiscal no equivale a una condena, y tampoco todos los expedientes declarados tienen necesariamente la misma situaci\u00f3n procesal o gravedad. Incluso algunos pueden haber sido archivados.<\/p>\n\n\n\n<p>El verdadero asunto que plantea esta revisi\u00f3n es institucional: \u00bfqu\u00e9 criterios de integridad, idoneidad y evaluaci\u00f3n de riesgos utiliz\u00f3 el Gobierno de Keiko Fujimori para seleccionar a sus ministros?<\/p>\n\n\n\n<p>Las declaraciones juradas permiten conocer los antecedentes que los propios funcionarios han reportado. Ahora corresponde determinar qu\u00e9 conoc\u00eda el Ejecutivo antes de cada nombramiento, qu\u00e9 verificaciones realiz\u00f3 y si aplic\u00f3 un est\u00e1ndar uniforme para todos los integrantes del gabinete.<\/p>","protected":false},"excerpt":{"rendered":"<p>Lima, 6 de setiembre de 2026.- A poco m\u00e1s de un mes de iniciado el Gobierno de Keiko Fujimori, el primer gabinete enfrenta una temprana controversia por los antecedentes judiciales y fiscales declarados por sus integrantes. De los 19 ministros, alrededor de 15 han reportado investigaciones, procesos, antecedentes o cuestionamientos judiciales. Vinelli: el caso que [&hellip;]<\/p>\n","protected":false},"author":13,"featured_media":8892,"comment_status":"open","ping_status":"open","sticky":false,"template":"","format":"standard","meta":{"footnotes":""},"categories":[183,174,1852],"tags":[3312,2452,3017,3311,768,3310,3313],"class_list":["post-8890","post","type-post","status-publish","format-standard","has-post-thumbnail","hentry","category-actualidad","category-nacional","category-tendencia","tag-gabinete-de-keiko-fujimori","tag-investigaciones-fiscales","tag-luis-galarreta","tag-marco-vinelli","tag-midagri","tag-ministros-de-keiko-fujimori","tag-vladimiro-huaroc-2"],"yoast_head":"<!-- This site is optimized with the Yoast SEO plugin v28.2 - https:\/\/yoast.com\/product\/yoast-seo-wordpress\/ -->\n<title>Gabinete de Keiko Fujimori bajo la lupa: 15 ministros registran investigaciones o antecedentes - Pulso27<\/title>\n<meta name=\"description\" content=\"15 ministros del primer gabinete de Keiko Fujimori tienen investigaciones, procesos o antecedentes.\" \/>\n<meta name=\"robots\" content=\"index, follow, max-snippet:-1, max-image-preview:large, max-video-preview:-1\" \/>\n<link rel=\"canonical\" href=\"https:\/\/pulso27.com\/en\/actualidad\/ministros-keiko-fujimori-investigaciones-fiscales-marco-vinelli\/\" \/>\n<meta property=\"og:locale\" content=\"en_US\" \/>\n<meta property=\"og:type\" content=\"article\" \/>\n<meta property=\"og:title\" content=\"Gabinete de Keiko Fujimori bajo la lupa: 15 ministros registran investigaciones o antecedentes - Pulso27\" \/>\n<meta property=\"og:description\" content=\"15 ministros del primer gabinete de Keiko Fujimori tienen investigaciones, procesos o antecedentes.\" \/>\n<meta property=\"og:url\" content=\"https:\/\/pulso27.com\/en\/actualidad\/ministros-keiko-fujimori-investigaciones-fiscales-marco-vinelli\/\" \/>\n<meta property=\"og:site_name\" content=\"Pulso27\" \/>\n<meta property=\"article:publisher\" content=\"https:\/\/www.facebook.com\/pulso27\/\" \/>\n<meta property=\"article:published_time\" content=\"2026-09-06T15:59:32+00:00\" \/>\n<meta property=\"article:modified_time\" content=\"2026-09-06T16:09:18+00:00\" \/>\n<meta property=\"og:image\" content=\"https:\/\/pulso27.com\/wp-content\/uploads\/2026\/09\/Gabinete.png\" \/>\n\t<meta property=\"og:image:width\" content=\"1200\" \/>\n\t<meta property=\"og:image:height\" content=\"800\" \/>\n\t<meta property=\"og:image:type\" content=\"image\/png\" \/>\n<meta name=\"author\" content=\"Redactor\" \/>\n<meta name=\"twitter:card\" content=\"summary_large_image\" \/>\n<meta name=\"twitter:creator\" content=\"@Pulso_27\" \/>\n<meta name=\"twitter:site\" content=\"@Pulso_27\" \/>\n<meta name=\"twitter:label1\" content=\"Written by\" \/>\n\t<meta name=\"twitter:data1\" content=\"Redactor\" \/>\n\t<meta name=\"twitter:label2\" content=\"Est. reading time\" \/>\n\t<meta name=\"twitter:data2\" content=\"3 minutes\" \/>\n<script type=\"application\/ld+json\" class=\"yoast-schema-graph\">{\"@context\":\"https:\\\/\\\/schema.org\",\"@graph\":[{\"@type\":\"Article\",\"@id\":\"https:\\\/\\\/pulso27.com\\\/actualidad\\\/ministros-keiko-fujimori-investigaciones-fiscales-marco-vinelli\\\/#article\",\"isPartOf\":{\"@id\":\"https:\\\/\\\/pulso27.com\\\/actualidad\\\/ministros-keiko-fujimori-investigaciones-fiscales-marco-vinelli\\\/\"},\"author\":{\"name\":\"Redactor\",\"@id\":\"https:\\\/\\\/pulso27.com\\\/en\\\/#\\\/schema\\\/person\\\/bf5ee161e6c87f6c7d57f5e689ef8526\"},\"headline\":\"Gabinete de Keiko Fujimori bajo la lupa: 15 ministros registran investigaciones o antecedentes\",\"datePublished\":\"2026-09-06T15:59:32+00:00\",\"dateModified\":\"2026-09-06T16:09:18+00:00\",\"mainEntityOfPage\":{\"@id\":\"https:\\\/\\\/pulso27.com\\\/actualidad\\\/ministros-keiko-fujimori-investigaciones-fiscales-marco-vinelli\\\/\"},\"wordCount\":619,\"commentCount\":0,\"publisher\":{\"@id\":\"https:\\\/\\\/pulso27.com\\\/en\\\/#organization\"},\"image\":{\"@id\":\"https:\\\/\\\/pulso27.com\\\/actualidad\\\/ministros-keiko-fujimori-investigaciones-fiscales-marco-vinelli\\\/#primaryimage\"},\"thumbnailUrl\":\"https:\\\/\\\/pulso27.com\\\/wp-content\\\/uploads\\\/2026\\\/09\\\/Gabinete.png\",\"keywords\":[\"gabinete de Keiko Fujimori\",\"Investigaciones Fiscales\",\"Luis Galarreta\",\"Marco Vinelli\",\"MIDAGRI\",\"Ministros de Keiko Fujimori\",\"Vladimiro Huaroc\"],\"articleSection\":[\"Actualidad\",\"Nacional\",\"Tendencia\"],\"inLanguage\":\"en-US\",\"potentialAction\":[{\"@type\":\"CommentAction\",\"name\":\"Comment\",\"target\":[\"https:\\\/\\\/pulso27.com\\\/actualidad\\\/ministros-keiko-fujimori-investigaciones-fiscales-marco-vinelli\\\/#respond\"]}]},{\"@type\":\"WebPage\",\"@id\":\"https:\\\/\\\/pulso27.com\\\/actualidad\\\/ministros-keiko-fujimori-investigaciones-fiscales-marco-vinelli\\\/\",\"url\":\"https:\\\/\\\/pulso27.com\\\/actualidad\\\/ministros-keiko-fujimori-investigaciones-fiscales-marco-vinelli\\\/\",\"name\":\"Gabinete de Keiko Fujimori bajo la lupa: 15 ministros registran investigaciones o antecedentes - Pulso27\",\"isPartOf\":{\"@id\":\"https:\\\/\\\/pulso27.com\\\/en\\\/#website\"},\"primaryImageOfPage\":{\"@id\":\"https:\\\/\\\/pulso27.com\\\/actualidad\\\/ministros-keiko-fujimori-investigaciones-fiscales-marco-vinelli\\\/#primaryimage\"},\"image\":{\"@id\":\"https:\\\/\\\/pulso27.com\\\/actualidad\\\/ministros-keiko-fujimori-investigaciones-fiscales-marco-vinelli\\\/#primaryimage\"},\"thumbnailUrl\":\"https:\\\/\\\/pulso27.com\\\/wp-content\\\/uploads\\\/2026\\\/09\\\/Gabinete.png\",\"datePublished\":\"2026-09-06T15:59:32+00:00\",\"dateModified\":\"2026-09-06T16:09:18+00:00\",\"description\":\"15 ministros del primer gabinete de Keiko Fujimori tienen investigaciones, procesos o antecedentes.\",\"breadcrumb\":{\"@id\":\"https:\\\/\\\/pulso27.com\\\/actualidad\\\/ministros-keiko-fujimori-investigaciones-fiscales-marco-vinelli\\\/#breadcrumb\"},\"inLanguage\":\"en-US\",\"potentialAction\":[{\"@type\":\"ReadAction\",\"target\":[\"https:\\\/\\\/pulso27.com\\\/actualidad\\\/ministros-keiko-fujimori-investigaciones-fiscales-marco-vinelli\\\/\"]}]},{\"@type\":\"ImageObject\",\"inLanguage\":\"en-US\",\"@id\":\"https:\\\/\\\/pulso27.com\\\/actualidad\\\/ministros-keiko-fujimori-investigaciones-fiscales-marco-vinelli\\\/#primaryimage\",\"url\":\"https:\\\/\\\/pulso27.com\\\/wp-content\\\/uploads\\\/2026\\\/09\\\/Gabinete.png\",\"contentUrl\":\"https:\\\/\\\/pulso27.com\\\/wp-content\\\/uploads\\\/2026\\\/09\\\/Gabinete.png\",\"width\":1200,\"height\":800},{\"@type\":\"BreadcrumbList\",\"@id\":\"https:\\\/\\\/pulso27.com\\\/actualidad\\\/ministros-keiko-fujimori-investigaciones-fiscales-marco-vinelli\\\/#breadcrumb\",\"itemListElement\":[{\"@type\":\"ListItem\",\"position\":1,\"name\":\"Portada\",\"item\":\"https:\\\/\\\/pulso27.com\\\/\"},{\"@type\":\"ListItem\",\"position\":2,\"name\":\"Gabinete de Keiko Fujimori bajo la lupa: 15 ministros registran investigaciones o antecedentes\"}]},{\"@type\":\"WebSite\",\"@id\":\"https:\\\/\\\/pulso27.com\\\/en\\\/#website\",\"url\":\"https:\\\/\\\/pulso27.com\\\/en\\\/\",\"name\":\"Pulso27\",\"description\":\"Web de noticias y publicidad\",\"publisher\":{\"@id\":\"https:\\\/\\\/pulso27.com\\\/en\\\/#organization\"},\"alternateName\":\"El pulso del pueblo\",\"potentialAction\":[{\"@type\":\"SearchAction\",\"target\":{\"@type\":\"EntryPoint\",\"urlTemplate\":\"https:\\\/\\\/pulso27.com\\\/en\\\/?s={search_term_string}\"},\"query-input\":{\"@type\":\"PropertyValueSpecification\",\"valueRequired\":true,\"valueName\":\"search_term_string\"}}],\"inLanguage\":\"en-US\"},{\"@type\":\"Organization\",\"@id\":\"https:\\\/\\\/pulso27.com\\\/en\\\/#organization\",\"name\":\"Pulso27\",\"url\":\"https:\\\/\\\/pulso27.com\\\/en\\\/\",\"logo\":{\"@type\":\"ImageObject\",\"inLanguage\":\"en-US\",\"@id\":\"https:\\\/\\\/pulso27.com\\\/en\\\/#\\\/schema\\\/logo\\\/image\\\/\",\"url\":\"https:\\\/\\\/pulso27.com\\\/wp-content\\\/uploads\\\/2026\\\/02\\\/Logotipo-de-la-organizacion-696-x-696-px-ok.png\",\"contentUrl\":\"https:\\\/\\\/pulso27.com\\\/wp-content\\\/uploads\\\/2026\\\/02\\\/Logotipo-de-la-organizacion-696-x-696-px-ok.png\",\"width\":696,\"height\":696,\"caption\":\"Pulso27\"},\"image\":{\"@id\":\"https:\\\/\\\/pulso27.com\\\/en\\\/#\\\/schema\\\/logo\\\/image\\\/\"},\"sameAs\":[\"https:\\\/\\\/www.facebook.com\\\/pulso27\\\/\",\"https:\\\/\\\/x.com\\\/Pulso_27\",\"https:\\\/\\\/www.youtube.com\\\/@Pulso27\",\"https:\\\/\\\/www.tiktok.com\\\/@pulso_27\"]},{\"@type\":\"Person\",\"@id\":\"https:\\\/\\\/pulso27.com\\\/en\\\/#\\\/schema\\\/person\\\/bf5ee161e6c87f6c7d57f5e689ef8526\",\"name\":\"Redactor\",\"image\":{\"@type\":\"ImageObject\",\"inLanguage\":\"en-US\",\"@id\":\"https:\\\/\\\/pulso27.com\\\/wp-content\\\/uploads\\\/2025\\\/03\\\/a-150x150.png\",\"url\":\"https:\\\/\\\/pulso27.com\\\/wp-content\\\/uploads\\\/2025\\\/03\\\/a-150x150.png\",\"contentUrl\":\"https:\\\/\\\/pulso27.com\\\/wp-content\\\/uploads\\\/2025\\\/03\\\/a-150x150.png\",\"caption\":\"Redactor\"},\"sameAs\":[\"http:\\\/\\\/www.pulso27.com\"],\"url\":\"https:\\\/\\\/pulso27.com\\\/en\\\/author\\\/redactor\\\/\"}]}<\/script>\n<!-- \/ Yoast SEO plugin. -->","yoast_head_json":{"title":"Gabinete de Keiko Fujimori bajo la lupa: 15 ministros registran investigaciones o antecedentes - Pulso27","description":"15 ministros del primer gabinete de Keiko Fujimori tienen investigaciones, procesos o antecedentes.","robots":{"index":"index","follow":"follow","max-snippet":"max-snippet:-1","max-image-preview":"max-image-preview:large","max-video-preview":"max-video-preview:-1"},"canonical":"https:\/\/pulso27.com\/en\/actualidad\/ministros-keiko-fujimori-investigaciones-fiscales-marco-vinelli\/","og_locale":"en_US","og_type":"article","og_title":"Gabinete de Keiko Fujimori bajo la lupa: 15 ministros registran investigaciones o antecedentes - Pulso27","og_description":"15 ministros del primer gabinete de Keiko Fujimori tienen investigaciones, procesos o antecedentes.","og_url":"https:\/\/pulso27.com\/en\/actualidad\/ministros-keiko-fujimori-investigaciones-fiscales-marco-vinelli\/","og_site_name":"Pulso27","article_publisher":"https:\/\/www.facebook.com\/pulso27\/","article_published_time":"2026-09-06T15:59:32+00:00","article_modified_time":"2026-09-06T16:09:18+00:00","og_image":[{"width":1200,"height":800,"url":"https:\/\/pulso27.com\/wp-content\/uploads\/2026\/09\/Gabinete.png","type":"image\/png"}],"author":"Redactor","twitter_card":"summary_large_image","twitter_creator":"@Pulso_27","twitter_site":"@Pulso_27","twitter_misc":{"Written by":"Redactor","Est. reading time":"3 minutes"},"schema":{"@context":"https:\/\/schema.org","@graph":[{"@type":"Article","@id":"https:\/\/pulso27.com\/actualidad\/ministros-keiko-fujimori-investigaciones-fiscales-marco-vinelli\/#article","isPartOf":{"@id":"https:\/\/pulso27.com\/actualidad\/ministros-keiko-fujimori-investigaciones-fiscales-marco-vinelli\/"},"author":{"name":"Redactor","@id":"https:\/\/pulso27.com\/en\/#\/schema\/person\/bf5ee161e6c87f6c7d57f5e689ef8526"},"headline":"Gabinete de Keiko Fujimori bajo la lupa: 15 ministros registran investigaciones o antecedentes","datePublished":"2026-09-06T15:59:32+00:00","dateModified":"2026-09-06T16:09:18+00:00","mainEntityOfPage":{"@id":"https:\/\/pulso27.com\/actualidad\/ministros-keiko-fujimori-investigaciones-fiscales-marco-vinelli\/"},"wordCount":619,"commentCount":0,"publisher":{"@id":"https:\/\/pulso27.com\/en\/#organization"},"image":{"@id":"https:\/\/pulso27.com\/actualidad\/ministros-keiko-fujimori-investigaciones-fiscales-marco-vinelli\/#primaryimage"},"thumbnailUrl":"https:\/\/pulso27.com\/wp-content\/uploads\/2026\/09\/Gabinete.png","keywords":["gabinete de Keiko Fujimori","Investigaciones Fiscales","Luis Galarreta","Marco Vinelli","MIDAGRI","Ministros de Keiko Fujimori","Vladimiro Huaroc"],"articleSection":["Actualidad","Nacional","Tendencia"],"inLanguage":"en-US","potentialAction":[{"@type":"CommentAction","name":"Comment","target":["https:\/\/pulso27.com\/actualidad\/ministros-keiko-fujimori-investigaciones-fiscales-marco-vinelli\/#respond"]}]},{"@type":"WebPage","@id":"https:\/\/pulso27.com\/actualidad\/ministros-keiko-fujimori-investigaciones-fiscales-marco-vinelli\/","url":"https:\/\/pulso27.com\/actualidad\/ministros-keiko-fujimori-investigaciones-fiscales-marco-vinelli\/","name":"Gabinete de Keiko Fujimori bajo la lupa: 15 ministros registran investigaciones o antecedentes - Pulso27","isPartOf":{"@id":"https:\/\/pulso27.com\/en\/#website"},"primaryImageOfPage":{"@id":"https:\/\/pulso27.com\/actualidad\/ministros-keiko-fujimori-investigaciones-fiscales-marco-vinelli\/#primaryimage"},"image":{"@id":"https:\/\/pulso27.com\/actualidad\/ministros-keiko-fujimori-investigaciones-fiscales-marco-vinelli\/#primaryimage"},"thumbnailUrl":"https:\/\/pulso27.com\/wp-content\/uploads\/2026\/09\/Gabinete.png","datePublished":"2026-09-06T15:59:32+00:00","dateModified":"2026-09-06T16:09:18+00:00","description":"15 ministros del primer gabinete de Keiko Fujimori tienen investigaciones, procesos o antecedentes.","breadcrumb":{"@id":"https:\/\/pulso27.com\/actualidad\/ministros-keiko-fujimori-investigaciones-fiscales-marco-vinelli\/#breadcrumb"},"inLanguage":"en-US","potentialAction":[{"@type":"ReadAction","target":["https:\/\/pulso27.com\/actualidad\/ministros-keiko-fujimori-investigaciones-fiscales-marco-vinelli\/"]}]},{"@type":"ImageObject","inLanguage":"en-US","@id":"https:\/\/pulso27.com\/actualidad\/ministros-keiko-fujimori-investigaciones-fiscales-marco-vinelli\/#primaryimage","url":"https:\/\/pulso27.com\/wp-content\/uploads\/2026\/09\/Gabinete.png","contentUrl":"https:\/\/pulso27.com\/wp-content\/uploads\/2026\/09\/Gabinete.png","width":1200,"height":800},{"@type":"BreadcrumbList","@id":"https:\/\/pulso27.com\/actualidad\/ministros-keiko-fujimori-investigaciones-fiscales-marco-vinelli\/#breadcrumb","itemListElement":[{"@type":"ListItem","position":1,"name":"Portada","item":"https:\/\/pulso27.com\/"},{"@type":"ListItem","position":2,"name":"Gabinete de Keiko Fujimori bajo la lupa: 15 ministros registran investigaciones o antecedentes"}]},{"@type":"WebSite","@id":"https:\/\/pulso27.com\/en\/#website","url":"https:\/\/pulso27.com\/en\/","name":"Pulso27","description":"Web de noticias y publicidad","publisher":{"@id":"https:\/\/pulso27.com\/en\/#organization"},"alternateName":"El pulso del pueblo","potentialAction":[{"@type":"SearchAction","target":{"@type":"EntryPoint","urlTemplate":"https:\/\/pulso27.com\/en\/?s={search_term_string}"},"query-input":{"@type":"PropertyValueSpecification","valueRequired":true,"valueName":"search_term_string"}}],"inLanguage":"en-US"},{"@type":"Organization","@id":"https:\/\/pulso27.com\/en\/#organization","name":"Pulso27","url":"https:\/\/pulso27.com\/en\/","logo":{"@type":"ImageObject","inLanguage":"en-US","@id":"https:\/\/pulso27.com\/en\/#\/schema\/logo\/image\/","url":"https:\/\/pulso27.com\/wp-content\/uploads\/2026\/02\/Logotipo-de-la-organizacion-696-x-696-px-ok.png","contentUrl":"https:\/\/pulso27.com\/wp-content\/uploads\/2026\/02\/Logotipo-de-la-organizacion-696-x-696-px-ok.png","width":696,"height":696,"caption":"Pulso27"},"image":{"@id":"https:\/\/pulso27.com\/en\/#\/schema\/logo\/image\/"},"sameAs":["https:\/\/www.facebook.com\/pulso27\/","https:\/\/x.com\/Pulso_27","https:\/\/www.youtube.com\/@Pulso27","https:\/\/www.tiktok.com\/@pulso_27"]},{"@type":"Person","@id":"https:\/\/pulso27.com\/en\/#\/schema\/person\/bf5ee161e6c87f6c7d57f5e689ef8526","name":"Redactor","image":{"@type":"ImageObject","inLanguage":"en-US","@id":"https:\/\/pulso27.com\/wp-content\/uploads\/2025\/03\/a-150x150.png","url":"https:\/\/pulso27.com\/wp-content\/uploads\/2025\/03\/a-150x150.png","contentUrl":"https:\/\/pulso27.com\/wp-content\/uploads\/2025\/03\/a-150x150.png","caption":"Redactor"},"sameAs":["http:\/\/www.pulso27.com"],"url":"https:\/\/pulso27.com\/en\/author\/redactor\/"}]}},"amp_enabled":true,"_links":{"self":[{"href":"https:\/\/pulso27.com\/en\/wp-json\/wp\/v2\/posts\/8890","targetHints":{"allow":["GET"]}}],"collection":[{"href":"https:\/\/pulso27.com\/en\/wp-json\/wp\/v2\/posts"}],"about":[{"href":"https:\/\/pulso27.com\/en\/wp-json\/wp\/v2\/types\/post"}],"author":[{"embeddable":true,"href":"https:\/\/pulso27.com\/en\/wp-json\/wp\/v2\/users\/13"}],"replies":[{"embeddable":true,"href":"https:\/\/pulso27.com\/en\/wp-json\/wp\/v2\/comments?post=8890"}],"version-history":[{"count":1,"href":"https:\/\/pulso27.com\/en\/wp-json\/wp\/v2\/posts\/8890\/revisions"}],"predecessor-version":[{"id":8896,"href":"https:\/\/pulso27.com\/en\/wp-json\/wp\/v2\/posts\/8890\/revisions\/8896"}],"wp:featuredmedia":[{"embeddable":true,"href":"https:\/\/pulso27.com\/en\/wp-json\/wp\/v2\/media\/8892"}],"wp:attachment":[{"href":"https:\/\/pulso27.com\/en\/wp-json\/wp\/v2\/media?parent=8890"}],"wp:term":[{"taxonomy":"category","embeddable":true,"href":"https:\/\/pulso27.com\/en\/wp-json\/wp\/v2\/categories?post=8890"},{"taxonomy":"post_tag","embeddable":true,"href":"https:\/\/pulso27.com\/en\/wp-json\/wp\/v2\/tags?post=8890"}],"curies":[{"name":"wp","href":"https:\/\/api.w.org\/{rel}","templated":true}]}}