{"id":907,"date":"2023-12-13T18:30:20","date_gmt":"2023-12-13T18:30:20","guid":{"rendered":"https:\/\/pulso27.com\/?p=907"},"modified":"2023-12-13T18:30:20","modified_gmt":"2023-12-13T18:30:20","slug":"confirmado-juan-reynoso-no-es-mas-tecnico-de-la-seleccion-peruana","status":"publish","type":"post","link":"https:\/\/pulso27.com\/en\/deporte\/confirmado-juan-reynoso-no-es-mas-tecnico-de-la-seleccion-peruana\/","title":{"rendered":"Confirmado: Juan Reynoso no es m\u00e1s t\u00e9cnico de la Selecci\u00f3n Peruana"},"content":{"rendered":"<p>La FPF anunci\u00f3 este mi\u00e9rcoles la salida de Juan Reynoso de la Selecci\u00f3n Peruana. Jorge Fossati llegar\u00eda en las pr\u00f3ximas horas.<br>Se termin\u00f3. La Federaci\u00f3n Peruana de F\u00fatbol (FPF) anunci\u00f3 este mi\u00e9rcoles la salida de Juan Reynoso. A trav\u00e9s de un comunicado emitido en las redes sociales, la entidad deportiva dio a conocer la noticia y agradeci\u00f3 al estratega nacional por sus servicios prestados.<\/p>\n\n\n\n<p>\u00abLa Federaci\u00f3n agradece al profesor Juan M\u00e1ximo Reynoso por el compromiso en su gesti\u00f3n al mando de la bicolor. Hoy nos corresponde informar que se ha llegado al mejor entendimiento para culminar su ciclo como director t\u00e9cnico\u00bb, es lo que indican de parte de la Selecci\u00f3n Peruana.<\/p>\n\n\n\n<p>Adem\u00e1s, sobre Reynoso a\u00f1aden que \u00abexpresamos nuestros mejores deseos de \u00e9xito en los siguientes pasos de su carrera profesional, asimismo a los integrantes de su comando t\u00e9cnico\u00bb.<br>La FPF anunci\u00f3 este mi\u00e9rcoles la salida de Juan Reynoso de la Selecci\u00f3n Peruana. Jorge Fossati llegar\u00eda en las pr\u00f3ximas horas.<br>Se termin\u00f3. La Federaci\u00f3n Peruana de F\u00fatbol (FPF) anunci\u00f3 este mi\u00e9rcoles la salida de Juan Reynoso. A trav\u00e9s de un comunicado emitido en las redes sociales, la entidad deportiva dio a conocer la noticia y agradeci\u00f3 al estratega nacional por sus servicios prestados.<\/p>\n\n\n\n<p>\u00abLa Federaci\u00f3n agradece al profesor Juan M\u00e1ximo Reynoso por el compromiso en su gesti\u00f3n al mando de la bicolor. Hoy nos corresponde informar que se ha llegado al mejor entendimiento para culminar su ciclo como director t\u00e9cnico\u00bb, es lo que indican de parte de la Selecci\u00f3n Peruana.<\/p>\n\n\n\n<p>Adem\u00e1s, sobre Reynoso a\u00f1aden que \u00abexpresamos nuestros mejores deseos de \u00e9xito en los siguientes pasos de su carrera profesional, asimismo a los integrantes de su comando t\u00e9cnico\u00bb.<\/p>\n\n\n\n<figure class=\"wp-block-image\"><img decoding=\"async\" src=\"blob:https:\/\/pulso27.com\/4f31a453-99f2-4c2e-aa7e-acda5087baf2\" alt=\"\"\/><\/figure>\n\n\n\n<p><strong><br>La salida de Juan Reynoso: finiquito que tom\u00f3 cerca de un mes<\/strong><br>La confirmaci\u00f3n de la salida de Juan Reynoso se da luego de 20 d\u00edas de conocerse la noticia. RPP Deportes, tras el encuentro con Venezuela por las Eliminatorias Sudamericanas, recibi\u00f3 la informaci\u00f3n que Juan Carlos Oblitas le recomend\u00f3 al Directorio de la Federaci\u00f3n Peruana de F\u00fatbol (FPF) la salida del t\u00e9cnico nacional, la cual fue aceptada.<\/p>\n\n\n\n<p>Tras ello, miembros de la Federaci\u00f3n Peruana de F\u00fatbol (FPF) no descartaron la informaci\u00f3n. De hecho, el abogado de Juan Reynoso, Math\u00edas Fari\u00f1a, indic\u00f3 -el 23 de noviembre- que nadie le hab\u00eda informado nada y que el t\u00e9cnico se manten\u00eda en su puesto.<\/p>\n\n\n\n<p>Pero, momentos despu\u00e9s de las declaraciones de Fari\u00f1a, RPP Deportes confirm\u00f3 que Juan Carlos Obitas le inform\u00f3 al estratega nacional que no iban a contar m\u00e1s con sus servicios. Es m\u00e1s, el exfutbolista dijo sentirse mortificado con la situaci\u00f3n.<\/p>\n\n\n\n<p>El 30 de noviembre, el dirigente de la FPF volvi\u00f3 a expresarse de la salida de Juan Reynoso. \u00abSe est\u00e1 (tratando) el finiquito de Juan. Mientras no se resuelva eso, no puede haber ninguna otra noticia. Hay una comisi\u00f3n encargada y hay que tener paciencia\u00bb, indic\u00f3. Sin embargo, no habl\u00f3 de lo que ya se ven\u00eda tejiendo: el inter\u00e9s sobre Jorge Fossati.<\/p>\n\n\n\n<p>De hecho, el propio estratega confirm\u00f3 el contacto. \u00abNo, pero ayer mismo (jueves) digamos que me entero de que hablaron con las autoridades de mi club que no est\u00e1n muy de acuerdo. Aparentemente, el director de f\u00fatbol (Juan Carlos Oblitas) vendr\u00eda ac\u00e1 a hablar conmigo\u201d, indic\u00f3 el t\u00e9cnico a Quiero F\u00fatbol de Sport890. Sin embargo, d\u00edas despu\u00e9s asegur\u00f3 que no hablar\u00e1 con ning\u00fan representante de la FPF hasta que no se confirme la salida de Juan Reynoso.<\/p>\n\n\n\n<p>Tras varios d\u00edas de negociaciones, el popular &#8216;Cabez\u00f3n&#8217; dej\u00f3 de ser t\u00e9cnico y solo queda cerrar la vinculaci\u00f3n con Jorge Fossati.<\/p>\n\n\n\n<p>Fuente: RPP<\/p>\n\n\n\n<p><\/p>","protected":false},"excerpt":{"rendered":"<p>La FPF anunci\u00f3 este mi\u00e9rcoles la salida de Juan Reynoso de la Selecci\u00f3n Peruana. Jorge Fossati llegar\u00eda en las pr\u00f3ximas horas.Se termin\u00f3. La Federaci\u00f3n Peruana de F\u00fatbol (FPF) anunci\u00f3 este mi\u00e9rcoles la salida de Juan Reynoso. A trav\u00e9s de un comunicado emitido en las redes sociales, la entidad deportiva dio a conocer la noticia y [&hellip;]<\/p>\n","protected":false},"author":10,"featured_media":908,"comment_status":"open","ping_status":"open","sticky":false,"template":"","format":"standard","meta":{"footnotes":""},"categories":[183,176],"tags":[318,401],"class_list":["post-907","post","type-post","status-publish","format-standard","has-post-thumbnail","hentry","category-actualidad","category-deporte","tag-fpf","tag-juan-reynoso"],"yoast_head":"<!-- This site is optimized with the Yoast SEO plugin v27.4 - https:\/\/yoast.com\/product\/yoast-seo-wordpress\/ -->\n<title>Confirmado: Juan Reynoso no es m\u00e1s t\u00e9cnico de la Selecci\u00f3n Peruana - Pulso27<\/title>\n<meta name=\"robots\" content=\"index, follow, max-snippet:-1, max-image-preview:large, max-video-preview:-1\" \/>\n<link rel=\"canonical\" href=\"https:\/\/pulso27.com\/en\/deporte\/confirmado-juan-reynoso-no-es-mas-tecnico-de-la-seleccion-peruana\/\" \/>\n<meta property=\"og:locale\" content=\"en_US\" \/>\n<meta property=\"og:type\" content=\"article\" \/>\n<meta property=\"og:title\" content=\"Confirmado: Juan Reynoso no es m\u00e1s t\u00e9cnico de la Selecci\u00f3n Peruana - Pulso27\" \/>\n<meta property=\"og:description\" content=\"La FPF anunci\u00f3 este mi\u00e9rcoles la salida de Juan Reynoso de la Selecci\u00f3n Peruana. Jorge Fossati llegar\u00eda en las pr\u00f3ximas horas.Se termin\u00f3. La Federaci\u00f3n Peruana de F\u00fatbol (FPF) anunci\u00f3 este mi\u00e9rcoles la salida de Juan Reynoso. A trav\u00e9s de un comunicado emitido en las redes sociales, la entidad deportiva dio a conocer la noticia y [&hellip;]\" \/>\n<meta property=\"og:url\" content=\"https:\/\/pulso27.com\/en\/deporte\/confirmado-juan-reynoso-no-es-mas-tecnico-de-la-seleccion-peruana\/\" \/>\n<meta property=\"og:site_name\" content=\"Pulso27\" \/>\n<meta property=\"article:publisher\" content=\"https:\/\/www.facebook.com\/pulso27\/\" \/>\n<meta property=\"article:published_time\" content=\"2023-12-13T18:30:20+00:00\" \/>\n<meta property=\"og:image\" content=\"https:\/\/pulso27.com\/wp-content\/uploads\/2023\/12\/juan-reynoso2.jpg\" \/>\n\t<meta property=\"og:image:width\" content=\"275\" \/>\n\t<meta property=\"og:image:height\" content=\"183\" \/>\n\t<meta property=\"og:image:type\" content=\"image\/jpeg\" \/>\n<meta name=\"author\" content=\"El Muki\" \/>\n<meta name=\"twitter:card\" content=\"summary_large_image\" \/>\n<meta name=\"twitter:creator\" content=\"@Pulso_27\" \/>\n<meta name=\"twitter:site\" content=\"@Pulso_27\" \/>\n<meta name=\"twitter:label1\" content=\"Written by\" \/>\n\t<meta name=\"twitter:data1\" content=\"El Muki\" \/>\n\t<meta name=\"twitter:label2\" content=\"Est. reading time\" \/>\n\t<meta name=\"twitter:data2\" content=\"3 minutes\" \/>\n<script type=\"application\/ld+json\" class=\"yoast-schema-graph\">{\"@context\":\"https:\\\/\\\/schema.org\",\"@graph\":[{\"@type\":\"Article\",\"@id\":\"https:\\\/\\\/pulso27.com\\\/deporte\\\/confirmado-juan-reynoso-no-es-mas-tecnico-de-la-seleccion-peruana\\\/#article\",\"isPartOf\":{\"@id\":\"https:\\\/\\\/pulso27.com\\\/deporte\\\/confirmado-juan-reynoso-no-es-mas-tecnico-de-la-seleccion-peruana\\\/\"},\"author\":{\"name\":\"El Muki\",\"@id\":\"https:\\\/\\\/pulso27.com\\\/en\\\/#\\\/schema\\\/person\\\/a0930a7f318e7d9d83bd7cffed9f34f6\"},\"headline\":\"Confirmado: Juan Reynoso no es m\u00e1s t\u00e9cnico de la Selecci\u00f3n Peruana\",\"datePublished\":\"2023-12-13T18:30:20+00:00\",\"mainEntityOfPage\":{\"@id\":\"https:\\\/\\\/pulso27.com\\\/deporte\\\/confirmado-juan-reynoso-no-es-mas-tecnico-de-la-seleccion-peruana\\\/\"},\"wordCount\":665,\"commentCount\":0,\"publisher\":{\"@id\":\"https:\\\/\\\/pulso27.com\\\/en\\\/#organization\"},\"image\":{\"@id\":\"https:\\\/\\\/pulso27.com\\\/deporte\\\/confirmado-juan-reynoso-no-es-mas-tecnico-de-la-seleccion-peruana\\\/#primaryimage\"},\"thumbnailUrl\":\"https:\\\/\\\/pulso27.com\\\/wp-content\\\/uploads\\\/2023\\\/12\\\/juan-reynoso2.jpg\",\"keywords\":[\"FPF\",\"Juan Reynoso\"],\"articleSection\":[\"Actualidad\",\"Deporte\"],\"inLanguage\":\"en-US\",\"potentialAction\":[{\"@type\":\"CommentAction\",\"name\":\"Comment\",\"target\":[\"https:\\\/\\\/pulso27.com\\\/deporte\\\/confirmado-juan-reynoso-no-es-mas-tecnico-de-la-seleccion-peruana\\\/#respond\"]}]},{\"@type\":\"WebPage\",\"@id\":\"https:\\\/\\\/pulso27.com\\\/deporte\\\/confirmado-juan-reynoso-no-es-mas-tecnico-de-la-seleccion-peruana\\\/\",\"url\":\"https:\\\/\\\/pulso27.com\\\/deporte\\\/confirmado-juan-reynoso-no-es-mas-tecnico-de-la-seleccion-peruana\\\/\",\"name\":\"Confirmado: Juan Reynoso no es m\u00e1s t\u00e9cnico de la Selecci\u00f3n Peruana - Pulso27\",\"isPartOf\":{\"@id\":\"https:\\\/\\\/pulso27.com\\\/en\\\/#website\"},\"primaryImageOfPage\":{\"@id\":\"https:\\\/\\\/pulso27.com\\\/deporte\\\/confirmado-juan-reynoso-no-es-mas-tecnico-de-la-seleccion-peruana\\\/#primaryimage\"},\"image\":{\"@id\":\"https:\\\/\\\/pulso27.com\\\/deporte\\\/confirmado-juan-reynoso-no-es-mas-tecnico-de-la-seleccion-peruana\\\/#primaryimage\"},\"thumbnailUrl\":\"https:\\\/\\\/pulso27.com\\\/wp-content\\\/uploads\\\/2023\\\/12\\\/juan-reynoso2.jpg\",\"datePublished\":\"2023-12-13T18:30:20+00:00\",\"breadcrumb\":{\"@id\":\"https:\\\/\\\/pulso27.com\\\/deporte\\\/confirmado-juan-reynoso-no-es-mas-tecnico-de-la-seleccion-peruana\\\/#breadcrumb\"},\"inLanguage\":\"en-US\",\"potentialAction\":[{\"@type\":\"ReadAction\",\"target\":[\"https:\\\/\\\/pulso27.com\\\/deporte\\\/confirmado-juan-reynoso-no-es-mas-tecnico-de-la-seleccion-peruana\\\/\"]}]},{\"@type\":\"ImageObject\",\"inLanguage\":\"en-US\",\"@id\":\"https:\\\/\\\/pulso27.com\\\/deporte\\\/confirmado-juan-reynoso-no-es-mas-tecnico-de-la-seleccion-peruana\\\/#primaryimage\",\"url\":\"https:\\\/\\\/pulso27.com\\\/wp-content\\\/uploads\\\/2023\\\/12\\\/juan-reynoso2.jpg\",\"contentUrl\":\"https:\\\/\\\/pulso27.com\\\/wp-content\\\/uploads\\\/2023\\\/12\\\/juan-reynoso2.jpg\",\"width\":275,\"height\":183},{\"@type\":\"BreadcrumbList\",\"@id\":\"https:\\\/\\\/pulso27.com\\\/deporte\\\/confirmado-juan-reynoso-no-es-mas-tecnico-de-la-seleccion-peruana\\\/#breadcrumb\",\"itemListElement\":[{\"@type\":\"ListItem\",\"position\":1,\"name\":\"Portada\",\"item\":\"https:\\\/\\\/pulso27.com\\\/\"},{\"@type\":\"ListItem\",\"position\":2,\"name\":\"Confirmado: Juan Reynoso no es m\u00e1s t\u00e9cnico de la Selecci\u00f3n Peruana\"}]},{\"@type\":\"WebSite\",\"@id\":\"https:\\\/\\\/pulso27.com\\\/en\\\/#website\",\"url\":\"https:\\\/\\\/pulso27.com\\\/en\\\/\",\"name\":\"Pulso27\",\"description\":\"Web de noticias y publicidad\",\"publisher\":{\"@id\":\"https:\\\/\\\/pulso27.com\\\/en\\\/#organization\"},\"alternateName\":\"El pulso del pueblo\",\"potentialAction\":[{\"@type\":\"SearchAction\",\"target\":{\"@type\":\"EntryPoint\",\"urlTemplate\":\"https:\\\/\\\/pulso27.com\\\/en\\\/?s={search_term_string}\"},\"query-input\":{\"@type\":\"PropertyValueSpecification\",\"valueRequired\":true,\"valueName\":\"search_term_string\"}}],\"inLanguage\":\"en-US\"},{\"@type\":\"Organization\",\"@id\":\"https:\\\/\\\/pulso27.com\\\/en\\\/#organization\",\"name\":\"Pulso27\",\"url\":\"https:\\\/\\\/pulso27.com\\\/en\\\/\",\"logo\":{\"@type\":\"ImageObject\",\"inLanguage\":\"en-US\",\"@id\":\"https:\\\/\\\/pulso27.com\\\/en\\\/#\\\/schema\\\/logo\\\/image\\\/\",\"url\":\"https:\\\/\\\/pulso27.com\\\/wp-content\\\/uploads\\\/2026\\\/02\\\/Logotipo-de-la-organizacion-696-x-696-px-ok.png\",\"contentUrl\":\"https:\\\/\\\/pulso27.com\\\/wp-content\\\/uploads\\\/2026\\\/02\\\/Logotipo-de-la-organizacion-696-x-696-px-ok.png\",\"width\":696,\"height\":696,\"caption\":\"Pulso27\"},\"image\":{\"@id\":\"https:\\\/\\\/pulso27.com\\\/en\\\/#\\\/schema\\\/logo\\\/image\\\/\"},\"sameAs\":[\"https:\\\/\\\/www.facebook.com\\\/pulso27\\\/\",\"https:\\\/\\\/x.com\\\/Pulso_27\",\"https:\\\/\\\/www.youtube.com\\\/@Pulso27\",\"https:\\\/\\\/www.tiktok.com\\\/@pulso_27\"]},{\"@type\":\"Person\",\"@id\":\"https:\\\/\\\/pulso27.com\\\/en\\\/#\\\/schema\\\/person\\\/a0930a7f318e7d9d83bd7cffed9f34f6\",\"name\":\"El Muki\",\"image\":{\"@type\":\"ImageObject\",\"inLanguage\":\"en-US\",\"@id\":\"https:\\\/\\\/secure.gravatar.com\\\/avatar\\\/dc91c2607c5eebda74cbb40d13031f489096c96ead89c4c30c17db262267b2b3?s=96&d=mm&r=g\",\"url\":\"https:\\\/\\\/secure.gravatar.com\\\/avatar\\\/dc91c2607c5eebda74cbb40d13031f489096c96ead89c4c30c17db262267b2b3?s=96&d=mm&r=g\",\"contentUrl\":\"https:\\\/\\\/secure.gravatar.com\\\/avatar\\\/dc91c2607c5eebda74cbb40d13031f489096c96ead89c4c30c17db262267b2b3?s=96&d=mm&r=g\",\"caption\":\"El Muki\"},\"sameAs\":[\"http:\\\/\\\/www.pulso27.com\"],\"url\":\"https:\\\/\\\/pulso27.com\\\/en\\\/author\\\/elcuervo\\\/\"}]}<\/script>\n<!-- \/ Yoast SEO plugin. -->","yoast_head_json":{"title":"Confirmado: Juan Reynoso no es m\u00e1s t\u00e9cnico de la Selecci\u00f3n Peruana - Pulso27","robots":{"index":"index","follow":"follow","max-snippet":"max-snippet:-1","max-image-preview":"max-image-preview:large","max-video-preview":"max-video-preview:-1"},"canonical":"https:\/\/pulso27.com\/en\/deporte\/confirmado-juan-reynoso-no-es-mas-tecnico-de-la-seleccion-peruana\/","og_locale":"en_US","og_type":"article","og_title":"Confirmado: Juan Reynoso no es m\u00e1s t\u00e9cnico de la Selecci\u00f3n Peruana - Pulso27","og_description":"La FPF anunci\u00f3 este mi\u00e9rcoles la salida de Juan Reynoso de la Selecci\u00f3n Peruana. Jorge Fossati llegar\u00eda en las pr\u00f3ximas horas.Se termin\u00f3. La Federaci\u00f3n Peruana de F\u00fatbol (FPF) anunci\u00f3 este mi\u00e9rcoles la salida de Juan Reynoso. A trav\u00e9s de un comunicado emitido en las redes sociales, la entidad deportiva dio a conocer la noticia y [&hellip;]","og_url":"https:\/\/pulso27.com\/en\/deporte\/confirmado-juan-reynoso-no-es-mas-tecnico-de-la-seleccion-peruana\/","og_site_name":"Pulso27","article_publisher":"https:\/\/www.facebook.com\/pulso27\/","article_published_time":"2023-12-13T18:30:20+00:00","og_image":[{"width":275,"height":183,"url":"https:\/\/pulso27.com\/wp-content\/uploads\/2023\/12\/juan-reynoso2.jpg","type":"image\/jpeg"}],"author":"El Muki","twitter_card":"summary_large_image","twitter_creator":"@Pulso_27","twitter_site":"@Pulso_27","twitter_misc":{"Written by":"El Muki","Est. reading time":"3 minutes"},"schema":{"@context":"https:\/\/schema.org","@graph":[{"@type":"Article","@id":"https:\/\/pulso27.com\/deporte\/confirmado-juan-reynoso-no-es-mas-tecnico-de-la-seleccion-peruana\/#article","isPartOf":{"@id":"https:\/\/pulso27.com\/deporte\/confirmado-juan-reynoso-no-es-mas-tecnico-de-la-seleccion-peruana\/"},"author":{"name":"El Muki","@id":"https:\/\/pulso27.com\/en\/#\/schema\/person\/a0930a7f318e7d9d83bd7cffed9f34f6"},"headline":"Confirmado: Juan Reynoso no es m\u00e1s t\u00e9cnico de la Selecci\u00f3n Peruana","datePublished":"2023-12-13T18:30:20+00:00","mainEntityOfPage":{"@id":"https:\/\/pulso27.com\/deporte\/confirmado-juan-reynoso-no-es-mas-tecnico-de-la-seleccion-peruana\/"},"wordCount":665,"commentCount":0,"publisher":{"@id":"https:\/\/pulso27.com\/en\/#organization"},"image":{"@id":"https:\/\/pulso27.com\/deporte\/confirmado-juan-reynoso-no-es-mas-tecnico-de-la-seleccion-peruana\/#primaryimage"},"thumbnailUrl":"https:\/\/pulso27.com\/wp-content\/uploads\/2023\/12\/juan-reynoso2.jpg","keywords":["FPF","Juan Reynoso"],"articleSection":["Actualidad","Deporte"],"inLanguage":"en-US","potentialAction":[{"@type":"CommentAction","name":"Comment","target":["https:\/\/pulso27.com\/deporte\/confirmado-juan-reynoso-no-es-mas-tecnico-de-la-seleccion-peruana\/#respond"]}]},{"@type":"WebPage","@id":"https:\/\/pulso27.com\/deporte\/confirmado-juan-reynoso-no-es-mas-tecnico-de-la-seleccion-peruana\/","url":"https:\/\/pulso27.com\/deporte\/confirmado-juan-reynoso-no-es-mas-tecnico-de-la-seleccion-peruana\/","name":"Confirmado: Juan Reynoso no es m\u00e1s t\u00e9cnico de la Selecci\u00f3n Peruana - Pulso27","isPartOf":{"@id":"https:\/\/pulso27.com\/en\/#website"},"primaryImageOfPage":{"@id":"https:\/\/pulso27.com\/deporte\/confirmado-juan-reynoso-no-es-mas-tecnico-de-la-seleccion-peruana\/#primaryimage"},"image":{"@id":"https:\/\/pulso27.com\/deporte\/confirmado-juan-reynoso-no-es-mas-tecnico-de-la-seleccion-peruana\/#primaryimage"},"thumbnailUrl":"https:\/\/pulso27.com\/wp-content\/uploads\/2023\/12\/juan-reynoso2.jpg","datePublished":"2023-12-13T18:30:20+00:00","breadcrumb":{"@id":"https:\/\/pulso27.com\/deporte\/confirmado-juan-reynoso-no-es-mas-tecnico-de-la-seleccion-peruana\/#breadcrumb"},"inLanguage":"en-US","potentialAction":[{"@type":"ReadAction","target":["https:\/\/pulso27.com\/deporte\/confirmado-juan-reynoso-no-es-mas-tecnico-de-la-seleccion-peruana\/"]}]},{"@type":"ImageObject","inLanguage":"en-US","@id":"https:\/\/pulso27.com\/deporte\/confirmado-juan-reynoso-no-es-mas-tecnico-de-la-seleccion-peruana\/#primaryimage","url":"https:\/\/pulso27.com\/wp-content\/uploads\/2023\/12\/juan-reynoso2.jpg","contentUrl":"https:\/\/pulso27.com\/wp-content\/uploads\/2023\/12\/juan-reynoso2.jpg","width":275,"height":183},{"@type":"BreadcrumbList","@id":"https:\/\/pulso27.com\/deporte\/confirmado-juan-reynoso-no-es-mas-tecnico-de-la-seleccion-peruana\/#breadcrumb","itemListElement":[{"@type":"ListItem","position":1,"name":"Portada","item":"https:\/\/pulso27.com\/"},{"@type":"ListItem","position":2,"name":"Confirmado: Juan Reynoso no es m\u00e1s t\u00e9cnico de la Selecci\u00f3n Peruana"}]},{"@type":"WebSite","@id":"https:\/\/pulso27.com\/en\/#website","url":"https:\/\/pulso27.com\/en\/","name":"Pulso27","description":"Web de noticias y publicidad","publisher":{"@id":"https:\/\/pulso27.com\/en\/#organization"},"alternateName":"El pulso del pueblo","potentialAction":[{"@type":"SearchAction","target":{"@type":"EntryPoint","urlTemplate":"https:\/\/pulso27.com\/en\/?s={search_term_string}"},"query-input":{"@type":"PropertyValueSpecification","valueRequired":true,"valueName":"search_term_string"}}],"inLanguage":"en-US"},{"@type":"Organization","@id":"https:\/\/pulso27.com\/en\/#organization","name":"Pulso27","url":"https:\/\/pulso27.com\/en\/","logo":{"@type":"ImageObject","inLanguage":"en-US","@id":"https:\/\/pulso27.com\/en\/#\/schema\/logo\/image\/","url":"https:\/\/pulso27.com\/wp-content\/uploads\/2026\/02\/Logotipo-de-la-organizacion-696-x-696-px-ok.png","contentUrl":"https:\/\/pulso27.com\/wp-content\/uploads\/2026\/02\/Logotipo-de-la-organizacion-696-x-696-px-ok.png","width":696,"height":696,"caption":"Pulso27"},"image":{"@id":"https:\/\/pulso27.com\/en\/#\/schema\/logo\/image\/"},"sameAs":["https:\/\/www.facebook.com\/pulso27\/","https:\/\/x.com\/Pulso_27","https:\/\/www.youtube.com\/@Pulso27","https:\/\/www.tiktok.com\/@pulso_27"]},{"@type":"Person","@id":"https:\/\/pulso27.com\/en\/#\/schema\/person\/a0930a7f318e7d9d83bd7cffed9f34f6","name":"El Muki","image":{"@type":"ImageObject","inLanguage":"en-US","@id":"https:\/\/secure.gravatar.com\/avatar\/dc91c2607c5eebda74cbb40d13031f489096c96ead89c4c30c17db262267b2b3?s=96&d=mm&r=g","url":"https:\/\/secure.gravatar.com\/avatar\/dc91c2607c5eebda74cbb40d13031f489096c96ead89c4c30c17db262267b2b3?s=96&d=mm&r=g","contentUrl":"https:\/\/secure.gravatar.com\/avatar\/dc91c2607c5eebda74cbb40d13031f489096c96ead89c4c30c17db262267b2b3?s=96&d=mm&r=g","caption":"El Muki"},"sameAs":["http:\/\/www.pulso27.com"],"url":"https:\/\/pulso27.com\/en\/author\/elcuervo\/"}]}},"amp_enabled":true,"_links":{"self":[{"href":"https:\/\/pulso27.com\/en\/wp-json\/wp\/v2\/posts\/907","targetHints":{"allow":["GET"]}}],"collection":[{"href":"https:\/\/pulso27.com\/en\/wp-json\/wp\/v2\/posts"}],"about":[{"href":"https:\/\/pulso27.com\/en\/wp-json\/wp\/v2\/types\/post"}],"author":[{"embeddable":true,"href":"https:\/\/pulso27.com\/en\/wp-json\/wp\/v2\/users\/10"}],"replies":[{"embeddable":true,"href":"https:\/\/pulso27.com\/en\/wp-json\/wp\/v2\/comments?post=907"}],"version-history":[{"count":1,"href":"https:\/\/pulso27.com\/en\/wp-json\/wp\/v2\/posts\/907\/revisions"}],"predecessor-version":[{"id":909,"href":"https:\/\/pulso27.com\/en\/wp-json\/wp\/v2\/posts\/907\/revisions\/909"}],"wp:featuredmedia":[{"embeddable":true,"href":"https:\/\/pulso27.com\/en\/wp-json\/wp\/v2\/media\/908"}],"wp:attachment":[{"href":"https:\/\/pulso27.com\/en\/wp-json\/wp\/v2\/media?parent=907"}],"wp:term":[{"taxonomy":"category","embeddable":true,"href":"https:\/\/pulso27.com\/en\/wp-json\/wp\/v2\/categories?post=907"},{"taxonomy":"post_tag","embeddable":true,"href":"https:\/\/pulso27.com\/en\/wp-json\/wp\/v2\/tags?post=907"}],"curies":[{"name":"wp","href":"https:\/\/api.w.org\/{rel}","templated":true}]}}