{"id":930,"date":"2023-12-14T17:35:24","date_gmt":"2023-12-14T17:35:24","guid":{"rendered":"https:\/\/pulso27.com\/?p=930"},"modified":"2023-12-14T17:35:32","modified_gmt":"2023-12-14T17:35:32","slug":"tc-pedro-hernandez-chavez-elegido-como-nuevo-magistrado","status":"publish","type":"post","link":"https:\/\/pulso27.com\/en\/nacional\/tc-pedro-hernandez-chavez-elegido-como-nuevo-magistrado\/","title":{"rendered":"TC: Pedro Hern\u00e1ndez Ch\u00e1vez elegido como nuevo magistrado"},"content":{"rendered":"<p>Pedro Hern\u00e1ndez Ch\u00e1vez, quien actualmente se desempe\u00f1a como asesor en el Tribunal Constitucional, indic\u00f3 haber ejercido la c\u00e1tedra de Derecho por un per\u00edodo de quince a\u00f1os.<\/p>\n\n\n\n<p>Con 103 votos a favor, 15 en contra y siete abstenciones, Pedro Hern\u00e1ndez Ch\u00e1vez fue elegido como nuevo magistrado del Tribunal Constitucional. El abogado de 51 a\u00f1os se desempe\u00f1a actualmente como asesor en el TC y ha ejercido la docencia universitaria por 15 a\u00f1os.<\/p>\n\n\n\n<p>Hern\u00e1ndez Ch\u00e1vez era el primero en la lista de los cuatro candidatos aptos que quedaron finalistas, de acuerdo con el orden de m\u00e9rito. El resto de este grupo lo completaban Hernando Montoya Alberti, Justo Balmaceda Quir\u00f3s y Luis Alberto Carrasco Garc\u00eda.<\/p>\n\n\n\n<p>El nuevo magistrado del TC reemplazar\u00e1 al fallecido Augusto Ferrero Costa, cuyo mandato ces\u00f3 en enero del presente a\u00f1o.<\/p>\n\n\n\n<p>Pedro Hern\u00e1ndez obtuvo un total de 95 puntos en el cuadro de orden de m\u00e9rito de candidatos aptos, sobrepasando al segundo puesto, Hernando Montoya Alberti, quien obtuvo 83.5 puntos; al tercer puesto, Justo Balmaceda Quir\u00f3s, con 79.2 puntos; y al cuatro puesto, Luis Alberto Carrasco Garc\u00eda, con 76.1 puntos.<\/p>\n\n\n\n<figure class=\"wp-block-image size-full\"><img loading=\"lazy\" decoding=\"async\" width=\"894\" height=\"528\" src=\"https:\/\/pulso27.com\/wp-content\/uploads\/2023\/12\/image-11.png\" alt=\"\" class=\"wp-image-933\" srcset=\"https:\/\/pulso27.com\/wp-content\/uploads\/2023\/12\/image-11.png 894w, https:\/\/pulso27.com\/wp-content\/uploads\/2023\/12\/image-11-300x177.png 300w, https:\/\/pulso27.com\/wp-content\/uploads\/2023\/12\/image-11-768x454.png 768w\" sizes=\"auto, (max-width: 894px) 100vw, 894px\" \/><\/figure>\n\n\n\n<p>Fuente: RPP<\/p>","protected":false},"excerpt":{"rendered":"<p>Pedro Hern\u00e1ndez Ch\u00e1vez, quien actualmente se desempe\u00f1a como asesor en el Tribunal Constitucional, indic\u00f3 haber ejercido la c\u00e1tedra de Derecho por un per\u00edodo de quince a\u00f1os<\/p>","protected":false},"author":10,"featured_media":931,"comment_status":"open","ping_status":"open","sticky":false,"template":"","format":"standard","meta":{"footnotes":""},"categories":[183,174,180],"tags":[404,215,385],"class_list":["post-930","post","type-post","status-publish","format-standard","has-post-thumbnail","hentry","category-actualidad","category-nacional","category-politica","tag-pedro-hernandez","tag-tc","tag-tribunal-constitucional"],"yoast_head":"<!-- This site is optimized with the Yoast SEO plugin v27.4 - https:\/\/yoast.com\/product\/yoast-seo-wordpress\/ -->\n<title>TC: Pedro Hern\u00e1ndez Ch\u00e1vez elegido como nuevo magistrado - Pulso27<\/title>\n<meta name=\"robots\" content=\"index, follow, max-snippet:-1, max-image-preview:large, max-video-preview:-1\" \/>\n<link rel=\"canonical\" href=\"https:\/\/pulso27.com\/en\/nacional\/tc-pedro-hernandez-chavez-elegido-como-nuevo-magistrado\/\" \/>\n<meta property=\"og:locale\" content=\"en_US\" \/>\n<meta property=\"og:type\" content=\"article\" \/>\n<meta property=\"og:title\" content=\"TC: Pedro Hern\u00e1ndez Ch\u00e1vez elegido como nuevo magistrado - Pulso27\" \/>\n<meta property=\"og:description\" content=\"Pedro Hern\u00e1ndez Ch\u00e1vez, quien actualmente se desempe\u00f1a como asesor en el Tribunal Constitucional, indic\u00f3 haber ejercido la c\u00e1tedra de Derecho por un per\u00edodo de quince a\u00f1os\" \/>\n<meta property=\"og:url\" content=\"https:\/\/pulso27.com\/en\/nacional\/tc-pedro-hernandez-chavez-elegido-como-nuevo-magistrado\/\" \/>\n<meta property=\"og:site_name\" content=\"Pulso27\" \/>\n<meta property=\"article:publisher\" content=\"https:\/\/www.facebook.com\/pulso27\/\" \/>\n<meta property=\"article:published_time\" content=\"2023-12-14T17:35:24+00:00\" \/>\n<meta property=\"article:modified_time\" content=\"2023-12-14T17:35:32+00:00\" \/>\n<meta property=\"og:image\" content=\"https:\/\/pulso27.com\/wp-content\/uploads\/2023\/12\/pedro-hernandez-chavez.jpg\" \/>\n\t<meta property=\"og:image:width\" content=\"474\" \/>\n\t<meta property=\"og:image:height\" content=\"266\" \/>\n\t<meta property=\"og:image:type\" content=\"image\/jpeg\" \/>\n<meta name=\"author\" content=\"El Muki\" \/>\n<meta name=\"twitter:card\" content=\"summary_large_image\" \/>\n<meta name=\"twitter:creator\" content=\"@Pulso_27\" \/>\n<meta name=\"twitter:site\" content=\"@Pulso_27\" \/>\n<meta name=\"twitter:label1\" content=\"Written by\" \/>\n\t<meta name=\"twitter:data1\" content=\"El Muki\" \/>\n\t<meta name=\"twitter:label2\" content=\"Est. reading time\" \/>\n\t<meta name=\"twitter:data2\" content=\"1 minute\" \/>\n<script type=\"application\/ld+json\" class=\"yoast-schema-graph\">{\"@context\":\"https:\\\/\\\/schema.org\",\"@graph\":[{\"@type\":\"Article\",\"@id\":\"https:\\\/\\\/pulso27.com\\\/nacional\\\/tc-pedro-hernandez-chavez-elegido-como-nuevo-magistrado\\\/#article\",\"isPartOf\":{\"@id\":\"https:\\\/\\\/pulso27.com\\\/nacional\\\/tc-pedro-hernandez-chavez-elegido-como-nuevo-magistrado\\\/\"},\"author\":{\"name\":\"El Muki\",\"@id\":\"https:\\\/\\\/pulso27.com\\\/en\\\/#\\\/schema\\\/person\\\/a0930a7f318e7d9d83bd7cffed9f34f6\"},\"headline\":\"TC: Pedro Hern\u00e1ndez Ch\u00e1vez elegido como nuevo magistrado\",\"datePublished\":\"2023-12-14T17:35:24+00:00\",\"dateModified\":\"2023-12-14T17:35:32+00:00\",\"mainEntityOfPage\":{\"@id\":\"https:\\\/\\\/pulso27.com\\\/nacional\\\/tc-pedro-hernandez-chavez-elegido-como-nuevo-magistrado\\\/\"},\"wordCount\":204,\"commentCount\":0,\"publisher\":{\"@id\":\"https:\\\/\\\/pulso27.com\\\/en\\\/#organization\"},\"image\":{\"@id\":\"https:\\\/\\\/pulso27.com\\\/nacional\\\/tc-pedro-hernandez-chavez-elegido-como-nuevo-magistrado\\\/#primaryimage\"},\"thumbnailUrl\":\"https:\\\/\\\/pulso27.com\\\/wp-content\\\/uploads\\\/2023\\\/12\\\/pedro-hernandez-chavez.jpg\",\"keywords\":[\"Pedro Hernandez\",\"TC\",\"Tribunal Constitucional\"],\"articleSection\":[\"Actualidad\",\"Nacional\",\"Pol\u00edtica\"],\"inLanguage\":\"en-US\",\"potentialAction\":[{\"@type\":\"CommentAction\",\"name\":\"Comment\",\"target\":[\"https:\\\/\\\/pulso27.com\\\/nacional\\\/tc-pedro-hernandez-chavez-elegido-como-nuevo-magistrado\\\/#respond\"]}]},{\"@type\":\"WebPage\",\"@id\":\"https:\\\/\\\/pulso27.com\\\/nacional\\\/tc-pedro-hernandez-chavez-elegido-como-nuevo-magistrado\\\/\",\"url\":\"https:\\\/\\\/pulso27.com\\\/nacional\\\/tc-pedro-hernandez-chavez-elegido-como-nuevo-magistrado\\\/\",\"name\":\"TC: Pedro Hern\u00e1ndez Ch\u00e1vez elegido como nuevo magistrado - Pulso27\",\"isPartOf\":{\"@id\":\"https:\\\/\\\/pulso27.com\\\/en\\\/#website\"},\"primaryImageOfPage\":{\"@id\":\"https:\\\/\\\/pulso27.com\\\/nacional\\\/tc-pedro-hernandez-chavez-elegido-como-nuevo-magistrado\\\/#primaryimage\"},\"image\":{\"@id\":\"https:\\\/\\\/pulso27.com\\\/nacional\\\/tc-pedro-hernandez-chavez-elegido-como-nuevo-magistrado\\\/#primaryimage\"},\"thumbnailUrl\":\"https:\\\/\\\/pulso27.com\\\/wp-content\\\/uploads\\\/2023\\\/12\\\/pedro-hernandez-chavez.jpg\",\"datePublished\":\"2023-12-14T17:35:24+00:00\",\"dateModified\":\"2023-12-14T17:35:32+00:00\",\"breadcrumb\":{\"@id\":\"https:\\\/\\\/pulso27.com\\\/nacional\\\/tc-pedro-hernandez-chavez-elegido-como-nuevo-magistrado\\\/#breadcrumb\"},\"inLanguage\":\"en-US\",\"potentialAction\":[{\"@type\":\"ReadAction\",\"target\":[\"https:\\\/\\\/pulso27.com\\\/nacional\\\/tc-pedro-hernandez-chavez-elegido-como-nuevo-magistrado\\\/\"]}]},{\"@type\":\"ImageObject\",\"inLanguage\":\"en-US\",\"@id\":\"https:\\\/\\\/pulso27.com\\\/nacional\\\/tc-pedro-hernandez-chavez-elegido-como-nuevo-magistrado\\\/#primaryimage\",\"url\":\"https:\\\/\\\/pulso27.com\\\/wp-content\\\/uploads\\\/2023\\\/12\\\/pedro-hernandez-chavez.jpg\",\"contentUrl\":\"https:\\\/\\\/pulso27.com\\\/wp-content\\\/uploads\\\/2023\\\/12\\\/pedro-hernandez-chavez.jpg\",\"width\":474,\"height\":266},{\"@type\":\"BreadcrumbList\",\"@id\":\"https:\\\/\\\/pulso27.com\\\/nacional\\\/tc-pedro-hernandez-chavez-elegido-como-nuevo-magistrado\\\/#breadcrumb\",\"itemListElement\":[{\"@type\":\"ListItem\",\"position\":1,\"name\":\"Portada\",\"item\":\"https:\\\/\\\/pulso27.com\\\/\"},{\"@type\":\"ListItem\",\"position\":2,\"name\":\"TC: Pedro Hern\u00e1ndez Ch\u00e1vez elegido como nuevo magistrado\"}]},{\"@type\":\"WebSite\",\"@id\":\"https:\\\/\\\/pulso27.com\\\/en\\\/#website\",\"url\":\"https:\\\/\\\/pulso27.com\\\/en\\\/\",\"name\":\"Pulso27\",\"description\":\"Web de noticias y publicidad\",\"publisher\":{\"@id\":\"https:\\\/\\\/pulso27.com\\\/en\\\/#organization\"},\"alternateName\":\"El pulso del pueblo\",\"potentialAction\":[{\"@type\":\"SearchAction\",\"target\":{\"@type\":\"EntryPoint\",\"urlTemplate\":\"https:\\\/\\\/pulso27.com\\\/en\\\/?s={search_term_string}\"},\"query-input\":{\"@type\":\"PropertyValueSpecification\",\"valueRequired\":true,\"valueName\":\"search_term_string\"}}],\"inLanguage\":\"en-US\"},{\"@type\":\"Organization\",\"@id\":\"https:\\\/\\\/pulso27.com\\\/en\\\/#organization\",\"name\":\"Pulso27\",\"url\":\"https:\\\/\\\/pulso27.com\\\/en\\\/\",\"logo\":{\"@type\":\"ImageObject\",\"inLanguage\":\"en-US\",\"@id\":\"https:\\\/\\\/pulso27.com\\\/en\\\/#\\\/schema\\\/logo\\\/image\\\/\",\"url\":\"https:\\\/\\\/pulso27.com\\\/wp-content\\\/uploads\\\/2026\\\/02\\\/Logotipo-de-la-organizacion-696-x-696-px-ok.png\",\"contentUrl\":\"https:\\\/\\\/pulso27.com\\\/wp-content\\\/uploads\\\/2026\\\/02\\\/Logotipo-de-la-organizacion-696-x-696-px-ok.png\",\"width\":696,\"height\":696,\"caption\":\"Pulso27\"},\"image\":{\"@id\":\"https:\\\/\\\/pulso27.com\\\/en\\\/#\\\/schema\\\/logo\\\/image\\\/\"},\"sameAs\":[\"https:\\\/\\\/www.facebook.com\\\/pulso27\\\/\",\"https:\\\/\\\/x.com\\\/Pulso_27\",\"https:\\\/\\\/www.youtube.com\\\/@Pulso27\",\"https:\\\/\\\/www.tiktok.com\\\/@pulso_27\"]},{\"@type\":\"Person\",\"@id\":\"https:\\\/\\\/pulso27.com\\\/en\\\/#\\\/schema\\\/person\\\/a0930a7f318e7d9d83bd7cffed9f34f6\",\"name\":\"El Muki\",\"image\":{\"@type\":\"ImageObject\",\"inLanguage\":\"en-US\",\"@id\":\"https:\\\/\\\/secure.gravatar.com\\\/avatar\\\/dc91c2607c5eebda74cbb40d13031f489096c96ead89c4c30c17db262267b2b3?s=96&d=mm&r=g\",\"url\":\"https:\\\/\\\/secure.gravatar.com\\\/avatar\\\/dc91c2607c5eebda74cbb40d13031f489096c96ead89c4c30c17db262267b2b3?s=96&d=mm&r=g\",\"contentUrl\":\"https:\\\/\\\/secure.gravatar.com\\\/avatar\\\/dc91c2607c5eebda74cbb40d13031f489096c96ead89c4c30c17db262267b2b3?s=96&d=mm&r=g\",\"caption\":\"El Muki\"},\"sameAs\":[\"http:\\\/\\\/www.pulso27.com\"],\"url\":\"https:\\\/\\\/pulso27.com\\\/en\\\/author\\\/elcuervo\\\/\"}]}<\/script>\n<!-- \/ Yoast SEO plugin. -->","yoast_head_json":{"title":"TC: Pedro Hern\u00e1ndez Ch\u00e1vez elegido como nuevo magistrado - Pulso27","robots":{"index":"index","follow":"follow","max-snippet":"max-snippet:-1","max-image-preview":"max-image-preview:large","max-video-preview":"max-video-preview:-1"},"canonical":"https:\/\/pulso27.com\/en\/nacional\/tc-pedro-hernandez-chavez-elegido-como-nuevo-magistrado\/","og_locale":"en_US","og_type":"article","og_title":"TC: Pedro Hern\u00e1ndez Ch\u00e1vez elegido como nuevo magistrado - Pulso27","og_description":"Pedro Hern\u00e1ndez Ch\u00e1vez, quien actualmente se desempe\u00f1a como asesor en el Tribunal Constitucional, indic\u00f3 haber ejercido la c\u00e1tedra de Derecho por un per\u00edodo de quince a\u00f1os","og_url":"https:\/\/pulso27.com\/en\/nacional\/tc-pedro-hernandez-chavez-elegido-como-nuevo-magistrado\/","og_site_name":"Pulso27","article_publisher":"https:\/\/www.facebook.com\/pulso27\/","article_published_time":"2023-12-14T17:35:24+00:00","article_modified_time":"2023-12-14T17:35:32+00:00","og_image":[{"width":474,"height":266,"url":"https:\/\/pulso27.com\/wp-content\/uploads\/2023\/12\/pedro-hernandez-chavez.jpg","type":"image\/jpeg"}],"author":"El Muki","twitter_card":"summary_large_image","twitter_creator":"@Pulso_27","twitter_site":"@Pulso_27","twitter_misc":{"Written by":"El Muki","Est. reading time":"1 minute"},"schema":{"@context":"https:\/\/schema.org","@graph":[{"@type":"Article","@id":"https:\/\/pulso27.com\/nacional\/tc-pedro-hernandez-chavez-elegido-como-nuevo-magistrado\/#article","isPartOf":{"@id":"https:\/\/pulso27.com\/nacional\/tc-pedro-hernandez-chavez-elegido-como-nuevo-magistrado\/"},"author":{"name":"El Muki","@id":"https:\/\/pulso27.com\/en\/#\/schema\/person\/a0930a7f318e7d9d83bd7cffed9f34f6"},"headline":"TC: Pedro Hern\u00e1ndez Ch\u00e1vez elegido como nuevo magistrado","datePublished":"2023-12-14T17:35:24+00:00","dateModified":"2023-12-14T17:35:32+00:00","mainEntityOfPage":{"@id":"https:\/\/pulso27.com\/nacional\/tc-pedro-hernandez-chavez-elegido-como-nuevo-magistrado\/"},"wordCount":204,"commentCount":0,"publisher":{"@id":"https:\/\/pulso27.com\/en\/#organization"},"image":{"@id":"https:\/\/pulso27.com\/nacional\/tc-pedro-hernandez-chavez-elegido-como-nuevo-magistrado\/#primaryimage"},"thumbnailUrl":"https:\/\/pulso27.com\/wp-content\/uploads\/2023\/12\/pedro-hernandez-chavez.jpg","keywords":["Pedro Hernandez","TC","Tribunal Constitucional"],"articleSection":["Actualidad","Nacional","Pol\u00edtica"],"inLanguage":"en-US","potentialAction":[{"@type":"CommentAction","name":"Comment","target":["https:\/\/pulso27.com\/nacional\/tc-pedro-hernandez-chavez-elegido-como-nuevo-magistrado\/#respond"]}]},{"@type":"WebPage","@id":"https:\/\/pulso27.com\/nacional\/tc-pedro-hernandez-chavez-elegido-como-nuevo-magistrado\/","url":"https:\/\/pulso27.com\/nacional\/tc-pedro-hernandez-chavez-elegido-como-nuevo-magistrado\/","name":"TC: Pedro Hern\u00e1ndez Ch\u00e1vez elegido como nuevo magistrado - Pulso27","isPartOf":{"@id":"https:\/\/pulso27.com\/en\/#website"},"primaryImageOfPage":{"@id":"https:\/\/pulso27.com\/nacional\/tc-pedro-hernandez-chavez-elegido-como-nuevo-magistrado\/#primaryimage"},"image":{"@id":"https:\/\/pulso27.com\/nacional\/tc-pedro-hernandez-chavez-elegido-como-nuevo-magistrado\/#primaryimage"},"thumbnailUrl":"https:\/\/pulso27.com\/wp-content\/uploads\/2023\/12\/pedro-hernandez-chavez.jpg","datePublished":"2023-12-14T17:35:24+00:00","dateModified":"2023-12-14T17:35:32+00:00","breadcrumb":{"@id":"https:\/\/pulso27.com\/nacional\/tc-pedro-hernandez-chavez-elegido-como-nuevo-magistrado\/#breadcrumb"},"inLanguage":"en-US","potentialAction":[{"@type":"ReadAction","target":["https:\/\/pulso27.com\/nacional\/tc-pedro-hernandez-chavez-elegido-como-nuevo-magistrado\/"]}]},{"@type":"ImageObject","inLanguage":"en-US","@id":"https:\/\/pulso27.com\/nacional\/tc-pedro-hernandez-chavez-elegido-como-nuevo-magistrado\/#primaryimage","url":"https:\/\/pulso27.com\/wp-content\/uploads\/2023\/12\/pedro-hernandez-chavez.jpg","contentUrl":"https:\/\/pulso27.com\/wp-content\/uploads\/2023\/12\/pedro-hernandez-chavez.jpg","width":474,"height":266},{"@type":"BreadcrumbList","@id":"https:\/\/pulso27.com\/nacional\/tc-pedro-hernandez-chavez-elegido-como-nuevo-magistrado\/#breadcrumb","itemListElement":[{"@type":"ListItem","position":1,"name":"Portada","item":"https:\/\/pulso27.com\/"},{"@type":"ListItem","position":2,"name":"TC: Pedro Hern\u00e1ndez Ch\u00e1vez elegido como nuevo magistrado"}]},{"@type":"WebSite","@id":"https:\/\/pulso27.com\/en\/#website","url":"https:\/\/pulso27.com\/en\/","name":"Pulso27","description":"Web de noticias y publicidad","publisher":{"@id":"https:\/\/pulso27.com\/en\/#organization"},"alternateName":"El pulso del pueblo","potentialAction":[{"@type":"SearchAction","target":{"@type":"EntryPoint","urlTemplate":"https:\/\/pulso27.com\/en\/?s={search_term_string}"},"query-input":{"@type":"PropertyValueSpecification","valueRequired":true,"valueName":"search_term_string"}}],"inLanguage":"en-US"},{"@type":"Organization","@id":"https:\/\/pulso27.com\/en\/#organization","name":"Pulso27","url":"https:\/\/pulso27.com\/en\/","logo":{"@type":"ImageObject","inLanguage":"en-US","@id":"https:\/\/pulso27.com\/en\/#\/schema\/logo\/image\/","url":"https:\/\/pulso27.com\/wp-content\/uploads\/2026\/02\/Logotipo-de-la-organizacion-696-x-696-px-ok.png","contentUrl":"https:\/\/pulso27.com\/wp-content\/uploads\/2026\/02\/Logotipo-de-la-organizacion-696-x-696-px-ok.png","width":696,"height":696,"caption":"Pulso27"},"image":{"@id":"https:\/\/pulso27.com\/en\/#\/schema\/logo\/image\/"},"sameAs":["https:\/\/www.facebook.com\/pulso27\/","https:\/\/x.com\/Pulso_27","https:\/\/www.youtube.com\/@Pulso27","https:\/\/www.tiktok.com\/@pulso_27"]},{"@type":"Person","@id":"https:\/\/pulso27.com\/en\/#\/schema\/person\/a0930a7f318e7d9d83bd7cffed9f34f6","name":"El Muki","image":{"@type":"ImageObject","inLanguage":"en-US","@id":"https:\/\/secure.gravatar.com\/avatar\/dc91c2607c5eebda74cbb40d13031f489096c96ead89c4c30c17db262267b2b3?s=96&d=mm&r=g","url":"https:\/\/secure.gravatar.com\/avatar\/dc91c2607c5eebda74cbb40d13031f489096c96ead89c4c30c17db262267b2b3?s=96&d=mm&r=g","contentUrl":"https:\/\/secure.gravatar.com\/avatar\/dc91c2607c5eebda74cbb40d13031f489096c96ead89c4c30c17db262267b2b3?s=96&d=mm&r=g","caption":"El Muki"},"sameAs":["http:\/\/www.pulso27.com"],"url":"https:\/\/pulso27.com\/en\/author\/elcuervo\/"}]}},"amp_enabled":true,"_links":{"self":[{"href":"https:\/\/pulso27.com\/en\/wp-json\/wp\/v2\/posts\/930","targetHints":{"allow":["GET"]}}],"collection":[{"href":"https:\/\/pulso27.com\/en\/wp-json\/wp\/v2\/posts"}],"about":[{"href":"https:\/\/pulso27.com\/en\/wp-json\/wp\/v2\/types\/post"}],"author":[{"embeddable":true,"href":"https:\/\/pulso27.com\/en\/wp-json\/wp\/v2\/users\/10"}],"replies":[{"embeddable":true,"href":"https:\/\/pulso27.com\/en\/wp-json\/wp\/v2\/comments?post=930"}],"version-history":[{"count":2,"href":"https:\/\/pulso27.com\/en\/wp-json\/wp\/v2\/posts\/930\/revisions"}],"predecessor-version":[{"id":934,"href":"https:\/\/pulso27.com\/en\/wp-json\/wp\/v2\/posts\/930\/revisions\/934"}],"wp:featuredmedia":[{"embeddable":true,"href":"https:\/\/pulso27.com\/en\/wp-json\/wp\/v2\/media\/931"}],"wp:attachment":[{"href":"https:\/\/pulso27.com\/en\/wp-json\/wp\/v2\/media?parent=930"}],"wp:term":[{"taxonomy":"category","embeddable":true,"href":"https:\/\/pulso27.com\/en\/wp-json\/wp\/v2\/categories?post=930"},{"taxonomy":"post_tag","embeddable":true,"href":"https:\/\/pulso27.com\/en\/wp-json\/wp\/v2\/tags?post=930"}],"curies":[{"name":"wp","href":"https:\/\/api.w.org\/{rel}","templated":true}]}}