{"id":957,"date":"2023-12-18T16:35:40","date_gmt":"2023-12-18T16:35:40","guid":{"rendered":"https:\/\/pulso27.com\/?p=957"},"modified":"2023-12-18T16:35:41","modified_gmt":"2023-12-18T16:35:41","slug":"joven-19-anos-desaparece-nadando-en-playa-palabritas-de-asia","status":"publish","type":"post","link":"https:\/\/pulso27.com\/en\/actualidad\/joven-19-anos-desaparece-nadando-en-playa-palabritas-de-asia\/","title":{"rendered":"Joven 19 a\u00f1os desaparece nadando en playa Palabritas de Asia"},"content":{"rendered":"<p>La familia de Ismael Garc\u00eda se encuentra muy preocupada por la desaparici\u00f3n del joven de 19 a\u00f1os quien estuvo ayer con dos amigos disfrutando de la Playa Las Palabritas, ubicada en el kil\u00f3metro 98 de la Panamericana Sur, en el distrito de Asia, Ca\u00f1ete; hasta que la corriente del mar los jal\u00f3 y solo sus dos compa\u00f1eros pudieron salir, con ayuda.<\/p>\n\n\n\n<p>Al promediar las 3:30 de la tarde del domingo 17, los visitantes de la playa dieron parte al a la polic\u00eda de los tres chicos quienes se encontraban tratando de salir del mar. Sin embargo, solo pudieron rescatar a dos personas debido a que ya no pudieron ver a Ismael.<\/p>\n\n\n\n<p>Una veraneante asegur\u00f3 que la polic\u00eda acudi\u00f3 al lugar de los hechos e incluso un helic\u00f3ptero se sum\u00f3 a las labores de b\u00fasqueda; sin embargo, no lograron dar con el paradero de Ismael.<\/p>\n\n\n\n<figure class=\"wp-block-image size-full is-resized\"><img loading=\"lazy\" decoding=\"async\" width=\"612\" height=\"858\" src=\"https:\/\/pulso27.com\/wp-content\/uploads\/2023\/12\/image-14.png\" alt=\"\" class=\"wp-image-959\" style=\"width:740px;height:auto\" srcset=\"https:\/\/pulso27.com\/wp-content\/uploads\/2023\/12\/image-14.png 612w, https:\/\/pulso27.com\/wp-content\/uploads\/2023\/12\/image-14-214x300.png 214w\" sizes=\"auto, (max-width: 612px) 100vw, 612px\" \/><\/figure>\n\n\n\n<p>Fuente: RPP<\/p>","protected":false},"excerpt":{"rendered":"<p>Ismael Garc\u00eda estuvo con dos amigos en el mar cuando un fuerte oleaje los arrastr\u00f3 y solo los compa\u00f1eros pudieron ser rescatados.<\/p>","protected":false},"author":10,"featured_media":958,"comment_status":"open","ping_status":"open","sticky":false,"template":"","format":"standard","meta":{"footnotes":""},"categories":[183,392],"tags":[413,412],"class_list":["post-957","post","type-post","status-publish","format-standard","has-post-thumbnail","hentry","category-actualidad","category-cronica","tag-ismael-gracia","tag-playa-palabritas"],"yoast_head":"<!-- This site is optimized with the Yoast SEO plugin v27.4 - https:\/\/yoast.com\/product\/yoast-seo-wordpress\/ -->\n<title>Joven 19 a\u00f1os desaparece nadando en playa Palabritas de Asia - Pulso27<\/title>\n<meta name=\"robots\" content=\"index, follow, max-snippet:-1, max-image-preview:large, max-video-preview:-1\" \/>\n<link rel=\"canonical\" href=\"https:\/\/pulso27.com\/en\/actualidad\/joven-19-anos-desaparece-nadando-en-playa-palabritas-de-asia\/\" \/>\n<meta property=\"og:locale\" content=\"en_US\" \/>\n<meta property=\"og:type\" content=\"article\" \/>\n<meta property=\"og:title\" content=\"Joven 19 a\u00f1os desaparece nadando en playa Palabritas de Asia - Pulso27\" \/>\n<meta property=\"og:description\" content=\"Ismael Garc\u00eda estuvo con dos amigos en el mar cuando un fuerte oleaje los arrastr\u00f3 y solo los compa\u00f1eros pudieron ser rescatados.\" \/>\n<meta property=\"og:url\" content=\"https:\/\/pulso27.com\/en\/actualidad\/joven-19-anos-desaparece-nadando-en-playa-palabritas-de-asia\/\" \/>\n<meta property=\"og:site_name\" content=\"Pulso27\" \/>\n<meta property=\"article:publisher\" content=\"https:\/\/www.facebook.com\/pulso27\/\" \/>\n<meta property=\"article:published_time\" content=\"2023-12-18T16:35:40+00:00\" \/>\n<meta property=\"article:modified_time\" content=\"2023-12-18T16:35:41+00:00\" \/>\n<meta property=\"og:image\" content=\"https:\/\/pulso27.com\/wp-content\/uploads\/2023\/12\/ismael-garcia.png\" \/>\n\t<meta property=\"og:image:width\" content=\"470\" \/>\n\t<meta property=\"og:image:height\" content=\"268\" \/>\n\t<meta property=\"og:image:type\" content=\"image\/png\" \/>\n<meta name=\"author\" content=\"El Muki\" \/>\n<meta name=\"twitter:card\" content=\"summary_large_image\" \/>\n<meta name=\"twitter:creator\" content=\"@Pulso_27\" \/>\n<meta name=\"twitter:site\" content=\"@Pulso_27\" \/>\n<meta name=\"twitter:label1\" content=\"Written by\" \/>\n\t<meta name=\"twitter:data1\" content=\"El Muki\" \/>\n\t<meta name=\"twitter:label2\" content=\"Est. reading time\" \/>\n\t<meta name=\"twitter:data2\" content=\"1 minute\" \/>\n<script type=\"application\/ld+json\" class=\"yoast-schema-graph\">{\"@context\":\"https:\\\/\\\/schema.org\",\"@graph\":[{\"@type\":\"Article\",\"@id\":\"https:\\\/\\\/pulso27.com\\\/actualidad\\\/joven-19-anos-desaparece-nadando-en-playa-palabritas-de-asia\\\/#article\",\"isPartOf\":{\"@id\":\"https:\\\/\\\/pulso27.com\\\/actualidad\\\/joven-19-anos-desaparece-nadando-en-playa-palabritas-de-asia\\\/\"},\"author\":{\"name\":\"El Muki\",\"@id\":\"https:\\\/\\\/pulso27.com\\\/en\\\/#\\\/schema\\\/person\\\/a0930a7f318e7d9d83bd7cffed9f34f6\"},\"headline\":\"Joven 19 a\u00f1os desaparece nadando en playa Palabritas de Asia\",\"datePublished\":\"2023-12-18T16:35:40+00:00\",\"dateModified\":\"2023-12-18T16:35:41+00:00\",\"mainEntityOfPage\":{\"@id\":\"https:\\\/\\\/pulso27.com\\\/actualidad\\\/joven-19-anos-desaparece-nadando-en-playa-palabritas-de-asia\\\/\"},\"wordCount\":162,\"commentCount\":0,\"publisher\":{\"@id\":\"https:\\\/\\\/pulso27.com\\\/en\\\/#organization\"},\"image\":{\"@id\":\"https:\\\/\\\/pulso27.com\\\/actualidad\\\/joven-19-anos-desaparece-nadando-en-playa-palabritas-de-asia\\\/#primaryimage\"},\"thumbnailUrl\":\"https:\\\/\\\/pulso27.com\\\/wp-content\\\/uploads\\\/2023\\\/12\\\/ismael-garcia.png\",\"keywords\":[\"Ismael Gracia\",\"Playa palabritas\"],\"articleSection\":[\"Actualidad\",\"Cr\u00f3nica\"],\"inLanguage\":\"en-US\",\"potentialAction\":[{\"@type\":\"CommentAction\",\"name\":\"Comment\",\"target\":[\"https:\\\/\\\/pulso27.com\\\/actualidad\\\/joven-19-anos-desaparece-nadando-en-playa-palabritas-de-asia\\\/#respond\"]}]},{\"@type\":\"WebPage\",\"@id\":\"https:\\\/\\\/pulso27.com\\\/actualidad\\\/joven-19-anos-desaparece-nadando-en-playa-palabritas-de-asia\\\/\",\"url\":\"https:\\\/\\\/pulso27.com\\\/actualidad\\\/joven-19-anos-desaparece-nadando-en-playa-palabritas-de-asia\\\/\",\"name\":\"Joven 19 a\u00f1os desaparece nadando en playa Palabritas de Asia - Pulso27\",\"isPartOf\":{\"@id\":\"https:\\\/\\\/pulso27.com\\\/en\\\/#website\"},\"primaryImageOfPage\":{\"@id\":\"https:\\\/\\\/pulso27.com\\\/actualidad\\\/joven-19-anos-desaparece-nadando-en-playa-palabritas-de-asia\\\/#primaryimage\"},\"image\":{\"@id\":\"https:\\\/\\\/pulso27.com\\\/actualidad\\\/joven-19-anos-desaparece-nadando-en-playa-palabritas-de-asia\\\/#primaryimage\"},\"thumbnailUrl\":\"https:\\\/\\\/pulso27.com\\\/wp-content\\\/uploads\\\/2023\\\/12\\\/ismael-garcia.png\",\"datePublished\":\"2023-12-18T16:35:40+00:00\",\"dateModified\":\"2023-12-18T16:35:41+00:00\",\"breadcrumb\":{\"@id\":\"https:\\\/\\\/pulso27.com\\\/actualidad\\\/joven-19-anos-desaparece-nadando-en-playa-palabritas-de-asia\\\/#breadcrumb\"},\"inLanguage\":\"en-US\",\"potentialAction\":[{\"@type\":\"ReadAction\",\"target\":[\"https:\\\/\\\/pulso27.com\\\/actualidad\\\/joven-19-anos-desaparece-nadando-en-playa-palabritas-de-asia\\\/\"]}]},{\"@type\":\"ImageObject\",\"inLanguage\":\"en-US\",\"@id\":\"https:\\\/\\\/pulso27.com\\\/actualidad\\\/joven-19-anos-desaparece-nadando-en-playa-palabritas-de-asia\\\/#primaryimage\",\"url\":\"https:\\\/\\\/pulso27.com\\\/wp-content\\\/uploads\\\/2023\\\/12\\\/ismael-garcia.png\",\"contentUrl\":\"https:\\\/\\\/pulso27.com\\\/wp-content\\\/uploads\\\/2023\\\/12\\\/ismael-garcia.png\",\"width\":470,\"height\":268},{\"@type\":\"BreadcrumbList\",\"@id\":\"https:\\\/\\\/pulso27.com\\\/actualidad\\\/joven-19-anos-desaparece-nadando-en-playa-palabritas-de-asia\\\/#breadcrumb\",\"itemListElement\":[{\"@type\":\"ListItem\",\"position\":1,\"name\":\"Portada\",\"item\":\"https:\\\/\\\/pulso27.com\\\/\"},{\"@type\":\"ListItem\",\"position\":2,\"name\":\"Joven 19 a\u00f1os desaparece nadando en playa Palabritas de Asia\"}]},{\"@type\":\"WebSite\",\"@id\":\"https:\\\/\\\/pulso27.com\\\/en\\\/#website\",\"url\":\"https:\\\/\\\/pulso27.com\\\/en\\\/\",\"name\":\"Pulso27\",\"description\":\"Web de noticias y publicidad\",\"publisher\":{\"@id\":\"https:\\\/\\\/pulso27.com\\\/en\\\/#organization\"},\"alternateName\":\"El pulso del pueblo\",\"potentialAction\":[{\"@type\":\"SearchAction\",\"target\":{\"@type\":\"EntryPoint\",\"urlTemplate\":\"https:\\\/\\\/pulso27.com\\\/en\\\/?s={search_term_string}\"},\"query-input\":{\"@type\":\"PropertyValueSpecification\",\"valueRequired\":true,\"valueName\":\"search_term_string\"}}],\"inLanguage\":\"en-US\"},{\"@type\":\"Organization\",\"@id\":\"https:\\\/\\\/pulso27.com\\\/en\\\/#organization\",\"name\":\"Pulso27\",\"url\":\"https:\\\/\\\/pulso27.com\\\/en\\\/\",\"logo\":{\"@type\":\"ImageObject\",\"inLanguage\":\"en-US\",\"@id\":\"https:\\\/\\\/pulso27.com\\\/en\\\/#\\\/schema\\\/logo\\\/image\\\/\",\"url\":\"https:\\\/\\\/pulso27.com\\\/wp-content\\\/uploads\\\/2026\\\/02\\\/Logotipo-de-la-organizacion-696-x-696-px-ok.png\",\"contentUrl\":\"https:\\\/\\\/pulso27.com\\\/wp-content\\\/uploads\\\/2026\\\/02\\\/Logotipo-de-la-organizacion-696-x-696-px-ok.png\",\"width\":696,\"height\":696,\"caption\":\"Pulso27\"},\"image\":{\"@id\":\"https:\\\/\\\/pulso27.com\\\/en\\\/#\\\/schema\\\/logo\\\/image\\\/\"},\"sameAs\":[\"https:\\\/\\\/www.facebook.com\\\/pulso27\\\/\",\"https:\\\/\\\/x.com\\\/Pulso_27\",\"https:\\\/\\\/www.youtube.com\\\/@Pulso27\",\"https:\\\/\\\/www.tiktok.com\\\/@pulso_27\"]},{\"@type\":\"Person\",\"@id\":\"https:\\\/\\\/pulso27.com\\\/en\\\/#\\\/schema\\\/person\\\/a0930a7f318e7d9d83bd7cffed9f34f6\",\"name\":\"El Muki\",\"image\":{\"@type\":\"ImageObject\",\"inLanguage\":\"en-US\",\"@id\":\"https:\\\/\\\/secure.gravatar.com\\\/avatar\\\/dc91c2607c5eebda74cbb40d13031f489096c96ead89c4c30c17db262267b2b3?s=96&d=mm&r=g\",\"url\":\"https:\\\/\\\/secure.gravatar.com\\\/avatar\\\/dc91c2607c5eebda74cbb40d13031f489096c96ead89c4c30c17db262267b2b3?s=96&d=mm&r=g\",\"contentUrl\":\"https:\\\/\\\/secure.gravatar.com\\\/avatar\\\/dc91c2607c5eebda74cbb40d13031f489096c96ead89c4c30c17db262267b2b3?s=96&d=mm&r=g\",\"caption\":\"El Muki\"},\"sameAs\":[\"http:\\\/\\\/www.pulso27.com\"],\"url\":\"https:\\\/\\\/pulso27.com\\\/en\\\/author\\\/elcuervo\\\/\"}]}<\/script>\n<!-- \/ Yoast SEO plugin. -->","yoast_head_json":{"title":"Joven 19 a\u00f1os desaparece nadando en playa Palabritas de Asia - Pulso27","robots":{"index":"index","follow":"follow","max-snippet":"max-snippet:-1","max-image-preview":"max-image-preview:large","max-video-preview":"max-video-preview:-1"},"canonical":"https:\/\/pulso27.com\/en\/actualidad\/joven-19-anos-desaparece-nadando-en-playa-palabritas-de-asia\/","og_locale":"en_US","og_type":"article","og_title":"Joven 19 a\u00f1os desaparece nadando en playa Palabritas de Asia - Pulso27","og_description":"Ismael Garc\u00eda estuvo con dos amigos en el mar cuando un fuerte oleaje los arrastr\u00f3 y solo los compa\u00f1eros pudieron ser rescatados.","og_url":"https:\/\/pulso27.com\/en\/actualidad\/joven-19-anos-desaparece-nadando-en-playa-palabritas-de-asia\/","og_site_name":"Pulso27","article_publisher":"https:\/\/www.facebook.com\/pulso27\/","article_published_time":"2023-12-18T16:35:40+00:00","article_modified_time":"2023-12-18T16:35:41+00:00","og_image":[{"width":470,"height":268,"url":"https:\/\/pulso27.com\/wp-content\/uploads\/2023\/12\/ismael-garcia.png","type":"image\/png"}],"author":"El Muki","twitter_card":"summary_large_image","twitter_creator":"@Pulso_27","twitter_site":"@Pulso_27","twitter_misc":{"Written by":"El Muki","Est. reading time":"1 minute"},"schema":{"@context":"https:\/\/schema.org","@graph":[{"@type":"Article","@id":"https:\/\/pulso27.com\/actualidad\/joven-19-anos-desaparece-nadando-en-playa-palabritas-de-asia\/#article","isPartOf":{"@id":"https:\/\/pulso27.com\/actualidad\/joven-19-anos-desaparece-nadando-en-playa-palabritas-de-asia\/"},"author":{"name":"El Muki","@id":"https:\/\/pulso27.com\/en\/#\/schema\/person\/a0930a7f318e7d9d83bd7cffed9f34f6"},"headline":"Joven 19 a\u00f1os desaparece nadando en playa Palabritas de Asia","datePublished":"2023-12-18T16:35:40+00:00","dateModified":"2023-12-18T16:35:41+00:00","mainEntityOfPage":{"@id":"https:\/\/pulso27.com\/actualidad\/joven-19-anos-desaparece-nadando-en-playa-palabritas-de-asia\/"},"wordCount":162,"commentCount":0,"publisher":{"@id":"https:\/\/pulso27.com\/en\/#organization"},"image":{"@id":"https:\/\/pulso27.com\/actualidad\/joven-19-anos-desaparece-nadando-en-playa-palabritas-de-asia\/#primaryimage"},"thumbnailUrl":"https:\/\/pulso27.com\/wp-content\/uploads\/2023\/12\/ismael-garcia.png","keywords":["Ismael Gracia","Playa palabritas"],"articleSection":["Actualidad","Cr\u00f3nica"],"inLanguage":"en-US","potentialAction":[{"@type":"CommentAction","name":"Comment","target":["https:\/\/pulso27.com\/actualidad\/joven-19-anos-desaparece-nadando-en-playa-palabritas-de-asia\/#respond"]}]},{"@type":"WebPage","@id":"https:\/\/pulso27.com\/actualidad\/joven-19-anos-desaparece-nadando-en-playa-palabritas-de-asia\/","url":"https:\/\/pulso27.com\/actualidad\/joven-19-anos-desaparece-nadando-en-playa-palabritas-de-asia\/","name":"Joven 19 a\u00f1os desaparece nadando en playa Palabritas de Asia - Pulso27","isPartOf":{"@id":"https:\/\/pulso27.com\/en\/#website"},"primaryImageOfPage":{"@id":"https:\/\/pulso27.com\/actualidad\/joven-19-anos-desaparece-nadando-en-playa-palabritas-de-asia\/#primaryimage"},"image":{"@id":"https:\/\/pulso27.com\/actualidad\/joven-19-anos-desaparece-nadando-en-playa-palabritas-de-asia\/#primaryimage"},"thumbnailUrl":"https:\/\/pulso27.com\/wp-content\/uploads\/2023\/12\/ismael-garcia.png","datePublished":"2023-12-18T16:35:40+00:00","dateModified":"2023-12-18T16:35:41+00:00","breadcrumb":{"@id":"https:\/\/pulso27.com\/actualidad\/joven-19-anos-desaparece-nadando-en-playa-palabritas-de-asia\/#breadcrumb"},"inLanguage":"en-US","potentialAction":[{"@type":"ReadAction","target":["https:\/\/pulso27.com\/actualidad\/joven-19-anos-desaparece-nadando-en-playa-palabritas-de-asia\/"]}]},{"@type":"ImageObject","inLanguage":"en-US","@id":"https:\/\/pulso27.com\/actualidad\/joven-19-anos-desaparece-nadando-en-playa-palabritas-de-asia\/#primaryimage","url":"https:\/\/pulso27.com\/wp-content\/uploads\/2023\/12\/ismael-garcia.png","contentUrl":"https:\/\/pulso27.com\/wp-content\/uploads\/2023\/12\/ismael-garcia.png","width":470,"height":268},{"@type":"BreadcrumbList","@id":"https:\/\/pulso27.com\/actualidad\/joven-19-anos-desaparece-nadando-en-playa-palabritas-de-asia\/#breadcrumb","itemListElement":[{"@type":"ListItem","position":1,"name":"Portada","item":"https:\/\/pulso27.com\/"},{"@type":"ListItem","position":2,"name":"Joven 19 a\u00f1os desaparece nadando en playa Palabritas de Asia"}]},{"@type":"WebSite","@id":"https:\/\/pulso27.com\/en\/#website","url":"https:\/\/pulso27.com\/en\/","name":"Pulso27","description":"Web de noticias y publicidad","publisher":{"@id":"https:\/\/pulso27.com\/en\/#organization"},"alternateName":"El pulso del pueblo","potentialAction":[{"@type":"SearchAction","target":{"@type":"EntryPoint","urlTemplate":"https:\/\/pulso27.com\/en\/?s={search_term_string}"},"query-input":{"@type":"PropertyValueSpecification","valueRequired":true,"valueName":"search_term_string"}}],"inLanguage":"en-US"},{"@type":"Organization","@id":"https:\/\/pulso27.com\/en\/#organization","name":"Pulso27","url":"https:\/\/pulso27.com\/en\/","logo":{"@type":"ImageObject","inLanguage":"en-US","@id":"https:\/\/pulso27.com\/en\/#\/schema\/logo\/image\/","url":"https:\/\/pulso27.com\/wp-content\/uploads\/2026\/02\/Logotipo-de-la-organizacion-696-x-696-px-ok.png","contentUrl":"https:\/\/pulso27.com\/wp-content\/uploads\/2026\/02\/Logotipo-de-la-organizacion-696-x-696-px-ok.png","width":696,"height":696,"caption":"Pulso27"},"image":{"@id":"https:\/\/pulso27.com\/en\/#\/schema\/logo\/image\/"},"sameAs":["https:\/\/www.facebook.com\/pulso27\/","https:\/\/x.com\/Pulso_27","https:\/\/www.youtube.com\/@Pulso27","https:\/\/www.tiktok.com\/@pulso_27"]},{"@type":"Person","@id":"https:\/\/pulso27.com\/en\/#\/schema\/person\/a0930a7f318e7d9d83bd7cffed9f34f6","name":"El Muki","image":{"@type":"ImageObject","inLanguage":"en-US","@id":"https:\/\/secure.gravatar.com\/avatar\/dc91c2607c5eebda74cbb40d13031f489096c96ead89c4c30c17db262267b2b3?s=96&d=mm&r=g","url":"https:\/\/secure.gravatar.com\/avatar\/dc91c2607c5eebda74cbb40d13031f489096c96ead89c4c30c17db262267b2b3?s=96&d=mm&r=g","contentUrl":"https:\/\/secure.gravatar.com\/avatar\/dc91c2607c5eebda74cbb40d13031f489096c96ead89c4c30c17db262267b2b3?s=96&d=mm&r=g","caption":"El Muki"},"sameAs":["http:\/\/www.pulso27.com"],"url":"https:\/\/pulso27.com\/en\/author\/elcuervo\/"}]}},"amp_enabled":true,"_links":{"self":[{"href":"https:\/\/pulso27.com\/en\/wp-json\/wp\/v2\/posts\/957","targetHints":{"allow":["GET"]}}],"collection":[{"href":"https:\/\/pulso27.com\/en\/wp-json\/wp\/v2\/posts"}],"about":[{"href":"https:\/\/pulso27.com\/en\/wp-json\/wp\/v2\/types\/post"}],"author":[{"embeddable":true,"href":"https:\/\/pulso27.com\/en\/wp-json\/wp\/v2\/users\/10"}],"replies":[{"embeddable":true,"href":"https:\/\/pulso27.com\/en\/wp-json\/wp\/v2\/comments?post=957"}],"version-history":[{"count":1,"href":"https:\/\/pulso27.com\/en\/wp-json\/wp\/v2\/posts\/957\/revisions"}],"predecessor-version":[{"id":960,"href":"https:\/\/pulso27.com\/en\/wp-json\/wp\/v2\/posts\/957\/revisions\/960"}],"wp:featuredmedia":[{"embeddable":true,"href":"https:\/\/pulso27.com\/en\/wp-json\/wp\/v2\/media\/958"}],"wp:attachment":[{"href":"https:\/\/pulso27.com\/en\/wp-json\/wp\/v2\/media?parent=957"}],"wp:term":[{"taxonomy":"category","embeddable":true,"href":"https:\/\/pulso27.com\/en\/wp-json\/wp\/v2\/categories?post=957"},{"taxonomy":"post_tag","embeddable":true,"href":"https:\/\/pulso27.com\/en\/wp-json\/wp\/v2\/tags?post=957"}],"curies":[{"name":"wp","href":"https:\/\/api.w.org\/{rel}","templated":true}]}}