{"id":972,"date":"2023-12-18T20:26:24","date_gmt":"2023-12-18T20:26:24","guid":{"rendered":"https:\/\/pulso27.com\/?p=972"},"modified":"2023-12-18T20:26:25","modified_gmt":"2023-12-18T20:26:25","slug":"paolo-guerrero-campeono-con-el-ldu-de-quito","status":"publish","type":"post","link":"https:\/\/pulso27.com\/en\/deporte\/paolo-guerrero-campeono-con-el-ldu-de-quito\/","title":{"rendered":"Paolo Guerrero campeono con el LDU de Quito"},"content":{"rendered":"<p>Guerrero, que actu\u00f3 hasta el minuto 80, cierra as\u00ed un gran a\u00f1o con los albos que se convierten en los primeros en ganar un doblete en el f\u00fatbol ecuatoriano y suman su d\u00e9cimo tercera estrella local.<\/p>\n\n\n\n<p>El encuentro termin\u00f3 1-1 y en la definici\u00f3n desde los doce pasos los universitarios dirigidos por Luis Zubeld\u00eda aseguraron el t\u00edtulo al anotar sus tres primeros penales. Los del Valle no pudieron anotar uno. A punto de cumplir los 40, Guerrero adelanta su Navidad con un t\u00edtulo que para el LDU lleg\u00f3 despu\u00e9s de cinco a\u00f1os.<\/p>\n\n\n\n<p>El goleador hist\u00f3rico de nuestra selecci\u00f3n tiene m\u00e1s motivos para celebrar al consagrarse campe\u00f3n de la Liga Pro de Ecuador, luego de que su equipo, el LDU, venciera en definici\u00f3n por penales al Independiente del Valle.<\/p>\n\n\n\n<figure class=\"wp-block-image size-full is-resized\"><img loading=\"lazy\" decoding=\"async\" width=\"535\" height=\"356\" src=\"https:\/\/pulso27.com\/wp-content\/uploads\/2023\/12\/image-17.png\" alt=\"\" class=\"wp-image-973\" style=\"width:739px;height:auto\" srcset=\"https:\/\/pulso27.com\/wp-content\/uploads\/2023\/12\/image-17.png 535w, https:\/\/pulso27.com\/wp-content\/uploads\/2023\/12\/image-17-300x200.png 300w\" sizes=\"auto, (max-width: 535px) 100vw, 535px\" \/><\/figure>","protected":false},"excerpt":{"rendered":"<p>Guerrero, que actu\u00f3 hasta el minuto 80, cierra as\u00ed un gran a\u00f1o con los albos que se convierten en los primeros en ganar un doblete en el f\u00fatbol ecuatoriano y suman su d\u00e9cimo tercera estrella local. El encuentro termin\u00f3 1-1 y en la definici\u00f3n desde los doce pasos los universitarios dirigidos por Luis Zubeld\u00eda aseguraron [&hellip;]<\/p>\n","protected":false},"author":10,"featured_media":974,"comment_status":"open","ping_status":"open","sticky":false,"template":"","format":"standard","meta":{"footnotes":""},"categories":[183,176],"tags":[421,422,420],"class_list":["post-972","post","type-post","status-publish","format-standard","has-post-thumbnail","hentry","category-actualidad","category-deporte","tag-ldu-quito","tag-liga-pro-de-ecuador","tag-paolo-guerrero"],"yoast_head":"<!-- This site is optimized with the Yoast SEO plugin v27.4 - https:\/\/yoast.com\/product\/yoast-seo-wordpress\/ -->\n<title>Paolo Guerrero campeono con el LDU de Quito - Pulso27<\/title>\n<meta name=\"robots\" content=\"index, follow, max-snippet:-1, max-image-preview:large, max-video-preview:-1\" \/>\n<link rel=\"canonical\" href=\"https:\/\/pulso27.com\/en\/deporte\/paolo-guerrero-campeono-con-el-ldu-de-quito\/\" \/>\n<meta property=\"og:locale\" content=\"en_US\" \/>\n<meta property=\"og:type\" content=\"article\" \/>\n<meta property=\"og:title\" content=\"Paolo Guerrero campeono con el LDU de Quito - Pulso27\" \/>\n<meta property=\"og:description\" content=\"Guerrero, que actu\u00f3 hasta el minuto 80, cierra as\u00ed un gran a\u00f1o con los albos que se convierten en los primeros en ganar un doblete en el f\u00fatbol ecuatoriano y suman su d\u00e9cimo tercera estrella local. El encuentro termin\u00f3 1-1 y en la definici\u00f3n desde los doce pasos los universitarios dirigidos por Luis Zubeld\u00eda aseguraron [&hellip;]\" \/>\n<meta property=\"og:url\" content=\"https:\/\/pulso27.com\/en\/deporte\/paolo-guerrero-campeono-con-el-ldu-de-quito\/\" \/>\n<meta property=\"og:site_name\" content=\"Pulso27\" \/>\n<meta property=\"article:publisher\" content=\"https:\/\/www.facebook.com\/pulso27\/\" \/>\n<meta property=\"article:published_time\" content=\"2023-12-18T20:26:24+00:00\" \/>\n<meta property=\"article:modified_time\" content=\"2023-12-18T20:26:25+00:00\" \/>\n<meta property=\"og:image\" content=\"https:\/\/pulso27.com\/wp-content\/uploads\/2023\/12\/PAOLO-CAMPEON-1024x628.png\" \/>\n\t<meta property=\"og:image:width\" content=\"1024\" \/>\n\t<meta property=\"og:image:height\" content=\"628\" \/>\n\t<meta property=\"og:image:type\" content=\"image\/png\" \/>\n<meta name=\"author\" content=\"El Muki\" \/>\n<meta name=\"twitter:card\" content=\"summary_large_image\" \/>\n<meta name=\"twitter:creator\" content=\"@Pulso_27\" \/>\n<meta name=\"twitter:site\" content=\"@Pulso_27\" \/>\n<meta name=\"twitter:label1\" content=\"Written by\" \/>\n\t<meta name=\"twitter:data1\" content=\"El Muki\" \/>\n\t<meta name=\"twitter:label2\" content=\"Est. reading time\" \/>\n\t<meta name=\"twitter:data2\" content=\"1 minute\" \/>\n<script type=\"application\/ld+json\" class=\"yoast-schema-graph\">{\"@context\":\"https:\\\/\\\/schema.org\",\"@graph\":[{\"@type\":\"Article\",\"@id\":\"https:\\\/\\\/pulso27.com\\\/deporte\\\/paolo-guerrero-campeono-con-el-ldu-de-quito\\\/#article\",\"isPartOf\":{\"@id\":\"https:\\\/\\\/pulso27.com\\\/deporte\\\/paolo-guerrero-campeono-con-el-ldu-de-quito\\\/\"},\"author\":{\"name\":\"El Muki\",\"@id\":\"https:\\\/\\\/pulso27.com\\\/en\\\/#\\\/schema\\\/person\\\/a0930a7f318e7d9d83bd7cffed9f34f6\"},\"headline\":\"Paolo Guerrero campeono con el LDU de Quito\",\"datePublished\":\"2023-12-18T20:26:24+00:00\",\"dateModified\":\"2023-12-18T20:26:25+00:00\",\"mainEntityOfPage\":{\"@id\":\"https:\\\/\\\/pulso27.com\\\/deporte\\\/paolo-guerrero-campeono-con-el-ldu-de-quito\\\/\"},\"wordCount\":148,\"commentCount\":0,\"publisher\":{\"@id\":\"https:\\\/\\\/pulso27.com\\\/en\\\/#organization\"},\"image\":{\"@id\":\"https:\\\/\\\/pulso27.com\\\/deporte\\\/paolo-guerrero-campeono-con-el-ldu-de-quito\\\/#primaryimage\"},\"thumbnailUrl\":\"https:\\\/\\\/pulso27.com\\\/wp-content\\\/uploads\\\/2023\\\/12\\\/PAOLO-CAMPEON.png\",\"keywords\":[\"LDU Quito\",\"Liga Pro de Ecuador\",\"Paolo Guerrero\"],\"articleSection\":[\"Actualidad\",\"Deporte\"],\"inLanguage\":\"en-US\",\"potentialAction\":[{\"@type\":\"CommentAction\",\"name\":\"Comment\",\"target\":[\"https:\\\/\\\/pulso27.com\\\/deporte\\\/paolo-guerrero-campeono-con-el-ldu-de-quito\\\/#respond\"]}]},{\"@type\":\"WebPage\",\"@id\":\"https:\\\/\\\/pulso27.com\\\/deporte\\\/paolo-guerrero-campeono-con-el-ldu-de-quito\\\/\",\"url\":\"https:\\\/\\\/pulso27.com\\\/deporte\\\/paolo-guerrero-campeono-con-el-ldu-de-quito\\\/\",\"name\":\"Paolo Guerrero campeono con el LDU de Quito - Pulso27\",\"isPartOf\":{\"@id\":\"https:\\\/\\\/pulso27.com\\\/en\\\/#website\"},\"primaryImageOfPage\":{\"@id\":\"https:\\\/\\\/pulso27.com\\\/deporte\\\/paolo-guerrero-campeono-con-el-ldu-de-quito\\\/#primaryimage\"},\"image\":{\"@id\":\"https:\\\/\\\/pulso27.com\\\/deporte\\\/paolo-guerrero-campeono-con-el-ldu-de-quito\\\/#primaryimage\"},\"thumbnailUrl\":\"https:\\\/\\\/pulso27.com\\\/wp-content\\\/uploads\\\/2023\\\/12\\\/PAOLO-CAMPEON.png\",\"datePublished\":\"2023-12-18T20:26:24+00:00\",\"dateModified\":\"2023-12-18T20:26:25+00:00\",\"breadcrumb\":{\"@id\":\"https:\\\/\\\/pulso27.com\\\/deporte\\\/paolo-guerrero-campeono-con-el-ldu-de-quito\\\/#breadcrumb\"},\"inLanguage\":\"en-US\",\"potentialAction\":[{\"@type\":\"ReadAction\",\"target\":[\"https:\\\/\\\/pulso27.com\\\/deporte\\\/paolo-guerrero-campeono-con-el-ldu-de-quito\\\/\"]}]},{\"@type\":\"ImageObject\",\"inLanguage\":\"en-US\",\"@id\":\"https:\\\/\\\/pulso27.com\\\/deporte\\\/paolo-guerrero-campeono-con-el-ldu-de-quito\\\/#primaryimage\",\"url\":\"https:\\\/\\\/pulso27.com\\\/wp-content\\\/uploads\\\/2023\\\/12\\\/PAOLO-CAMPEON.png\",\"contentUrl\":\"https:\\\/\\\/pulso27.com\\\/wp-content\\\/uploads\\\/2023\\\/12\\\/PAOLO-CAMPEON.png\",\"width\":1608,\"height\":986},{\"@type\":\"BreadcrumbList\",\"@id\":\"https:\\\/\\\/pulso27.com\\\/deporte\\\/paolo-guerrero-campeono-con-el-ldu-de-quito\\\/#breadcrumb\",\"itemListElement\":[{\"@type\":\"ListItem\",\"position\":1,\"name\":\"Portada\",\"item\":\"https:\\\/\\\/pulso27.com\\\/\"},{\"@type\":\"ListItem\",\"position\":2,\"name\":\"Paolo Guerrero campeono con el LDU de Quito\"}]},{\"@type\":\"WebSite\",\"@id\":\"https:\\\/\\\/pulso27.com\\\/en\\\/#website\",\"url\":\"https:\\\/\\\/pulso27.com\\\/en\\\/\",\"name\":\"Pulso27\",\"description\":\"Web de noticias y publicidad\",\"publisher\":{\"@id\":\"https:\\\/\\\/pulso27.com\\\/en\\\/#organization\"},\"alternateName\":\"El pulso del pueblo\",\"potentialAction\":[{\"@type\":\"SearchAction\",\"target\":{\"@type\":\"EntryPoint\",\"urlTemplate\":\"https:\\\/\\\/pulso27.com\\\/en\\\/?s={search_term_string}\"},\"query-input\":{\"@type\":\"PropertyValueSpecification\",\"valueRequired\":true,\"valueName\":\"search_term_string\"}}],\"inLanguage\":\"en-US\"},{\"@type\":\"Organization\",\"@id\":\"https:\\\/\\\/pulso27.com\\\/en\\\/#organization\",\"name\":\"Pulso27\",\"url\":\"https:\\\/\\\/pulso27.com\\\/en\\\/\",\"logo\":{\"@type\":\"ImageObject\",\"inLanguage\":\"en-US\",\"@id\":\"https:\\\/\\\/pulso27.com\\\/en\\\/#\\\/schema\\\/logo\\\/image\\\/\",\"url\":\"https:\\\/\\\/pulso27.com\\\/wp-content\\\/uploads\\\/2026\\\/02\\\/Logotipo-de-la-organizacion-696-x-696-px-ok.png\",\"contentUrl\":\"https:\\\/\\\/pulso27.com\\\/wp-content\\\/uploads\\\/2026\\\/02\\\/Logotipo-de-la-organizacion-696-x-696-px-ok.png\",\"width\":696,\"height\":696,\"caption\":\"Pulso27\"},\"image\":{\"@id\":\"https:\\\/\\\/pulso27.com\\\/en\\\/#\\\/schema\\\/logo\\\/image\\\/\"},\"sameAs\":[\"https:\\\/\\\/www.facebook.com\\\/pulso27\\\/\",\"https:\\\/\\\/x.com\\\/Pulso_27\",\"https:\\\/\\\/www.youtube.com\\\/@Pulso27\",\"https:\\\/\\\/www.tiktok.com\\\/@pulso_27\"]},{\"@type\":\"Person\",\"@id\":\"https:\\\/\\\/pulso27.com\\\/en\\\/#\\\/schema\\\/person\\\/a0930a7f318e7d9d83bd7cffed9f34f6\",\"name\":\"El Muki\",\"image\":{\"@type\":\"ImageObject\",\"inLanguage\":\"en-US\",\"@id\":\"https:\\\/\\\/secure.gravatar.com\\\/avatar\\\/dc91c2607c5eebda74cbb40d13031f489096c96ead89c4c30c17db262267b2b3?s=96&d=mm&r=g\",\"url\":\"https:\\\/\\\/secure.gravatar.com\\\/avatar\\\/dc91c2607c5eebda74cbb40d13031f489096c96ead89c4c30c17db262267b2b3?s=96&d=mm&r=g\",\"contentUrl\":\"https:\\\/\\\/secure.gravatar.com\\\/avatar\\\/dc91c2607c5eebda74cbb40d13031f489096c96ead89c4c30c17db262267b2b3?s=96&d=mm&r=g\",\"caption\":\"El Muki\"},\"sameAs\":[\"http:\\\/\\\/www.pulso27.com\"],\"url\":\"https:\\\/\\\/pulso27.com\\\/en\\\/author\\\/elcuervo\\\/\"}]}<\/script>\n<!-- \/ Yoast SEO plugin. -->","yoast_head_json":{"title":"Paolo Guerrero campeono con el LDU de Quito - Pulso27","robots":{"index":"index","follow":"follow","max-snippet":"max-snippet:-1","max-image-preview":"max-image-preview:large","max-video-preview":"max-video-preview:-1"},"canonical":"https:\/\/pulso27.com\/en\/deporte\/paolo-guerrero-campeono-con-el-ldu-de-quito\/","og_locale":"en_US","og_type":"article","og_title":"Paolo Guerrero campeono con el LDU de Quito - Pulso27","og_description":"Guerrero, que actu\u00f3 hasta el minuto 80, cierra as\u00ed un gran a\u00f1o con los albos que se convierten en los primeros en ganar un doblete en el f\u00fatbol ecuatoriano y suman su d\u00e9cimo tercera estrella local. El encuentro termin\u00f3 1-1 y en la definici\u00f3n desde los doce pasos los universitarios dirigidos por Luis Zubeld\u00eda aseguraron [&hellip;]","og_url":"https:\/\/pulso27.com\/en\/deporte\/paolo-guerrero-campeono-con-el-ldu-de-quito\/","og_site_name":"Pulso27","article_publisher":"https:\/\/www.facebook.com\/pulso27\/","article_published_time":"2023-12-18T20:26:24+00:00","article_modified_time":"2023-12-18T20:26:25+00:00","og_image":[{"width":1024,"height":628,"url":"https:\/\/pulso27.com\/wp-content\/uploads\/2023\/12\/PAOLO-CAMPEON-1024x628.png","type":"image\/png"}],"author":"El Muki","twitter_card":"summary_large_image","twitter_creator":"@Pulso_27","twitter_site":"@Pulso_27","twitter_misc":{"Written by":"El Muki","Est. reading time":"1 minute"},"schema":{"@context":"https:\/\/schema.org","@graph":[{"@type":"Article","@id":"https:\/\/pulso27.com\/deporte\/paolo-guerrero-campeono-con-el-ldu-de-quito\/#article","isPartOf":{"@id":"https:\/\/pulso27.com\/deporte\/paolo-guerrero-campeono-con-el-ldu-de-quito\/"},"author":{"name":"El Muki","@id":"https:\/\/pulso27.com\/en\/#\/schema\/person\/a0930a7f318e7d9d83bd7cffed9f34f6"},"headline":"Paolo Guerrero campeono con el LDU de Quito","datePublished":"2023-12-18T20:26:24+00:00","dateModified":"2023-12-18T20:26:25+00:00","mainEntityOfPage":{"@id":"https:\/\/pulso27.com\/deporte\/paolo-guerrero-campeono-con-el-ldu-de-quito\/"},"wordCount":148,"commentCount":0,"publisher":{"@id":"https:\/\/pulso27.com\/en\/#organization"},"image":{"@id":"https:\/\/pulso27.com\/deporte\/paolo-guerrero-campeono-con-el-ldu-de-quito\/#primaryimage"},"thumbnailUrl":"https:\/\/pulso27.com\/wp-content\/uploads\/2023\/12\/PAOLO-CAMPEON.png","keywords":["LDU Quito","Liga Pro de Ecuador","Paolo Guerrero"],"articleSection":["Actualidad","Deporte"],"inLanguage":"en-US","potentialAction":[{"@type":"CommentAction","name":"Comment","target":["https:\/\/pulso27.com\/deporte\/paolo-guerrero-campeono-con-el-ldu-de-quito\/#respond"]}]},{"@type":"WebPage","@id":"https:\/\/pulso27.com\/deporte\/paolo-guerrero-campeono-con-el-ldu-de-quito\/","url":"https:\/\/pulso27.com\/deporte\/paolo-guerrero-campeono-con-el-ldu-de-quito\/","name":"Paolo Guerrero campeono con el LDU de Quito - Pulso27","isPartOf":{"@id":"https:\/\/pulso27.com\/en\/#website"},"primaryImageOfPage":{"@id":"https:\/\/pulso27.com\/deporte\/paolo-guerrero-campeono-con-el-ldu-de-quito\/#primaryimage"},"image":{"@id":"https:\/\/pulso27.com\/deporte\/paolo-guerrero-campeono-con-el-ldu-de-quito\/#primaryimage"},"thumbnailUrl":"https:\/\/pulso27.com\/wp-content\/uploads\/2023\/12\/PAOLO-CAMPEON.png","datePublished":"2023-12-18T20:26:24+00:00","dateModified":"2023-12-18T20:26:25+00:00","breadcrumb":{"@id":"https:\/\/pulso27.com\/deporte\/paolo-guerrero-campeono-con-el-ldu-de-quito\/#breadcrumb"},"inLanguage":"en-US","potentialAction":[{"@type":"ReadAction","target":["https:\/\/pulso27.com\/deporte\/paolo-guerrero-campeono-con-el-ldu-de-quito\/"]}]},{"@type":"ImageObject","inLanguage":"en-US","@id":"https:\/\/pulso27.com\/deporte\/paolo-guerrero-campeono-con-el-ldu-de-quito\/#primaryimage","url":"https:\/\/pulso27.com\/wp-content\/uploads\/2023\/12\/PAOLO-CAMPEON.png","contentUrl":"https:\/\/pulso27.com\/wp-content\/uploads\/2023\/12\/PAOLO-CAMPEON.png","width":1608,"height":986},{"@type":"BreadcrumbList","@id":"https:\/\/pulso27.com\/deporte\/paolo-guerrero-campeono-con-el-ldu-de-quito\/#breadcrumb","itemListElement":[{"@type":"ListItem","position":1,"name":"Portada","item":"https:\/\/pulso27.com\/"},{"@type":"ListItem","position":2,"name":"Paolo Guerrero campeono con el LDU de Quito"}]},{"@type":"WebSite","@id":"https:\/\/pulso27.com\/en\/#website","url":"https:\/\/pulso27.com\/en\/","name":"Pulso27","description":"Web de noticias y publicidad","publisher":{"@id":"https:\/\/pulso27.com\/en\/#organization"},"alternateName":"El pulso del pueblo","potentialAction":[{"@type":"SearchAction","target":{"@type":"EntryPoint","urlTemplate":"https:\/\/pulso27.com\/en\/?s={search_term_string}"},"query-input":{"@type":"PropertyValueSpecification","valueRequired":true,"valueName":"search_term_string"}}],"inLanguage":"en-US"},{"@type":"Organization","@id":"https:\/\/pulso27.com\/en\/#organization","name":"Pulso27","url":"https:\/\/pulso27.com\/en\/","logo":{"@type":"ImageObject","inLanguage":"en-US","@id":"https:\/\/pulso27.com\/en\/#\/schema\/logo\/image\/","url":"https:\/\/pulso27.com\/wp-content\/uploads\/2026\/02\/Logotipo-de-la-organizacion-696-x-696-px-ok.png","contentUrl":"https:\/\/pulso27.com\/wp-content\/uploads\/2026\/02\/Logotipo-de-la-organizacion-696-x-696-px-ok.png","width":696,"height":696,"caption":"Pulso27"},"image":{"@id":"https:\/\/pulso27.com\/en\/#\/schema\/logo\/image\/"},"sameAs":["https:\/\/www.facebook.com\/pulso27\/","https:\/\/x.com\/Pulso_27","https:\/\/www.youtube.com\/@Pulso27","https:\/\/www.tiktok.com\/@pulso_27"]},{"@type":"Person","@id":"https:\/\/pulso27.com\/en\/#\/schema\/person\/a0930a7f318e7d9d83bd7cffed9f34f6","name":"El Muki","image":{"@type":"ImageObject","inLanguage":"en-US","@id":"https:\/\/secure.gravatar.com\/avatar\/dc91c2607c5eebda74cbb40d13031f489096c96ead89c4c30c17db262267b2b3?s=96&d=mm&r=g","url":"https:\/\/secure.gravatar.com\/avatar\/dc91c2607c5eebda74cbb40d13031f489096c96ead89c4c30c17db262267b2b3?s=96&d=mm&r=g","contentUrl":"https:\/\/secure.gravatar.com\/avatar\/dc91c2607c5eebda74cbb40d13031f489096c96ead89c4c30c17db262267b2b3?s=96&d=mm&r=g","caption":"El Muki"},"sameAs":["http:\/\/www.pulso27.com"],"url":"https:\/\/pulso27.com\/en\/author\/elcuervo\/"}]}},"amp_enabled":true,"_links":{"self":[{"href":"https:\/\/pulso27.com\/en\/wp-json\/wp\/v2\/posts\/972","targetHints":{"allow":["GET"]}}],"collection":[{"href":"https:\/\/pulso27.com\/en\/wp-json\/wp\/v2\/posts"}],"about":[{"href":"https:\/\/pulso27.com\/en\/wp-json\/wp\/v2\/types\/post"}],"author":[{"embeddable":true,"href":"https:\/\/pulso27.com\/en\/wp-json\/wp\/v2\/users\/10"}],"replies":[{"embeddable":true,"href":"https:\/\/pulso27.com\/en\/wp-json\/wp\/v2\/comments?post=972"}],"version-history":[{"count":1,"href":"https:\/\/pulso27.com\/en\/wp-json\/wp\/v2\/posts\/972\/revisions"}],"predecessor-version":[{"id":975,"href":"https:\/\/pulso27.com\/en\/wp-json\/wp\/v2\/posts\/972\/revisions\/975"}],"wp:featuredmedia":[{"embeddable":true,"href":"https:\/\/pulso27.com\/en\/wp-json\/wp\/v2\/media\/974"}],"wp:attachment":[{"href":"https:\/\/pulso27.com\/en\/wp-json\/wp\/v2\/media?parent=972"}],"wp:term":[{"taxonomy":"category","embeddable":true,"href":"https:\/\/pulso27.com\/en\/wp-json\/wp\/v2\/categories?post=972"},{"taxonomy":"post_tag","embeddable":true,"href":"https:\/\/pulso27.com\/en\/wp-json\/wp\/v2\/tags?post=972"}],"curies":[{"name":"wp","href":"https:\/\/api.w.org\/{rel}","templated":true}]}}