{"id":1008,"date":"2023-12-22T15:22:19","date_gmt":"2023-12-22T15:22:19","guid":{"rendered":"https:\/\/pulso27.com\/?p=1008"},"modified":"2023-12-22T15:22:20","modified_gmt":"2023-12-22T15:22:20","slug":"evaluan-si-eleva-condena-contra-kenji-fujimori-por-mamanivideos","status":"publish","type":"post","link":"https:\/\/pulso27.com\/es\/nacional\/evaluan-si-eleva-condena-contra-kenji-fujimori-por-mamanivideos\/","title":{"rendered":"Eval\u00faan si eleva condena contra Kenji Fujimori por &#8216;Mamanivideos&#8217;"},"content":{"rendered":"\n<p>Kenji Fujimori fue condenado en primera instancia a cuatro a\u00f1os y seis meses de prisi\u00f3n efectiva. La Fiscal\u00eda, por un lado, pide que se aumente la sentencia a seis a\u00f1os y seis meses; la defensa, que se anule.<\/p>\n\n\n\n<p>La Sala Penal Permanente de la Corte Suprema, presidida por el juez C\u00e9sar San Mart\u00edn, eval\u00faa el recurso de apelaci\u00f3n contra la sentencia que condena a Kenji Fujimori a cuatro a\u00f1os y seis meses de prisi\u00f3n que se le impuso en el &#8216;caso Mamanivideos&#8217;.<\/p>\n\n\n\n<p>Por una parte, el fiscal supremo provisional, Uriel Ter\u00e1n, pide que se revoque la condena de cuatro a\u00f1os y seis meses para sustituirla por una de seis a\u00f1os y seis meses de prisi\u00f3n efectiva. Por otra, la defensa de Fujimori solicita que se anule la sentencia en contra de su patrocinado.<\/p>\n\n\n\n<p>Si bien Fujimori, junto a los excongresistas Bienvenido Ram\u00edrez y Guillermo Boc\u00e1ngel, fueron condenados en primera instancia por el tribunal presidido por la jueza In\u00e9s Villa Bonilla, la ejecuci\u00f3n qued\u00f3 suspendida hasta que se ratifique en una segunda instancia.<\/p>\n\n\n\n<p><strong>Caso Mamani Videos<\/strong><br>Como se recuerda, Kenji Fujimori fue condenado tras ser hallado culpable de negociar votos contra una segunda moci\u00f3n de vacancia al entonces presidente Pedro Pablo Kuczynski a cambio de indultar a su padre, Alberto Fujimori.<\/p>\n\n\n\n<p>Pese a que Fujimori lleg\u00f3 a ser indultado el 24 de diciembre de 2017 y no se alcanzaron los votos para vacar a PPK, en Marzo de 2018 Fuerza Popular, liderado por su propia hermana, Keiko Fujimori, difundi\u00f3 unos videos grabados por el entonces legislador Moises Mamani en donde se expon\u00eda el negociado. Estos hechos le valieron la suspensi\u00f3n a Fujimori, Ram\u00edrez y Boc\u00e1ngel.<\/p>\n\n\n\n<p>Curiosamente \u2014y en desacato de lo impuesto por la Corte IDH\u2014, la ejecuci\u00f3n del indulto a Alberto Fujimori se llev\u00f3 a cabo el 5 de diciembre del presente a\u00f1o, menos de un mes antes de la fecha en que Kenji Fujimori podr\u00eda ir a prisi\u00f3n por el mismo hecho.<\/p>\n\n\n\n<p>Fuente: RPP<\/p>\n","protected":false},"excerpt":{"rendered":"<p>Kenji Fujimori fue condenado en primera instancia a cuatro a\u00f1os y seis meses de prisi\u00f3n efectiva. La Fiscal\u00eda, por un lado, pide que se aumente la sentencia a seis a\u00f1os y seis meses; la defensa, que se anule.<\/p>\n","protected":false},"author":10,"featured_media":1009,"comment_status":"open","ping_status":"open","sticky":false,"template":"","format":"standard","meta":{"footnotes":""},"categories":[183,174],"tags":[432,433,434],"class_list":["post-1008","post","type-post","status-publish","format-standard","has-post-thumbnail","hentry","category-actualidad","category-nacional","tag-cesar-san-martin","tag-kenyi-fujimori","tag-mamanivideos"],"yoast_head":"<!-- This site is optimized with the Yoast SEO plugin v27.4 - https:\/\/yoast.com\/product\/yoast-seo-wordpress\/ -->\n<title>Eval\u00faan si eleva condena contra Kenji Fujimori por &#039;Mamanivideos&#039; - Pulso27<\/title>\n<meta name=\"robots\" content=\"index, follow, max-snippet:-1, max-image-preview:large, max-video-preview:-1\" \/>\n<link rel=\"canonical\" href=\"https:\/\/pulso27.com\/es\/nacional\/evaluan-si-eleva-condena-contra-kenji-fujimori-por-mamanivideos\/\" \/>\n<meta property=\"og:locale\" content=\"es_ES\" \/>\n<meta property=\"og:type\" content=\"article\" \/>\n<meta property=\"og:title\" content=\"Eval\u00faan si eleva condena contra Kenji Fujimori por &#039;Mamanivideos&#039; - Pulso27\" \/>\n<meta property=\"og:description\" content=\"Kenji Fujimori fue condenado en primera instancia a cuatro a\u00f1os y seis meses de prisi\u00f3n efectiva. La Fiscal\u00eda, por un lado, pide que se aumente la sentencia a seis a\u00f1os y seis meses; la defensa, que se anule.\" \/>\n<meta property=\"og:url\" content=\"https:\/\/pulso27.com\/es\/nacional\/evaluan-si-eleva-condena-contra-kenji-fujimori-por-mamanivideos\/\" \/>\n<meta property=\"og:site_name\" content=\"Pulso27\" \/>\n<meta property=\"article:publisher\" content=\"https:\/\/www.facebook.com\/pulso27\/\" \/>\n<meta property=\"article:published_time\" content=\"2023-12-22T15:22:19+00:00\" \/>\n<meta property=\"article:modified_time\" content=\"2023-12-22T15:22:20+00:00\" \/>\n<meta property=\"og:image\" content=\"https:\/\/pulso27.com\/wp-content\/uploads\/2023\/12\/kenyi-fujimori2.png\" \/>\n\t<meta property=\"og:image:width\" content=\"337\" \/>\n\t<meta property=\"og:image:height\" content=\"187\" \/>\n\t<meta property=\"og:image:type\" content=\"image\/png\" \/>\n<meta name=\"author\" content=\"El Muki\" \/>\n<meta name=\"twitter:card\" content=\"summary_large_image\" \/>\n<meta name=\"twitter:creator\" content=\"@Pulso_27\" \/>\n<meta name=\"twitter:site\" content=\"@Pulso_27\" \/>\n<meta name=\"twitter:label1\" content=\"Written by\" \/>\n\t<meta name=\"twitter:data1\" content=\"El Muki\" \/>\n\t<meta name=\"twitter:label2\" content=\"Est. reading time\" \/>\n\t<meta name=\"twitter:data2\" content=\"2 minutos\" \/>\n<script type=\"application\/ld+json\" class=\"yoast-schema-graph\">{\"@context\":\"https:\\\/\\\/schema.org\",\"@graph\":[{\"@type\":\"Article\",\"@id\":\"https:\\\/\\\/pulso27.com\\\/nacional\\\/evaluan-si-eleva-condena-contra-kenji-fujimori-por-mamanivideos\\\/#article\",\"isPartOf\":{\"@id\":\"https:\\\/\\\/pulso27.com\\\/nacional\\\/evaluan-si-eleva-condena-contra-kenji-fujimori-por-mamanivideos\\\/\"},\"author\":{\"name\":\"El Muki\",\"@id\":\"https:\\\/\\\/pulso27.com\\\/en\\\/#\\\/schema\\\/person\\\/a0930a7f318e7d9d83bd7cffed9f34f6\"},\"headline\":\"Eval\u00faan si eleva condena contra Kenji Fujimori por &#8216;Mamanivideos&#8217;\",\"datePublished\":\"2023-12-22T15:22:19+00:00\",\"dateModified\":\"2023-12-22T15:22:20+00:00\",\"mainEntityOfPage\":{\"@id\":\"https:\\\/\\\/pulso27.com\\\/nacional\\\/evaluan-si-eleva-condena-contra-kenji-fujimori-por-mamanivideos\\\/\"},\"wordCount\":358,\"commentCount\":0,\"publisher\":{\"@id\":\"https:\\\/\\\/pulso27.com\\\/en\\\/#organization\"},\"image\":{\"@id\":\"https:\\\/\\\/pulso27.com\\\/nacional\\\/evaluan-si-eleva-condena-contra-kenji-fujimori-por-mamanivideos\\\/#primaryimage\"},\"thumbnailUrl\":\"https:\\\/\\\/pulso27.com\\\/wp-content\\\/uploads\\\/2023\\\/12\\\/kenyi-fujimori2.png\",\"keywords\":[\"C\u00e9sar San Mart\u00edn\",\"Kenyi Fujimori\",\"Mamanivideos\"],\"articleSection\":[\"Actualidad\",\"Nacional\"],\"inLanguage\":\"es-PE\",\"potentialAction\":[{\"@type\":\"CommentAction\",\"name\":\"Comment\",\"target\":[\"https:\\\/\\\/pulso27.com\\\/nacional\\\/evaluan-si-eleva-condena-contra-kenji-fujimori-por-mamanivideos\\\/#respond\"]}]},{\"@type\":\"WebPage\",\"@id\":\"https:\\\/\\\/pulso27.com\\\/nacional\\\/evaluan-si-eleva-condena-contra-kenji-fujimori-por-mamanivideos\\\/\",\"url\":\"https:\\\/\\\/pulso27.com\\\/nacional\\\/evaluan-si-eleva-condena-contra-kenji-fujimori-por-mamanivideos\\\/\",\"name\":\"Eval\u00faan si eleva condena contra Kenji Fujimori por 'Mamanivideos' - Pulso27\",\"isPartOf\":{\"@id\":\"https:\\\/\\\/pulso27.com\\\/en\\\/#website\"},\"primaryImageOfPage\":{\"@id\":\"https:\\\/\\\/pulso27.com\\\/nacional\\\/evaluan-si-eleva-condena-contra-kenji-fujimori-por-mamanivideos\\\/#primaryimage\"},\"image\":{\"@id\":\"https:\\\/\\\/pulso27.com\\\/nacional\\\/evaluan-si-eleva-condena-contra-kenji-fujimori-por-mamanivideos\\\/#primaryimage\"},\"thumbnailUrl\":\"https:\\\/\\\/pulso27.com\\\/wp-content\\\/uploads\\\/2023\\\/12\\\/kenyi-fujimori2.png\",\"datePublished\":\"2023-12-22T15:22:19+00:00\",\"dateModified\":\"2023-12-22T15:22:20+00:00\",\"breadcrumb\":{\"@id\":\"https:\\\/\\\/pulso27.com\\\/nacional\\\/evaluan-si-eleva-condena-contra-kenji-fujimori-por-mamanivideos\\\/#breadcrumb\"},\"inLanguage\":\"es-PE\",\"potentialAction\":[{\"@type\":\"ReadAction\",\"target\":[\"https:\\\/\\\/pulso27.com\\\/nacional\\\/evaluan-si-eleva-condena-contra-kenji-fujimori-por-mamanivideos\\\/\"]}]},{\"@type\":\"ImageObject\",\"inLanguage\":\"es-PE\",\"@id\":\"https:\\\/\\\/pulso27.com\\\/nacional\\\/evaluan-si-eleva-condena-contra-kenji-fujimori-por-mamanivideos\\\/#primaryimage\",\"url\":\"https:\\\/\\\/pulso27.com\\\/wp-content\\\/uploads\\\/2023\\\/12\\\/kenyi-fujimori2.png\",\"contentUrl\":\"https:\\\/\\\/pulso27.com\\\/wp-content\\\/uploads\\\/2023\\\/12\\\/kenyi-fujimori2.png\",\"width\":337,\"height\":187},{\"@type\":\"BreadcrumbList\",\"@id\":\"https:\\\/\\\/pulso27.com\\\/nacional\\\/evaluan-si-eleva-condena-contra-kenji-fujimori-por-mamanivideos\\\/#breadcrumb\",\"itemListElement\":[{\"@type\":\"ListItem\",\"position\":1,\"name\":\"Portada\",\"item\":\"https:\\\/\\\/pulso27.com\\\/\"},{\"@type\":\"ListItem\",\"position\":2,\"name\":\"Eval\u00faan si eleva condena contra Kenji Fujimori por &#8216;Mamanivideos&#8217;\"}]},{\"@type\":\"WebSite\",\"@id\":\"https:\\\/\\\/pulso27.com\\\/en\\\/#website\",\"url\":\"https:\\\/\\\/pulso27.com\\\/en\\\/\",\"name\":\"Pulso27\",\"description\":\"Web de noticias y publicidad\",\"publisher\":{\"@id\":\"https:\\\/\\\/pulso27.com\\\/en\\\/#organization\"},\"alternateName\":\"El pulso del pueblo\",\"potentialAction\":[{\"@type\":\"SearchAction\",\"target\":{\"@type\":\"EntryPoint\",\"urlTemplate\":\"https:\\\/\\\/pulso27.com\\\/en\\\/?s={search_term_string}\"},\"query-input\":{\"@type\":\"PropertyValueSpecification\",\"valueRequired\":true,\"valueName\":\"search_term_string\"}}],\"inLanguage\":\"es-PE\"},{\"@type\":\"Organization\",\"@id\":\"https:\\\/\\\/pulso27.com\\\/en\\\/#organization\",\"name\":\"Pulso27\",\"url\":\"https:\\\/\\\/pulso27.com\\\/en\\\/\",\"logo\":{\"@type\":\"ImageObject\",\"inLanguage\":\"es-PE\",\"@id\":\"https:\\\/\\\/pulso27.com\\\/en\\\/#\\\/schema\\\/logo\\\/image\\\/\",\"url\":\"https:\\\/\\\/pulso27.com\\\/wp-content\\\/uploads\\\/2026\\\/02\\\/Logotipo-de-la-organizacion-696-x-696-px-ok.png\",\"contentUrl\":\"https:\\\/\\\/pulso27.com\\\/wp-content\\\/uploads\\\/2026\\\/02\\\/Logotipo-de-la-organizacion-696-x-696-px-ok.png\",\"width\":696,\"height\":696,\"caption\":\"Pulso27\"},\"image\":{\"@id\":\"https:\\\/\\\/pulso27.com\\\/en\\\/#\\\/schema\\\/logo\\\/image\\\/\"},\"sameAs\":[\"https:\\\/\\\/www.facebook.com\\\/pulso27\\\/\",\"https:\\\/\\\/x.com\\\/Pulso_27\",\"https:\\\/\\\/www.youtube.com\\\/@Pulso27\",\"https:\\\/\\\/www.tiktok.com\\\/@pulso_27\"]},{\"@type\":\"Person\",\"@id\":\"https:\\\/\\\/pulso27.com\\\/en\\\/#\\\/schema\\\/person\\\/a0930a7f318e7d9d83bd7cffed9f34f6\",\"name\":\"El Muki\",\"image\":{\"@type\":\"ImageObject\",\"inLanguage\":\"es-PE\",\"@id\":\"https:\\\/\\\/secure.gravatar.com\\\/avatar\\\/dc91c2607c5eebda74cbb40d13031f489096c96ead89c4c30c17db262267b2b3?s=96&d=mm&r=g\",\"url\":\"https:\\\/\\\/secure.gravatar.com\\\/avatar\\\/dc91c2607c5eebda74cbb40d13031f489096c96ead89c4c30c17db262267b2b3?s=96&d=mm&r=g\",\"contentUrl\":\"https:\\\/\\\/secure.gravatar.com\\\/avatar\\\/dc91c2607c5eebda74cbb40d13031f489096c96ead89c4c30c17db262267b2b3?s=96&d=mm&r=g\",\"caption\":\"El Muki\"},\"sameAs\":[\"http:\\\/\\\/www.pulso27.com\"],\"url\":\"https:\\\/\\\/pulso27.com\\\/es\\\/author\\\/elcuervo\\\/\"}]}<\/script>\n<!-- \/ Yoast SEO plugin. -->","yoast_head_json":{"title":"Eval\u00faan si eleva condena contra Kenji Fujimori por 'Mamanivideos' - Pulso27","robots":{"index":"index","follow":"follow","max-snippet":"max-snippet:-1","max-image-preview":"max-image-preview:large","max-video-preview":"max-video-preview:-1"},"canonical":"https:\/\/pulso27.com\/es\/nacional\/evaluan-si-eleva-condena-contra-kenji-fujimori-por-mamanivideos\/","og_locale":"es_ES","og_type":"article","og_title":"Eval\u00faan si eleva condena contra Kenji Fujimori por 'Mamanivideos' - Pulso27","og_description":"Kenji Fujimori fue condenado en primera instancia a cuatro a\u00f1os y seis meses de prisi\u00f3n efectiva. La Fiscal\u00eda, por un lado, pide que se aumente la sentencia a seis a\u00f1os y seis meses; la defensa, que se anule.","og_url":"https:\/\/pulso27.com\/es\/nacional\/evaluan-si-eleva-condena-contra-kenji-fujimori-por-mamanivideos\/","og_site_name":"Pulso27","article_publisher":"https:\/\/www.facebook.com\/pulso27\/","article_published_time":"2023-12-22T15:22:19+00:00","article_modified_time":"2023-12-22T15:22:20+00:00","og_image":[{"width":337,"height":187,"url":"https:\/\/pulso27.com\/wp-content\/uploads\/2023\/12\/kenyi-fujimori2.png","type":"image\/png"}],"author":"El Muki","twitter_card":"summary_large_image","twitter_creator":"@Pulso_27","twitter_site":"@Pulso_27","twitter_misc":{"Written by":"El Muki","Est. reading time":"2 minutos"},"schema":{"@context":"https:\/\/schema.org","@graph":[{"@type":"Article","@id":"https:\/\/pulso27.com\/nacional\/evaluan-si-eleva-condena-contra-kenji-fujimori-por-mamanivideos\/#article","isPartOf":{"@id":"https:\/\/pulso27.com\/nacional\/evaluan-si-eleva-condena-contra-kenji-fujimori-por-mamanivideos\/"},"author":{"name":"El Muki","@id":"https:\/\/pulso27.com\/en\/#\/schema\/person\/a0930a7f318e7d9d83bd7cffed9f34f6"},"headline":"Eval\u00faan si eleva condena contra Kenji Fujimori por &#8216;Mamanivideos&#8217;","datePublished":"2023-12-22T15:22:19+00:00","dateModified":"2023-12-22T15:22:20+00:00","mainEntityOfPage":{"@id":"https:\/\/pulso27.com\/nacional\/evaluan-si-eleva-condena-contra-kenji-fujimori-por-mamanivideos\/"},"wordCount":358,"commentCount":0,"publisher":{"@id":"https:\/\/pulso27.com\/en\/#organization"},"image":{"@id":"https:\/\/pulso27.com\/nacional\/evaluan-si-eleva-condena-contra-kenji-fujimori-por-mamanivideos\/#primaryimage"},"thumbnailUrl":"https:\/\/pulso27.com\/wp-content\/uploads\/2023\/12\/kenyi-fujimori2.png","keywords":["C\u00e9sar San Mart\u00edn","Kenyi Fujimori","Mamanivideos"],"articleSection":["Actualidad","Nacional"],"inLanguage":"es-PE","potentialAction":[{"@type":"CommentAction","name":"Comment","target":["https:\/\/pulso27.com\/nacional\/evaluan-si-eleva-condena-contra-kenji-fujimori-por-mamanivideos\/#respond"]}]},{"@type":"WebPage","@id":"https:\/\/pulso27.com\/nacional\/evaluan-si-eleva-condena-contra-kenji-fujimori-por-mamanivideos\/","url":"https:\/\/pulso27.com\/nacional\/evaluan-si-eleva-condena-contra-kenji-fujimori-por-mamanivideos\/","name":"Eval\u00faan si eleva condena contra Kenji Fujimori por 'Mamanivideos' - Pulso27","isPartOf":{"@id":"https:\/\/pulso27.com\/en\/#website"},"primaryImageOfPage":{"@id":"https:\/\/pulso27.com\/nacional\/evaluan-si-eleva-condena-contra-kenji-fujimori-por-mamanivideos\/#primaryimage"},"image":{"@id":"https:\/\/pulso27.com\/nacional\/evaluan-si-eleva-condena-contra-kenji-fujimori-por-mamanivideos\/#primaryimage"},"thumbnailUrl":"https:\/\/pulso27.com\/wp-content\/uploads\/2023\/12\/kenyi-fujimori2.png","datePublished":"2023-12-22T15:22:19+00:00","dateModified":"2023-12-22T15:22:20+00:00","breadcrumb":{"@id":"https:\/\/pulso27.com\/nacional\/evaluan-si-eleva-condena-contra-kenji-fujimori-por-mamanivideos\/#breadcrumb"},"inLanguage":"es-PE","potentialAction":[{"@type":"ReadAction","target":["https:\/\/pulso27.com\/nacional\/evaluan-si-eleva-condena-contra-kenji-fujimori-por-mamanivideos\/"]}]},{"@type":"ImageObject","inLanguage":"es-PE","@id":"https:\/\/pulso27.com\/nacional\/evaluan-si-eleva-condena-contra-kenji-fujimori-por-mamanivideos\/#primaryimage","url":"https:\/\/pulso27.com\/wp-content\/uploads\/2023\/12\/kenyi-fujimori2.png","contentUrl":"https:\/\/pulso27.com\/wp-content\/uploads\/2023\/12\/kenyi-fujimori2.png","width":337,"height":187},{"@type":"BreadcrumbList","@id":"https:\/\/pulso27.com\/nacional\/evaluan-si-eleva-condena-contra-kenji-fujimori-por-mamanivideos\/#breadcrumb","itemListElement":[{"@type":"ListItem","position":1,"name":"Portada","item":"https:\/\/pulso27.com\/"},{"@type":"ListItem","position":2,"name":"Eval\u00faan si eleva condena contra Kenji Fujimori por &#8216;Mamanivideos&#8217;"}]},{"@type":"WebSite","@id":"https:\/\/pulso27.com\/en\/#website","url":"https:\/\/pulso27.com\/en\/","name":"Pulso27","description":"Web de noticias y publicidad","publisher":{"@id":"https:\/\/pulso27.com\/en\/#organization"},"alternateName":"El pulso del pueblo","potentialAction":[{"@type":"SearchAction","target":{"@type":"EntryPoint","urlTemplate":"https:\/\/pulso27.com\/en\/?s={search_term_string}"},"query-input":{"@type":"PropertyValueSpecification","valueRequired":true,"valueName":"search_term_string"}}],"inLanguage":"es-PE"},{"@type":"Organization","@id":"https:\/\/pulso27.com\/en\/#organization","name":"Pulso27","url":"https:\/\/pulso27.com\/en\/","logo":{"@type":"ImageObject","inLanguage":"es-PE","@id":"https:\/\/pulso27.com\/en\/#\/schema\/logo\/image\/","url":"https:\/\/pulso27.com\/wp-content\/uploads\/2026\/02\/Logotipo-de-la-organizacion-696-x-696-px-ok.png","contentUrl":"https:\/\/pulso27.com\/wp-content\/uploads\/2026\/02\/Logotipo-de-la-organizacion-696-x-696-px-ok.png","width":696,"height":696,"caption":"Pulso27"},"image":{"@id":"https:\/\/pulso27.com\/en\/#\/schema\/logo\/image\/"},"sameAs":["https:\/\/www.facebook.com\/pulso27\/","https:\/\/x.com\/Pulso_27","https:\/\/www.youtube.com\/@Pulso27","https:\/\/www.tiktok.com\/@pulso_27"]},{"@type":"Person","@id":"https:\/\/pulso27.com\/en\/#\/schema\/person\/a0930a7f318e7d9d83bd7cffed9f34f6","name":"El Muki","image":{"@type":"ImageObject","inLanguage":"es-PE","@id":"https:\/\/secure.gravatar.com\/avatar\/dc91c2607c5eebda74cbb40d13031f489096c96ead89c4c30c17db262267b2b3?s=96&d=mm&r=g","url":"https:\/\/secure.gravatar.com\/avatar\/dc91c2607c5eebda74cbb40d13031f489096c96ead89c4c30c17db262267b2b3?s=96&d=mm&r=g","contentUrl":"https:\/\/secure.gravatar.com\/avatar\/dc91c2607c5eebda74cbb40d13031f489096c96ead89c4c30c17db262267b2b3?s=96&d=mm&r=g","caption":"El Muki"},"sameAs":["http:\/\/www.pulso27.com"],"url":"https:\/\/pulso27.com\/es\/author\/elcuervo\/"}]}},"amp_enabled":true,"_links":{"self":[{"href":"https:\/\/pulso27.com\/es\/wp-json\/wp\/v2\/posts\/1008","targetHints":{"allow":["GET"]}}],"collection":[{"href":"https:\/\/pulso27.com\/es\/wp-json\/wp\/v2\/posts"}],"about":[{"href":"https:\/\/pulso27.com\/es\/wp-json\/wp\/v2\/types\/post"}],"author":[{"embeddable":true,"href":"https:\/\/pulso27.com\/es\/wp-json\/wp\/v2\/users\/10"}],"replies":[{"embeddable":true,"href":"https:\/\/pulso27.com\/es\/wp-json\/wp\/v2\/comments?post=1008"}],"version-history":[{"count":1,"href":"https:\/\/pulso27.com\/es\/wp-json\/wp\/v2\/posts\/1008\/revisions"}],"predecessor-version":[{"id":1010,"href":"https:\/\/pulso27.com\/es\/wp-json\/wp\/v2\/posts\/1008\/revisions\/1010"}],"wp:featuredmedia":[{"embeddable":true,"href":"https:\/\/pulso27.com\/es\/wp-json\/wp\/v2\/media\/1009"}],"wp:attachment":[{"href":"https:\/\/pulso27.com\/es\/wp-json\/wp\/v2\/media?parent=1008"}],"wp:term":[{"taxonomy":"category","embeddable":true,"href":"https:\/\/pulso27.com\/es\/wp-json\/wp\/v2\/categories?post=1008"},{"taxonomy":"post_tag","embeddable":true,"href":"https:\/\/pulso27.com\/es\/wp-json\/wp\/v2\/tags?post=1008"}],"curies":[{"name":"wp","href":"https:\/\/api.w.org\/{rel}","templated":true}]}}