{"id":112,"date":"2017-07-02T14:53:22","date_gmt":"2017-07-02T18:53:22","guid":{"rendered":"http:\/\/www.mvpthemes.com\/zoxnews\/?p=112"},"modified":"2024-10-14T09:34:41","modified_gmt":"2024-10-14T04:34:41","slug":"10-artists-who-retired-from-music-and-made-a-comeback","status":"publish","type":"post","link":"https:\/\/pulso27.com\/es\/cultura\/musica\/10-artists-who-retired-from-music-and-made-a-comeback\/","title":{"rendered":"Flor Pile\u00f1a: m\u00fasico muere tras recibir balazo en pleno concierto"},"content":{"rendered":"<p>La artista <strong><a href=\"https:\/\/larepublica.pe\/espectaculos\/farandula\/2023\/06\/01\/quien-es-flor-pilena-la-cantante-del-tema-que-pepino-canto-en-jb-en-atv-y-se-volvio-viral-jorge-benavides-video-47035\" data-mrf-recirculation=\"La Rep\u00fablica - Recomendaciones In-Article\" data-mrf-link=\"https:\/\/larepublica.pe\/espectaculos\/farandula\/2023\/06\/01\/quien-es-flor-pilena-la-cantante-del-tema-que-pepino-canto-en-jb-en-atv-y-se-volvio-viral-jorge-benavides-video-47035\">Flor Pile\u00f1a<\/a><\/strong>, en compa\u00f1\u00eda de su agrupaci\u00f3n &#8216;<strong>Los Sacolargos del Escenario<\/strong>&#8216;, se encontraba dando un concierto en <strong>Manchay <\/strong>cuando, s\u00fabitamente, las luces se apagaron y se escucharon disparos. Lamentablemente, <strong>Steven Guizado Vilca<\/strong>, bajista de la orquesta, recibi\u00f3 un balazo en la cabeza. Fue trasladado de emergencia hacia el <strong><a href=\"https:\/\/larepublica.pe\/tag\/hospital-hipolito-unanue\" data-mrf-recirculation=\"La Rep\u00fablica - Recomendaciones In-Article\" data-mrf-link=\"https:\/\/larepublica.pe\/tag\/hospital-hipolito-unanue\">Hospital Nacional Hip\u00f3lito Unanue<\/a><\/strong>, pero falleci\u00f3 horas despu\u00e9s.<\/p>\n<blockquote><p>\u00abEstuvieron en el escenario, se apag\u00f3 la luz y ah\u00ed hubo el tiroteo. No ha sido directo contra \u00e9l\u00bb<\/p><\/blockquote>\n<p><strong>Flor Pile\u00f1a emple\u00f3 sus plataformas oficiales para informar a sus fan\u00e1ticos sobre la muerte del m\u00fasico. Asimismo, report\u00f3 que ha cancelado sus presentaciones hasta nuevo aviso en se\u00f1al de duelo.<\/strong><\/p>\n<p>Seg\u00fan reportaron los agentes de la <strong>Polic\u00eda Nacional del Per\u00fa<\/strong> (<strong>PNP<\/strong>), Flor Pile\u00f1a y sus m\u00fasicos se encontraban en el local de eventos Las Mercedes cuando empez\u00f3 una repentina balacera. Uno de los proyectiles impact\u00f3 en Steven Guizado Vilca, quien falleci\u00f3 horas despu\u00e9s.<\/p>\n<p>Familiares del fallecido indicaron que el bajista no era blanco de amenazas ni extorsiones. El padre del m\u00fasico dijo: \u00abEstuvieron en el escenario, se apag\u00f3 la luz y ah\u00ed hubo el tiroteo. No ha sido directo contra \u00e9l\u00bb.<\/p>\n","protected":false},"excerpt":{"rendered":"<p>Municipalidad Distrital de Pachac\u00e1mac llegaron al local de eventos Las Mercedes para clausurarlo de manera definitiva. <\/p>\n","protected":false},"author":10,"featured_media":487,"comment_status":"open","ping_status":"open","sticky":false,"template":"","format":"gallery","meta":{"footnotes":""},"categories":[814],"tags":[109],"class_list":["post-112","post","type-post","status-publish","format-gallery","has-post-thumbnail","hentry","category-musica","tag-music","post_format-post-format-gallery"],"yoast_head":"<!-- This site is optimized with the Yoast SEO plugin v27.4 - https:\/\/yoast.com\/product\/yoast-seo-wordpress\/ -->\n<title>Flor Pile\u00f1a: m\u00fasico muere tras recibir balazo en pleno concierto - Pulso27<\/title>\n<meta name=\"robots\" content=\"index, follow, max-snippet:-1, max-image-preview:large, max-video-preview:-1\" \/>\n<link rel=\"canonical\" href=\"https:\/\/pulso27.com\/es\/cultura\/musica\/10-artists-who-retired-from-music-and-made-a-comeback\/\" \/>\n<meta property=\"og:locale\" content=\"es_ES\" \/>\n<meta property=\"og:type\" content=\"article\" \/>\n<meta property=\"og:title\" content=\"Flor Pile\u00f1a: m\u00fasico muere tras recibir balazo en pleno concierto - Pulso27\" \/>\n<meta property=\"og:description\" content=\"Municipalidad Distrital de Pachac\u00e1mac llegaron al local de eventos Las Mercedes para clausurarlo de manera definitiva.\" \/>\n<meta property=\"og:url\" content=\"https:\/\/pulso27.com\/es\/cultura\/musica\/10-artists-who-retired-from-music-and-made-a-comeback\/\" \/>\n<meta property=\"og:site_name\" content=\"Pulso27\" \/>\n<meta property=\"article:publisher\" content=\"https:\/\/www.facebook.com\/pulso27\/\" \/>\n<meta property=\"article:published_time\" content=\"2017-07-02T18:53:22+00:00\" \/>\n<meta property=\"article:modified_time\" content=\"2024-10-14T04:34:41+00:00\" \/>\n<meta property=\"og:image\" content=\"https:\/\/pulso27.com\/wp-content\/uploads\/2017\/07\/flor-pilena.png\" \/>\n\t<meta property=\"og:image:width\" content=\"389\" \/>\n\t<meta property=\"og:image:height\" content=\"225\" \/>\n\t<meta property=\"og:image:type\" content=\"image\/png\" \/>\n<meta name=\"author\" content=\"El Muki\" \/>\n<meta name=\"twitter:card\" content=\"summary_large_image\" \/>\n<meta name=\"twitter:creator\" content=\"@Pulso_27\" \/>\n<meta name=\"twitter:site\" content=\"@Pulso_27\" \/>\n<meta name=\"twitter:label1\" content=\"Written by\" \/>\n\t<meta name=\"twitter:data1\" content=\"El Muki\" \/>\n\t<meta name=\"twitter:label2\" content=\"Est. reading time\" \/>\n\t<meta name=\"twitter:data2\" content=\"1 minuto\" \/>\n<script type=\"application\/ld+json\" class=\"yoast-schema-graph\">{\"@context\":\"https:\\\/\\\/schema.org\",\"@graph\":[{\"@type\":\"Article\",\"@id\":\"https:\\\/\\\/pulso27.com\\\/cultura\\\/musica\\\/10-artists-who-retired-from-music-and-made-a-comeback\\\/#article\",\"isPartOf\":{\"@id\":\"https:\\\/\\\/pulso27.com\\\/cultura\\\/musica\\\/10-artists-who-retired-from-music-and-made-a-comeback\\\/\"},\"author\":{\"name\":\"El Muki\",\"@id\":\"https:\\\/\\\/pulso27.com\\\/en\\\/#\\\/schema\\\/person\\\/a0930a7f318e7d9d83bd7cffed9f34f6\"},\"headline\":\"Flor Pile\u00f1a: m\u00fasico muere tras recibir balazo en pleno concierto\",\"datePublished\":\"2017-07-02T18:53:22+00:00\",\"dateModified\":\"2024-10-14T04:34:41+00:00\",\"mainEntityOfPage\":{\"@id\":\"https:\\\/\\\/pulso27.com\\\/cultura\\\/musica\\\/10-artists-who-retired-from-music-and-made-a-comeback\\\/\"},\"wordCount\":216,\"commentCount\":0,\"publisher\":{\"@id\":\"https:\\\/\\\/pulso27.com\\\/en\\\/#organization\"},\"image\":{\"@id\":\"https:\\\/\\\/pulso27.com\\\/cultura\\\/musica\\\/10-artists-who-retired-from-music-and-made-a-comeback\\\/#primaryimage\"},\"thumbnailUrl\":\"https:\\\/\\\/pulso27.com\\\/wp-content\\\/uploads\\\/2017\\\/07\\\/flor-pilena.png\",\"keywords\":[\"Music\"],\"articleSection\":[\"M\u00fasica\"],\"inLanguage\":\"es-PE\",\"potentialAction\":[{\"@type\":\"CommentAction\",\"name\":\"Comment\",\"target\":[\"https:\\\/\\\/pulso27.com\\\/cultura\\\/musica\\\/10-artists-who-retired-from-music-and-made-a-comeback\\\/#respond\"]}]},{\"@type\":\"WebPage\",\"@id\":\"https:\\\/\\\/pulso27.com\\\/cultura\\\/musica\\\/10-artists-who-retired-from-music-and-made-a-comeback\\\/\",\"url\":\"https:\\\/\\\/pulso27.com\\\/cultura\\\/musica\\\/10-artists-who-retired-from-music-and-made-a-comeback\\\/\",\"name\":\"Flor Pile\u00f1a: m\u00fasico muere tras recibir balazo en pleno concierto - Pulso27\",\"isPartOf\":{\"@id\":\"https:\\\/\\\/pulso27.com\\\/en\\\/#website\"},\"primaryImageOfPage\":{\"@id\":\"https:\\\/\\\/pulso27.com\\\/cultura\\\/musica\\\/10-artists-who-retired-from-music-and-made-a-comeback\\\/#primaryimage\"},\"image\":{\"@id\":\"https:\\\/\\\/pulso27.com\\\/cultura\\\/musica\\\/10-artists-who-retired-from-music-and-made-a-comeback\\\/#primaryimage\"},\"thumbnailUrl\":\"https:\\\/\\\/pulso27.com\\\/wp-content\\\/uploads\\\/2017\\\/07\\\/flor-pilena.png\",\"datePublished\":\"2017-07-02T18:53:22+00:00\",\"dateModified\":\"2024-10-14T04:34:41+00:00\",\"breadcrumb\":{\"@id\":\"https:\\\/\\\/pulso27.com\\\/cultura\\\/musica\\\/10-artists-who-retired-from-music-and-made-a-comeback\\\/#breadcrumb\"},\"inLanguage\":\"es-PE\",\"potentialAction\":[{\"@type\":\"ReadAction\",\"target\":[\"https:\\\/\\\/pulso27.com\\\/cultura\\\/musica\\\/10-artists-who-retired-from-music-and-made-a-comeback\\\/\"]}]},{\"@type\":\"ImageObject\",\"inLanguage\":\"es-PE\",\"@id\":\"https:\\\/\\\/pulso27.com\\\/cultura\\\/musica\\\/10-artists-who-retired-from-music-and-made-a-comeback\\\/#primaryimage\",\"url\":\"https:\\\/\\\/pulso27.com\\\/wp-content\\\/uploads\\\/2017\\\/07\\\/flor-pilena.png\",\"contentUrl\":\"https:\\\/\\\/pulso27.com\\\/wp-content\\\/uploads\\\/2017\\\/07\\\/flor-pilena.png\",\"width\":389,\"height\":225},{\"@type\":\"BreadcrumbList\",\"@id\":\"https:\\\/\\\/pulso27.com\\\/cultura\\\/musica\\\/10-artists-who-retired-from-music-and-made-a-comeback\\\/#breadcrumb\",\"itemListElement\":[{\"@type\":\"ListItem\",\"position\":1,\"name\":\"Portada\",\"item\":\"https:\\\/\\\/pulso27.com\\\/\"},{\"@type\":\"ListItem\",\"position\":2,\"name\":\"Flor Pile\u00f1a: m\u00fasico muere tras recibir balazo en pleno concierto\"}]},{\"@type\":\"WebSite\",\"@id\":\"https:\\\/\\\/pulso27.com\\\/en\\\/#website\",\"url\":\"https:\\\/\\\/pulso27.com\\\/en\\\/\",\"name\":\"Pulso27\",\"description\":\"Web de noticias y publicidad\",\"publisher\":{\"@id\":\"https:\\\/\\\/pulso27.com\\\/en\\\/#organization\"},\"alternateName\":\"El pulso del pueblo\",\"potentialAction\":[{\"@type\":\"SearchAction\",\"target\":{\"@type\":\"EntryPoint\",\"urlTemplate\":\"https:\\\/\\\/pulso27.com\\\/en\\\/?s={search_term_string}\"},\"query-input\":{\"@type\":\"PropertyValueSpecification\",\"valueRequired\":true,\"valueName\":\"search_term_string\"}}],\"inLanguage\":\"es-PE\"},{\"@type\":\"Organization\",\"@id\":\"https:\\\/\\\/pulso27.com\\\/en\\\/#organization\",\"name\":\"Pulso27\",\"url\":\"https:\\\/\\\/pulso27.com\\\/en\\\/\",\"logo\":{\"@type\":\"ImageObject\",\"inLanguage\":\"es-PE\",\"@id\":\"https:\\\/\\\/pulso27.com\\\/en\\\/#\\\/schema\\\/logo\\\/image\\\/\",\"url\":\"https:\\\/\\\/pulso27.com\\\/wp-content\\\/uploads\\\/2026\\\/02\\\/Logotipo-de-la-organizacion-696-x-696-px-ok.png\",\"contentUrl\":\"https:\\\/\\\/pulso27.com\\\/wp-content\\\/uploads\\\/2026\\\/02\\\/Logotipo-de-la-organizacion-696-x-696-px-ok.png\",\"width\":696,\"height\":696,\"caption\":\"Pulso27\"},\"image\":{\"@id\":\"https:\\\/\\\/pulso27.com\\\/en\\\/#\\\/schema\\\/logo\\\/image\\\/\"},\"sameAs\":[\"https:\\\/\\\/www.facebook.com\\\/pulso27\\\/\",\"https:\\\/\\\/x.com\\\/Pulso_27\",\"https:\\\/\\\/www.youtube.com\\\/@Pulso27\",\"https:\\\/\\\/www.tiktok.com\\\/@pulso_27\"]},{\"@type\":\"Person\",\"@id\":\"https:\\\/\\\/pulso27.com\\\/en\\\/#\\\/schema\\\/person\\\/a0930a7f318e7d9d83bd7cffed9f34f6\",\"name\":\"El Muki\",\"image\":{\"@type\":\"ImageObject\",\"inLanguage\":\"es-PE\",\"@id\":\"https:\\\/\\\/secure.gravatar.com\\\/avatar\\\/dc91c2607c5eebda74cbb40d13031f489096c96ead89c4c30c17db262267b2b3?s=96&d=mm&r=g\",\"url\":\"https:\\\/\\\/secure.gravatar.com\\\/avatar\\\/dc91c2607c5eebda74cbb40d13031f489096c96ead89c4c30c17db262267b2b3?s=96&d=mm&r=g\",\"contentUrl\":\"https:\\\/\\\/secure.gravatar.com\\\/avatar\\\/dc91c2607c5eebda74cbb40d13031f489096c96ead89c4c30c17db262267b2b3?s=96&d=mm&r=g\",\"caption\":\"El Muki\"},\"sameAs\":[\"http:\\\/\\\/www.pulso27.com\"],\"url\":\"https:\\\/\\\/pulso27.com\\\/es\\\/author\\\/elcuervo\\\/\"}]}<\/script>\n<!-- \/ Yoast SEO plugin. -->","yoast_head_json":{"title":"Flor Pile\u00f1a: m\u00fasico muere tras recibir balazo en pleno concierto - Pulso27","robots":{"index":"index","follow":"follow","max-snippet":"max-snippet:-1","max-image-preview":"max-image-preview:large","max-video-preview":"max-video-preview:-1"},"canonical":"https:\/\/pulso27.com\/es\/cultura\/musica\/10-artists-who-retired-from-music-and-made-a-comeback\/","og_locale":"es_ES","og_type":"article","og_title":"Flor Pile\u00f1a: m\u00fasico muere tras recibir balazo en pleno concierto - Pulso27","og_description":"Municipalidad Distrital de Pachac\u00e1mac llegaron al local de eventos Las Mercedes para clausurarlo de manera definitiva.","og_url":"https:\/\/pulso27.com\/es\/cultura\/musica\/10-artists-who-retired-from-music-and-made-a-comeback\/","og_site_name":"Pulso27","article_publisher":"https:\/\/www.facebook.com\/pulso27\/","article_published_time":"2017-07-02T18:53:22+00:00","article_modified_time":"2024-10-14T04:34:41+00:00","og_image":[{"width":389,"height":225,"url":"https:\/\/pulso27.com\/wp-content\/uploads\/2017\/07\/flor-pilena.png","type":"image\/png"}],"author":"El Muki","twitter_card":"summary_large_image","twitter_creator":"@Pulso_27","twitter_site":"@Pulso_27","twitter_misc":{"Written by":"El Muki","Est. reading time":"1 minuto"},"schema":{"@context":"https:\/\/schema.org","@graph":[{"@type":"Article","@id":"https:\/\/pulso27.com\/cultura\/musica\/10-artists-who-retired-from-music-and-made-a-comeback\/#article","isPartOf":{"@id":"https:\/\/pulso27.com\/cultura\/musica\/10-artists-who-retired-from-music-and-made-a-comeback\/"},"author":{"name":"El Muki","@id":"https:\/\/pulso27.com\/en\/#\/schema\/person\/a0930a7f318e7d9d83bd7cffed9f34f6"},"headline":"Flor Pile\u00f1a: m\u00fasico muere tras recibir balazo en pleno concierto","datePublished":"2017-07-02T18:53:22+00:00","dateModified":"2024-10-14T04:34:41+00:00","mainEntityOfPage":{"@id":"https:\/\/pulso27.com\/cultura\/musica\/10-artists-who-retired-from-music-and-made-a-comeback\/"},"wordCount":216,"commentCount":0,"publisher":{"@id":"https:\/\/pulso27.com\/en\/#organization"},"image":{"@id":"https:\/\/pulso27.com\/cultura\/musica\/10-artists-who-retired-from-music-and-made-a-comeback\/#primaryimage"},"thumbnailUrl":"https:\/\/pulso27.com\/wp-content\/uploads\/2017\/07\/flor-pilena.png","keywords":["Music"],"articleSection":["M\u00fasica"],"inLanguage":"es-PE","potentialAction":[{"@type":"CommentAction","name":"Comment","target":["https:\/\/pulso27.com\/cultura\/musica\/10-artists-who-retired-from-music-and-made-a-comeback\/#respond"]}]},{"@type":"WebPage","@id":"https:\/\/pulso27.com\/cultura\/musica\/10-artists-who-retired-from-music-and-made-a-comeback\/","url":"https:\/\/pulso27.com\/cultura\/musica\/10-artists-who-retired-from-music-and-made-a-comeback\/","name":"Flor Pile\u00f1a: m\u00fasico muere tras recibir balazo en pleno concierto - Pulso27","isPartOf":{"@id":"https:\/\/pulso27.com\/en\/#website"},"primaryImageOfPage":{"@id":"https:\/\/pulso27.com\/cultura\/musica\/10-artists-who-retired-from-music-and-made-a-comeback\/#primaryimage"},"image":{"@id":"https:\/\/pulso27.com\/cultura\/musica\/10-artists-who-retired-from-music-and-made-a-comeback\/#primaryimage"},"thumbnailUrl":"https:\/\/pulso27.com\/wp-content\/uploads\/2017\/07\/flor-pilena.png","datePublished":"2017-07-02T18:53:22+00:00","dateModified":"2024-10-14T04:34:41+00:00","breadcrumb":{"@id":"https:\/\/pulso27.com\/cultura\/musica\/10-artists-who-retired-from-music-and-made-a-comeback\/#breadcrumb"},"inLanguage":"es-PE","potentialAction":[{"@type":"ReadAction","target":["https:\/\/pulso27.com\/cultura\/musica\/10-artists-who-retired-from-music-and-made-a-comeback\/"]}]},{"@type":"ImageObject","inLanguage":"es-PE","@id":"https:\/\/pulso27.com\/cultura\/musica\/10-artists-who-retired-from-music-and-made-a-comeback\/#primaryimage","url":"https:\/\/pulso27.com\/wp-content\/uploads\/2017\/07\/flor-pilena.png","contentUrl":"https:\/\/pulso27.com\/wp-content\/uploads\/2017\/07\/flor-pilena.png","width":389,"height":225},{"@type":"BreadcrumbList","@id":"https:\/\/pulso27.com\/cultura\/musica\/10-artists-who-retired-from-music-and-made-a-comeback\/#breadcrumb","itemListElement":[{"@type":"ListItem","position":1,"name":"Portada","item":"https:\/\/pulso27.com\/"},{"@type":"ListItem","position":2,"name":"Flor Pile\u00f1a: m\u00fasico muere tras recibir balazo en pleno concierto"}]},{"@type":"WebSite","@id":"https:\/\/pulso27.com\/en\/#website","url":"https:\/\/pulso27.com\/en\/","name":"Pulso27","description":"Web de noticias y publicidad","publisher":{"@id":"https:\/\/pulso27.com\/en\/#organization"},"alternateName":"El pulso del pueblo","potentialAction":[{"@type":"SearchAction","target":{"@type":"EntryPoint","urlTemplate":"https:\/\/pulso27.com\/en\/?s={search_term_string}"},"query-input":{"@type":"PropertyValueSpecification","valueRequired":true,"valueName":"search_term_string"}}],"inLanguage":"es-PE"},{"@type":"Organization","@id":"https:\/\/pulso27.com\/en\/#organization","name":"Pulso27","url":"https:\/\/pulso27.com\/en\/","logo":{"@type":"ImageObject","inLanguage":"es-PE","@id":"https:\/\/pulso27.com\/en\/#\/schema\/logo\/image\/","url":"https:\/\/pulso27.com\/wp-content\/uploads\/2026\/02\/Logotipo-de-la-organizacion-696-x-696-px-ok.png","contentUrl":"https:\/\/pulso27.com\/wp-content\/uploads\/2026\/02\/Logotipo-de-la-organizacion-696-x-696-px-ok.png","width":696,"height":696,"caption":"Pulso27"},"image":{"@id":"https:\/\/pulso27.com\/en\/#\/schema\/logo\/image\/"},"sameAs":["https:\/\/www.facebook.com\/pulso27\/","https:\/\/x.com\/Pulso_27","https:\/\/www.youtube.com\/@Pulso27","https:\/\/www.tiktok.com\/@pulso_27"]},{"@type":"Person","@id":"https:\/\/pulso27.com\/en\/#\/schema\/person\/a0930a7f318e7d9d83bd7cffed9f34f6","name":"El Muki","image":{"@type":"ImageObject","inLanguage":"es-PE","@id":"https:\/\/secure.gravatar.com\/avatar\/dc91c2607c5eebda74cbb40d13031f489096c96ead89c4c30c17db262267b2b3?s=96&d=mm&r=g","url":"https:\/\/secure.gravatar.com\/avatar\/dc91c2607c5eebda74cbb40d13031f489096c96ead89c4c30c17db262267b2b3?s=96&d=mm&r=g","contentUrl":"https:\/\/secure.gravatar.com\/avatar\/dc91c2607c5eebda74cbb40d13031f489096c96ead89c4c30c17db262267b2b3?s=96&d=mm&r=g","caption":"El Muki"},"sameAs":["http:\/\/www.pulso27.com"],"url":"https:\/\/pulso27.com\/es\/author\/elcuervo\/"}]}},"amp_enabled":true,"_links":{"self":[{"href":"https:\/\/pulso27.com\/es\/wp-json\/wp\/v2\/posts\/112","targetHints":{"allow":["GET"]}}],"collection":[{"href":"https:\/\/pulso27.com\/es\/wp-json\/wp\/v2\/posts"}],"about":[{"href":"https:\/\/pulso27.com\/es\/wp-json\/wp\/v2\/types\/post"}],"author":[{"embeddable":true,"href":"https:\/\/pulso27.com\/es\/wp-json\/wp\/v2\/users\/10"}],"replies":[{"embeddable":true,"href":"https:\/\/pulso27.com\/es\/wp-json\/wp\/v2\/comments?post=112"}],"version-history":[{"count":2,"href":"https:\/\/pulso27.com\/es\/wp-json\/wp\/v2\/posts\/112\/revisions"}],"predecessor-version":[{"id":2329,"href":"https:\/\/pulso27.com\/es\/wp-json\/wp\/v2\/posts\/112\/revisions\/2329"}],"wp:featuredmedia":[{"embeddable":true,"href":"https:\/\/pulso27.com\/es\/wp-json\/wp\/v2\/media\/487"}],"wp:attachment":[{"href":"https:\/\/pulso27.com\/es\/wp-json\/wp\/v2\/media?parent=112"}],"wp:term":[{"taxonomy":"category","embeddable":true,"href":"https:\/\/pulso27.com\/es\/wp-json\/wp\/v2\/categories?post=112"},{"taxonomy":"post_tag","embeddable":true,"href":"https:\/\/pulso27.com\/es\/wp-json\/wp\/v2\/tags?post=112"}],"curies":[{"name":"wp","href":"https:\/\/api.w.org\/{rel}","templated":true}]}}