{"id":1172,"date":"2024-01-10T03:09:09","date_gmt":"2024-01-09T22:09:09","guid":{"rendered":"https:\/\/pulso27.com\/?p=1172"},"modified":"2024-01-10T03:09:10","modified_gmt":"2024-01-09T22:09:10","slug":"ecuador-presidente-noboa-declara-conflicto-armado-interno-tras-ofensiva-delincuencial","status":"publish","type":"post","link":"https:\/\/pulso27.com\/es\/internacional\/ecuador-presidente-noboa-declara-conflicto-armado-interno-tras-ofensiva-delincuencial\/","title":{"rendered":"Ecuador: presidente Noboa declara conflicto armado interno tras ofensiva delincuencial"},"content":{"rendered":"\n<p>El presidente ecuatoriano Daniel Noboa emiti\u00f3 un decreto ejecutivo en el que reconoce la existencia de un conflicto armado interno y dispone la movilizaci\u00f3n e intervenci\u00f3n de las Fuerzas Armadas a nivel nacional. Esto, luego de que un grupo de delincuentes tomara un canal de televisi\u00f3n y secuestraran a sus trabajadores en Guayaquil.<\/p>\n\n\n\n<figure class=\"wp-block-image size-full\"><img loading=\"lazy\" decoding=\"async\" width=\"800\" height=\"450\" src=\"https:\/\/pulso27.com\/wp-content\/uploads\/2024\/01\/image-7.png\" alt=\"\" class=\"wp-image-1173\" srcset=\"https:\/\/pulso27.com\/wp-content\/uploads\/2024\/01\/image-7.png 800w, https:\/\/pulso27.com\/wp-content\/uploads\/2024\/01\/image-7-300x169.png 300w, https:\/\/pulso27.com\/wp-content\/uploads\/2024\/01\/image-7-768x432.png 768w\" sizes=\"auto, (max-width: 800px) 100vw, 800px\" \/><\/figure>\n","protected":false},"excerpt":{"rendered":"<p>Daniel Noboa reacciona a toma de rehenes en televisora e irrupciones en otros lugares del pa\u00eds<\/p>\n","protected":false},"author":10,"featured_media":1174,"comment_status":"open","ping_status":"open","sticky":false,"template":"","format":"standard","meta":{"footnotes":""},"categories":[173],"tags":[561,562],"class_list":["post-1172","post","type-post","status-publish","format-standard","has-post-thumbnail","hentry","category-internacional","tag-ecuador","tag-noboa"],"yoast_head":"<!-- This site is optimized with the Yoast SEO plugin v27.4 - https:\/\/yoast.com\/product\/yoast-seo-wordpress\/ -->\n<title>Ecuador: presidente Noboa declara conflicto armado interno tras ofensiva delincuencial - Pulso27<\/title>\n<meta name=\"robots\" content=\"index, follow, max-snippet:-1, max-image-preview:large, max-video-preview:-1\" \/>\n<link rel=\"canonical\" href=\"https:\/\/pulso27.com\/es\/internacional\/ecuador-presidente-noboa-declara-conflicto-armado-interno-tras-ofensiva-delincuencial\/\" \/>\n<meta property=\"og:locale\" content=\"es_ES\" \/>\n<meta property=\"og:type\" content=\"article\" \/>\n<meta property=\"og:title\" content=\"Ecuador: presidente Noboa declara conflicto armado interno tras ofensiva delincuencial - Pulso27\" \/>\n<meta property=\"og:description\" content=\"Daniel Noboa reacciona a toma de rehenes en televisora e irrupciones en otros lugares del pa\u00eds\" \/>\n<meta property=\"og:url\" content=\"https:\/\/pulso27.com\/es\/internacional\/ecuador-presidente-noboa-declara-conflicto-armado-interno-tras-ofensiva-delincuencial\/\" \/>\n<meta property=\"og:site_name\" content=\"Pulso27\" \/>\n<meta property=\"article:publisher\" content=\"https:\/\/www.facebook.com\/pulso27\/\" \/>\n<meta property=\"article:published_time\" content=\"2024-01-09T22:09:09+00:00\" \/>\n<meta property=\"article:modified_time\" content=\"2024-01-09T22:09:10+00:00\" \/>\n<meta property=\"og:image\" content=\"https:\/\/pulso27.com\/wp-content\/uploads\/2024\/01\/Ecuador-guerra-interna-2.png\" \/>\n\t<meta property=\"og:image:width\" content=\"459\" \/>\n\t<meta property=\"og:image:height\" content=\"593\" \/>\n\t<meta property=\"og:image:type\" content=\"image\/png\" \/>\n<meta name=\"author\" content=\"El Muki\" \/>\n<meta name=\"twitter:card\" content=\"summary_large_image\" \/>\n<meta name=\"twitter:creator\" content=\"@Pulso_27\" \/>\n<meta name=\"twitter:site\" content=\"@Pulso_27\" \/>\n<meta name=\"twitter:label1\" content=\"Written by\" \/>\n\t<meta name=\"twitter:data1\" content=\"El Muki\" \/>\n<script type=\"application\/ld+json\" class=\"yoast-schema-graph\">{\"@context\":\"https:\\\/\\\/schema.org\",\"@graph\":[{\"@type\":\"Article\",\"@id\":\"https:\\\/\\\/pulso27.com\\\/internacional\\\/ecuador-presidente-noboa-declara-conflicto-armado-interno-tras-ofensiva-delincuencial\\\/#article\",\"isPartOf\":{\"@id\":\"https:\\\/\\\/pulso27.com\\\/internacional\\\/ecuador-presidente-noboa-declara-conflicto-armado-interno-tras-ofensiva-delincuencial\\\/\"},\"author\":{\"name\":\"El Muki\",\"@id\":\"https:\\\/\\\/pulso27.com\\\/en\\\/#\\\/schema\\\/person\\\/a0930a7f318e7d9d83bd7cffed9f34f6\"},\"headline\":\"Ecuador: presidente Noboa declara conflicto armado interno tras ofensiva delincuencial\",\"datePublished\":\"2024-01-09T22:09:09+00:00\",\"dateModified\":\"2024-01-09T22:09:10+00:00\",\"mainEntityOfPage\":{\"@id\":\"https:\\\/\\\/pulso27.com\\\/internacional\\\/ecuador-presidente-noboa-declara-conflicto-armado-interno-tras-ofensiva-delincuencial\\\/\"},\"wordCount\":66,\"commentCount\":0,\"publisher\":{\"@id\":\"https:\\\/\\\/pulso27.com\\\/en\\\/#organization\"},\"image\":{\"@id\":\"https:\\\/\\\/pulso27.com\\\/internacional\\\/ecuador-presidente-noboa-declara-conflicto-armado-interno-tras-ofensiva-delincuencial\\\/#primaryimage\"},\"thumbnailUrl\":\"https:\\\/\\\/pulso27.com\\\/wp-content\\\/uploads\\\/2024\\\/01\\\/Ecuador-guerra-interna-2.png\",\"keywords\":[\"Ecuador\",\"Noboa\"],\"articleSection\":[\"Internacional\"],\"inLanguage\":\"es-PE\",\"potentialAction\":[{\"@type\":\"CommentAction\",\"name\":\"Comment\",\"target\":[\"https:\\\/\\\/pulso27.com\\\/internacional\\\/ecuador-presidente-noboa-declara-conflicto-armado-interno-tras-ofensiva-delincuencial\\\/#respond\"]}]},{\"@type\":\"WebPage\",\"@id\":\"https:\\\/\\\/pulso27.com\\\/internacional\\\/ecuador-presidente-noboa-declara-conflicto-armado-interno-tras-ofensiva-delincuencial\\\/\",\"url\":\"https:\\\/\\\/pulso27.com\\\/internacional\\\/ecuador-presidente-noboa-declara-conflicto-armado-interno-tras-ofensiva-delincuencial\\\/\",\"name\":\"Ecuador: presidente Noboa declara conflicto armado interno tras ofensiva delincuencial - Pulso27\",\"isPartOf\":{\"@id\":\"https:\\\/\\\/pulso27.com\\\/en\\\/#website\"},\"primaryImageOfPage\":{\"@id\":\"https:\\\/\\\/pulso27.com\\\/internacional\\\/ecuador-presidente-noboa-declara-conflicto-armado-interno-tras-ofensiva-delincuencial\\\/#primaryimage\"},\"image\":{\"@id\":\"https:\\\/\\\/pulso27.com\\\/internacional\\\/ecuador-presidente-noboa-declara-conflicto-armado-interno-tras-ofensiva-delincuencial\\\/#primaryimage\"},\"thumbnailUrl\":\"https:\\\/\\\/pulso27.com\\\/wp-content\\\/uploads\\\/2024\\\/01\\\/Ecuador-guerra-interna-2.png\",\"datePublished\":\"2024-01-09T22:09:09+00:00\",\"dateModified\":\"2024-01-09T22:09:10+00:00\",\"breadcrumb\":{\"@id\":\"https:\\\/\\\/pulso27.com\\\/internacional\\\/ecuador-presidente-noboa-declara-conflicto-armado-interno-tras-ofensiva-delincuencial\\\/#breadcrumb\"},\"inLanguage\":\"es-PE\",\"potentialAction\":[{\"@type\":\"ReadAction\",\"target\":[\"https:\\\/\\\/pulso27.com\\\/internacional\\\/ecuador-presidente-noboa-declara-conflicto-armado-interno-tras-ofensiva-delincuencial\\\/\"]}]},{\"@type\":\"ImageObject\",\"inLanguage\":\"es-PE\",\"@id\":\"https:\\\/\\\/pulso27.com\\\/internacional\\\/ecuador-presidente-noboa-declara-conflicto-armado-interno-tras-ofensiva-delincuencial\\\/#primaryimage\",\"url\":\"https:\\\/\\\/pulso27.com\\\/wp-content\\\/uploads\\\/2024\\\/01\\\/Ecuador-guerra-interna-2.png\",\"contentUrl\":\"https:\\\/\\\/pulso27.com\\\/wp-content\\\/uploads\\\/2024\\\/01\\\/Ecuador-guerra-interna-2.png\",\"width\":459,\"height\":593},{\"@type\":\"BreadcrumbList\",\"@id\":\"https:\\\/\\\/pulso27.com\\\/internacional\\\/ecuador-presidente-noboa-declara-conflicto-armado-interno-tras-ofensiva-delincuencial\\\/#breadcrumb\",\"itemListElement\":[{\"@type\":\"ListItem\",\"position\":1,\"name\":\"Portada\",\"item\":\"https:\\\/\\\/pulso27.com\\\/\"},{\"@type\":\"ListItem\",\"position\":2,\"name\":\"Ecuador: presidente Noboa declara conflicto armado interno tras ofensiva delincuencial\"}]},{\"@type\":\"WebSite\",\"@id\":\"https:\\\/\\\/pulso27.com\\\/en\\\/#website\",\"url\":\"https:\\\/\\\/pulso27.com\\\/en\\\/\",\"name\":\"Pulso27\",\"description\":\"Web de noticias y publicidad\",\"publisher\":{\"@id\":\"https:\\\/\\\/pulso27.com\\\/en\\\/#organization\"},\"alternateName\":\"El pulso del pueblo\",\"potentialAction\":[{\"@type\":\"SearchAction\",\"target\":{\"@type\":\"EntryPoint\",\"urlTemplate\":\"https:\\\/\\\/pulso27.com\\\/en\\\/?s={search_term_string}\"},\"query-input\":{\"@type\":\"PropertyValueSpecification\",\"valueRequired\":true,\"valueName\":\"search_term_string\"}}],\"inLanguage\":\"es-PE\"},{\"@type\":\"Organization\",\"@id\":\"https:\\\/\\\/pulso27.com\\\/en\\\/#organization\",\"name\":\"Pulso27\",\"url\":\"https:\\\/\\\/pulso27.com\\\/en\\\/\",\"logo\":{\"@type\":\"ImageObject\",\"inLanguage\":\"es-PE\",\"@id\":\"https:\\\/\\\/pulso27.com\\\/en\\\/#\\\/schema\\\/logo\\\/image\\\/\",\"url\":\"https:\\\/\\\/pulso27.com\\\/wp-content\\\/uploads\\\/2026\\\/02\\\/Logotipo-de-la-organizacion-696-x-696-px-ok.png\",\"contentUrl\":\"https:\\\/\\\/pulso27.com\\\/wp-content\\\/uploads\\\/2026\\\/02\\\/Logotipo-de-la-organizacion-696-x-696-px-ok.png\",\"width\":696,\"height\":696,\"caption\":\"Pulso27\"},\"image\":{\"@id\":\"https:\\\/\\\/pulso27.com\\\/en\\\/#\\\/schema\\\/logo\\\/image\\\/\"},\"sameAs\":[\"https:\\\/\\\/www.facebook.com\\\/pulso27\\\/\",\"https:\\\/\\\/x.com\\\/Pulso_27\",\"https:\\\/\\\/www.youtube.com\\\/@Pulso27\",\"https:\\\/\\\/www.tiktok.com\\\/@pulso_27\"]},{\"@type\":\"Person\",\"@id\":\"https:\\\/\\\/pulso27.com\\\/en\\\/#\\\/schema\\\/person\\\/a0930a7f318e7d9d83bd7cffed9f34f6\",\"name\":\"El Muki\",\"image\":{\"@type\":\"ImageObject\",\"inLanguage\":\"es-PE\",\"@id\":\"https:\\\/\\\/secure.gravatar.com\\\/avatar\\\/dc91c2607c5eebda74cbb40d13031f489096c96ead89c4c30c17db262267b2b3?s=96&d=mm&r=g\",\"url\":\"https:\\\/\\\/secure.gravatar.com\\\/avatar\\\/dc91c2607c5eebda74cbb40d13031f489096c96ead89c4c30c17db262267b2b3?s=96&d=mm&r=g\",\"contentUrl\":\"https:\\\/\\\/secure.gravatar.com\\\/avatar\\\/dc91c2607c5eebda74cbb40d13031f489096c96ead89c4c30c17db262267b2b3?s=96&d=mm&r=g\",\"caption\":\"El Muki\"},\"sameAs\":[\"http:\\\/\\\/www.pulso27.com\"],\"url\":\"https:\\\/\\\/pulso27.com\\\/es\\\/author\\\/elcuervo\\\/\"}]}<\/script>\n<!-- \/ Yoast SEO plugin. -->","yoast_head_json":{"title":"Ecuador: presidente Noboa declara conflicto armado interno tras ofensiva delincuencial - Pulso27","robots":{"index":"index","follow":"follow","max-snippet":"max-snippet:-1","max-image-preview":"max-image-preview:large","max-video-preview":"max-video-preview:-1"},"canonical":"https:\/\/pulso27.com\/es\/internacional\/ecuador-presidente-noboa-declara-conflicto-armado-interno-tras-ofensiva-delincuencial\/","og_locale":"es_ES","og_type":"article","og_title":"Ecuador: presidente Noboa declara conflicto armado interno tras ofensiva delincuencial - Pulso27","og_description":"Daniel Noboa reacciona a toma de rehenes en televisora e irrupciones en otros lugares del pa\u00eds","og_url":"https:\/\/pulso27.com\/es\/internacional\/ecuador-presidente-noboa-declara-conflicto-armado-interno-tras-ofensiva-delincuencial\/","og_site_name":"Pulso27","article_publisher":"https:\/\/www.facebook.com\/pulso27\/","article_published_time":"2024-01-09T22:09:09+00:00","article_modified_time":"2024-01-09T22:09:10+00:00","og_image":[{"width":459,"height":593,"url":"https:\/\/pulso27.com\/wp-content\/uploads\/2024\/01\/Ecuador-guerra-interna-2.png","type":"image\/png"}],"author":"El Muki","twitter_card":"summary_large_image","twitter_creator":"@Pulso_27","twitter_site":"@Pulso_27","twitter_misc":{"Written by":"El Muki"},"schema":{"@context":"https:\/\/schema.org","@graph":[{"@type":"Article","@id":"https:\/\/pulso27.com\/internacional\/ecuador-presidente-noboa-declara-conflicto-armado-interno-tras-ofensiva-delincuencial\/#article","isPartOf":{"@id":"https:\/\/pulso27.com\/internacional\/ecuador-presidente-noboa-declara-conflicto-armado-interno-tras-ofensiva-delincuencial\/"},"author":{"name":"El Muki","@id":"https:\/\/pulso27.com\/en\/#\/schema\/person\/a0930a7f318e7d9d83bd7cffed9f34f6"},"headline":"Ecuador: presidente Noboa declara conflicto armado interno tras ofensiva delincuencial","datePublished":"2024-01-09T22:09:09+00:00","dateModified":"2024-01-09T22:09:10+00:00","mainEntityOfPage":{"@id":"https:\/\/pulso27.com\/internacional\/ecuador-presidente-noboa-declara-conflicto-armado-interno-tras-ofensiva-delincuencial\/"},"wordCount":66,"commentCount":0,"publisher":{"@id":"https:\/\/pulso27.com\/en\/#organization"},"image":{"@id":"https:\/\/pulso27.com\/internacional\/ecuador-presidente-noboa-declara-conflicto-armado-interno-tras-ofensiva-delincuencial\/#primaryimage"},"thumbnailUrl":"https:\/\/pulso27.com\/wp-content\/uploads\/2024\/01\/Ecuador-guerra-interna-2.png","keywords":["Ecuador","Noboa"],"articleSection":["Internacional"],"inLanguage":"es-PE","potentialAction":[{"@type":"CommentAction","name":"Comment","target":["https:\/\/pulso27.com\/internacional\/ecuador-presidente-noboa-declara-conflicto-armado-interno-tras-ofensiva-delincuencial\/#respond"]}]},{"@type":"WebPage","@id":"https:\/\/pulso27.com\/internacional\/ecuador-presidente-noboa-declara-conflicto-armado-interno-tras-ofensiva-delincuencial\/","url":"https:\/\/pulso27.com\/internacional\/ecuador-presidente-noboa-declara-conflicto-armado-interno-tras-ofensiva-delincuencial\/","name":"Ecuador: presidente Noboa declara conflicto armado interno tras ofensiva delincuencial - Pulso27","isPartOf":{"@id":"https:\/\/pulso27.com\/en\/#website"},"primaryImageOfPage":{"@id":"https:\/\/pulso27.com\/internacional\/ecuador-presidente-noboa-declara-conflicto-armado-interno-tras-ofensiva-delincuencial\/#primaryimage"},"image":{"@id":"https:\/\/pulso27.com\/internacional\/ecuador-presidente-noboa-declara-conflicto-armado-interno-tras-ofensiva-delincuencial\/#primaryimage"},"thumbnailUrl":"https:\/\/pulso27.com\/wp-content\/uploads\/2024\/01\/Ecuador-guerra-interna-2.png","datePublished":"2024-01-09T22:09:09+00:00","dateModified":"2024-01-09T22:09:10+00:00","breadcrumb":{"@id":"https:\/\/pulso27.com\/internacional\/ecuador-presidente-noboa-declara-conflicto-armado-interno-tras-ofensiva-delincuencial\/#breadcrumb"},"inLanguage":"es-PE","potentialAction":[{"@type":"ReadAction","target":["https:\/\/pulso27.com\/internacional\/ecuador-presidente-noboa-declara-conflicto-armado-interno-tras-ofensiva-delincuencial\/"]}]},{"@type":"ImageObject","inLanguage":"es-PE","@id":"https:\/\/pulso27.com\/internacional\/ecuador-presidente-noboa-declara-conflicto-armado-interno-tras-ofensiva-delincuencial\/#primaryimage","url":"https:\/\/pulso27.com\/wp-content\/uploads\/2024\/01\/Ecuador-guerra-interna-2.png","contentUrl":"https:\/\/pulso27.com\/wp-content\/uploads\/2024\/01\/Ecuador-guerra-interna-2.png","width":459,"height":593},{"@type":"BreadcrumbList","@id":"https:\/\/pulso27.com\/internacional\/ecuador-presidente-noboa-declara-conflicto-armado-interno-tras-ofensiva-delincuencial\/#breadcrumb","itemListElement":[{"@type":"ListItem","position":1,"name":"Portada","item":"https:\/\/pulso27.com\/"},{"@type":"ListItem","position":2,"name":"Ecuador: presidente Noboa declara conflicto armado interno tras ofensiva delincuencial"}]},{"@type":"WebSite","@id":"https:\/\/pulso27.com\/en\/#website","url":"https:\/\/pulso27.com\/en\/","name":"Pulso27","description":"Web de noticias y publicidad","publisher":{"@id":"https:\/\/pulso27.com\/en\/#organization"},"alternateName":"El pulso del pueblo","potentialAction":[{"@type":"SearchAction","target":{"@type":"EntryPoint","urlTemplate":"https:\/\/pulso27.com\/en\/?s={search_term_string}"},"query-input":{"@type":"PropertyValueSpecification","valueRequired":true,"valueName":"search_term_string"}}],"inLanguage":"es-PE"},{"@type":"Organization","@id":"https:\/\/pulso27.com\/en\/#organization","name":"Pulso27","url":"https:\/\/pulso27.com\/en\/","logo":{"@type":"ImageObject","inLanguage":"es-PE","@id":"https:\/\/pulso27.com\/en\/#\/schema\/logo\/image\/","url":"https:\/\/pulso27.com\/wp-content\/uploads\/2026\/02\/Logotipo-de-la-organizacion-696-x-696-px-ok.png","contentUrl":"https:\/\/pulso27.com\/wp-content\/uploads\/2026\/02\/Logotipo-de-la-organizacion-696-x-696-px-ok.png","width":696,"height":696,"caption":"Pulso27"},"image":{"@id":"https:\/\/pulso27.com\/en\/#\/schema\/logo\/image\/"},"sameAs":["https:\/\/www.facebook.com\/pulso27\/","https:\/\/x.com\/Pulso_27","https:\/\/www.youtube.com\/@Pulso27","https:\/\/www.tiktok.com\/@pulso_27"]},{"@type":"Person","@id":"https:\/\/pulso27.com\/en\/#\/schema\/person\/a0930a7f318e7d9d83bd7cffed9f34f6","name":"El Muki","image":{"@type":"ImageObject","inLanguage":"es-PE","@id":"https:\/\/secure.gravatar.com\/avatar\/dc91c2607c5eebda74cbb40d13031f489096c96ead89c4c30c17db262267b2b3?s=96&d=mm&r=g","url":"https:\/\/secure.gravatar.com\/avatar\/dc91c2607c5eebda74cbb40d13031f489096c96ead89c4c30c17db262267b2b3?s=96&d=mm&r=g","contentUrl":"https:\/\/secure.gravatar.com\/avatar\/dc91c2607c5eebda74cbb40d13031f489096c96ead89c4c30c17db262267b2b3?s=96&d=mm&r=g","caption":"El Muki"},"sameAs":["http:\/\/www.pulso27.com"],"url":"https:\/\/pulso27.com\/es\/author\/elcuervo\/"}]}},"amp_enabled":true,"_links":{"self":[{"href":"https:\/\/pulso27.com\/es\/wp-json\/wp\/v2\/posts\/1172","targetHints":{"allow":["GET"]}}],"collection":[{"href":"https:\/\/pulso27.com\/es\/wp-json\/wp\/v2\/posts"}],"about":[{"href":"https:\/\/pulso27.com\/es\/wp-json\/wp\/v2\/types\/post"}],"author":[{"embeddable":true,"href":"https:\/\/pulso27.com\/es\/wp-json\/wp\/v2\/users\/10"}],"replies":[{"embeddable":true,"href":"https:\/\/pulso27.com\/es\/wp-json\/wp\/v2\/comments?post=1172"}],"version-history":[{"count":1,"href":"https:\/\/pulso27.com\/es\/wp-json\/wp\/v2\/posts\/1172\/revisions"}],"predecessor-version":[{"id":1175,"href":"https:\/\/pulso27.com\/es\/wp-json\/wp\/v2\/posts\/1172\/revisions\/1175"}],"wp:featuredmedia":[{"embeddable":true,"href":"https:\/\/pulso27.com\/es\/wp-json\/wp\/v2\/media\/1174"}],"wp:attachment":[{"href":"https:\/\/pulso27.com\/es\/wp-json\/wp\/v2\/media?parent=1172"}],"wp:term":[{"taxonomy":"category","embeddable":true,"href":"https:\/\/pulso27.com\/es\/wp-json\/wp\/v2\/categories?post=1172"},{"taxonomy":"post_tag","embeddable":true,"href":"https:\/\/pulso27.com\/es\/wp-json\/wp\/v2\/tags?post=1172"}],"curies":[{"name":"wp","href":"https:\/\/api.w.org\/{rel}","templated":true}]}}