{"id":1183,"date":"2024-01-12T20:32:43","date_gmt":"2024-01-12T15:32:43","guid":{"rendered":"https:\/\/pulso27.com\/?p=1183"},"modified":"2024-04-07T07:36:33","modified_gmt":"2024-04-07T02:36:33","slug":"ministerio-publico-pide-34-anos-de-prision-para-pedro-castillo-por-golpe-de-estado","status":"publish","type":"post","link":"https:\/\/pulso27.com\/es\/nacional\/ministerio-publico-pide-34-anos-de-prision-para-pedro-castillo-por-golpe-de-estado\/","title":{"rendered":"Ministerio P\u00fablico pide 34 a\u00f1os de prisi\u00f3n para Pedro Castillo por golpe de Estado"},"content":{"rendered":"\n<p>Las autoridades del Ministerio P\u00fablico tambi\u00e9n solicitaron 25 a\u00f1os y 15 a\u00f1os de pena privativa de libertad contra Bettsy Ch\u00e1vez y An\u00edbal Torres, respectivamente.<\/p>\n\n\n\n<p>El Ministerio P\u00fablico, a trav\u00e9s de sus redes sociales, inform\u00f3 que pidi\u00f3 34 a\u00f1os de prisi\u00f3n contra el expresidente de la Rep\u00fablica Pedro Castillo Terrones por los delitos de rebeli\u00f3n, abuso de autoridad y grave perturbaci\u00f3n a la tranquilidad p\u00fablica ante el intento de golpe de Estado en diciembre de 2022.<\/p>\n\n\n\n<p>Asimismo, dicho organismo p\u00fablico solicita 25 a\u00f1os de prisi\u00f3n contra la exprimer ministra, Bettsy Ch\u00e1vez Chino, y los exfuncionarios de las diferentes carteras ministeriales, Roberto S\u00e1nchez Palomino, Willy Huerta Olivas y el personal de la Polic\u00eda Nacional del Per\u00fa (PNP), Manuel Lozada Morales, Eder Infanz\u00f3n G\u00f3mez y Jes\u00fas Venero Mellado. Adem\u00e1s, pide 15 a\u00f1os de c\u00e1rcel contra el ex tambi\u00e9n presidente del Consejo de Ministros, An\u00edbal Torres V\u00e1squez, por el delito de rebeli\u00f3n.<\/p>\n\n\n\n<p>Los pedidos de pena privativa de la libertad contra las exautoridades mencionadas fueron presentados por la Segunda Fiscal\u00eda Suprema Transitoria Especializada en Delitos Cometidos por Funcionarios P\u00fablicos.<\/p>\n\n\n\n<figure class=\"wp-block-image size-full is-resized\"><img loading=\"lazy\" decoding=\"async\" width=\"639\" height=\"346\" src=\"https:\/\/pulso27.com\/wp-content\/uploads\/2024\/01\/image-9.png\" alt=\"\" class=\"wp-image-1184\" style=\"width:740px;height:auto\" srcset=\"https:\/\/pulso27.com\/wp-content\/uploads\/2024\/01\/image-9.png 639w, https:\/\/pulso27.com\/wp-content\/uploads\/2024\/01\/image-9-300x162.png 300w\" sizes=\"auto, (max-width: 639px) 100vw, 639px\" \/><\/figure>\n\n\n\n<p><strong>Betssy Ch\u00e1vez es investigada por golpe de Estado<\/strong><br>La exjefe del Gabinete Ministerial, Betssy Ch\u00e1vez, fue capturada por el fallido golpe de Estado del exmandatario Pedro Castillo y, actualmente, cumple los 18 meses de prisi\u00f3n preventiva que le impuso el Poder Judicial ante las investigaciones que el Ministerio P\u00fablico le sigue por los delitos de rebeli\u00f3n y conspiraci\u00f3n.<\/p>\n\n\n\n<p>Esta diligencias del Poder Judicial fueron llevadas a cabo debido a que Ch\u00e1vez y los exministros Huertas y S\u00e1nchez habr\u00edan coordinado con el expresidente Castillo y otras personas el golpe de Estado. Asimismo, seg\u00fan un testigo, la exprimera ministra planeaba presentar un decreto supremo para formalizar la disoluci\u00f3n del Congreso, reestructurar el Poder Judicial, la Junta Nacional de Justicia y el Ministerio P\u00fablico, adem\u00e1s para instaurar un Gobierno de excepci\u00f3n, as\u00ed lo inform\u00f3 Panorama.<\/p>\n\n\n\n<p>\u201c(Betssy Ch\u00e1vez) me dice que van a reestructurar el Estado, que eso va a ser pronto, que van a hacer muchos cambios, que no se puede seguir gobernando con esta clase pol\u00edtica. Y le pregunto cu\u00e1ndo y ella me dice: \u2018Ahora mismo tengo que sacar el decreto supremo\u2019\u201d, inform\u00f3 la testigo a la Fiscal\u00eda.<\/p>\n\n\n\n<p><strong>An\u00edbal Torres habr\u00eda participado de golpe de Estado<\/strong><br>El expresidente del Consejo de Ministros, An\u00edbal Torres, tambi\u00e9n es incluido en la investigaci\u00f3n que realiza la Fiscal\u00eda sobre el intento de golpe de Estado de Castillo Terrones. Ante ello, el Poder Judicial le dict\u00f3 mandato de comparecencia con restricciones y le pidi\u00f3 que pague 20 000 soles como cauci\u00f3n econ\u00f3mica. Tras esta medida, el extitular del Gabinete Ministerial deposit\u00f3 el dinero solicitado y, ahora, cumple con ciertas reglas de conducta tales como: no ausentarse de Lima Metropolitana sin autorizaci\u00f3n judicial, no sostener una comunicaci\u00f3n con los dem\u00e1s investigados y m\u00e1s.<\/p>\n\n\n\n<p>Como se recuerda, el exministro del Interior, Willy Huerta, inform\u00f3 que el tambi\u00e9n extitular del Ministerio de Justicia, Torres V\u00e1squez, acompa\u00f1\u00f3 al expresidente Castillo, junto a Betssy Ch\u00e1vez, durante la exposici\u00f3n del mensaje a la Naci\u00f3n que fue televisado. En este discurso, el exjefe de Estado indic\u00f3 las medidas que quer\u00eda implementar ante la presentaci\u00f3n de una moci\u00f3n de vacancia en su contra, por parte del Congreso.<\/p>\n\n\n\n<p>\u00abBetssy Ch\u00e1vez ingresa por la puerta del sal\u00f3n principal por donde se juramenta en compa\u00f1\u00eda del doctor An\u00edbal Torres. Al verlos nos paramos y saludamos cordialmente y los dos ingresaron al sal\u00f3n Grau y nosotros (los ministros) segu\u00edamos sentados esperando en el sal\u00f3n Qui\u00f1ones. Veo que la puerta misma del sal\u00f3n principal se vuelve a abrir e ingresa la doctora Betssy, pero con un camar\u00f3grafo y una se\u00f1orita periodista de Canal 7, me parece\u00bb, declar\u00f3 en Panamericana TV.<\/p>\n","protected":false},"excerpt":{"rendered":"<p>Las autoridades del Ministerio P\u00fablico tambi\u00e9n solicitaron 25 a\u00f1os y 15 a\u00f1os de pena privativa de libertad contra Bettsy Ch\u00e1vez y An\u00edbal Torres, respectivamente. El Ministerio P\u00fablico, a trav\u00e9s de sus redes sociales, inform\u00f3 que pidi\u00f3 34 a\u00f1os de prisi\u00f3n contra el expresidente de la Rep\u00fablica Pedro Castillo Terrones por los delitos de rebeli\u00f3n, abuso [&hellip;]<\/p>\n","protected":false},"author":10,"featured_media":1186,"comment_status":"open","ping_status":"open","sticky":false,"template":"","format":"standard","meta":{"footnotes":""},"categories":[174,180],"tags":[564,565,563],"class_list":["post-1183","post","type-post","status-publish","format-standard","has-post-thumbnail","hentry","category-nacional","category-politica","tag-golpe-de-estado","tag-ministerio-publico","tag-pedro-castillo"],"yoast_head":"<!-- This site is optimized with the Yoast SEO plugin v27.4 - https:\/\/yoast.com\/product\/yoast-seo-wordpress\/ -->\n<title>Ministerio P\u00fablico pide 34 a\u00f1os de prisi\u00f3n para Pedro Castillo por golpe de Estado - Pulso27<\/title>\n<meta name=\"robots\" content=\"index, follow, max-snippet:-1, max-image-preview:large, max-video-preview:-1\" \/>\n<link rel=\"canonical\" href=\"https:\/\/pulso27.com\/es\/nacional\/ministerio-publico-pide-34-anos-de-prision-para-pedro-castillo-por-golpe-de-estado\/\" \/>\n<meta property=\"og:locale\" content=\"es_ES\" \/>\n<meta property=\"og:type\" content=\"article\" \/>\n<meta property=\"og:title\" content=\"Ministerio P\u00fablico pide 34 a\u00f1os de prisi\u00f3n para Pedro Castillo por golpe de Estado - Pulso27\" \/>\n<meta property=\"og:description\" content=\"Las autoridades del Ministerio P\u00fablico tambi\u00e9n solicitaron 25 a\u00f1os y 15 a\u00f1os de pena privativa de libertad contra Bettsy Ch\u00e1vez y An\u00edbal Torres, respectivamente. El Ministerio P\u00fablico, a trav\u00e9s de sus redes sociales, inform\u00f3 que pidi\u00f3 34 a\u00f1os de prisi\u00f3n contra el expresidente de la Rep\u00fablica Pedro Castillo Terrones por los delitos de rebeli\u00f3n, abuso [&hellip;]\" \/>\n<meta property=\"og:url\" content=\"https:\/\/pulso27.com\/es\/nacional\/ministerio-publico-pide-34-anos-de-prision-para-pedro-castillo-por-golpe-de-estado\/\" \/>\n<meta property=\"og:site_name\" content=\"Pulso27\" \/>\n<meta property=\"article:publisher\" content=\"https:\/\/www.facebook.com\/pulso27\/\" \/>\n<meta property=\"article:published_time\" content=\"2024-01-12T15:32:43+00:00\" \/>\n<meta property=\"article:modified_time\" content=\"2024-04-07T02:36:33+00:00\" \/>\n<meta property=\"og:image\" content=\"https:\/\/pulso27.com\/wp-content\/uploads\/2024\/01\/pedro-castillo-34-anos.jpg\" \/>\n\t<meta property=\"og:image:width\" content=\"474\" \/>\n\t<meta property=\"og:image:height\" content=\"316\" \/>\n\t<meta property=\"og:image:type\" content=\"image\/jpeg\" \/>\n<meta name=\"author\" content=\"El Muki\" \/>\n<meta name=\"twitter:card\" content=\"summary_large_image\" \/>\n<meta name=\"twitter:creator\" content=\"@Pulso_27\" \/>\n<meta name=\"twitter:site\" content=\"@Pulso_27\" \/>\n<meta name=\"twitter:label1\" content=\"Written by\" \/>\n\t<meta name=\"twitter:data1\" content=\"El Muki\" \/>\n\t<meta name=\"twitter:label2\" content=\"Est. reading time\" \/>\n\t<meta name=\"twitter:data2\" content=\"3 minutos\" \/>\n<script type=\"application\/ld+json\" class=\"yoast-schema-graph\">{\"@context\":\"https:\\\/\\\/schema.org\",\"@graph\":[{\"@type\":\"Article\",\"@id\":\"https:\\\/\\\/pulso27.com\\\/nacional\\\/ministerio-publico-pide-34-anos-de-prision-para-pedro-castillo-por-golpe-de-estado\\\/#article\",\"isPartOf\":{\"@id\":\"https:\\\/\\\/pulso27.com\\\/nacional\\\/ministerio-publico-pide-34-anos-de-prision-para-pedro-castillo-por-golpe-de-estado\\\/\"},\"author\":{\"name\":\"El Muki\",\"@id\":\"https:\\\/\\\/pulso27.com\\\/en\\\/#\\\/schema\\\/person\\\/a0930a7f318e7d9d83bd7cffed9f34f6\"},\"headline\":\"Ministerio P\u00fablico pide 34 a\u00f1os de prisi\u00f3n para Pedro Castillo por golpe de Estado\",\"datePublished\":\"2024-01-12T15:32:43+00:00\",\"dateModified\":\"2024-04-07T02:36:33+00:00\",\"mainEntityOfPage\":{\"@id\":\"https:\\\/\\\/pulso27.com\\\/nacional\\\/ministerio-publico-pide-34-anos-de-prision-para-pedro-castillo-por-golpe-de-estado\\\/\"},\"wordCount\":692,\"commentCount\":0,\"publisher\":{\"@id\":\"https:\\\/\\\/pulso27.com\\\/en\\\/#organization\"},\"image\":{\"@id\":\"https:\\\/\\\/pulso27.com\\\/nacional\\\/ministerio-publico-pide-34-anos-de-prision-para-pedro-castillo-por-golpe-de-estado\\\/#primaryimage\"},\"thumbnailUrl\":\"https:\\\/\\\/pulso27.com\\\/wp-content\\\/uploads\\\/2024\\\/01\\\/pedro-castillo-34-anos.jpg\",\"keywords\":[\"Golpe de Estado\",\"Ministerio Publico\",\"Pedro Castillo\"],\"articleSection\":[\"Nacional\",\"Pol\u00edtica\"],\"inLanguage\":\"es-PE\",\"potentialAction\":[{\"@type\":\"CommentAction\",\"name\":\"Comment\",\"target\":[\"https:\\\/\\\/pulso27.com\\\/nacional\\\/ministerio-publico-pide-34-anos-de-prision-para-pedro-castillo-por-golpe-de-estado\\\/#respond\"]}]},{\"@type\":\"WebPage\",\"@id\":\"https:\\\/\\\/pulso27.com\\\/nacional\\\/ministerio-publico-pide-34-anos-de-prision-para-pedro-castillo-por-golpe-de-estado\\\/\",\"url\":\"https:\\\/\\\/pulso27.com\\\/nacional\\\/ministerio-publico-pide-34-anos-de-prision-para-pedro-castillo-por-golpe-de-estado\\\/\",\"name\":\"Ministerio P\u00fablico pide 34 a\u00f1os de prisi\u00f3n para Pedro Castillo por golpe de Estado - Pulso27\",\"isPartOf\":{\"@id\":\"https:\\\/\\\/pulso27.com\\\/en\\\/#website\"},\"primaryImageOfPage\":{\"@id\":\"https:\\\/\\\/pulso27.com\\\/nacional\\\/ministerio-publico-pide-34-anos-de-prision-para-pedro-castillo-por-golpe-de-estado\\\/#primaryimage\"},\"image\":{\"@id\":\"https:\\\/\\\/pulso27.com\\\/nacional\\\/ministerio-publico-pide-34-anos-de-prision-para-pedro-castillo-por-golpe-de-estado\\\/#primaryimage\"},\"thumbnailUrl\":\"https:\\\/\\\/pulso27.com\\\/wp-content\\\/uploads\\\/2024\\\/01\\\/pedro-castillo-34-anos.jpg\",\"datePublished\":\"2024-01-12T15:32:43+00:00\",\"dateModified\":\"2024-04-07T02:36:33+00:00\",\"breadcrumb\":{\"@id\":\"https:\\\/\\\/pulso27.com\\\/nacional\\\/ministerio-publico-pide-34-anos-de-prision-para-pedro-castillo-por-golpe-de-estado\\\/#breadcrumb\"},\"inLanguage\":\"es-PE\",\"potentialAction\":[{\"@type\":\"ReadAction\",\"target\":[\"https:\\\/\\\/pulso27.com\\\/nacional\\\/ministerio-publico-pide-34-anos-de-prision-para-pedro-castillo-por-golpe-de-estado\\\/\"]}]},{\"@type\":\"ImageObject\",\"inLanguage\":\"es-PE\",\"@id\":\"https:\\\/\\\/pulso27.com\\\/nacional\\\/ministerio-publico-pide-34-anos-de-prision-para-pedro-castillo-por-golpe-de-estado\\\/#primaryimage\",\"url\":\"https:\\\/\\\/pulso27.com\\\/wp-content\\\/uploads\\\/2024\\\/01\\\/pedro-castillo-34-anos.jpg\",\"contentUrl\":\"https:\\\/\\\/pulso27.com\\\/wp-content\\\/uploads\\\/2024\\\/01\\\/pedro-castillo-34-anos.jpg\",\"width\":474,\"height\":316},{\"@type\":\"BreadcrumbList\",\"@id\":\"https:\\\/\\\/pulso27.com\\\/nacional\\\/ministerio-publico-pide-34-anos-de-prision-para-pedro-castillo-por-golpe-de-estado\\\/#breadcrumb\",\"itemListElement\":[{\"@type\":\"ListItem\",\"position\":1,\"name\":\"Portada\",\"item\":\"https:\\\/\\\/pulso27.com\\\/\"},{\"@type\":\"ListItem\",\"position\":2,\"name\":\"Ministerio P\u00fablico pide 34 a\u00f1os de prisi\u00f3n para Pedro Castillo por golpe de Estado\"}]},{\"@type\":\"WebSite\",\"@id\":\"https:\\\/\\\/pulso27.com\\\/en\\\/#website\",\"url\":\"https:\\\/\\\/pulso27.com\\\/en\\\/\",\"name\":\"Pulso27\",\"description\":\"Web de noticias y publicidad\",\"publisher\":{\"@id\":\"https:\\\/\\\/pulso27.com\\\/en\\\/#organization\"},\"alternateName\":\"El pulso del pueblo\",\"potentialAction\":[{\"@type\":\"SearchAction\",\"target\":{\"@type\":\"EntryPoint\",\"urlTemplate\":\"https:\\\/\\\/pulso27.com\\\/en\\\/?s={search_term_string}\"},\"query-input\":{\"@type\":\"PropertyValueSpecification\",\"valueRequired\":true,\"valueName\":\"search_term_string\"}}],\"inLanguage\":\"es-PE\"},{\"@type\":\"Organization\",\"@id\":\"https:\\\/\\\/pulso27.com\\\/en\\\/#organization\",\"name\":\"Pulso27\",\"url\":\"https:\\\/\\\/pulso27.com\\\/en\\\/\",\"logo\":{\"@type\":\"ImageObject\",\"inLanguage\":\"es-PE\",\"@id\":\"https:\\\/\\\/pulso27.com\\\/en\\\/#\\\/schema\\\/logo\\\/image\\\/\",\"url\":\"https:\\\/\\\/pulso27.com\\\/wp-content\\\/uploads\\\/2026\\\/02\\\/Logotipo-de-la-organizacion-696-x-696-px-ok.png\",\"contentUrl\":\"https:\\\/\\\/pulso27.com\\\/wp-content\\\/uploads\\\/2026\\\/02\\\/Logotipo-de-la-organizacion-696-x-696-px-ok.png\",\"width\":696,\"height\":696,\"caption\":\"Pulso27\"},\"image\":{\"@id\":\"https:\\\/\\\/pulso27.com\\\/en\\\/#\\\/schema\\\/logo\\\/image\\\/\"},\"sameAs\":[\"https:\\\/\\\/www.facebook.com\\\/pulso27\\\/\",\"https:\\\/\\\/x.com\\\/Pulso_27\",\"https:\\\/\\\/www.youtube.com\\\/@Pulso27\",\"https:\\\/\\\/www.tiktok.com\\\/@pulso_27\"]},{\"@type\":\"Person\",\"@id\":\"https:\\\/\\\/pulso27.com\\\/en\\\/#\\\/schema\\\/person\\\/a0930a7f318e7d9d83bd7cffed9f34f6\",\"name\":\"El Muki\",\"image\":{\"@type\":\"ImageObject\",\"inLanguage\":\"es-PE\",\"@id\":\"https:\\\/\\\/secure.gravatar.com\\\/avatar\\\/dc91c2607c5eebda74cbb40d13031f489096c96ead89c4c30c17db262267b2b3?s=96&d=mm&r=g\",\"url\":\"https:\\\/\\\/secure.gravatar.com\\\/avatar\\\/dc91c2607c5eebda74cbb40d13031f489096c96ead89c4c30c17db262267b2b3?s=96&d=mm&r=g\",\"contentUrl\":\"https:\\\/\\\/secure.gravatar.com\\\/avatar\\\/dc91c2607c5eebda74cbb40d13031f489096c96ead89c4c30c17db262267b2b3?s=96&d=mm&r=g\",\"caption\":\"El Muki\"},\"sameAs\":[\"http:\\\/\\\/www.pulso27.com\"],\"url\":\"https:\\\/\\\/pulso27.com\\\/es\\\/author\\\/elcuervo\\\/\"}]}<\/script>\n<!-- \/ Yoast SEO plugin. -->","yoast_head_json":{"title":"Ministerio P\u00fablico pide 34 a\u00f1os de prisi\u00f3n para Pedro Castillo por golpe de Estado - Pulso27","robots":{"index":"index","follow":"follow","max-snippet":"max-snippet:-1","max-image-preview":"max-image-preview:large","max-video-preview":"max-video-preview:-1"},"canonical":"https:\/\/pulso27.com\/es\/nacional\/ministerio-publico-pide-34-anos-de-prision-para-pedro-castillo-por-golpe-de-estado\/","og_locale":"es_ES","og_type":"article","og_title":"Ministerio P\u00fablico pide 34 a\u00f1os de prisi\u00f3n para Pedro Castillo por golpe de Estado - Pulso27","og_description":"Las autoridades del Ministerio P\u00fablico tambi\u00e9n solicitaron 25 a\u00f1os y 15 a\u00f1os de pena privativa de libertad contra Bettsy Ch\u00e1vez y An\u00edbal Torres, respectivamente. El Ministerio P\u00fablico, a trav\u00e9s de sus redes sociales, inform\u00f3 que pidi\u00f3 34 a\u00f1os de prisi\u00f3n contra el expresidente de la Rep\u00fablica Pedro Castillo Terrones por los delitos de rebeli\u00f3n, abuso [&hellip;]","og_url":"https:\/\/pulso27.com\/es\/nacional\/ministerio-publico-pide-34-anos-de-prision-para-pedro-castillo-por-golpe-de-estado\/","og_site_name":"Pulso27","article_publisher":"https:\/\/www.facebook.com\/pulso27\/","article_published_time":"2024-01-12T15:32:43+00:00","article_modified_time":"2024-04-07T02:36:33+00:00","og_image":[{"width":474,"height":316,"url":"https:\/\/pulso27.com\/wp-content\/uploads\/2024\/01\/pedro-castillo-34-anos.jpg","type":"image\/jpeg"}],"author":"El Muki","twitter_card":"summary_large_image","twitter_creator":"@Pulso_27","twitter_site":"@Pulso_27","twitter_misc":{"Written by":"El Muki","Est. reading time":"3 minutos"},"schema":{"@context":"https:\/\/schema.org","@graph":[{"@type":"Article","@id":"https:\/\/pulso27.com\/nacional\/ministerio-publico-pide-34-anos-de-prision-para-pedro-castillo-por-golpe-de-estado\/#article","isPartOf":{"@id":"https:\/\/pulso27.com\/nacional\/ministerio-publico-pide-34-anos-de-prision-para-pedro-castillo-por-golpe-de-estado\/"},"author":{"name":"El Muki","@id":"https:\/\/pulso27.com\/en\/#\/schema\/person\/a0930a7f318e7d9d83bd7cffed9f34f6"},"headline":"Ministerio P\u00fablico pide 34 a\u00f1os de prisi\u00f3n para Pedro Castillo por golpe de Estado","datePublished":"2024-01-12T15:32:43+00:00","dateModified":"2024-04-07T02:36:33+00:00","mainEntityOfPage":{"@id":"https:\/\/pulso27.com\/nacional\/ministerio-publico-pide-34-anos-de-prision-para-pedro-castillo-por-golpe-de-estado\/"},"wordCount":692,"commentCount":0,"publisher":{"@id":"https:\/\/pulso27.com\/en\/#organization"},"image":{"@id":"https:\/\/pulso27.com\/nacional\/ministerio-publico-pide-34-anos-de-prision-para-pedro-castillo-por-golpe-de-estado\/#primaryimage"},"thumbnailUrl":"https:\/\/pulso27.com\/wp-content\/uploads\/2024\/01\/pedro-castillo-34-anos.jpg","keywords":["Golpe de Estado","Ministerio Publico","Pedro Castillo"],"articleSection":["Nacional","Pol\u00edtica"],"inLanguage":"es-PE","potentialAction":[{"@type":"CommentAction","name":"Comment","target":["https:\/\/pulso27.com\/nacional\/ministerio-publico-pide-34-anos-de-prision-para-pedro-castillo-por-golpe-de-estado\/#respond"]}]},{"@type":"WebPage","@id":"https:\/\/pulso27.com\/nacional\/ministerio-publico-pide-34-anos-de-prision-para-pedro-castillo-por-golpe-de-estado\/","url":"https:\/\/pulso27.com\/nacional\/ministerio-publico-pide-34-anos-de-prision-para-pedro-castillo-por-golpe-de-estado\/","name":"Ministerio P\u00fablico pide 34 a\u00f1os de prisi\u00f3n para Pedro Castillo por golpe de Estado - Pulso27","isPartOf":{"@id":"https:\/\/pulso27.com\/en\/#website"},"primaryImageOfPage":{"@id":"https:\/\/pulso27.com\/nacional\/ministerio-publico-pide-34-anos-de-prision-para-pedro-castillo-por-golpe-de-estado\/#primaryimage"},"image":{"@id":"https:\/\/pulso27.com\/nacional\/ministerio-publico-pide-34-anos-de-prision-para-pedro-castillo-por-golpe-de-estado\/#primaryimage"},"thumbnailUrl":"https:\/\/pulso27.com\/wp-content\/uploads\/2024\/01\/pedro-castillo-34-anos.jpg","datePublished":"2024-01-12T15:32:43+00:00","dateModified":"2024-04-07T02:36:33+00:00","breadcrumb":{"@id":"https:\/\/pulso27.com\/nacional\/ministerio-publico-pide-34-anos-de-prision-para-pedro-castillo-por-golpe-de-estado\/#breadcrumb"},"inLanguage":"es-PE","potentialAction":[{"@type":"ReadAction","target":["https:\/\/pulso27.com\/nacional\/ministerio-publico-pide-34-anos-de-prision-para-pedro-castillo-por-golpe-de-estado\/"]}]},{"@type":"ImageObject","inLanguage":"es-PE","@id":"https:\/\/pulso27.com\/nacional\/ministerio-publico-pide-34-anos-de-prision-para-pedro-castillo-por-golpe-de-estado\/#primaryimage","url":"https:\/\/pulso27.com\/wp-content\/uploads\/2024\/01\/pedro-castillo-34-anos.jpg","contentUrl":"https:\/\/pulso27.com\/wp-content\/uploads\/2024\/01\/pedro-castillo-34-anos.jpg","width":474,"height":316},{"@type":"BreadcrumbList","@id":"https:\/\/pulso27.com\/nacional\/ministerio-publico-pide-34-anos-de-prision-para-pedro-castillo-por-golpe-de-estado\/#breadcrumb","itemListElement":[{"@type":"ListItem","position":1,"name":"Portada","item":"https:\/\/pulso27.com\/"},{"@type":"ListItem","position":2,"name":"Ministerio P\u00fablico pide 34 a\u00f1os de prisi\u00f3n para Pedro Castillo por golpe de Estado"}]},{"@type":"WebSite","@id":"https:\/\/pulso27.com\/en\/#website","url":"https:\/\/pulso27.com\/en\/","name":"Pulso27","description":"Web de noticias y publicidad","publisher":{"@id":"https:\/\/pulso27.com\/en\/#organization"},"alternateName":"El pulso del pueblo","potentialAction":[{"@type":"SearchAction","target":{"@type":"EntryPoint","urlTemplate":"https:\/\/pulso27.com\/en\/?s={search_term_string}"},"query-input":{"@type":"PropertyValueSpecification","valueRequired":true,"valueName":"search_term_string"}}],"inLanguage":"es-PE"},{"@type":"Organization","@id":"https:\/\/pulso27.com\/en\/#organization","name":"Pulso27","url":"https:\/\/pulso27.com\/en\/","logo":{"@type":"ImageObject","inLanguage":"es-PE","@id":"https:\/\/pulso27.com\/en\/#\/schema\/logo\/image\/","url":"https:\/\/pulso27.com\/wp-content\/uploads\/2026\/02\/Logotipo-de-la-organizacion-696-x-696-px-ok.png","contentUrl":"https:\/\/pulso27.com\/wp-content\/uploads\/2026\/02\/Logotipo-de-la-organizacion-696-x-696-px-ok.png","width":696,"height":696,"caption":"Pulso27"},"image":{"@id":"https:\/\/pulso27.com\/en\/#\/schema\/logo\/image\/"},"sameAs":["https:\/\/www.facebook.com\/pulso27\/","https:\/\/x.com\/Pulso_27","https:\/\/www.youtube.com\/@Pulso27","https:\/\/www.tiktok.com\/@pulso_27"]},{"@type":"Person","@id":"https:\/\/pulso27.com\/en\/#\/schema\/person\/a0930a7f318e7d9d83bd7cffed9f34f6","name":"El Muki","image":{"@type":"ImageObject","inLanguage":"es-PE","@id":"https:\/\/secure.gravatar.com\/avatar\/dc91c2607c5eebda74cbb40d13031f489096c96ead89c4c30c17db262267b2b3?s=96&d=mm&r=g","url":"https:\/\/secure.gravatar.com\/avatar\/dc91c2607c5eebda74cbb40d13031f489096c96ead89c4c30c17db262267b2b3?s=96&d=mm&r=g","contentUrl":"https:\/\/secure.gravatar.com\/avatar\/dc91c2607c5eebda74cbb40d13031f489096c96ead89c4c30c17db262267b2b3?s=96&d=mm&r=g","caption":"El Muki"},"sameAs":["http:\/\/www.pulso27.com"],"url":"https:\/\/pulso27.com\/es\/author\/elcuervo\/"}]}},"amp_enabled":true,"_links":{"self":[{"href":"https:\/\/pulso27.com\/es\/wp-json\/wp\/v2\/posts\/1183","targetHints":{"allow":["GET"]}}],"collection":[{"href":"https:\/\/pulso27.com\/es\/wp-json\/wp\/v2\/posts"}],"about":[{"href":"https:\/\/pulso27.com\/es\/wp-json\/wp\/v2\/types\/post"}],"author":[{"embeddable":true,"href":"https:\/\/pulso27.com\/es\/wp-json\/wp\/v2\/users\/10"}],"replies":[{"embeddable":true,"href":"https:\/\/pulso27.com\/es\/wp-json\/wp\/v2\/comments?post=1183"}],"version-history":[{"count":1,"href":"https:\/\/pulso27.com\/es\/wp-json\/wp\/v2\/posts\/1183\/revisions"}],"predecessor-version":[{"id":1185,"href":"https:\/\/pulso27.com\/es\/wp-json\/wp\/v2\/posts\/1183\/revisions\/1185"}],"wp:featuredmedia":[{"embeddable":true,"href":"https:\/\/pulso27.com\/es\/wp-json\/wp\/v2\/media\/1186"}],"wp:attachment":[{"href":"https:\/\/pulso27.com\/es\/wp-json\/wp\/v2\/media?parent=1183"}],"wp:term":[{"taxonomy":"category","embeddable":true,"href":"https:\/\/pulso27.com\/es\/wp-json\/wp\/v2\/categories?post=1183"},{"taxonomy":"post_tag","embeddable":true,"href":"https:\/\/pulso27.com\/es\/wp-json\/wp\/v2\/tags?post=1183"}],"curies":[{"name":"wp","href":"https:\/\/api.w.org\/{rel}","templated":true}]}}