{"id":1218,"date":"2024-01-25T17:41:40","date_gmt":"2024-01-25T12:41:40","guid":{"rendered":"https:\/\/pulso27.com\/es\/?p=1218"},"modified":"2024-01-25T17:41:40","modified_gmt":"2024-01-25T12:41:40","slug":"peruanos-protestan-contra-privatizacion-de-machupicchu","status":"publish","type":"post","link":"https:\/\/pulso27.com\/es\/nacional\/peruanos-protestan-contra-privatizacion-de-machupicchu\/","title":{"rendered":"Peruanos protestan contra privatizaci\u00f3n de Machupicchu"},"content":{"rendered":"\n<p>Se agudizan las protestas y el descontento en torno al inicio de la venta de boletos electr\u00f3nicos a la ciudad inca de Machu Picchu a trav\u00e9s de la plataforma de la empresa Joinnus, a la que califican de irregular e improvisada. En la ciudad de Cusco, las manifestaciones tampoco se hicieron esperar.<\/p>\n\n\n\n<p>En las \u00faltimas horas, las organizaciones sociales del distrito de Machupicchu, provincia de Urubamba, acordaron entrar en una paralizaci\u00f3n indefinida. Acusan a la ministra de Cultura, Leslie Arteaga, de direccionar y designar de manera irregular a la empresa Joinnus para la venta de boletos virtuales.<\/p>\n\n\n\n<p>Asimismo, advierten que la nueva plataforma constantemente presenta desperfectos, lo que perjudica a la actividad tur\u00edstica al no poder realizar las reservaciones con normalidad.<\/p>\n\n\n\n<p>Mediante un comunicado, los huelguistas, pertenecientes al Colectivo Popular Machupicchu, conformado por gremios de artesanos, empresarios en los rubros de agencias de turismo, restaurantes y hospedaje, demandan lo siguiente:<\/p>\n\n\n\n<p>1. Dejar sin efecto el contrato de adjudicaci\u00f3n directa a favor de Joinnus.<br>2. Declarar el contrato cuestionado por vicios legales insalvables.<br>3. Remitir los actuados al Ministerio P\u00fablico.<br>4. Destituci\u00f3n de la ministra de Cultura, por da\u00f1os y perjuicios causados al distrito de Machupicchu. <\/p>\n\n\n\n<p>Por su parte, el alcalde de Machupicchu, Elvis La Torre, inform\u00f3 que advierte el colapso diario de la plataforma Joinnus, lo que considera una forma de maltrato a los turistas.<\/p>\n\n\n\n<figure class=\"wp-block-image size-large\"><img loading=\"lazy\" decoding=\"async\" width=\"1024\" height=\"682\" src=\"https:\/\/pulso27.com\/wp-content\/uploads\/2024\/01\/Machu-1024x682.jpg\" alt=\"\" class=\"wp-image-1220\" srcset=\"https:\/\/pulso27.com\/wp-content\/uploads\/2024\/01\/Machu-1024x682.jpg 1024w, https:\/\/pulso27.com\/wp-content\/uploads\/2024\/01\/Machu-300x200.jpg 300w, https:\/\/pulso27.com\/wp-content\/uploads\/2024\/01\/Machu-768x512.jpg 768w, https:\/\/pulso27.com\/wp-content\/uploads\/2024\/01\/Machu-1536x1023.jpg 1536w, https:\/\/pulso27.com\/wp-content\/uploads\/2024\/01\/Machu.jpg 1800w\" sizes=\"auto, (max-width: 1024px) 100vw, 1024px\" \/><\/figure>\n\n\n\n<p>En medio de los problemas que se vienen suscitando en Machu Picchu por la venta de entradas, el parlamentario de Acci\u00f3n Popular, Luis Arag\u00f3n present\u00f3 una moci\u00f3n de interpelaci\u00f3n contra la titular de Cultura, Leslie Urteaga por este caso que viene aconteciendo en Cusco.<\/p>\n\n\n\n<p>La iniciativa de Arag\u00f3n tiene la aprobaci\u00f3n de 27 legisladores de diversas bancadas del Congreso donde se presume que existir\u00eda un direccionamiento del Mincul para contratar a la compa\u00f1\u00eda Joinnus, encargada del ofrecimiento de tickets.<\/p>\n\n\n\n<p>Fuente: Plataformas digitales nacionales y extranjeras<\/p>\n","protected":false},"excerpt":{"rendered":"<p>Se agudizan las protestas y el descontento en torno al inicio de la venta de boletos electr\u00f3nicos a la ciudad inca de Machu Picchu a trav\u00e9s de la plataforma de la empresa Joinnus, a la que califican de irregular e improvisada. En la ciudad de Cusco, las manifestaciones tampoco se hicieron esperar. En las \u00faltimas [&hellip;]<\/p>\n","protected":false},"author":7,"featured_media":1219,"comment_status":"open","ping_status":"open","sticky":false,"template":"","format":"standard","meta":{"footnotes":""},"categories":[183,393,174],"tags":[573,574,575],"class_list":["post-1218","post","type-post","status-publish","format-standard","has-post-thumbnail","hentry","category-actualidad","category-cultura","category-nacional","tag-cusco","tag-machupicchu","tag-turismo"],"yoast_head":"<!-- This site is optimized with the Yoast SEO plugin v27.4 - https:\/\/yoast.com\/product\/yoast-seo-wordpress\/ -->\n<title>Peruanos protestan contra privatizaci\u00f3n de Machupicchu - Pulso27<\/title>\n<meta name=\"robots\" content=\"index, follow, max-snippet:-1, max-image-preview:large, max-video-preview:-1\" \/>\n<link rel=\"canonical\" href=\"https:\/\/pulso27.com\/es\/nacional\/peruanos-protestan-contra-privatizacion-de-machupicchu\/\" \/>\n<meta property=\"og:locale\" content=\"es_ES\" \/>\n<meta property=\"og:type\" content=\"article\" \/>\n<meta property=\"og:title\" content=\"Peruanos protestan contra privatizaci\u00f3n de Machupicchu - Pulso27\" \/>\n<meta property=\"og:description\" content=\"Se agudizan las protestas y el descontento en torno al inicio de la venta de boletos electr\u00f3nicos a la ciudad inca de Machu Picchu a trav\u00e9s de la plataforma de la empresa Joinnus, a la que califican de irregular e improvisada. En la ciudad de Cusco, las manifestaciones tampoco se hicieron esperar. En las \u00faltimas [&hellip;]\" \/>\n<meta property=\"og:url\" content=\"https:\/\/pulso27.com\/es\/nacional\/peruanos-protestan-contra-privatizacion-de-machupicchu\/\" \/>\n<meta property=\"og:site_name\" content=\"Pulso27\" \/>\n<meta property=\"article:publisher\" content=\"https:\/\/www.facebook.com\/pulso27\/\" \/>\n<meta property=\"article:published_time\" content=\"2024-01-25T12:41:40+00:00\" \/>\n<meta property=\"og:image\" content=\"https:\/\/pulso27.com\/wp-content\/uploads\/2024\/01\/jfksl.jpg\" \/>\n\t<meta property=\"og:image:width\" content=\"1200\" \/>\n\t<meta property=\"og:image:height\" content=\"900\" \/>\n\t<meta property=\"og:image:type\" content=\"image\/jpeg\" \/>\n<meta name=\"author\" content=\"Tupaq\" \/>\n<meta name=\"twitter:card\" content=\"summary_large_image\" \/>\n<meta name=\"twitter:creator\" content=\"@Pulso_27\" \/>\n<meta name=\"twitter:site\" content=\"@Pulso_27\" \/>\n<meta name=\"twitter:label1\" content=\"Written by\" \/>\n\t<meta name=\"twitter:data1\" content=\"Tupaq\" \/>\n\t<meta name=\"twitter:label2\" content=\"Est. reading time\" \/>\n\t<meta name=\"twitter:data2\" content=\"2 minutos\" \/>\n<script type=\"application\/ld+json\" class=\"yoast-schema-graph\">{\"@context\":\"https:\\\/\\\/schema.org\",\"@graph\":[{\"@type\":\"Article\",\"@id\":\"https:\\\/\\\/pulso27.com\\\/nacional\\\/peruanos-protestan-contra-privatizacion-de-machupicchu\\\/#article\",\"isPartOf\":{\"@id\":\"https:\\\/\\\/pulso27.com\\\/nacional\\\/peruanos-protestan-contra-privatizacion-de-machupicchu\\\/\"},\"author\":{\"name\":\"Tupaq\",\"@id\":\"https:\\\/\\\/pulso27.com\\\/en\\\/#\\\/schema\\\/person\\\/d20fd7f5bc7f2e53fd150d43fca07a78\"},\"headline\":\"Peruanos protestan contra privatizaci\u00f3n de Machupicchu\",\"datePublished\":\"2024-01-25T12:41:40+00:00\",\"mainEntityOfPage\":{\"@id\":\"https:\\\/\\\/pulso27.com\\\/nacional\\\/peruanos-protestan-contra-privatizacion-de-machupicchu\\\/\"},\"wordCount\":328,\"commentCount\":0,\"publisher\":{\"@id\":\"https:\\\/\\\/pulso27.com\\\/en\\\/#organization\"},\"image\":{\"@id\":\"https:\\\/\\\/pulso27.com\\\/nacional\\\/peruanos-protestan-contra-privatizacion-de-machupicchu\\\/#primaryimage\"},\"thumbnailUrl\":\"https:\\\/\\\/pulso27.com\\\/wp-content\\\/uploads\\\/2024\\\/01\\\/jfksl.jpg\",\"keywords\":[\"Cusco\",\"Machupicchu\",\"Turismo\"],\"articleSection\":[\"Actualidad\",\"Cultura\",\"Nacional\"],\"inLanguage\":\"es-PE\",\"potentialAction\":[{\"@type\":\"CommentAction\",\"name\":\"Comment\",\"target\":[\"https:\\\/\\\/pulso27.com\\\/nacional\\\/peruanos-protestan-contra-privatizacion-de-machupicchu\\\/#respond\"]}]},{\"@type\":\"WebPage\",\"@id\":\"https:\\\/\\\/pulso27.com\\\/nacional\\\/peruanos-protestan-contra-privatizacion-de-machupicchu\\\/\",\"url\":\"https:\\\/\\\/pulso27.com\\\/nacional\\\/peruanos-protestan-contra-privatizacion-de-machupicchu\\\/\",\"name\":\"Peruanos protestan contra privatizaci\u00f3n de Machupicchu - Pulso27\",\"isPartOf\":{\"@id\":\"https:\\\/\\\/pulso27.com\\\/en\\\/#website\"},\"primaryImageOfPage\":{\"@id\":\"https:\\\/\\\/pulso27.com\\\/nacional\\\/peruanos-protestan-contra-privatizacion-de-machupicchu\\\/#primaryimage\"},\"image\":{\"@id\":\"https:\\\/\\\/pulso27.com\\\/nacional\\\/peruanos-protestan-contra-privatizacion-de-machupicchu\\\/#primaryimage\"},\"thumbnailUrl\":\"https:\\\/\\\/pulso27.com\\\/wp-content\\\/uploads\\\/2024\\\/01\\\/jfksl.jpg\",\"datePublished\":\"2024-01-25T12:41:40+00:00\",\"breadcrumb\":{\"@id\":\"https:\\\/\\\/pulso27.com\\\/nacional\\\/peruanos-protestan-contra-privatizacion-de-machupicchu\\\/#breadcrumb\"},\"inLanguage\":\"es-PE\",\"potentialAction\":[{\"@type\":\"ReadAction\",\"target\":[\"https:\\\/\\\/pulso27.com\\\/nacional\\\/peruanos-protestan-contra-privatizacion-de-machupicchu\\\/\"]}]},{\"@type\":\"ImageObject\",\"inLanguage\":\"es-PE\",\"@id\":\"https:\\\/\\\/pulso27.com\\\/nacional\\\/peruanos-protestan-contra-privatizacion-de-machupicchu\\\/#primaryimage\",\"url\":\"https:\\\/\\\/pulso27.com\\\/wp-content\\\/uploads\\\/2024\\\/01\\\/jfksl.jpg\",\"contentUrl\":\"https:\\\/\\\/pulso27.com\\\/wp-content\\\/uploads\\\/2024\\\/01\\\/jfksl.jpg\",\"width\":1200,\"height\":900},{\"@type\":\"BreadcrumbList\",\"@id\":\"https:\\\/\\\/pulso27.com\\\/nacional\\\/peruanos-protestan-contra-privatizacion-de-machupicchu\\\/#breadcrumb\",\"itemListElement\":[{\"@type\":\"ListItem\",\"position\":1,\"name\":\"Portada\",\"item\":\"https:\\\/\\\/pulso27.com\\\/\"},{\"@type\":\"ListItem\",\"position\":2,\"name\":\"Peruanos protestan contra privatizaci\u00f3n de Machupicchu\"}]},{\"@type\":\"WebSite\",\"@id\":\"https:\\\/\\\/pulso27.com\\\/en\\\/#website\",\"url\":\"https:\\\/\\\/pulso27.com\\\/en\\\/\",\"name\":\"Pulso27\",\"description\":\"Web de noticias y publicidad\",\"publisher\":{\"@id\":\"https:\\\/\\\/pulso27.com\\\/en\\\/#organization\"},\"alternateName\":\"El pulso del pueblo\",\"potentialAction\":[{\"@type\":\"SearchAction\",\"target\":{\"@type\":\"EntryPoint\",\"urlTemplate\":\"https:\\\/\\\/pulso27.com\\\/en\\\/?s={search_term_string}\"},\"query-input\":{\"@type\":\"PropertyValueSpecification\",\"valueRequired\":true,\"valueName\":\"search_term_string\"}}],\"inLanguage\":\"es-PE\"},{\"@type\":\"Organization\",\"@id\":\"https:\\\/\\\/pulso27.com\\\/en\\\/#organization\",\"name\":\"Pulso27\",\"url\":\"https:\\\/\\\/pulso27.com\\\/en\\\/\",\"logo\":{\"@type\":\"ImageObject\",\"inLanguage\":\"es-PE\",\"@id\":\"https:\\\/\\\/pulso27.com\\\/en\\\/#\\\/schema\\\/logo\\\/image\\\/\",\"url\":\"https:\\\/\\\/pulso27.com\\\/wp-content\\\/uploads\\\/2026\\\/02\\\/Logotipo-de-la-organizacion-696-x-696-px-ok.png\",\"contentUrl\":\"https:\\\/\\\/pulso27.com\\\/wp-content\\\/uploads\\\/2026\\\/02\\\/Logotipo-de-la-organizacion-696-x-696-px-ok.png\",\"width\":696,\"height\":696,\"caption\":\"Pulso27\"},\"image\":{\"@id\":\"https:\\\/\\\/pulso27.com\\\/en\\\/#\\\/schema\\\/logo\\\/image\\\/\"},\"sameAs\":[\"https:\\\/\\\/www.facebook.com\\\/pulso27\\\/\",\"https:\\\/\\\/x.com\\\/Pulso_27\",\"https:\\\/\\\/www.youtube.com\\\/@Pulso27\",\"https:\\\/\\\/www.tiktok.com\\\/@pulso_27\"]},{\"@type\":\"Person\",\"@id\":\"https:\\\/\\\/pulso27.com\\\/en\\\/#\\\/schema\\\/person\\\/d20fd7f5bc7f2e53fd150d43fca07a78\",\"name\":\"Tupaq\",\"image\":{\"@type\":\"ImageObject\",\"inLanguage\":\"es-PE\",\"@id\":\"https:\\\/\\\/secure.gravatar.com\\\/avatar\\\/7929e9b034aeea560319a601e4f04c59eb5f45a79eafe192adabb67e9604e7e7?s=96&d=mm&r=g\",\"url\":\"https:\\\/\\\/secure.gravatar.com\\\/avatar\\\/7929e9b034aeea560319a601e4f04c59eb5f45a79eafe192adabb67e9604e7e7?s=96&d=mm&r=g\",\"contentUrl\":\"https:\\\/\\\/secure.gravatar.com\\\/avatar\\\/7929e9b034aeea560319a601e4f04c59eb5f45a79eafe192adabb67e9604e7e7?s=96&d=mm&r=g\",\"caption\":\"Tupaq\"},\"url\":\"https:\\\/\\\/pulso27.com\\\/es\\\/author\\\/tupaq\\\/\"}]}<\/script>\n<!-- \/ Yoast SEO plugin. -->","yoast_head_json":{"title":"Peruanos protestan contra privatizaci\u00f3n de Machupicchu - Pulso27","robots":{"index":"index","follow":"follow","max-snippet":"max-snippet:-1","max-image-preview":"max-image-preview:large","max-video-preview":"max-video-preview:-1"},"canonical":"https:\/\/pulso27.com\/es\/nacional\/peruanos-protestan-contra-privatizacion-de-machupicchu\/","og_locale":"es_ES","og_type":"article","og_title":"Peruanos protestan contra privatizaci\u00f3n de Machupicchu - Pulso27","og_description":"Se agudizan las protestas y el descontento en torno al inicio de la venta de boletos electr\u00f3nicos a la ciudad inca de Machu Picchu a trav\u00e9s de la plataforma de la empresa Joinnus, a la que califican de irregular e improvisada. En la ciudad de Cusco, las manifestaciones tampoco se hicieron esperar. En las \u00faltimas [&hellip;]","og_url":"https:\/\/pulso27.com\/es\/nacional\/peruanos-protestan-contra-privatizacion-de-machupicchu\/","og_site_name":"Pulso27","article_publisher":"https:\/\/www.facebook.com\/pulso27\/","article_published_time":"2024-01-25T12:41:40+00:00","og_image":[{"width":1200,"height":900,"url":"https:\/\/pulso27.com\/wp-content\/uploads\/2024\/01\/jfksl.jpg","type":"image\/jpeg"}],"author":"Tupaq","twitter_card":"summary_large_image","twitter_creator":"@Pulso_27","twitter_site":"@Pulso_27","twitter_misc":{"Written by":"Tupaq","Est. reading time":"2 minutos"},"schema":{"@context":"https:\/\/schema.org","@graph":[{"@type":"Article","@id":"https:\/\/pulso27.com\/nacional\/peruanos-protestan-contra-privatizacion-de-machupicchu\/#article","isPartOf":{"@id":"https:\/\/pulso27.com\/nacional\/peruanos-protestan-contra-privatizacion-de-machupicchu\/"},"author":{"name":"Tupaq","@id":"https:\/\/pulso27.com\/en\/#\/schema\/person\/d20fd7f5bc7f2e53fd150d43fca07a78"},"headline":"Peruanos protestan contra privatizaci\u00f3n de Machupicchu","datePublished":"2024-01-25T12:41:40+00:00","mainEntityOfPage":{"@id":"https:\/\/pulso27.com\/nacional\/peruanos-protestan-contra-privatizacion-de-machupicchu\/"},"wordCount":328,"commentCount":0,"publisher":{"@id":"https:\/\/pulso27.com\/en\/#organization"},"image":{"@id":"https:\/\/pulso27.com\/nacional\/peruanos-protestan-contra-privatizacion-de-machupicchu\/#primaryimage"},"thumbnailUrl":"https:\/\/pulso27.com\/wp-content\/uploads\/2024\/01\/jfksl.jpg","keywords":["Cusco","Machupicchu","Turismo"],"articleSection":["Actualidad","Cultura","Nacional"],"inLanguage":"es-PE","potentialAction":[{"@type":"CommentAction","name":"Comment","target":["https:\/\/pulso27.com\/nacional\/peruanos-protestan-contra-privatizacion-de-machupicchu\/#respond"]}]},{"@type":"WebPage","@id":"https:\/\/pulso27.com\/nacional\/peruanos-protestan-contra-privatizacion-de-machupicchu\/","url":"https:\/\/pulso27.com\/nacional\/peruanos-protestan-contra-privatizacion-de-machupicchu\/","name":"Peruanos protestan contra privatizaci\u00f3n de Machupicchu - Pulso27","isPartOf":{"@id":"https:\/\/pulso27.com\/en\/#website"},"primaryImageOfPage":{"@id":"https:\/\/pulso27.com\/nacional\/peruanos-protestan-contra-privatizacion-de-machupicchu\/#primaryimage"},"image":{"@id":"https:\/\/pulso27.com\/nacional\/peruanos-protestan-contra-privatizacion-de-machupicchu\/#primaryimage"},"thumbnailUrl":"https:\/\/pulso27.com\/wp-content\/uploads\/2024\/01\/jfksl.jpg","datePublished":"2024-01-25T12:41:40+00:00","breadcrumb":{"@id":"https:\/\/pulso27.com\/nacional\/peruanos-protestan-contra-privatizacion-de-machupicchu\/#breadcrumb"},"inLanguage":"es-PE","potentialAction":[{"@type":"ReadAction","target":["https:\/\/pulso27.com\/nacional\/peruanos-protestan-contra-privatizacion-de-machupicchu\/"]}]},{"@type":"ImageObject","inLanguage":"es-PE","@id":"https:\/\/pulso27.com\/nacional\/peruanos-protestan-contra-privatizacion-de-machupicchu\/#primaryimage","url":"https:\/\/pulso27.com\/wp-content\/uploads\/2024\/01\/jfksl.jpg","contentUrl":"https:\/\/pulso27.com\/wp-content\/uploads\/2024\/01\/jfksl.jpg","width":1200,"height":900},{"@type":"BreadcrumbList","@id":"https:\/\/pulso27.com\/nacional\/peruanos-protestan-contra-privatizacion-de-machupicchu\/#breadcrumb","itemListElement":[{"@type":"ListItem","position":1,"name":"Portada","item":"https:\/\/pulso27.com\/"},{"@type":"ListItem","position":2,"name":"Peruanos protestan contra privatizaci\u00f3n de Machupicchu"}]},{"@type":"WebSite","@id":"https:\/\/pulso27.com\/en\/#website","url":"https:\/\/pulso27.com\/en\/","name":"Pulso27","description":"Web de noticias y publicidad","publisher":{"@id":"https:\/\/pulso27.com\/en\/#organization"},"alternateName":"El pulso del pueblo","potentialAction":[{"@type":"SearchAction","target":{"@type":"EntryPoint","urlTemplate":"https:\/\/pulso27.com\/en\/?s={search_term_string}"},"query-input":{"@type":"PropertyValueSpecification","valueRequired":true,"valueName":"search_term_string"}}],"inLanguage":"es-PE"},{"@type":"Organization","@id":"https:\/\/pulso27.com\/en\/#organization","name":"Pulso27","url":"https:\/\/pulso27.com\/en\/","logo":{"@type":"ImageObject","inLanguage":"es-PE","@id":"https:\/\/pulso27.com\/en\/#\/schema\/logo\/image\/","url":"https:\/\/pulso27.com\/wp-content\/uploads\/2026\/02\/Logotipo-de-la-organizacion-696-x-696-px-ok.png","contentUrl":"https:\/\/pulso27.com\/wp-content\/uploads\/2026\/02\/Logotipo-de-la-organizacion-696-x-696-px-ok.png","width":696,"height":696,"caption":"Pulso27"},"image":{"@id":"https:\/\/pulso27.com\/en\/#\/schema\/logo\/image\/"},"sameAs":["https:\/\/www.facebook.com\/pulso27\/","https:\/\/x.com\/Pulso_27","https:\/\/www.youtube.com\/@Pulso27","https:\/\/www.tiktok.com\/@pulso_27"]},{"@type":"Person","@id":"https:\/\/pulso27.com\/en\/#\/schema\/person\/d20fd7f5bc7f2e53fd150d43fca07a78","name":"Tupaq","image":{"@type":"ImageObject","inLanguage":"es-PE","@id":"https:\/\/secure.gravatar.com\/avatar\/7929e9b034aeea560319a601e4f04c59eb5f45a79eafe192adabb67e9604e7e7?s=96&d=mm&r=g","url":"https:\/\/secure.gravatar.com\/avatar\/7929e9b034aeea560319a601e4f04c59eb5f45a79eafe192adabb67e9604e7e7?s=96&d=mm&r=g","contentUrl":"https:\/\/secure.gravatar.com\/avatar\/7929e9b034aeea560319a601e4f04c59eb5f45a79eafe192adabb67e9604e7e7?s=96&d=mm&r=g","caption":"Tupaq"},"url":"https:\/\/pulso27.com\/es\/author\/tupaq\/"}]}},"amp_enabled":true,"_links":{"self":[{"href":"https:\/\/pulso27.com\/es\/wp-json\/wp\/v2\/posts\/1218","targetHints":{"allow":["GET"]}}],"collection":[{"href":"https:\/\/pulso27.com\/es\/wp-json\/wp\/v2\/posts"}],"about":[{"href":"https:\/\/pulso27.com\/es\/wp-json\/wp\/v2\/types\/post"}],"author":[{"embeddable":true,"href":"https:\/\/pulso27.com\/es\/wp-json\/wp\/v2\/users\/7"}],"replies":[{"embeddable":true,"href":"https:\/\/pulso27.com\/es\/wp-json\/wp\/v2\/comments?post=1218"}],"version-history":[{"count":1,"href":"https:\/\/pulso27.com\/es\/wp-json\/wp\/v2\/posts\/1218\/revisions"}],"predecessor-version":[{"id":1221,"href":"https:\/\/pulso27.com\/es\/wp-json\/wp\/v2\/posts\/1218\/revisions\/1221"}],"wp:featuredmedia":[{"embeddable":true,"href":"https:\/\/pulso27.com\/es\/wp-json\/wp\/v2\/media\/1219"}],"wp:attachment":[{"href":"https:\/\/pulso27.com\/es\/wp-json\/wp\/v2\/media?parent=1218"}],"wp:term":[{"taxonomy":"category","embeddable":true,"href":"https:\/\/pulso27.com\/es\/wp-json\/wp\/v2\/categories?post=1218"},{"taxonomy":"post_tag","embeddable":true,"href":"https:\/\/pulso27.com\/es\/wp-json\/wp\/v2\/tags?post=1218"}],"curies":[{"name":"wp","href":"https:\/\/api.w.org\/{rel}","templated":true}]}}