{"id":1222,"date":"2024-01-25T18:12:05","date_gmt":"2024-01-25T13:12:05","guid":{"rendered":"https:\/\/pulso27.com\/es\/?p=1222"},"modified":"2024-01-25T18:12:06","modified_gmt":"2024-01-25T13:12:06","slug":"huelga-nacional-contra-reforma-laboral-de-milei-en-argentina","status":"publish","type":"post","link":"https:\/\/pulso27.com\/es\/internacional\/huelga-nacional-contra-reforma-laboral-de-milei-en-argentina\/","title":{"rendered":"Huelga nacional contra reforma laboral de Milei en Argentina"},"content":{"rendered":"\n<p>Los sindicatos de Argentina hicieron este mi\u00e9rcoles una primera demostraci\u00f3n de fuerza contra el ajuste econ\u00f3mico y las reformas que impulsa el gobierno de Javier Milei, con una huelga general y protestas que congregaron a decenas de miles de personas en todo el pa\u00eds.<\/p>\n\n\n\n<p>Sindicatos de aceiteros, periodistas, trabajadores de la cultura, de hospitales, de la ciencia, as\u00ed como miembros de organizaciones barriales, de derechos humanos y de otros sectores participaron de la manifestaci\u00f3n en Buenos Aires portando carteles como \u201cla patria no se vende\u201d, \u201cNo al apag\u00f3n cultural\u201d y \u201cCiencia o terraplanismo\u201d.<\/p>\n\n\n\n<p>\u201cVine solo para solidarizarme con los trabajadores y por los jubilados porque nos quieren avasallar nuestros derechos, tenemos que frenarlos\u201d, dijo a la AFP Andr\u00e9s Divisio, un jubilado de 71 a\u00f1os que caminaba con una pancarta que dec\u00eda \u201cSomos la casta que tiene caspa. Milei estafador\u201d.<\/p>\n\n\n\n<p>Durante el acto central de la protesta frente el Congreso nacional, el sindicalista Pablo Moyano lanz\u00f3 una dura advertencia contra el ministro de Econom\u00eda, Luis Caputo: \u201cSi sigue con estas medidas, los trabajadores lo van a llevar en andas al ministro, pero para tirarlo al Riachuelo\u201d, el r\u00edo que marca el l\u00edmite sur de Buenos Aires.<\/p>\n\n\n\n<p>Moyano hac\u00eda as\u00ed alusi\u00f3n a un comentario de Milei, quien lleva s\u00f3lo 45 d\u00edas en el gobierno y hab\u00eda dicho que, si la inflaci\u00f3n en enero resultaba menor al 30%, hab\u00eda que \u201csacar a pasear en andas\u201d a Caputo. Este, de su lado, escribi\u00f3 en la red social X que esperaba que \u201cla justicia tome cartas en el asunto\u201d por el comentario del sindicalista.<\/p>\n\n\n\n<figure class=\"wp-block-image size-large\"><img loading=\"lazy\" decoding=\"async\" width=\"1024\" height=\"448\" src=\"https:\/\/pulso27.com\/wp-content\/uploads\/2024\/01\/arg-1024x448.jpg\" alt=\"\" class=\"wp-image-1224\" srcset=\"https:\/\/pulso27.com\/wp-content\/uploads\/2024\/01\/arg-1024x448.jpg 1024w, https:\/\/pulso27.com\/wp-content\/uploads\/2024\/01\/arg-300x131.jpg 300w, https:\/\/pulso27.com\/wp-content\/uploads\/2024\/01\/arg-768x336.jpg 768w, https:\/\/pulso27.com\/wp-content\/uploads\/2024\/01\/arg-1536x672.jpg 1536w, https:\/\/pulso27.com\/wp-content\/uploads\/2024\/01\/arg.jpg 1600w\" sizes=\"auto, (max-width: 1024px) 100vw, 1024px\" \/><\/figure>\n\n\n\n<p>La protesta fue convocada por la mayor central sindical de Argentina, la Confederaci\u00f3n General del Trabajo (CGT), de orientaci\u00f3n peronista, en rechazo en particular a los cambios por decreto del r\u00e9gimen laboral que impulsa Milei, que limitan el derecho de huelga y afectan la financiaci\u00f3n de los gremios.<\/p>\n\n\n\n<p>Milei asumi\u00f3 el gobierno y se puso como objetivo frenar la inflaci\u00f3n rampante en base a dos grandes proyectos: un Decreto de Necesidad y Urgencia (DNU), que espera confirmaci\u00f3n parlamentaria o judicial, y una llamada \u201cley \u00f3mnibus\u201d.<\/p>\n\n\n\n<p>Ambos paquetes, juntos, suman m\u00e1s de mil medidas que buscan revolucionar el sistema econ\u00f3mico argentino llevando la idea del libre mercado a pr\u00e1cticamente todos los \u00e1mbitos. Entre otros cambios, derogan las regulaciones a los alquileres, favorecen privatizaciones y desfinancian fuertemente la cultura y la ciencia.<\/p>\n\n\n\n<p>\u201cLes pedimos a los diputados que tengan dignidad y principios, que no traicionen a los trabajadores y a la doctrina del peronismo que es defender a los que menos tienen\u201d, dijo el segundo orador, H\u00e9ctor Daer, de la CGT.<\/p>\n\n\n\n<p>Ambos paquetes, juntos, suman m\u00e1s de mil medidas que buscan revolucionar el sistema econ\u00f3mico argentino llevando la idea del libre mercado a pr\u00e1cticamente todos los \u00e1mbitos. Entre otros cambios, derogan las regulaciones a los alquileres, favorecen privatizaciones y desfinancian fuertemente la cultura y la ciencia.<\/p>\n\n\n\n<p>Fuente: Per\u00fa21<\/p>\n\n\n\n<p><\/p>\n","protected":false},"excerpt":{"rendered":"<p>Los sindicatos de Argentina hicieron este mi\u00e9rcoles una primera demostraci\u00f3n de fuerza contra el ajuste econ\u00f3mico y las reformas que impulsa el gobierno de Javier Milei, con una huelga general y protestas que congregaron a decenas de miles de personas en todo el pa\u00eds. Sindicatos de aceiteros, periodistas, trabajadores de la cultura, de hospitales, de [&hellip;]<\/p>\n","protected":false},"author":7,"featured_media":1223,"comment_status":"open","ping_status":"open","sticky":false,"template":"","format":"standard","meta":{"footnotes":""},"categories":[183,173],"tags":[397,576,395],"class_list":["post-1222","post","type-post","status-publish","format-standard","has-post-thumbnail","hentry","category-actualidad","category-internacional","tag-argentina","tag-huelga-nacional","tag-milei"],"yoast_head":"<!-- This site is optimized with the Yoast SEO plugin v27.4 - https:\/\/yoast.com\/product\/yoast-seo-wordpress\/ -->\n<title>Huelga nacional contra reforma laboral de Milei en Argentina - Pulso27<\/title>\n<meta name=\"robots\" content=\"index, follow, max-snippet:-1, max-image-preview:large, max-video-preview:-1\" \/>\n<link rel=\"canonical\" href=\"https:\/\/pulso27.com\/es\/internacional\/huelga-nacional-contra-reforma-laboral-de-milei-en-argentina\/\" \/>\n<meta property=\"og:locale\" content=\"es_ES\" \/>\n<meta property=\"og:type\" content=\"article\" \/>\n<meta property=\"og:title\" content=\"Huelga nacional contra reforma laboral de Milei en Argentina - Pulso27\" \/>\n<meta property=\"og:description\" content=\"Los sindicatos de Argentina hicieron este mi\u00e9rcoles una primera demostraci\u00f3n de fuerza contra el ajuste econ\u00f3mico y las reformas que impulsa el gobierno de Javier Milei, con una huelga general y protestas que congregaron a decenas de miles de personas en todo el pa\u00eds. Sindicatos de aceiteros, periodistas, trabajadores de la cultura, de hospitales, de [&hellip;]\" \/>\n<meta property=\"og:url\" content=\"https:\/\/pulso27.com\/es\/internacional\/huelga-nacional-contra-reforma-laboral-de-milei-en-argentina\/\" \/>\n<meta property=\"og:site_name\" content=\"Pulso27\" \/>\n<meta property=\"article:publisher\" content=\"https:\/\/www.facebook.com\/pulso27\/\" \/>\n<meta property=\"article:published_time\" content=\"2024-01-25T13:12:05+00:00\" \/>\n<meta property=\"article:modified_time\" content=\"2024-01-25T13:12:06+00:00\" \/>\n<meta property=\"og:image\" content=\"https:\/\/pulso27.com\/wp-content\/uploads\/2024\/01\/argent.jpg\" \/>\n\t<meta property=\"og:image:width\" content=\"2480\" \/>\n\t<meta property=\"og:image:height\" content=\"1650\" \/>\n\t<meta property=\"og:image:type\" content=\"image\/jpeg\" \/>\n<meta name=\"author\" content=\"Tupaq\" \/>\n<meta name=\"twitter:card\" content=\"summary_large_image\" \/>\n<meta name=\"twitter:creator\" content=\"@Pulso_27\" \/>\n<meta name=\"twitter:site\" content=\"@Pulso_27\" \/>\n<meta name=\"twitter:label1\" content=\"Written by\" \/>\n\t<meta name=\"twitter:data1\" content=\"Tupaq\" \/>\n\t<meta name=\"twitter:label2\" content=\"Est. reading time\" \/>\n\t<meta name=\"twitter:data2\" content=\"3 minutos\" \/>\n<script type=\"application\/ld+json\" class=\"yoast-schema-graph\">{\"@context\":\"https:\\\/\\\/schema.org\",\"@graph\":[{\"@type\":\"Article\",\"@id\":\"https:\\\/\\\/pulso27.com\\\/internacional\\\/huelga-nacional-contra-reforma-laboral-de-milei-en-argentina\\\/#article\",\"isPartOf\":{\"@id\":\"https:\\\/\\\/pulso27.com\\\/internacional\\\/huelga-nacional-contra-reforma-laboral-de-milei-en-argentina\\\/\"},\"author\":{\"name\":\"Tupaq\",\"@id\":\"https:\\\/\\\/pulso27.com\\\/en\\\/#\\\/schema\\\/person\\\/d20fd7f5bc7f2e53fd150d43fca07a78\"},\"headline\":\"Huelga nacional contra reforma laboral de Milei en Argentina\",\"datePublished\":\"2024-01-25T13:12:05+00:00\",\"dateModified\":\"2024-01-25T13:12:06+00:00\",\"mainEntityOfPage\":{\"@id\":\"https:\\\/\\\/pulso27.com\\\/internacional\\\/huelga-nacional-contra-reforma-laboral-de-milei-en-argentina\\\/\"},\"wordCount\":513,\"commentCount\":0,\"publisher\":{\"@id\":\"https:\\\/\\\/pulso27.com\\\/en\\\/#organization\"},\"image\":{\"@id\":\"https:\\\/\\\/pulso27.com\\\/internacional\\\/huelga-nacional-contra-reforma-laboral-de-milei-en-argentina\\\/#primaryimage\"},\"thumbnailUrl\":\"https:\\\/\\\/pulso27.com\\\/wp-content\\\/uploads\\\/2024\\\/01\\\/argent.jpg\",\"keywords\":[\"Argentina\",\"Huelga Nacional\",\"Milei\"],\"articleSection\":[\"Actualidad\",\"Internacional\"],\"inLanguage\":\"es-PE\",\"potentialAction\":[{\"@type\":\"CommentAction\",\"name\":\"Comment\",\"target\":[\"https:\\\/\\\/pulso27.com\\\/internacional\\\/huelga-nacional-contra-reforma-laboral-de-milei-en-argentina\\\/#respond\"]}]},{\"@type\":\"WebPage\",\"@id\":\"https:\\\/\\\/pulso27.com\\\/internacional\\\/huelga-nacional-contra-reforma-laboral-de-milei-en-argentina\\\/\",\"url\":\"https:\\\/\\\/pulso27.com\\\/internacional\\\/huelga-nacional-contra-reforma-laboral-de-milei-en-argentina\\\/\",\"name\":\"Huelga nacional contra reforma laboral de Milei en Argentina - Pulso27\",\"isPartOf\":{\"@id\":\"https:\\\/\\\/pulso27.com\\\/en\\\/#website\"},\"primaryImageOfPage\":{\"@id\":\"https:\\\/\\\/pulso27.com\\\/internacional\\\/huelga-nacional-contra-reforma-laboral-de-milei-en-argentina\\\/#primaryimage\"},\"image\":{\"@id\":\"https:\\\/\\\/pulso27.com\\\/internacional\\\/huelga-nacional-contra-reforma-laboral-de-milei-en-argentina\\\/#primaryimage\"},\"thumbnailUrl\":\"https:\\\/\\\/pulso27.com\\\/wp-content\\\/uploads\\\/2024\\\/01\\\/argent.jpg\",\"datePublished\":\"2024-01-25T13:12:05+00:00\",\"dateModified\":\"2024-01-25T13:12:06+00:00\",\"breadcrumb\":{\"@id\":\"https:\\\/\\\/pulso27.com\\\/internacional\\\/huelga-nacional-contra-reforma-laboral-de-milei-en-argentina\\\/#breadcrumb\"},\"inLanguage\":\"es-PE\",\"potentialAction\":[{\"@type\":\"ReadAction\",\"target\":[\"https:\\\/\\\/pulso27.com\\\/internacional\\\/huelga-nacional-contra-reforma-laboral-de-milei-en-argentina\\\/\"]}]},{\"@type\":\"ImageObject\",\"inLanguage\":\"es-PE\",\"@id\":\"https:\\\/\\\/pulso27.com\\\/internacional\\\/huelga-nacional-contra-reforma-laboral-de-milei-en-argentina\\\/#primaryimage\",\"url\":\"https:\\\/\\\/pulso27.com\\\/wp-content\\\/uploads\\\/2024\\\/01\\\/argent.jpg\",\"contentUrl\":\"https:\\\/\\\/pulso27.com\\\/wp-content\\\/uploads\\\/2024\\\/01\\\/argent.jpg\",\"width\":2480,\"height\":1650},{\"@type\":\"BreadcrumbList\",\"@id\":\"https:\\\/\\\/pulso27.com\\\/internacional\\\/huelga-nacional-contra-reforma-laboral-de-milei-en-argentina\\\/#breadcrumb\",\"itemListElement\":[{\"@type\":\"ListItem\",\"position\":1,\"name\":\"Portada\",\"item\":\"https:\\\/\\\/pulso27.com\\\/\"},{\"@type\":\"ListItem\",\"position\":2,\"name\":\"Huelga nacional contra reforma laboral de Milei en Argentina\"}]},{\"@type\":\"WebSite\",\"@id\":\"https:\\\/\\\/pulso27.com\\\/en\\\/#website\",\"url\":\"https:\\\/\\\/pulso27.com\\\/en\\\/\",\"name\":\"Pulso27\",\"description\":\"Web de noticias y publicidad\",\"publisher\":{\"@id\":\"https:\\\/\\\/pulso27.com\\\/en\\\/#organization\"},\"alternateName\":\"El pulso del pueblo\",\"potentialAction\":[{\"@type\":\"SearchAction\",\"target\":{\"@type\":\"EntryPoint\",\"urlTemplate\":\"https:\\\/\\\/pulso27.com\\\/en\\\/?s={search_term_string}\"},\"query-input\":{\"@type\":\"PropertyValueSpecification\",\"valueRequired\":true,\"valueName\":\"search_term_string\"}}],\"inLanguage\":\"es-PE\"},{\"@type\":\"Organization\",\"@id\":\"https:\\\/\\\/pulso27.com\\\/en\\\/#organization\",\"name\":\"Pulso27\",\"url\":\"https:\\\/\\\/pulso27.com\\\/en\\\/\",\"logo\":{\"@type\":\"ImageObject\",\"inLanguage\":\"es-PE\",\"@id\":\"https:\\\/\\\/pulso27.com\\\/en\\\/#\\\/schema\\\/logo\\\/image\\\/\",\"url\":\"https:\\\/\\\/pulso27.com\\\/wp-content\\\/uploads\\\/2026\\\/02\\\/Logotipo-de-la-organizacion-696-x-696-px-ok.png\",\"contentUrl\":\"https:\\\/\\\/pulso27.com\\\/wp-content\\\/uploads\\\/2026\\\/02\\\/Logotipo-de-la-organizacion-696-x-696-px-ok.png\",\"width\":696,\"height\":696,\"caption\":\"Pulso27\"},\"image\":{\"@id\":\"https:\\\/\\\/pulso27.com\\\/en\\\/#\\\/schema\\\/logo\\\/image\\\/\"},\"sameAs\":[\"https:\\\/\\\/www.facebook.com\\\/pulso27\\\/\",\"https:\\\/\\\/x.com\\\/Pulso_27\",\"https:\\\/\\\/www.youtube.com\\\/@Pulso27\",\"https:\\\/\\\/www.tiktok.com\\\/@pulso_27\"]},{\"@type\":\"Person\",\"@id\":\"https:\\\/\\\/pulso27.com\\\/en\\\/#\\\/schema\\\/person\\\/d20fd7f5bc7f2e53fd150d43fca07a78\",\"name\":\"Tupaq\",\"image\":{\"@type\":\"ImageObject\",\"inLanguage\":\"es-PE\",\"@id\":\"https:\\\/\\\/secure.gravatar.com\\\/avatar\\\/7929e9b034aeea560319a601e4f04c59eb5f45a79eafe192adabb67e9604e7e7?s=96&d=mm&r=g\",\"url\":\"https:\\\/\\\/secure.gravatar.com\\\/avatar\\\/7929e9b034aeea560319a601e4f04c59eb5f45a79eafe192adabb67e9604e7e7?s=96&d=mm&r=g\",\"contentUrl\":\"https:\\\/\\\/secure.gravatar.com\\\/avatar\\\/7929e9b034aeea560319a601e4f04c59eb5f45a79eafe192adabb67e9604e7e7?s=96&d=mm&r=g\",\"caption\":\"Tupaq\"},\"url\":\"https:\\\/\\\/pulso27.com\\\/es\\\/author\\\/tupaq\\\/\"}]}<\/script>\n<!-- \/ Yoast SEO plugin. -->","yoast_head_json":{"title":"Huelga nacional contra reforma laboral de Milei en Argentina - Pulso27","robots":{"index":"index","follow":"follow","max-snippet":"max-snippet:-1","max-image-preview":"max-image-preview:large","max-video-preview":"max-video-preview:-1"},"canonical":"https:\/\/pulso27.com\/es\/internacional\/huelga-nacional-contra-reforma-laboral-de-milei-en-argentina\/","og_locale":"es_ES","og_type":"article","og_title":"Huelga nacional contra reforma laboral de Milei en Argentina - Pulso27","og_description":"Los sindicatos de Argentina hicieron este mi\u00e9rcoles una primera demostraci\u00f3n de fuerza contra el ajuste econ\u00f3mico y las reformas que impulsa el gobierno de Javier Milei, con una huelga general y protestas que congregaron a decenas de miles de personas en todo el pa\u00eds. Sindicatos de aceiteros, periodistas, trabajadores de la cultura, de hospitales, de [&hellip;]","og_url":"https:\/\/pulso27.com\/es\/internacional\/huelga-nacional-contra-reforma-laboral-de-milei-en-argentina\/","og_site_name":"Pulso27","article_publisher":"https:\/\/www.facebook.com\/pulso27\/","article_published_time":"2024-01-25T13:12:05+00:00","article_modified_time":"2024-01-25T13:12:06+00:00","og_image":[{"width":2480,"height":1650,"url":"https:\/\/pulso27.com\/wp-content\/uploads\/2024\/01\/argent.jpg","type":"image\/jpeg"}],"author":"Tupaq","twitter_card":"summary_large_image","twitter_creator":"@Pulso_27","twitter_site":"@Pulso_27","twitter_misc":{"Written by":"Tupaq","Est. reading time":"3 minutos"},"schema":{"@context":"https:\/\/schema.org","@graph":[{"@type":"Article","@id":"https:\/\/pulso27.com\/internacional\/huelga-nacional-contra-reforma-laboral-de-milei-en-argentina\/#article","isPartOf":{"@id":"https:\/\/pulso27.com\/internacional\/huelga-nacional-contra-reforma-laboral-de-milei-en-argentina\/"},"author":{"name":"Tupaq","@id":"https:\/\/pulso27.com\/en\/#\/schema\/person\/d20fd7f5bc7f2e53fd150d43fca07a78"},"headline":"Huelga nacional contra reforma laboral de Milei en Argentina","datePublished":"2024-01-25T13:12:05+00:00","dateModified":"2024-01-25T13:12:06+00:00","mainEntityOfPage":{"@id":"https:\/\/pulso27.com\/internacional\/huelga-nacional-contra-reforma-laboral-de-milei-en-argentina\/"},"wordCount":513,"commentCount":0,"publisher":{"@id":"https:\/\/pulso27.com\/en\/#organization"},"image":{"@id":"https:\/\/pulso27.com\/internacional\/huelga-nacional-contra-reforma-laboral-de-milei-en-argentina\/#primaryimage"},"thumbnailUrl":"https:\/\/pulso27.com\/wp-content\/uploads\/2024\/01\/argent.jpg","keywords":["Argentina","Huelga Nacional","Milei"],"articleSection":["Actualidad","Internacional"],"inLanguage":"es-PE","potentialAction":[{"@type":"CommentAction","name":"Comment","target":["https:\/\/pulso27.com\/internacional\/huelga-nacional-contra-reforma-laboral-de-milei-en-argentina\/#respond"]}]},{"@type":"WebPage","@id":"https:\/\/pulso27.com\/internacional\/huelga-nacional-contra-reforma-laboral-de-milei-en-argentina\/","url":"https:\/\/pulso27.com\/internacional\/huelga-nacional-contra-reforma-laboral-de-milei-en-argentina\/","name":"Huelga nacional contra reforma laboral de Milei en Argentina - Pulso27","isPartOf":{"@id":"https:\/\/pulso27.com\/en\/#website"},"primaryImageOfPage":{"@id":"https:\/\/pulso27.com\/internacional\/huelga-nacional-contra-reforma-laboral-de-milei-en-argentina\/#primaryimage"},"image":{"@id":"https:\/\/pulso27.com\/internacional\/huelga-nacional-contra-reforma-laboral-de-milei-en-argentina\/#primaryimage"},"thumbnailUrl":"https:\/\/pulso27.com\/wp-content\/uploads\/2024\/01\/argent.jpg","datePublished":"2024-01-25T13:12:05+00:00","dateModified":"2024-01-25T13:12:06+00:00","breadcrumb":{"@id":"https:\/\/pulso27.com\/internacional\/huelga-nacional-contra-reforma-laboral-de-milei-en-argentina\/#breadcrumb"},"inLanguage":"es-PE","potentialAction":[{"@type":"ReadAction","target":["https:\/\/pulso27.com\/internacional\/huelga-nacional-contra-reforma-laboral-de-milei-en-argentina\/"]}]},{"@type":"ImageObject","inLanguage":"es-PE","@id":"https:\/\/pulso27.com\/internacional\/huelga-nacional-contra-reforma-laboral-de-milei-en-argentina\/#primaryimage","url":"https:\/\/pulso27.com\/wp-content\/uploads\/2024\/01\/argent.jpg","contentUrl":"https:\/\/pulso27.com\/wp-content\/uploads\/2024\/01\/argent.jpg","width":2480,"height":1650},{"@type":"BreadcrumbList","@id":"https:\/\/pulso27.com\/internacional\/huelga-nacional-contra-reforma-laboral-de-milei-en-argentina\/#breadcrumb","itemListElement":[{"@type":"ListItem","position":1,"name":"Portada","item":"https:\/\/pulso27.com\/"},{"@type":"ListItem","position":2,"name":"Huelga nacional contra reforma laboral de Milei en Argentina"}]},{"@type":"WebSite","@id":"https:\/\/pulso27.com\/en\/#website","url":"https:\/\/pulso27.com\/en\/","name":"Pulso27","description":"Web de noticias y publicidad","publisher":{"@id":"https:\/\/pulso27.com\/en\/#organization"},"alternateName":"El pulso del pueblo","potentialAction":[{"@type":"SearchAction","target":{"@type":"EntryPoint","urlTemplate":"https:\/\/pulso27.com\/en\/?s={search_term_string}"},"query-input":{"@type":"PropertyValueSpecification","valueRequired":true,"valueName":"search_term_string"}}],"inLanguage":"es-PE"},{"@type":"Organization","@id":"https:\/\/pulso27.com\/en\/#organization","name":"Pulso27","url":"https:\/\/pulso27.com\/en\/","logo":{"@type":"ImageObject","inLanguage":"es-PE","@id":"https:\/\/pulso27.com\/en\/#\/schema\/logo\/image\/","url":"https:\/\/pulso27.com\/wp-content\/uploads\/2026\/02\/Logotipo-de-la-organizacion-696-x-696-px-ok.png","contentUrl":"https:\/\/pulso27.com\/wp-content\/uploads\/2026\/02\/Logotipo-de-la-organizacion-696-x-696-px-ok.png","width":696,"height":696,"caption":"Pulso27"},"image":{"@id":"https:\/\/pulso27.com\/en\/#\/schema\/logo\/image\/"},"sameAs":["https:\/\/www.facebook.com\/pulso27\/","https:\/\/x.com\/Pulso_27","https:\/\/www.youtube.com\/@Pulso27","https:\/\/www.tiktok.com\/@pulso_27"]},{"@type":"Person","@id":"https:\/\/pulso27.com\/en\/#\/schema\/person\/d20fd7f5bc7f2e53fd150d43fca07a78","name":"Tupaq","image":{"@type":"ImageObject","inLanguage":"es-PE","@id":"https:\/\/secure.gravatar.com\/avatar\/7929e9b034aeea560319a601e4f04c59eb5f45a79eafe192adabb67e9604e7e7?s=96&d=mm&r=g","url":"https:\/\/secure.gravatar.com\/avatar\/7929e9b034aeea560319a601e4f04c59eb5f45a79eafe192adabb67e9604e7e7?s=96&d=mm&r=g","contentUrl":"https:\/\/secure.gravatar.com\/avatar\/7929e9b034aeea560319a601e4f04c59eb5f45a79eafe192adabb67e9604e7e7?s=96&d=mm&r=g","caption":"Tupaq"},"url":"https:\/\/pulso27.com\/es\/author\/tupaq\/"}]}},"amp_enabled":true,"_links":{"self":[{"href":"https:\/\/pulso27.com\/es\/wp-json\/wp\/v2\/posts\/1222","targetHints":{"allow":["GET"]}}],"collection":[{"href":"https:\/\/pulso27.com\/es\/wp-json\/wp\/v2\/posts"}],"about":[{"href":"https:\/\/pulso27.com\/es\/wp-json\/wp\/v2\/types\/post"}],"author":[{"embeddable":true,"href":"https:\/\/pulso27.com\/es\/wp-json\/wp\/v2\/users\/7"}],"replies":[{"embeddable":true,"href":"https:\/\/pulso27.com\/es\/wp-json\/wp\/v2\/comments?post=1222"}],"version-history":[{"count":1,"href":"https:\/\/pulso27.com\/es\/wp-json\/wp\/v2\/posts\/1222\/revisions"}],"predecessor-version":[{"id":1225,"href":"https:\/\/pulso27.com\/es\/wp-json\/wp\/v2\/posts\/1222\/revisions\/1225"}],"wp:featuredmedia":[{"embeddable":true,"href":"https:\/\/pulso27.com\/es\/wp-json\/wp\/v2\/media\/1223"}],"wp:attachment":[{"href":"https:\/\/pulso27.com\/es\/wp-json\/wp\/v2\/media?parent=1222"}],"wp:term":[{"taxonomy":"category","embeddable":true,"href":"https:\/\/pulso27.com\/es\/wp-json\/wp\/v2\/categories?post=1222"},{"taxonomy":"post_tag","embeddable":true,"href":"https:\/\/pulso27.com\/es\/wp-json\/wp\/v2\/tags?post=1222"}],"curies":[{"name":"wp","href":"https:\/\/api.w.org\/{rel}","templated":true}]}}