{"id":1227,"date":"2024-01-30T21:49:10","date_gmt":"2024-01-30T16:49:10","guid":{"rendered":"https:\/\/pulso27.com\/es\/?p=1227"},"modified":"2024-04-07T07:54:03","modified_gmt":"2024-04-07T02:54:03","slug":"gobierno-de-peru-amenaza-con-encarcelar-a-quienes-protestan-contra-privatizacion-de-machu-picchu","status":"publish","type":"post","link":"https:\/\/pulso27.com\/es\/actualidad\/sociedad\/gobierno-de-peru-amenaza-con-encarcelar-a-quienes-protestan-contra-privatizacion-de-machu-picchu\/","title":{"rendered":"Gobierno de Per\u00fa amenaza con encarcelar a quienes protestan contra privatizaci\u00f3n de Machu Picchu"},"content":{"rendered":"\n<p>El gobierno de Dina Boluarte a trav\u00e9s del presidente del Consejo de Ministros Alberto Ot\u00e1rola, advirti\u00f3 a los manifestantes que bloquean por varios d\u00edas la \u00fanica v\u00eda ferroviaria de acceso a la tur\u00edstica ciudadela de Machu Picchu que se arriesgan a ser encarcelados y descart\u00f3 atender sus reclamos para que la venta de boletos a las ruinas arqueol\u00f3gicas vuelva a ser a trav\u00e9s de una plataforma virtual estatal.<\/p>\n\n\n\n<p>\u201cNo vamos a dar un paso atr\u00e1s en la necesidad de cambiar este modelo de corrupci\u00f3n que ha venido funcionando ilegalmente desde hace muchos a\u00f1os\u201d, dijo el primer ministro Alberto Ot\u00e1rola el lunes, sobre la f\u00f3rmula de distribuci\u00f3n de entradas a la joya tur\u00edstica peruana. Desde hace casi 10 d\u00edas, los boletos pasaron al sector privado.<\/p>\n\n\n\n<p>Record\u00f3, adem\u00e1s, a los manifestantes que seg\u00fan la ley podr\u00edan ser encarcelados entre 10 y 15 a\u00f1os por interrumpir las v\u00edas de acceso al patrimonio de la naci\u00f3n, ubicado en la regi\u00f3n Cusco, en el sureste del pa\u00eds.<\/p>\n\n\n\n<p>Ot\u00e1rola tambi\u00e9n rechaz\u00f3 otro pedido de los manifestantes, quienes exigen la renuncia de la ministra de Cultura, Leslie Urteaga, porque impuls\u00f3 la venta de entradas a Machu Picchu a trav\u00e9s de una plataforma digital perteneciente a uno de los grupos econ\u00f3micos locales m\u00e1s poderosos. El 20 de enero se dej\u00f3 de usar otra plataforma virtual estatal de venta de boletos que funcionaba hace m\u00e1s de 15 a\u00f1os.<\/p>\n\n\n\n<p>\u201cNosotros no vamos a perder el principio de autoridad, no vamos a tomar una decisi\u00f3n distinta a la asumida de manera eficiente por la ministra de Cultura, a quien le expresamos todo nuestro apoyo en esta gesti\u00f3n\u201d, a\u00f1adi\u00f3 Ot\u00e1rola.<\/p>\n\n\n\n<figure class=\"wp-block-image size-large\"><img loading=\"lazy\" decoding=\"async\" width=\"1024\" height=\"768\" src=\"https:\/\/pulso27.com\/wp-content\/uploads\/2024\/01\/Machu-Picchu-1024x768.jpg\" alt=\"\" class=\"wp-image-1229\" srcset=\"https:\/\/pulso27.com\/wp-content\/uploads\/2024\/01\/Machu-Picchu-1024x768.jpg 1024w, https:\/\/pulso27.com\/wp-content\/uploads\/2024\/01\/Machu-Picchu-300x225.jpg 300w, https:\/\/pulso27.com\/wp-content\/uploads\/2024\/01\/Machu-Picchu-768x576.jpg 768w, https:\/\/pulso27.com\/wp-content\/uploads\/2024\/01\/Machu-Picchu-1536x1152.jpg 1536w, https:\/\/pulso27.com\/wp-content\/uploads\/2024\/01\/Machu-Picchu.jpg 1800w\" sizes=\"auto, (max-width: 1024px) 100vw, 1024px\" \/><\/figure>\n\n\n\n<p>Mientras tanto, los ministros de Cultura. Ambiente y Comercio Exterior y Turismo llegaron a Cusco y eval\u00faan viajar v\u00eda a\u00e9rea a Machupicchu Pueblo. Los protestantes esperan la llegada de la comitiva para instalar la mesa de di\u00e1logo y buscar acuerdos ante el paro indefinido en rechazo a venta online a la ciudadela inca.<\/p>\n\n\n\n<p>De acuerdo con RPP Noticias, toda la v\u00eda f\u00e9rrea desde Ollantaytambo hasta Machu Picchu est\u00e1 liberada sin presencia de manifestantes que provoc\u00f3 la suspensi\u00f3n del servicios de trenes desde la semana pasada. De esta manera, se garantizar\u00e1 la llegada de los ministros de Estado hasta el distrito de Machupicchu Pueblo para participar de la mesa de di\u00e1logo.<\/p>\n\n\n\n<p>Vale se\u00f1alar que esta tregua en medio del paro indefinido no significa que turistas nacionales o internacionales puedan viajar a Machu Picchu. La finalidad es que los representantes del Gobierno (ministros de Estado) puedan trasladarse con toda su comitiva hacia el distrito.<\/p>\n\n\n\n<p>Los manifestantes exigen que se anule el contrato entre el Ministerio de Cultura y la empresa Joinnus que alquil\u00f3 su plataforma de ventas virtuales para la compra y venta de boletos de entrada a Machu Picchu.<\/p>\n\n\n\n<p>Fuente: Web de noticias y redes sociales<\/p>\n","protected":false},"excerpt":{"rendered":"<p>El gobierno de Dina Boluarte a trav\u00e9s del presidente del Consejo de Ministros Alberto Ot\u00e1rola, advirti\u00f3 a los manifestantes que bloquean por varios d\u00edas la \u00fanica v\u00eda ferroviaria de acceso a la tur\u00edstica ciudadela de Machu Picchu que se arriesgan a ser encarcelados y descart\u00f3 atender sus reclamos para que la venta de boletos a [&hellip;]<\/p>\n","protected":false},"author":8,"featured_media":1230,"comment_status":"open","ping_status":"open","sticky":false,"template":"","format":"standard","meta":{"footnotes":""},"categories":[202],"tags":[573,577,316],"class_list":["post-1227","post","type-post","status-publish","format-standard","has-post-thumbnail","hentry","category-sociedad","tag-cusco","tag-machu-picchu","tag-peru"],"yoast_head":"<!-- This site is optimized with the Yoast SEO plugin v27.4 - https:\/\/yoast.com\/product\/yoast-seo-wordpress\/ -->\n<title>Gobierno de Per\u00fa amenaza con encarcelar a quienes protestan contra privatizaci\u00f3n de Machu Picchu - Pulso27<\/title>\n<meta name=\"robots\" content=\"index, follow, max-snippet:-1, max-image-preview:large, max-video-preview:-1\" \/>\n<link rel=\"canonical\" href=\"https:\/\/pulso27.com\/es\/sociedad\/gobierno-de-peru-amenaza-con-encarcelar-a-quienes-protestan-contra-privatizacion-de-machu-picchu\/\" \/>\n<meta property=\"og:locale\" content=\"es_ES\" \/>\n<meta property=\"og:type\" content=\"article\" \/>\n<meta property=\"og:title\" content=\"Gobierno de Per\u00fa amenaza con encarcelar a quienes protestan contra privatizaci\u00f3n de Machu Picchu - Pulso27\" \/>\n<meta property=\"og:description\" content=\"El gobierno de Dina Boluarte a trav\u00e9s del presidente del Consejo de Ministros Alberto Ot\u00e1rola, advirti\u00f3 a los manifestantes que bloquean por varios d\u00edas la \u00fanica v\u00eda ferroviaria de acceso a la tur\u00edstica ciudadela de Machu Picchu que se arriesgan a ser encarcelados y descart\u00f3 atender sus reclamos para que la venta de boletos a [&hellip;]\" \/>\n<meta property=\"og:url\" content=\"https:\/\/pulso27.com\/es\/sociedad\/gobierno-de-peru-amenaza-con-encarcelar-a-quienes-protestan-contra-privatizacion-de-machu-picchu\/\" \/>\n<meta property=\"og:site_name\" content=\"Pulso27\" \/>\n<meta property=\"article:publisher\" content=\"https:\/\/www.facebook.com\/pulso27\/\" \/>\n<meta property=\"article:published_time\" content=\"2024-01-30T16:49:10+00:00\" \/>\n<meta property=\"article:modified_time\" content=\"2024-04-07T02:54:03+00:00\" \/>\n<meta property=\"og:image\" content=\"https:\/\/pulso27.com\/wp-content\/uploads\/2024\/01\/BALJPH.jpg\" \/>\n\t<meta property=\"og:image:width\" content=\"1920\" \/>\n\t<meta property=\"og:image:height\" content=\"1080\" \/>\n\t<meta property=\"og:image:type\" content=\"image\/jpeg\" \/>\n<meta name=\"author\" content=\"Maga\" \/>\n<meta name=\"twitter:card\" content=\"summary_large_image\" \/>\n<meta name=\"twitter:creator\" content=\"@Pulso_27\" \/>\n<meta name=\"twitter:site\" content=\"@Pulso_27\" \/>\n<meta name=\"twitter:label1\" content=\"Written by\" \/>\n\t<meta name=\"twitter:data1\" content=\"Maga\" \/>\n\t<meta name=\"twitter:label2\" content=\"Est. reading time\" \/>\n\t<meta name=\"twitter:data2\" content=\"3 minutos\" \/>\n<script type=\"application\/ld+json\" class=\"yoast-schema-graph\">{\"@context\":\"https:\\\/\\\/schema.org\",\"@graph\":[{\"@type\":\"Article\",\"@id\":\"https:\\\/\\\/pulso27.com\\\/sociedad\\\/gobierno-de-peru-amenaza-con-encarcelar-a-quienes-protestan-contra-privatizacion-de-machu-picchu\\\/#article\",\"isPartOf\":{\"@id\":\"https:\\\/\\\/pulso27.com\\\/sociedad\\\/gobierno-de-peru-amenaza-con-encarcelar-a-quienes-protestan-contra-privatizacion-de-machu-picchu\\\/\"},\"author\":{\"name\":\"Maga\",\"@id\":\"https:\\\/\\\/pulso27.com\\\/en\\\/#\\\/schema\\\/person\\\/92f5059eb04cb644a32d22c9bc998684\"},\"headline\":\"Gobierno de Per\u00fa amenaza con encarcelar a quienes protestan contra privatizaci\u00f3n de Machu Picchu\",\"datePublished\":\"2024-01-30T16:49:10+00:00\",\"dateModified\":\"2024-04-07T02:54:03+00:00\",\"mainEntityOfPage\":{\"@id\":\"https:\\\/\\\/pulso27.com\\\/sociedad\\\/gobierno-de-peru-amenaza-con-encarcelar-a-quienes-protestan-contra-privatizacion-de-machu-picchu\\\/\"},\"wordCount\":516,\"commentCount\":0,\"publisher\":{\"@id\":\"https:\\\/\\\/pulso27.com\\\/en\\\/#organization\"},\"image\":{\"@id\":\"https:\\\/\\\/pulso27.com\\\/sociedad\\\/gobierno-de-peru-amenaza-con-encarcelar-a-quienes-protestan-contra-privatizacion-de-machu-picchu\\\/#primaryimage\"},\"thumbnailUrl\":\"https:\\\/\\\/pulso27.com\\\/wp-content\\\/uploads\\\/2024\\\/01\\\/BALJPH.jpg\",\"keywords\":[\"Cusco\",\"Machu Picchu\",\"Per\u00fa\"],\"articleSection\":[\"Sociedad\"],\"inLanguage\":\"es-PE\",\"potentialAction\":[{\"@type\":\"CommentAction\",\"name\":\"Comment\",\"target\":[\"https:\\\/\\\/pulso27.com\\\/sociedad\\\/gobierno-de-peru-amenaza-con-encarcelar-a-quienes-protestan-contra-privatizacion-de-machu-picchu\\\/#respond\"]}]},{\"@type\":\"WebPage\",\"@id\":\"https:\\\/\\\/pulso27.com\\\/sociedad\\\/gobierno-de-peru-amenaza-con-encarcelar-a-quienes-protestan-contra-privatizacion-de-machu-picchu\\\/\",\"url\":\"https:\\\/\\\/pulso27.com\\\/sociedad\\\/gobierno-de-peru-amenaza-con-encarcelar-a-quienes-protestan-contra-privatizacion-de-machu-picchu\\\/\",\"name\":\"Gobierno de Per\u00fa amenaza con encarcelar a quienes protestan contra privatizaci\u00f3n de Machu Picchu - Pulso27\",\"isPartOf\":{\"@id\":\"https:\\\/\\\/pulso27.com\\\/en\\\/#website\"},\"primaryImageOfPage\":{\"@id\":\"https:\\\/\\\/pulso27.com\\\/sociedad\\\/gobierno-de-peru-amenaza-con-encarcelar-a-quienes-protestan-contra-privatizacion-de-machu-picchu\\\/#primaryimage\"},\"image\":{\"@id\":\"https:\\\/\\\/pulso27.com\\\/sociedad\\\/gobierno-de-peru-amenaza-con-encarcelar-a-quienes-protestan-contra-privatizacion-de-machu-picchu\\\/#primaryimage\"},\"thumbnailUrl\":\"https:\\\/\\\/pulso27.com\\\/wp-content\\\/uploads\\\/2024\\\/01\\\/BALJPH.jpg\",\"datePublished\":\"2024-01-30T16:49:10+00:00\",\"dateModified\":\"2024-04-07T02:54:03+00:00\",\"breadcrumb\":{\"@id\":\"https:\\\/\\\/pulso27.com\\\/sociedad\\\/gobierno-de-peru-amenaza-con-encarcelar-a-quienes-protestan-contra-privatizacion-de-machu-picchu\\\/#breadcrumb\"},\"inLanguage\":\"es-PE\",\"potentialAction\":[{\"@type\":\"ReadAction\",\"target\":[\"https:\\\/\\\/pulso27.com\\\/sociedad\\\/gobierno-de-peru-amenaza-con-encarcelar-a-quienes-protestan-contra-privatizacion-de-machu-picchu\\\/\"]}]},{\"@type\":\"ImageObject\",\"inLanguage\":\"es-PE\",\"@id\":\"https:\\\/\\\/pulso27.com\\\/sociedad\\\/gobierno-de-peru-amenaza-con-encarcelar-a-quienes-protestan-contra-privatizacion-de-machu-picchu\\\/#primaryimage\",\"url\":\"https:\\\/\\\/pulso27.com\\\/wp-content\\\/uploads\\\/2024\\\/01\\\/BALJPH.jpg\",\"contentUrl\":\"https:\\\/\\\/pulso27.com\\\/wp-content\\\/uploads\\\/2024\\\/01\\\/BALJPH.jpg\",\"width\":1920,\"height\":1080},{\"@type\":\"BreadcrumbList\",\"@id\":\"https:\\\/\\\/pulso27.com\\\/sociedad\\\/gobierno-de-peru-amenaza-con-encarcelar-a-quienes-protestan-contra-privatizacion-de-machu-picchu\\\/#breadcrumb\",\"itemListElement\":[{\"@type\":\"ListItem\",\"position\":1,\"name\":\"Portada\",\"item\":\"https:\\\/\\\/pulso27.com\\\/\"},{\"@type\":\"ListItem\",\"position\":2,\"name\":\"Gobierno de Per\u00fa amenaza con encarcelar a quienes protestan contra privatizaci\u00f3n de Machu Picchu\"}]},{\"@type\":\"WebSite\",\"@id\":\"https:\\\/\\\/pulso27.com\\\/en\\\/#website\",\"url\":\"https:\\\/\\\/pulso27.com\\\/en\\\/\",\"name\":\"Pulso27\",\"description\":\"Web de noticias y publicidad\",\"publisher\":{\"@id\":\"https:\\\/\\\/pulso27.com\\\/en\\\/#organization\"},\"alternateName\":\"El pulso del pueblo\",\"potentialAction\":[{\"@type\":\"SearchAction\",\"target\":{\"@type\":\"EntryPoint\",\"urlTemplate\":\"https:\\\/\\\/pulso27.com\\\/en\\\/?s={search_term_string}\"},\"query-input\":{\"@type\":\"PropertyValueSpecification\",\"valueRequired\":true,\"valueName\":\"search_term_string\"}}],\"inLanguage\":\"es-PE\"},{\"@type\":\"Organization\",\"@id\":\"https:\\\/\\\/pulso27.com\\\/en\\\/#organization\",\"name\":\"Pulso27\",\"url\":\"https:\\\/\\\/pulso27.com\\\/en\\\/\",\"logo\":{\"@type\":\"ImageObject\",\"inLanguage\":\"es-PE\",\"@id\":\"https:\\\/\\\/pulso27.com\\\/en\\\/#\\\/schema\\\/logo\\\/image\\\/\",\"url\":\"https:\\\/\\\/pulso27.com\\\/wp-content\\\/uploads\\\/2026\\\/02\\\/Logotipo-de-la-organizacion-696-x-696-px-ok.png\",\"contentUrl\":\"https:\\\/\\\/pulso27.com\\\/wp-content\\\/uploads\\\/2026\\\/02\\\/Logotipo-de-la-organizacion-696-x-696-px-ok.png\",\"width\":696,\"height\":696,\"caption\":\"Pulso27\"},\"image\":{\"@id\":\"https:\\\/\\\/pulso27.com\\\/en\\\/#\\\/schema\\\/logo\\\/image\\\/\"},\"sameAs\":[\"https:\\\/\\\/www.facebook.com\\\/pulso27\\\/\",\"https:\\\/\\\/x.com\\\/Pulso_27\",\"https:\\\/\\\/www.youtube.com\\\/@Pulso27\",\"https:\\\/\\\/www.tiktok.com\\\/@pulso_27\"]},{\"@type\":\"Person\",\"@id\":\"https:\\\/\\\/pulso27.com\\\/en\\\/#\\\/schema\\\/person\\\/92f5059eb04cb644a32d22c9bc998684\",\"name\":\"Maga\",\"image\":{\"@type\":\"ImageObject\",\"inLanguage\":\"es-PE\",\"@id\":\"https:\\\/\\\/secure.gravatar.com\\\/avatar\\\/c4d5224d4227e7c057cd5793ba910425cc902f3aef97cda3eccc7acba8be2edc?s=96&d=mm&r=g\",\"url\":\"https:\\\/\\\/secure.gravatar.com\\\/avatar\\\/c4d5224d4227e7c057cd5793ba910425cc902f3aef97cda3eccc7acba8be2edc?s=96&d=mm&r=g\",\"contentUrl\":\"https:\\\/\\\/secure.gravatar.com\\\/avatar\\\/c4d5224d4227e7c057cd5793ba910425cc902f3aef97cda3eccc7acba8be2edc?s=96&d=mm&r=g\",\"caption\":\"Maga\"},\"sameAs\":[\"http:\\\/\\\/www.pulso27.com\"],\"url\":\"https:\\\/\\\/pulso27.com\\\/es\\\/author\\\/maga\\\/\"}]}<\/script>\n<!-- \/ Yoast SEO plugin. -->","yoast_head_json":{"title":"Gobierno de Per\u00fa amenaza con encarcelar a quienes protestan contra privatizaci\u00f3n de Machu Picchu - Pulso27","robots":{"index":"index","follow":"follow","max-snippet":"max-snippet:-1","max-image-preview":"max-image-preview:large","max-video-preview":"max-video-preview:-1"},"canonical":"https:\/\/pulso27.com\/es\/sociedad\/gobierno-de-peru-amenaza-con-encarcelar-a-quienes-protestan-contra-privatizacion-de-machu-picchu\/","og_locale":"es_ES","og_type":"article","og_title":"Gobierno de Per\u00fa amenaza con encarcelar a quienes protestan contra privatizaci\u00f3n de Machu Picchu - Pulso27","og_description":"El gobierno de Dina Boluarte a trav\u00e9s del presidente del Consejo de Ministros Alberto Ot\u00e1rola, advirti\u00f3 a los manifestantes que bloquean por varios d\u00edas la \u00fanica v\u00eda ferroviaria de acceso a la tur\u00edstica ciudadela de Machu Picchu que se arriesgan a ser encarcelados y descart\u00f3 atender sus reclamos para que la venta de boletos a [&hellip;]","og_url":"https:\/\/pulso27.com\/es\/sociedad\/gobierno-de-peru-amenaza-con-encarcelar-a-quienes-protestan-contra-privatizacion-de-machu-picchu\/","og_site_name":"Pulso27","article_publisher":"https:\/\/www.facebook.com\/pulso27\/","article_published_time":"2024-01-30T16:49:10+00:00","article_modified_time":"2024-04-07T02:54:03+00:00","og_image":[{"width":1920,"height":1080,"url":"https:\/\/pulso27.com\/wp-content\/uploads\/2024\/01\/BALJPH.jpg","type":"image\/jpeg"}],"author":"Maga","twitter_card":"summary_large_image","twitter_creator":"@Pulso_27","twitter_site":"@Pulso_27","twitter_misc":{"Written by":"Maga","Est. reading time":"3 minutos"},"schema":{"@context":"https:\/\/schema.org","@graph":[{"@type":"Article","@id":"https:\/\/pulso27.com\/sociedad\/gobierno-de-peru-amenaza-con-encarcelar-a-quienes-protestan-contra-privatizacion-de-machu-picchu\/#article","isPartOf":{"@id":"https:\/\/pulso27.com\/sociedad\/gobierno-de-peru-amenaza-con-encarcelar-a-quienes-protestan-contra-privatizacion-de-machu-picchu\/"},"author":{"name":"Maga","@id":"https:\/\/pulso27.com\/en\/#\/schema\/person\/92f5059eb04cb644a32d22c9bc998684"},"headline":"Gobierno de Per\u00fa amenaza con encarcelar a quienes protestan contra privatizaci\u00f3n de Machu Picchu","datePublished":"2024-01-30T16:49:10+00:00","dateModified":"2024-04-07T02:54:03+00:00","mainEntityOfPage":{"@id":"https:\/\/pulso27.com\/sociedad\/gobierno-de-peru-amenaza-con-encarcelar-a-quienes-protestan-contra-privatizacion-de-machu-picchu\/"},"wordCount":516,"commentCount":0,"publisher":{"@id":"https:\/\/pulso27.com\/en\/#organization"},"image":{"@id":"https:\/\/pulso27.com\/sociedad\/gobierno-de-peru-amenaza-con-encarcelar-a-quienes-protestan-contra-privatizacion-de-machu-picchu\/#primaryimage"},"thumbnailUrl":"https:\/\/pulso27.com\/wp-content\/uploads\/2024\/01\/BALJPH.jpg","keywords":["Cusco","Machu Picchu","Per\u00fa"],"articleSection":["Sociedad"],"inLanguage":"es-PE","potentialAction":[{"@type":"CommentAction","name":"Comment","target":["https:\/\/pulso27.com\/sociedad\/gobierno-de-peru-amenaza-con-encarcelar-a-quienes-protestan-contra-privatizacion-de-machu-picchu\/#respond"]}]},{"@type":"WebPage","@id":"https:\/\/pulso27.com\/sociedad\/gobierno-de-peru-amenaza-con-encarcelar-a-quienes-protestan-contra-privatizacion-de-machu-picchu\/","url":"https:\/\/pulso27.com\/sociedad\/gobierno-de-peru-amenaza-con-encarcelar-a-quienes-protestan-contra-privatizacion-de-machu-picchu\/","name":"Gobierno de Per\u00fa amenaza con encarcelar a quienes protestan contra privatizaci\u00f3n de Machu Picchu - Pulso27","isPartOf":{"@id":"https:\/\/pulso27.com\/en\/#website"},"primaryImageOfPage":{"@id":"https:\/\/pulso27.com\/sociedad\/gobierno-de-peru-amenaza-con-encarcelar-a-quienes-protestan-contra-privatizacion-de-machu-picchu\/#primaryimage"},"image":{"@id":"https:\/\/pulso27.com\/sociedad\/gobierno-de-peru-amenaza-con-encarcelar-a-quienes-protestan-contra-privatizacion-de-machu-picchu\/#primaryimage"},"thumbnailUrl":"https:\/\/pulso27.com\/wp-content\/uploads\/2024\/01\/BALJPH.jpg","datePublished":"2024-01-30T16:49:10+00:00","dateModified":"2024-04-07T02:54:03+00:00","breadcrumb":{"@id":"https:\/\/pulso27.com\/sociedad\/gobierno-de-peru-amenaza-con-encarcelar-a-quienes-protestan-contra-privatizacion-de-machu-picchu\/#breadcrumb"},"inLanguage":"es-PE","potentialAction":[{"@type":"ReadAction","target":["https:\/\/pulso27.com\/sociedad\/gobierno-de-peru-amenaza-con-encarcelar-a-quienes-protestan-contra-privatizacion-de-machu-picchu\/"]}]},{"@type":"ImageObject","inLanguage":"es-PE","@id":"https:\/\/pulso27.com\/sociedad\/gobierno-de-peru-amenaza-con-encarcelar-a-quienes-protestan-contra-privatizacion-de-machu-picchu\/#primaryimage","url":"https:\/\/pulso27.com\/wp-content\/uploads\/2024\/01\/BALJPH.jpg","contentUrl":"https:\/\/pulso27.com\/wp-content\/uploads\/2024\/01\/BALJPH.jpg","width":1920,"height":1080},{"@type":"BreadcrumbList","@id":"https:\/\/pulso27.com\/sociedad\/gobierno-de-peru-amenaza-con-encarcelar-a-quienes-protestan-contra-privatizacion-de-machu-picchu\/#breadcrumb","itemListElement":[{"@type":"ListItem","position":1,"name":"Portada","item":"https:\/\/pulso27.com\/"},{"@type":"ListItem","position":2,"name":"Gobierno de Per\u00fa amenaza con encarcelar a quienes protestan contra privatizaci\u00f3n de Machu Picchu"}]},{"@type":"WebSite","@id":"https:\/\/pulso27.com\/en\/#website","url":"https:\/\/pulso27.com\/en\/","name":"Pulso27","description":"Web de noticias y publicidad","publisher":{"@id":"https:\/\/pulso27.com\/en\/#organization"},"alternateName":"El pulso del pueblo","potentialAction":[{"@type":"SearchAction","target":{"@type":"EntryPoint","urlTemplate":"https:\/\/pulso27.com\/en\/?s={search_term_string}"},"query-input":{"@type":"PropertyValueSpecification","valueRequired":true,"valueName":"search_term_string"}}],"inLanguage":"es-PE"},{"@type":"Organization","@id":"https:\/\/pulso27.com\/en\/#organization","name":"Pulso27","url":"https:\/\/pulso27.com\/en\/","logo":{"@type":"ImageObject","inLanguage":"es-PE","@id":"https:\/\/pulso27.com\/en\/#\/schema\/logo\/image\/","url":"https:\/\/pulso27.com\/wp-content\/uploads\/2026\/02\/Logotipo-de-la-organizacion-696-x-696-px-ok.png","contentUrl":"https:\/\/pulso27.com\/wp-content\/uploads\/2026\/02\/Logotipo-de-la-organizacion-696-x-696-px-ok.png","width":696,"height":696,"caption":"Pulso27"},"image":{"@id":"https:\/\/pulso27.com\/en\/#\/schema\/logo\/image\/"},"sameAs":["https:\/\/www.facebook.com\/pulso27\/","https:\/\/x.com\/Pulso_27","https:\/\/www.youtube.com\/@Pulso27","https:\/\/www.tiktok.com\/@pulso_27"]},{"@type":"Person","@id":"https:\/\/pulso27.com\/en\/#\/schema\/person\/92f5059eb04cb644a32d22c9bc998684","name":"Maga","image":{"@type":"ImageObject","inLanguage":"es-PE","@id":"https:\/\/secure.gravatar.com\/avatar\/c4d5224d4227e7c057cd5793ba910425cc902f3aef97cda3eccc7acba8be2edc?s=96&d=mm&r=g","url":"https:\/\/secure.gravatar.com\/avatar\/c4d5224d4227e7c057cd5793ba910425cc902f3aef97cda3eccc7acba8be2edc?s=96&d=mm&r=g","contentUrl":"https:\/\/secure.gravatar.com\/avatar\/c4d5224d4227e7c057cd5793ba910425cc902f3aef97cda3eccc7acba8be2edc?s=96&d=mm&r=g","caption":"Maga"},"sameAs":["http:\/\/www.pulso27.com"],"url":"https:\/\/pulso27.com\/es\/author\/maga\/"}]}},"amp_enabled":true,"_links":{"self":[{"href":"https:\/\/pulso27.com\/es\/wp-json\/wp\/v2\/posts\/1227","targetHints":{"allow":["GET"]}}],"collection":[{"href":"https:\/\/pulso27.com\/es\/wp-json\/wp\/v2\/posts"}],"about":[{"href":"https:\/\/pulso27.com\/es\/wp-json\/wp\/v2\/types\/post"}],"author":[{"embeddable":true,"href":"https:\/\/pulso27.com\/es\/wp-json\/wp\/v2\/users\/8"}],"replies":[{"embeddable":true,"href":"https:\/\/pulso27.com\/es\/wp-json\/wp\/v2\/comments?post=1227"}],"version-history":[{"count":1,"href":"https:\/\/pulso27.com\/es\/wp-json\/wp\/v2\/posts\/1227\/revisions"}],"predecessor-version":[{"id":1231,"href":"https:\/\/pulso27.com\/es\/wp-json\/wp\/v2\/posts\/1227\/revisions\/1231"}],"wp:featuredmedia":[{"embeddable":true,"href":"https:\/\/pulso27.com\/es\/wp-json\/wp\/v2\/media\/1230"}],"wp:attachment":[{"href":"https:\/\/pulso27.com\/es\/wp-json\/wp\/v2\/media?parent=1227"}],"wp:term":[{"taxonomy":"category","embeddable":true,"href":"https:\/\/pulso27.com\/es\/wp-json\/wp\/v2\/categories?post=1227"},{"taxonomy":"post_tag","embeddable":true,"href":"https:\/\/pulso27.com\/es\/wp-json\/wp\/v2\/tags?post=1227"}],"curies":[{"name":"wp","href":"https:\/\/api.w.org\/{rel}","templated":true}]}}