{"id":1237,"date":"2024-01-31T05:01:27","date_gmt":"2024-01-31T00:01:27","guid":{"rendered":"https:\/\/pulso27.com\/es\/?p=1237"},"modified":"2024-01-31T05:01:27","modified_gmt":"2024-01-31T00:01:27","slug":"vizcarra-lideraria-red-criminal-de-los-intocables-de-la-corrupcion-segun-fiscalia","status":"publish","type":"post","link":"https:\/\/pulso27.com\/es\/actualidad\/policial\/vizcarra-lideraria-red-criminal-de-los-intocables-de-la-corrupcion-segun-fiscalia\/","title":{"rendered":"Vizcarra liderar\u00eda red criminal de Los Intocables de la Corrupci\u00f3n seg\u00fan Fiscal\u00eda"},"content":{"rendered":"\n<p>El Equipo Especial contra la Corrupci\u00f3n en el Poder del Ministerio P\u00fablico maneja como tesis fiscal que el expresidente de la Rep\u00fablica Mart\u00edn Vizcarra Cornejo habr\u00eda liderado la red criminal de Los Intocables de la Corrupci\u00f3n, presuntamente conformada por diversos exfuncionarios. Algunos de ellos fueron detenidos este martes 30 de enero, como parte del avance de las investigaciones.<\/p>\n\n\n\n<p>La organizaci\u00f3n criminal habr\u00eda operado a trav\u00e9s de las modalidades delictivas de copamiento y la realizaci\u00f3n de lobbies il\u00edcitos cuando Mart\u00edn Vizcarra era presidente de la Rep\u00fablica, entre marzo del 2018 y noviembre del 2022. Se le imputan los delitos de organizaci\u00f3n criminal, colusi\u00f3n agravada y lavado de activos.<\/p>\n\n\n\n<p>De acuerdo al organigrama criminal elaborado por la Fiscal\u00eda de la Naci\u00f3n, el exmandatario Mart\u00edn Vizcarra aparece a la cabeza de Los Intocables de la Corrupci\u00f3n, organizaci\u00f3n que se habr\u00eda enquistado en el Ministerio de Transportes y Comunicaciones con la finalidad de sacar adelante contrataciones p\u00fablicas fraudulentas para beneficiarse econ\u00f3micamente.<\/p>\n\n\n\n<figure class=\"wp-block-image size-full\"><img loading=\"lazy\" decoding=\"async\" width=\"640\" height=\"458\" src=\"https:\/\/pulso27.com\/wp-content\/uploads\/2024\/01\/MV.png\" alt=\"\" class=\"wp-image-1239\" srcset=\"https:\/\/pulso27.com\/wp-content\/uploads\/2024\/01\/MV.png 640w, https:\/\/pulso27.com\/wp-content\/uploads\/2024\/01\/MV-300x215.png 300w\" sizes=\"auto, (max-width: 640px) 100vw, 640px\" \/><\/figure>\n\n\n\n<p>De acuerdo con la Fiscal\u00eda, para la realizaci\u00f3n de los actos il\u00edcitos habr\u00eda sido clave el nombramiento de Edmer Trujillo Mori, como ministro de Transportes y Comunicaciones (MTC); Carlos Estremadoyro Mory, como viceministro de Transportes; y Carlos Revilla Loayza, como director ejecutivo de Prov\u00edas Descentralizada.<\/p>\n\n\n\n<p>Otros nombres claves habr\u00edan sido los de Hugo Misad Trabuco, como asesor de la Direcci\u00f3n Ejecutiva en Prov\u00edas Descentralizado, y Elizabeth Ugarte Manrique, como coordinadora de la direcci\u00f3n ejecutiva de Prov\u00edas Descentralizado.<\/p>\n\n\n\n<p>Finalmente, tambi\u00e9n aparecen los nombres de Alcides Villafuerte Vizcarra, Juan Torres Enciso Torres, Hugo Javier Meneses Cornejo, Janina Lucy Espinoza Torres, Ferm\u00edn Claudio Ocrospoma Rapray, Alejandro Edgardo Ahumada Asp\u00edllaga, Renzo Albert Navarrete Chilquillo y Ra\u00fal Alfonso Garc\u00eda Alem\u00e1n.<\/p>\n\n\n\n<p>Fuente: RL<\/p>\n","protected":false},"excerpt":{"rendered":"<p>El Equipo Especial contra la Corrupci\u00f3n en el Poder del Ministerio P\u00fablico maneja como tesis fiscal que el expresidente de la Rep\u00fablica Mart\u00edn Vizcarra Cornejo habr\u00eda liderado la red criminal de Los Intocables de la Corrupci\u00f3n, presuntamente conformada por diversos exfuncionarios. Algunos de ellos fueron detenidos este martes 30 de enero, como parte del avance [&hellip;]<\/p>\n","protected":false},"author":7,"featured_media":1238,"comment_status":"open","ping_status":"open","sticky":false,"template":"","format":"standard","meta":{"footnotes":""},"categories":[183,178],"tags":[441,581,580],"class_list":["post-1237","post","type-post","status-publish","format-standard","has-post-thumbnail","hentry","category-actualidad","category-policial","tag-corrupcion","tag-detenido","tag-vizcarra"],"yoast_head":"<!-- This site is optimized with the Yoast SEO plugin v27.4 - https:\/\/yoast.com\/product\/yoast-seo-wordpress\/ -->\n<title>Vizcarra liderar\u00eda red criminal de Los Intocables de la Corrupci\u00f3n seg\u00fan Fiscal\u00eda - Pulso27<\/title>\n<meta name=\"robots\" content=\"index, follow, max-snippet:-1, max-image-preview:large, max-video-preview:-1\" \/>\n<link rel=\"canonical\" href=\"https:\/\/pulso27.com\/es\/policial\/vizcarra-lideraria-red-criminal-de-los-intocables-de-la-corrupcion-segun-fiscalia\/\" \/>\n<meta property=\"og:locale\" content=\"es_ES\" \/>\n<meta property=\"og:type\" content=\"article\" \/>\n<meta property=\"og:title\" content=\"Vizcarra liderar\u00eda red criminal de Los Intocables de la Corrupci\u00f3n seg\u00fan Fiscal\u00eda - Pulso27\" \/>\n<meta property=\"og:description\" content=\"El Equipo Especial contra la Corrupci\u00f3n en el Poder del Ministerio P\u00fablico maneja como tesis fiscal que el expresidente de la Rep\u00fablica Mart\u00edn Vizcarra Cornejo habr\u00eda liderado la red criminal de Los Intocables de la Corrupci\u00f3n, presuntamente conformada por diversos exfuncionarios. Algunos de ellos fueron detenidos este martes 30 de enero, como parte del avance [&hellip;]\" \/>\n<meta property=\"og:url\" content=\"https:\/\/pulso27.com\/es\/policial\/vizcarra-lideraria-red-criminal-de-los-intocables-de-la-corrupcion-segun-fiscalia\/\" \/>\n<meta property=\"og:site_name\" content=\"Pulso27\" \/>\n<meta property=\"article:publisher\" content=\"https:\/\/www.facebook.com\/pulso27\/\" \/>\n<meta property=\"article:published_time\" content=\"2024-01-31T00:01:27+00:00\" \/>\n<meta property=\"og:image\" content=\"https:\/\/pulso27.com\/wp-content\/uploads\/2024\/01\/VSXC.jpg\" \/>\n\t<meta property=\"og:image:width\" content=\"1024\" \/>\n\t<meta property=\"og:image:height\" content=\"640\" \/>\n\t<meta property=\"og:image:type\" content=\"image\/jpeg\" \/>\n<meta name=\"author\" content=\"Tupaq\" \/>\n<meta name=\"twitter:card\" content=\"summary_large_image\" \/>\n<meta name=\"twitter:creator\" content=\"@Pulso_27\" \/>\n<meta name=\"twitter:site\" content=\"@Pulso_27\" \/>\n<meta name=\"twitter:label1\" content=\"Written by\" \/>\n\t<meta name=\"twitter:data1\" content=\"Tupaq\" \/>\n\t<meta name=\"twitter:label2\" content=\"Est. reading time\" \/>\n\t<meta name=\"twitter:data2\" content=\"2 minutos\" \/>\n<script type=\"application\/ld+json\" class=\"yoast-schema-graph\">{\"@context\":\"https:\\\/\\\/schema.org\",\"@graph\":[{\"@type\":\"Article\",\"@id\":\"https:\\\/\\\/pulso27.com\\\/policial\\\/vizcarra-lideraria-red-criminal-de-los-intocables-de-la-corrupcion-segun-fiscalia\\\/#article\",\"isPartOf\":{\"@id\":\"https:\\\/\\\/pulso27.com\\\/policial\\\/vizcarra-lideraria-red-criminal-de-los-intocables-de-la-corrupcion-segun-fiscalia\\\/\"},\"author\":{\"name\":\"Tupaq\",\"@id\":\"https:\\\/\\\/pulso27.com\\\/en\\\/#\\\/schema\\\/person\\\/d20fd7f5bc7f2e53fd150d43fca07a78\"},\"headline\":\"Vizcarra liderar\u00eda red criminal de Los Intocables de la Corrupci\u00f3n seg\u00fan Fiscal\u00eda\",\"datePublished\":\"2024-01-31T00:01:27+00:00\",\"mainEntityOfPage\":{\"@id\":\"https:\\\/\\\/pulso27.com\\\/policial\\\/vizcarra-lideraria-red-criminal-de-los-intocables-de-la-corrupcion-segun-fiscalia\\\/\"},\"wordCount\":326,\"commentCount\":0,\"publisher\":{\"@id\":\"https:\\\/\\\/pulso27.com\\\/en\\\/#organization\"},\"image\":{\"@id\":\"https:\\\/\\\/pulso27.com\\\/policial\\\/vizcarra-lideraria-red-criminal-de-los-intocables-de-la-corrupcion-segun-fiscalia\\\/#primaryimage\"},\"thumbnailUrl\":\"https:\\\/\\\/pulso27.com\\\/wp-content\\\/uploads\\\/2024\\\/01\\\/VSXC.jpg\",\"keywords\":[\"corrupci\u00f3n\",\"Detenido\",\"Vizcarra\"],\"articleSection\":[\"Actualidad\",\"Policial\"],\"inLanguage\":\"es-PE\",\"potentialAction\":[{\"@type\":\"CommentAction\",\"name\":\"Comment\",\"target\":[\"https:\\\/\\\/pulso27.com\\\/policial\\\/vizcarra-lideraria-red-criminal-de-los-intocables-de-la-corrupcion-segun-fiscalia\\\/#respond\"]}]},{\"@type\":\"WebPage\",\"@id\":\"https:\\\/\\\/pulso27.com\\\/policial\\\/vizcarra-lideraria-red-criminal-de-los-intocables-de-la-corrupcion-segun-fiscalia\\\/\",\"url\":\"https:\\\/\\\/pulso27.com\\\/policial\\\/vizcarra-lideraria-red-criminal-de-los-intocables-de-la-corrupcion-segun-fiscalia\\\/\",\"name\":\"Vizcarra liderar\u00eda red criminal de Los Intocables de la Corrupci\u00f3n seg\u00fan Fiscal\u00eda - Pulso27\",\"isPartOf\":{\"@id\":\"https:\\\/\\\/pulso27.com\\\/en\\\/#website\"},\"primaryImageOfPage\":{\"@id\":\"https:\\\/\\\/pulso27.com\\\/policial\\\/vizcarra-lideraria-red-criminal-de-los-intocables-de-la-corrupcion-segun-fiscalia\\\/#primaryimage\"},\"image\":{\"@id\":\"https:\\\/\\\/pulso27.com\\\/policial\\\/vizcarra-lideraria-red-criminal-de-los-intocables-de-la-corrupcion-segun-fiscalia\\\/#primaryimage\"},\"thumbnailUrl\":\"https:\\\/\\\/pulso27.com\\\/wp-content\\\/uploads\\\/2024\\\/01\\\/VSXC.jpg\",\"datePublished\":\"2024-01-31T00:01:27+00:00\",\"breadcrumb\":{\"@id\":\"https:\\\/\\\/pulso27.com\\\/policial\\\/vizcarra-lideraria-red-criminal-de-los-intocables-de-la-corrupcion-segun-fiscalia\\\/#breadcrumb\"},\"inLanguage\":\"es-PE\",\"potentialAction\":[{\"@type\":\"ReadAction\",\"target\":[\"https:\\\/\\\/pulso27.com\\\/policial\\\/vizcarra-lideraria-red-criminal-de-los-intocables-de-la-corrupcion-segun-fiscalia\\\/\"]}]},{\"@type\":\"ImageObject\",\"inLanguage\":\"es-PE\",\"@id\":\"https:\\\/\\\/pulso27.com\\\/policial\\\/vizcarra-lideraria-red-criminal-de-los-intocables-de-la-corrupcion-segun-fiscalia\\\/#primaryimage\",\"url\":\"https:\\\/\\\/pulso27.com\\\/wp-content\\\/uploads\\\/2024\\\/01\\\/VSXC.jpg\",\"contentUrl\":\"https:\\\/\\\/pulso27.com\\\/wp-content\\\/uploads\\\/2024\\\/01\\\/VSXC.jpg\",\"width\":1024,\"height\":640},{\"@type\":\"BreadcrumbList\",\"@id\":\"https:\\\/\\\/pulso27.com\\\/policial\\\/vizcarra-lideraria-red-criminal-de-los-intocables-de-la-corrupcion-segun-fiscalia\\\/#breadcrumb\",\"itemListElement\":[{\"@type\":\"ListItem\",\"position\":1,\"name\":\"Portada\",\"item\":\"https:\\\/\\\/pulso27.com\\\/\"},{\"@type\":\"ListItem\",\"position\":2,\"name\":\"Vizcarra liderar\u00eda red criminal de Los Intocables de la Corrupci\u00f3n seg\u00fan Fiscal\u00eda\"}]},{\"@type\":\"WebSite\",\"@id\":\"https:\\\/\\\/pulso27.com\\\/en\\\/#website\",\"url\":\"https:\\\/\\\/pulso27.com\\\/en\\\/\",\"name\":\"Pulso27\",\"description\":\"Web de noticias y publicidad\",\"publisher\":{\"@id\":\"https:\\\/\\\/pulso27.com\\\/en\\\/#organization\"},\"alternateName\":\"El pulso del pueblo\",\"potentialAction\":[{\"@type\":\"SearchAction\",\"target\":{\"@type\":\"EntryPoint\",\"urlTemplate\":\"https:\\\/\\\/pulso27.com\\\/en\\\/?s={search_term_string}\"},\"query-input\":{\"@type\":\"PropertyValueSpecification\",\"valueRequired\":true,\"valueName\":\"search_term_string\"}}],\"inLanguage\":\"es-PE\"},{\"@type\":\"Organization\",\"@id\":\"https:\\\/\\\/pulso27.com\\\/en\\\/#organization\",\"name\":\"Pulso27\",\"url\":\"https:\\\/\\\/pulso27.com\\\/en\\\/\",\"logo\":{\"@type\":\"ImageObject\",\"inLanguage\":\"es-PE\",\"@id\":\"https:\\\/\\\/pulso27.com\\\/en\\\/#\\\/schema\\\/logo\\\/image\\\/\",\"url\":\"https:\\\/\\\/pulso27.com\\\/wp-content\\\/uploads\\\/2026\\\/02\\\/Logotipo-de-la-organizacion-696-x-696-px-ok.png\",\"contentUrl\":\"https:\\\/\\\/pulso27.com\\\/wp-content\\\/uploads\\\/2026\\\/02\\\/Logotipo-de-la-organizacion-696-x-696-px-ok.png\",\"width\":696,\"height\":696,\"caption\":\"Pulso27\"},\"image\":{\"@id\":\"https:\\\/\\\/pulso27.com\\\/en\\\/#\\\/schema\\\/logo\\\/image\\\/\"},\"sameAs\":[\"https:\\\/\\\/www.facebook.com\\\/pulso27\\\/\",\"https:\\\/\\\/x.com\\\/Pulso_27\",\"https:\\\/\\\/www.youtube.com\\\/@Pulso27\",\"https:\\\/\\\/www.tiktok.com\\\/@pulso_27\"]},{\"@type\":\"Person\",\"@id\":\"https:\\\/\\\/pulso27.com\\\/en\\\/#\\\/schema\\\/person\\\/d20fd7f5bc7f2e53fd150d43fca07a78\",\"name\":\"Tupaq\",\"image\":{\"@type\":\"ImageObject\",\"inLanguage\":\"es-PE\",\"@id\":\"https:\\\/\\\/secure.gravatar.com\\\/avatar\\\/7929e9b034aeea560319a601e4f04c59eb5f45a79eafe192adabb67e9604e7e7?s=96&d=mm&r=g\",\"url\":\"https:\\\/\\\/secure.gravatar.com\\\/avatar\\\/7929e9b034aeea560319a601e4f04c59eb5f45a79eafe192adabb67e9604e7e7?s=96&d=mm&r=g\",\"contentUrl\":\"https:\\\/\\\/secure.gravatar.com\\\/avatar\\\/7929e9b034aeea560319a601e4f04c59eb5f45a79eafe192adabb67e9604e7e7?s=96&d=mm&r=g\",\"caption\":\"Tupaq\"},\"url\":\"https:\\\/\\\/pulso27.com\\\/es\\\/author\\\/tupaq\\\/\"}]}<\/script>\n<!-- \/ Yoast SEO plugin. -->","yoast_head_json":{"title":"Vizcarra liderar\u00eda red criminal de Los Intocables de la Corrupci\u00f3n seg\u00fan Fiscal\u00eda - Pulso27","robots":{"index":"index","follow":"follow","max-snippet":"max-snippet:-1","max-image-preview":"max-image-preview:large","max-video-preview":"max-video-preview:-1"},"canonical":"https:\/\/pulso27.com\/es\/policial\/vizcarra-lideraria-red-criminal-de-los-intocables-de-la-corrupcion-segun-fiscalia\/","og_locale":"es_ES","og_type":"article","og_title":"Vizcarra liderar\u00eda red criminal de Los Intocables de la Corrupci\u00f3n seg\u00fan Fiscal\u00eda - Pulso27","og_description":"El Equipo Especial contra la Corrupci\u00f3n en el Poder del Ministerio P\u00fablico maneja como tesis fiscal que el expresidente de la Rep\u00fablica Mart\u00edn Vizcarra Cornejo habr\u00eda liderado la red criminal de Los Intocables de la Corrupci\u00f3n, presuntamente conformada por diversos exfuncionarios. Algunos de ellos fueron detenidos este martes 30 de enero, como parte del avance [&hellip;]","og_url":"https:\/\/pulso27.com\/es\/policial\/vizcarra-lideraria-red-criminal-de-los-intocables-de-la-corrupcion-segun-fiscalia\/","og_site_name":"Pulso27","article_publisher":"https:\/\/www.facebook.com\/pulso27\/","article_published_time":"2024-01-31T00:01:27+00:00","og_image":[{"width":1024,"height":640,"url":"https:\/\/pulso27.com\/wp-content\/uploads\/2024\/01\/VSXC.jpg","type":"image\/jpeg"}],"author":"Tupaq","twitter_card":"summary_large_image","twitter_creator":"@Pulso_27","twitter_site":"@Pulso_27","twitter_misc":{"Written by":"Tupaq","Est. reading time":"2 minutos"},"schema":{"@context":"https:\/\/schema.org","@graph":[{"@type":"Article","@id":"https:\/\/pulso27.com\/policial\/vizcarra-lideraria-red-criminal-de-los-intocables-de-la-corrupcion-segun-fiscalia\/#article","isPartOf":{"@id":"https:\/\/pulso27.com\/policial\/vizcarra-lideraria-red-criminal-de-los-intocables-de-la-corrupcion-segun-fiscalia\/"},"author":{"name":"Tupaq","@id":"https:\/\/pulso27.com\/en\/#\/schema\/person\/d20fd7f5bc7f2e53fd150d43fca07a78"},"headline":"Vizcarra liderar\u00eda red criminal de Los Intocables de la Corrupci\u00f3n seg\u00fan Fiscal\u00eda","datePublished":"2024-01-31T00:01:27+00:00","mainEntityOfPage":{"@id":"https:\/\/pulso27.com\/policial\/vizcarra-lideraria-red-criminal-de-los-intocables-de-la-corrupcion-segun-fiscalia\/"},"wordCount":326,"commentCount":0,"publisher":{"@id":"https:\/\/pulso27.com\/en\/#organization"},"image":{"@id":"https:\/\/pulso27.com\/policial\/vizcarra-lideraria-red-criminal-de-los-intocables-de-la-corrupcion-segun-fiscalia\/#primaryimage"},"thumbnailUrl":"https:\/\/pulso27.com\/wp-content\/uploads\/2024\/01\/VSXC.jpg","keywords":["corrupci\u00f3n","Detenido","Vizcarra"],"articleSection":["Actualidad","Policial"],"inLanguage":"es-PE","potentialAction":[{"@type":"CommentAction","name":"Comment","target":["https:\/\/pulso27.com\/policial\/vizcarra-lideraria-red-criminal-de-los-intocables-de-la-corrupcion-segun-fiscalia\/#respond"]}]},{"@type":"WebPage","@id":"https:\/\/pulso27.com\/policial\/vizcarra-lideraria-red-criminal-de-los-intocables-de-la-corrupcion-segun-fiscalia\/","url":"https:\/\/pulso27.com\/policial\/vizcarra-lideraria-red-criminal-de-los-intocables-de-la-corrupcion-segun-fiscalia\/","name":"Vizcarra liderar\u00eda red criminal de Los Intocables de la Corrupci\u00f3n seg\u00fan Fiscal\u00eda - Pulso27","isPartOf":{"@id":"https:\/\/pulso27.com\/en\/#website"},"primaryImageOfPage":{"@id":"https:\/\/pulso27.com\/policial\/vizcarra-lideraria-red-criminal-de-los-intocables-de-la-corrupcion-segun-fiscalia\/#primaryimage"},"image":{"@id":"https:\/\/pulso27.com\/policial\/vizcarra-lideraria-red-criminal-de-los-intocables-de-la-corrupcion-segun-fiscalia\/#primaryimage"},"thumbnailUrl":"https:\/\/pulso27.com\/wp-content\/uploads\/2024\/01\/VSXC.jpg","datePublished":"2024-01-31T00:01:27+00:00","breadcrumb":{"@id":"https:\/\/pulso27.com\/policial\/vizcarra-lideraria-red-criminal-de-los-intocables-de-la-corrupcion-segun-fiscalia\/#breadcrumb"},"inLanguage":"es-PE","potentialAction":[{"@type":"ReadAction","target":["https:\/\/pulso27.com\/policial\/vizcarra-lideraria-red-criminal-de-los-intocables-de-la-corrupcion-segun-fiscalia\/"]}]},{"@type":"ImageObject","inLanguage":"es-PE","@id":"https:\/\/pulso27.com\/policial\/vizcarra-lideraria-red-criminal-de-los-intocables-de-la-corrupcion-segun-fiscalia\/#primaryimage","url":"https:\/\/pulso27.com\/wp-content\/uploads\/2024\/01\/VSXC.jpg","contentUrl":"https:\/\/pulso27.com\/wp-content\/uploads\/2024\/01\/VSXC.jpg","width":1024,"height":640},{"@type":"BreadcrumbList","@id":"https:\/\/pulso27.com\/policial\/vizcarra-lideraria-red-criminal-de-los-intocables-de-la-corrupcion-segun-fiscalia\/#breadcrumb","itemListElement":[{"@type":"ListItem","position":1,"name":"Portada","item":"https:\/\/pulso27.com\/"},{"@type":"ListItem","position":2,"name":"Vizcarra liderar\u00eda red criminal de Los Intocables de la Corrupci\u00f3n seg\u00fan Fiscal\u00eda"}]},{"@type":"WebSite","@id":"https:\/\/pulso27.com\/en\/#website","url":"https:\/\/pulso27.com\/en\/","name":"Pulso27","description":"Web de noticias y publicidad","publisher":{"@id":"https:\/\/pulso27.com\/en\/#organization"},"alternateName":"El pulso del pueblo","potentialAction":[{"@type":"SearchAction","target":{"@type":"EntryPoint","urlTemplate":"https:\/\/pulso27.com\/en\/?s={search_term_string}"},"query-input":{"@type":"PropertyValueSpecification","valueRequired":true,"valueName":"search_term_string"}}],"inLanguage":"es-PE"},{"@type":"Organization","@id":"https:\/\/pulso27.com\/en\/#organization","name":"Pulso27","url":"https:\/\/pulso27.com\/en\/","logo":{"@type":"ImageObject","inLanguage":"es-PE","@id":"https:\/\/pulso27.com\/en\/#\/schema\/logo\/image\/","url":"https:\/\/pulso27.com\/wp-content\/uploads\/2026\/02\/Logotipo-de-la-organizacion-696-x-696-px-ok.png","contentUrl":"https:\/\/pulso27.com\/wp-content\/uploads\/2026\/02\/Logotipo-de-la-organizacion-696-x-696-px-ok.png","width":696,"height":696,"caption":"Pulso27"},"image":{"@id":"https:\/\/pulso27.com\/en\/#\/schema\/logo\/image\/"},"sameAs":["https:\/\/www.facebook.com\/pulso27\/","https:\/\/x.com\/Pulso_27","https:\/\/www.youtube.com\/@Pulso27","https:\/\/www.tiktok.com\/@pulso_27"]},{"@type":"Person","@id":"https:\/\/pulso27.com\/en\/#\/schema\/person\/d20fd7f5bc7f2e53fd150d43fca07a78","name":"Tupaq","image":{"@type":"ImageObject","inLanguage":"es-PE","@id":"https:\/\/secure.gravatar.com\/avatar\/7929e9b034aeea560319a601e4f04c59eb5f45a79eafe192adabb67e9604e7e7?s=96&d=mm&r=g","url":"https:\/\/secure.gravatar.com\/avatar\/7929e9b034aeea560319a601e4f04c59eb5f45a79eafe192adabb67e9604e7e7?s=96&d=mm&r=g","contentUrl":"https:\/\/secure.gravatar.com\/avatar\/7929e9b034aeea560319a601e4f04c59eb5f45a79eafe192adabb67e9604e7e7?s=96&d=mm&r=g","caption":"Tupaq"},"url":"https:\/\/pulso27.com\/es\/author\/tupaq\/"}]}},"amp_enabled":true,"_links":{"self":[{"href":"https:\/\/pulso27.com\/es\/wp-json\/wp\/v2\/posts\/1237","targetHints":{"allow":["GET"]}}],"collection":[{"href":"https:\/\/pulso27.com\/es\/wp-json\/wp\/v2\/posts"}],"about":[{"href":"https:\/\/pulso27.com\/es\/wp-json\/wp\/v2\/types\/post"}],"author":[{"embeddable":true,"href":"https:\/\/pulso27.com\/es\/wp-json\/wp\/v2\/users\/7"}],"replies":[{"embeddable":true,"href":"https:\/\/pulso27.com\/es\/wp-json\/wp\/v2\/comments?post=1237"}],"version-history":[{"count":1,"href":"https:\/\/pulso27.com\/es\/wp-json\/wp\/v2\/posts\/1237\/revisions"}],"predecessor-version":[{"id":1240,"href":"https:\/\/pulso27.com\/es\/wp-json\/wp\/v2\/posts\/1237\/revisions\/1240"}],"wp:featuredmedia":[{"embeddable":true,"href":"https:\/\/pulso27.com\/es\/wp-json\/wp\/v2\/media\/1238"}],"wp:attachment":[{"href":"https:\/\/pulso27.com\/es\/wp-json\/wp\/v2\/media?parent=1237"}],"wp:term":[{"taxonomy":"category","embeddable":true,"href":"https:\/\/pulso27.com\/es\/wp-json\/wp\/v2\/categories?post=1237"},{"taxonomy":"post_tag","embeddable":true,"href":"https:\/\/pulso27.com\/es\/wp-json\/wp\/v2\/tags?post=1237"}],"curies":[{"name":"wp","href":"https:\/\/api.w.org\/{rel}","templated":true}]}}