{"id":1247,"date":"2024-02-09T22:55:32","date_gmt":"2024-02-09T17:55:32","guid":{"rendered":"https:\/\/pulso27.com\/es\/?p=1247"},"modified":"2024-02-09T22:55:33","modified_gmt":"2024-02-09T17:55:33","slug":"ano-escolar-2024-inicia-el-1-de-marzo-en-peru","status":"publish","type":"post","link":"https:\/\/pulso27.com\/es\/nacional\/ano-escolar-2024-inicia-el-1-de-marzo-en-peru\/","title":{"rendered":"A\u00f1o Escolar 2024 inicia el 1 de marzo en Per\u00fa"},"content":{"rendered":"\n<p>El Ministerio de Educaci\u00f3n del Per\u00fa ha revelado que el 1 de marzo se dar\u00e1 inicio el A\u00f1o Escolar 2024, fecha en la que millones de estudiantes empezar\u00e1n sus clases. \u00bfQu\u00e9 m\u00e1s a informado la instituci\u00f3n en torno a este tema?<\/p>\n\n\n\n<p>C\u00f3mo sabemos, tras el cierre de la etapa de solicitud de vacantes en colegios p\u00fablicos a nivel nacional el pasado 29 de diciembre, se espera que el proceso de revisi\u00f3n de solicitudes se realice del 3 al 8 de enero de 2024. Mientras la asignaci\u00f3n de plazas ser\u00e1 comunicada entre el 8 y el 12 del mismo mes, y la matr\u00edcula oficial se llevar\u00e1 a cabo del 12 al 15 de enero.<\/p>\n\n\n\n<p>Adem\u00e1s, se ha establecido que las clases dar\u00e1n inicio el 1 de marzo, con las vacaciones de mitad de a\u00f1o programadas del 22 de julio al 2 de agosto de 2024.<\/p>\n\n\n\n<p>Con cada inicio de a\u00f1o se renueva la ilusi\u00f3n de ver a hijos y\/o familiares crecer en el aspecto acad\u00e9mico y destacar en colegios ubicados a nivel nacional, pero previamente los padres o apoderados proceden a hacer todo lo posible por asegurar un cupo matricul\u00e1ndolos para el venidero ciclo lectivo, en este caso de 2024, tal y como lo dispone el Minedu mediante el cronograma que avala el proceso de inscripci\u00f3n.<\/p>\n\n\n\n<figure class=\"wp-block-image size-full\"><img loading=\"lazy\" decoding=\"async\" width=\"921\" height=\"525\" src=\"https:\/\/pulso27.com\/wp-content\/uploads\/2024\/02\/image-3.png\" alt=\"\" class=\"wp-image-1251\" srcset=\"https:\/\/pulso27.com\/wp-content\/uploads\/2024\/02\/image-3.png 921w, https:\/\/pulso27.com\/wp-content\/uploads\/2024\/02\/image-3-300x171.png 300w, https:\/\/pulso27.com\/wp-content\/uploads\/2024\/02\/image-3-768x438.png 768w\" sizes=\"auto, (max-width: 921px) 100vw, 921px\" \/><\/figure>\n\n\n\n<p>En medio de las largas colas registradas desde tempranas horas del d\u00eda en los exteriores de instituciones educativas de San Juan de Miraflores, por ejemplo, la DRELM se pronunci\u00f3 al respecto para mediante el Comunicado 010, remarcar en principio que el acceso y continuidad en una escuela p\u00fablica es autom\u00e1tica y tambi\u00e9n gratuita.<\/p>\n\n\n\n<p>Asimismo, y en relaci\u00f3n al Cronograma de Matr\u00edcula 2024, resalta que los colegios de Lima Metropolitana elegidos por los padres, aceptar\u00e1n documentaci\u00f3n vinculada a la obtenci\u00f3n de una vacante a partir del 18 de diciembre, y solo hasta el d\u00eda 29 como parte del proceso regular que consta de 7 etapas.<\/p>\n\n\n\n<p>Fuente: Webs y redes digitales<\/p>\n","protected":false},"excerpt":{"rendered":"<p>El Ministerio de Educaci\u00f3n del Per\u00fa ha revelado que el 1 de marzo se dar\u00e1 inicio el A\u00f1o Escolar 2024, fecha en la que millones de estudiantes empezar\u00e1n sus clases. \u00bfQu\u00e9 m\u00e1s a informado la instituci\u00f3n en torno a este tema? C\u00f3mo sabemos, tras el cierre de la etapa de solicitud de vacantes en colegios [&hellip;]<\/p>\n","protected":false},"author":7,"featured_media":1252,"comment_status":"open","ping_status":"open","sticky":false,"template":"","format":"standard","meta":{"footnotes":""},"categories":[183,174],"tags":[582,583,584],"class_list":["post-1247","post","type-post","status-publish","format-standard","has-post-thumbnail","hentry","category-actualidad","category-nacional","tag-educacion","tag-escuela","tag-minedu"],"yoast_head":"<!-- This site is optimized with the Yoast SEO plugin v27.4 - https:\/\/yoast.com\/product\/yoast-seo-wordpress\/ -->\n<title>A\u00f1o Escolar 2024 inicia el 1 de marzo en Per\u00fa - Pulso27<\/title>\n<meta name=\"robots\" content=\"index, follow, max-snippet:-1, max-image-preview:large, max-video-preview:-1\" \/>\n<link rel=\"canonical\" href=\"https:\/\/pulso27.com\/es\/nacional\/ano-escolar-2024-inicia-el-1-de-marzo-en-peru\/\" \/>\n<meta property=\"og:locale\" content=\"es_ES\" \/>\n<meta property=\"og:type\" content=\"article\" \/>\n<meta property=\"og:title\" content=\"A\u00f1o Escolar 2024 inicia el 1 de marzo en Per\u00fa - Pulso27\" \/>\n<meta property=\"og:description\" content=\"El Ministerio de Educaci\u00f3n del Per\u00fa ha revelado que el 1 de marzo se dar\u00e1 inicio el A\u00f1o Escolar 2024, fecha en la que millones de estudiantes empezar\u00e1n sus clases. \u00bfQu\u00e9 m\u00e1s a informado la instituci\u00f3n en torno a este tema? C\u00f3mo sabemos, tras el cierre de la etapa de solicitud de vacantes en colegios [&hellip;]\" \/>\n<meta property=\"og:url\" content=\"https:\/\/pulso27.com\/es\/nacional\/ano-escolar-2024-inicia-el-1-de-marzo-en-peru\/\" \/>\n<meta property=\"og:site_name\" content=\"Pulso27\" \/>\n<meta property=\"article:publisher\" content=\"https:\/\/www.facebook.com\/pulso27\/\" \/>\n<meta property=\"article:published_time\" content=\"2024-02-09T17:55:32+00:00\" \/>\n<meta property=\"article:modified_time\" content=\"2024-02-09T17:55:33+00:00\" \/>\n<meta property=\"og:image\" content=\"https:\/\/pulso27.com\/wp-content\/uploads\/2024\/02\/esc.jpg\" \/>\n\t<meta property=\"og:image:width\" content=\"580\" \/>\n\t<meta property=\"og:image:height\" content=\"330\" \/>\n\t<meta property=\"og:image:type\" content=\"image\/jpeg\" \/>\n<meta name=\"author\" content=\"Tupaq\" \/>\n<meta name=\"twitter:card\" content=\"summary_large_image\" \/>\n<meta name=\"twitter:creator\" content=\"@Pulso_27\" \/>\n<meta name=\"twitter:site\" content=\"@Pulso_27\" \/>\n<meta name=\"twitter:label1\" content=\"Written by\" \/>\n\t<meta name=\"twitter:data1\" content=\"Tupaq\" \/>\n\t<meta name=\"twitter:label2\" content=\"Est. reading time\" \/>\n\t<meta name=\"twitter:data2\" content=\"2 minutos\" \/>\n<script type=\"application\/ld+json\" class=\"yoast-schema-graph\">{\"@context\":\"https:\\\/\\\/schema.org\",\"@graph\":[{\"@type\":\"Article\",\"@id\":\"https:\\\/\\\/pulso27.com\\\/nacional\\\/ano-escolar-2024-inicia-el-1-de-marzo-en-peru\\\/#article\",\"isPartOf\":{\"@id\":\"https:\\\/\\\/pulso27.com\\\/nacional\\\/ano-escolar-2024-inicia-el-1-de-marzo-en-peru\\\/\"},\"author\":{\"name\":\"Tupaq\",\"@id\":\"https:\\\/\\\/pulso27.com\\\/en\\\/#\\\/schema\\\/person\\\/d20fd7f5bc7f2e53fd150d43fca07a78\"},\"headline\":\"A\u00f1o Escolar 2024 inicia el 1 de marzo en Per\u00fa\",\"datePublished\":\"2024-02-09T17:55:32+00:00\",\"dateModified\":\"2024-02-09T17:55:33+00:00\",\"mainEntityOfPage\":{\"@id\":\"https:\\\/\\\/pulso27.com\\\/nacional\\\/ano-escolar-2024-inicia-el-1-de-marzo-en-peru\\\/\"},\"wordCount\":342,\"commentCount\":0,\"publisher\":{\"@id\":\"https:\\\/\\\/pulso27.com\\\/en\\\/#organization\"},\"image\":{\"@id\":\"https:\\\/\\\/pulso27.com\\\/nacional\\\/ano-escolar-2024-inicia-el-1-de-marzo-en-peru\\\/#primaryimage\"},\"thumbnailUrl\":\"https:\\\/\\\/pulso27.com\\\/wp-content\\\/uploads\\\/2024\\\/02\\\/esc.jpg\",\"keywords\":[\"Educaci\u00f3n\",\"Escuela\",\"MINEDU\"],\"articleSection\":[\"Actualidad\",\"Nacional\"],\"inLanguage\":\"es-PE\",\"potentialAction\":[{\"@type\":\"CommentAction\",\"name\":\"Comment\",\"target\":[\"https:\\\/\\\/pulso27.com\\\/nacional\\\/ano-escolar-2024-inicia-el-1-de-marzo-en-peru\\\/#respond\"]}]},{\"@type\":\"WebPage\",\"@id\":\"https:\\\/\\\/pulso27.com\\\/nacional\\\/ano-escolar-2024-inicia-el-1-de-marzo-en-peru\\\/\",\"url\":\"https:\\\/\\\/pulso27.com\\\/nacional\\\/ano-escolar-2024-inicia-el-1-de-marzo-en-peru\\\/\",\"name\":\"A\u00f1o Escolar 2024 inicia el 1 de marzo en Per\u00fa - Pulso27\",\"isPartOf\":{\"@id\":\"https:\\\/\\\/pulso27.com\\\/en\\\/#website\"},\"primaryImageOfPage\":{\"@id\":\"https:\\\/\\\/pulso27.com\\\/nacional\\\/ano-escolar-2024-inicia-el-1-de-marzo-en-peru\\\/#primaryimage\"},\"image\":{\"@id\":\"https:\\\/\\\/pulso27.com\\\/nacional\\\/ano-escolar-2024-inicia-el-1-de-marzo-en-peru\\\/#primaryimage\"},\"thumbnailUrl\":\"https:\\\/\\\/pulso27.com\\\/wp-content\\\/uploads\\\/2024\\\/02\\\/esc.jpg\",\"datePublished\":\"2024-02-09T17:55:32+00:00\",\"dateModified\":\"2024-02-09T17:55:33+00:00\",\"breadcrumb\":{\"@id\":\"https:\\\/\\\/pulso27.com\\\/nacional\\\/ano-escolar-2024-inicia-el-1-de-marzo-en-peru\\\/#breadcrumb\"},\"inLanguage\":\"es-PE\",\"potentialAction\":[{\"@type\":\"ReadAction\",\"target\":[\"https:\\\/\\\/pulso27.com\\\/nacional\\\/ano-escolar-2024-inicia-el-1-de-marzo-en-peru\\\/\"]}]},{\"@type\":\"ImageObject\",\"inLanguage\":\"es-PE\",\"@id\":\"https:\\\/\\\/pulso27.com\\\/nacional\\\/ano-escolar-2024-inicia-el-1-de-marzo-en-peru\\\/#primaryimage\",\"url\":\"https:\\\/\\\/pulso27.com\\\/wp-content\\\/uploads\\\/2024\\\/02\\\/esc.jpg\",\"contentUrl\":\"https:\\\/\\\/pulso27.com\\\/wp-content\\\/uploads\\\/2024\\\/02\\\/esc.jpg\",\"width\":580,\"height\":330},{\"@type\":\"BreadcrumbList\",\"@id\":\"https:\\\/\\\/pulso27.com\\\/nacional\\\/ano-escolar-2024-inicia-el-1-de-marzo-en-peru\\\/#breadcrumb\",\"itemListElement\":[{\"@type\":\"ListItem\",\"position\":1,\"name\":\"Portada\",\"item\":\"https:\\\/\\\/pulso27.com\\\/\"},{\"@type\":\"ListItem\",\"position\":2,\"name\":\"A\u00f1o Escolar 2024 inicia el 1 de marzo en Per\u00fa\"}]},{\"@type\":\"WebSite\",\"@id\":\"https:\\\/\\\/pulso27.com\\\/en\\\/#website\",\"url\":\"https:\\\/\\\/pulso27.com\\\/en\\\/\",\"name\":\"Pulso27\",\"description\":\"Web de noticias y publicidad\",\"publisher\":{\"@id\":\"https:\\\/\\\/pulso27.com\\\/en\\\/#organization\"},\"alternateName\":\"El pulso del pueblo\",\"potentialAction\":[{\"@type\":\"SearchAction\",\"target\":{\"@type\":\"EntryPoint\",\"urlTemplate\":\"https:\\\/\\\/pulso27.com\\\/en\\\/?s={search_term_string}\"},\"query-input\":{\"@type\":\"PropertyValueSpecification\",\"valueRequired\":true,\"valueName\":\"search_term_string\"}}],\"inLanguage\":\"es-PE\"},{\"@type\":\"Organization\",\"@id\":\"https:\\\/\\\/pulso27.com\\\/en\\\/#organization\",\"name\":\"Pulso27\",\"url\":\"https:\\\/\\\/pulso27.com\\\/en\\\/\",\"logo\":{\"@type\":\"ImageObject\",\"inLanguage\":\"es-PE\",\"@id\":\"https:\\\/\\\/pulso27.com\\\/en\\\/#\\\/schema\\\/logo\\\/image\\\/\",\"url\":\"https:\\\/\\\/pulso27.com\\\/wp-content\\\/uploads\\\/2026\\\/02\\\/Logotipo-de-la-organizacion-696-x-696-px-ok.png\",\"contentUrl\":\"https:\\\/\\\/pulso27.com\\\/wp-content\\\/uploads\\\/2026\\\/02\\\/Logotipo-de-la-organizacion-696-x-696-px-ok.png\",\"width\":696,\"height\":696,\"caption\":\"Pulso27\"},\"image\":{\"@id\":\"https:\\\/\\\/pulso27.com\\\/en\\\/#\\\/schema\\\/logo\\\/image\\\/\"},\"sameAs\":[\"https:\\\/\\\/www.facebook.com\\\/pulso27\\\/\",\"https:\\\/\\\/x.com\\\/Pulso_27\",\"https:\\\/\\\/www.youtube.com\\\/@Pulso27\",\"https:\\\/\\\/www.tiktok.com\\\/@pulso_27\"]},{\"@type\":\"Person\",\"@id\":\"https:\\\/\\\/pulso27.com\\\/en\\\/#\\\/schema\\\/person\\\/d20fd7f5bc7f2e53fd150d43fca07a78\",\"name\":\"Tupaq\",\"image\":{\"@type\":\"ImageObject\",\"inLanguage\":\"es-PE\",\"@id\":\"https:\\\/\\\/secure.gravatar.com\\\/avatar\\\/7929e9b034aeea560319a601e4f04c59eb5f45a79eafe192adabb67e9604e7e7?s=96&d=mm&r=g\",\"url\":\"https:\\\/\\\/secure.gravatar.com\\\/avatar\\\/7929e9b034aeea560319a601e4f04c59eb5f45a79eafe192adabb67e9604e7e7?s=96&d=mm&r=g\",\"contentUrl\":\"https:\\\/\\\/secure.gravatar.com\\\/avatar\\\/7929e9b034aeea560319a601e4f04c59eb5f45a79eafe192adabb67e9604e7e7?s=96&d=mm&r=g\",\"caption\":\"Tupaq\"},\"url\":\"https:\\\/\\\/pulso27.com\\\/es\\\/author\\\/tupaq\\\/\"}]}<\/script>\n<!-- \/ Yoast SEO plugin. -->","yoast_head_json":{"title":"A\u00f1o Escolar 2024 inicia el 1 de marzo en Per\u00fa - Pulso27","robots":{"index":"index","follow":"follow","max-snippet":"max-snippet:-1","max-image-preview":"max-image-preview:large","max-video-preview":"max-video-preview:-1"},"canonical":"https:\/\/pulso27.com\/es\/nacional\/ano-escolar-2024-inicia-el-1-de-marzo-en-peru\/","og_locale":"es_ES","og_type":"article","og_title":"A\u00f1o Escolar 2024 inicia el 1 de marzo en Per\u00fa - Pulso27","og_description":"El Ministerio de Educaci\u00f3n del Per\u00fa ha revelado que el 1 de marzo se dar\u00e1 inicio el A\u00f1o Escolar 2024, fecha en la que millones de estudiantes empezar\u00e1n sus clases. \u00bfQu\u00e9 m\u00e1s a informado la instituci\u00f3n en torno a este tema? C\u00f3mo sabemos, tras el cierre de la etapa de solicitud de vacantes en colegios [&hellip;]","og_url":"https:\/\/pulso27.com\/es\/nacional\/ano-escolar-2024-inicia-el-1-de-marzo-en-peru\/","og_site_name":"Pulso27","article_publisher":"https:\/\/www.facebook.com\/pulso27\/","article_published_time":"2024-02-09T17:55:32+00:00","article_modified_time":"2024-02-09T17:55:33+00:00","og_image":[{"width":580,"height":330,"url":"https:\/\/pulso27.com\/wp-content\/uploads\/2024\/02\/esc.jpg","type":"image\/jpeg"}],"author":"Tupaq","twitter_card":"summary_large_image","twitter_creator":"@Pulso_27","twitter_site":"@Pulso_27","twitter_misc":{"Written by":"Tupaq","Est. reading time":"2 minutos"},"schema":{"@context":"https:\/\/schema.org","@graph":[{"@type":"Article","@id":"https:\/\/pulso27.com\/nacional\/ano-escolar-2024-inicia-el-1-de-marzo-en-peru\/#article","isPartOf":{"@id":"https:\/\/pulso27.com\/nacional\/ano-escolar-2024-inicia-el-1-de-marzo-en-peru\/"},"author":{"name":"Tupaq","@id":"https:\/\/pulso27.com\/en\/#\/schema\/person\/d20fd7f5bc7f2e53fd150d43fca07a78"},"headline":"A\u00f1o Escolar 2024 inicia el 1 de marzo en Per\u00fa","datePublished":"2024-02-09T17:55:32+00:00","dateModified":"2024-02-09T17:55:33+00:00","mainEntityOfPage":{"@id":"https:\/\/pulso27.com\/nacional\/ano-escolar-2024-inicia-el-1-de-marzo-en-peru\/"},"wordCount":342,"commentCount":0,"publisher":{"@id":"https:\/\/pulso27.com\/en\/#organization"},"image":{"@id":"https:\/\/pulso27.com\/nacional\/ano-escolar-2024-inicia-el-1-de-marzo-en-peru\/#primaryimage"},"thumbnailUrl":"https:\/\/pulso27.com\/wp-content\/uploads\/2024\/02\/esc.jpg","keywords":["Educaci\u00f3n","Escuela","MINEDU"],"articleSection":["Actualidad","Nacional"],"inLanguage":"es-PE","potentialAction":[{"@type":"CommentAction","name":"Comment","target":["https:\/\/pulso27.com\/nacional\/ano-escolar-2024-inicia-el-1-de-marzo-en-peru\/#respond"]}]},{"@type":"WebPage","@id":"https:\/\/pulso27.com\/nacional\/ano-escolar-2024-inicia-el-1-de-marzo-en-peru\/","url":"https:\/\/pulso27.com\/nacional\/ano-escolar-2024-inicia-el-1-de-marzo-en-peru\/","name":"A\u00f1o Escolar 2024 inicia el 1 de marzo en Per\u00fa - Pulso27","isPartOf":{"@id":"https:\/\/pulso27.com\/en\/#website"},"primaryImageOfPage":{"@id":"https:\/\/pulso27.com\/nacional\/ano-escolar-2024-inicia-el-1-de-marzo-en-peru\/#primaryimage"},"image":{"@id":"https:\/\/pulso27.com\/nacional\/ano-escolar-2024-inicia-el-1-de-marzo-en-peru\/#primaryimage"},"thumbnailUrl":"https:\/\/pulso27.com\/wp-content\/uploads\/2024\/02\/esc.jpg","datePublished":"2024-02-09T17:55:32+00:00","dateModified":"2024-02-09T17:55:33+00:00","breadcrumb":{"@id":"https:\/\/pulso27.com\/nacional\/ano-escolar-2024-inicia-el-1-de-marzo-en-peru\/#breadcrumb"},"inLanguage":"es-PE","potentialAction":[{"@type":"ReadAction","target":["https:\/\/pulso27.com\/nacional\/ano-escolar-2024-inicia-el-1-de-marzo-en-peru\/"]}]},{"@type":"ImageObject","inLanguage":"es-PE","@id":"https:\/\/pulso27.com\/nacional\/ano-escolar-2024-inicia-el-1-de-marzo-en-peru\/#primaryimage","url":"https:\/\/pulso27.com\/wp-content\/uploads\/2024\/02\/esc.jpg","contentUrl":"https:\/\/pulso27.com\/wp-content\/uploads\/2024\/02\/esc.jpg","width":580,"height":330},{"@type":"BreadcrumbList","@id":"https:\/\/pulso27.com\/nacional\/ano-escolar-2024-inicia-el-1-de-marzo-en-peru\/#breadcrumb","itemListElement":[{"@type":"ListItem","position":1,"name":"Portada","item":"https:\/\/pulso27.com\/"},{"@type":"ListItem","position":2,"name":"A\u00f1o Escolar 2024 inicia el 1 de marzo en Per\u00fa"}]},{"@type":"WebSite","@id":"https:\/\/pulso27.com\/en\/#website","url":"https:\/\/pulso27.com\/en\/","name":"Pulso27","description":"Web de noticias y publicidad","publisher":{"@id":"https:\/\/pulso27.com\/en\/#organization"},"alternateName":"El pulso del pueblo","potentialAction":[{"@type":"SearchAction","target":{"@type":"EntryPoint","urlTemplate":"https:\/\/pulso27.com\/en\/?s={search_term_string}"},"query-input":{"@type":"PropertyValueSpecification","valueRequired":true,"valueName":"search_term_string"}}],"inLanguage":"es-PE"},{"@type":"Organization","@id":"https:\/\/pulso27.com\/en\/#organization","name":"Pulso27","url":"https:\/\/pulso27.com\/en\/","logo":{"@type":"ImageObject","inLanguage":"es-PE","@id":"https:\/\/pulso27.com\/en\/#\/schema\/logo\/image\/","url":"https:\/\/pulso27.com\/wp-content\/uploads\/2026\/02\/Logotipo-de-la-organizacion-696-x-696-px-ok.png","contentUrl":"https:\/\/pulso27.com\/wp-content\/uploads\/2026\/02\/Logotipo-de-la-organizacion-696-x-696-px-ok.png","width":696,"height":696,"caption":"Pulso27"},"image":{"@id":"https:\/\/pulso27.com\/en\/#\/schema\/logo\/image\/"},"sameAs":["https:\/\/www.facebook.com\/pulso27\/","https:\/\/x.com\/Pulso_27","https:\/\/www.youtube.com\/@Pulso27","https:\/\/www.tiktok.com\/@pulso_27"]},{"@type":"Person","@id":"https:\/\/pulso27.com\/en\/#\/schema\/person\/d20fd7f5bc7f2e53fd150d43fca07a78","name":"Tupaq","image":{"@type":"ImageObject","inLanguage":"es-PE","@id":"https:\/\/secure.gravatar.com\/avatar\/7929e9b034aeea560319a601e4f04c59eb5f45a79eafe192adabb67e9604e7e7?s=96&d=mm&r=g","url":"https:\/\/secure.gravatar.com\/avatar\/7929e9b034aeea560319a601e4f04c59eb5f45a79eafe192adabb67e9604e7e7?s=96&d=mm&r=g","contentUrl":"https:\/\/secure.gravatar.com\/avatar\/7929e9b034aeea560319a601e4f04c59eb5f45a79eafe192adabb67e9604e7e7?s=96&d=mm&r=g","caption":"Tupaq"},"url":"https:\/\/pulso27.com\/es\/author\/tupaq\/"}]}},"amp_enabled":true,"_links":{"self":[{"href":"https:\/\/pulso27.com\/es\/wp-json\/wp\/v2\/posts\/1247","targetHints":{"allow":["GET"]}}],"collection":[{"href":"https:\/\/pulso27.com\/es\/wp-json\/wp\/v2\/posts"}],"about":[{"href":"https:\/\/pulso27.com\/es\/wp-json\/wp\/v2\/types\/post"}],"author":[{"embeddable":true,"href":"https:\/\/pulso27.com\/es\/wp-json\/wp\/v2\/users\/7"}],"replies":[{"embeddable":true,"href":"https:\/\/pulso27.com\/es\/wp-json\/wp\/v2\/comments?post=1247"}],"version-history":[{"count":1,"href":"https:\/\/pulso27.com\/es\/wp-json\/wp\/v2\/posts\/1247\/revisions"}],"predecessor-version":[{"id":1253,"href":"https:\/\/pulso27.com\/es\/wp-json\/wp\/v2\/posts\/1247\/revisions\/1253"}],"wp:featuredmedia":[{"embeddable":true,"href":"https:\/\/pulso27.com\/es\/wp-json\/wp\/v2\/media\/1252"}],"wp:attachment":[{"href":"https:\/\/pulso27.com\/es\/wp-json\/wp\/v2\/media?parent=1247"}],"wp:term":[{"taxonomy":"category","embeddable":true,"href":"https:\/\/pulso27.com\/es\/wp-json\/wp\/v2\/categories?post=1247"},{"taxonomy":"post_tag","embeddable":true,"href":"https:\/\/pulso27.com\/es\/wp-json\/wp\/v2\/tags?post=1247"}],"curies":[{"name":"wp","href":"https:\/\/api.w.org\/{rel}","templated":true}]}}