{"id":1272,"date":"2024-02-14T00:58:08","date_gmt":"2024-02-13T19:58:08","guid":{"rendered":"https:\/\/pulso27.com\/?p=1272"},"modified":"2024-02-14T21:12:16","modified_gmt":"2024-02-14T16:12:16","slug":"ejecutivo-evalua-cambios-en-el-gabinete-ministerial-en-las-proximas-horas","status":"publish","type":"post","link":"https:\/\/pulso27.com\/es\/nacional\/ejecutivo-evalua-cambios-en-el-gabinete-ministerial-en-las-proximas-horas\/","title":{"rendered":"Ejecutivo eval\u00faa cambios en el Gabinete ministerial en las pr\u00f3ximas horas"},"content":{"rendered":"\n<p>La&nbsp;<a href=\"https:\/\/rpp.pe\/noticias\/dina-boluarte\">presidenta de la rep\u00fablica Dina Boluarte<\/a>&nbsp;realizar\u00e1 cambios en el<strong>&nbsp;Gabinete ministerial<\/strong>&nbsp;en las pr\u00f3ximas horas, seg\u00fan revelaron fuentes de&nbsp;<em>RPP<\/em>.&nbsp;No obstante, a\u00fan no hay precisi\u00f3n de los ministros que ser\u00edan reemplazados o de la hora exacta en la que tendr\u00e1 lugar la&nbsp;<strong>juramentaci\u00f3n&nbsp;<\/strong>de los nuevos miembros del Gabinete.<\/p>\n\n\n\n<p>Cabe resaltar que estos cambios llegar\u00edan unas horas despu\u00e9s&nbsp;<a href=\"https:\/\/rpp.pe\/politica\/gobierno\/dina-boluarte-dice-que-ministerio-publico-debe-investigar-dichos-de-jaime-villanueva-noticia-1534018\">desde que la jefa de Estado, en declaraciones a la prensa, negara que hubieran fricciones entre ministros.<\/a><\/p>\n\n\n\n<p>\u00abEn principio, el premier, el canciller, los ministros trabajamos&nbsp;<strong>en equipo y muy armoniosamente<\/strong>. Nunca he presenciado una discusi\u00f3n\u00bb, indic\u00f3 la mandataria.<\/p>\n\n\n\n<p>Esto a ra\u00edz de un reportaje del semanario&nbsp;<em>Hildebrant en sus Trece<\/em>&nbsp;que revel\u00f3 un presunto altercado entre el premier&nbsp;<strong>Alberto Ot\u00e1rola&nbsp;<\/strong>y el ministro de Relaciones Exteriores,&nbsp;<strong>Javier Gonz\u00e1lez-Olaechea.<\/strong>&nbsp;Seg\u00fan la informaci\u00f3n, el primero habr\u00eda reclamado al canciller por no haberlo considerado para viajar a Chile&nbsp;<a href=\"https:\/\/rpp.pe\/politica\/actualidad\/sebastian-pinera-y-lo-que-dijo-en-rpp-hace-10-anos-peru-tiene-todo-el-potencial-noticia-1532538\">a asistir al funeral del expresidente chileno Sebasti\u00e1n Pi\u00f1era;<\/a>&nbsp;sino haber designado a la ministra de Vivienda,&nbsp;<strong>Hania P\u00e9rez de Cu\u00e9llar<\/strong>&nbsp;para ese fin. La discusi\u00f3n, seg\u00fan el semanario, habr\u00eda ocurrido delante de la presidenta.&nbsp;<\/p>\n\n\n\n<p><strong>Congreso busca interpelar a dos ministros<\/strong><br>Cabe resaltar que, en los \u00faltimos d\u00edas, diversos congresistas est\u00e1n preparando mociones de interpelaci\u00f3n contra el ministro de Transportes, R\u00e1ul P\u00e9rez-Reyes, y el ministro del Interior, V\u00edctor Torres.<\/p>\n\n\n\n<p>En el caso del titular del MTC, el congresista Wilson Soto (Acci\u00f3n Popular) se encuentra reuniendo firmas para interpelarlo por el retraso en los vuelos que se registr\u00f3 en el aeropuerto Jorge Ch\u00e1vez a inicios del presente mes.<\/p>\n\n\n\n<figure class=\"wp-block-image size-full is-resized\"><img loading=\"lazy\" decoding=\"async\" width=\"600\" height=\"400\" src=\"https:\/\/pulso27.com\/wp-content\/uploads\/2024\/02\/image-5.png\" alt=\"\" class=\"wp-image-1278\" style=\"width:741px;height:auto\" srcset=\"https:\/\/pulso27.com\/wp-content\/uploads\/2024\/02\/image-5.png 600w, https:\/\/pulso27.com\/wp-content\/uploads\/2024\/02\/image-5-300x200.png 300w\" sizes=\"auto, (max-width: 600px) 100vw, 600px\" \/><\/figure>\n\n\n\n<p>\u00abLas declaraciones del titular del sector (sobre dicha situaci\u00f3n) evidencian su falta de idoneidad para el cargo, destac\u00e1ndose por la ineficiencia, incapacidad en la gesti\u00f3n, y principalmente, en el desconocimiento de los acontecimientos que vulneran los derechos de miles de pasajeros\u00bb, indic\u00f3 en su moci\u00f3n.<\/p>\n\n\n\n<blockquote class=\"wp-block-quote is-layout-flow wp-block-quote-is-layout-flow\">\n<p>\u00abLa responsabilidad pol\u00edtica y de gesti\u00f3n del mencionado funcionario se refleja claramente en los incidentes previamente descritos, los cuales, hasta la fecha, no han sido resueltos. Esto sugiere una falta de reconocimiento adecuado de la magnitud del problema persistente, lo cual no solo perjudica, sino que tambi\u00e9n pone en riesgo la vida e integridad de los usuarios del servicio a\u00e9reo\u00bb, agrega.<\/p>\n<\/blockquote>\n\n\n\n<p>En lo que respecta al titular del Mininter, la parlamentaria Kira Alcarraz (Per\u00fa Libre) present\u00f3, la semana pasada, una moci\u00f3n de interpelaci\u00f3n en su contra por su presunta falta de capacidad de gesti\u00f3n para hacer frente a la delincuencia.<\/p>\n\n\n\n<p>\u201cLa entidad encargada de combatir la inseguridad ciudadana est\u00e1 a cargo del Ministerio del Interior y de la Polic\u00eda Nacional del Per\u00fa (PNP); sin embargo, desde el inicio del mandato del ministro se ha visto una falta de acci\u00f3n y tomas de decisiones ante la creciente ola de eventos delictivos y hechos delincuenciales\u201d, indica el documento suscrito por las bancadas Acci\u00f3n Popular, Cambio Democr\u00e1tico-Juntos por el Per\u00fa, Renovaci\u00f3n Popular, Avanza Pa\u00eds y Per\u00fa Libre.<\/p>\n\n\n\n<p>Adem\u00e1s, la congresista cuestion\u00f3 que los estados de emergencia decretados en los distritos lime\u00f1os de San Mart\u00edn de Porres y San Juan de Lurigancho, y en la provincia de Sullana (Piura) no tuvieron los resultados esperados.<\/p>\n\n\n\n<p>Fuente: RPP<\/p>\n","protected":false},"excerpt":{"rendered":"<p>La&nbsp;presidenta de la rep\u00fablica Dina Boluarte&nbsp;realizar\u00e1 cambios en el&nbsp;Gabinete ministerial&nbsp;en las pr\u00f3ximas horas, seg\u00fan revelaron fuentes de&nbsp;RPP.&nbsp;No obstante, a\u00fan no hay precisi\u00f3n de los ministros que ser\u00edan reemplazados o de la hora exacta en la que tendr\u00e1 lugar la&nbsp;juramentaci\u00f3n&nbsp;de los nuevos miembros del Gabinete. Cabe resaltar que estos cambios llegar\u00edan unas horas despu\u00e9s&nbsp;desde que la [&hellip;]<\/p>\n","protected":false},"author":10,"featured_media":1275,"comment_status":"open","ping_status":"open","sticky":false,"template":"","format":"standard","meta":{"footnotes":""},"categories":[183,174,180],"tags":[],"class_list":["post-1272","post","type-post","status-publish","format-standard","has-post-thumbnail","hentry","category-actualidad","category-nacional","category-politica"],"yoast_head":"<!-- This site is optimized with the Yoast SEO plugin v27.4 - https:\/\/yoast.com\/product\/yoast-seo-wordpress\/ -->\n<title>Ejecutivo eval\u00faa cambios en el Gabinete ministerial en las pr\u00f3ximas horas - Pulso27<\/title>\n<meta name=\"robots\" content=\"index, follow, max-snippet:-1, max-image-preview:large, max-video-preview:-1\" \/>\n<link rel=\"canonical\" href=\"https:\/\/pulso27.com\/es\/nacional\/ejecutivo-evalua-cambios-en-el-gabinete-ministerial-en-las-proximas-horas\/\" \/>\n<meta property=\"og:locale\" content=\"es_ES\" \/>\n<meta property=\"og:type\" content=\"article\" \/>\n<meta property=\"og:title\" content=\"Ejecutivo eval\u00faa cambios en el Gabinete ministerial en las pr\u00f3ximas horas - Pulso27\" \/>\n<meta property=\"og:description\" content=\"La&nbsp;presidenta de la rep\u00fablica Dina Boluarte&nbsp;realizar\u00e1 cambios en el&nbsp;Gabinete ministerial&nbsp;en las pr\u00f3ximas horas, seg\u00fan revelaron fuentes de&nbsp;RPP.&nbsp;No obstante, a\u00fan no hay precisi\u00f3n de los ministros que ser\u00edan reemplazados o de la hora exacta en la que tendr\u00e1 lugar la&nbsp;juramentaci\u00f3n&nbsp;de los nuevos miembros del Gabinete. Cabe resaltar que estos cambios llegar\u00edan unas horas despu\u00e9s&nbsp;desde que la [&hellip;]\" \/>\n<meta property=\"og:url\" content=\"https:\/\/pulso27.com\/es\/nacional\/ejecutivo-evalua-cambios-en-el-gabinete-ministerial-en-las-proximas-horas\/\" \/>\n<meta property=\"og:site_name\" content=\"Pulso27\" \/>\n<meta property=\"article:publisher\" content=\"https:\/\/www.facebook.com\/pulso27\/\" \/>\n<meta property=\"article:published_time\" content=\"2024-02-13T19:58:08+00:00\" \/>\n<meta property=\"article:modified_time\" content=\"2024-02-14T16:12:16+00:00\" \/>\n<meta property=\"og:image\" content=\"https:\/\/pulso27.com\/wp-content\/uploads\/2024\/02\/cambios-ministros-feb24-1.png\" \/>\n\t<meta property=\"og:image:width\" content=\"812\" \/>\n\t<meta property=\"og:image:height\" content=\"459\" \/>\n\t<meta property=\"og:image:type\" content=\"image\/png\" \/>\n<meta name=\"author\" content=\"El Muki\" \/>\n<meta name=\"twitter:card\" content=\"summary_large_image\" \/>\n<meta name=\"twitter:creator\" content=\"@Pulso_27\" \/>\n<meta name=\"twitter:site\" content=\"@Pulso_27\" \/>\n<meta name=\"twitter:label1\" content=\"Written by\" \/>\n\t<meta name=\"twitter:data1\" content=\"El Muki\" \/>\n\t<meta name=\"twitter:label2\" content=\"Est. reading time\" \/>\n\t<meta name=\"twitter:data2\" content=\"3 minutos\" \/>\n<script type=\"application\/ld+json\" class=\"yoast-schema-graph\">{\"@context\":\"https:\\\/\\\/schema.org\",\"@graph\":[{\"@type\":\"Article\",\"@id\":\"https:\\\/\\\/pulso27.com\\\/nacional\\\/ejecutivo-evalua-cambios-en-el-gabinete-ministerial-en-las-proximas-horas\\\/#article\",\"isPartOf\":{\"@id\":\"https:\\\/\\\/pulso27.com\\\/nacional\\\/ejecutivo-evalua-cambios-en-el-gabinete-ministerial-en-las-proximas-horas\\\/\"},\"author\":{\"name\":\"El Muki\",\"@id\":\"https:\\\/\\\/pulso27.com\\\/en\\\/#\\\/schema\\\/person\\\/a0930a7f318e7d9d83bd7cffed9f34f6\"},\"headline\":\"Ejecutivo eval\u00faa cambios en el Gabinete ministerial en las pr\u00f3ximas horas\",\"datePublished\":\"2024-02-13T19:58:08+00:00\",\"dateModified\":\"2024-02-14T16:12:16+00:00\",\"mainEntityOfPage\":{\"@id\":\"https:\\\/\\\/pulso27.com\\\/nacional\\\/ejecutivo-evalua-cambios-en-el-gabinete-ministerial-en-las-proximas-horas\\\/\"},\"wordCount\":596,\"commentCount\":0,\"publisher\":{\"@id\":\"https:\\\/\\\/pulso27.com\\\/en\\\/#organization\"},\"image\":{\"@id\":\"https:\\\/\\\/pulso27.com\\\/nacional\\\/ejecutivo-evalua-cambios-en-el-gabinete-ministerial-en-las-proximas-horas\\\/#primaryimage\"},\"thumbnailUrl\":\"https:\\\/\\\/pulso27.com\\\/wp-content\\\/uploads\\\/2024\\\/02\\\/cambios-ministros-feb24-1.png\",\"articleSection\":[\"Actualidad\",\"Nacional\",\"Pol\u00edtica\"],\"inLanguage\":\"es-PE\",\"potentialAction\":[{\"@type\":\"CommentAction\",\"name\":\"Comment\",\"target\":[\"https:\\\/\\\/pulso27.com\\\/nacional\\\/ejecutivo-evalua-cambios-en-el-gabinete-ministerial-en-las-proximas-horas\\\/#respond\"]}]},{\"@type\":\"WebPage\",\"@id\":\"https:\\\/\\\/pulso27.com\\\/nacional\\\/ejecutivo-evalua-cambios-en-el-gabinete-ministerial-en-las-proximas-horas\\\/\",\"url\":\"https:\\\/\\\/pulso27.com\\\/nacional\\\/ejecutivo-evalua-cambios-en-el-gabinete-ministerial-en-las-proximas-horas\\\/\",\"name\":\"Ejecutivo eval\u00faa cambios en el Gabinete ministerial en las pr\u00f3ximas horas - Pulso27\",\"isPartOf\":{\"@id\":\"https:\\\/\\\/pulso27.com\\\/en\\\/#website\"},\"primaryImageOfPage\":{\"@id\":\"https:\\\/\\\/pulso27.com\\\/nacional\\\/ejecutivo-evalua-cambios-en-el-gabinete-ministerial-en-las-proximas-horas\\\/#primaryimage\"},\"image\":{\"@id\":\"https:\\\/\\\/pulso27.com\\\/nacional\\\/ejecutivo-evalua-cambios-en-el-gabinete-ministerial-en-las-proximas-horas\\\/#primaryimage\"},\"thumbnailUrl\":\"https:\\\/\\\/pulso27.com\\\/wp-content\\\/uploads\\\/2024\\\/02\\\/cambios-ministros-feb24-1.png\",\"datePublished\":\"2024-02-13T19:58:08+00:00\",\"dateModified\":\"2024-02-14T16:12:16+00:00\",\"breadcrumb\":{\"@id\":\"https:\\\/\\\/pulso27.com\\\/nacional\\\/ejecutivo-evalua-cambios-en-el-gabinete-ministerial-en-las-proximas-horas\\\/#breadcrumb\"},\"inLanguage\":\"es-PE\",\"potentialAction\":[{\"@type\":\"ReadAction\",\"target\":[\"https:\\\/\\\/pulso27.com\\\/nacional\\\/ejecutivo-evalua-cambios-en-el-gabinete-ministerial-en-las-proximas-horas\\\/\"]}]},{\"@type\":\"ImageObject\",\"inLanguage\":\"es-PE\",\"@id\":\"https:\\\/\\\/pulso27.com\\\/nacional\\\/ejecutivo-evalua-cambios-en-el-gabinete-ministerial-en-las-proximas-horas\\\/#primaryimage\",\"url\":\"https:\\\/\\\/pulso27.com\\\/wp-content\\\/uploads\\\/2024\\\/02\\\/cambios-ministros-feb24-1.png\",\"contentUrl\":\"https:\\\/\\\/pulso27.com\\\/wp-content\\\/uploads\\\/2024\\\/02\\\/cambios-ministros-feb24-1.png\",\"width\":812,\"height\":459},{\"@type\":\"BreadcrumbList\",\"@id\":\"https:\\\/\\\/pulso27.com\\\/nacional\\\/ejecutivo-evalua-cambios-en-el-gabinete-ministerial-en-las-proximas-horas\\\/#breadcrumb\",\"itemListElement\":[{\"@type\":\"ListItem\",\"position\":1,\"name\":\"Portada\",\"item\":\"https:\\\/\\\/pulso27.com\\\/\"},{\"@type\":\"ListItem\",\"position\":2,\"name\":\"Ejecutivo eval\u00faa cambios en el Gabinete ministerial en las pr\u00f3ximas horas\"}]},{\"@type\":\"WebSite\",\"@id\":\"https:\\\/\\\/pulso27.com\\\/en\\\/#website\",\"url\":\"https:\\\/\\\/pulso27.com\\\/en\\\/\",\"name\":\"Pulso27\",\"description\":\"Web de noticias y publicidad\",\"publisher\":{\"@id\":\"https:\\\/\\\/pulso27.com\\\/en\\\/#organization\"},\"alternateName\":\"El pulso del pueblo\",\"potentialAction\":[{\"@type\":\"SearchAction\",\"target\":{\"@type\":\"EntryPoint\",\"urlTemplate\":\"https:\\\/\\\/pulso27.com\\\/en\\\/?s={search_term_string}\"},\"query-input\":{\"@type\":\"PropertyValueSpecification\",\"valueRequired\":true,\"valueName\":\"search_term_string\"}}],\"inLanguage\":\"es-PE\"},{\"@type\":\"Organization\",\"@id\":\"https:\\\/\\\/pulso27.com\\\/en\\\/#organization\",\"name\":\"Pulso27\",\"url\":\"https:\\\/\\\/pulso27.com\\\/en\\\/\",\"logo\":{\"@type\":\"ImageObject\",\"inLanguage\":\"es-PE\",\"@id\":\"https:\\\/\\\/pulso27.com\\\/en\\\/#\\\/schema\\\/logo\\\/image\\\/\",\"url\":\"https:\\\/\\\/pulso27.com\\\/wp-content\\\/uploads\\\/2026\\\/02\\\/Logotipo-de-la-organizacion-696-x-696-px-ok.png\",\"contentUrl\":\"https:\\\/\\\/pulso27.com\\\/wp-content\\\/uploads\\\/2026\\\/02\\\/Logotipo-de-la-organizacion-696-x-696-px-ok.png\",\"width\":696,\"height\":696,\"caption\":\"Pulso27\"},\"image\":{\"@id\":\"https:\\\/\\\/pulso27.com\\\/en\\\/#\\\/schema\\\/logo\\\/image\\\/\"},\"sameAs\":[\"https:\\\/\\\/www.facebook.com\\\/pulso27\\\/\",\"https:\\\/\\\/x.com\\\/Pulso_27\",\"https:\\\/\\\/www.youtube.com\\\/@Pulso27\",\"https:\\\/\\\/www.tiktok.com\\\/@pulso_27\"]},{\"@type\":\"Person\",\"@id\":\"https:\\\/\\\/pulso27.com\\\/en\\\/#\\\/schema\\\/person\\\/a0930a7f318e7d9d83bd7cffed9f34f6\",\"name\":\"El Muki\",\"image\":{\"@type\":\"ImageObject\",\"inLanguage\":\"es-PE\",\"@id\":\"https:\\\/\\\/secure.gravatar.com\\\/avatar\\\/dc91c2607c5eebda74cbb40d13031f489096c96ead89c4c30c17db262267b2b3?s=96&d=mm&r=g\",\"url\":\"https:\\\/\\\/secure.gravatar.com\\\/avatar\\\/dc91c2607c5eebda74cbb40d13031f489096c96ead89c4c30c17db262267b2b3?s=96&d=mm&r=g\",\"contentUrl\":\"https:\\\/\\\/secure.gravatar.com\\\/avatar\\\/dc91c2607c5eebda74cbb40d13031f489096c96ead89c4c30c17db262267b2b3?s=96&d=mm&r=g\",\"caption\":\"El Muki\"},\"sameAs\":[\"http:\\\/\\\/www.pulso27.com\"],\"url\":\"https:\\\/\\\/pulso27.com\\\/es\\\/author\\\/elcuervo\\\/\"}]}<\/script>\n<!-- \/ Yoast SEO plugin. -->","yoast_head_json":{"title":"Ejecutivo eval\u00faa cambios en el Gabinete ministerial en las pr\u00f3ximas horas - Pulso27","robots":{"index":"index","follow":"follow","max-snippet":"max-snippet:-1","max-image-preview":"max-image-preview:large","max-video-preview":"max-video-preview:-1"},"canonical":"https:\/\/pulso27.com\/es\/nacional\/ejecutivo-evalua-cambios-en-el-gabinete-ministerial-en-las-proximas-horas\/","og_locale":"es_ES","og_type":"article","og_title":"Ejecutivo eval\u00faa cambios en el Gabinete ministerial en las pr\u00f3ximas horas - Pulso27","og_description":"La&nbsp;presidenta de la rep\u00fablica Dina Boluarte&nbsp;realizar\u00e1 cambios en el&nbsp;Gabinete ministerial&nbsp;en las pr\u00f3ximas horas, seg\u00fan revelaron fuentes de&nbsp;RPP.&nbsp;No obstante, a\u00fan no hay precisi\u00f3n de los ministros que ser\u00edan reemplazados o de la hora exacta en la que tendr\u00e1 lugar la&nbsp;juramentaci\u00f3n&nbsp;de los nuevos miembros del Gabinete. Cabe resaltar que estos cambios llegar\u00edan unas horas despu\u00e9s&nbsp;desde que la [&hellip;]","og_url":"https:\/\/pulso27.com\/es\/nacional\/ejecutivo-evalua-cambios-en-el-gabinete-ministerial-en-las-proximas-horas\/","og_site_name":"Pulso27","article_publisher":"https:\/\/www.facebook.com\/pulso27\/","article_published_time":"2024-02-13T19:58:08+00:00","article_modified_time":"2024-02-14T16:12:16+00:00","og_image":[{"width":812,"height":459,"url":"https:\/\/pulso27.com\/wp-content\/uploads\/2024\/02\/cambios-ministros-feb24-1.png","type":"image\/png"}],"author":"El Muki","twitter_card":"summary_large_image","twitter_creator":"@Pulso_27","twitter_site":"@Pulso_27","twitter_misc":{"Written by":"El Muki","Est. reading time":"3 minutos"},"schema":{"@context":"https:\/\/schema.org","@graph":[{"@type":"Article","@id":"https:\/\/pulso27.com\/nacional\/ejecutivo-evalua-cambios-en-el-gabinete-ministerial-en-las-proximas-horas\/#article","isPartOf":{"@id":"https:\/\/pulso27.com\/nacional\/ejecutivo-evalua-cambios-en-el-gabinete-ministerial-en-las-proximas-horas\/"},"author":{"name":"El Muki","@id":"https:\/\/pulso27.com\/en\/#\/schema\/person\/a0930a7f318e7d9d83bd7cffed9f34f6"},"headline":"Ejecutivo eval\u00faa cambios en el Gabinete ministerial en las pr\u00f3ximas horas","datePublished":"2024-02-13T19:58:08+00:00","dateModified":"2024-02-14T16:12:16+00:00","mainEntityOfPage":{"@id":"https:\/\/pulso27.com\/nacional\/ejecutivo-evalua-cambios-en-el-gabinete-ministerial-en-las-proximas-horas\/"},"wordCount":596,"commentCount":0,"publisher":{"@id":"https:\/\/pulso27.com\/en\/#organization"},"image":{"@id":"https:\/\/pulso27.com\/nacional\/ejecutivo-evalua-cambios-en-el-gabinete-ministerial-en-las-proximas-horas\/#primaryimage"},"thumbnailUrl":"https:\/\/pulso27.com\/wp-content\/uploads\/2024\/02\/cambios-ministros-feb24-1.png","articleSection":["Actualidad","Nacional","Pol\u00edtica"],"inLanguage":"es-PE","potentialAction":[{"@type":"CommentAction","name":"Comment","target":["https:\/\/pulso27.com\/nacional\/ejecutivo-evalua-cambios-en-el-gabinete-ministerial-en-las-proximas-horas\/#respond"]}]},{"@type":"WebPage","@id":"https:\/\/pulso27.com\/nacional\/ejecutivo-evalua-cambios-en-el-gabinete-ministerial-en-las-proximas-horas\/","url":"https:\/\/pulso27.com\/nacional\/ejecutivo-evalua-cambios-en-el-gabinete-ministerial-en-las-proximas-horas\/","name":"Ejecutivo eval\u00faa cambios en el Gabinete ministerial en las pr\u00f3ximas horas - Pulso27","isPartOf":{"@id":"https:\/\/pulso27.com\/en\/#website"},"primaryImageOfPage":{"@id":"https:\/\/pulso27.com\/nacional\/ejecutivo-evalua-cambios-en-el-gabinete-ministerial-en-las-proximas-horas\/#primaryimage"},"image":{"@id":"https:\/\/pulso27.com\/nacional\/ejecutivo-evalua-cambios-en-el-gabinete-ministerial-en-las-proximas-horas\/#primaryimage"},"thumbnailUrl":"https:\/\/pulso27.com\/wp-content\/uploads\/2024\/02\/cambios-ministros-feb24-1.png","datePublished":"2024-02-13T19:58:08+00:00","dateModified":"2024-02-14T16:12:16+00:00","breadcrumb":{"@id":"https:\/\/pulso27.com\/nacional\/ejecutivo-evalua-cambios-en-el-gabinete-ministerial-en-las-proximas-horas\/#breadcrumb"},"inLanguage":"es-PE","potentialAction":[{"@type":"ReadAction","target":["https:\/\/pulso27.com\/nacional\/ejecutivo-evalua-cambios-en-el-gabinete-ministerial-en-las-proximas-horas\/"]}]},{"@type":"ImageObject","inLanguage":"es-PE","@id":"https:\/\/pulso27.com\/nacional\/ejecutivo-evalua-cambios-en-el-gabinete-ministerial-en-las-proximas-horas\/#primaryimage","url":"https:\/\/pulso27.com\/wp-content\/uploads\/2024\/02\/cambios-ministros-feb24-1.png","contentUrl":"https:\/\/pulso27.com\/wp-content\/uploads\/2024\/02\/cambios-ministros-feb24-1.png","width":812,"height":459},{"@type":"BreadcrumbList","@id":"https:\/\/pulso27.com\/nacional\/ejecutivo-evalua-cambios-en-el-gabinete-ministerial-en-las-proximas-horas\/#breadcrumb","itemListElement":[{"@type":"ListItem","position":1,"name":"Portada","item":"https:\/\/pulso27.com\/"},{"@type":"ListItem","position":2,"name":"Ejecutivo eval\u00faa cambios en el Gabinete ministerial en las pr\u00f3ximas horas"}]},{"@type":"WebSite","@id":"https:\/\/pulso27.com\/en\/#website","url":"https:\/\/pulso27.com\/en\/","name":"Pulso27","description":"Web de noticias y publicidad","publisher":{"@id":"https:\/\/pulso27.com\/en\/#organization"},"alternateName":"El pulso del pueblo","potentialAction":[{"@type":"SearchAction","target":{"@type":"EntryPoint","urlTemplate":"https:\/\/pulso27.com\/en\/?s={search_term_string}"},"query-input":{"@type":"PropertyValueSpecification","valueRequired":true,"valueName":"search_term_string"}}],"inLanguage":"es-PE"},{"@type":"Organization","@id":"https:\/\/pulso27.com\/en\/#organization","name":"Pulso27","url":"https:\/\/pulso27.com\/en\/","logo":{"@type":"ImageObject","inLanguage":"es-PE","@id":"https:\/\/pulso27.com\/en\/#\/schema\/logo\/image\/","url":"https:\/\/pulso27.com\/wp-content\/uploads\/2026\/02\/Logotipo-de-la-organizacion-696-x-696-px-ok.png","contentUrl":"https:\/\/pulso27.com\/wp-content\/uploads\/2026\/02\/Logotipo-de-la-organizacion-696-x-696-px-ok.png","width":696,"height":696,"caption":"Pulso27"},"image":{"@id":"https:\/\/pulso27.com\/en\/#\/schema\/logo\/image\/"},"sameAs":["https:\/\/www.facebook.com\/pulso27\/","https:\/\/x.com\/Pulso_27","https:\/\/www.youtube.com\/@Pulso27","https:\/\/www.tiktok.com\/@pulso_27"]},{"@type":"Person","@id":"https:\/\/pulso27.com\/en\/#\/schema\/person\/a0930a7f318e7d9d83bd7cffed9f34f6","name":"El Muki","image":{"@type":"ImageObject","inLanguage":"es-PE","@id":"https:\/\/secure.gravatar.com\/avatar\/dc91c2607c5eebda74cbb40d13031f489096c96ead89c4c30c17db262267b2b3?s=96&d=mm&r=g","url":"https:\/\/secure.gravatar.com\/avatar\/dc91c2607c5eebda74cbb40d13031f489096c96ead89c4c30c17db262267b2b3?s=96&d=mm&r=g","contentUrl":"https:\/\/secure.gravatar.com\/avatar\/dc91c2607c5eebda74cbb40d13031f489096c96ead89c4c30c17db262267b2b3?s=96&d=mm&r=g","caption":"El Muki"},"sameAs":["http:\/\/www.pulso27.com"],"url":"https:\/\/pulso27.com\/es\/author\/elcuervo\/"}]}},"amp_enabled":true,"_links":{"self":[{"href":"https:\/\/pulso27.com\/es\/wp-json\/wp\/v2\/posts\/1272","targetHints":{"allow":["GET"]}}],"collection":[{"href":"https:\/\/pulso27.com\/es\/wp-json\/wp\/v2\/posts"}],"about":[{"href":"https:\/\/pulso27.com\/es\/wp-json\/wp\/v2\/types\/post"}],"author":[{"embeddable":true,"href":"https:\/\/pulso27.com\/es\/wp-json\/wp\/v2\/users\/10"}],"replies":[{"embeddable":true,"href":"https:\/\/pulso27.com\/es\/wp-json\/wp\/v2\/comments?post=1272"}],"version-history":[{"count":3,"href":"https:\/\/pulso27.com\/es\/wp-json\/wp\/v2\/posts\/1272\/revisions"}],"predecessor-version":[{"id":1280,"href":"https:\/\/pulso27.com\/es\/wp-json\/wp\/v2\/posts\/1272\/revisions\/1280"}],"wp:featuredmedia":[{"embeddable":true,"href":"https:\/\/pulso27.com\/es\/wp-json\/wp\/v2\/media\/1275"}],"wp:attachment":[{"href":"https:\/\/pulso27.com\/es\/wp-json\/wp\/v2\/media?parent=1272"}],"wp:term":[{"taxonomy":"category","embeddable":true,"href":"https:\/\/pulso27.com\/es\/wp-json\/wp\/v2\/categories?post=1272"},{"taxonomy":"post_tag","embeddable":true,"href":"https:\/\/pulso27.com\/es\/wp-json\/wp\/v2\/tags?post=1272"}],"curies":[{"name":"wp","href":"https:\/\/api.w.org\/{rel}","templated":true}]}}