{"id":1277,"date":"2024-02-14T01:08:59","date_gmt":"2024-02-13T20:08:59","guid":{"rendered":"https:\/\/pulso27.com\/?p=1277"},"modified":"2024-02-14T21:16:03","modified_gmt":"2024-02-14T16:16:03","slug":"homenajearon-a-las-victimas-de-las-protestas-en-la-candelaria-de-puno-video","status":"publish","type":"post","link":"https:\/\/pulso27.com\/es\/cultura\/homenajearon-a-las-victimas-de-las-protestas-en-la-candelaria-de-puno-video\/","title":{"rendered":"Homenajearon a las v\u00edctimas de las protestas en la Candelaria de Puno (VIDEO)"},"content":{"rendered":"\n<p>Marco Antonio Samill\u00e1n era parte de una agrupaci\u00f3n de danza antes de ser asesinado en las protestas. En homenaje, cargaron su imagen y ofrecieron un minuto de silencio en la Candelaria.<\/p>\n\n\n\n<p>Con un minuto de silencio en memoria del m\u00e9dico de 29 a\u00f1os fallecido en protestas, Marco Antonio Samill\u00e1n, la Asociaci\u00f3n Juvenil Cabanillas inici\u00f3 su comparsa en la fiesta de la Mamita Candelaria. Samill\u00e1n era parte de esa agrupaci\u00f3n musical de danza antes de ser asesinado cuando salvaba vidas el pasado 9 de enero del 2023.<\/p>\n\n\n\n<p>M\u00e1s tarde, la Escuela de Arte JCM Zambos Tundiques extendi\u00f3 una bandera negro y blanca a lo largo de todo el estadio como homenaje a los fallecidos en las manifestaciones. As\u00ed se vive la Candelaria.<\/p>\n\n\n\n<p>Fuente: Webs y redes sociales de noticias<\/p>\n","protected":false},"excerpt":{"rendered":"<p>Marco Antonio Samill\u00e1n era parte de una agrupaci\u00f3n de danza antes de ser asesinado en las protestas. En homenaje, cargaron su imagen y ofrecieron un minuto de silencio en la Candelaria. Con un minuto de silencio en memoria del m\u00e9dico de 29 a\u00f1os fallecido en protestas, Marco Antonio Samill\u00e1n, la Asociaci\u00f3n Juvenil Cabanillas inici\u00f3 su [&hellip;]<\/p>\n","protected":false},"author":7,"featured_media":1281,"comment_status":"open","ping_status":"open","sticky":false,"template":"","format":"standard","meta":{"footnotes":""},"categories":[393],"tags":[307],"class_list":["post-1277","post","type-post","status-publish","format-standard","has-post-thumbnail","hentry","category-cultura","tag-puno"],"yoast_head":"<!-- This site is optimized with the Yoast SEO plugin v27.4 - https:\/\/yoast.com\/product\/yoast-seo-wordpress\/ -->\n<title>Homenajearon a las v\u00edctimas de las protestas en la Candelaria de Puno (VIDEO) - Pulso27<\/title>\n<meta name=\"robots\" content=\"index, follow, max-snippet:-1, max-image-preview:large, max-video-preview:-1\" \/>\n<link rel=\"canonical\" href=\"https:\/\/pulso27.com\/es\/cultura\/homenajearon-a-las-victimas-de-las-protestas-en-la-candelaria-de-puno-video\/\" \/>\n<meta property=\"og:locale\" content=\"es_ES\" \/>\n<meta property=\"og:type\" content=\"article\" \/>\n<meta property=\"og:title\" content=\"Homenajearon a las v\u00edctimas de las protestas en la Candelaria de Puno (VIDEO) - Pulso27\" \/>\n<meta property=\"og:description\" content=\"Marco Antonio Samill\u00e1n era parte de una agrupaci\u00f3n de danza antes de ser asesinado en las protestas. En homenaje, cargaron su imagen y ofrecieron un minuto de silencio en la Candelaria. Con un minuto de silencio en memoria del m\u00e9dico de 29 a\u00f1os fallecido en protestas, Marco Antonio Samill\u00e1n, la Asociaci\u00f3n Juvenil Cabanillas inici\u00f3 su [&hellip;]\" \/>\n<meta property=\"og:url\" content=\"https:\/\/pulso27.com\/es\/cultura\/homenajearon-a-las-victimas-de-las-protestas-en-la-candelaria-de-puno-video\/\" \/>\n<meta property=\"og:site_name\" content=\"Pulso27\" \/>\n<meta property=\"article:publisher\" content=\"https:\/\/www.facebook.com\/pulso27\/\" \/>\n<meta property=\"article:published_time\" content=\"2024-02-13T20:08:59+00:00\" \/>\n<meta property=\"article:modified_time\" content=\"2024-02-14T16:16:03+00:00\" \/>\n<meta property=\"og:image\" content=\"https:\/\/pulso27.com\/wp-content\/uploads\/2024\/02\/Puno.jpg\" \/>\n\t<meta property=\"og:image:width\" content=\"1200\" \/>\n\t<meta property=\"og:image:height\" content=\"675\" \/>\n\t<meta property=\"og:image:type\" content=\"image\/jpeg\" \/>\n<meta name=\"author\" content=\"Tupaq\" \/>\n<meta name=\"twitter:card\" content=\"summary_large_image\" \/>\n<meta name=\"twitter:creator\" content=\"@Pulso_27\" \/>\n<meta name=\"twitter:site\" content=\"@Pulso_27\" \/>\n<meta name=\"twitter:label1\" content=\"Written by\" \/>\n\t<meta name=\"twitter:data1\" content=\"Tupaq\" \/>\n\t<meta name=\"twitter:label2\" content=\"Est. reading time\" \/>\n\t<meta name=\"twitter:data2\" content=\"1 minuto\" \/>\n<script type=\"application\/ld+json\" class=\"yoast-schema-graph\">{\"@context\":\"https:\\\/\\\/schema.org\",\"@graph\":[{\"@type\":\"Article\",\"@id\":\"https:\\\/\\\/pulso27.com\\\/cultura\\\/homenajearon-a-las-victimas-de-las-protestas-en-la-candelaria-de-puno-video\\\/#article\",\"isPartOf\":{\"@id\":\"https:\\\/\\\/pulso27.com\\\/cultura\\\/homenajearon-a-las-victimas-de-las-protestas-en-la-candelaria-de-puno-video\\\/\"},\"author\":{\"name\":\"Tupaq\",\"@id\":\"https:\\\/\\\/pulso27.com\\\/en\\\/#\\\/schema\\\/person\\\/d20fd7f5bc7f2e53fd150d43fca07a78\"},\"headline\":\"Homenajearon a las v\u00edctimas de las protestas en la Candelaria de Puno (VIDEO)\",\"datePublished\":\"2024-02-13T20:08:59+00:00\",\"dateModified\":\"2024-02-14T16:16:03+00:00\",\"mainEntityOfPage\":{\"@id\":\"https:\\\/\\\/pulso27.com\\\/cultura\\\/homenajearon-a-las-victimas-de-las-protestas-en-la-candelaria-de-puno-video\\\/\"},\"wordCount\":148,\"commentCount\":0,\"publisher\":{\"@id\":\"https:\\\/\\\/pulso27.com\\\/en\\\/#organization\"},\"image\":{\"@id\":\"https:\\\/\\\/pulso27.com\\\/cultura\\\/homenajearon-a-las-victimas-de-las-protestas-en-la-candelaria-de-puno-video\\\/#primaryimage\"},\"thumbnailUrl\":\"https:\\\/\\\/pulso27.com\\\/wp-content\\\/uploads\\\/2024\\\/02\\\/Puno.jpg\",\"keywords\":[\"Puno\"],\"articleSection\":[\"Cultura\"],\"inLanguage\":\"es-PE\",\"potentialAction\":[{\"@type\":\"CommentAction\",\"name\":\"Comment\",\"target\":[\"https:\\\/\\\/pulso27.com\\\/cultura\\\/homenajearon-a-las-victimas-de-las-protestas-en-la-candelaria-de-puno-video\\\/#respond\"]}]},{\"@type\":\"WebPage\",\"@id\":\"https:\\\/\\\/pulso27.com\\\/cultura\\\/homenajearon-a-las-victimas-de-las-protestas-en-la-candelaria-de-puno-video\\\/\",\"url\":\"https:\\\/\\\/pulso27.com\\\/cultura\\\/homenajearon-a-las-victimas-de-las-protestas-en-la-candelaria-de-puno-video\\\/\",\"name\":\"Homenajearon a las v\u00edctimas de las protestas en la Candelaria de Puno (VIDEO) - Pulso27\",\"isPartOf\":{\"@id\":\"https:\\\/\\\/pulso27.com\\\/en\\\/#website\"},\"primaryImageOfPage\":{\"@id\":\"https:\\\/\\\/pulso27.com\\\/cultura\\\/homenajearon-a-las-victimas-de-las-protestas-en-la-candelaria-de-puno-video\\\/#primaryimage\"},\"image\":{\"@id\":\"https:\\\/\\\/pulso27.com\\\/cultura\\\/homenajearon-a-las-victimas-de-las-protestas-en-la-candelaria-de-puno-video\\\/#primaryimage\"},\"thumbnailUrl\":\"https:\\\/\\\/pulso27.com\\\/wp-content\\\/uploads\\\/2024\\\/02\\\/Puno.jpg\",\"datePublished\":\"2024-02-13T20:08:59+00:00\",\"dateModified\":\"2024-02-14T16:16:03+00:00\",\"breadcrumb\":{\"@id\":\"https:\\\/\\\/pulso27.com\\\/cultura\\\/homenajearon-a-las-victimas-de-las-protestas-en-la-candelaria-de-puno-video\\\/#breadcrumb\"},\"inLanguage\":\"es-PE\",\"potentialAction\":[{\"@type\":\"ReadAction\",\"target\":[\"https:\\\/\\\/pulso27.com\\\/cultura\\\/homenajearon-a-las-victimas-de-las-protestas-en-la-candelaria-de-puno-video\\\/\"]}]},{\"@type\":\"ImageObject\",\"inLanguage\":\"es-PE\",\"@id\":\"https:\\\/\\\/pulso27.com\\\/cultura\\\/homenajearon-a-las-victimas-de-las-protestas-en-la-candelaria-de-puno-video\\\/#primaryimage\",\"url\":\"https:\\\/\\\/pulso27.com\\\/wp-content\\\/uploads\\\/2024\\\/02\\\/Puno.jpg\",\"contentUrl\":\"https:\\\/\\\/pulso27.com\\\/wp-content\\\/uploads\\\/2024\\\/02\\\/Puno.jpg\",\"width\":1200,\"height\":675},{\"@type\":\"BreadcrumbList\",\"@id\":\"https:\\\/\\\/pulso27.com\\\/cultura\\\/homenajearon-a-las-victimas-de-las-protestas-en-la-candelaria-de-puno-video\\\/#breadcrumb\",\"itemListElement\":[{\"@type\":\"ListItem\",\"position\":1,\"name\":\"Portada\",\"item\":\"https:\\\/\\\/pulso27.com\\\/\"},{\"@type\":\"ListItem\",\"position\":2,\"name\":\"Homenajearon a las v\u00edctimas de las protestas en la Candelaria de Puno (VIDEO)\"}]},{\"@type\":\"WebSite\",\"@id\":\"https:\\\/\\\/pulso27.com\\\/en\\\/#website\",\"url\":\"https:\\\/\\\/pulso27.com\\\/en\\\/\",\"name\":\"Pulso27\",\"description\":\"Web de noticias y publicidad\",\"publisher\":{\"@id\":\"https:\\\/\\\/pulso27.com\\\/en\\\/#organization\"},\"alternateName\":\"El pulso del pueblo\",\"potentialAction\":[{\"@type\":\"SearchAction\",\"target\":{\"@type\":\"EntryPoint\",\"urlTemplate\":\"https:\\\/\\\/pulso27.com\\\/en\\\/?s={search_term_string}\"},\"query-input\":{\"@type\":\"PropertyValueSpecification\",\"valueRequired\":true,\"valueName\":\"search_term_string\"}}],\"inLanguage\":\"es-PE\"},{\"@type\":\"Organization\",\"@id\":\"https:\\\/\\\/pulso27.com\\\/en\\\/#organization\",\"name\":\"Pulso27\",\"url\":\"https:\\\/\\\/pulso27.com\\\/en\\\/\",\"logo\":{\"@type\":\"ImageObject\",\"inLanguage\":\"es-PE\",\"@id\":\"https:\\\/\\\/pulso27.com\\\/en\\\/#\\\/schema\\\/logo\\\/image\\\/\",\"url\":\"https:\\\/\\\/pulso27.com\\\/wp-content\\\/uploads\\\/2026\\\/02\\\/Logotipo-de-la-organizacion-696-x-696-px-ok.png\",\"contentUrl\":\"https:\\\/\\\/pulso27.com\\\/wp-content\\\/uploads\\\/2026\\\/02\\\/Logotipo-de-la-organizacion-696-x-696-px-ok.png\",\"width\":696,\"height\":696,\"caption\":\"Pulso27\"},\"image\":{\"@id\":\"https:\\\/\\\/pulso27.com\\\/en\\\/#\\\/schema\\\/logo\\\/image\\\/\"},\"sameAs\":[\"https:\\\/\\\/www.facebook.com\\\/pulso27\\\/\",\"https:\\\/\\\/x.com\\\/Pulso_27\",\"https:\\\/\\\/www.youtube.com\\\/@Pulso27\",\"https:\\\/\\\/www.tiktok.com\\\/@pulso_27\"]},{\"@type\":\"Person\",\"@id\":\"https:\\\/\\\/pulso27.com\\\/en\\\/#\\\/schema\\\/person\\\/d20fd7f5bc7f2e53fd150d43fca07a78\",\"name\":\"Tupaq\",\"image\":{\"@type\":\"ImageObject\",\"inLanguage\":\"es-PE\",\"@id\":\"https:\\\/\\\/secure.gravatar.com\\\/avatar\\\/7929e9b034aeea560319a601e4f04c59eb5f45a79eafe192adabb67e9604e7e7?s=96&d=mm&r=g\",\"url\":\"https:\\\/\\\/secure.gravatar.com\\\/avatar\\\/7929e9b034aeea560319a601e4f04c59eb5f45a79eafe192adabb67e9604e7e7?s=96&d=mm&r=g\",\"contentUrl\":\"https:\\\/\\\/secure.gravatar.com\\\/avatar\\\/7929e9b034aeea560319a601e4f04c59eb5f45a79eafe192adabb67e9604e7e7?s=96&d=mm&r=g\",\"caption\":\"Tupaq\"},\"url\":\"https:\\\/\\\/pulso27.com\\\/es\\\/author\\\/tupaq\\\/\"}]}<\/script>\n<!-- \/ Yoast SEO plugin. -->","yoast_head_json":{"title":"Homenajearon a las v\u00edctimas de las protestas en la Candelaria de Puno (VIDEO) - Pulso27","robots":{"index":"index","follow":"follow","max-snippet":"max-snippet:-1","max-image-preview":"max-image-preview:large","max-video-preview":"max-video-preview:-1"},"canonical":"https:\/\/pulso27.com\/es\/cultura\/homenajearon-a-las-victimas-de-las-protestas-en-la-candelaria-de-puno-video\/","og_locale":"es_ES","og_type":"article","og_title":"Homenajearon a las v\u00edctimas de las protestas en la Candelaria de Puno (VIDEO) - Pulso27","og_description":"Marco Antonio Samill\u00e1n era parte de una agrupaci\u00f3n de danza antes de ser asesinado en las protestas. En homenaje, cargaron su imagen y ofrecieron un minuto de silencio en la Candelaria. Con un minuto de silencio en memoria del m\u00e9dico de 29 a\u00f1os fallecido en protestas, Marco Antonio Samill\u00e1n, la Asociaci\u00f3n Juvenil Cabanillas inici\u00f3 su [&hellip;]","og_url":"https:\/\/pulso27.com\/es\/cultura\/homenajearon-a-las-victimas-de-las-protestas-en-la-candelaria-de-puno-video\/","og_site_name":"Pulso27","article_publisher":"https:\/\/www.facebook.com\/pulso27\/","article_published_time":"2024-02-13T20:08:59+00:00","article_modified_time":"2024-02-14T16:16:03+00:00","og_image":[{"width":1200,"height":675,"url":"https:\/\/pulso27.com\/wp-content\/uploads\/2024\/02\/Puno.jpg","type":"image\/jpeg"}],"author":"Tupaq","twitter_card":"summary_large_image","twitter_creator":"@Pulso_27","twitter_site":"@Pulso_27","twitter_misc":{"Written by":"Tupaq","Est. reading time":"1 minuto"},"schema":{"@context":"https:\/\/schema.org","@graph":[{"@type":"Article","@id":"https:\/\/pulso27.com\/cultura\/homenajearon-a-las-victimas-de-las-protestas-en-la-candelaria-de-puno-video\/#article","isPartOf":{"@id":"https:\/\/pulso27.com\/cultura\/homenajearon-a-las-victimas-de-las-protestas-en-la-candelaria-de-puno-video\/"},"author":{"name":"Tupaq","@id":"https:\/\/pulso27.com\/en\/#\/schema\/person\/d20fd7f5bc7f2e53fd150d43fca07a78"},"headline":"Homenajearon a las v\u00edctimas de las protestas en la Candelaria de Puno (VIDEO)","datePublished":"2024-02-13T20:08:59+00:00","dateModified":"2024-02-14T16:16:03+00:00","mainEntityOfPage":{"@id":"https:\/\/pulso27.com\/cultura\/homenajearon-a-las-victimas-de-las-protestas-en-la-candelaria-de-puno-video\/"},"wordCount":148,"commentCount":0,"publisher":{"@id":"https:\/\/pulso27.com\/en\/#organization"},"image":{"@id":"https:\/\/pulso27.com\/cultura\/homenajearon-a-las-victimas-de-las-protestas-en-la-candelaria-de-puno-video\/#primaryimage"},"thumbnailUrl":"https:\/\/pulso27.com\/wp-content\/uploads\/2024\/02\/Puno.jpg","keywords":["Puno"],"articleSection":["Cultura"],"inLanguage":"es-PE","potentialAction":[{"@type":"CommentAction","name":"Comment","target":["https:\/\/pulso27.com\/cultura\/homenajearon-a-las-victimas-de-las-protestas-en-la-candelaria-de-puno-video\/#respond"]}]},{"@type":"WebPage","@id":"https:\/\/pulso27.com\/cultura\/homenajearon-a-las-victimas-de-las-protestas-en-la-candelaria-de-puno-video\/","url":"https:\/\/pulso27.com\/cultura\/homenajearon-a-las-victimas-de-las-protestas-en-la-candelaria-de-puno-video\/","name":"Homenajearon a las v\u00edctimas de las protestas en la Candelaria de Puno (VIDEO) - Pulso27","isPartOf":{"@id":"https:\/\/pulso27.com\/en\/#website"},"primaryImageOfPage":{"@id":"https:\/\/pulso27.com\/cultura\/homenajearon-a-las-victimas-de-las-protestas-en-la-candelaria-de-puno-video\/#primaryimage"},"image":{"@id":"https:\/\/pulso27.com\/cultura\/homenajearon-a-las-victimas-de-las-protestas-en-la-candelaria-de-puno-video\/#primaryimage"},"thumbnailUrl":"https:\/\/pulso27.com\/wp-content\/uploads\/2024\/02\/Puno.jpg","datePublished":"2024-02-13T20:08:59+00:00","dateModified":"2024-02-14T16:16:03+00:00","breadcrumb":{"@id":"https:\/\/pulso27.com\/cultura\/homenajearon-a-las-victimas-de-las-protestas-en-la-candelaria-de-puno-video\/#breadcrumb"},"inLanguage":"es-PE","potentialAction":[{"@type":"ReadAction","target":["https:\/\/pulso27.com\/cultura\/homenajearon-a-las-victimas-de-las-protestas-en-la-candelaria-de-puno-video\/"]}]},{"@type":"ImageObject","inLanguage":"es-PE","@id":"https:\/\/pulso27.com\/cultura\/homenajearon-a-las-victimas-de-las-protestas-en-la-candelaria-de-puno-video\/#primaryimage","url":"https:\/\/pulso27.com\/wp-content\/uploads\/2024\/02\/Puno.jpg","contentUrl":"https:\/\/pulso27.com\/wp-content\/uploads\/2024\/02\/Puno.jpg","width":1200,"height":675},{"@type":"BreadcrumbList","@id":"https:\/\/pulso27.com\/cultura\/homenajearon-a-las-victimas-de-las-protestas-en-la-candelaria-de-puno-video\/#breadcrumb","itemListElement":[{"@type":"ListItem","position":1,"name":"Portada","item":"https:\/\/pulso27.com\/"},{"@type":"ListItem","position":2,"name":"Homenajearon a las v\u00edctimas de las protestas en la Candelaria de Puno (VIDEO)"}]},{"@type":"WebSite","@id":"https:\/\/pulso27.com\/en\/#website","url":"https:\/\/pulso27.com\/en\/","name":"Pulso27","description":"Web de noticias y publicidad","publisher":{"@id":"https:\/\/pulso27.com\/en\/#organization"},"alternateName":"El pulso del pueblo","potentialAction":[{"@type":"SearchAction","target":{"@type":"EntryPoint","urlTemplate":"https:\/\/pulso27.com\/en\/?s={search_term_string}"},"query-input":{"@type":"PropertyValueSpecification","valueRequired":true,"valueName":"search_term_string"}}],"inLanguage":"es-PE"},{"@type":"Organization","@id":"https:\/\/pulso27.com\/en\/#organization","name":"Pulso27","url":"https:\/\/pulso27.com\/en\/","logo":{"@type":"ImageObject","inLanguage":"es-PE","@id":"https:\/\/pulso27.com\/en\/#\/schema\/logo\/image\/","url":"https:\/\/pulso27.com\/wp-content\/uploads\/2026\/02\/Logotipo-de-la-organizacion-696-x-696-px-ok.png","contentUrl":"https:\/\/pulso27.com\/wp-content\/uploads\/2026\/02\/Logotipo-de-la-organizacion-696-x-696-px-ok.png","width":696,"height":696,"caption":"Pulso27"},"image":{"@id":"https:\/\/pulso27.com\/en\/#\/schema\/logo\/image\/"},"sameAs":["https:\/\/www.facebook.com\/pulso27\/","https:\/\/x.com\/Pulso_27","https:\/\/www.youtube.com\/@Pulso27","https:\/\/www.tiktok.com\/@pulso_27"]},{"@type":"Person","@id":"https:\/\/pulso27.com\/en\/#\/schema\/person\/d20fd7f5bc7f2e53fd150d43fca07a78","name":"Tupaq","image":{"@type":"ImageObject","inLanguage":"es-PE","@id":"https:\/\/secure.gravatar.com\/avatar\/7929e9b034aeea560319a601e4f04c59eb5f45a79eafe192adabb67e9604e7e7?s=96&d=mm&r=g","url":"https:\/\/secure.gravatar.com\/avatar\/7929e9b034aeea560319a601e4f04c59eb5f45a79eafe192adabb67e9604e7e7?s=96&d=mm&r=g","contentUrl":"https:\/\/secure.gravatar.com\/avatar\/7929e9b034aeea560319a601e4f04c59eb5f45a79eafe192adabb67e9604e7e7?s=96&d=mm&r=g","caption":"Tupaq"},"url":"https:\/\/pulso27.com\/es\/author\/tupaq\/"}]}},"amp_enabled":true,"_links":{"self":[{"href":"https:\/\/pulso27.com\/es\/wp-json\/wp\/v2\/posts\/1277","targetHints":{"allow":["GET"]}}],"collection":[{"href":"https:\/\/pulso27.com\/es\/wp-json\/wp\/v2\/posts"}],"about":[{"href":"https:\/\/pulso27.com\/es\/wp-json\/wp\/v2\/types\/post"}],"author":[{"embeddable":true,"href":"https:\/\/pulso27.com\/es\/wp-json\/wp\/v2\/users\/7"}],"replies":[{"embeddable":true,"href":"https:\/\/pulso27.com\/es\/wp-json\/wp\/v2\/comments?post=1277"}],"version-history":[{"count":1,"href":"https:\/\/pulso27.com\/es\/wp-json\/wp\/v2\/posts\/1277\/revisions"}],"predecessor-version":[{"id":1282,"href":"https:\/\/pulso27.com\/es\/wp-json\/wp\/v2\/posts\/1277\/revisions\/1282"}],"wp:featuredmedia":[{"embeddable":true,"href":"https:\/\/pulso27.com\/es\/wp-json\/wp\/v2\/media\/1281"}],"wp:attachment":[{"href":"https:\/\/pulso27.com\/es\/wp-json\/wp\/v2\/media?parent=1277"}],"wp:term":[{"taxonomy":"category","embeddable":true,"href":"https:\/\/pulso27.com\/es\/wp-json\/wp\/v2\/categories?post=1277"},{"taxonomy":"post_tag","embeddable":true,"href":"https:\/\/pulso27.com\/es\/wp-json\/wp\/v2\/tags?post=1277"}],"curies":[{"name":"wp","href":"https:\/\/api.w.org\/{rel}","templated":true}]}}