{"id":1297,"date":"2024-02-14T16:34:34","date_gmt":"2024-02-14T11:34:34","guid":{"rendered":"https:\/\/pulso27.com\/?p=1297"},"modified":"2024-11-02T08:55:06","modified_gmt":"2024-11-02T03:55:06","slug":"vecinos-protestan-y-anuncian-revocatoria-del-alcalde-de-miraflores-carlos-canales","status":"publish","type":"post","link":"https:\/\/pulso27.com\/es\/actualidad\/vecinos-protestan-y-anuncian-revocatoria-del-alcalde-de-miraflores-carlos-canales\/","title":{"rendered":"Vecinos protestan y anuncian revocatoria del alcalde de Miraflores Carlos Canales"},"content":{"rendered":"\n<p>Los vecinos de Miraflores realizaron este martes una protesta contra el alcalde del distrito, Carlos Canales, en el frontis del municipio. Esto para expresar su descontento con la gesti\u00f3n que realiza desde que asumi\u00f3 el cargo. Cuestionan desde 2023 las nuevas medidas anunciadas por el municipio en relaci\u00f3n a las actividades deportivas y recreativas en espacios verdes (parques).<\/p>\n\n\n\n<p>La movilizaci\u00f3n tambi\u00e9n se dio por las principales calles del distrito y en el parque Kennedy. Los vecinos exigen la revocatoria del alcalde por las restricciones en los espacios p\u00fablicos que perjudican a vecinos y deportistas.<\/p>\n\n\n\n<p>La manifestaci\u00f3n ocup\u00f3 al menos unas seis cuadras y no gener\u00f3 actos violentos ni desmanes. Ning\u00fan funcionario de la Municipalidad de Miraflores sali\u00f3 para recibir con los vecinos.<\/p>\n\n\n\n<p>Calificaron como \u00abarbitraria\u00bb la medida por el hecho de tener que pagar cuotas si desean continuar con este tipo de actividades, adem\u00e1s de presentar solicitud previa y luego esperar un plazo sin determinar.<\/p>\n\n\n\n<figure class=\"wp-block-image size-large\"><img loading=\"lazy\" decoding=\"async\" width=\"1024\" height=\"529\" src=\"https:\/\/pulso27.com\/wp-content\/uploads\/2024\/02\/Miraflores-1-1024x529.png\" alt=\"\" class=\"wp-image-1301\" srcset=\"https:\/\/pulso27.com\/wp-content\/uploads\/2024\/02\/Miraflores-1-1024x529.png 1024w, https:\/\/pulso27.com\/wp-content\/uploads\/2024\/02\/Miraflores-1-300x155.png 300w, https:\/\/pulso27.com\/wp-content\/uploads\/2024\/02\/Miraflores-1-768x397.png 768w, https:\/\/pulso27.com\/wp-content\/uploads\/2024\/02\/Miraflores-1-18x9.png 18w, https:\/\/pulso27.com\/wp-content\/uploads\/2024\/02\/Miraflores-1.png 1278w\" sizes=\"auto, (max-width: 1024px) 100vw, 1024px\" \/><\/figure>\n\n\n\n<p>\u00abAqu\u00ed se hace ejercicio de manera m\u00e1s saludable y respetuosa, no hacemos ruidos. El tai chi es un deporte super silencioso. En mi caso soy adulta mayor. Entonces necesito venir a hacer mi ejercicio tranquilo, no puedo hacerlo encerrada ni en un horario que quiera poner el se\u00f1or alcalde. No puede cortarnos\u00bb, cont\u00f3 una vecina a RPP Noticias.<\/p>\n\n\n\n<p>Carlos Canales, alcalde de Miraflores, se\u00f1al\u00f3 en ese momento que su distrito \u00abjam\u00e1s ha prohibido el uso y disfrute de sus parque\u00bb y que<br>las \u00faltimas medidas anunciadas -como regular los picnics y las actividades f\u00edsicas al aire libre- tienen como objetivo reordenar el uso de espacios p\u00fablicos ante la queja de los vecinos por ruidos molestos.<\/p>\n\n\n\n<p>\u00abLo que hemos pedido siempre es que no debemos perjudicar a los vecinos o a las personas con el ruido que podr\u00edan generar los parlantes a las 6 a.m. o de traer equipos de gimnasia a las 5:30 a.m., lo cual podr\u00eda alterar el orden\u00bb, se\u00f1al\u00f3 durante una entrevista en La Rotativa del Aire de RPP.<\/p>\n\n\n\n<p>Fuente: Webs y redes digitales de noticias<\/p>\n","protected":false},"excerpt":{"rendered":"<p>Los vecinos de Miraflores realizaron este martes una protesta contra el alcalde del distrito, Carlos Canales, en el frontis del municipio. Esto para expresar su descontento con la gesti\u00f3n que realiza desde que asumi\u00f3 el cargo. Cuestionan desde 2023 las nuevas medidas anunciadas por el municipio en relaci\u00f3n a las actividades deportivas y recreativas en [&hellip;]<\/p>\n","protected":false},"author":11,"featured_media":1298,"comment_status":"open","ping_status":"open","sticky":false,"template":"","format":"standard","meta":{"footnotes":""},"categories":[183],"tags":[589,591,590],"class_list":["post-1297","post","type-post","status-publish","format-standard","has-post-thumbnail","hentry","category-actualidad","tag-miraflores","tag-protesta","tag-revocatoria"],"yoast_head":"<!-- This site is optimized with the Yoast SEO plugin v27.4 - https:\/\/yoast.com\/product\/yoast-seo-wordpress\/ -->\n<title>Vecinos protestan y anuncian revocatoria del alcalde de Miraflores Carlos Canales - Pulso27<\/title>\n<meta name=\"robots\" content=\"index, follow, max-snippet:-1, max-image-preview:large, max-video-preview:-1\" \/>\n<link rel=\"canonical\" href=\"https:\/\/pulso27.com\/es\/actualidad\/vecinos-protestan-y-anuncian-revocatoria-del-alcalde-de-miraflores-carlos-canales\/\" \/>\n<meta property=\"og:locale\" content=\"es_ES\" \/>\n<meta property=\"og:type\" content=\"article\" \/>\n<meta property=\"og:title\" content=\"Vecinos protestan y anuncian revocatoria del alcalde de Miraflores Carlos Canales - Pulso27\" \/>\n<meta property=\"og:description\" content=\"Los vecinos de Miraflores realizaron este martes una protesta contra el alcalde del distrito, Carlos Canales, en el frontis del municipio. Esto para expresar su descontento con la gesti\u00f3n que realiza desde que asumi\u00f3 el cargo. Cuestionan desde 2023 las nuevas medidas anunciadas por el municipio en relaci\u00f3n a las actividades deportivas y recreativas en [&hellip;]\" \/>\n<meta property=\"og:url\" content=\"https:\/\/pulso27.com\/es\/actualidad\/vecinos-protestan-y-anuncian-revocatoria-del-alcalde-de-miraflores-carlos-canales\/\" \/>\n<meta property=\"og:site_name\" content=\"Pulso27\" \/>\n<meta property=\"article:publisher\" content=\"https:\/\/www.facebook.com\/pulso27\/\" \/>\n<meta property=\"article:author\" content=\"https:\/\/www.facebook.com\/pulso27\" \/>\n<meta property=\"article:published_time\" content=\"2024-02-14T11:34:34+00:00\" \/>\n<meta property=\"article:modified_time\" content=\"2024-11-02T03:55:06+00:00\" \/>\n<meta property=\"og:image\" content=\"https:\/\/pulso27.com\/wp-content\/uploads\/2024\/02\/Miraf.jpg\" \/>\n\t<meta property=\"og:image:width\" content=\"1200\" \/>\n\t<meta property=\"og:image:height\" content=\"675\" \/>\n\t<meta property=\"og:image:type\" content=\"image\/jpeg\" \/>\n<meta name=\"author\" content=\"Editor\" \/>\n<meta name=\"twitter:card\" content=\"summary_large_image\" \/>\n<meta name=\"twitter:creator\" content=\"@https:\/\/x.com\/Pulso_27\" \/>\n<meta name=\"twitter:site\" content=\"@Pulso_27\" \/>\n<meta name=\"twitter:label1\" content=\"Written by\" \/>\n\t<meta name=\"twitter:data1\" content=\"Editor\" \/>\n\t<meta name=\"twitter:label2\" content=\"Est. reading time\" \/>\n\t<meta name=\"twitter:data2\" content=\"2 minutos\" \/>\n<script type=\"application\/ld+json\" class=\"yoast-schema-graph\">{\"@context\":\"https:\\\/\\\/schema.org\",\"@graph\":[{\"@type\":\"Article\",\"@id\":\"https:\\\/\\\/pulso27.com\\\/actualidad\\\/vecinos-protestan-y-anuncian-revocatoria-del-alcalde-de-miraflores-carlos-canales\\\/#article\",\"isPartOf\":{\"@id\":\"https:\\\/\\\/pulso27.com\\\/actualidad\\\/vecinos-protestan-y-anuncian-revocatoria-del-alcalde-de-miraflores-carlos-canales\\\/\"},\"author\":{\"name\":\"Editor\",\"@id\":\"https:\\\/\\\/pulso27.com\\\/en\\\/#\\\/schema\\\/person\\\/e0da4cfacbab724cbf4ab44bcc030735\"},\"headline\":\"Vecinos protestan y anuncian revocatoria del alcalde de Miraflores Carlos Canales\",\"datePublished\":\"2024-02-14T11:34:34+00:00\",\"dateModified\":\"2024-11-02T03:55:06+00:00\",\"mainEntityOfPage\":{\"@id\":\"https:\\\/\\\/pulso27.com\\\/actualidad\\\/vecinos-protestan-y-anuncian-revocatoria-del-alcalde-de-miraflores-carlos-canales\\\/\"},\"wordCount\":359,\"commentCount\":0,\"publisher\":{\"@id\":\"https:\\\/\\\/pulso27.com\\\/en\\\/#organization\"},\"image\":{\"@id\":\"https:\\\/\\\/pulso27.com\\\/actualidad\\\/vecinos-protestan-y-anuncian-revocatoria-del-alcalde-de-miraflores-carlos-canales\\\/#primaryimage\"},\"thumbnailUrl\":\"https:\\\/\\\/pulso27.com\\\/wp-content\\\/uploads\\\/2024\\\/02\\\/Miraf.jpg\",\"keywords\":[\"Miraflores\",\"Protesta\",\"Revocatoria\"],\"articleSection\":[\"Actualidad\"],\"inLanguage\":\"es-PE\",\"potentialAction\":[{\"@type\":\"CommentAction\",\"name\":\"Comment\",\"target\":[\"https:\\\/\\\/pulso27.com\\\/actualidad\\\/vecinos-protestan-y-anuncian-revocatoria-del-alcalde-de-miraflores-carlos-canales\\\/#respond\"]}]},{\"@type\":\"WebPage\",\"@id\":\"https:\\\/\\\/pulso27.com\\\/actualidad\\\/vecinos-protestan-y-anuncian-revocatoria-del-alcalde-de-miraflores-carlos-canales\\\/\",\"url\":\"https:\\\/\\\/pulso27.com\\\/actualidad\\\/vecinos-protestan-y-anuncian-revocatoria-del-alcalde-de-miraflores-carlos-canales\\\/\",\"name\":\"Vecinos protestan y anuncian revocatoria del alcalde de Miraflores Carlos Canales - Pulso27\",\"isPartOf\":{\"@id\":\"https:\\\/\\\/pulso27.com\\\/en\\\/#website\"},\"primaryImageOfPage\":{\"@id\":\"https:\\\/\\\/pulso27.com\\\/actualidad\\\/vecinos-protestan-y-anuncian-revocatoria-del-alcalde-de-miraflores-carlos-canales\\\/#primaryimage\"},\"image\":{\"@id\":\"https:\\\/\\\/pulso27.com\\\/actualidad\\\/vecinos-protestan-y-anuncian-revocatoria-del-alcalde-de-miraflores-carlos-canales\\\/#primaryimage\"},\"thumbnailUrl\":\"https:\\\/\\\/pulso27.com\\\/wp-content\\\/uploads\\\/2024\\\/02\\\/Miraf.jpg\",\"datePublished\":\"2024-02-14T11:34:34+00:00\",\"dateModified\":\"2024-11-02T03:55:06+00:00\",\"breadcrumb\":{\"@id\":\"https:\\\/\\\/pulso27.com\\\/actualidad\\\/vecinos-protestan-y-anuncian-revocatoria-del-alcalde-de-miraflores-carlos-canales\\\/#breadcrumb\"},\"inLanguage\":\"es-PE\",\"potentialAction\":[{\"@type\":\"ReadAction\",\"target\":[\"https:\\\/\\\/pulso27.com\\\/actualidad\\\/vecinos-protestan-y-anuncian-revocatoria-del-alcalde-de-miraflores-carlos-canales\\\/\"]}]},{\"@type\":\"ImageObject\",\"inLanguage\":\"es-PE\",\"@id\":\"https:\\\/\\\/pulso27.com\\\/actualidad\\\/vecinos-protestan-y-anuncian-revocatoria-del-alcalde-de-miraflores-carlos-canales\\\/#primaryimage\",\"url\":\"https:\\\/\\\/pulso27.com\\\/wp-content\\\/uploads\\\/2024\\\/02\\\/Miraf.jpg\",\"contentUrl\":\"https:\\\/\\\/pulso27.com\\\/wp-content\\\/uploads\\\/2024\\\/02\\\/Miraf.jpg\",\"width\":1200,\"height\":675},{\"@type\":\"BreadcrumbList\",\"@id\":\"https:\\\/\\\/pulso27.com\\\/actualidad\\\/vecinos-protestan-y-anuncian-revocatoria-del-alcalde-de-miraflores-carlos-canales\\\/#breadcrumb\",\"itemListElement\":[{\"@type\":\"ListItem\",\"position\":1,\"name\":\"Portada\",\"item\":\"https:\\\/\\\/pulso27.com\\\/\"},{\"@type\":\"ListItem\",\"position\":2,\"name\":\"Vecinos protestan y anuncian revocatoria del alcalde de Miraflores Carlos Canales\"}]},{\"@type\":\"WebSite\",\"@id\":\"https:\\\/\\\/pulso27.com\\\/en\\\/#website\",\"url\":\"https:\\\/\\\/pulso27.com\\\/en\\\/\",\"name\":\"Pulso27\",\"description\":\"Web de noticias y publicidad\",\"publisher\":{\"@id\":\"https:\\\/\\\/pulso27.com\\\/en\\\/#organization\"},\"alternateName\":\"El pulso del pueblo\",\"potentialAction\":[{\"@type\":\"SearchAction\",\"target\":{\"@type\":\"EntryPoint\",\"urlTemplate\":\"https:\\\/\\\/pulso27.com\\\/en\\\/?s={search_term_string}\"},\"query-input\":{\"@type\":\"PropertyValueSpecification\",\"valueRequired\":true,\"valueName\":\"search_term_string\"}}],\"inLanguage\":\"es-PE\"},{\"@type\":\"Organization\",\"@id\":\"https:\\\/\\\/pulso27.com\\\/en\\\/#organization\",\"name\":\"Pulso27\",\"url\":\"https:\\\/\\\/pulso27.com\\\/en\\\/\",\"logo\":{\"@type\":\"ImageObject\",\"inLanguage\":\"es-PE\",\"@id\":\"https:\\\/\\\/pulso27.com\\\/en\\\/#\\\/schema\\\/logo\\\/image\\\/\",\"url\":\"https:\\\/\\\/pulso27.com\\\/wp-content\\\/uploads\\\/2026\\\/02\\\/Logotipo-de-la-organizacion-696-x-696-px-ok.png\",\"contentUrl\":\"https:\\\/\\\/pulso27.com\\\/wp-content\\\/uploads\\\/2026\\\/02\\\/Logotipo-de-la-organizacion-696-x-696-px-ok.png\",\"width\":696,\"height\":696,\"caption\":\"Pulso27\"},\"image\":{\"@id\":\"https:\\\/\\\/pulso27.com\\\/en\\\/#\\\/schema\\\/logo\\\/image\\\/\"},\"sameAs\":[\"https:\\\/\\\/www.facebook.com\\\/pulso27\\\/\",\"https:\\\/\\\/x.com\\\/Pulso_27\",\"https:\\\/\\\/www.youtube.com\\\/@Pulso27\",\"https:\\\/\\\/www.tiktok.com\\\/@pulso_27\"]},{\"@type\":\"Person\",\"@id\":\"https:\\\/\\\/pulso27.com\\\/en\\\/#\\\/schema\\\/person\\\/e0da4cfacbab724cbf4ab44bcc030735\",\"name\":\"Editor\",\"image\":{\"@type\":\"ImageObject\",\"inLanguage\":\"es-PE\",\"@id\":\"https:\\\/\\\/pulso27.com\\\/wp-content\\\/uploads\\\/2025\\\/03\\\/c-150x150.png\",\"url\":\"https:\\\/\\\/pulso27.com\\\/wp-content\\\/uploads\\\/2025\\\/03\\\/c-150x150.png\",\"contentUrl\":\"https:\\\/\\\/pulso27.com\\\/wp-content\\\/uploads\\\/2025\\\/03\\\/c-150x150.png\",\"caption\":\"Editor\"},\"sameAs\":[\"http:\\\/\\\/www.pulso27.com\",\"https:\\\/\\\/www.facebook.com\\\/pulso27\",\"https:\\\/\\\/x.com\\\/https:\\\/\\\/x.com\\\/Pulso_27\",\"https:\\\/\\\/www.youtube.com\\\/@Pulso27\"],\"url\":\"https:\\\/\\\/pulso27.com\\\/es\\\/author\\\/editor\\\/\"}]}<\/script>\n<!-- \/ Yoast SEO plugin. -->","yoast_head_json":{"title":"Vecinos protestan y anuncian revocatoria del alcalde de Miraflores Carlos Canales - Pulso27","robots":{"index":"index","follow":"follow","max-snippet":"max-snippet:-1","max-image-preview":"max-image-preview:large","max-video-preview":"max-video-preview:-1"},"canonical":"https:\/\/pulso27.com\/es\/actualidad\/vecinos-protestan-y-anuncian-revocatoria-del-alcalde-de-miraflores-carlos-canales\/","og_locale":"es_ES","og_type":"article","og_title":"Vecinos protestan y anuncian revocatoria del alcalde de Miraflores Carlos Canales - Pulso27","og_description":"Los vecinos de Miraflores realizaron este martes una protesta contra el alcalde del distrito, Carlos Canales, en el frontis del municipio. Esto para expresar su descontento con la gesti\u00f3n que realiza desde que asumi\u00f3 el cargo. Cuestionan desde 2023 las nuevas medidas anunciadas por el municipio en relaci\u00f3n a las actividades deportivas y recreativas en [&hellip;]","og_url":"https:\/\/pulso27.com\/es\/actualidad\/vecinos-protestan-y-anuncian-revocatoria-del-alcalde-de-miraflores-carlos-canales\/","og_site_name":"Pulso27","article_publisher":"https:\/\/www.facebook.com\/pulso27\/","article_author":"https:\/\/www.facebook.com\/pulso27","article_published_time":"2024-02-14T11:34:34+00:00","article_modified_time":"2024-11-02T03:55:06+00:00","og_image":[{"width":1200,"height":675,"url":"https:\/\/pulso27.com\/wp-content\/uploads\/2024\/02\/Miraf.jpg","type":"image\/jpeg"}],"author":"Editor","twitter_card":"summary_large_image","twitter_creator":"@https:\/\/x.com\/Pulso_27","twitter_site":"@Pulso_27","twitter_misc":{"Written by":"Editor","Est. reading time":"2 minutos"},"schema":{"@context":"https:\/\/schema.org","@graph":[{"@type":"Article","@id":"https:\/\/pulso27.com\/actualidad\/vecinos-protestan-y-anuncian-revocatoria-del-alcalde-de-miraflores-carlos-canales\/#article","isPartOf":{"@id":"https:\/\/pulso27.com\/actualidad\/vecinos-protestan-y-anuncian-revocatoria-del-alcalde-de-miraflores-carlos-canales\/"},"author":{"name":"Editor","@id":"https:\/\/pulso27.com\/en\/#\/schema\/person\/e0da4cfacbab724cbf4ab44bcc030735"},"headline":"Vecinos protestan y anuncian revocatoria del alcalde de Miraflores Carlos Canales","datePublished":"2024-02-14T11:34:34+00:00","dateModified":"2024-11-02T03:55:06+00:00","mainEntityOfPage":{"@id":"https:\/\/pulso27.com\/actualidad\/vecinos-protestan-y-anuncian-revocatoria-del-alcalde-de-miraflores-carlos-canales\/"},"wordCount":359,"commentCount":0,"publisher":{"@id":"https:\/\/pulso27.com\/en\/#organization"},"image":{"@id":"https:\/\/pulso27.com\/actualidad\/vecinos-protestan-y-anuncian-revocatoria-del-alcalde-de-miraflores-carlos-canales\/#primaryimage"},"thumbnailUrl":"https:\/\/pulso27.com\/wp-content\/uploads\/2024\/02\/Miraf.jpg","keywords":["Miraflores","Protesta","Revocatoria"],"articleSection":["Actualidad"],"inLanguage":"es-PE","potentialAction":[{"@type":"CommentAction","name":"Comment","target":["https:\/\/pulso27.com\/actualidad\/vecinos-protestan-y-anuncian-revocatoria-del-alcalde-de-miraflores-carlos-canales\/#respond"]}]},{"@type":"WebPage","@id":"https:\/\/pulso27.com\/actualidad\/vecinos-protestan-y-anuncian-revocatoria-del-alcalde-de-miraflores-carlos-canales\/","url":"https:\/\/pulso27.com\/actualidad\/vecinos-protestan-y-anuncian-revocatoria-del-alcalde-de-miraflores-carlos-canales\/","name":"Vecinos protestan y anuncian revocatoria del alcalde de Miraflores Carlos Canales - Pulso27","isPartOf":{"@id":"https:\/\/pulso27.com\/en\/#website"},"primaryImageOfPage":{"@id":"https:\/\/pulso27.com\/actualidad\/vecinos-protestan-y-anuncian-revocatoria-del-alcalde-de-miraflores-carlos-canales\/#primaryimage"},"image":{"@id":"https:\/\/pulso27.com\/actualidad\/vecinos-protestan-y-anuncian-revocatoria-del-alcalde-de-miraflores-carlos-canales\/#primaryimage"},"thumbnailUrl":"https:\/\/pulso27.com\/wp-content\/uploads\/2024\/02\/Miraf.jpg","datePublished":"2024-02-14T11:34:34+00:00","dateModified":"2024-11-02T03:55:06+00:00","breadcrumb":{"@id":"https:\/\/pulso27.com\/actualidad\/vecinos-protestan-y-anuncian-revocatoria-del-alcalde-de-miraflores-carlos-canales\/#breadcrumb"},"inLanguage":"es-PE","potentialAction":[{"@type":"ReadAction","target":["https:\/\/pulso27.com\/actualidad\/vecinos-protestan-y-anuncian-revocatoria-del-alcalde-de-miraflores-carlos-canales\/"]}]},{"@type":"ImageObject","inLanguage":"es-PE","@id":"https:\/\/pulso27.com\/actualidad\/vecinos-protestan-y-anuncian-revocatoria-del-alcalde-de-miraflores-carlos-canales\/#primaryimage","url":"https:\/\/pulso27.com\/wp-content\/uploads\/2024\/02\/Miraf.jpg","contentUrl":"https:\/\/pulso27.com\/wp-content\/uploads\/2024\/02\/Miraf.jpg","width":1200,"height":675},{"@type":"BreadcrumbList","@id":"https:\/\/pulso27.com\/actualidad\/vecinos-protestan-y-anuncian-revocatoria-del-alcalde-de-miraflores-carlos-canales\/#breadcrumb","itemListElement":[{"@type":"ListItem","position":1,"name":"Portada","item":"https:\/\/pulso27.com\/"},{"@type":"ListItem","position":2,"name":"Vecinos protestan y anuncian revocatoria del alcalde de Miraflores Carlos Canales"}]},{"@type":"WebSite","@id":"https:\/\/pulso27.com\/en\/#website","url":"https:\/\/pulso27.com\/en\/","name":"Pulso27","description":"Web de noticias y publicidad","publisher":{"@id":"https:\/\/pulso27.com\/en\/#organization"},"alternateName":"El pulso del pueblo","potentialAction":[{"@type":"SearchAction","target":{"@type":"EntryPoint","urlTemplate":"https:\/\/pulso27.com\/en\/?s={search_term_string}"},"query-input":{"@type":"PropertyValueSpecification","valueRequired":true,"valueName":"search_term_string"}}],"inLanguage":"es-PE"},{"@type":"Organization","@id":"https:\/\/pulso27.com\/en\/#organization","name":"Pulso27","url":"https:\/\/pulso27.com\/en\/","logo":{"@type":"ImageObject","inLanguage":"es-PE","@id":"https:\/\/pulso27.com\/en\/#\/schema\/logo\/image\/","url":"https:\/\/pulso27.com\/wp-content\/uploads\/2026\/02\/Logotipo-de-la-organizacion-696-x-696-px-ok.png","contentUrl":"https:\/\/pulso27.com\/wp-content\/uploads\/2026\/02\/Logotipo-de-la-organizacion-696-x-696-px-ok.png","width":696,"height":696,"caption":"Pulso27"},"image":{"@id":"https:\/\/pulso27.com\/en\/#\/schema\/logo\/image\/"},"sameAs":["https:\/\/www.facebook.com\/pulso27\/","https:\/\/x.com\/Pulso_27","https:\/\/www.youtube.com\/@Pulso27","https:\/\/www.tiktok.com\/@pulso_27"]},{"@type":"Person","@id":"https:\/\/pulso27.com\/en\/#\/schema\/person\/e0da4cfacbab724cbf4ab44bcc030735","name":"Editor","image":{"@type":"ImageObject","inLanguage":"es-PE","@id":"https:\/\/pulso27.com\/wp-content\/uploads\/2025\/03\/c-150x150.png","url":"https:\/\/pulso27.com\/wp-content\/uploads\/2025\/03\/c-150x150.png","contentUrl":"https:\/\/pulso27.com\/wp-content\/uploads\/2025\/03\/c-150x150.png","caption":"Editor"},"sameAs":["http:\/\/www.pulso27.com","https:\/\/www.facebook.com\/pulso27","https:\/\/x.com\/https:\/\/x.com\/Pulso_27","https:\/\/www.youtube.com\/@Pulso27"],"url":"https:\/\/pulso27.com\/es\/author\/editor\/"}]}},"amp_enabled":true,"_links":{"self":[{"href":"https:\/\/pulso27.com\/es\/wp-json\/wp\/v2\/posts\/1297","targetHints":{"allow":["GET"]}}],"collection":[{"href":"https:\/\/pulso27.com\/es\/wp-json\/wp\/v2\/posts"}],"about":[{"href":"https:\/\/pulso27.com\/es\/wp-json\/wp\/v2\/types\/post"}],"author":[{"embeddable":true,"href":"https:\/\/pulso27.com\/es\/wp-json\/wp\/v2\/users\/11"}],"replies":[{"embeddable":true,"href":"https:\/\/pulso27.com\/es\/wp-json\/wp\/v2\/comments?post=1297"}],"version-history":[{"count":1,"href":"https:\/\/pulso27.com\/es\/wp-json\/wp\/v2\/posts\/1297\/revisions"}],"predecessor-version":[{"id":1302,"href":"https:\/\/pulso27.com\/es\/wp-json\/wp\/v2\/posts\/1297\/revisions\/1302"}],"wp:featuredmedia":[{"embeddable":true,"href":"https:\/\/pulso27.com\/es\/wp-json\/wp\/v2\/media\/1298"}],"wp:attachment":[{"href":"https:\/\/pulso27.com\/es\/wp-json\/wp\/v2\/media?parent=1297"}],"wp:term":[{"taxonomy":"category","embeddable":true,"href":"https:\/\/pulso27.com\/es\/wp-json\/wp\/v2\/categories?post=1297"},{"taxonomy":"post_tag","embeddable":true,"href":"https:\/\/pulso27.com\/es\/wp-json\/wp\/v2\/tags?post=1297"}],"curies":[{"name":"wp","href":"https:\/\/api.w.org\/{rel}","templated":true}]}}