{"id":1346,"date":"2024-02-29T01:27:35","date_gmt":"2024-02-28T20:27:35","guid":{"rendered":"https:\/\/pulso27.com\/?p=1346"},"modified":"2024-04-07T07:53:33","modified_gmt":"2024-04-07T02:53:33","slug":"southern-peru-modifico-estudio-ambiental-sin-considerar-opinion-de-la-poblacion","status":"publish","type":"post","link":"https:\/\/pulso27.com\/es\/actualidad\/sociedad\/southern-peru-modifico-estudio-ambiental-sin-considerar-opinion-de-la-poblacion\/","title":{"rendered":"Southern Per\u00fa modific\u00f3 estudio ambiental sin considerar opini\u00f3n de la poblaci\u00f3n"},"content":{"rendered":"\n<p>Los agricultores de las provincias de Jorge Basadre y Candarave (Tacna) advirtieron que la minera Southern Per\u00fa ha iniciado el proceso de modificaci\u00f3n de su estudio de impacto ambiental de las mineras de Toquepala y Cuajone sin considerar a todos los actores que est\u00e1n en la zona de la influencia minera.<\/p>\n\n\n\n<p>Hermes Guti\u00e9rrez y Adri\u00e1n Cutipa, presidentes de las juntas de regantes de Locumba y Candarave, respectivamente, alzaron su voz de protesta por el proceso que lleva a cabo la minera. Cutipa record\u00f3 que Southern tiene sus licencias de agua en el territorio de su provincia.<\/p>\n\n\n\n<p>Hermes Guti\u00e9rrez explic\u00f3 que para los agricultores de Candarave la modificaci\u00f3n es una gran oportunidad para que su territorio sea considerado como \u00e1rea de influencia de la minera, sin embargo, la junta no ha sido convocada.<\/p>\n\n\n\n<p>C\u00f3mo parte de su estudio, Southern ha considerado, en la mina de Toquepala (Tacna), el crecimiento e incremento del \u00e1rea de minado y \u00e1reas para dep\u00f3sitos de desmontes. La compa\u00f1\u00eda ha mencionado en su estudio social a cuatro centros poblados de Candarave.<\/p>\n\n\n\n<figure class=\"wp-block-image size-full is-resized\"><img loading=\"lazy\" decoding=\"async\" width=\"640\" height=\"371\" src=\"https:\/\/pulso27.com\/wp-content\/uploads\/2024\/02\/Souhter.jpg\" alt=\"\" class=\"wp-image-1347\" style=\"width:742px;height:auto\" srcset=\"https:\/\/pulso27.com\/wp-content\/uploads\/2024\/02\/Souhter.jpg 640w, https:\/\/pulso27.com\/wp-content\/uploads\/2024\/02\/Souhter-300x174.jpg 300w, https:\/\/pulso27.com\/wp-content\/uploads\/2024\/02\/Souhter-18x10.jpg 18w\" sizes=\"auto, (max-width: 640px) 100vw, 640px\" \/><\/figure>\n\n\n\n<p>Cutipa se\u00f1al\u00f3 que la cuenca de Locumba que comparten Jorge Basadre y Candarave es la m\u00e1s afectada por el uso de agua de parte de la minera, as\u00ed que se requiere que ambas juntas de regantes sean consideradas.<\/p>\n\n\n\n<p>Por su parte, Hermes Guti\u00e9rrez se mostr\u00f3 m\u00e1s cr\u00edtico y advirti\u00f3 que est\u00e1 la posibilidad para que Southern se comprometa a usar agua de mar y puede dejar de utilizar la de la cuenca. Ambos representantes presentar\u00e1n sus reclamos al Servicio Nacional de Certificaci\u00f3n Ambiental para las Inversiones Sostenibles. No descartaron la posibilidad de tomar acciones de protesta.<\/p>\n\n\n\n<p>Fuente: LR y Radio Uno<\/p>\n","protected":false},"excerpt":{"rendered":"<p>Los agricultores de las provincias de Jorge Basadre y Candarave (Tacna) advirtieron que la minera Southern Per\u00fa ha iniciado el proceso de modificaci\u00f3n de su estudio de impacto ambiental de las mineras de Toquepala y Cuajone sin considerar a todos los actores que est\u00e1n en la zona de la influencia minera. Hermes Guti\u00e9rrez y Adri\u00e1n [&hellip;]<\/p>\n","protected":false},"author":7,"featured_media":1348,"comment_status":"open","ping_status":"open","sticky":false,"template":"","format":"standard","meta":{"footnotes":""},"categories":[202],"tags":[600,598,597,599],"class_list":["post-1346","post","type-post","status-publish","format-standard","has-post-thumbnail","hentry","category-sociedad","tag-eim","tag-minera","tag-southern-peru","tag-tacna"],"yoast_head":"<!-- This site is optimized with the Yoast SEO plugin v27.4 - https:\/\/yoast.com\/product\/yoast-seo-wordpress\/ -->\n<title>Southern Per\u00fa modific\u00f3 estudio ambiental sin considerar opini\u00f3n de la poblaci\u00f3n - Pulso27<\/title>\n<meta name=\"robots\" content=\"index, follow, max-snippet:-1, max-image-preview:large, max-video-preview:-1\" \/>\n<link rel=\"canonical\" href=\"https:\/\/pulso27.com\/es\/sociedad\/southern-peru-modifico-estudio-ambiental-sin-considerar-opinion-de-la-poblacion\/\" \/>\n<meta property=\"og:locale\" content=\"es_ES\" \/>\n<meta property=\"og:type\" content=\"article\" \/>\n<meta property=\"og:title\" content=\"Southern Per\u00fa modific\u00f3 estudio ambiental sin considerar opini\u00f3n de la poblaci\u00f3n - Pulso27\" \/>\n<meta property=\"og:description\" content=\"Los agricultores de las provincias de Jorge Basadre y Candarave (Tacna) advirtieron que la minera Southern Per\u00fa ha iniciado el proceso de modificaci\u00f3n de su estudio de impacto ambiental de las mineras de Toquepala y Cuajone sin considerar a todos los actores que est\u00e1n en la zona de la influencia minera. Hermes Guti\u00e9rrez y Adri\u00e1n [&hellip;]\" \/>\n<meta property=\"og:url\" content=\"https:\/\/pulso27.com\/es\/sociedad\/southern-peru-modifico-estudio-ambiental-sin-considerar-opinion-de-la-poblacion\/\" \/>\n<meta property=\"og:site_name\" content=\"Pulso27\" \/>\n<meta property=\"article:publisher\" content=\"https:\/\/www.facebook.com\/pulso27\/\" \/>\n<meta property=\"article:published_time\" content=\"2024-02-28T20:27:35+00:00\" \/>\n<meta property=\"article:modified_time\" content=\"2024-04-07T02:53:33+00:00\" \/>\n<meta property=\"og:image\" content=\"https:\/\/pulso27.com\/wp-content\/uploads\/2024\/02\/SPCC.jpg\" \/>\n\t<meta property=\"og:image:width\" content=\"275\" \/>\n\t<meta property=\"og:image:height\" content=\"183\" \/>\n\t<meta property=\"og:image:type\" content=\"image\/jpeg\" \/>\n<meta name=\"author\" content=\"Tupaq\" \/>\n<meta name=\"twitter:card\" content=\"summary_large_image\" \/>\n<meta name=\"twitter:creator\" content=\"@Pulso_27\" \/>\n<meta name=\"twitter:site\" content=\"@Pulso_27\" \/>\n<meta name=\"twitter:label1\" content=\"Written by\" \/>\n\t<meta name=\"twitter:data1\" content=\"Tupaq\" \/>\n\t<meta name=\"twitter:label2\" content=\"Est. reading time\" \/>\n\t<meta name=\"twitter:data2\" content=\"1 minuto\" \/>\n<script type=\"application\/ld+json\" class=\"yoast-schema-graph\">{\"@context\":\"https:\\\/\\\/schema.org\",\"@graph\":[{\"@type\":\"Article\",\"@id\":\"https:\\\/\\\/pulso27.com\\\/sociedad\\\/southern-peru-modifico-estudio-ambiental-sin-considerar-opinion-de-la-poblacion\\\/#article\",\"isPartOf\":{\"@id\":\"https:\\\/\\\/pulso27.com\\\/sociedad\\\/southern-peru-modifico-estudio-ambiental-sin-considerar-opinion-de-la-poblacion\\\/\"},\"author\":{\"name\":\"Tupaq\",\"@id\":\"https:\\\/\\\/pulso27.com\\\/en\\\/#\\\/schema\\\/person\\\/d20fd7f5bc7f2e53fd150d43fca07a78\"},\"headline\":\"Southern Per\u00fa modific\u00f3 estudio ambiental sin considerar opini\u00f3n de la poblaci\u00f3n\",\"datePublished\":\"2024-02-28T20:27:35+00:00\",\"dateModified\":\"2024-04-07T02:53:33+00:00\",\"mainEntityOfPage\":{\"@id\":\"https:\\\/\\\/pulso27.com\\\/sociedad\\\/southern-peru-modifico-estudio-ambiental-sin-considerar-opinion-de-la-poblacion\\\/\"},\"wordCount\":304,\"commentCount\":0,\"publisher\":{\"@id\":\"https:\\\/\\\/pulso27.com\\\/en\\\/#organization\"},\"image\":{\"@id\":\"https:\\\/\\\/pulso27.com\\\/sociedad\\\/southern-peru-modifico-estudio-ambiental-sin-considerar-opinion-de-la-poblacion\\\/#primaryimage\"},\"thumbnailUrl\":\"https:\\\/\\\/pulso27.com\\\/wp-content\\\/uploads\\\/2024\\\/02\\\/SPCC.jpg\",\"keywords\":[\"EIM\",\"Minera\",\"Southern Per\u00fa\",\"Tacna\"],\"articleSection\":[\"Sociedad\"],\"inLanguage\":\"es-PE\",\"potentialAction\":[{\"@type\":\"CommentAction\",\"name\":\"Comment\",\"target\":[\"https:\\\/\\\/pulso27.com\\\/sociedad\\\/southern-peru-modifico-estudio-ambiental-sin-considerar-opinion-de-la-poblacion\\\/#respond\"]}]},{\"@type\":\"WebPage\",\"@id\":\"https:\\\/\\\/pulso27.com\\\/sociedad\\\/southern-peru-modifico-estudio-ambiental-sin-considerar-opinion-de-la-poblacion\\\/\",\"url\":\"https:\\\/\\\/pulso27.com\\\/sociedad\\\/southern-peru-modifico-estudio-ambiental-sin-considerar-opinion-de-la-poblacion\\\/\",\"name\":\"Southern Per\u00fa modific\u00f3 estudio ambiental sin considerar opini\u00f3n de la poblaci\u00f3n - Pulso27\",\"isPartOf\":{\"@id\":\"https:\\\/\\\/pulso27.com\\\/en\\\/#website\"},\"primaryImageOfPage\":{\"@id\":\"https:\\\/\\\/pulso27.com\\\/sociedad\\\/southern-peru-modifico-estudio-ambiental-sin-considerar-opinion-de-la-poblacion\\\/#primaryimage\"},\"image\":{\"@id\":\"https:\\\/\\\/pulso27.com\\\/sociedad\\\/southern-peru-modifico-estudio-ambiental-sin-considerar-opinion-de-la-poblacion\\\/#primaryimage\"},\"thumbnailUrl\":\"https:\\\/\\\/pulso27.com\\\/wp-content\\\/uploads\\\/2024\\\/02\\\/SPCC.jpg\",\"datePublished\":\"2024-02-28T20:27:35+00:00\",\"dateModified\":\"2024-04-07T02:53:33+00:00\",\"breadcrumb\":{\"@id\":\"https:\\\/\\\/pulso27.com\\\/sociedad\\\/southern-peru-modifico-estudio-ambiental-sin-considerar-opinion-de-la-poblacion\\\/#breadcrumb\"},\"inLanguage\":\"es-PE\",\"potentialAction\":[{\"@type\":\"ReadAction\",\"target\":[\"https:\\\/\\\/pulso27.com\\\/sociedad\\\/southern-peru-modifico-estudio-ambiental-sin-considerar-opinion-de-la-poblacion\\\/\"]}]},{\"@type\":\"ImageObject\",\"inLanguage\":\"es-PE\",\"@id\":\"https:\\\/\\\/pulso27.com\\\/sociedad\\\/southern-peru-modifico-estudio-ambiental-sin-considerar-opinion-de-la-poblacion\\\/#primaryimage\",\"url\":\"https:\\\/\\\/pulso27.com\\\/wp-content\\\/uploads\\\/2024\\\/02\\\/SPCC.jpg\",\"contentUrl\":\"https:\\\/\\\/pulso27.com\\\/wp-content\\\/uploads\\\/2024\\\/02\\\/SPCC.jpg\",\"width\":275,\"height\":183},{\"@type\":\"BreadcrumbList\",\"@id\":\"https:\\\/\\\/pulso27.com\\\/sociedad\\\/southern-peru-modifico-estudio-ambiental-sin-considerar-opinion-de-la-poblacion\\\/#breadcrumb\",\"itemListElement\":[{\"@type\":\"ListItem\",\"position\":1,\"name\":\"Portada\",\"item\":\"https:\\\/\\\/pulso27.com\\\/\"},{\"@type\":\"ListItem\",\"position\":2,\"name\":\"Southern Per\u00fa modific\u00f3 estudio ambiental sin considerar opini\u00f3n de la poblaci\u00f3n\"}]},{\"@type\":\"WebSite\",\"@id\":\"https:\\\/\\\/pulso27.com\\\/en\\\/#website\",\"url\":\"https:\\\/\\\/pulso27.com\\\/en\\\/\",\"name\":\"Pulso27\",\"description\":\"Web de noticias y publicidad\",\"publisher\":{\"@id\":\"https:\\\/\\\/pulso27.com\\\/en\\\/#organization\"},\"alternateName\":\"El pulso del pueblo\",\"potentialAction\":[{\"@type\":\"SearchAction\",\"target\":{\"@type\":\"EntryPoint\",\"urlTemplate\":\"https:\\\/\\\/pulso27.com\\\/en\\\/?s={search_term_string}\"},\"query-input\":{\"@type\":\"PropertyValueSpecification\",\"valueRequired\":true,\"valueName\":\"search_term_string\"}}],\"inLanguage\":\"es-PE\"},{\"@type\":\"Organization\",\"@id\":\"https:\\\/\\\/pulso27.com\\\/en\\\/#organization\",\"name\":\"Pulso27\",\"url\":\"https:\\\/\\\/pulso27.com\\\/en\\\/\",\"logo\":{\"@type\":\"ImageObject\",\"inLanguage\":\"es-PE\",\"@id\":\"https:\\\/\\\/pulso27.com\\\/en\\\/#\\\/schema\\\/logo\\\/image\\\/\",\"url\":\"https:\\\/\\\/pulso27.com\\\/wp-content\\\/uploads\\\/2026\\\/02\\\/Logotipo-de-la-organizacion-696-x-696-px-ok.png\",\"contentUrl\":\"https:\\\/\\\/pulso27.com\\\/wp-content\\\/uploads\\\/2026\\\/02\\\/Logotipo-de-la-organizacion-696-x-696-px-ok.png\",\"width\":696,\"height\":696,\"caption\":\"Pulso27\"},\"image\":{\"@id\":\"https:\\\/\\\/pulso27.com\\\/en\\\/#\\\/schema\\\/logo\\\/image\\\/\"},\"sameAs\":[\"https:\\\/\\\/www.facebook.com\\\/pulso27\\\/\",\"https:\\\/\\\/x.com\\\/Pulso_27\",\"https:\\\/\\\/www.youtube.com\\\/@Pulso27\",\"https:\\\/\\\/www.tiktok.com\\\/@pulso_27\"]},{\"@type\":\"Person\",\"@id\":\"https:\\\/\\\/pulso27.com\\\/en\\\/#\\\/schema\\\/person\\\/d20fd7f5bc7f2e53fd150d43fca07a78\",\"name\":\"Tupaq\",\"image\":{\"@type\":\"ImageObject\",\"inLanguage\":\"es-PE\",\"@id\":\"https:\\\/\\\/secure.gravatar.com\\\/avatar\\\/7929e9b034aeea560319a601e4f04c59eb5f45a79eafe192adabb67e9604e7e7?s=96&d=mm&r=g\",\"url\":\"https:\\\/\\\/secure.gravatar.com\\\/avatar\\\/7929e9b034aeea560319a601e4f04c59eb5f45a79eafe192adabb67e9604e7e7?s=96&d=mm&r=g\",\"contentUrl\":\"https:\\\/\\\/secure.gravatar.com\\\/avatar\\\/7929e9b034aeea560319a601e4f04c59eb5f45a79eafe192adabb67e9604e7e7?s=96&d=mm&r=g\",\"caption\":\"Tupaq\"},\"url\":\"https:\\\/\\\/pulso27.com\\\/es\\\/author\\\/tupaq\\\/\"}]}<\/script>\n<!-- \/ Yoast SEO plugin. -->","yoast_head_json":{"title":"Southern Per\u00fa modific\u00f3 estudio ambiental sin considerar opini\u00f3n de la poblaci\u00f3n - Pulso27","robots":{"index":"index","follow":"follow","max-snippet":"max-snippet:-1","max-image-preview":"max-image-preview:large","max-video-preview":"max-video-preview:-1"},"canonical":"https:\/\/pulso27.com\/es\/sociedad\/southern-peru-modifico-estudio-ambiental-sin-considerar-opinion-de-la-poblacion\/","og_locale":"es_ES","og_type":"article","og_title":"Southern Per\u00fa modific\u00f3 estudio ambiental sin considerar opini\u00f3n de la poblaci\u00f3n - Pulso27","og_description":"Los agricultores de las provincias de Jorge Basadre y Candarave (Tacna) advirtieron que la minera Southern Per\u00fa ha iniciado el proceso de modificaci\u00f3n de su estudio de impacto ambiental de las mineras de Toquepala y Cuajone sin considerar a todos los actores que est\u00e1n en la zona de la influencia minera. Hermes Guti\u00e9rrez y Adri\u00e1n [&hellip;]","og_url":"https:\/\/pulso27.com\/es\/sociedad\/southern-peru-modifico-estudio-ambiental-sin-considerar-opinion-de-la-poblacion\/","og_site_name":"Pulso27","article_publisher":"https:\/\/www.facebook.com\/pulso27\/","article_published_time":"2024-02-28T20:27:35+00:00","article_modified_time":"2024-04-07T02:53:33+00:00","og_image":[{"width":275,"height":183,"url":"https:\/\/pulso27.com\/wp-content\/uploads\/2024\/02\/SPCC.jpg","type":"image\/jpeg"}],"author":"Tupaq","twitter_card":"summary_large_image","twitter_creator":"@Pulso_27","twitter_site":"@Pulso_27","twitter_misc":{"Written by":"Tupaq","Est. reading time":"1 minuto"},"schema":{"@context":"https:\/\/schema.org","@graph":[{"@type":"Article","@id":"https:\/\/pulso27.com\/sociedad\/southern-peru-modifico-estudio-ambiental-sin-considerar-opinion-de-la-poblacion\/#article","isPartOf":{"@id":"https:\/\/pulso27.com\/sociedad\/southern-peru-modifico-estudio-ambiental-sin-considerar-opinion-de-la-poblacion\/"},"author":{"name":"Tupaq","@id":"https:\/\/pulso27.com\/en\/#\/schema\/person\/d20fd7f5bc7f2e53fd150d43fca07a78"},"headline":"Southern Per\u00fa modific\u00f3 estudio ambiental sin considerar opini\u00f3n de la poblaci\u00f3n","datePublished":"2024-02-28T20:27:35+00:00","dateModified":"2024-04-07T02:53:33+00:00","mainEntityOfPage":{"@id":"https:\/\/pulso27.com\/sociedad\/southern-peru-modifico-estudio-ambiental-sin-considerar-opinion-de-la-poblacion\/"},"wordCount":304,"commentCount":0,"publisher":{"@id":"https:\/\/pulso27.com\/en\/#organization"},"image":{"@id":"https:\/\/pulso27.com\/sociedad\/southern-peru-modifico-estudio-ambiental-sin-considerar-opinion-de-la-poblacion\/#primaryimage"},"thumbnailUrl":"https:\/\/pulso27.com\/wp-content\/uploads\/2024\/02\/SPCC.jpg","keywords":["EIM","Minera","Southern Per\u00fa","Tacna"],"articleSection":["Sociedad"],"inLanguage":"es-PE","potentialAction":[{"@type":"CommentAction","name":"Comment","target":["https:\/\/pulso27.com\/sociedad\/southern-peru-modifico-estudio-ambiental-sin-considerar-opinion-de-la-poblacion\/#respond"]}]},{"@type":"WebPage","@id":"https:\/\/pulso27.com\/sociedad\/southern-peru-modifico-estudio-ambiental-sin-considerar-opinion-de-la-poblacion\/","url":"https:\/\/pulso27.com\/sociedad\/southern-peru-modifico-estudio-ambiental-sin-considerar-opinion-de-la-poblacion\/","name":"Southern Per\u00fa modific\u00f3 estudio ambiental sin considerar opini\u00f3n de la poblaci\u00f3n - Pulso27","isPartOf":{"@id":"https:\/\/pulso27.com\/en\/#website"},"primaryImageOfPage":{"@id":"https:\/\/pulso27.com\/sociedad\/southern-peru-modifico-estudio-ambiental-sin-considerar-opinion-de-la-poblacion\/#primaryimage"},"image":{"@id":"https:\/\/pulso27.com\/sociedad\/southern-peru-modifico-estudio-ambiental-sin-considerar-opinion-de-la-poblacion\/#primaryimage"},"thumbnailUrl":"https:\/\/pulso27.com\/wp-content\/uploads\/2024\/02\/SPCC.jpg","datePublished":"2024-02-28T20:27:35+00:00","dateModified":"2024-04-07T02:53:33+00:00","breadcrumb":{"@id":"https:\/\/pulso27.com\/sociedad\/southern-peru-modifico-estudio-ambiental-sin-considerar-opinion-de-la-poblacion\/#breadcrumb"},"inLanguage":"es-PE","potentialAction":[{"@type":"ReadAction","target":["https:\/\/pulso27.com\/sociedad\/southern-peru-modifico-estudio-ambiental-sin-considerar-opinion-de-la-poblacion\/"]}]},{"@type":"ImageObject","inLanguage":"es-PE","@id":"https:\/\/pulso27.com\/sociedad\/southern-peru-modifico-estudio-ambiental-sin-considerar-opinion-de-la-poblacion\/#primaryimage","url":"https:\/\/pulso27.com\/wp-content\/uploads\/2024\/02\/SPCC.jpg","contentUrl":"https:\/\/pulso27.com\/wp-content\/uploads\/2024\/02\/SPCC.jpg","width":275,"height":183},{"@type":"BreadcrumbList","@id":"https:\/\/pulso27.com\/sociedad\/southern-peru-modifico-estudio-ambiental-sin-considerar-opinion-de-la-poblacion\/#breadcrumb","itemListElement":[{"@type":"ListItem","position":1,"name":"Portada","item":"https:\/\/pulso27.com\/"},{"@type":"ListItem","position":2,"name":"Southern Per\u00fa modific\u00f3 estudio ambiental sin considerar opini\u00f3n de la poblaci\u00f3n"}]},{"@type":"WebSite","@id":"https:\/\/pulso27.com\/en\/#website","url":"https:\/\/pulso27.com\/en\/","name":"Pulso27","description":"Web de noticias y publicidad","publisher":{"@id":"https:\/\/pulso27.com\/en\/#organization"},"alternateName":"El pulso del pueblo","potentialAction":[{"@type":"SearchAction","target":{"@type":"EntryPoint","urlTemplate":"https:\/\/pulso27.com\/en\/?s={search_term_string}"},"query-input":{"@type":"PropertyValueSpecification","valueRequired":true,"valueName":"search_term_string"}}],"inLanguage":"es-PE"},{"@type":"Organization","@id":"https:\/\/pulso27.com\/en\/#organization","name":"Pulso27","url":"https:\/\/pulso27.com\/en\/","logo":{"@type":"ImageObject","inLanguage":"es-PE","@id":"https:\/\/pulso27.com\/en\/#\/schema\/logo\/image\/","url":"https:\/\/pulso27.com\/wp-content\/uploads\/2026\/02\/Logotipo-de-la-organizacion-696-x-696-px-ok.png","contentUrl":"https:\/\/pulso27.com\/wp-content\/uploads\/2026\/02\/Logotipo-de-la-organizacion-696-x-696-px-ok.png","width":696,"height":696,"caption":"Pulso27"},"image":{"@id":"https:\/\/pulso27.com\/en\/#\/schema\/logo\/image\/"},"sameAs":["https:\/\/www.facebook.com\/pulso27\/","https:\/\/x.com\/Pulso_27","https:\/\/www.youtube.com\/@Pulso27","https:\/\/www.tiktok.com\/@pulso_27"]},{"@type":"Person","@id":"https:\/\/pulso27.com\/en\/#\/schema\/person\/d20fd7f5bc7f2e53fd150d43fca07a78","name":"Tupaq","image":{"@type":"ImageObject","inLanguage":"es-PE","@id":"https:\/\/secure.gravatar.com\/avatar\/7929e9b034aeea560319a601e4f04c59eb5f45a79eafe192adabb67e9604e7e7?s=96&d=mm&r=g","url":"https:\/\/secure.gravatar.com\/avatar\/7929e9b034aeea560319a601e4f04c59eb5f45a79eafe192adabb67e9604e7e7?s=96&d=mm&r=g","contentUrl":"https:\/\/secure.gravatar.com\/avatar\/7929e9b034aeea560319a601e4f04c59eb5f45a79eafe192adabb67e9604e7e7?s=96&d=mm&r=g","caption":"Tupaq"},"url":"https:\/\/pulso27.com\/es\/author\/tupaq\/"}]}},"amp_enabled":true,"_links":{"self":[{"href":"https:\/\/pulso27.com\/es\/wp-json\/wp\/v2\/posts\/1346","targetHints":{"allow":["GET"]}}],"collection":[{"href":"https:\/\/pulso27.com\/es\/wp-json\/wp\/v2\/posts"}],"about":[{"href":"https:\/\/pulso27.com\/es\/wp-json\/wp\/v2\/types\/post"}],"author":[{"embeddable":true,"href":"https:\/\/pulso27.com\/es\/wp-json\/wp\/v2\/users\/7"}],"replies":[{"embeddable":true,"href":"https:\/\/pulso27.com\/es\/wp-json\/wp\/v2\/comments?post=1346"}],"version-history":[{"count":1,"href":"https:\/\/pulso27.com\/es\/wp-json\/wp\/v2\/posts\/1346\/revisions"}],"predecessor-version":[{"id":1349,"href":"https:\/\/pulso27.com\/es\/wp-json\/wp\/v2\/posts\/1346\/revisions\/1349"}],"wp:featuredmedia":[{"embeddable":true,"href":"https:\/\/pulso27.com\/es\/wp-json\/wp\/v2\/media\/1348"}],"wp:attachment":[{"href":"https:\/\/pulso27.com\/es\/wp-json\/wp\/v2\/media?parent=1346"}],"wp:term":[{"taxonomy":"category","embeddable":true,"href":"https:\/\/pulso27.com\/es\/wp-json\/wp\/v2\/categories?post=1346"},{"taxonomy":"post_tag","embeddable":true,"href":"https:\/\/pulso27.com\/es\/wp-json\/wp\/v2\/tags?post=1346"}],"curies":[{"name":"wp","href":"https:\/\/api.w.org\/{rel}","templated":true}]}}