{"id":1350,"date":"2024-03-01T02:33:36","date_gmt":"2024-02-29T21:33:36","guid":{"rendered":"https:\/\/pulso27.com\/?p=1350"},"modified":"2024-03-01T02:35:39","modified_gmt":"2024-02-29T21:35:39","slug":"partidos-politicos-se-podran-inscribir-adjuntando-mas-de-531-mil-adherentes","status":"publish","type":"post","link":"https:\/\/pulso27.com\/es\/nacional\/partidos-politicos-se-podran-inscribir-adjuntando-mas-de-531-mil-adherentes\/","title":{"rendered":"Partidos pol\u00edticos se podr\u00e1n inscribir con m\u00e1s de 531 mil adherentes"},"content":{"rendered":"\n<p>En aplicaci\u00f3n del art\u00edculo 5 de la Ley N\u00b0 28094, Ley de Organizaciones Pol\u00edticas y su modificaci\u00f3n (Ley N\u00b0 31981), el Jurado Nacional de Elecciones estableci\u00f3 hoy que el n\u00famero m\u00ednimo de adherentes que se requiere como requisito para la inscripci\u00f3n de partidos pol\u00edticos, ante el Registro de Organizaciones Pol\u00edticas, es de 531 412 adherentes, cifra que equivale al 3% del total de la votaci\u00f3n registrada en la \u00faltima elecci\u00f3n general que alcanz\u00f3 17 millones 713 mil 716 electores.<\/p>\n\n\n\n<p>En el caso de los movimientos regionales -de alcance regional o departamental-, el n\u00famero m\u00ednimo de adherentes que se requiere como requisito para la inscripci\u00f3n ante el Registro de Organizaciones Pol\u00edticas, de conformidad es de 5% en relaci\u00f3n a la votaci\u00f3n registrada en las \u00faltimas elecciones generales 2021.<\/p>\n\n\n\n<p>Los n\u00fameros especificados var\u00edan ampliamente, reflejando la diversidad demogr\u00e1fica y electoral de Per\u00fa. Por ejemplo, en regiones como Lima Metropolitana se requieren 283,025 firmas, mientras que en Madre de Dios, el n\u00famero es considerablemente menor, con solo 4,142 firmas necesarias. Estas cifras no solo reflejan la poblaci\u00f3n electoral de cada regi\u00f3n sino que tambi\u00e9n establecen un umbral de apoyo popular que los movimientos deben alcanzar para participar en el proceso democr\u00e1tico.<\/p>\n\n\n\n<figure class=\"wp-block-image size-large\"><img loading=\"lazy\" decoding=\"async\" width=\"1024\" height=\"683\" src=\"https:\/\/pulso27.com\/wp-content\/uploads\/2024\/03\/jnes-1024x683.jpg\" alt=\"\" class=\"wp-image-1351\" srcset=\"https:\/\/pulso27.com\/wp-content\/uploads\/2024\/03\/jnes-1024x683.jpg 1024w, https:\/\/pulso27.com\/wp-content\/uploads\/2024\/03\/jnes-300x200.jpg 300w, https:\/\/pulso27.com\/wp-content\/uploads\/2024\/03\/jnes-768x512.jpg 768w, https:\/\/pulso27.com\/wp-content\/uploads\/2024\/03\/jnes-1536x1024.jpg 1536w, https:\/\/pulso27.com\/wp-content\/uploads\/2024\/03\/jnes-18x12.jpg 18w, https:\/\/pulso27.com\/wp-content\/uploads\/2024\/03\/jnes.jpg 1800w\" sizes=\"auto, (max-width: 1024px) 100vw, 1024px\" \/><\/figure>\n\n\n\n<p>La fijaci\u00f3n del n\u00famero de firmas para Inscripci\u00f3n de partidos pol\u00edticos y movimientos regionales es medida del JNE tiene como objetivo principal fortalecer la estructura democr\u00e1tica del pa\u00eds, asegurando que las organizaciones pol\u00edticas cuenten con un respaldo m\u00ednimo antes de participar en elecciones, lo que contribuye a la legitimidad y estabilidad del sistema pol\u00edtico peruano. Adem\u00e1s, alinea a los movimientos regionales con los est\u00e1ndares nacionales, promoviendo una mayor equidad en el proceso electoral y fomentando la participaci\u00f3n pol\u00edtica a nivel local y nacional.<\/p>\n\n\n\n<p>Este nuevo marco normativo no solo demuestra un esfuerzo por actualizar y adecuar los requisitos de participaci\u00f3n pol\u00edtica en consonancia con la realidad electoral actual, sino que tambi\u00e9n subraya la importancia de la representatividad y el apoyo ciudadano en la construcci\u00f3n de una democracia s\u00f3lida y participativa en Per\u00fa.<\/p>\n\n\n\n<p>En el caso de los movimientos regionales, la ley se\u00f1ala que \u00e9stos, se constituyen por iniciativa y decisi\u00f3n de sus fundadores y, luego de cumplidos los requisitos establecidos en la ley, se inscriben en el Registro de Organizaciones Pol\u00edticas conforme al reglamento correspondiente.<\/p>\n\n\n\n<p>Esto es, la presentaci\u00f3n de la relaci\u00f3n de adherentes en n\u00famero no menor al cinco por ciento (5%) de los ciudadanos que sufragaron en las \u00faltimas elecciones de car\u00e1cter nacional, dentro de la circunscripci\u00f3n en la que el movimiento regional desarrolle sus actividades y pretenda presentar solicitudes de inscripci\u00f3n de f\u00f3rmulas o listas de candidatos.<\/p>\n\n\n\n<p>Dicha relaci\u00f3n se presenta con la firma y el n\u00famero del Documento Nacional de Identidad (DNI) de cada uno de los adherentes. Los movimientos regionales cuentan con un plazo de dos a\u00f1os, contados a partir de la adquisici\u00f3n de formularios, para la recolecci\u00f3n de firmas de adherentes y la presentaci\u00f3n de la solicitud de inscripci\u00f3n ante el Jurado Nacional de Elecciones.<\/p>\n\n\n\n<p>Fuente: Webs y redes de noticias<\/p>\n","protected":false},"excerpt":{"rendered":"<p>En aplicaci\u00f3n del art\u00edculo 5 de la Ley N\u00b0 28094, Ley de Organizaciones Pol\u00edticas y su modificaci\u00f3n (Ley N\u00b0 31981), el Jurado Nacional de Elecciones estableci\u00f3 hoy que el n\u00famero m\u00ednimo de adherentes que se requiere como requisito para la inscripci\u00f3n de partidos pol\u00edticos, ante el Registro de Organizaciones Pol\u00edticas, es de 531 412 adherentes, [&hellip;]<\/p>\n","protected":false},"author":7,"featured_media":1352,"comment_status":"open","ping_status":"open","sticky":false,"template":"","format":"standard","meta":{"footnotes":""},"categories":[174,180],"tags":[602,601,603,305],"class_list":["post-1350","post","type-post","status-publish","format-standard","has-post-thumbnail","hentry","category-nacional","category-politica","tag-elecciones","tag-jne","tag-partidos-politicos","tag-politica-2"],"yoast_head":"<!-- This site is optimized with the Yoast SEO plugin v27.4 - https:\/\/yoast.com\/product\/yoast-seo-wordpress\/ -->\n<title>Partidos pol\u00edticos se podr\u00e1n inscribir con m\u00e1s de 531 mil adherentes - Pulso27<\/title>\n<meta name=\"robots\" content=\"index, follow, max-snippet:-1, max-image-preview:large, max-video-preview:-1\" \/>\n<link rel=\"canonical\" href=\"https:\/\/pulso27.com\/es\/nacional\/partidos-politicos-se-podran-inscribir-adjuntando-mas-de-531-mil-adherentes\/\" \/>\n<meta property=\"og:locale\" content=\"es_ES\" \/>\n<meta property=\"og:type\" content=\"article\" \/>\n<meta property=\"og:title\" content=\"Partidos pol\u00edticos se podr\u00e1n inscribir con m\u00e1s de 531 mil adherentes - Pulso27\" \/>\n<meta property=\"og:description\" content=\"En aplicaci\u00f3n del art\u00edculo 5 de la Ley N\u00b0 28094, Ley de Organizaciones Pol\u00edticas y su modificaci\u00f3n (Ley N\u00b0 31981), el Jurado Nacional de Elecciones estableci\u00f3 hoy que el n\u00famero m\u00ednimo de adherentes que se requiere como requisito para la inscripci\u00f3n de partidos pol\u00edticos, ante el Registro de Organizaciones Pol\u00edticas, es de 531 412 adherentes, [&hellip;]\" \/>\n<meta property=\"og:url\" content=\"https:\/\/pulso27.com\/es\/nacional\/partidos-politicos-se-podran-inscribir-adjuntando-mas-de-531-mil-adherentes\/\" \/>\n<meta property=\"og:site_name\" content=\"Pulso27\" \/>\n<meta property=\"article:publisher\" content=\"https:\/\/www.facebook.com\/pulso27\/\" \/>\n<meta property=\"article:published_time\" content=\"2024-02-29T21:33:36+00:00\" \/>\n<meta property=\"article:modified_time\" content=\"2024-02-29T21:35:39+00:00\" \/>\n<meta property=\"og:image\" content=\"https:\/\/pulso27.com\/wp-content\/uploads\/2024\/03\/jne.jpg\" \/>\n\t<meta property=\"og:image:width\" content=\"275\" \/>\n\t<meta property=\"og:image:height\" content=\"183\" \/>\n\t<meta property=\"og:image:type\" content=\"image\/jpeg\" \/>\n<meta name=\"author\" content=\"Tupaq\" \/>\n<meta name=\"twitter:card\" content=\"summary_large_image\" \/>\n<meta name=\"twitter:creator\" content=\"@Pulso_27\" \/>\n<meta name=\"twitter:site\" content=\"@Pulso_27\" \/>\n<meta name=\"twitter:label1\" content=\"Written by\" \/>\n\t<meta name=\"twitter:data1\" content=\"Tupaq\" \/>\n\t<meta name=\"twitter:label2\" content=\"Est. reading time\" \/>\n\t<meta name=\"twitter:data2\" content=\"3 minutos\" \/>\n<script type=\"application\/ld+json\" class=\"yoast-schema-graph\">{\"@context\":\"https:\\\/\\\/schema.org\",\"@graph\":[{\"@type\":\"Article\",\"@id\":\"https:\\\/\\\/pulso27.com\\\/nacional\\\/partidos-politicos-se-podran-inscribir-adjuntando-mas-de-531-mil-adherentes\\\/#article\",\"isPartOf\":{\"@id\":\"https:\\\/\\\/pulso27.com\\\/nacional\\\/partidos-politicos-se-podran-inscribir-adjuntando-mas-de-531-mil-adherentes\\\/\"},\"author\":{\"name\":\"Tupaq\",\"@id\":\"https:\\\/\\\/pulso27.com\\\/en\\\/#\\\/schema\\\/person\\\/d20fd7f5bc7f2e53fd150d43fca07a78\"},\"headline\":\"Partidos pol\u00edticos se podr\u00e1n inscribir con m\u00e1s de 531 mil adherentes\",\"datePublished\":\"2024-02-29T21:33:36+00:00\",\"dateModified\":\"2024-02-29T21:35:39+00:00\",\"mainEntityOfPage\":{\"@id\":\"https:\\\/\\\/pulso27.com\\\/nacional\\\/partidos-politicos-se-podran-inscribir-adjuntando-mas-de-531-mil-adherentes\\\/\"},\"wordCount\":554,\"commentCount\":0,\"publisher\":{\"@id\":\"https:\\\/\\\/pulso27.com\\\/en\\\/#organization\"},\"image\":{\"@id\":\"https:\\\/\\\/pulso27.com\\\/nacional\\\/partidos-politicos-se-podran-inscribir-adjuntando-mas-de-531-mil-adherentes\\\/#primaryimage\"},\"thumbnailUrl\":\"https:\\\/\\\/pulso27.com\\\/wp-content\\\/uploads\\\/2024\\\/03\\\/jne.jpg\",\"keywords\":[\"Elecciones\",\"JNE\",\"Partidos Pol\u00edticos\",\"Pol\u00edtica\"],\"articleSection\":[\"Nacional\",\"Pol\u00edtica\"],\"inLanguage\":\"es-PE\",\"potentialAction\":[{\"@type\":\"CommentAction\",\"name\":\"Comment\",\"target\":[\"https:\\\/\\\/pulso27.com\\\/nacional\\\/partidos-politicos-se-podran-inscribir-adjuntando-mas-de-531-mil-adherentes\\\/#respond\"]}]},{\"@type\":\"WebPage\",\"@id\":\"https:\\\/\\\/pulso27.com\\\/nacional\\\/partidos-politicos-se-podran-inscribir-adjuntando-mas-de-531-mil-adherentes\\\/\",\"url\":\"https:\\\/\\\/pulso27.com\\\/nacional\\\/partidos-politicos-se-podran-inscribir-adjuntando-mas-de-531-mil-adherentes\\\/\",\"name\":\"Partidos pol\u00edticos se podr\u00e1n inscribir con m\u00e1s de 531 mil adherentes - Pulso27\",\"isPartOf\":{\"@id\":\"https:\\\/\\\/pulso27.com\\\/en\\\/#website\"},\"primaryImageOfPage\":{\"@id\":\"https:\\\/\\\/pulso27.com\\\/nacional\\\/partidos-politicos-se-podran-inscribir-adjuntando-mas-de-531-mil-adherentes\\\/#primaryimage\"},\"image\":{\"@id\":\"https:\\\/\\\/pulso27.com\\\/nacional\\\/partidos-politicos-se-podran-inscribir-adjuntando-mas-de-531-mil-adherentes\\\/#primaryimage\"},\"thumbnailUrl\":\"https:\\\/\\\/pulso27.com\\\/wp-content\\\/uploads\\\/2024\\\/03\\\/jne.jpg\",\"datePublished\":\"2024-02-29T21:33:36+00:00\",\"dateModified\":\"2024-02-29T21:35:39+00:00\",\"breadcrumb\":{\"@id\":\"https:\\\/\\\/pulso27.com\\\/nacional\\\/partidos-politicos-se-podran-inscribir-adjuntando-mas-de-531-mil-adherentes\\\/#breadcrumb\"},\"inLanguage\":\"es-PE\",\"potentialAction\":[{\"@type\":\"ReadAction\",\"target\":[\"https:\\\/\\\/pulso27.com\\\/nacional\\\/partidos-politicos-se-podran-inscribir-adjuntando-mas-de-531-mil-adherentes\\\/\"]}]},{\"@type\":\"ImageObject\",\"inLanguage\":\"es-PE\",\"@id\":\"https:\\\/\\\/pulso27.com\\\/nacional\\\/partidos-politicos-se-podran-inscribir-adjuntando-mas-de-531-mil-adherentes\\\/#primaryimage\",\"url\":\"https:\\\/\\\/pulso27.com\\\/wp-content\\\/uploads\\\/2024\\\/03\\\/jne.jpg\",\"contentUrl\":\"https:\\\/\\\/pulso27.com\\\/wp-content\\\/uploads\\\/2024\\\/03\\\/jne.jpg\",\"width\":275,\"height\":183},{\"@type\":\"BreadcrumbList\",\"@id\":\"https:\\\/\\\/pulso27.com\\\/nacional\\\/partidos-politicos-se-podran-inscribir-adjuntando-mas-de-531-mil-adherentes\\\/#breadcrumb\",\"itemListElement\":[{\"@type\":\"ListItem\",\"position\":1,\"name\":\"Portada\",\"item\":\"https:\\\/\\\/pulso27.com\\\/\"},{\"@type\":\"ListItem\",\"position\":2,\"name\":\"Partidos pol\u00edticos se podr\u00e1n inscribir con m\u00e1s de 531 mil adherentes\"}]},{\"@type\":\"WebSite\",\"@id\":\"https:\\\/\\\/pulso27.com\\\/en\\\/#website\",\"url\":\"https:\\\/\\\/pulso27.com\\\/en\\\/\",\"name\":\"Pulso27\",\"description\":\"Web de noticias y publicidad\",\"publisher\":{\"@id\":\"https:\\\/\\\/pulso27.com\\\/en\\\/#organization\"},\"alternateName\":\"El pulso del pueblo\",\"potentialAction\":[{\"@type\":\"SearchAction\",\"target\":{\"@type\":\"EntryPoint\",\"urlTemplate\":\"https:\\\/\\\/pulso27.com\\\/en\\\/?s={search_term_string}\"},\"query-input\":{\"@type\":\"PropertyValueSpecification\",\"valueRequired\":true,\"valueName\":\"search_term_string\"}}],\"inLanguage\":\"es-PE\"},{\"@type\":\"Organization\",\"@id\":\"https:\\\/\\\/pulso27.com\\\/en\\\/#organization\",\"name\":\"Pulso27\",\"url\":\"https:\\\/\\\/pulso27.com\\\/en\\\/\",\"logo\":{\"@type\":\"ImageObject\",\"inLanguage\":\"es-PE\",\"@id\":\"https:\\\/\\\/pulso27.com\\\/en\\\/#\\\/schema\\\/logo\\\/image\\\/\",\"url\":\"https:\\\/\\\/pulso27.com\\\/wp-content\\\/uploads\\\/2026\\\/02\\\/Logotipo-de-la-organizacion-696-x-696-px-ok.png\",\"contentUrl\":\"https:\\\/\\\/pulso27.com\\\/wp-content\\\/uploads\\\/2026\\\/02\\\/Logotipo-de-la-organizacion-696-x-696-px-ok.png\",\"width\":696,\"height\":696,\"caption\":\"Pulso27\"},\"image\":{\"@id\":\"https:\\\/\\\/pulso27.com\\\/en\\\/#\\\/schema\\\/logo\\\/image\\\/\"},\"sameAs\":[\"https:\\\/\\\/www.facebook.com\\\/pulso27\\\/\",\"https:\\\/\\\/x.com\\\/Pulso_27\",\"https:\\\/\\\/www.youtube.com\\\/@Pulso27\",\"https:\\\/\\\/www.tiktok.com\\\/@pulso_27\"]},{\"@type\":\"Person\",\"@id\":\"https:\\\/\\\/pulso27.com\\\/en\\\/#\\\/schema\\\/person\\\/d20fd7f5bc7f2e53fd150d43fca07a78\",\"name\":\"Tupaq\",\"image\":{\"@type\":\"ImageObject\",\"inLanguage\":\"es-PE\",\"@id\":\"https:\\\/\\\/secure.gravatar.com\\\/avatar\\\/7929e9b034aeea560319a601e4f04c59eb5f45a79eafe192adabb67e9604e7e7?s=96&d=mm&r=g\",\"url\":\"https:\\\/\\\/secure.gravatar.com\\\/avatar\\\/7929e9b034aeea560319a601e4f04c59eb5f45a79eafe192adabb67e9604e7e7?s=96&d=mm&r=g\",\"contentUrl\":\"https:\\\/\\\/secure.gravatar.com\\\/avatar\\\/7929e9b034aeea560319a601e4f04c59eb5f45a79eafe192adabb67e9604e7e7?s=96&d=mm&r=g\",\"caption\":\"Tupaq\"},\"url\":\"https:\\\/\\\/pulso27.com\\\/es\\\/author\\\/tupaq\\\/\"}]}<\/script>\n<!-- \/ Yoast SEO plugin. -->","yoast_head_json":{"title":"Partidos pol\u00edticos se podr\u00e1n inscribir con m\u00e1s de 531 mil adherentes - Pulso27","robots":{"index":"index","follow":"follow","max-snippet":"max-snippet:-1","max-image-preview":"max-image-preview:large","max-video-preview":"max-video-preview:-1"},"canonical":"https:\/\/pulso27.com\/es\/nacional\/partidos-politicos-se-podran-inscribir-adjuntando-mas-de-531-mil-adherentes\/","og_locale":"es_ES","og_type":"article","og_title":"Partidos pol\u00edticos se podr\u00e1n inscribir con m\u00e1s de 531 mil adherentes - Pulso27","og_description":"En aplicaci\u00f3n del art\u00edculo 5 de la Ley N\u00b0 28094, Ley de Organizaciones Pol\u00edticas y su modificaci\u00f3n (Ley N\u00b0 31981), el Jurado Nacional de Elecciones estableci\u00f3 hoy que el n\u00famero m\u00ednimo de adherentes que se requiere como requisito para la inscripci\u00f3n de partidos pol\u00edticos, ante el Registro de Organizaciones Pol\u00edticas, es de 531 412 adherentes, [&hellip;]","og_url":"https:\/\/pulso27.com\/es\/nacional\/partidos-politicos-se-podran-inscribir-adjuntando-mas-de-531-mil-adherentes\/","og_site_name":"Pulso27","article_publisher":"https:\/\/www.facebook.com\/pulso27\/","article_published_time":"2024-02-29T21:33:36+00:00","article_modified_time":"2024-02-29T21:35:39+00:00","og_image":[{"width":275,"height":183,"url":"https:\/\/pulso27.com\/wp-content\/uploads\/2024\/03\/jne.jpg","type":"image\/jpeg"}],"author":"Tupaq","twitter_card":"summary_large_image","twitter_creator":"@Pulso_27","twitter_site":"@Pulso_27","twitter_misc":{"Written by":"Tupaq","Est. reading time":"3 minutos"},"schema":{"@context":"https:\/\/schema.org","@graph":[{"@type":"Article","@id":"https:\/\/pulso27.com\/nacional\/partidos-politicos-se-podran-inscribir-adjuntando-mas-de-531-mil-adherentes\/#article","isPartOf":{"@id":"https:\/\/pulso27.com\/nacional\/partidos-politicos-se-podran-inscribir-adjuntando-mas-de-531-mil-adherentes\/"},"author":{"name":"Tupaq","@id":"https:\/\/pulso27.com\/en\/#\/schema\/person\/d20fd7f5bc7f2e53fd150d43fca07a78"},"headline":"Partidos pol\u00edticos se podr\u00e1n inscribir con m\u00e1s de 531 mil adherentes","datePublished":"2024-02-29T21:33:36+00:00","dateModified":"2024-02-29T21:35:39+00:00","mainEntityOfPage":{"@id":"https:\/\/pulso27.com\/nacional\/partidos-politicos-se-podran-inscribir-adjuntando-mas-de-531-mil-adherentes\/"},"wordCount":554,"commentCount":0,"publisher":{"@id":"https:\/\/pulso27.com\/en\/#organization"},"image":{"@id":"https:\/\/pulso27.com\/nacional\/partidos-politicos-se-podran-inscribir-adjuntando-mas-de-531-mil-adherentes\/#primaryimage"},"thumbnailUrl":"https:\/\/pulso27.com\/wp-content\/uploads\/2024\/03\/jne.jpg","keywords":["Elecciones","JNE","Partidos Pol\u00edticos","Pol\u00edtica"],"articleSection":["Nacional","Pol\u00edtica"],"inLanguage":"es-PE","potentialAction":[{"@type":"CommentAction","name":"Comment","target":["https:\/\/pulso27.com\/nacional\/partidos-politicos-se-podran-inscribir-adjuntando-mas-de-531-mil-adherentes\/#respond"]}]},{"@type":"WebPage","@id":"https:\/\/pulso27.com\/nacional\/partidos-politicos-se-podran-inscribir-adjuntando-mas-de-531-mil-adherentes\/","url":"https:\/\/pulso27.com\/nacional\/partidos-politicos-se-podran-inscribir-adjuntando-mas-de-531-mil-adherentes\/","name":"Partidos pol\u00edticos se podr\u00e1n inscribir con m\u00e1s de 531 mil adherentes - Pulso27","isPartOf":{"@id":"https:\/\/pulso27.com\/en\/#website"},"primaryImageOfPage":{"@id":"https:\/\/pulso27.com\/nacional\/partidos-politicos-se-podran-inscribir-adjuntando-mas-de-531-mil-adherentes\/#primaryimage"},"image":{"@id":"https:\/\/pulso27.com\/nacional\/partidos-politicos-se-podran-inscribir-adjuntando-mas-de-531-mil-adherentes\/#primaryimage"},"thumbnailUrl":"https:\/\/pulso27.com\/wp-content\/uploads\/2024\/03\/jne.jpg","datePublished":"2024-02-29T21:33:36+00:00","dateModified":"2024-02-29T21:35:39+00:00","breadcrumb":{"@id":"https:\/\/pulso27.com\/nacional\/partidos-politicos-se-podran-inscribir-adjuntando-mas-de-531-mil-adherentes\/#breadcrumb"},"inLanguage":"es-PE","potentialAction":[{"@type":"ReadAction","target":["https:\/\/pulso27.com\/nacional\/partidos-politicos-se-podran-inscribir-adjuntando-mas-de-531-mil-adherentes\/"]}]},{"@type":"ImageObject","inLanguage":"es-PE","@id":"https:\/\/pulso27.com\/nacional\/partidos-politicos-se-podran-inscribir-adjuntando-mas-de-531-mil-adherentes\/#primaryimage","url":"https:\/\/pulso27.com\/wp-content\/uploads\/2024\/03\/jne.jpg","contentUrl":"https:\/\/pulso27.com\/wp-content\/uploads\/2024\/03\/jne.jpg","width":275,"height":183},{"@type":"BreadcrumbList","@id":"https:\/\/pulso27.com\/nacional\/partidos-politicos-se-podran-inscribir-adjuntando-mas-de-531-mil-adherentes\/#breadcrumb","itemListElement":[{"@type":"ListItem","position":1,"name":"Portada","item":"https:\/\/pulso27.com\/"},{"@type":"ListItem","position":2,"name":"Partidos pol\u00edticos se podr\u00e1n inscribir con m\u00e1s de 531 mil adherentes"}]},{"@type":"WebSite","@id":"https:\/\/pulso27.com\/en\/#website","url":"https:\/\/pulso27.com\/en\/","name":"Pulso27","description":"Web de noticias y publicidad","publisher":{"@id":"https:\/\/pulso27.com\/en\/#organization"},"alternateName":"El pulso del pueblo","potentialAction":[{"@type":"SearchAction","target":{"@type":"EntryPoint","urlTemplate":"https:\/\/pulso27.com\/en\/?s={search_term_string}"},"query-input":{"@type":"PropertyValueSpecification","valueRequired":true,"valueName":"search_term_string"}}],"inLanguage":"es-PE"},{"@type":"Organization","@id":"https:\/\/pulso27.com\/en\/#organization","name":"Pulso27","url":"https:\/\/pulso27.com\/en\/","logo":{"@type":"ImageObject","inLanguage":"es-PE","@id":"https:\/\/pulso27.com\/en\/#\/schema\/logo\/image\/","url":"https:\/\/pulso27.com\/wp-content\/uploads\/2026\/02\/Logotipo-de-la-organizacion-696-x-696-px-ok.png","contentUrl":"https:\/\/pulso27.com\/wp-content\/uploads\/2026\/02\/Logotipo-de-la-organizacion-696-x-696-px-ok.png","width":696,"height":696,"caption":"Pulso27"},"image":{"@id":"https:\/\/pulso27.com\/en\/#\/schema\/logo\/image\/"},"sameAs":["https:\/\/www.facebook.com\/pulso27\/","https:\/\/x.com\/Pulso_27","https:\/\/www.youtube.com\/@Pulso27","https:\/\/www.tiktok.com\/@pulso_27"]},{"@type":"Person","@id":"https:\/\/pulso27.com\/en\/#\/schema\/person\/d20fd7f5bc7f2e53fd150d43fca07a78","name":"Tupaq","image":{"@type":"ImageObject","inLanguage":"es-PE","@id":"https:\/\/secure.gravatar.com\/avatar\/7929e9b034aeea560319a601e4f04c59eb5f45a79eafe192adabb67e9604e7e7?s=96&d=mm&r=g","url":"https:\/\/secure.gravatar.com\/avatar\/7929e9b034aeea560319a601e4f04c59eb5f45a79eafe192adabb67e9604e7e7?s=96&d=mm&r=g","contentUrl":"https:\/\/secure.gravatar.com\/avatar\/7929e9b034aeea560319a601e4f04c59eb5f45a79eafe192adabb67e9604e7e7?s=96&d=mm&r=g","caption":"Tupaq"},"url":"https:\/\/pulso27.com\/es\/author\/tupaq\/"}]}},"amp_enabled":true,"_links":{"self":[{"href":"https:\/\/pulso27.com\/es\/wp-json\/wp\/v2\/posts\/1350","targetHints":{"allow":["GET"]}}],"collection":[{"href":"https:\/\/pulso27.com\/es\/wp-json\/wp\/v2\/posts"}],"about":[{"href":"https:\/\/pulso27.com\/es\/wp-json\/wp\/v2\/types\/post"}],"author":[{"embeddable":true,"href":"https:\/\/pulso27.com\/es\/wp-json\/wp\/v2\/users\/7"}],"replies":[{"embeddable":true,"href":"https:\/\/pulso27.com\/es\/wp-json\/wp\/v2\/comments?post=1350"}],"version-history":[{"count":2,"href":"https:\/\/pulso27.com\/es\/wp-json\/wp\/v2\/posts\/1350\/revisions"}],"predecessor-version":[{"id":1354,"href":"https:\/\/pulso27.com\/es\/wp-json\/wp\/v2\/posts\/1350\/revisions\/1354"}],"wp:featuredmedia":[{"embeddable":true,"href":"https:\/\/pulso27.com\/es\/wp-json\/wp\/v2\/media\/1352"}],"wp:attachment":[{"href":"https:\/\/pulso27.com\/es\/wp-json\/wp\/v2\/media?parent=1350"}],"wp:term":[{"taxonomy":"category","embeddable":true,"href":"https:\/\/pulso27.com\/es\/wp-json\/wp\/v2\/categories?post=1350"},{"taxonomy":"post_tag","embeddable":true,"href":"https:\/\/pulso27.com\/es\/wp-json\/wp\/v2\/tags?post=1350"}],"curies":[{"name":"wp","href":"https:\/\/api.w.org\/{rel}","templated":true}]}}