{"id":1355,"date":"2024-03-01T03:07:12","date_gmt":"2024-02-29T22:07:12","guid":{"rendered":"https:\/\/pulso27.com\/?p=1355"},"modified":"2024-03-01T03:09:43","modified_gmt":"2024-02-29T22:09:43","slug":"peru-declara-en-emergencia-por-incremento-de-caso-de-dengue","status":"publish","type":"post","link":"https:\/\/pulso27.com\/es\/nacional\/peru-declara-en-emergencia-por-incremento-de-caso-de-dengue\/","title":{"rendered":"Per\u00fa en emergencia por incremento del dengue en departamentos del norte"},"content":{"rendered":"\n<p>El dengue en Per\u00fa va en aumento, sobre todo en la regi\u00f3n de Tumbes. Los casos en este territorio, ubicado al norte del pa\u00eds, suman 948, de los cuales 384 han sido confirmados y 564 son probables, seg\u00fan datos de la Direcci\u00f3n Regional de Salud (Diresa). Hasta la fecha, martes 27 de febrero, el distrito m\u00e1s afectado es el de Corrales.<\/p>\n\n\n\n<p>Del total de pacientes con dengue, en el 91,4% (866) se carecen de signos de alarma; mientras que en el 8,3% (80) la enfermedad se presenta con signos de alarma y en el 0,2% (2) hay signos de gravedad, de acuerdo con el \u00e1rea de epidemiolog\u00eda de la Diresa.<\/p>\n\n\n\n<p>En los hospitales del Ministerio de Salud (Minsa) y EsSalud, hay 113 pacientes hospitalizados por dengue, la mayor\u00eda de los cuales est\u00e1n mostrando una evoluci\u00f3n favorable. El 21,8% de las camas disponibles en las Unidades de Cuidados Intensivos (UCI) del segundo nivel est\u00e1n ocupadas, y el 85,7% de las camas en UCI, lo que sugiere un aumento en la severidad de los casos.<\/p>\n\n\n\n<p>En Tumbes, el n\u00famero de casos reportados entre enero y febrero de 2024 supera lo contabilizado en el mismo periodo de los a\u00f1os 2022 y 2023. Durante el 2022 se registraron 206 pacientes, mientras que durante el 2023 hubo solo 81.<\/p>\n\n\n\n<figure class=\"wp-block-image size-large\"><img loading=\"lazy\" decoding=\"async\" width=\"1024\" height=\"576\" src=\"https:\/\/pulso27.com\/wp-content\/uploads\/2024\/03\/denngue-1024x576.jpg\" alt=\"\" class=\"wp-image-1359\" srcset=\"https:\/\/pulso27.com\/wp-content\/uploads\/2024\/03\/denngue-1024x576.jpg 1024w, https:\/\/pulso27.com\/wp-content\/uploads\/2024\/03\/denngue-300x169.jpg 300w, https:\/\/pulso27.com\/wp-content\/uploads\/2024\/03\/denngue-768x432.jpg 768w, https:\/\/pulso27.com\/wp-content\/uploads\/2024\/03\/denngue-1536x864.jpg 1536w, https:\/\/pulso27.com\/wp-content\/uploads\/2024\/03\/denngue-18x10.jpg 18w, https:\/\/pulso27.com\/wp-content\/uploads\/2024\/03\/denngue.jpg 1920w\" sizes=\"auto, (max-width: 1024px) 100vw, 1024px\" \/><\/figure>\n\n\n\n<p>Por lo que, diecinueve departamentos del Per\u00fa y la Provincia Constitucional del Callao permanecer\u00e1n en estado de emergencia sanitaria durante 90 d\u00edas, a causa del aumento de casos de dengue. As\u00ed lo oficializ\u00f3 el gobierno mediante la publicaci\u00f3n del Decreto Supremo 004-2024-SA, en la edici\u00f3n extraordinaria del Bolet\u00edn de Normas Legales del Diario Oficial El Peruano.<\/p>\n\n\n\n<p>La norma indica que el objetivo de la declaratoria de estado de emergencia es optimizar la administraci\u00f3n completa del tratamiento de los casos de dengue en los centros de salud; as\u00ed como reforzar el sistema de seguimiento epidemiol\u00f3gico e investigaci\u00f3n de brotes de dengue, y aumentar la eficacia de respuesta en la Red de Laboratorios de Salud P\u00fablica frente a la epidemia de dengue. Tambi\u00e9n buscan intensificar las acciones preventivas y promocionales mediante la colaboraci\u00f3n con las autoridades locales, y disminuir los niveles de infestaci\u00f3n del vector.<\/p>\n\n\n\n<p>Fuente: Webs y redes de noticias<\/p>\n","protected":false},"excerpt":{"rendered":"<p>El dengue en Per\u00fa va en aumento, sobre todo en la regi\u00f3n de Tumbes. Los casos en este territorio, ubicado al norte del pa\u00eds, suman 948, de los cuales 384 han sido confirmados y 564 son probables, seg\u00fan datos de la Direcci\u00f3n Regional de Salud (Diresa). Hasta la fecha, martes 27 de febrero, el distrito [&hellip;]<\/p>\n","protected":false},"author":7,"featured_media":1360,"comment_status":"open","ping_status":"open","sticky":false,"template":"","format":"standard","meta":{"footnotes":""},"categories":[183,174],"tags":[604,579,191],"class_list":["post-1355","post","type-post","status-publish","format-standard","has-post-thumbnail","hentry","category-actualidad","category-nacional","tag-dengue","tag-emergencia","tag-minsa"],"yoast_head":"<!-- This site is optimized with the Yoast SEO plugin v27.4 - https:\/\/yoast.com\/product\/yoast-seo-wordpress\/ -->\n<title>Per\u00fa en emergencia por incremento del dengue en departamentos del norte - Pulso27<\/title>\n<meta name=\"robots\" content=\"index, follow, max-snippet:-1, max-image-preview:large, max-video-preview:-1\" \/>\n<link rel=\"canonical\" href=\"https:\/\/pulso27.com\/es\/nacional\/peru-declara-en-emergencia-por-incremento-de-caso-de-dengue\/\" \/>\n<meta property=\"og:locale\" content=\"es_ES\" \/>\n<meta property=\"og:type\" content=\"article\" \/>\n<meta property=\"og:title\" content=\"Per\u00fa en emergencia por incremento del dengue en departamentos del norte - Pulso27\" \/>\n<meta property=\"og:description\" content=\"El dengue en Per\u00fa va en aumento, sobre todo en la regi\u00f3n de Tumbes. Los casos en este territorio, ubicado al norte del pa\u00eds, suman 948, de los cuales 384 han sido confirmados y 564 son probables, seg\u00fan datos de la Direcci\u00f3n Regional de Salud (Diresa). Hasta la fecha, martes 27 de febrero, el distrito [&hellip;]\" \/>\n<meta property=\"og:url\" content=\"https:\/\/pulso27.com\/es\/nacional\/peru-declara-en-emergencia-por-incremento-de-caso-de-dengue\/\" \/>\n<meta property=\"og:site_name\" content=\"Pulso27\" \/>\n<meta property=\"article:publisher\" content=\"https:\/\/www.facebook.com\/pulso27\/\" \/>\n<meta property=\"article:published_time\" content=\"2024-02-29T22:07:12+00:00\" \/>\n<meta property=\"article:modified_time\" content=\"2024-02-29T22:09:43+00:00\" \/>\n<meta property=\"og:image\" content=\"https:\/\/pulso27.com\/wp-content\/uploads\/2024\/03\/denguee.jpg\" \/>\n\t<meta property=\"og:image:width\" content=\"1800\" \/>\n\t<meta property=\"og:image:height\" content=\"1350\" \/>\n\t<meta property=\"og:image:type\" content=\"image\/jpeg\" \/>\n<meta name=\"author\" content=\"Tupaq\" \/>\n<meta name=\"twitter:card\" content=\"summary_large_image\" \/>\n<meta name=\"twitter:creator\" content=\"@Pulso_27\" \/>\n<meta name=\"twitter:site\" content=\"@Pulso_27\" \/>\n<meta name=\"twitter:label1\" content=\"Written by\" \/>\n\t<meta name=\"twitter:data1\" content=\"Tupaq\" \/>\n\t<meta name=\"twitter:label2\" content=\"Est. reading time\" \/>\n\t<meta name=\"twitter:data2\" content=\"2 minutos\" \/>\n<script type=\"application\/ld+json\" class=\"yoast-schema-graph\">{\"@context\":\"https:\\\/\\\/schema.org\",\"@graph\":[{\"@type\":\"Article\",\"@id\":\"https:\\\/\\\/pulso27.com\\\/nacional\\\/peru-declara-en-emergencia-por-incremento-de-caso-de-dengue\\\/#article\",\"isPartOf\":{\"@id\":\"https:\\\/\\\/pulso27.com\\\/nacional\\\/peru-declara-en-emergencia-por-incremento-de-caso-de-dengue\\\/\"},\"author\":{\"name\":\"Tupaq\",\"@id\":\"https:\\\/\\\/pulso27.com\\\/en\\\/#\\\/schema\\\/person\\\/d20fd7f5bc7f2e53fd150d43fca07a78\"},\"headline\":\"Per\u00fa en emergencia por incremento del dengue en departamentos del norte\",\"datePublished\":\"2024-02-29T22:07:12+00:00\",\"dateModified\":\"2024-02-29T22:09:43+00:00\",\"mainEntityOfPage\":{\"@id\":\"https:\\\/\\\/pulso27.com\\\/nacional\\\/peru-declara-en-emergencia-por-incremento-de-caso-de-dengue\\\/\"},\"wordCount\":378,\"commentCount\":0,\"publisher\":{\"@id\":\"https:\\\/\\\/pulso27.com\\\/en\\\/#organization\"},\"image\":{\"@id\":\"https:\\\/\\\/pulso27.com\\\/nacional\\\/peru-declara-en-emergencia-por-incremento-de-caso-de-dengue\\\/#primaryimage\"},\"thumbnailUrl\":\"https:\\\/\\\/pulso27.com\\\/wp-content\\\/uploads\\\/2024\\\/03\\\/denguee.jpg\",\"keywords\":[\"Dengue\",\"Emergencia\",\"Minsa\"],\"articleSection\":[\"Actualidad\",\"Nacional\"],\"inLanguage\":\"es-PE\",\"potentialAction\":[{\"@type\":\"CommentAction\",\"name\":\"Comment\",\"target\":[\"https:\\\/\\\/pulso27.com\\\/nacional\\\/peru-declara-en-emergencia-por-incremento-de-caso-de-dengue\\\/#respond\"]}]},{\"@type\":\"WebPage\",\"@id\":\"https:\\\/\\\/pulso27.com\\\/nacional\\\/peru-declara-en-emergencia-por-incremento-de-caso-de-dengue\\\/\",\"url\":\"https:\\\/\\\/pulso27.com\\\/nacional\\\/peru-declara-en-emergencia-por-incremento-de-caso-de-dengue\\\/\",\"name\":\"Per\u00fa en emergencia por incremento del dengue en departamentos del norte - Pulso27\",\"isPartOf\":{\"@id\":\"https:\\\/\\\/pulso27.com\\\/en\\\/#website\"},\"primaryImageOfPage\":{\"@id\":\"https:\\\/\\\/pulso27.com\\\/nacional\\\/peru-declara-en-emergencia-por-incremento-de-caso-de-dengue\\\/#primaryimage\"},\"image\":{\"@id\":\"https:\\\/\\\/pulso27.com\\\/nacional\\\/peru-declara-en-emergencia-por-incremento-de-caso-de-dengue\\\/#primaryimage\"},\"thumbnailUrl\":\"https:\\\/\\\/pulso27.com\\\/wp-content\\\/uploads\\\/2024\\\/03\\\/denguee.jpg\",\"datePublished\":\"2024-02-29T22:07:12+00:00\",\"dateModified\":\"2024-02-29T22:09:43+00:00\",\"breadcrumb\":{\"@id\":\"https:\\\/\\\/pulso27.com\\\/nacional\\\/peru-declara-en-emergencia-por-incremento-de-caso-de-dengue\\\/#breadcrumb\"},\"inLanguage\":\"es-PE\",\"potentialAction\":[{\"@type\":\"ReadAction\",\"target\":[\"https:\\\/\\\/pulso27.com\\\/nacional\\\/peru-declara-en-emergencia-por-incremento-de-caso-de-dengue\\\/\"]}]},{\"@type\":\"ImageObject\",\"inLanguage\":\"es-PE\",\"@id\":\"https:\\\/\\\/pulso27.com\\\/nacional\\\/peru-declara-en-emergencia-por-incremento-de-caso-de-dengue\\\/#primaryimage\",\"url\":\"https:\\\/\\\/pulso27.com\\\/wp-content\\\/uploads\\\/2024\\\/03\\\/denguee.jpg\",\"contentUrl\":\"https:\\\/\\\/pulso27.com\\\/wp-content\\\/uploads\\\/2024\\\/03\\\/denguee.jpg\",\"width\":1800,\"height\":1350},{\"@type\":\"BreadcrumbList\",\"@id\":\"https:\\\/\\\/pulso27.com\\\/nacional\\\/peru-declara-en-emergencia-por-incremento-de-caso-de-dengue\\\/#breadcrumb\",\"itemListElement\":[{\"@type\":\"ListItem\",\"position\":1,\"name\":\"Portada\",\"item\":\"https:\\\/\\\/pulso27.com\\\/\"},{\"@type\":\"ListItem\",\"position\":2,\"name\":\"Per\u00fa en emergencia por incremento del dengue en departamentos del norte\"}]},{\"@type\":\"WebSite\",\"@id\":\"https:\\\/\\\/pulso27.com\\\/en\\\/#website\",\"url\":\"https:\\\/\\\/pulso27.com\\\/en\\\/\",\"name\":\"Pulso27\",\"description\":\"Web de noticias y publicidad\",\"publisher\":{\"@id\":\"https:\\\/\\\/pulso27.com\\\/en\\\/#organization\"},\"alternateName\":\"El pulso del pueblo\",\"potentialAction\":[{\"@type\":\"SearchAction\",\"target\":{\"@type\":\"EntryPoint\",\"urlTemplate\":\"https:\\\/\\\/pulso27.com\\\/en\\\/?s={search_term_string}\"},\"query-input\":{\"@type\":\"PropertyValueSpecification\",\"valueRequired\":true,\"valueName\":\"search_term_string\"}}],\"inLanguage\":\"es-PE\"},{\"@type\":\"Organization\",\"@id\":\"https:\\\/\\\/pulso27.com\\\/en\\\/#organization\",\"name\":\"Pulso27\",\"url\":\"https:\\\/\\\/pulso27.com\\\/en\\\/\",\"logo\":{\"@type\":\"ImageObject\",\"inLanguage\":\"es-PE\",\"@id\":\"https:\\\/\\\/pulso27.com\\\/en\\\/#\\\/schema\\\/logo\\\/image\\\/\",\"url\":\"https:\\\/\\\/pulso27.com\\\/wp-content\\\/uploads\\\/2026\\\/02\\\/Logotipo-de-la-organizacion-696-x-696-px-ok.png\",\"contentUrl\":\"https:\\\/\\\/pulso27.com\\\/wp-content\\\/uploads\\\/2026\\\/02\\\/Logotipo-de-la-organizacion-696-x-696-px-ok.png\",\"width\":696,\"height\":696,\"caption\":\"Pulso27\"},\"image\":{\"@id\":\"https:\\\/\\\/pulso27.com\\\/en\\\/#\\\/schema\\\/logo\\\/image\\\/\"},\"sameAs\":[\"https:\\\/\\\/www.facebook.com\\\/pulso27\\\/\",\"https:\\\/\\\/x.com\\\/Pulso_27\",\"https:\\\/\\\/www.youtube.com\\\/@Pulso27\",\"https:\\\/\\\/www.tiktok.com\\\/@pulso_27\"]},{\"@type\":\"Person\",\"@id\":\"https:\\\/\\\/pulso27.com\\\/en\\\/#\\\/schema\\\/person\\\/d20fd7f5bc7f2e53fd150d43fca07a78\",\"name\":\"Tupaq\",\"image\":{\"@type\":\"ImageObject\",\"inLanguage\":\"es-PE\",\"@id\":\"https:\\\/\\\/secure.gravatar.com\\\/avatar\\\/7929e9b034aeea560319a601e4f04c59eb5f45a79eafe192adabb67e9604e7e7?s=96&d=mm&r=g\",\"url\":\"https:\\\/\\\/secure.gravatar.com\\\/avatar\\\/7929e9b034aeea560319a601e4f04c59eb5f45a79eafe192adabb67e9604e7e7?s=96&d=mm&r=g\",\"contentUrl\":\"https:\\\/\\\/secure.gravatar.com\\\/avatar\\\/7929e9b034aeea560319a601e4f04c59eb5f45a79eafe192adabb67e9604e7e7?s=96&d=mm&r=g\",\"caption\":\"Tupaq\"},\"url\":\"https:\\\/\\\/pulso27.com\\\/es\\\/author\\\/tupaq\\\/\"}]}<\/script>\n<!-- \/ Yoast SEO plugin. -->","yoast_head_json":{"title":"Per\u00fa en emergencia por incremento del dengue en departamentos del norte - Pulso27","robots":{"index":"index","follow":"follow","max-snippet":"max-snippet:-1","max-image-preview":"max-image-preview:large","max-video-preview":"max-video-preview:-1"},"canonical":"https:\/\/pulso27.com\/es\/nacional\/peru-declara-en-emergencia-por-incremento-de-caso-de-dengue\/","og_locale":"es_ES","og_type":"article","og_title":"Per\u00fa en emergencia por incremento del dengue en departamentos del norte - Pulso27","og_description":"El dengue en Per\u00fa va en aumento, sobre todo en la regi\u00f3n de Tumbes. Los casos en este territorio, ubicado al norte del pa\u00eds, suman 948, de los cuales 384 han sido confirmados y 564 son probables, seg\u00fan datos de la Direcci\u00f3n Regional de Salud (Diresa). Hasta la fecha, martes 27 de febrero, el distrito [&hellip;]","og_url":"https:\/\/pulso27.com\/es\/nacional\/peru-declara-en-emergencia-por-incremento-de-caso-de-dengue\/","og_site_name":"Pulso27","article_publisher":"https:\/\/www.facebook.com\/pulso27\/","article_published_time":"2024-02-29T22:07:12+00:00","article_modified_time":"2024-02-29T22:09:43+00:00","og_image":[{"width":1800,"height":1350,"url":"https:\/\/pulso27.com\/wp-content\/uploads\/2024\/03\/denguee.jpg","type":"image\/jpeg"}],"author":"Tupaq","twitter_card":"summary_large_image","twitter_creator":"@Pulso_27","twitter_site":"@Pulso_27","twitter_misc":{"Written by":"Tupaq","Est. reading time":"2 minutos"},"schema":{"@context":"https:\/\/schema.org","@graph":[{"@type":"Article","@id":"https:\/\/pulso27.com\/nacional\/peru-declara-en-emergencia-por-incremento-de-caso-de-dengue\/#article","isPartOf":{"@id":"https:\/\/pulso27.com\/nacional\/peru-declara-en-emergencia-por-incremento-de-caso-de-dengue\/"},"author":{"name":"Tupaq","@id":"https:\/\/pulso27.com\/en\/#\/schema\/person\/d20fd7f5bc7f2e53fd150d43fca07a78"},"headline":"Per\u00fa en emergencia por incremento del dengue en departamentos del norte","datePublished":"2024-02-29T22:07:12+00:00","dateModified":"2024-02-29T22:09:43+00:00","mainEntityOfPage":{"@id":"https:\/\/pulso27.com\/nacional\/peru-declara-en-emergencia-por-incremento-de-caso-de-dengue\/"},"wordCount":378,"commentCount":0,"publisher":{"@id":"https:\/\/pulso27.com\/en\/#organization"},"image":{"@id":"https:\/\/pulso27.com\/nacional\/peru-declara-en-emergencia-por-incremento-de-caso-de-dengue\/#primaryimage"},"thumbnailUrl":"https:\/\/pulso27.com\/wp-content\/uploads\/2024\/03\/denguee.jpg","keywords":["Dengue","Emergencia","Minsa"],"articleSection":["Actualidad","Nacional"],"inLanguage":"es-PE","potentialAction":[{"@type":"CommentAction","name":"Comment","target":["https:\/\/pulso27.com\/nacional\/peru-declara-en-emergencia-por-incremento-de-caso-de-dengue\/#respond"]}]},{"@type":"WebPage","@id":"https:\/\/pulso27.com\/nacional\/peru-declara-en-emergencia-por-incremento-de-caso-de-dengue\/","url":"https:\/\/pulso27.com\/nacional\/peru-declara-en-emergencia-por-incremento-de-caso-de-dengue\/","name":"Per\u00fa en emergencia por incremento del dengue en departamentos del norte - Pulso27","isPartOf":{"@id":"https:\/\/pulso27.com\/en\/#website"},"primaryImageOfPage":{"@id":"https:\/\/pulso27.com\/nacional\/peru-declara-en-emergencia-por-incremento-de-caso-de-dengue\/#primaryimage"},"image":{"@id":"https:\/\/pulso27.com\/nacional\/peru-declara-en-emergencia-por-incremento-de-caso-de-dengue\/#primaryimage"},"thumbnailUrl":"https:\/\/pulso27.com\/wp-content\/uploads\/2024\/03\/denguee.jpg","datePublished":"2024-02-29T22:07:12+00:00","dateModified":"2024-02-29T22:09:43+00:00","breadcrumb":{"@id":"https:\/\/pulso27.com\/nacional\/peru-declara-en-emergencia-por-incremento-de-caso-de-dengue\/#breadcrumb"},"inLanguage":"es-PE","potentialAction":[{"@type":"ReadAction","target":["https:\/\/pulso27.com\/nacional\/peru-declara-en-emergencia-por-incremento-de-caso-de-dengue\/"]}]},{"@type":"ImageObject","inLanguage":"es-PE","@id":"https:\/\/pulso27.com\/nacional\/peru-declara-en-emergencia-por-incremento-de-caso-de-dengue\/#primaryimage","url":"https:\/\/pulso27.com\/wp-content\/uploads\/2024\/03\/denguee.jpg","contentUrl":"https:\/\/pulso27.com\/wp-content\/uploads\/2024\/03\/denguee.jpg","width":1800,"height":1350},{"@type":"BreadcrumbList","@id":"https:\/\/pulso27.com\/nacional\/peru-declara-en-emergencia-por-incremento-de-caso-de-dengue\/#breadcrumb","itemListElement":[{"@type":"ListItem","position":1,"name":"Portada","item":"https:\/\/pulso27.com\/"},{"@type":"ListItem","position":2,"name":"Per\u00fa en emergencia por incremento del dengue en departamentos del norte"}]},{"@type":"WebSite","@id":"https:\/\/pulso27.com\/en\/#website","url":"https:\/\/pulso27.com\/en\/","name":"Pulso27","description":"Web de noticias y publicidad","publisher":{"@id":"https:\/\/pulso27.com\/en\/#organization"},"alternateName":"El pulso del pueblo","potentialAction":[{"@type":"SearchAction","target":{"@type":"EntryPoint","urlTemplate":"https:\/\/pulso27.com\/en\/?s={search_term_string}"},"query-input":{"@type":"PropertyValueSpecification","valueRequired":true,"valueName":"search_term_string"}}],"inLanguage":"es-PE"},{"@type":"Organization","@id":"https:\/\/pulso27.com\/en\/#organization","name":"Pulso27","url":"https:\/\/pulso27.com\/en\/","logo":{"@type":"ImageObject","inLanguage":"es-PE","@id":"https:\/\/pulso27.com\/en\/#\/schema\/logo\/image\/","url":"https:\/\/pulso27.com\/wp-content\/uploads\/2026\/02\/Logotipo-de-la-organizacion-696-x-696-px-ok.png","contentUrl":"https:\/\/pulso27.com\/wp-content\/uploads\/2026\/02\/Logotipo-de-la-organizacion-696-x-696-px-ok.png","width":696,"height":696,"caption":"Pulso27"},"image":{"@id":"https:\/\/pulso27.com\/en\/#\/schema\/logo\/image\/"},"sameAs":["https:\/\/www.facebook.com\/pulso27\/","https:\/\/x.com\/Pulso_27","https:\/\/www.youtube.com\/@Pulso27","https:\/\/www.tiktok.com\/@pulso_27"]},{"@type":"Person","@id":"https:\/\/pulso27.com\/en\/#\/schema\/person\/d20fd7f5bc7f2e53fd150d43fca07a78","name":"Tupaq","image":{"@type":"ImageObject","inLanguage":"es-PE","@id":"https:\/\/secure.gravatar.com\/avatar\/7929e9b034aeea560319a601e4f04c59eb5f45a79eafe192adabb67e9604e7e7?s=96&d=mm&r=g","url":"https:\/\/secure.gravatar.com\/avatar\/7929e9b034aeea560319a601e4f04c59eb5f45a79eafe192adabb67e9604e7e7?s=96&d=mm&r=g","contentUrl":"https:\/\/secure.gravatar.com\/avatar\/7929e9b034aeea560319a601e4f04c59eb5f45a79eafe192adabb67e9604e7e7?s=96&d=mm&r=g","caption":"Tupaq"},"url":"https:\/\/pulso27.com\/es\/author\/tupaq\/"}]}},"amp_enabled":true,"_links":{"self":[{"href":"https:\/\/pulso27.com\/es\/wp-json\/wp\/v2\/posts\/1355","targetHints":{"allow":["GET"]}}],"collection":[{"href":"https:\/\/pulso27.com\/es\/wp-json\/wp\/v2\/posts"}],"about":[{"href":"https:\/\/pulso27.com\/es\/wp-json\/wp\/v2\/types\/post"}],"author":[{"embeddable":true,"href":"https:\/\/pulso27.com\/es\/wp-json\/wp\/v2\/users\/7"}],"replies":[{"embeddable":true,"href":"https:\/\/pulso27.com\/es\/wp-json\/wp\/v2\/comments?post=1355"}],"version-history":[{"count":2,"href":"https:\/\/pulso27.com\/es\/wp-json\/wp\/v2\/posts\/1355\/revisions"}],"predecessor-version":[{"id":1363,"href":"https:\/\/pulso27.com\/es\/wp-json\/wp\/v2\/posts\/1355\/revisions\/1363"}],"wp:featuredmedia":[{"embeddable":true,"href":"https:\/\/pulso27.com\/es\/wp-json\/wp\/v2\/media\/1360"}],"wp:attachment":[{"href":"https:\/\/pulso27.com\/es\/wp-json\/wp\/v2\/media?parent=1355"}],"wp:term":[{"taxonomy":"category","embeddable":true,"href":"https:\/\/pulso27.com\/es\/wp-json\/wp\/v2\/categories?post=1355"},{"taxonomy":"post_tag","embeddable":true,"href":"https:\/\/pulso27.com\/es\/wp-json\/wp\/v2\/tags?post=1355"}],"curies":[{"name":"wp","href":"https:\/\/api.w.org\/{rel}","templated":true}]}}