{"id":1375,"date":"2024-03-04T01:01:44","date_gmt":"2024-03-03T20:01:44","guid":{"rendered":"https:\/\/pulso27.com\/?p=1375"},"modified":"2024-03-04T01:01:45","modified_gmt":"2024-03-03T20:01:45","slug":"ex-fiscal-patricia-benavides-y-14-congresistas-son-investigados-por-organizacion-criminal","status":"publish","type":"post","link":"https:\/\/pulso27.com\/es\/nacional\/ex-fiscal-patricia-benavides-y-14-congresistas-son-investigados-por-organizacion-criminal\/","title":{"rendered":"Ex fiscal Patricia Benavides y 14 congresistas son investigados por organizaci\u00f3n criminal"},"content":{"rendered":"\n<p>La Fiscal\u00eda Suprema Especializada en Delitos cometidos por Funcionarios P\u00fablicos inform\u00f3 que, un total de 14 congresistas, fueron incluidos en la investigaci\u00f3n preliminar por presunta organizaci\u00f3n criminal que se sigue a la suspendida fiscal de la Naci\u00f3n Patricia Benavides.<\/p>\n\n\n\n<p>El Ministerio P\u00fablico, por medio de un comunicado, precis\u00f3 que Benavides Vargas y los dem\u00e1s, son investigados \u00abpor la presunta comisi\u00f3n m\u00faltiples delitos de cohecho, patrocinio ilegal, negociaci\u00f3n incompatible, tr\u00e1fico de influencias agravado, en sus diversas modalidades, en agravio del Estado peruano\u00bb.<\/p>\n\n\n\n<figure class=\"wp-block-image size-large\"><img loading=\"lazy\" decoding=\"async\" width=\"1024\" height=\"1024\" src=\"https:\/\/pulso27.com\/wp-content\/uploads\/2024\/03\/14-congresist-1024x1024.jpg\" alt=\"\" class=\"wp-image-1376\" srcset=\"https:\/\/pulso27.com\/wp-content\/uploads\/2024\/03\/14-congresist-1024x1024.jpg 1024w, https:\/\/pulso27.com\/wp-content\/uploads\/2024\/03\/14-congresist-300x300.jpg 300w, https:\/\/pulso27.com\/wp-content\/uploads\/2024\/03\/14-congresist-150x150.jpg 150w, https:\/\/pulso27.com\/wp-content\/uploads\/2024\/03\/14-congresist-768x768.jpg 768w, https:\/\/pulso27.com\/wp-content\/uploads\/2024\/03\/14-congresist-1536x1536.jpg 1536w, https:\/\/pulso27.com\/wp-content\/uploads\/2024\/03\/14-congresist-12x12.jpg 12w, https:\/\/pulso27.com\/wp-content\/uploads\/2024\/03\/14-congresist-80x80.jpg 80w, https:\/\/pulso27.com\/wp-content\/uploads\/2024\/03\/14-congresist.jpg 1572w\" sizes=\"auto, (max-width: 1024px) 100vw, 1024px\" \/><\/figure>\n\n\n\n<p>Asimismo, se inform\u00f3 la incorporaci\u00f3n a la indagaci\u00f3n del jefe de la autoridad Nacional de Control del Ministerio P\u00fablico, Juan Fern\u00e1ndez Jer\u00ed, los exfiscales adjuntos supremos, Carlos Le\u00f3n Mu\u00f1oz y Marco Huam\u00e1n Mu\u00f1oz y el fiscal superior y ex coordinador del Equipo Especial del caso \u00abCuellos Blancos del Puerto\u00bb .<\/p>\n\n\n\n<p>En tanto, se precis\u00f3 que Vladimir Roy Cerr\u00f3n Rojas, ser\u00e1 investigado \u00abpor la presunta comisi\u00f3n del delito de tr\u00e1fico de influencias agravado. El jefe de la Autoridad Nacional de Control del Ministerio P\u00fablico ser\u00e1 investigado por los acuerdos que habr\u00eda tenido con Benavides Vargas para los procesos disciplinarios y la suspensi\u00f3n del fiscal superior y coordinador del Equipo Especial Lava Jato.<\/p>\n\n\n\n<p><strong>\u00bfPor qu\u00e9 se incluy\u00f3 a Vladimir Cerr\u00f3n en la investigaci\u00f3n?<\/strong><br>La investigaci\u00f3n contra el l\u00edder de Per\u00fa Libre, se debe a que durante el registro de la residencia de Patricia Benavides, se encontr\u00f3 evidencia que confirmar\u00eda que Jaime Villanueva, quien anteriormente asesoraba a la jefa de la Fiscal\u00eda, se habr\u00eda comunicado con Vladimir Cerr\u00f3n Rojas para asegurar el respaldo de Per\u00fa Libre en el proceso de inhabilitaci\u00f3n de Zoraida \u00c1valos.<\/p>\n\n\n\n<p>Fuente: LR, FL y otras <\/p>\n","protected":false},"excerpt":{"rendered":"<p>La Fiscal\u00eda Suprema Especializada en Delitos cometidos por Funcionarios P\u00fablicos inform\u00f3 que, un total de 14 congresistas, fueron incluidos en la investigaci\u00f3n preliminar por presunta organizaci\u00f3n criminal que se sigue a la suspendida fiscal de la Naci\u00f3n Patricia Benavides. El Ministerio P\u00fablico, por medio de un comunicado, precis\u00f3 que Benavides Vargas y los dem\u00e1s, son [&hellip;]<\/p>\n","protected":false},"author":7,"featured_media":1377,"comment_status":"open","ping_status":"open","sticky":false,"template":"","format":"standard","meta":{"footnotes":""},"categories":[183,174],"tags":[611,595,610],"class_list":["post-1375","post","type-post","status-publish","format-standard","has-post-thumbnail","hentry","category-actualidad","category-nacional","tag-investigados","tag-ministerio-publico-2","tag-organizacion-criminal"],"yoast_head":"<!-- This site is optimized with the Yoast SEO plugin v27.4 - https:\/\/yoast.com\/product\/yoast-seo-wordpress\/ -->\n<title>Ex fiscal Patricia Benavides y 14 congresistas son investigados por organizaci\u00f3n criminal - Pulso27<\/title>\n<meta name=\"robots\" content=\"index, follow, max-snippet:-1, max-image-preview:large, max-video-preview:-1\" \/>\n<link rel=\"canonical\" href=\"https:\/\/pulso27.com\/es\/nacional\/ex-fiscal-patricia-benavides-y-14-congresistas-son-investigados-por-organizacion-criminal\/\" \/>\n<meta property=\"og:locale\" content=\"es_ES\" \/>\n<meta property=\"og:type\" content=\"article\" \/>\n<meta property=\"og:title\" content=\"Ex fiscal Patricia Benavides y 14 congresistas son investigados por organizaci\u00f3n criminal - Pulso27\" \/>\n<meta property=\"og:description\" content=\"La Fiscal\u00eda Suprema Especializada en Delitos cometidos por Funcionarios P\u00fablicos inform\u00f3 que, un total de 14 congresistas, fueron incluidos en la investigaci\u00f3n preliminar por presunta organizaci\u00f3n criminal que se sigue a la suspendida fiscal de la Naci\u00f3n Patricia Benavides. El Ministerio P\u00fablico, por medio de un comunicado, precis\u00f3 que Benavides Vargas y los dem\u00e1s, son [&hellip;]\" \/>\n<meta property=\"og:url\" content=\"https:\/\/pulso27.com\/es\/nacional\/ex-fiscal-patricia-benavides-y-14-congresistas-son-investigados-por-organizacion-criminal\/\" \/>\n<meta property=\"og:site_name\" content=\"Pulso27\" \/>\n<meta property=\"article:publisher\" content=\"https:\/\/www.facebook.com\/pulso27\/\" \/>\n<meta property=\"article:published_time\" content=\"2024-03-03T20:01:44+00:00\" \/>\n<meta property=\"article:modified_time\" content=\"2024-03-03T20:01:45+00:00\" \/>\n<meta property=\"og:image\" content=\"https:\/\/pulso27.com\/wp-content\/uploads\/2024\/03\/Patty.webp\" \/>\n\t<meta property=\"og:image:width\" content=\"640\" \/>\n\t<meta property=\"og:image:height\" content=\"371\" \/>\n\t<meta property=\"og:image:type\" content=\"image\/webp\" \/>\n<meta name=\"author\" content=\"Tupaq\" \/>\n<meta name=\"twitter:card\" content=\"summary_large_image\" \/>\n<meta name=\"twitter:creator\" content=\"@Pulso_27\" \/>\n<meta name=\"twitter:site\" content=\"@Pulso_27\" \/>\n<meta name=\"twitter:label1\" content=\"Written by\" \/>\n\t<meta name=\"twitter:data1\" content=\"Tupaq\" \/>\n\t<meta name=\"twitter:label2\" content=\"Est. reading time\" \/>\n\t<meta name=\"twitter:data2\" content=\"1 minuto\" \/>\n<script type=\"application\/ld+json\" class=\"yoast-schema-graph\">{\"@context\":\"https:\\\/\\\/schema.org\",\"@graph\":[{\"@type\":\"Article\",\"@id\":\"https:\\\/\\\/pulso27.com\\\/nacional\\\/ex-fiscal-patricia-benavides-y-14-congresistas-son-investigados-por-organizacion-criminal\\\/#article\",\"isPartOf\":{\"@id\":\"https:\\\/\\\/pulso27.com\\\/nacional\\\/ex-fiscal-patricia-benavides-y-14-congresistas-son-investigados-por-organizacion-criminal\\\/\"},\"author\":{\"name\":\"Tupaq\",\"@id\":\"https:\\\/\\\/pulso27.com\\\/en\\\/#\\\/schema\\\/person\\\/d20fd7f5bc7f2e53fd150d43fca07a78\"},\"headline\":\"Ex fiscal Patricia Benavides y 14 congresistas son investigados por organizaci\u00f3n criminal\",\"datePublished\":\"2024-03-03T20:01:44+00:00\",\"dateModified\":\"2024-03-03T20:01:45+00:00\",\"mainEntityOfPage\":{\"@id\":\"https:\\\/\\\/pulso27.com\\\/nacional\\\/ex-fiscal-patricia-benavides-y-14-congresistas-son-investigados-por-organizacion-criminal\\\/\"},\"wordCount\":311,\"commentCount\":0,\"publisher\":{\"@id\":\"https:\\\/\\\/pulso27.com\\\/en\\\/#organization\"},\"image\":{\"@id\":\"https:\\\/\\\/pulso27.com\\\/nacional\\\/ex-fiscal-patricia-benavides-y-14-congresistas-son-investigados-por-organizacion-criminal\\\/#primaryimage\"},\"thumbnailUrl\":\"https:\\\/\\\/pulso27.com\\\/wp-content\\\/uploads\\\/2024\\\/03\\\/Patty.webp\",\"keywords\":[\"Investigados\",\"Ministerio P\u00fablico\",\"Organizaci\u00f3n criminal\"],\"articleSection\":[\"Actualidad\",\"Nacional\"],\"inLanguage\":\"es-PE\",\"potentialAction\":[{\"@type\":\"CommentAction\",\"name\":\"Comment\",\"target\":[\"https:\\\/\\\/pulso27.com\\\/nacional\\\/ex-fiscal-patricia-benavides-y-14-congresistas-son-investigados-por-organizacion-criminal\\\/#respond\"]}]},{\"@type\":\"WebPage\",\"@id\":\"https:\\\/\\\/pulso27.com\\\/nacional\\\/ex-fiscal-patricia-benavides-y-14-congresistas-son-investigados-por-organizacion-criminal\\\/\",\"url\":\"https:\\\/\\\/pulso27.com\\\/nacional\\\/ex-fiscal-patricia-benavides-y-14-congresistas-son-investigados-por-organizacion-criminal\\\/\",\"name\":\"Ex fiscal Patricia Benavides y 14 congresistas son investigados por organizaci\u00f3n criminal - Pulso27\",\"isPartOf\":{\"@id\":\"https:\\\/\\\/pulso27.com\\\/en\\\/#website\"},\"primaryImageOfPage\":{\"@id\":\"https:\\\/\\\/pulso27.com\\\/nacional\\\/ex-fiscal-patricia-benavides-y-14-congresistas-son-investigados-por-organizacion-criminal\\\/#primaryimage\"},\"image\":{\"@id\":\"https:\\\/\\\/pulso27.com\\\/nacional\\\/ex-fiscal-patricia-benavides-y-14-congresistas-son-investigados-por-organizacion-criminal\\\/#primaryimage\"},\"thumbnailUrl\":\"https:\\\/\\\/pulso27.com\\\/wp-content\\\/uploads\\\/2024\\\/03\\\/Patty.webp\",\"datePublished\":\"2024-03-03T20:01:44+00:00\",\"dateModified\":\"2024-03-03T20:01:45+00:00\",\"breadcrumb\":{\"@id\":\"https:\\\/\\\/pulso27.com\\\/nacional\\\/ex-fiscal-patricia-benavides-y-14-congresistas-son-investigados-por-organizacion-criminal\\\/#breadcrumb\"},\"inLanguage\":\"es-PE\",\"potentialAction\":[{\"@type\":\"ReadAction\",\"target\":[\"https:\\\/\\\/pulso27.com\\\/nacional\\\/ex-fiscal-patricia-benavides-y-14-congresistas-son-investigados-por-organizacion-criminal\\\/\"]}]},{\"@type\":\"ImageObject\",\"inLanguage\":\"es-PE\",\"@id\":\"https:\\\/\\\/pulso27.com\\\/nacional\\\/ex-fiscal-patricia-benavides-y-14-congresistas-son-investigados-por-organizacion-criminal\\\/#primaryimage\",\"url\":\"https:\\\/\\\/pulso27.com\\\/wp-content\\\/uploads\\\/2024\\\/03\\\/Patty.webp\",\"contentUrl\":\"https:\\\/\\\/pulso27.com\\\/wp-content\\\/uploads\\\/2024\\\/03\\\/Patty.webp\",\"width\":640,\"height\":371},{\"@type\":\"BreadcrumbList\",\"@id\":\"https:\\\/\\\/pulso27.com\\\/nacional\\\/ex-fiscal-patricia-benavides-y-14-congresistas-son-investigados-por-organizacion-criminal\\\/#breadcrumb\",\"itemListElement\":[{\"@type\":\"ListItem\",\"position\":1,\"name\":\"Portada\",\"item\":\"https:\\\/\\\/pulso27.com\\\/\"},{\"@type\":\"ListItem\",\"position\":2,\"name\":\"Ex fiscal Patricia Benavides y 14 congresistas son investigados por organizaci\u00f3n criminal\"}]},{\"@type\":\"WebSite\",\"@id\":\"https:\\\/\\\/pulso27.com\\\/en\\\/#website\",\"url\":\"https:\\\/\\\/pulso27.com\\\/en\\\/\",\"name\":\"Pulso27\",\"description\":\"Web de noticias y publicidad\",\"publisher\":{\"@id\":\"https:\\\/\\\/pulso27.com\\\/en\\\/#organization\"},\"alternateName\":\"El pulso del pueblo\",\"potentialAction\":[{\"@type\":\"SearchAction\",\"target\":{\"@type\":\"EntryPoint\",\"urlTemplate\":\"https:\\\/\\\/pulso27.com\\\/en\\\/?s={search_term_string}\"},\"query-input\":{\"@type\":\"PropertyValueSpecification\",\"valueRequired\":true,\"valueName\":\"search_term_string\"}}],\"inLanguage\":\"es-PE\"},{\"@type\":\"Organization\",\"@id\":\"https:\\\/\\\/pulso27.com\\\/en\\\/#organization\",\"name\":\"Pulso27\",\"url\":\"https:\\\/\\\/pulso27.com\\\/en\\\/\",\"logo\":{\"@type\":\"ImageObject\",\"inLanguage\":\"es-PE\",\"@id\":\"https:\\\/\\\/pulso27.com\\\/en\\\/#\\\/schema\\\/logo\\\/image\\\/\",\"url\":\"https:\\\/\\\/pulso27.com\\\/wp-content\\\/uploads\\\/2026\\\/02\\\/Logotipo-de-la-organizacion-696-x-696-px-ok.png\",\"contentUrl\":\"https:\\\/\\\/pulso27.com\\\/wp-content\\\/uploads\\\/2026\\\/02\\\/Logotipo-de-la-organizacion-696-x-696-px-ok.png\",\"width\":696,\"height\":696,\"caption\":\"Pulso27\"},\"image\":{\"@id\":\"https:\\\/\\\/pulso27.com\\\/en\\\/#\\\/schema\\\/logo\\\/image\\\/\"},\"sameAs\":[\"https:\\\/\\\/www.facebook.com\\\/pulso27\\\/\",\"https:\\\/\\\/x.com\\\/Pulso_27\",\"https:\\\/\\\/www.youtube.com\\\/@Pulso27\",\"https:\\\/\\\/www.tiktok.com\\\/@pulso_27\"]},{\"@type\":\"Person\",\"@id\":\"https:\\\/\\\/pulso27.com\\\/en\\\/#\\\/schema\\\/person\\\/d20fd7f5bc7f2e53fd150d43fca07a78\",\"name\":\"Tupaq\",\"image\":{\"@type\":\"ImageObject\",\"inLanguage\":\"es-PE\",\"@id\":\"https:\\\/\\\/secure.gravatar.com\\\/avatar\\\/7929e9b034aeea560319a601e4f04c59eb5f45a79eafe192adabb67e9604e7e7?s=96&d=mm&r=g\",\"url\":\"https:\\\/\\\/secure.gravatar.com\\\/avatar\\\/7929e9b034aeea560319a601e4f04c59eb5f45a79eafe192adabb67e9604e7e7?s=96&d=mm&r=g\",\"contentUrl\":\"https:\\\/\\\/secure.gravatar.com\\\/avatar\\\/7929e9b034aeea560319a601e4f04c59eb5f45a79eafe192adabb67e9604e7e7?s=96&d=mm&r=g\",\"caption\":\"Tupaq\"},\"url\":\"https:\\\/\\\/pulso27.com\\\/es\\\/author\\\/tupaq\\\/\"}]}<\/script>\n<!-- \/ Yoast SEO plugin. -->","yoast_head_json":{"title":"Ex fiscal Patricia Benavides y 14 congresistas son investigados por organizaci\u00f3n criminal - Pulso27","robots":{"index":"index","follow":"follow","max-snippet":"max-snippet:-1","max-image-preview":"max-image-preview:large","max-video-preview":"max-video-preview:-1"},"canonical":"https:\/\/pulso27.com\/es\/nacional\/ex-fiscal-patricia-benavides-y-14-congresistas-son-investigados-por-organizacion-criminal\/","og_locale":"es_ES","og_type":"article","og_title":"Ex fiscal Patricia Benavides y 14 congresistas son investigados por organizaci\u00f3n criminal - Pulso27","og_description":"La Fiscal\u00eda Suprema Especializada en Delitos cometidos por Funcionarios P\u00fablicos inform\u00f3 que, un total de 14 congresistas, fueron incluidos en la investigaci\u00f3n preliminar por presunta organizaci\u00f3n criminal que se sigue a la suspendida fiscal de la Naci\u00f3n Patricia Benavides. El Ministerio P\u00fablico, por medio de un comunicado, precis\u00f3 que Benavides Vargas y los dem\u00e1s, son [&hellip;]","og_url":"https:\/\/pulso27.com\/es\/nacional\/ex-fiscal-patricia-benavides-y-14-congresistas-son-investigados-por-organizacion-criminal\/","og_site_name":"Pulso27","article_publisher":"https:\/\/www.facebook.com\/pulso27\/","article_published_time":"2024-03-03T20:01:44+00:00","article_modified_time":"2024-03-03T20:01:45+00:00","og_image":[{"width":640,"height":371,"url":"https:\/\/pulso27.com\/wp-content\/uploads\/2024\/03\/Patty.webp","type":"image\/webp"}],"author":"Tupaq","twitter_card":"summary_large_image","twitter_creator":"@Pulso_27","twitter_site":"@Pulso_27","twitter_misc":{"Written by":"Tupaq","Est. reading time":"1 minuto"},"schema":{"@context":"https:\/\/schema.org","@graph":[{"@type":"Article","@id":"https:\/\/pulso27.com\/nacional\/ex-fiscal-patricia-benavides-y-14-congresistas-son-investigados-por-organizacion-criminal\/#article","isPartOf":{"@id":"https:\/\/pulso27.com\/nacional\/ex-fiscal-patricia-benavides-y-14-congresistas-son-investigados-por-organizacion-criminal\/"},"author":{"name":"Tupaq","@id":"https:\/\/pulso27.com\/en\/#\/schema\/person\/d20fd7f5bc7f2e53fd150d43fca07a78"},"headline":"Ex fiscal Patricia Benavides y 14 congresistas son investigados por organizaci\u00f3n criminal","datePublished":"2024-03-03T20:01:44+00:00","dateModified":"2024-03-03T20:01:45+00:00","mainEntityOfPage":{"@id":"https:\/\/pulso27.com\/nacional\/ex-fiscal-patricia-benavides-y-14-congresistas-son-investigados-por-organizacion-criminal\/"},"wordCount":311,"commentCount":0,"publisher":{"@id":"https:\/\/pulso27.com\/en\/#organization"},"image":{"@id":"https:\/\/pulso27.com\/nacional\/ex-fiscal-patricia-benavides-y-14-congresistas-son-investigados-por-organizacion-criminal\/#primaryimage"},"thumbnailUrl":"https:\/\/pulso27.com\/wp-content\/uploads\/2024\/03\/Patty.webp","keywords":["Investigados","Ministerio P\u00fablico","Organizaci\u00f3n criminal"],"articleSection":["Actualidad","Nacional"],"inLanguage":"es-PE","potentialAction":[{"@type":"CommentAction","name":"Comment","target":["https:\/\/pulso27.com\/nacional\/ex-fiscal-patricia-benavides-y-14-congresistas-son-investigados-por-organizacion-criminal\/#respond"]}]},{"@type":"WebPage","@id":"https:\/\/pulso27.com\/nacional\/ex-fiscal-patricia-benavides-y-14-congresistas-son-investigados-por-organizacion-criminal\/","url":"https:\/\/pulso27.com\/nacional\/ex-fiscal-patricia-benavides-y-14-congresistas-son-investigados-por-organizacion-criminal\/","name":"Ex fiscal Patricia Benavides y 14 congresistas son investigados por organizaci\u00f3n criminal - Pulso27","isPartOf":{"@id":"https:\/\/pulso27.com\/en\/#website"},"primaryImageOfPage":{"@id":"https:\/\/pulso27.com\/nacional\/ex-fiscal-patricia-benavides-y-14-congresistas-son-investigados-por-organizacion-criminal\/#primaryimage"},"image":{"@id":"https:\/\/pulso27.com\/nacional\/ex-fiscal-patricia-benavides-y-14-congresistas-son-investigados-por-organizacion-criminal\/#primaryimage"},"thumbnailUrl":"https:\/\/pulso27.com\/wp-content\/uploads\/2024\/03\/Patty.webp","datePublished":"2024-03-03T20:01:44+00:00","dateModified":"2024-03-03T20:01:45+00:00","breadcrumb":{"@id":"https:\/\/pulso27.com\/nacional\/ex-fiscal-patricia-benavides-y-14-congresistas-son-investigados-por-organizacion-criminal\/#breadcrumb"},"inLanguage":"es-PE","potentialAction":[{"@type":"ReadAction","target":["https:\/\/pulso27.com\/nacional\/ex-fiscal-patricia-benavides-y-14-congresistas-son-investigados-por-organizacion-criminal\/"]}]},{"@type":"ImageObject","inLanguage":"es-PE","@id":"https:\/\/pulso27.com\/nacional\/ex-fiscal-patricia-benavides-y-14-congresistas-son-investigados-por-organizacion-criminal\/#primaryimage","url":"https:\/\/pulso27.com\/wp-content\/uploads\/2024\/03\/Patty.webp","contentUrl":"https:\/\/pulso27.com\/wp-content\/uploads\/2024\/03\/Patty.webp","width":640,"height":371},{"@type":"BreadcrumbList","@id":"https:\/\/pulso27.com\/nacional\/ex-fiscal-patricia-benavides-y-14-congresistas-son-investigados-por-organizacion-criminal\/#breadcrumb","itemListElement":[{"@type":"ListItem","position":1,"name":"Portada","item":"https:\/\/pulso27.com\/"},{"@type":"ListItem","position":2,"name":"Ex fiscal Patricia Benavides y 14 congresistas son investigados por organizaci\u00f3n criminal"}]},{"@type":"WebSite","@id":"https:\/\/pulso27.com\/en\/#website","url":"https:\/\/pulso27.com\/en\/","name":"Pulso27","description":"Web de noticias y publicidad","publisher":{"@id":"https:\/\/pulso27.com\/en\/#organization"},"alternateName":"El pulso del pueblo","potentialAction":[{"@type":"SearchAction","target":{"@type":"EntryPoint","urlTemplate":"https:\/\/pulso27.com\/en\/?s={search_term_string}"},"query-input":{"@type":"PropertyValueSpecification","valueRequired":true,"valueName":"search_term_string"}}],"inLanguage":"es-PE"},{"@type":"Organization","@id":"https:\/\/pulso27.com\/en\/#organization","name":"Pulso27","url":"https:\/\/pulso27.com\/en\/","logo":{"@type":"ImageObject","inLanguage":"es-PE","@id":"https:\/\/pulso27.com\/en\/#\/schema\/logo\/image\/","url":"https:\/\/pulso27.com\/wp-content\/uploads\/2026\/02\/Logotipo-de-la-organizacion-696-x-696-px-ok.png","contentUrl":"https:\/\/pulso27.com\/wp-content\/uploads\/2026\/02\/Logotipo-de-la-organizacion-696-x-696-px-ok.png","width":696,"height":696,"caption":"Pulso27"},"image":{"@id":"https:\/\/pulso27.com\/en\/#\/schema\/logo\/image\/"},"sameAs":["https:\/\/www.facebook.com\/pulso27\/","https:\/\/x.com\/Pulso_27","https:\/\/www.youtube.com\/@Pulso27","https:\/\/www.tiktok.com\/@pulso_27"]},{"@type":"Person","@id":"https:\/\/pulso27.com\/en\/#\/schema\/person\/d20fd7f5bc7f2e53fd150d43fca07a78","name":"Tupaq","image":{"@type":"ImageObject","inLanguage":"es-PE","@id":"https:\/\/secure.gravatar.com\/avatar\/7929e9b034aeea560319a601e4f04c59eb5f45a79eafe192adabb67e9604e7e7?s=96&d=mm&r=g","url":"https:\/\/secure.gravatar.com\/avatar\/7929e9b034aeea560319a601e4f04c59eb5f45a79eafe192adabb67e9604e7e7?s=96&d=mm&r=g","contentUrl":"https:\/\/secure.gravatar.com\/avatar\/7929e9b034aeea560319a601e4f04c59eb5f45a79eafe192adabb67e9604e7e7?s=96&d=mm&r=g","caption":"Tupaq"},"url":"https:\/\/pulso27.com\/es\/author\/tupaq\/"}]}},"amp_enabled":true,"_links":{"self":[{"href":"https:\/\/pulso27.com\/es\/wp-json\/wp\/v2\/posts\/1375","targetHints":{"allow":["GET"]}}],"collection":[{"href":"https:\/\/pulso27.com\/es\/wp-json\/wp\/v2\/posts"}],"about":[{"href":"https:\/\/pulso27.com\/es\/wp-json\/wp\/v2\/types\/post"}],"author":[{"embeddable":true,"href":"https:\/\/pulso27.com\/es\/wp-json\/wp\/v2\/users\/7"}],"replies":[{"embeddable":true,"href":"https:\/\/pulso27.com\/es\/wp-json\/wp\/v2\/comments?post=1375"}],"version-history":[{"count":1,"href":"https:\/\/pulso27.com\/es\/wp-json\/wp\/v2\/posts\/1375\/revisions"}],"predecessor-version":[{"id":1378,"href":"https:\/\/pulso27.com\/es\/wp-json\/wp\/v2\/posts\/1375\/revisions\/1378"}],"wp:featuredmedia":[{"embeddable":true,"href":"https:\/\/pulso27.com\/es\/wp-json\/wp\/v2\/media\/1377"}],"wp:attachment":[{"href":"https:\/\/pulso27.com\/es\/wp-json\/wp\/v2\/media?parent=1375"}],"wp:term":[{"taxonomy":"category","embeddable":true,"href":"https:\/\/pulso27.com\/es\/wp-json\/wp\/v2\/categories?post=1375"},{"taxonomy":"post_tag","embeddable":true,"href":"https:\/\/pulso27.com\/es\/wp-json\/wp\/v2\/tags?post=1375"}],"curies":[{"name":"wp","href":"https:\/\/api.w.org\/{rel}","templated":true}]}}