{"id":144,"date":"2023-11-13T22:27:00","date_gmt":"2023-11-13T22:27:00","guid":{"rendered":"http:\/\/www.mvpthemes.com\/zoxnews\/?p=144"},"modified":"2024-10-14T10:03:58","modified_gmt":"2024-10-14T05:03:58","slug":"the-final-6-game-of-thrones-episodes-might-feel-like-a-full-season","status":"publish","type":"post","link":"https:\/\/pulso27.com\/es\/internacional\/the-final-6-game-of-thrones-episodes-might-feel-like-a-full-season\/","title":{"rendered":"Massa y Milei cruzan acusaciones en debate, de cara a la segunda vuelta presidencial"},"content":{"rendered":"\n<p>Los candidatos a la Presidencia de Argentina, el oficialista Sergio Massa y el ultraderechista libertario Javier Milei, midieron sus fuerzas este domingo en un debate plagado de duros cruces, pidieron el voto y se citaron para la segunda vuelta electoral, que tendr\u00e1 lugar el 19 de noviembre.<\/p>\n\n\n\n<p>En su primera intervenci\u00f3n, Massa us\u00f3 sus minutos para interrogar a Milei: \u201cJavier, por s\u00ed o por no, te quiero preguntar: Dijiste en el programa de (el periodista Eduardo) Feinmann que vas a eliminar los subsidios. \u00bfLos vas a eliminar s\u00ed o no? Por s\u00ed o por no, \u00bfvas a privatizar (el yacimiento de) Vaca Muerta (\u2026)? Por s\u00ed o por no, \u00bfvas a dolarizar la econom\u00eda como planteaste en la carta que le presentaste a la justicia electoral? \u00bfs\u00ed o no? Por s\u00ed o por no, \u00bfvas a privatizar r\u00edos y mares (\u2026)? Por s\u00ed o por no, \u00bfvas a eliminar el Banco Central?\u201d.<br>Ante esa bater\u00eda de preguntas, Milei se alter\u00f3 y dijo a su rival que no le iba \u201ca condicionar\u201d para responder \u201cs\u00ed o no\u201d y, tras ir resolviendo algunas de las cuestiones, resumi\u00f3 que iba a \u201cterminar con el Banco Central\u201d y con el \u201cc\u00e1ncer de la inflaci\u00f3n\u201d.<\/p>\n\n\n\n<p>Milei asegur\u00f3 que el comercio exterior estar\u00e1 controlado por el sector privado al considerar que el Estado \u201cno tiene que meterse\u201d en este tipo de cuestiones, mientras que Massa augur\u00f3 la destrucci\u00f3n \u201cde miles de familias\u201d como consecuencia de este tipo de pol\u00edticas.<\/p>\n\n\n\n<blockquote class=\"wp-block-quote is-layout-flow wp-block-quote-is-layout-flow\">\n<p>El ministro de Econom\u00eda llam\u00f3 varias veces \u201cmentiroso\u201d a Milei, ante lo que \u00e9ste respondi\u00f3: \u201cSi un mentiroso dice que alguien es un mentiroso, a ese que est\u00e1 siendo acusado es el que dice la verdad. Porque si vos fueras Pinocho, ya me hubieras lastimado un ojo\u201d.<\/p>\n<\/blockquote>\n\n\n\n<p>El ministro de Econom\u00eda llam\u00f3 varias veces \u201cmentiroso\u201d a Milei, ante lo que \u00e9ste respondi\u00f3: \u201cSi un mentiroso dice que alguien es un mentiroso, a ese que est\u00e1 siendo acusado es el que dice la verdad. Porque si vos fueras Pinocho, ya me hubieras lastimado un ojo\u201d.<\/p>\n\n\n\n<p>Sergio Massa, candidato presidencial de Uni\u00f3n por la Patria, prometi\u00f3 un \u201cgran cambio\u201d para el pa\u00eds si consigue la victoria en las elecciones presidenciales del pr\u00f3ximo domingo, a lo que Milei, de La Libertad Avanza, respondi\u00f3 que es \u201cimposible\u201d lograr tales cambios bajo el mandato de \u201clas mismas personas\u201d.<\/p>\n\n\n\n<p>\u201cVengo a plantear un gran cambio para la Argentina, que es la construcci\u00f3n de un gran acuerdo con pol\u00edticas de Estado, con di\u00e1logo y consensos, pero sobre todas las cosas con el respeto a los que piensan distinto\u201d, dijo Massa.<\/p>\n\n\n\n<p>Por su parte, Milei rechaz\u00f3 la posibilidad de que se pueda llevar a cabo la propuesta del ministro, al que calific\u00f3 como \u201ccasta\u201d.<\/p>\n\n\n\n<figure class=\"wp-block-image size-full is-resized\"><img loading=\"lazy\" decoding=\"async\" width=\"700\" height=\"438\" src=\"http:\/\/pulso27.com\/wp-content\/uploads\/2023\/11\/milei_massa_debate2-1.jpg\" alt=\"\" class=\"wp-image-693\" style=\"width:743px;height:auto\" srcset=\"https:\/\/pulso27.com\/wp-content\/uploads\/2023\/11\/milei_massa_debate2-1.jpg 700w, https:\/\/pulso27.com\/wp-content\/uploads\/2023\/11\/milei_massa_debate2-1-300x188.jpg 300w\" sizes=\"auto, (max-width: 700px) 100vw, 700px\" \/><\/figure>\n\n\n\n<p>Te puede interesar &gt; Equipo de Milei asegura que Vargas Llosa, Fox, Calder\u00f3n y otros siete expresidentes habr\u00edan firmado pronunciamiento a su favor<\/p>\n\n\n\n<p>En el rubro de relaciones internacionales, Milei asegur\u00f3 que acudir\u00e1 a \u201ctodas las instancias diplom\u00e1ticas para que las Malvinas vuelvan a ser argentinas\u201d y que promover\u00e1 la cercan\u00eda con \u201cEstados Unidos, Israel y el mundo libre\u201d, as\u00ed como una modificaci\u00f3n de la ley de seguridad nacional.<\/p>\n\n\n\n<p>Su defensa de las Malvinas se dio luego de que el candidato oficialista le recordara que alguna vez expres\u00f3 su \u201cadmiraci\u00f3n\u201d por la ex primera ministra brit\u00e1nica Margaret Thatcher, a quien Massa considera \u201cuna enemiga de Argentina, ayer, hoy y siempre\u201d por su papel en la guerra de la Malvinas, ocupada por las fuerzas brit\u00e1nicas.<\/p>\n\n\n\n<p>Confirm\u00f3 que no est\u00e1 \u201cdispuesto a plantear relaciones con aquellos pa\u00edses que no respetan la democracia, las libertades individuales y la paz\u201d, en referencia a una posible ruptura de relaciones con China y Brasil, los dos mayores socios comerciales del pa\u00eds.<\/p>\n\n\n\n<blockquote class=\"wp-block-quote is-layout-flow wp-block-quote-is-layout-flow\">\n<p>\u201cLa ruptura del Mercosur y de las relaciones con Brasil y China representan dos millones de empleos menos y un impacto de 28,000 millones de d\u00f3lares. Un presidente no se puede regir por caprichos ni ideolog\u00eda\u201d, respondi\u00f3 Massa.<\/p>\n<\/blockquote>\n\n\n\n<p>\u201cLa ruptura del Mercosur y de las relaciones con Brasil y China representan dos millones de empleos menos y un impacto de 28,000 millones de d\u00f3lares. Un presidente no se puede regir por caprichos ni ideolog\u00eda\u201d, respondi\u00f3 Massa.<\/p>\n\n\n\n<p>El candidato oficialista se propuso como objetivo la creaci\u00f3n de dos millones de puestos de trabajo formal y el aumento de las exportaciones, promoviendo especialmente relaciones con pa\u00edses \u201cque abran brazos y mercados al trabajo argentino\u201d, adem\u00e1s de la instalaci\u00f3n de un \u2018FBI argentino\u2019 en Rosario, ciudad muy castigada por la violencia asociada al narcotr\u00e1fico.<\/p>\n\n\n\n<p>Cr\u00edtico feroz del kirchnerismo -ala del peronismo vinculado al expresidente ya fallecido N\u00e9stor Kirchner (2003-2007) y la actual vicepresidenta y exmandataria, Cristina Fern\u00e1ndez (2007-2015)-, Milei reproch\u00f3 \u201chaber vuelto con los K\u201d a Massa, quien cre\u00f3 Frente Renovador como corriente disidente tras ser jefe de gabinete de Fern\u00e1ndez (2008-2009) y que ahora integra Uni\u00f3n por la Patria.<\/p>\n\n\n\n<p>A ese respecto, el candidato oficialista le recrimin\u00f3 el apoyo del exmandatario Mauricio Macri, referente de Juntos por el Cambio (centroderecha), cuya candidata, Patricia Bullrich, fue tercera en las votaciones de octubre.<\/p>\n\n\n\n<p>\u201cMe parece que no aprendiste vos nada porque terminaste yendo a pedirle por favor que te ayude a Macri. Y esto no es de Macri o Cristina, te vuelvo a repetir: \u00bfvos o yo? \u00bfqui\u00e9n va a gobernar la Argentina? \u00bfqui\u00e9n est\u00e1 preparado?\u201d, dijo el ministro de Econom\u00eda.<\/p>\n\n\n\n<p>Macri y Fern\u00e1ndez han sido dos de los grandes protagonistas de la vida pol\u00edtica argentina en las \u00faltimas d\u00e9cadas y, aunque ambos renunciaron a postularse a las elecciones, siguen siendo referentes en sus respectivas fuerzas.<\/p>\n\n\n\n<p>Tras confrontar sus ideas sobre econom\u00eda, relaciones de Argentina con el mundo, educaci\u00f3n y salud, producci\u00f3n y trabajo, seguridad, y derechos humanos y convivencia democr\u00e1tica durante dos horas, Massa y Milei solicitaron el voto a los argentinos y se citaron para el balotaje del pr\u00f3ximo domingo.<\/p>\n","protected":false},"excerpt":{"rendered":"<p>Los candidatos a la Presidencia de Argentina, el oficialista Sergio Massa y el ultraderechista libertario Javier Milei, midieron sus fuerzas este domingo en un debate plagado de duros cruces, pidieron el voto y se citaron para la segunda vuelta electoral, que tendr\u00e1 lugar el 19 de noviembre.<\/p>\n","protected":false},"author":13,"featured_media":694,"comment_status":"open","ping_status":"open","sticky":false,"template":"","format":"standard","meta":{"footnotes":""},"categories":[173],"tags":[397,76,1426,395,155,160],"class_list":["post-144","post","type-post","status-publish","format-standard","has-post-thumbnail","hentry","category-internacional","tag-argentina","tag-hbo","tag-massa","tag-milei","tag-tv","tag-video"],"yoast_head":"<!-- This site is optimized with the Yoast SEO plugin v27.4 - https:\/\/yoast.com\/product\/yoast-seo-wordpress\/ -->\n<title>Massa y Milei cruzan acusaciones en debate, de cara a la segunda vuelta presidencial - Pulso27<\/title>\n<meta name=\"robots\" content=\"index, follow, max-snippet:-1, max-image-preview:large, max-video-preview:-1\" \/>\n<link rel=\"canonical\" href=\"https:\/\/pulso27.com\/es\/internacional\/the-final-6-game-of-thrones-episodes-might-feel-like-a-full-season\/\" \/>\n<meta property=\"og:locale\" content=\"es_ES\" \/>\n<meta property=\"og:type\" content=\"article\" \/>\n<meta property=\"og:title\" content=\"Massa y Milei cruzan acusaciones en debate, de cara a la segunda vuelta presidencial - Pulso27\" \/>\n<meta property=\"og:description\" content=\"Los candidatos a la Presidencia de Argentina, el oficialista Sergio Massa y el ultraderechista libertario Javier Milei, midieron sus fuerzas este domingo en un debate plagado de duros cruces, pidieron el voto y se citaron para la segunda vuelta electoral, que tendr\u00e1 lugar el 19 de noviembre.\" \/>\n<meta property=\"og:url\" content=\"https:\/\/pulso27.com\/es\/internacional\/the-final-6-game-of-thrones-episodes-might-feel-like-a-full-season\/\" \/>\n<meta property=\"og:site_name\" content=\"Pulso27\" \/>\n<meta property=\"article:publisher\" content=\"https:\/\/www.facebook.com\/pulso27\/\" \/>\n<meta property=\"article:published_time\" content=\"2023-11-13T22:27:00+00:00\" \/>\n<meta property=\"article:modified_time\" content=\"2024-10-14T05:03:58+00:00\" \/>\n<meta property=\"og:image\" content=\"https:\/\/pulso27.com\/wp-content\/uploads\/2017\/07\/milei_massa_debate.png\" \/>\n\t<meta property=\"og:image:width\" content=\"597\" \/>\n\t<meta property=\"og:image:height\" content=\"339\" \/>\n\t<meta property=\"og:image:type\" content=\"image\/png\" \/>\n<meta name=\"author\" content=\"Redactor\" \/>\n<meta name=\"twitter:card\" content=\"summary_large_image\" \/>\n<meta name=\"twitter:creator\" content=\"@Pulso_27\" \/>\n<meta name=\"twitter:site\" content=\"@Pulso_27\" \/>\n<meta name=\"twitter:label1\" content=\"Written by\" \/>\n\t<meta name=\"twitter:data1\" content=\"Redactor\" \/>\n\t<meta name=\"twitter:label2\" content=\"Est. reading time\" \/>\n\t<meta name=\"twitter:data2\" content=\"5 minutos\" \/>\n<script type=\"application\/ld+json\" class=\"yoast-schema-graph\">{\"@context\":\"https:\\\/\\\/schema.org\",\"@graph\":[{\"@type\":\"Article\",\"@id\":\"https:\\\/\\\/pulso27.com\\\/internacional\\\/the-final-6-game-of-thrones-episodes-might-feel-like-a-full-season\\\/#article\",\"isPartOf\":{\"@id\":\"https:\\\/\\\/pulso27.com\\\/internacional\\\/the-final-6-game-of-thrones-episodes-might-feel-like-a-full-season\\\/\"},\"author\":{\"name\":\"Redactor\",\"@id\":\"https:\\\/\\\/pulso27.com\\\/en\\\/#\\\/schema\\\/person\\\/bf5ee161e6c87f6c7d57f5e689ef8526\"},\"headline\":\"Massa y Milei cruzan acusaciones en debate, de cara a la segunda vuelta presidencial\",\"datePublished\":\"2023-11-13T22:27:00+00:00\",\"dateModified\":\"2024-10-14T05:03:58+00:00\",\"mainEntityOfPage\":{\"@id\":\"https:\\\/\\\/pulso27.com\\\/internacional\\\/the-final-6-game-of-thrones-episodes-might-feel-like-a-full-season\\\/\"},\"wordCount\":1023,\"commentCount\":0,\"publisher\":{\"@id\":\"https:\\\/\\\/pulso27.com\\\/en\\\/#organization\"},\"image\":{\"@id\":\"https:\\\/\\\/pulso27.com\\\/internacional\\\/the-final-6-game-of-thrones-episodes-might-feel-like-a-full-season\\\/#primaryimage\"},\"thumbnailUrl\":\"https:\\\/\\\/pulso27.com\\\/wp-content\\\/uploads\\\/2017\\\/07\\\/milei_massa_debate.png\",\"keywords\":[\"Argentina\",\"HBO\",\"Massa\",\"Milei\",\"TV\",\"Video\"],\"articleSection\":[\"Internacional\"],\"inLanguage\":\"es-PE\",\"potentialAction\":[{\"@type\":\"CommentAction\",\"name\":\"Comment\",\"target\":[\"https:\\\/\\\/pulso27.com\\\/internacional\\\/the-final-6-game-of-thrones-episodes-might-feel-like-a-full-season\\\/#respond\"]}]},{\"@type\":\"WebPage\",\"@id\":\"https:\\\/\\\/pulso27.com\\\/internacional\\\/the-final-6-game-of-thrones-episodes-might-feel-like-a-full-season\\\/\",\"url\":\"https:\\\/\\\/pulso27.com\\\/internacional\\\/the-final-6-game-of-thrones-episodes-might-feel-like-a-full-season\\\/\",\"name\":\"Massa y Milei cruzan acusaciones en debate, de cara a la segunda vuelta presidencial - Pulso27\",\"isPartOf\":{\"@id\":\"https:\\\/\\\/pulso27.com\\\/en\\\/#website\"},\"primaryImageOfPage\":{\"@id\":\"https:\\\/\\\/pulso27.com\\\/internacional\\\/the-final-6-game-of-thrones-episodes-might-feel-like-a-full-season\\\/#primaryimage\"},\"image\":{\"@id\":\"https:\\\/\\\/pulso27.com\\\/internacional\\\/the-final-6-game-of-thrones-episodes-might-feel-like-a-full-season\\\/#primaryimage\"},\"thumbnailUrl\":\"https:\\\/\\\/pulso27.com\\\/wp-content\\\/uploads\\\/2017\\\/07\\\/milei_massa_debate.png\",\"datePublished\":\"2023-11-13T22:27:00+00:00\",\"dateModified\":\"2024-10-14T05:03:58+00:00\",\"breadcrumb\":{\"@id\":\"https:\\\/\\\/pulso27.com\\\/internacional\\\/the-final-6-game-of-thrones-episodes-might-feel-like-a-full-season\\\/#breadcrumb\"},\"inLanguage\":\"es-PE\",\"potentialAction\":[{\"@type\":\"ReadAction\",\"target\":[\"https:\\\/\\\/pulso27.com\\\/internacional\\\/the-final-6-game-of-thrones-episodes-might-feel-like-a-full-season\\\/\"]}]},{\"@type\":\"ImageObject\",\"inLanguage\":\"es-PE\",\"@id\":\"https:\\\/\\\/pulso27.com\\\/internacional\\\/the-final-6-game-of-thrones-episodes-might-feel-like-a-full-season\\\/#primaryimage\",\"url\":\"https:\\\/\\\/pulso27.com\\\/wp-content\\\/uploads\\\/2017\\\/07\\\/milei_massa_debate.png\",\"contentUrl\":\"https:\\\/\\\/pulso27.com\\\/wp-content\\\/uploads\\\/2017\\\/07\\\/milei_massa_debate.png\",\"width\":597,\"height\":339},{\"@type\":\"BreadcrumbList\",\"@id\":\"https:\\\/\\\/pulso27.com\\\/internacional\\\/the-final-6-game-of-thrones-episodes-might-feel-like-a-full-season\\\/#breadcrumb\",\"itemListElement\":[{\"@type\":\"ListItem\",\"position\":1,\"name\":\"Portada\",\"item\":\"https:\\\/\\\/pulso27.com\\\/\"},{\"@type\":\"ListItem\",\"position\":2,\"name\":\"Massa y Milei cruzan acusaciones en debate, de cara a la segunda vuelta presidencial\"}]},{\"@type\":\"WebSite\",\"@id\":\"https:\\\/\\\/pulso27.com\\\/en\\\/#website\",\"url\":\"https:\\\/\\\/pulso27.com\\\/en\\\/\",\"name\":\"Pulso27\",\"description\":\"Web de noticias y publicidad\",\"publisher\":{\"@id\":\"https:\\\/\\\/pulso27.com\\\/en\\\/#organization\"},\"alternateName\":\"El pulso del pueblo\",\"potentialAction\":[{\"@type\":\"SearchAction\",\"target\":{\"@type\":\"EntryPoint\",\"urlTemplate\":\"https:\\\/\\\/pulso27.com\\\/en\\\/?s={search_term_string}\"},\"query-input\":{\"@type\":\"PropertyValueSpecification\",\"valueRequired\":true,\"valueName\":\"search_term_string\"}}],\"inLanguage\":\"es-PE\"},{\"@type\":\"Organization\",\"@id\":\"https:\\\/\\\/pulso27.com\\\/en\\\/#organization\",\"name\":\"Pulso27\",\"url\":\"https:\\\/\\\/pulso27.com\\\/en\\\/\",\"logo\":{\"@type\":\"ImageObject\",\"inLanguage\":\"es-PE\",\"@id\":\"https:\\\/\\\/pulso27.com\\\/en\\\/#\\\/schema\\\/logo\\\/image\\\/\",\"url\":\"https:\\\/\\\/pulso27.com\\\/wp-content\\\/uploads\\\/2026\\\/02\\\/Logotipo-de-la-organizacion-696-x-696-px-ok.png\",\"contentUrl\":\"https:\\\/\\\/pulso27.com\\\/wp-content\\\/uploads\\\/2026\\\/02\\\/Logotipo-de-la-organizacion-696-x-696-px-ok.png\",\"width\":696,\"height\":696,\"caption\":\"Pulso27\"},\"image\":{\"@id\":\"https:\\\/\\\/pulso27.com\\\/en\\\/#\\\/schema\\\/logo\\\/image\\\/\"},\"sameAs\":[\"https:\\\/\\\/www.facebook.com\\\/pulso27\\\/\",\"https:\\\/\\\/x.com\\\/Pulso_27\",\"https:\\\/\\\/www.youtube.com\\\/@Pulso27\",\"https:\\\/\\\/www.tiktok.com\\\/@pulso_27\"]},{\"@type\":\"Person\",\"@id\":\"https:\\\/\\\/pulso27.com\\\/en\\\/#\\\/schema\\\/person\\\/bf5ee161e6c87f6c7d57f5e689ef8526\",\"name\":\"Redactor\",\"image\":{\"@type\":\"ImageObject\",\"inLanguage\":\"es-PE\",\"@id\":\"https:\\\/\\\/pulso27.com\\\/wp-content\\\/uploads\\\/2025\\\/03\\\/a-150x150.png\",\"url\":\"https:\\\/\\\/pulso27.com\\\/wp-content\\\/uploads\\\/2025\\\/03\\\/a-150x150.png\",\"contentUrl\":\"https:\\\/\\\/pulso27.com\\\/wp-content\\\/uploads\\\/2025\\\/03\\\/a-150x150.png\",\"caption\":\"Redactor\"},\"sameAs\":[\"http:\\\/\\\/www.pulso27.com\"],\"url\":\"https:\\\/\\\/pulso27.com\\\/es\\\/author\\\/redactor\\\/\"}]}<\/script>\n<!-- \/ Yoast SEO plugin. -->","yoast_head_json":{"title":"Massa y Milei cruzan acusaciones en debate, de cara a la segunda vuelta presidencial - Pulso27","robots":{"index":"index","follow":"follow","max-snippet":"max-snippet:-1","max-image-preview":"max-image-preview:large","max-video-preview":"max-video-preview:-1"},"canonical":"https:\/\/pulso27.com\/es\/internacional\/the-final-6-game-of-thrones-episodes-might-feel-like-a-full-season\/","og_locale":"es_ES","og_type":"article","og_title":"Massa y Milei cruzan acusaciones en debate, de cara a la segunda vuelta presidencial - Pulso27","og_description":"Los candidatos a la Presidencia de Argentina, el oficialista Sergio Massa y el ultraderechista libertario Javier Milei, midieron sus fuerzas este domingo en un debate plagado de duros cruces, pidieron el voto y se citaron para la segunda vuelta electoral, que tendr\u00e1 lugar el 19 de noviembre.","og_url":"https:\/\/pulso27.com\/es\/internacional\/the-final-6-game-of-thrones-episodes-might-feel-like-a-full-season\/","og_site_name":"Pulso27","article_publisher":"https:\/\/www.facebook.com\/pulso27\/","article_published_time":"2023-11-13T22:27:00+00:00","article_modified_time":"2024-10-14T05:03:58+00:00","og_image":[{"width":597,"height":339,"url":"https:\/\/pulso27.com\/wp-content\/uploads\/2017\/07\/milei_massa_debate.png","type":"image\/png"}],"author":"Redactor","twitter_card":"summary_large_image","twitter_creator":"@Pulso_27","twitter_site":"@Pulso_27","twitter_misc":{"Written by":"Redactor","Est. reading time":"5 minutos"},"schema":{"@context":"https:\/\/schema.org","@graph":[{"@type":"Article","@id":"https:\/\/pulso27.com\/internacional\/the-final-6-game-of-thrones-episodes-might-feel-like-a-full-season\/#article","isPartOf":{"@id":"https:\/\/pulso27.com\/internacional\/the-final-6-game-of-thrones-episodes-might-feel-like-a-full-season\/"},"author":{"name":"Redactor","@id":"https:\/\/pulso27.com\/en\/#\/schema\/person\/bf5ee161e6c87f6c7d57f5e689ef8526"},"headline":"Massa y Milei cruzan acusaciones en debate, de cara a la segunda vuelta presidencial","datePublished":"2023-11-13T22:27:00+00:00","dateModified":"2024-10-14T05:03:58+00:00","mainEntityOfPage":{"@id":"https:\/\/pulso27.com\/internacional\/the-final-6-game-of-thrones-episodes-might-feel-like-a-full-season\/"},"wordCount":1023,"commentCount":0,"publisher":{"@id":"https:\/\/pulso27.com\/en\/#organization"},"image":{"@id":"https:\/\/pulso27.com\/internacional\/the-final-6-game-of-thrones-episodes-might-feel-like-a-full-season\/#primaryimage"},"thumbnailUrl":"https:\/\/pulso27.com\/wp-content\/uploads\/2017\/07\/milei_massa_debate.png","keywords":["Argentina","HBO","Massa","Milei","TV","Video"],"articleSection":["Internacional"],"inLanguage":"es-PE","potentialAction":[{"@type":"CommentAction","name":"Comment","target":["https:\/\/pulso27.com\/internacional\/the-final-6-game-of-thrones-episodes-might-feel-like-a-full-season\/#respond"]}]},{"@type":"WebPage","@id":"https:\/\/pulso27.com\/internacional\/the-final-6-game-of-thrones-episodes-might-feel-like-a-full-season\/","url":"https:\/\/pulso27.com\/internacional\/the-final-6-game-of-thrones-episodes-might-feel-like-a-full-season\/","name":"Massa y Milei cruzan acusaciones en debate, de cara a la segunda vuelta presidencial - Pulso27","isPartOf":{"@id":"https:\/\/pulso27.com\/en\/#website"},"primaryImageOfPage":{"@id":"https:\/\/pulso27.com\/internacional\/the-final-6-game-of-thrones-episodes-might-feel-like-a-full-season\/#primaryimage"},"image":{"@id":"https:\/\/pulso27.com\/internacional\/the-final-6-game-of-thrones-episodes-might-feel-like-a-full-season\/#primaryimage"},"thumbnailUrl":"https:\/\/pulso27.com\/wp-content\/uploads\/2017\/07\/milei_massa_debate.png","datePublished":"2023-11-13T22:27:00+00:00","dateModified":"2024-10-14T05:03:58+00:00","breadcrumb":{"@id":"https:\/\/pulso27.com\/internacional\/the-final-6-game-of-thrones-episodes-might-feel-like-a-full-season\/#breadcrumb"},"inLanguage":"es-PE","potentialAction":[{"@type":"ReadAction","target":["https:\/\/pulso27.com\/internacional\/the-final-6-game-of-thrones-episodes-might-feel-like-a-full-season\/"]}]},{"@type":"ImageObject","inLanguage":"es-PE","@id":"https:\/\/pulso27.com\/internacional\/the-final-6-game-of-thrones-episodes-might-feel-like-a-full-season\/#primaryimage","url":"https:\/\/pulso27.com\/wp-content\/uploads\/2017\/07\/milei_massa_debate.png","contentUrl":"https:\/\/pulso27.com\/wp-content\/uploads\/2017\/07\/milei_massa_debate.png","width":597,"height":339},{"@type":"BreadcrumbList","@id":"https:\/\/pulso27.com\/internacional\/the-final-6-game-of-thrones-episodes-might-feel-like-a-full-season\/#breadcrumb","itemListElement":[{"@type":"ListItem","position":1,"name":"Portada","item":"https:\/\/pulso27.com\/"},{"@type":"ListItem","position":2,"name":"Massa y Milei cruzan acusaciones en debate, de cara a la segunda vuelta presidencial"}]},{"@type":"WebSite","@id":"https:\/\/pulso27.com\/en\/#website","url":"https:\/\/pulso27.com\/en\/","name":"Pulso27","description":"Web de noticias y publicidad","publisher":{"@id":"https:\/\/pulso27.com\/en\/#organization"},"alternateName":"El pulso del pueblo","potentialAction":[{"@type":"SearchAction","target":{"@type":"EntryPoint","urlTemplate":"https:\/\/pulso27.com\/en\/?s={search_term_string}"},"query-input":{"@type":"PropertyValueSpecification","valueRequired":true,"valueName":"search_term_string"}}],"inLanguage":"es-PE"},{"@type":"Organization","@id":"https:\/\/pulso27.com\/en\/#organization","name":"Pulso27","url":"https:\/\/pulso27.com\/en\/","logo":{"@type":"ImageObject","inLanguage":"es-PE","@id":"https:\/\/pulso27.com\/en\/#\/schema\/logo\/image\/","url":"https:\/\/pulso27.com\/wp-content\/uploads\/2026\/02\/Logotipo-de-la-organizacion-696-x-696-px-ok.png","contentUrl":"https:\/\/pulso27.com\/wp-content\/uploads\/2026\/02\/Logotipo-de-la-organizacion-696-x-696-px-ok.png","width":696,"height":696,"caption":"Pulso27"},"image":{"@id":"https:\/\/pulso27.com\/en\/#\/schema\/logo\/image\/"},"sameAs":["https:\/\/www.facebook.com\/pulso27\/","https:\/\/x.com\/Pulso_27","https:\/\/www.youtube.com\/@Pulso27","https:\/\/www.tiktok.com\/@pulso_27"]},{"@type":"Person","@id":"https:\/\/pulso27.com\/en\/#\/schema\/person\/bf5ee161e6c87f6c7d57f5e689ef8526","name":"Redactor","image":{"@type":"ImageObject","inLanguage":"es-PE","@id":"https:\/\/pulso27.com\/wp-content\/uploads\/2025\/03\/a-150x150.png","url":"https:\/\/pulso27.com\/wp-content\/uploads\/2025\/03\/a-150x150.png","contentUrl":"https:\/\/pulso27.com\/wp-content\/uploads\/2025\/03\/a-150x150.png","caption":"Redactor"},"sameAs":["http:\/\/www.pulso27.com"],"url":"https:\/\/pulso27.com\/es\/author\/redactor\/"}]}},"amp_enabled":true,"_links":{"self":[{"href":"https:\/\/pulso27.com\/es\/wp-json\/wp\/v2\/posts\/144","targetHints":{"allow":["GET"]}}],"collection":[{"href":"https:\/\/pulso27.com\/es\/wp-json\/wp\/v2\/posts"}],"about":[{"href":"https:\/\/pulso27.com\/es\/wp-json\/wp\/v2\/types\/post"}],"author":[{"embeddable":true,"href":"https:\/\/pulso27.com\/es\/wp-json\/wp\/v2\/users\/13"}],"replies":[{"embeddable":true,"href":"https:\/\/pulso27.com\/es\/wp-json\/wp\/v2\/comments?post=144"}],"version-history":[{"count":2,"href":"https:\/\/pulso27.com\/es\/wp-json\/wp\/v2\/posts\/144\/revisions"}],"predecessor-version":[{"id":695,"href":"https:\/\/pulso27.com\/es\/wp-json\/wp\/v2\/posts\/144\/revisions\/695"}],"wp:featuredmedia":[{"embeddable":true,"href":"https:\/\/pulso27.com\/es\/wp-json\/wp\/v2\/media\/694"}],"wp:attachment":[{"href":"https:\/\/pulso27.com\/es\/wp-json\/wp\/v2\/media?parent=144"}],"wp:term":[{"taxonomy":"category","embeddable":true,"href":"https:\/\/pulso27.com\/es\/wp-json\/wp\/v2\/categories?post=144"},{"taxonomy":"post_tag","embeddable":true,"href":"https:\/\/pulso27.com\/es\/wp-json\/wp\/v2\/tags?post=144"}],"curies":[{"name":"wp","href":"https:\/\/api.w.org\/{rel}","templated":true}]}}