{"id":1474,"date":"2024-04-07T07:25:13","date_gmt":"2024-04-07T02:25:13","guid":{"rendered":"https:\/\/pulso27.com\/?p=1474"},"modified":"2024-04-07T07:25:13","modified_gmt":"2024-04-07T02:25:13","slug":"peru-enfrentara-a-paraguay-previo-al-debut-en-la-copa-america-2024","status":"publish","type":"post","link":"https:\/\/pulso27.com\/es\/deporte\/peru-enfrentara-a-paraguay-previo-al-debut-en-la-copa-america-2024\/","title":{"rendered":"Per\u00fa enfrentar\u00e1 a Paraguay previo al debut en la Copa Am\u00e9rica 2024"},"content":{"rendered":"\n<p><br>La FPF anunci\u00f3 que la selecci\u00f3n peruana afrontar\u00e1 un amistoso contra Paraguay antes de partir Estados Unidos para disputar la Copa Am\u00e9rica 2024. \u00bfSer\u00e1 en Lima o en provincia?<\/p>\n\n\n\n<p>La Federaci\u00f3n Peruana de F\u00fatbol (FPF) revel\u00f3 a los millones de hinchas que el rival que tendr\u00e1 la selecci\u00f3n peruana previo al debut en la Copa Am\u00e9rica 2024 ser\u00e1 Paraguay. El equipo guaran\u00ed vendr\u00e1 a Lima para disputar esos vibrantes 90 minutos.<\/p>\n\n\n\n<p>Todo est\u00e1 listo para el pr\u00f3ximo viernes 7 de junio del 2024, en un horario y escenario por confirmar. La FPF dej\u00f3 en claro que la Bicolor tendr\u00e1 un amistoso en esta fecha FIFA, el cual servir\u00e1 para que Jorge Fossati defina la lista final de convocados a la Copa Am\u00e9rica.<\/p>\n\n\n\n<figure class=\"wp-block-image size-full is-resized\"><img loading=\"lazy\" decoding=\"async\" width=\"652\" height=\"358\" src=\"https:\/\/pulso27.com\/wp-content\/uploads\/2024\/04\/Depor-4.jpg\" alt=\"\" class=\"wp-image-1475\" style=\"width:741px;height:auto\" srcset=\"https:\/\/pulso27.com\/wp-content\/uploads\/2024\/04\/Depor-4.jpg 652w, https:\/\/pulso27.com\/wp-content\/uploads\/2024\/04\/Depor-4-300x165.jpg 300w, https:\/\/pulso27.com\/wp-content\/uploads\/2024\/04\/Depor-4-18x10.jpg 18w\" sizes=\"auto, (max-width: 652px) 100vw, 652px\" \/><\/figure>\n\n\n\n<p>\u00abSiempre estamos atentos a los requerimientos del comando t\u00e9cnico, es nuestra labor dirigencial. Hay muy buena relaci\u00f3n con las Asociaciones Miembro de la CONMEBOL y haber llegado a un acuerdo con Paraguay es muy importante, porque como lo dijo el profesor Fossati, despu\u00e9s de jugar con pa\u00edses de la CONCACAF ya correspond\u00eda medirse con rivales sudamericanos. En algunos d\u00edas m\u00e1s estaremos definiendo el escenario del amistoso y de acuerdo a ello el horario del partido\u00bb, declar\u00f3 Agust\u00edn Lozano, presidente de la FPF.<\/p>\n\n\n\n<p>Fuente: Webs y redes de noticias<\/p>\n","protected":false},"excerpt":{"rendered":"<p>La FPF anunci\u00f3 que la selecci\u00f3n peruana afrontar\u00e1 un amistoso contra Paraguay antes de partir Estados Unidos para disputar la Copa Am\u00e9rica 2024. \u00bfSer\u00e1 en Lima o en provincia? La Federaci\u00f3n Peruana de F\u00fatbol (FPF) revel\u00f3 a los millones de hinchas que el rival que tendr\u00e1 la selecci\u00f3n peruana previo al debut en la Copa [&hellip;]<\/p>\n","protected":false},"author":7,"featured_media":1476,"comment_status":"open","ping_status":"open","sticky":false,"template":"","format":"standard","meta":{"footnotes":""},"categories":[176],"tags":[636,188,637,638],"class_list":["post-1474","post","type-post","status-publish","format-standard","has-post-thumbnail","hentry","category-deporte","tag-copa-america","tag-deportes","tag-fifa","tag-fulbol"],"yoast_head":"<!-- This site is optimized with the Yoast SEO plugin v27.4 - https:\/\/yoast.com\/product\/yoast-seo-wordpress\/ -->\n<title>Per\u00fa enfrentar\u00e1 a Paraguay previo al debut en la Copa Am\u00e9rica 2024 - Pulso27<\/title>\n<meta name=\"robots\" content=\"index, follow, max-snippet:-1, max-image-preview:large, max-video-preview:-1\" \/>\n<link rel=\"canonical\" href=\"https:\/\/pulso27.com\/es\/deporte\/peru-enfrentara-a-paraguay-previo-al-debut-en-la-copa-america-2024\/\" \/>\n<meta property=\"og:locale\" content=\"es_ES\" \/>\n<meta property=\"og:type\" content=\"article\" \/>\n<meta property=\"og:title\" content=\"Per\u00fa enfrentar\u00e1 a Paraguay previo al debut en la Copa Am\u00e9rica 2024 - Pulso27\" \/>\n<meta property=\"og:description\" content=\"La FPF anunci\u00f3 que la selecci\u00f3n peruana afrontar\u00e1 un amistoso contra Paraguay antes de partir Estados Unidos para disputar la Copa Am\u00e9rica 2024. \u00bfSer\u00e1 en Lima o en provincia? La Federaci\u00f3n Peruana de F\u00fatbol (FPF) revel\u00f3 a los millones de hinchas que el rival que tendr\u00e1 la selecci\u00f3n peruana previo al debut en la Copa [&hellip;]\" \/>\n<meta property=\"og:url\" content=\"https:\/\/pulso27.com\/es\/deporte\/peru-enfrentara-a-paraguay-previo-al-debut-en-la-copa-america-2024\/\" \/>\n<meta property=\"og:site_name\" content=\"Pulso27\" \/>\n<meta property=\"article:publisher\" content=\"https:\/\/www.facebook.com\/pulso27\/\" \/>\n<meta property=\"article:published_time\" content=\"2024-04-07T02:25:13+00:00\" \/>\n<meta property=\"og:image\" content=\"https:\/\/pulso27.com\/wp-content\/uploads\/2024\/04\/Deport-1.png\" \/>\n\t<meta property=\"og:image:width\" content=\"1003\" \/>\n\t<meta property=\"og:image:height\" content=\"513\" \/>\n\t<meta property=\"og:image:type\" content=\"image\/png\" \/>\n<meta name=\"author\" content=\"Tupaq\" \/>\n<meta name=\"twitter:card\" content=\"summary_large_image\" \/>\n<meta name=\"twitter:creator\" content=\"@Pulso_27\" \/>\n<meta name=\"twitter:site\" content=\"@Pulso_27\" \/>\n<meta name=\"twitter:label1\" content=\"Written by\" \/>\n\t<meta name=\"twitter:data1\" content=\"Tupaq\" \/>\n\t<meta name=\"twitter:label2\" content=\"Est. reading time\" \/>\n\t<meta name=\"twitter:data2\" content=\"1 minuto\" \/>\n<script type=\"application\/ld+json\" class=\"yoast-schema-graph\">{\"@context\":\"https:\\\/\\\/schema.org\",\"@graph\":[{\"@type\":\"Article\",\"@id\":\"https:\\\/\\\/pulso27.com\\\/deporte\\\/peru-enfrentara-a-paraguay-previo-al-debut-en-la-copa-america-2024\\\/#article\",\"isPartOf\":{\"@id\":\"https:\\\/\\\/pulso27.com\\\/deporte\\\/peru-enfrentara-a-paraguay-previo-al-debut-en-la-copa-america-2024\\\/\"},\"author\":{\"name\":\"Tupaq\",\"@id\":\"https:\\\/\\\/pulso27.com\\\/en\\\/#\\\/schema\\\/person\\\/d20fd7f5bc7f2e53fd150d43fca07a78\"},\"headline\":\"Per\u00fa enfrentar\u00e1 a Paraguay previo al debut en la Copa Am\u00e9rica 2024\",\"datePublished\":\"2024-04-07T02:25:13+00:00\",\"mainEntityOfPage\":{\"@id\":\"https:\\\/\\\/pulso27.com\\\/deporte\\\/peru-enfrentara-a-paraguay-previo-al-debut-en-la-copa-america-2024\\\/\"},\"wordCount\":233,\"commentCount\":0,\"publisher\":{\"@id\":\"https:\\\/\\\/pulso27.com\\\/en\\\/#organization\"},\"image\":{\"@id\":\"https:\\\/\\\/pulso27.com\\\/deporte\\\/peru-enfrentara-a-paraguay-previo-al-debut-en-la-copa-america-2024\\\/#primaryimage\"},\"thumbnailUrl\":\"https:\\\/\\\/pulso27.com\\\/wp-content\\\/uploads\\\/2024\\\/04\\\/Deport-1.png\",\"keywords\":[\"Copa Am\u00e9rica\",\"Deportes\",\"FIFA\",\"F\u00falbol\"],\"articleSection\":[\"Deporte\"],\"inLanguage\":\"es-PE\",\"potentialAction\":[{\"@type\":\"CommentAction\",\"name\":\"Comment\",\"target\":[\"https:\\\/\\\/pulso27.com\\\/deporte\\\/peru-enfrentara-a-paraguay-previo-al-debut-en-la-copa-america-2024\\\/#respond\"]}]},{\"@type\":\"WebPage\",\"@id\":\"https:\\\/\\\/pulso27.com\\\/deporte\\\/peru-enfrentara-a-paraguay-previo-al-debut-en-la-copa-america-2024\\\/\",\"url\":\"https:\\\/\\\/pulso27.com\\\/deporte\\\/peru-enfrentara-a-paraguay-previo-al-debut-en-la-copa-america-2024\\\/\",\"name\":\"Per\u00fa enfrentar\u00e1 a Paraguay previo al debut en la Copa Am\u00e9rica 2024 - Pulso27\",\"isPartOf\":{\"@id\":\"https:\\\/\\\/pulso27.com\\\/en\\\/#website\"},\"primaryImageOfPage\":{\"@id\":\"https:\\\/\\\/pulso27.com\\\/deporte\\\/peru-enfrentara-a-paraguay-previo-al-debut-en-la-copa-america-2024\\\/#primaryimage\"},\"image\":{\"@id\":\"https:\\\/\\\/pulso27.com\\\/deporte\\\/peru-enfrentara-a-paraguay-previo-al-debut-en-la-copa-america-2024\\\/#primaryimage\"},\"thumbnailUrl\":\"https:\\\/\\\/pulso27.com\\\/wp-content\\\/uploads\\\/2024\\\/04\\\/Deport-1.png\",\"datePublished\":\"2024-04-07T02:25:13+00:00\",\"breadcrumb\":{\"@id\":\"https:\\\/\\\/pulso27.com\\\/deporte\\\/peru-enfrentara-a-paraguay-previo-al-debut-en-la-copa-america-2024\\\/#breadcrumb\"},\"inLanguage\":\"es-PE\",\"potentialAction\":[{\"@type\":\"ReadAction\",\"target\":[\"https:\\\/\\\/pulso27.com\\\/deporte\\\/peru-enfrentara-a-paraguay-previo-al-debut-en-la-copa-america-2024\\\/\"]}]},{\"@type\":\"ImageObject\",\"inLanguage\":\"es-PE\",\"@id\":\"https:\\\/\\\/pulso27.com\\\/deporte\\\/peru-enfrentara-a-paraguay-previo-al-debut-en-la-copa-america-2024\\\/#primaryimage\",\"url\":\"https:\\\/\\\/pulso27.com\\\/wp-content\\\/uploads\\\/2024\\\/04\\\/Deport-1.png\",\"contentUrl\":\"https:\\\/\\\/pulso27.com\\\/wp-content\\\/uploads\\\/2024\\\/04\\\/Deport-1.png\",\"width\":1003,\"height\":513},{\"@type\":\"BreadcrumbList\",\"@id\":\"https:\\\/\\\/pulso27.com\\\/deporte\\\/peru-enfrentara-a-paraguay-previo-al-debut-en-la-copa-america-2024\\\/#breadcrumb\",\"itemListElement\":[{\"@type\":\"ListItem\",\"position\":1,\"name\":\"Portada\",\"item\":\"https:\\\/\\\/pulso27.com\\\/\"},{\"@type\":\"ListItem\",\"position\":2,\"name\":\"Per\u00fa enfrentar\u00e1 a Paraguay previo al debut en la Copa Am\u00e9rica 2024\"}]},{\"@type\":\"WebSite\",\"@id\":\"https:\\\/\\\/pulso27.com\\\/en\\\/#website\",\"url\":\"https:\\\/\\\/pulso27.com\\\/en\\\/\",\"name\":\"Pulso27\",\"description\":\"Web de noticias y publicidad\",\"publisher\":{\"@id\":\"https:\\\/\\\/pulso27.com\\\/en\\\/#organization\"},\"alternateName\":\"El pulso del pueblo\",\"potentialAction\":[{\"@type\":\"SearchAction\",\"target\":{\"@type\":\"EntryPoint\",\"urlTemplate\":\"https:\\\/\\\/pulso27.com\\\/en\\\/?s={search_term_string}\"},\"query-input\":{\"@type\":\"PropertyValueSpecification\",\"valueRequired\":true,\"valueName\":\"search_term_string\"}}],\"inLanguage\":\"es-PE\"},{\"@type\":\"Organization\",\"@id\":\"https:\\\/\\\/pulso27.com\\\/en\\\/#organization\",\"name\":\"Pulso27\",\"url\":\"https:\\\/\\\/pulso27.com\\\/en\\\/\",\"logo\":{\"@type\":\"ImageObject\",\"inLanguage\":\"es-PE\",\"@id\":\"https:\\\/\\\/pulso27.com\\\/en\\\/#\\\/schema\\\/logo\\\/image\\\/\",\"url\":\"https:\\\/\\\/pulso27.com\\\/wp-content\\\/uploads\\\/2026\\\/02\\\/Logotipo-de-la-organizacion-696-x-696-px-ok.png\",\"contentUrl\":\"https:\\\/\\\/pulso27.com\\\/wp-content\\\/uploads\\\/2026\\\/02\\\/Logotipo-de-la-organizacion-696-x-696-px-ok.png\",\"width\":696,\"height\":696,\"caption\":\"Pulso27\"},\"image\":{\"@id\":\"https:\\\/\\\/pulso27.com\\\/en\\\/#\\\/schema\\\/logo\\\/image\\\/\"},\"sameAs\":[\"https:\\\/\\\/www.facebook.com\\\/pulso27\\\/\",\"https:\\\/\\\/x.com\\\/Pulso_27\",\"https:\\\/\\\/www.youtube.com\\\/@Pulso27\",\"https:\\\/\\\/www.tiktok.com\\\/@pulso_27\"]},{\"@type\":\"Person\",\"@id\":\"https:\\\/\\\/pulso27.com\\\/en\\\/#\\\/schema\\\/person\\\/d20fd7f5bc7f2e53fd150d43fca07a78\",\"name\":\"Tupaq\",\"image\":{\"@type\":\"ImageObject\",\"inLanguage\":\"es-PE\",\"@id\":\"https:\\\/\\\/secure.gravatar.com\\\/avatar\\\/7929e9b034aeea560319a601e4f04c59eb5f45a79eafe192adabb67e9604e7e7?s=96&d=mm&r=g\",\"url\":\"https:\\\/\\\/secure.gravatar.com\\\/avatar\\\/7929e9b034aeea560319a601e4f04c59eb5f45a79eafe192adabb67e9604e7e7?s=96&d=mm&r=g\",\"contentUrl\":\"https:\\\/\\\/secure.gravatar.com\\\/avatar\\\/7929e9b034aeea560319a601e4f04c59eb5f45a79eafe192adabb67e9604e7e7?s=96&d=mm&r=g\",\"caption\":\"Tupaq\"},\"url\":\"https:\\\/\\\/pulso27.com\\\/es\\\/author\\\/tupaq\\\/\"}]}<\/script>\n<!-- \/ Yoast SEO plugin. -->","yoast_head_json":{"title":"Per\u00fa enfrentar\u00e1 a Paraguay previo al debut en la Copa Am\u00e9rica 2024 - Pulso27","robots":{"index":"index","follow":"follow","max-snippet":"max-snippet:-1","max-image-preview":"max-image-preview:large","max-video-preview":"max-video-preview:-1"},"canonical":"https:\/\/pulso27.com\/es\/deporte\/peru-enfrentara-a-paraguay-previo-al-debut-en-la-copa-america-2024\/","og_locale":"es_ES","og_type":"article","og_title":"Per\u00fa enfrentar\u00e1 a Paraguay previo al debut en la Copa Am\u00e9rica 2024 - Pulso27","og_description":"La FPF anunci\u00f3 que la selecci\u00f3n peruana afrontar\u00e1 un amistoso contra Paraguay antes de partir Estados Unidos para disputar la Copa Am\u00e9rica 2024. \u00bfSer\u00e1 en Lima o en provincia? La Federaci\u00f3n Peruana de F\u00fatbol (FPF) revel\u00f3 a los millones de hinchas que el rival que tendr\u00e1 la selecci\u00f3n peruana previo al debut en la Copa [&hellip;]","og_url":"https:\/\/pulso27.com\/es\/deporte\/peru-enfrentara-a-paraguay-previo-al-debut-en-la-copa-america-2024\/","og_site_name":"Pulso27","article_publisher":"https:\/\/www.facebook.com\/pulso27\/","article_published_time":"2024-04-07T02:25:13+00:00","og_image":[{"width":1003,"height":513,"url":"https:\/\/pulso27.com\/wp-content\/uploads\/2024\/04\/Deport-1.png","type":"image\/png"}],"author":"Tupaq","twitter_card":"summary_large_image","twitter_creator":"@Pulso_27","twitter_site":"@Pulso_27","twitter_misc":{"Written by":"Tupaq","Est. reading time":"1 minuto"},"schema":{"@context":"https:\/\/schema.org","@graph":[{"@type":"Article","@id":"https:\/\/pulso27.com\/deporte\/peru-enfrentara-a-paraguay-previo-al-debut-en-la-copa-america-2024\/#article","isPartOf":{"@id":"https:\/\/pulso27.com\/deporte\/peru-enfrentara-a-paraguay-previo-al-debut-en-la-copa-america-2024\/"},"author":{"name":"Tupaq","@id":"https:\/\/pulso27.com\/en\/#\/schema\/person\/d20fd7f5bc7f2e53fd150d43fca07a78"},"headline":"Per\u00fa enfrentar\u00e1 a Paraguay previo al debut en la Copa Am\u00e9rica 2024","datePublished":"2024-04-07T02:25:13+00:00","mainEntityOfPage":{"@id":"https:\/\/pulso27.com\/deporte\/peru-enfrentara-a-paraguay-previo-al-debut-en-la-copa-america-2024\/"},"wordCount":233,"commentCount":0,"publisher":{"@id":"https:\/\/pulso27.com\/en\/#organization"},"image":{"@id":"https:\/\/pulso27.com\/deporte\/peru-enfrentara-a-paraguay-previo-al-debut-en-la-copa-america-2024\/#primaryimage"},"thumbnailUrl":"https:\/\/pulso27.com\/wp-content\/uploads\/2024\/04\/Deport-1.png","keywords":["Copa Am\u00e9rica","Deportes","FIFA","F\u00falbol"],"articleSection":["Deporte"],"inLanguage":"es-PE","potentialAction":[{"@type":"CommentAction","name":"Comment","target":["https:\/\/pulso27.com\/deporte\/peru-enfrentara-a-paraguay-previo-al-debut-en-la-copa-america-2024\/#respond"]}]},{"@type":"WebPage","@id":"https:\/\/pulso27.com\/deporte\/peru-enfrentara-a-paraguay-previo-al-debut-en-la-copa-america-2024\/","url":"https:\/\/pulso27.com\/deporte\/peru-enfrentara-a-paraguay-previo-al-debut-en-la-copa-america-2024\/","name":"Per\u00fa enfrentar\u00e1 a Paraguay previo al debut en la Copa Am\u00e9rica 2024 - Pulso27","isPartOf":{"@id":"https:\/\/pulso27.com\/en\/#website"},"primaryImageOfPage":{"@id":"https:\/\/pulso27.com\/deporte\/peru-enfrentara-a-paraguay-previo-al-debut-en-la-copa-america-2024\/#primaryimage"},"image":{"@id":"https:\/\/pulso27.com\/deporte\/peru-enfrentara-a-paraguay-previo-al-debut-en-la-copa-america-2024\/#primaryimage"},"thumbnailUrl":"https:\/\/pulso27.com\/wp-content\/uploads\/2024\/04\/Deport-1.png","datePublished":"2024-04-07T02:25:13+00:00","breadcrumb":{"@id":"https:\/\/pulso27.com\/deporte\/peru-enfrentara-a-paraguay-previo-al-debut-en-la-copa-america-2024\/#breadcrumb"},"inLanguage":"es-PE","potentialAction":[{"@type":"ReadAction","target":["https:\/\/pulso27.com\/deporte\/peru-enfrentara-a-paraguay-previo-al-debut-en-la-copa-america-2024\/"]}]},{"@type":"ImageObject","inLanguage":"es-PE","@id":"https:\/\/pulso27.com\/deporte\/peru-enfrentara-a-paraguay-previo-al-debut-en-la-copa-america-2024\/#primaryimage","url":"https:\/\/pulso27.com\/wp-content\/uploads\/2024\/04\/Deport-1.png","contentUrl":"https:\/\/pulso27.com\/wp-content\/uploads\/2024\/04\/Deport-1.png","width":1003,"height":513},{"@type":"BreadcrumbList","@id":"https:\/\/pulso27.com\/deporte\/peru-enfrentara-a-paraguay-previo-al-debut-en-la-copa-america-2024\/#breadcrumb","itemListElement":[{"@type":"ListItem","position":1,"name":"Portada","item":"https:\/\/pulso27.com\/"},{"@type":"ListItem","position":2,"name":"Per\u00fa enfrentar\u00e1 a Paraguay previo al debut en la Copa Am\u00e9rica 2024"}]},{"@type":"WebSite","@id":"https:\/\/pulso27.com\/en\/#website","url":"https:\/\/pulso27.com\/en\/","name":"Pulso27","description":"Web de noticias y publicidad","publisher":{"@id":"https:\/\/pulso27.com\/en\/#organization"},"alternateName":"El pulso del pueblo","potentialAction":[{"@type":"SearchAction","target":{"@type":"EntryPoint","urlTemplate":"https:\/\/pulso27.com\/en\/?s={search_term_string}"},"query-input":{"@type":"PropertyValueSpecification","valueRequired":true,"valueName":"search_term_string"}}],"inLanguage":"es-PE"},{"@type":"Organization","@id":"https:\/\/pulso27.com\/en\/#organization","name":"Pulso27","url":"https:\/\/pulso27.com\/en\/","logo":{"@type":"ImageObject","inLanguage":"es-PE","@id":"https:\/\/pulso27.com\/en\/#\/schema\/logo\/image\/","url":"https:\/\/pulso27.com\/wp-content\/uploads\/2026\/02\/Logotipo-de-la-organizacion-696-x-696-px-ok.png","contentUrl":"https:\/\/pulso27.com\/wp-content\/uploads\/2026\/02\/Logotipo-de-la-organizacion-696-x-696-px-ok.png","width":696,"height":696,"caption":"Pulso27"},"image":{"@id":"https:\/\/pulso27.com\/en\/#\/schema\/logo\/image\/"},"sameAs":["https:\/\/www.facebook.com\/pulso27\/","https:\/\/x.com\/Pulso_27","https:\/\/www.youtube.com\/@Pulso27","https:\/\/www.tiktok.com\/@pulso_27"]},{"@type":"Person","@id":"https:\/\/pulso27.com\/en\/#\/schema\/person\/d20fd7f5bc7f2e53fd150d43fca07a78","name":"Tupaq","image":{"@type":"ImageObject","inLanguage":"es-PE","@id":"https:\/\/secure.gravatar.com\/avatar\/7929e9b034aeea560319a601e4f04c59eb5f45a79eafe192adabb67e9604e7e7?s=96&d=mm&r=g","url":"https:\/\/secure.gravatar.com\/avatar\/7929e9b034aeea560319a601e4f04c59eb5f45a79eafe192adabb67e9604e7e7?s=96&d=mm&r=g","contentUrl":"https:\/\/secure.gravatar.com\/avatar\/7929e9b034aeea560319a601e4f04c59eb5f45a79eafe192adabb67e9604e7e7?s=96&d=mm&r=g","caption":"Tupaq"},"url":"https:\/\/pulso27.com\/es\/author\/tupaq\/"}]}},"amp_enabled":true,"_links":{"self":[{"href":"https:\/\/pulso27.com\/es\/wp-json\/wp\/v2\/posts\/1474","targetHints":{"allow":["GET"]}}],"collection":[{"href":"https:\/\/pulso27.com\/es\/wp-json\/wp\/v2\/posts"}],"about":[{"href":"https:\/\/pulso27.com\/es\/wp-json\/wp\/v2\/types\/post"}],"author":[{"embeddable":true,"href":"https:\/\/pulso27.com\/es\/wp-json\/wp\/v2\/users\/7"}],"replies":[{"embeddable":true,"href":"https:\/\/pulso27.com\/es\/wp-json\/wp\/v2\/comments?post=1474"}],"version-history":[{"count":1,"href":"https:\/\/pulso27.com\/es\/wp-json\/wp\/v2\/posts\/1474\/revisions"}],"predecessor-version":[{"id":1477,"href":"https:\/\/pulso27.com\/es\/wp-json\/wp\/v2\/posts\/1474\/revisions\/1477"}],"wp:featuredmedia":[{"embeddable":true,"href":"https:\/\/pulso27.com\/es\/wp-json\/wp\/v2\/media\/1476"}],"wp:attachment":[{"href":"https:\/\/pulso27.com\/es\/wp-json\/wp\/v2\/media?parent=1474"}],"wp:term":[{"taxonomy":"category","embeddable":true,"href":"https:\/\/pulso27.com\/es\/wp-json\/wp\/v2\/categories?post=1474"},{"taxonomy":"post_tag","embeddable":true,"href":"https:\/\/pulso27.com\/es\/wp-json\/wp\/v2\/tags?post=1474"}],"curies":[{"name":"wp","href":"https:\/\/api.w.org\/{rel}","templated":true}]}}