{"id":1501,"date":"2024-04-13T17:55:52","date_gmt":"2024-04-13T12:55:52","guid":{"rendered":"https:\/\/pulso27.com\/?p=1501"},"modified":"2024-09-15T02:29:36","modified_gmt":"2024-09-14T21:29:36","slug":"mirage-de-combate-fue-hallado-cerca-del-volcan-pichu-pichu-con-piloto-muerto","status":"publish","type":"post","link":"https:\/\/pulso27.com\/es\/regional\/mirage-de-combate-fue-hallado-cerca-del-volcan-pichu-pichu-con-piloto-muerto\/","title":{"rendered":"Mirage de combate y piloto fallecido fue hallado cerca del volc\u00e1n Pichu Pichu de Arequipa"},"content":{"rendered":"\n<p>La Fuerza A\u00e9rea del Per\u00fa (FAP) confirm\u00f3 el fallecimiento piloto del Mirage 2000, mayor FAP Ramiro Alfredo Rond\u00f3n Medina, quien piloteaba la aeronave de combate que cay\u00f3 cerca al volc\u00e1n Pichu Pichu, en la ciudad de Arequipa, el jueves 12 de abril.<\/p>\n\n\n\n<p>El avi\u00f3n Mirage 2000 realizaba labores de entrenamiento cerca a los volcanes de Arequipa cuando ocurri\u00f3 el accidente a\u00e9reo. En ese contexto, un helic\u00f3ptero y una avioneta de la FAP inspeccionaron la zona este viernes 12 de abril. Adem\u00e1s, un grupo de agentes de la Polic\u00eda de Rescate y la FAP recorrieron a pie la zona del Indio Dormido cerca al volc\u00e1n Pichu Pichu, en el distrito de Chiguata.<\/p>\n\n\n\n<p>Las autoridades militares detallaron que, tras la p\u00e9rdida de contacto, se activ\u00f3 una operaci\u00f3n de b\u00fasqueda y rescate. No obstante, mediante un comunicado, la FAP indic\u00f3 que debido a las malas condiciones meteorol\u00f3gicas, la operaci\u00f3n se suspendi\u00f3 el jueves. Sin embargo, este viernes la FAP confirm\u00f3 que se encontraron los restos mortales del polito, identificado como mayor FAP Ramiro Rond\u00f3n.<\/p>\n\n\n\n<p>El avi\u00f3n Mirage 2000 pertenec\u00eda al Grupo A\u00e9reo n.\u00ba 4 de la Fuerza A\u00e9rea del Per\u00fa, en Arequipa, en la base a\u00e9rea La Joya. La p\u00e9rdida de comunicaci\u00f3n ocurri\u00f3 alrededor de las 10.31 a. m. y, desde ese instante, se iniciaron los esfuerzos de b\u00fasqueda. Hasta el momento, las autoridades no han confirmado si la aeronave se estrell\u00f3 o efectu\u00f3 un aterrizaje de emergencia en una zona a\u00fan no identificada por la torre de control.<\/p>\n\n\n\n<figure class=\"wp-block-image size-large\"><img loading=\"lazy\" decoding=\"async\" width=\"1024\" height=\"1024\" src=\"https:\/\/pulso27.com\/wp-content\/uploads\/2024\/04\/Avi-1024x1024.jpg\" alt=\"\" class=\"wp-image-1502\" srcset=\"https:\/\/pulso27.com\/wp-content\/uploads\/2024\/04\/Avi-1024x1024.jpg 1024w, https:\/\/pulso27.com\/wp-content\/uploads\/2024\/04\/Avi-300x300.jpg 300w, https:\/\/pulso27.com\/wp-content\/uploads\/2024\/04\/Avi-150x150.jpg 150w, https:\/\/pulso27.com\/wp-content\/uploads\/2024\/04\/Avi-768x768.jpg 768w, https:\/\/pulso27.com\/wp-content\/uploads\/2024\/04\/Avi-12x12.jpg 12w, https:\/\/pulso27.com\/wp-content\/uploads\/2024\/04\/Avi-80x80.jpg 80w, https:\/\/pulso27.com\/wp-content\/uploads\/2024\/04\/Avi.jpg 1200w\" sizes=\"auto, (max-width: 1024px) 100vw, 1024px\" \/><\/figure>\n\n\n\n<p>Las autoridades peruanas han emitido un comunicado oficial, en el cual informan sobre la situaci\u00f3n y expresan su compromiso con la investigaci\u00f3n y el esclarecimiento de los hechos. Familiares y autoridades aguardan noticias sobre el paradero y estado de los ocupantes del avi\u00f3n.<\/p>\n\n\n\n<p>\u00abEl alto mando de la Fuerza A\u00e9rea del Per\u00fa ha dispuesto las investigaciones, a fin de determinar las causas del accidente.\u00bb, se lee en el documento.<\/p>\n\n\n\n<p>Es importante destacar que este avi\u00f3n Mirage 2000 accidentado es el primero de los 12 que fueron adquiridos durante el Gobierno de Bela\u00fande en los a\u00f1os 80.<\/p>\n\n\n\n<p>Fuente: Webs y redes de noticias<\/p>\n","protected":false},"excerpt":{"rendered":"<p>La Fuerza A\u00e9rea del Per\u00fa (FAP) confirm\u00f3 el fallecimiento piloto del Mirage 2000, mayor FAP Ramiro Alfredo Rond\u00f3n Medina, quien piloteaba la aeronave de combate que cay\u00f3 cerca al volc\u00e1n Pichu Pichu, en la ciudad de Arequipa, el jueves 12 de abril. El avi\u00f3n Mirage 2000 realizaba labores de entrenamiento cerca a los volcanes de [&hellip;]<\/p>\n","protected":false},"author":7,"featured_media":1503,"comment_status":"open","ping_status":"open","sticky":false,"template":"","format":"standard","meta":{"footnotes":""},"categories":[810],"tags":[616,645,643],"class_list":["post-1501","post","type-post","status-publish","format-standard","has-post-thumbnail","hentry","category-regional","tag-arequipa","tag-fap","tag-mirage-2000"],"yoast_head":"<!-- This site is optimized with the Yoast SEO plugin v27.4 - https:\/\/yoast.com\/product\/yoast-seo-wordpress\/ -->\n<title>Mirage de combate y piloto fallecido fue hallado cerca del volc\u00e1n Pichu Pichu de Arequipa - Pulso27<\/title>\n<meta name=\"robots\" content=\"index, follow, max-snippet:-1, max-image-preview:large, max-video-preview:-1\" \/>\n<link rel=\"canonical\" href=\"https:\/\/pulso27.com\/es\/regional\/mirage-de-combate-fue-hallado-cerca-del-volcan-pichu-pichu-con-piloto-muerto\/\" \/>\n<meta property=\"og:locale\" content=\"es_ES\" \/>\n<meta property=\"og:type\" content=\"article\" \/>\n<meta property=\"og:title\" content=\"Mirage de combate y piloto fallecido fue hallado cerca del volc\u00e1n Pichu Pichu de Arequipa - Pulso27\" \/>\n<meta property=\"og:description\" content=\"La Fuerza A\u00e9rea del Per\u00fa (FAP) confirm\u00f3 el fallecimiento piloto del Mirage 2000, mayor FAP Ramiro Alfredo Rond\u00f3n Medina, quien piloteaba la aeronave de combate que cay\u00f3 cerca al volc\u00e1n Pichu Pichu, en la ciudad de Arequipa, el jueves 12 de abril. El avi\u00f3n Mirage 2000 realizaba labores de entrenamiento cerca a los volcanes de [&hellip;]\" \/>\n<meta property=\"og:url\" content=\"https:\/\/pulso27.com\/es\/regional\/mirage-de-combate-fue-hallado-cerca-del-volcan-pichu-pichu-con-piloto-muerto\/\" \/>\n<meta property=\"og:site_name\" content=\"Pulso27\" \/>\n<meta property=\"article:publisher\" content=\"https:\/\/www.facebook.com\/pulso27\/\" \/>\n<meta property=\"article:published_time\" content=\"2024-04-13T12:55:52+00:00\" \/>\n<meta property=\"article:modified_time\" content=\"2024-09-14T21:29:36+00:00\" \/>\n<meta property=\"og:image\" content=\"https:\/\/pulso27.com\/wp-content\/uploads\/2024\/04\/Avvvi.jpg\" \/>\n\t<meta property=\"og:image:width\" content=\"960\" \/>\n\t<meta property=\"og:image:height\" content=\"1280\" \/>\n\t<meta property=\"og:image:type\" content=\"image\/jpeg\" \/>\n<meta name=\"author\" content=\"Tupaq\" \/>\n<meta name=\"twitter:card\" content=\"summary_large_image\" \/>\n<meta name=\"twitter:creator\" content=\"@Pulso_27\" \/>\n<meta name=\"twitter:site\" content=\"@Pulso_27\" \/>\n<meta name=\"twitter:label1\" content=\"Written by\" \/>\n\t<meta name=\"twitter:data1\" content=\"Tupaq\" \/>\n\t<meta name=\"twitter:label2\" content=\"Est. reading time\" \/>\n\t<meta name=\"twitter:data2\" content=\"2 minutos\" \/>\n<script type=\"application\/ld+json\" class=\"yoast-schema-graph\">{\"@context\":\"https:\\\/\\\/schema.org\",\"@graph\":[{\"@type\":\"Article\",\"@id\":\"https:\\\/\\\/pulso27.com\\\/regional\\\/mirage-de-combate-fue-hallado-cerca-del-volcan-pichu-pichu-con-piloto-muerto\\\/#article\",\"isPartOf\":{\"@id\":\"https:\\\/\\\/pulso27.com\\\/regional\\\/mirage-de-combate-fue-hallado-cerca-del-volcan-pichu-pichu-con-piloto-muerto\\\/\"},\"author\":{\"name\":\"Tupaq\",\"@id\":\"https:\\\/\\\/pulso27.com\\\/en\\\/#\\\/schema\\\/person\\\/d20fd7f5bc7f2e53fd150d43fca07a78\"},\"headline\":\"Mirage de combate y piloto fallecido fue hallado cerca del volc\u00e1n Pichu Pichu de Arequipa\",\"datePublished\":\"2024-04-13T12:55:52+00:00\",\"dateModified\":\"2024-09-14T21:29:36+00:00\",\"mainEntityOfPage\":{\"@id\":\"https:\\\/\\\/pulso27.com\\\/regional\\\/mirage-de-combate-fue-hallado-cerca-del-volcan-pichu-pichu-con-piloto-muerto\\\/\"},\"wordCount\":385,\"commentCount\":0,\"publisher\":{\"@id\":\"https:\\\/\\\/pulso27.com\\\/en\\\/#organization\"},\"image\":{\"@id\":\"https:\\\/\\\/pulso27.com\\\/regional\\\/mirage-de-combate-fue-hallado-cerca-del-volcan-pichu-pichu-con-piloto-muerto\\\/#primaryimage\"},\"thumbnailUrl\":\"https:\\\/\\\/pulso27.com\\\/wp-content\\\/uploads\\\/2024\\\/04\\\/Avvvi.jpg\",\"keywords\":[\"Arequipa\",\"FAP\",\"Mirage 2000\"],\"articleSection\":[\"Regional\"],\"inLanguage\":\"es-PE\",\"potentialAction\":[{\"@type\":\"CommentAction\",\"name\":\"Comment\",\"target\":[\"https:\\\/\\\/pulso27.com\\\/regional\\\/mirage-de-combate-fue-hallado-cerca-del-volcan-pichu-pichu-con-piloto-muerto\\\/#respond\"]}]},{\"@type\":\"WebPage\",\"@id\":\"https:\\\/\\\/pulso27.com\\\/regional\\\/mirage-de-combate-fue-hallado-cerca-del-volcan-pichu-pichu-con-piloto-muerto\\\/\",\"url\":\"https:\\\/\\\/pulso27.com\\\/regional\\\/mirage-de-combate-fue-hallado-cerca-del-volcan-pichu-pichu-con-piloto-muerto\\\/\",\"name\":\"Mirage de combate y piloto fallecido fue hallado cerca del volc\u00e1n Pichu Pichu de Arequipa - Pulso27\",\"isPartOf\":{\"@id\":\"https:\\\/\\\/pulso27.com\\\/en\\\/#website\"},\"primaryImageOfPage\":{\"@id\":\"https:\\\/\\\/pulso27.com\\\/regional\\\/mirage-de-combate-fue-hallado-cerca-del-volcan-pichu-pichu-con-piloto-muerto\\\/#primaryimage\"},\"image\":{\"@id\":\"https:\\\/\\\/pulso27.com\\\/regional\\\/mirage-de-combate-fue-hallado-cerca-del-volcan-pichu-pichu-con-piloto-muerto\\\/#primaryimage\"},\"thumbnailUrl\":\"https:\\\/\\\/pulso27.com\\\/wp-content\\\/uploads\\\/2024\\\/04\\\/Avvvi.jpg\",\"datePublished\":\"2024-04-13T12:55:52+00:00\",\"dateModified\":\"2024-09-14T21:29:36+00:00\",\"breadcrumb\":{\"@id\":\"https:\\\/\\\/pulso27.com\\\/regional\\\/mirage-de-combate-fue-hallado-cerca-del-volcan-pichu-pichu-con-piloto-muerto\\\/#breadcrumb\"},\"inLanguage\":\"es-PE\",\"potentialAction\":[{\"@type\":\"ReadAction\",\"target\":[\"https:\\\/\\\/pulso27.com\\\/regional\\\/mirage-de-combate-fue-hallado-cerca-del-volcan-pichu-pichu-con-piloto-muerto\\\/\"]}]},{\"@type\":\"ImageObject\",\"inLanguage\":\"es-PE\",\"@id\":\"https:\\\/\\\/pulso27.com\\\/regional\\\/mirage-de-combate-fue-hallado-cerca-del-volcan-pichu-pichu-con-piloto-muerto\\\/#primaryimage\",\"url\":\"https:\\\/\\\/pulso27.com\\\/wp-content\\\/uploads\\\/2024\\\/04\\\/Avvvi.jpg\",\"contentUrl\":\"https:\\\/\\\/pulso27.com\\\/wp-content\\\/uploads\\\/2024\\\/04\\\/Avvvi.jpg\",\"width\":960,\"height\":1280},{\"@type\":\"BreadcrumbList\",\"@id\":\"https:\\\/\\\/pulso27.com\\\/regional\\\/mirage-de-combate-fue-hallado-cerca-del-volcan-pichu-pichu-con-piloto-muerto\\\/#breadcrumb\",\"itemListElement\":[{\"@type\":\"ListItem\",\"position\":1,\"name\":\"Portada\",\"item\":\"https:\\\/\\\/pulso27.com\\\/\"},{\"@type\":\"ListItem\",\"position\":2,\"name\":\"Mirage de combate y piloto fallecido fue hallado cerca del volc\u00e1n Pichu Pichu de Arequipa\"}]},{\"@type\":\"WebSite\",\"@id\":\"https:\\\/\\\/pulso27.com\\\/en\\\/#website\",\"url\":\"https:\\\/\\\/pulso27.com\\\/en\\\/\",\"name\":\"Pulso27\",\"description\":\"Web de noticias y publicidad\",\"publisher\":{\"@id\":\"https:\\\/\\\/pulso27.com\\\/en\\\/#organization\"},\"alternateName\":\"El pulso del pueblo\",\"potentialAction\":[{\"@type\":\"SearchAction\",\"target\":{\"@type\":\"EntryPoint\",\"urlTemplate\":\"https:\\\/\\\/pulso27.com\\\/en\\\/?s={search_term_string}\"},\"query-input\":{\"@type\":\"PropertyValueSpecification\",\"valueRequired\":true,\"valueName\":\"search_term_string\"}}],\"inLanguage\":\"es-PE\"},{\"@type\":\"Organization\",\"@id\":\"https:\\\/\\\/pulso27.com\\\/en\\\/#organization\",\"name\":\"Pulso27\",\"url\":\"https:\\\/\\\/pulso27.com\\\/en\\\/\",\"logo\":{\"@type\":\"ImageObject\",\"inLanguage\":\"es-PE\",\"@id\":\"https:\\\/\\\/pulso27.com\\\/en\\\/#\\\/schema\\\/logo\\\/image\\\/\",\"url\":\"https:\\\/\\\/pulso27.com\\\/wp-content\\\/uploads\\\/2026\\\/02\\\/Logotipo-de-la-organizacion-696-x-696-px-ok.png\",\"contentUrl\":\"https:\\\/\\\/pulso27.com\\\/wp-content\\\/uploads\\\/2026\\\/02\\\/Logotipo-de-la-organizacion-696-x-696-px-ok.png\",\"width\":696,\"height\":696,\"caption\":\"Pulso27\"},\"image\":{\"@id\":\"https:\\\/\\\/pulso27.com\\\/en\\\/#\\\/schema\\\/logo\\\/image\\\/\"},\"sameAs\":[\"https:\\\/\\\/www.facebook.com\\\/pulso27\\\/\",\"https:\\\/\\\/x.com\\\/Pulso_27\",\"https:\\\/\\\/www.youtube.com\\\/@Pulso27\",\"https:\\\/\\\/www.tiktok.com\\\/@pulso_27\"]},{\"@type\":\"Person\",\"@id\":\"https:\\\/\\\/pulso27.com\\\/en\\\/#\\\/schema\\\/person\\\/d20fd7f5bc7f2e53fd150d43fca07a78\",\"name\":\"Tupaq\",\"image\":{\"@type\":\"ImageObject\",\"inLanguage\":\"es-PE\",\"@id\":\"https:\\\/\\\/secure.gravatar.com\\\/avatar\\\/7929e9b034aeea560319a601e4f04c59eb5f45a79eafe192adabb67e9604e7e7?s=96&d=mm&r=g\",\"url\":\"https:\\\/\\\/secure.gravatar.com\\\/avatar\\\/7929e9b034aeea560319a601e4f04c59eb5f45a79eafe192adabb67e9604e7e7?s=96&d=mm&r=g\",\"contentUrl\":\"https:\\\/\\\/secure.gravatar.com\\\/avatar\\\/7929e9b034aeea560319a601e4f04c59eb5f45a79eafe192adabb67e9604e7e7?s=96&d=mm&r=g\",\"caption\":\"Tupaq\"},\"url\":\"https:\\\/\\\/pulso27.com\\\/es\\\/author\\\/tupaq\\\/\"}]}<\/script>\n<!-- \/ Yoast SEO plugin. -->","yoast_head_json":{"title":"Mirage de combate y piloto fallecido fue hallado cerca del volc\u00e1n Pichu Pichu de Arequipa - Pulso27","robots":{"index":"index","follow":"follow","max-snippet":"max-snippet:-1","max-image-preview":"max-image-preview:large","max-video-preview":"max-video-preview:-1"},"canonical":"https:\/\/pulso27.com\/es\/regional\/mirage-de-combate-fue-hallado-cerca-del-volcan-pichu-pichu-con-piloto-muerto\/","og_locale":"es_ES","og_type":"article","og_title":"Mirage de combate y piloto fallecido fue hallado cerca del volc\u00e1n Pichu Pichu de Arequipa - Pulso27","og_description":"La Fuerza A\u00e9rea del Per\u00fa (FAP) confirm\u00f3 el fallecimiento piloto del Mirage 2000, mayor FAP Ramiro Alfredo Rond\u00f3n Medina, quien piloteaba la aeronave de combate que cay\u00f3 cerca al volc\u00e1n Pichu Pichu, en la ciudad de Arequipa, el jueves 12 de abril. El avi\u00f3n Mirage 2000 realizaba labores de entrenamiento cerca a los volcanes de [&hellip;]","og_url":"https:\/\/pulso27.com\/es\/regional\/mirage-de-combate-fue-hallado-cerca-del-volcan-pichu-pichu-con-piloto-muerto\/","og_site_name":"Pulso27","article_publisher":"https:\/\/www.facebook.com\/pulso27\/","article_published_time":"2024-04-13T12:55:52+00:00","article_modified_time":"2024-09-14T21:29:36+00:00","og_image":[{"width":960,"height":1280,"url":"https:\/\/pulso27.com\/wp-content\/uploads\/2024\/04\/Avvvi.jpg","type":"image\/jpeg"}],"author":"Tupaq","twitter_card":"summary_large_image","twitter_creator":"@Pulso_27","twitter_site":"@Pulso_27","twitter_misc":{"Written by":"Tupaq","Est. reading time":"2 minutos"},"schema":{"@context":"https:\/\/schema.org","@graph":[{"@type":"Article","@id":"https:\/\/pulso27.com\/regional\/mirage-de-combate-fue-hallado-cerca-del-volcan-pichu-pichu-con-piloto-muerto\/#article","isPartOf":{"@id":"https:\/\/pulso27.com\/regional\/mirage-de-combate-fue-hallado-cerca-del-volcan-pichu-pichu-con-piloto-muerto\/"},"author":{"name":"Tupaq","@id":"https:\/\/pulso27.com\/en\/#\/schema\/person\/d20fd7f5bc7f2e53fd150d43fca07a78"},"headline":"Mirage de combate y piloto fallecido fue hallado cerca del volc\u00e1n Pichu Pichu de Arequipa","datePublished":"2024-04-13T12:55:52+00:00","dateModified":"2024-09-14T21:29:36+00:00","mainEntityOfPage":{"@id":"https:\/\/pulso27.com\/regional\/mirage-de-combate-fue-hallado-cerca-del-volcan-pichu-pichu-con-piloto-muerto\/"},"wordCount":385,"commentCount":0,"publisher":{"@id":"https:\/\/pulso27.com\/en\/#organization"},"image":{"@id":"https:\/\/pulso27.com\/regional\/mirage-de-combate-fue-hallado-cerca-del-volcan-pichu-pichu-con-piloto-muerto\/#primaryimage"},"thumbnailUrl":"https:\/\/pulso27.com\/wp-content\/uploads\/2024\/04\/Avvvi.jpg","keywords":["Arequipa","FAP","Mirage 2000"],"articleSection":["Regional"],"inLanguage":"es-PE","potentialAction":[{"@type":"CommentAction","name":"Comment","target":["https:\/\/pulso27.com\/regional\/mirage-de-combate-fue-hallado-cerca-del-volcan-pichu-pichu-con-piloto-muerto\/#respond"]}]},{"@type":"WebPage","@id":"https:\/\/pulso27.com\/regional\/mirage-de-combate-fue-hallado-cerca-del-volcan-pichu-pichu-con-piloto-muerto\/","url":"https:\/\/pulso27.com\/regional\/mirage-de-combate-fue-hallado-cerca-del-volcan-pichu-pichu-con-piloto-muerto\/","name":"Mirage de combate y piloto fallecido fue hallado cerca del volc\u00e1n Pichu Pichu de Arequipa - Pulso27","isPartOf":{"@id":"https:\/\/pulso27.com\/en\/#website"},"primaryImageOfPage":{"@id":"https:\/\/pulso27.com\/regional\/mirage-de-combate-fue-hallado-cerca-del-volcan-pichu-pichu-con-piloto-muerto\/#primaryimage"},"image":{"@id":"https:\/\/pulso27.com\/regional\/mirage-de-combate-fue-hallado-cerca-del-volcan-pichu-pichu-con-piloto-muerto\/#primaryimage"},"thumbnailUrl":"https:\/\/pulso27.com\/wp-content\/uploads\/2024\/04\/Avvvi.jpg","datePublished":"2024-04-13T12:55:52+00:00","dateModified":"2024-09-14T21:29:36+00:00","breadcrumb":{"@id":"https:\/\/pulso27.com\/regional\/mirage-de-combate-fue-hallado-cerca-del-volcan-pichu-pichu-con-piloto-muerto\/#breadcrumb"},"inLanguage":"es-PE","potentialAction":[{"@type":"ReadAction","target":["https:\/\/pulso27.com\/regional\/mirage-de-combate-fue-hallado-cerca-del-volcan-pichu-pichu-con-piloto-muerto\/"]}]},{"@type":"ImageObject","inLanguage":"es-PE","@id":"https:\/\/pulso27.com\/regional\/mirage-de-combate-fue-hallado-cerca-del-volcan-pichu-pichu-con-piloto-muerto\/#primaryimage","url":"https:\/\/pulso27.com\/wp-content\/uploads\/2024\/04\/Avvvi.jpg","contentUrl":"https:\/\/pulso27.com\/wp-content\/uploads\/2024\/04\/Avvvi.jpg","width":960,"height":1280},{"@type":"BreadcrumbList","@id":"https:\/\/pulso27.com\/regional\/mirage-de-combate-fue-hallado-cerca-del-volcan-pichu-pichu-con-piloto-muerto\/#breadcrumb","itemListElement":[{"@type":"ListItem","position":1,"name":"Portada","item":"https:\/\/pulso27.com\/"},{"@type":"ListItem","position":2,"name":"Mirage de combate y piloto fallecido fue hallado cerca del volc\u00e1n Pichu Pichu de Arequipa"}]},{"@type":"WebSite","@id":"https:\/\/pulso27.com\/en\/#website","url":"https:\/\/pulso27.com\/en\/","name":"Pulso27","description":"Web de noticias y publicidad","publisher":{"@id":"https:\/\/pulso27.com\/en\/#organization"},"alternateName":"El pulso del pueblo","potentialAction":[{"@type":"SearchAction","target":{"@type":"EntryPoint","urlTemplate":"https:\/\/pulso27.com\/en\/?s={search_term_string}"},"query-input":{"@type":"PropertyValueSpecification","valueRequired":true,"valueName":"search_term_string"}}],"inLanguage":"es-PE"},{"@type":"Organization","@id":"https:\/\/pulso27.com\/en\/#organization","name":"Pulso27","url":"https:\/\/pulso27.com\/en\/","logo":{"@type":"ImageObject","inLanguage":"es-PE","@id":"https:\/\/pulso27.com\/en\/#\/schema\/logo\/image\/","url":"https:\/\/pulso27.com\/wp-content\/uploads\/2026\/02\/Logotipo-de-la-organizacion-696-x-696-px-ok.png","contentUrl":"https:\/\/pulso27.com\/wp-content\/uploads\/2026\/02\/Logotipo-de-la-organizacion-696-x-696-px-ok.png","width":696,"height":696,"caption":"Pulso27"},"image":{"@id":"https:\/\/pulso27.com\/en\/#\/schema\/logo\/image\/"},"sameAs":["https:\/\/www.facebook.com\/pulso27\/","https:\/\/x.com\/Pulso_27","https:\/\/www.youtube.com\/@Pulso27","https:\/\/www.tiktok.com\/@pulso_27"]},{"@type":"Person","@id":"https:\/\/pulso27.com\/en\/#\/schema\/person\/d20fd7f5bc7f2e53fd150d43fca07a78","name":"Tupaq","image":{"@type":"ImageObject","inLanguage":"es-PE","@id":"https:\/\/secure.gravatar.com\/avatar\/7929e9b034aeea560319a601e4f04c59eb5f45a79eafe192adabb67e9604e7e7?s=96&d=mm&r=g","url":"https:\/\/secure.gravatar.com\/avatar\/7929e9b034aeea560319a601e4f04c59eb5f45a79eafe192adabb67e9604e7e7?s=96&d=mm&r=g","contentUrl":"https:\/\/secure.gravatar.com\/avatar\/7929e9b034aeea560319a601e4f04c59eb5f45a79eafe192adabb67e9604e7e7?s=96&d=mm&r=g","caption":"Tupaq"},"url":"https:\/\/pulso27.com\/es\/author\/tupaq\/"}]}},"amp_enabled":true,"_links":{"self":[{"href":"https:\/\/pulso27.com\/es\/wp-json\/wp\/v2\/posts\/1501","targetHints":{"allow":["GET"]}}],"collection":[{"href":"https:\/\/pulso27.com\/es\/wp-json\/wp\/v2\/posts"}],"about":[{"href":"https:\/\/pulso27.com\/es\/wp-json\/wp\/v2\/types\/post"}],"author":[{"embeddable":true,"href":"https:\/\/pulso27.com\/es\/wp-json\/wp\/v2\/users\/7"}],"replies":[{"embeddable":true,"href":"https:\/\/pulso27.com\/es\/wp-json\/wp\/v2\/comments?post=1501"}],"version-history":[{"count":2,"href":"https:\/\/pulso27.com\/es\/wp-json\/wp\/v2\/posts\/1501\/revisions"}],"predecessor-version":[{"id":1509,"href":"https:\/\/pulso27.com\/es\/wp-json\/wp\/v2\/posts\/1501\/revisions\/1509"}],"wp:featuredmedia":[{"embeddable":true,"href":"https:\/\/pulso27.com\/es\/wp-json\/wp\/v2\/media\/1503"}],"wp:attachment":[{"href":"https:\/\/pulso27.com\/es\/wp-json\/wp\/v2\/media?parent=1501"}],"wp:term":[{"taxonomy":"category","embeddable":true,"href":"https:\/\/pulso27.com\/es\/wp-json\/wp\/v2\/categories?post=1501"},{"taxonomy":"post_tag","embeddable":true,"href":"https:\/\/pulso27.com\/es\/wp-json\/wp\/v2\/tags?post=1501"}],"curies":[{"name":"wp","href":"https:\/\/api.w.org\/{rel}","templated":true}]}}