{"id":1505,"date":"2024-04-13T18:47:29","date_gmt":"2024-04-13T13:47:29","guid":{"rendered":"https:\/\/pulso27.com\/?p=1505"},"modified":"2024-10-23T02:36:07","modified_gmt":"2024-10-22T21:36:07","slug":"archivan-caso-boyka-que-incriminaba-a-opositores-del-regimen-de-dina-boluarte","status":"publish","type":"post","link":"https:\/\/pulso27.com\/es\/actualidad\/archivan-caso-boyka-que-incriminaba-a-opositores-del-regimen-de-dina-boluarte\/","title":{"rendered":"Archivan caso \u00abBoyka\u00bb que incriminaba a opositores del r\u00e9gimen de Dina Boluarte"},"content":{"rendered":"\n<p>La Segunda Fiscal\u00eda Supraprovincial contra la Criminalidad Organizada del Per\u00fa archiv\u00f3 el caso por supuesta criminalidad organizada contra Vilma Castillo Rojas, Rosario S\u00e1nchez Perales y Maritza S\u00e1nchez Perales, a quienes la Polic\u00eda Nacional del Per\u00fa les habr\u00eda atribuido la propiedad de maderas de triplay con la inscripci\u00f3n \u201cBoyka\u201d durante la marcha del 31 de enero de 2023 contra el r\u00e9gimen de Dina Boluarte y su premier Alberto Ot\u00e1rola, disponiendo que la investigaci\u00f3n no contin\u00fae ni se formalice contra los imputados.<\/p>\n\n\n\n<p>Cabe recordar el general en retiro Jorge Lu\u00eds Angulo Tejada manifestaba que \u00abRojo es signo de violencia, negro muerte y amarillo alegr\u00eda\u00bb, anunciaba un megaoperativo policial contra una supuesta organizaci\u00f3n criminal el pasado 31 de enero del 2023, durante las protestas contra la ahora denunciada Dina Boluarte, que a\u00fan se mantiene en el cargo como presidenta del Per\u00fa.<\/p>\n\n\n\n<p>Por lo que, fue conocido como el \u00abPolic\u00eda semi\u00f3tico\u00bb, Angulo afirmaba que \u00abBoyka\u00bb significaba muerte y adjudic\u00f3 la propiedad de los escudos a Maritza y Rosario S\u00e1nchez Perales, y Vilma Castillo a quienes se les acus\u00f3 de disturbios y organizaci\u00f3n criminal.<\/p>\n\n\n\n<figure class=\"wp-block-image size-full\"><img loading=\"lazy\" decoding=\"async\" width=\"1014\" height=\"503\" src=\"https:\/\/pulso27.com\/wp-content\/uploads\/2024\/04\/Voykaaa.jpg\" alt=\"\" class=\"wp-image-1507\" srcset=\"https:\/\/pulso27.com\/wp-content\/uploads\/2024\/04\/Voykaaa.jpg 1014w, https:\/\/pulso27.com\/wp-content\/uploads\/2024\/04\/Voykaaa-300x149.jpg 300w, https:\/\/pulso27.com\/wp-content\/uploads\/2024\/04\/Voykaaa-768x381.jpg 768w, https:\/\/pulso27.com\/wp-content\/uploads\/2024\/04\/Voykaaa-18x9.jpg 18w\" sizes=\"auto, (max-width: 1014px) 100vw, 1014px\" \/><figcaption class=\"wp-element-caption\"><em>Pronunciamiento del Ministerio P\u00fablico del Per\u00fa<\/em><\/figcaption><\/figure>\n\n\n\n<p>Ayer la Fiscal\u00eda ha informado que no procede la formalizaci\u00f3n de la acusaci\u00f3n y dispone la anulaci\u00f3n de esa carpeta fiscal, que rediculizaba a la propia Polic\u00eda Nacional del Per\u00fa y la Fiscal\u00eda, al ser un caso t\u00edpico de amedrentamiento contra manifestantes que buscaban protegerse de los perdigones lanzados por los anti motines del gobierno.<\/p>\n\n\n\n<p>Angulo, ex comandante general de la Polic\u00eda Nacional, previamente fue citado por la Fiscal\u00eda el 9 de febrero de 2024, declarando sobre presuntas interferencias del Ministerio del Interior en los procesos de pases a retiro, cambios de colocaci\u00f3n y otros del personal policial; adem\u00e1s del operativo Boyka.<\/p>\n\n\n\n<p>Fuente: Webs y redes de noticias<\/p>\n","protected":false},"excerpt":{"rendered":"<p>La Segunda Fiscal\u00eda Supraprovincial contra la Criminalidad Organizada del Per\u00fa archiv\u00f3 el caso por supuesta criminalidad organizada contra Vilma Castillo Rojas, Rosario S\u00e1nchez Perales y Maritza S\u00e1nchez Perales, a quienes la Polic\u00eda Nacional del Per\u00fa les habr\u00eda atribuido la propiedad de maderas de triplay con la inscripci\u00f3n \u201cBoyka\u201d durante la marcha del 31 de enero [&hellip;]<\/p>\n","protected":false},"author":7,"featured_media":1506,"comment_status":"open","ping_status":"open","sticky":false,"template":"","format":"standard","meta":{"footnotes":""},"categories":[183,1852],"tags":[646,647,309,184],"class_list":["post-1505","post","type-post","status-publish","format-standard","has-post-thumbnail","hentry","category-actualidad","category-tendencia","tag-boyka","tag-judicial","tag-pnp","tag-politica"],"yoast_head":"<!-- This site is optimized with the Yoast SEO plugin v27.4 - https:\/\/yoast.com\/product\/yoast-seo-wordpress\/ -->\n<title>Archivan caso &quot;Boyka&quot; que incriminaba a opositores del r\u00e9gimen de Dina Boluarte - Pulso27<\/title>\n<meta name=\"robots\" content=\"index, follow, max-snippet:-1, max-image-preview:large, max-video-preview:-1\" \/>\n<link rel=\"canonical\" href=\"https:\/\/pulso27.com\/es\/actualidad\/archivan-caso-boyka-que-incriminaba-a-opositores-del-regimen-de-dina-boluarte\/\" \/>\n<meta property=\"og:locale\" content=\"es_ES\" \/>\n<meta property=\"og:type\" content=\"article\" \/>\n<meta property=\"og:title\" content=\"Archivan caso &quot;Boyka&quot; que incriminaba a opositores del r\u00e9gimen de Dina Boluarte - Pulso27\" \/>\n<meta property=\"og:description\" content=\"La Segunda Fiscal\u00eda Supraprovincial contra la Criminalidad Organizada del Per\u00fa archiv\u00f3 el caso por supuesta criminalidad organizada contra Vilma Castillo Rojas, Rosario S\u00e1nchez Perales y Maritza S\u00e1nchez Perales, a quienes la Polic\u00eda Nacional del Per\u00fa les habr\u00eda atribuido la propiedad de maderas de triplay con la inscripci\u00f3n \u201cBoyka\u201d durante la marcha del 31 de enero [&hellip;]\" \/>\n<meta property=\"og:url\" content=\"https:\/\/pulso27.com\/es\/actualidad\/archivan-caso-boyka-que-incriminaba-a-opositores-del-regimen-de-dina-boluarte\/\" \/>\n<meta property=\"og:site_name\" content=\"Pulso27\" \/>\n<meta property=\"article:publisher\" content=\"https:\/\/www.facebook.com\/pulso27\/\" \/>\n<meta property=\"article:published_time\" content=\"2024-04-13T13:47:29+00:00\" \/>\n<meta property=\"article:modified_time\" content=\"2024-10-22T21:36:07+00:00\" \/>\n<meta property=\"og:image\" content=\"https:\/\/pulso27.com\/wp-content\/uploads\/2024\/04\/Voykaa.png\" \/>\n\t<meta property=\"og:image:width\" content=\"1341\" \/>\n\t<meta property=\"og:image:height\" content=\"756\" \/>\n\t<meta property=\"og:image:type\" content=\"image\/png\" \/>\n<meta name=\"author\" content=\"Tupaq\" \/>\n<meta name=\"twitter:card\" content=\"summary_large_image\" \/>\n<meta name=\"twitter:creator\" content=\"@Pulso_27\" \/>\n<meta name=\"twitter:site\" content=\"@Pulso_27\" \/>\n<meta name=\"twitter:label1\" content=\"Written by\" \/>\n\t<meta name=\"twitter:data1\" content=\"Tupaq\" \/>\n\t<meta name=\"twitter:label2\" content=\"Est. reading time\" \/>\n\t<meta name=\"twitter:data2\" content=\"2 minutos\" \/>\n<script type=\"application\/ld+json\" class=\"yoast-schema-graph\">{\"@context\":\"https:\\\/\\\/schema.org\",\"@graph\":[{\"@type\":\"Article\",\"@id\":\"https:\\\/\\\/pulso27.com\\\/actualidad\\\/archivan-caso-boyka-que-incriminaba-a-opositores-del-regimen-de-dina-boluarte\\\/#article\",\"isPartOf\":{\"@id\":\"https:\\\/\\\/pulso27.com\\\/actualidad\\\/archivan-caso-boyka-que-incriminaba-a-opositores-del-regimen-de-dina-boluarte\\\/\"},\"author\":{\"name\":\"Tupaq\",\"@id\":\"https:\\\/\\\/pulso27.com\\\/en\\\/#\\\/schema\\\/person\\\/d20fd7f5bc7f2e53fd150d43fca07a78\"},\"headline\":\"Archivan caso \u00abBoyka\u00bb que incriminaba a opositores del r\u00e9gimen de Dina Boluarte\",\"datePublished\":\"2024-04-13T13:47:29+00:00\",\"dateModified\":\"2024-10-22T21:36:07+00:00\",\"mainEntityOfPage\":{\"@id\":\"https:\\\/\\\/pulso27.com\\\/actualidad\\\/archivan-caso-boyka-que-incriminaba-a-opositores-del-regimen-de-dina-boluarte\\\/\"},\"wordCount\":330,\"commentCount\":0,\"publisher\":{\"@id\":\"https:\\\/\\\/pulso27.com\\\/en\\\/#organization\"},\"image\":{\"@id\":\"https:\\\/\\\/pulso27.com\\\/actualidad\\\/archivan-caso-boyka-que-incriminaba-a-opositores-del-regimen-de-dina-boluarte\\\/#primaryimage\"},\"thumbnailUrl\":\"https:\\\/\\\/pulso27.com\\\/wp-content\\\/uploads\\\/2024\\\/04\\\/Voykaa.png\",\"keywords\":[\"Boyka\",\"Judicial\",\"PNP\",\"Politica\"],\"articleSection\":[\"Actualidad\",\"Tendencia\"],\"inLanguage\":\"es-PE\",\"potentialAction\":[{\"@type\":\"CommentAction\",\"name\":\"Comment\",\"target\":[\"https:\\\/\\\/pulso27.com\\\/actualidad\\\/archivan-caso-boyka-que-incriminaba-a-opositores-del-regimen-de-dina-boluarte\\\/#respond\"]}]},{\"@type\":\"WebPage\",\"@id\":\"https:\\\/\\\/pulso27.com\\\/actualidad\\\/archivan-caso-boyka-que-incriminaba-a-opositores-del-regimen-de-dina-boluarte\\\/\",\"url\":\"https:\\\/\\\/pulso27.com\\\/actualidad\\\/archivan-caso-boyka-que-incriminaba-a-opositores-del-regimen-de-dina-boluarte\\\/\",\"name\":\"Archivan caso \\\"Boyka\\\" que incriminaba a opositores del r\u00e9gimen de Dina Boluarte - Pulso27\",\"isPartOf\":{\"@id\":\"https:\\\/\\\/pulso27.com\\\/en\\\/#website\"},\"primaryImageOfPage\":{\"@id\":\"https:\\\/\\\/pulso27.com\\\/actualidad\\\/archivan-caso-boyka-que-incriminaba-a-opositores-del-regimen-de-dina-boluarte\\\/#primaryimage\"},\"image\":{\"@id\":\"https:\\\/\\\/pulso27.com\\\/actualidad\\\/archivan-caso-boyka-que-incriminaba-a-opositores-del-regimen-de-dina-boluarte\\\/#primaryimage\"},\"thumbnailUrl\":\"https:\\\/\\\/pulso27.com\\\/wp-content\\\/uploads\\\/2024\\\/04\\\/Voykaa.png\",\"datePublished\":\"2024-04-13T13:47:29+00:00\",\"dateModified\":\"2024-10-22T21:36:07+00:00\",\"breadcrumb\":{\"@id\":\"https:\\\/\\\/pulso27.com\\\/actualidad\\\/archivan-caso-boyka-que-incriminaba-a-opositores-del-regimen-de-dina-boluarte\\\/#breadcrumb\"},\"inLanguage\":\"es-PE\",\"potentialAction\":[{\"@type\":\"ReadAction\",\"target\":[\"https:\\\/\\\/pulso27.com\\\/actualidad\\\/archivan-caso-boyka-que-incriminaba-a-opositores-del-regimen-de-dina-boluarte\\\/\"]}]},{\"@type\":\"ImageObject\",\"inLanguage\":\"es-PE\",\"@id\":\"https:\\\/\\\/pulso27.com\\\/actualidad\\\/archivan-caso-boyka-que-incriminaba-a-opositores-del-regimen-de-dina-boluarte\\\/#primaryimage\",\"url\":\"https:\\\/\\\/pulso27.com\\\/wp-content\\\/uploads\\\/2024\\\/04\\\/Voykaa.png\",\"contentUrl\":\"https:\\\/\\\/pulso27.com\\\/wp-content\\\/uploads\\\/2024\\\/04\\\/Voykaa.png\",\"width\":1341,\"height\":756},{\"@type\":\"BreadcrumbList\",\"@id\":\"https:\\\/\\\/pulso27.com\\\/actualidad\\\/archivan-caso-boyka-que-incriminaba-a-opositores-del-regimen-de-dina-boluarte\\\/#breadcrumb\",\"itemListElement\":[{\"@type\":\"ListItem\",\"position\":1,\"name\":\"Portada\",\"item\":\"https:\\\/\\\/pulso27.com\\\/\"},{\"@type\":\"ListItem\",\"position\":2,\"name\":\"Archivan caso \u00abBoyka\u00bb que incriminaba a opositores del r\u00e9gimen de Dina Boluarte\"}]},{\"@type\":\"WebSite\",\"@id\":\"https:\\\/\\\/pulso27.com\\\/en\\\/#website\",\"url\":\"https:\\\/\\\/pulso27.com\\\/en\\\/\",\"name\":\"Pulso27\",\"description\":\"Web de noticias y publicidad\",\"publisher\":{\"@id\":\"https:\\\/\\\/pulso27.com\\\/en\\\/#organization\"},\"alternateName\":\"El pulso del pueblo\",\"potentialAction\":[{\"@type\":\"SearchAction\",\"target\":{\"@type\":\"EntryPoint\",\"urlTemplate\":\"https:\\\/\\\/pulso27.com\\\/en\\\/?s={search_term_string}\"},\"query-input\":{\"@type\":\"PropertyValueSpecification\",\"valueRequired\":true,\"valueName\":\"search_term_string\"}}],\"inLanguage\":\"es-PE\"},{\"@type\":\"Organization\",\"@id\":\"https:\\\/\\\/pulso27.com\\\/en\\\/#organization\",\"name\":\"Pulso27\",\"url\":\"https:\\\/\\\/pulso27.com\\\/en\\\/\",\"logo\":{\"@type\":\"ImageObject\",\"inLanguage\":\"es-PE\",\"@id\":\"https:\\\/\\\/pulso27.com\\\/en\\\/#\\\/schema\\\/logo\\\/image\\\/\",\"url\":\"https:\\\/\\\/pulso27.com\\\/wp-content\\\/uploads\\\/2026\\\/02\\\/Logotipo-de-la-organizacion-696-x-696-px-ok.png\",\"contentUrl\":\"https:\\\/\\\/pulso27.com\\\/wp-content\\\/uploads\\\/2026\\\/02\\\/Logotipo-de-la-organizacion-696-x-696-px-ok.png\",\"width\":696,\"height\":696,\"caption\":\"Pulso27\"},\"image\":{\"@id\":\"https:\\\/\\\/pulso27.com\\\/en\\\/#\\\/schema\\\/logo\\\/image\\\/\"},\"sameAs\":[\"https:\\\/\\\/www.facebook.com\\\/pulso27\\\/\",\"https:\\\/\\\/x.com\\\/Pulso_27\",\"https:\\\/\\\/www.youtube.com\\\/@Pulso27\",\"https:\\\/\\\/www.tiktok.com\\\/@pulso_27\"]},{\"@type\":\"Person\",\"@id\":\"https:\\\/\\\/pulso27.com\\\/en\\\/#\\\/schema\\\/person\\\/d20fd7f5bc7f2e53fd150d43fca07a78\",\"name\":\"Tupaq\",\"image\":{\"@type\":\"ImageObject\",\"inLanguage\":\"es-PE\",\"@id\":\"https:\\\/\\\/secure.gravatar.com\\\/avatar\\\/7929e9b034aeea560319a601e4f04c59eb5f45a79eafe192adabb67e9604e7e7?s=96&d=mm&r=g\",\"url\":\"https:\\\/\\\/secure.gravatar.com\\\/avatar\\\/7929e9b034aeea560319a601e4f04c59eb5f45a79eafe192adabb67e9604e7e7?s=96&d=mm&r=g\",\"contentUrl\":\"https:\\\/\\\/secure.gravatar.com\\\/avatar\\\/7929e9b034aeea560319a601e4f04c59eb5f45a79eafe192adabb67e9604e7e7?s=96&d=mm&r=g\",\"caption\":\"Tupaq\"},\"url\":\"https:\\\/\\\/pulso27.com\\\/es\\\/author\\\/tupaq\\\/\"}]}<\/script>\n<!-- \/ Yoast SEO plugin. -->","yoast_head_json":{"title":"Archivan caso \"Boyka\" que incriminaba a opositores del r\u00e9gimen de Dina Boluarte - Pulso27","robots":{"index":"index","follow":"follow","max-snippet":"max-snippet:-1","max-image-preview":"max-image-preview:large","max-video-preview":"max-video-preview:-1"},"canonical":"https:\/\/pulso27.com\/es\/actualidad\/archivan-caso-boyka-que-incriminaba-a-opositores-del-regimen-de-dina-boluarte\/","og_locale":"es_ES","og_type":"article","og_title":"Archivan caso \"Boyka\" que incriminaba a opositores del r\u00e9gimen de Dina Boluarte - Pulso27","og_description":"La Segunda Fiscal\u00eda Supraprovincial contra la Criminalidad Organizada del Per\u00fa archiv\u00f3 el caso por supuesta criminalidad organizada contra Vilma Castillo Rojas, Rosario S\u00e1nchez Perales y Maritza S\u00e1nchez Perales, a quienes la Polic\u00eda Nacional del Per\u00fa les habr\u00eda atribuido la propiedad de maderas de triplay con la inscripci\u00f3n \u201cBoyka\u201d durante la marcha del 31 de enero [&hellip;]","og_url":"https:\/\/pulso27.com\/es\/actualidad\/archivan-caso-boyka-que-incriminaba-a-opositores-del-regimen-de-dina-boluarte\/","og_site_name":"Pulso27","article_publisher":"https:\/\/www.facebook.com\/pulso27\/","article_published_time":"2024-04-13T13:47:29+00:00","article_modified_time":"2024-10-22T21:36:07+00:00","og_image":[{"width":1341,"height":756,"url":"https:\/\/pulso27.com\/wp-content\/uploads\/2024\/04\/Voykaa.png","type":"image\/png"}],"author":"Tupaq","twitter_card":"summary_large_image","twitter_creator":"@Pulso_27","twitter_site":"@Pulso_27","twitter_misc":{"Written by":"Tupaq","Est. reading time":"2 minutos"},"schema":{"@context":"https:\/\/schema.org","@graph":[{"@type":"Article","@id":"https:\/\/pulso27.com\/actualidad\/archivan-caso-boyka-que-incriminaba-a-opositores-del-regimen-de-dina-boluarte\/#article","isPartOf":{"@id":"https:\/\/pulso27.com\/actualidad\/archivan-caso-boyka-que-incriminaba-a-opositores-del-regimen-de-dina-boluarte\/"},"author":{"name":"Tupaq","@id":"https:\/\/pulso27.com\/en\/#\/schema\/person\/d20fd7f5bc7f2e53fd150d43fca07a78"},"headline":"Archivan caso \u00abBoyka\u00bb que incriminaba a opositores del r\u00e9gimen de Dina Boluarte","datePublished":"2024-04-13T13:47:29+00:00","dateModified":"2024-10-22T21:36:07+00:00","mainEntityOfPage":{"@id":"https:\/\/pulso27.com\/actualidad\/archivan-caso-boyka-que-incriminaba-a-opositores-del-regimen-de-dina-boluarte\/"},"wordCount":330,"commentCount":0,"publisher":{"@id":"https:\/\/pulso27.com\/en\/#organization"},"image":{"@id":"https:\/\/pulso27.com\/actualidad\/archivan-caso-boyka-que-incriminaba-a-opositores-del-regimen-de-dina-boluarte\/#primaryimage"},"thumbnailUrl":"https:\/\/pulso27.com\/wp-content\/uploads\/2024\/04\/Voykaa.png","keywords":["Boyka","Judicial","PNP","Politica"],"articleSection":["Actualidad","Tendencia"],"inLanguage":"es-PE","potentialAction":[{"@type":"CommentAction","name":"Comment","target":["https:\/\/pulso27.com\/actualidad\/archivan-caso-boyka-que-incriminaba-a-opositores-del-regimen-de-dina-boluarte\/#respond"]}]},{"@type":"WebPage","@id":"https:\/\/pulso27.com\/actualidad\/archivan-caso-boyka-que-incriminaba-a-opositores-del-regimen-de-dina-boluarte\/","url":"https:\/\/pulso27.com\/actualidad\/archivan-caso-boyka-que-incriminaba-a-opositores-del-regimen-de-dina-boluarte\/","name":"Archivan caso \"Boyka\" que incriminaba a opositores del r\u00e9gimen de Dina Boluarte - Pulso27","isPartOf":{"@id":"https:\/\/pulso27.com\/en\/#website"},"primaryImageOfPage":{"@id":"https:\/\/pulso27.com\/actualidad\/archivan-caso-boyka-que-incriminaba-a-opositores-del-regimen-de-dina-boluarte\/#primaryimage"},"image":{"@id":"https:\/\/pulso27.com\/actualidad\/archivan-caso-boyka-que-incriminaba-a-opositores-del-regimen-de-dina-boluarte\/#primaryimage"},"thumbnailUrl":"https:\/\/pulso27.com\/wp-content\/uploads\/2024\/04\/Voykaa.png","datePublished":"2024-04-13T13:47:29+00:00","dateModified":"2024-10-22T21:36:07+00:00","breadcrumb":{"@id":"https:\/\/pulso27.com\/actualidad\/archivan-caso-boyka-que-incriminaba-a-opositores-del-regimen-de-dina-boluarte\/#breadcrumb"},"inLanguage":"es-PE","potentialAction":[{"@type":"ReadAction","target":["https:\/\/pulso27.com\/actualidad\/archivan-caso-boyka-que-incriminaba-a-opositores-del-regimen-de-dina-boluarte\/"]}]},{"@type":"ImageObject","inLanguage":"es-PE","@id":"https:\/\/pulso27.com\/actualidad\/archivan-caso-boyka-que-incriminaba-a-opositores-del-regimen-de-dina-boluarte\/#primaryimage","url":"https:\/\/pulso27.com\/wp-content\/uploads\/2024\/04\/Voykaa.png","contentUrl":"https:\/\/pulso27.com\/wp-content\/uploads\/2024\/04\/Voykaa.png","width":1341,"height":756},{"@type":"BreadcrumbList","@id":"https:\/\/pulso27.com\/actualidad\/archivan-caso-boyka-que-incriminaba-a-opositores-del-regimen-de-dina-boluarte\/#breadcrumb","itemListElement":[{"@type":"ListItem","position":1,"name":"Portada","item":"https:\/\/pulso27.com\/"},{"@type":"ListItem","position":2,"name":"Archivan caso \u00abBoyka\u00bb que incriminaba a opositores del r\u00e9gimen de Dina Boluarte"}]},{"@type":"WebSite","@id":"https:\/\/pulso27.com\/en\/#website","url":"https:\/\/pulso27.com\/en\/","name":"Pulso27","description":"Web de noticias y publicidad","publisher":{"@id":"https:\/\/pulso27.com\/en\/#organization"},"alternateName":"El pulso del pueblo","potentialAction":[{"@type":"SearchAction","target":{"@type":"EntryPoint","urlTemplate":"https:\/\/pulso27.com\/en\/?s={search_term_string}"},"query-input":{"@type":"PropertyValueSpecification","valueRequired":true,"valueName":"search_term_string"}}],"inLanguage":"es-PE"},{"@type":"Organization","@id":"https:\/\/pulso27.com\/en\/#organization","name":"Pulso27","url":"https:\/\/pulso27.com\/en\/","logo":{"@type":"ImageObject","inLanguage":"es-PE","@id":"https:\/\/pulso27.com\/en\/#\/schema\/logo\/image\/","url":"https:\/\/pulso27.com\/wp-content\/uploads\/2026\/02\/Logotipo-de-la-organizacion-696-x-696-px-ok.png","contentUrl":"https:\/\/pulso27.com\/wp-content\/uploads\/2026\/02\/Logotipo-de-la-organizacion-696-x-696-px-ok.png","width":696,"height":696,"caption":"Pulso27"},"image":{"@id":"https:\/\/pulso27.com\/en\/#\/schema\/logo\/image\/"},"sameAs":["https:\/\/www.facebook.com\/pulso27\/","https:\/\/x.com\/Pulso_27","https:\/\/www.youtube.com\/@Pulso27","https:\/\/www.tiktok.com\/@pulso_27"]},{"@type":"Person","@id":"https:\/\/pulso27.com\/en\/#\/schema\/person\/d20fd7f5bc7f2e53fd150d43fca07a78","name":"Tupaq","image":{"@type":"ImageObject","inLanguage":"es-PE","@id":"https:\/\/secure.gravatar.com\/avatar\/7929e9b034aeea560319a601e4f04c59eb5f45a79eafe192adabb67e9604e7e7?s=96&d=mm&r=g","url":"https:\/\/secure.gravatar.com\/avatar\/7929e9b034aeea560319a601e4f04c59eb5f45a79eafe192adabb67e9604e7e7?s=96&d=mm&r=g","contentUrl":"https:\/\/secure.gravatar.com\/avatar\/7929e9b034aeea560319a601e4f04c59eb5f45a79eafe192adabb67e9604e7e7?s=96&d=mm&r=g","caption":"Tupaq"},"url":"https:\/\/pulso27.com\/es\/author\/tupaq\/"}]}},"amp_enabled":true,"_links":{"self":[{"href":"https:\/\/pulso27.com\/es\/wp-json\/wp\/v2\/posts\/1505","targetHints":{"allow":["GET"]}}],"collection":[{"href":"https:\/\/pulso27.com\/es\/wp-json\/wp\/v2\/posts"}],"about":[{"href":"https:\/\/pulso27.com\/es\/wp-json\/wp\/v2\/types\/post"}],"author":[{"embeddable":true,"href":"https:\/\/pulso27.com\/es\/wp-json\/wp\/v2\/users\/7"}],"replies":[{"embeddable":true,"href":"https:\/\/pulso27.com\/es\/wp-json\/wp\/v2\/comments?post=1505"}],"version-history":[{"count":2,"href":"https:\/\/pulso27.com\/es\/wp-json\/wp\/v2\/posts\/1505\/revisions"}],"predecessor-version":[{"id":2343,"href":"https:\/\/pulso27.com\/es\/wp-json\/wp\/v2\/posts\/1505\/revisions\/2343"}],"wp:featuredmedia":[{"embeddable":true,"href":"https:\/\/pulso27.com\/es\/wp-json\/wp\/v2\/media\/1506"}],"wp:attachment":[{"href":"https:\/\/pulso27.com\/es\/wp-json\/wp\/v2\/media?parent=1505"}],"wp:term":[{"taxonomy":"category","embeddable":true,"href":"https:\/\/pulso27.com\/es\/wp-json\/wp\/v2\/categories?post=1505"},{"taxonomy":"post_tag","embeddable":true,"href":"https:\/\/pulso27.com\/es\/wp-json\/wp\/v2\/tags?post=1505"}],"curies":[{"name":"wp","href":"https:\/\/api.w.org\/{rel}","templated":true}]}}