{"id":1546,"date":"2024-04-25T03:57:01","date_gmt":"2024-04-24T22:57:01","guid":{"rendered":"https:\/\/pulso27.com\/?p=1546"},"modified":"2024-04-25T03:57:01","modified_gmt":"2024-04-24T22:57:01","slug":"dina-boluarte-y-wilfredo-oscorima-se-oponen-a-incautacion-de-tres-relojes-rolex","status":"publish","type":"post","link":"https:\/\/pulso27.com\/es\/nacional\/dina-boluarte-y-wilfredo-oscorima-se-oponen-a-incautacion-de-tres-relojes-rolex\/","title":{"rendered":"Dina Boluarte y Wilfredo Oscorima se oponen a incautaci\u00f3n de tres relojes Rolex"},"content":{"rendered":"\n<p>La presidenta Dina Boluarte y el gobernador regional de Ayacucho Wilfredo Oscorima, est\u00e1n en pie de guerra contra la confirmaci\u00f3n de la incautaci\u00f3n de tres relojes Rolex y una pulsera dorada por parte del Poder Judicial. Una resoluci\u00f3n judicial ha convocado a una audiencia para evaluar este asunto, y el documento ha sido obtenido por un medio impreso de Lima. La audiencia est\u00e1 programada para el jueves 2 de mayo ante el Juzgado Supremo de Investigaci\u00f3n Preparatoria.<\/p>\n\n\n\n<p>Estas cuatro joyas son propiedad de Wilfredo Oscorima y, seg\u00fan sus propias declaraciones, fueron prestadas a la presidenta. Los art\u00edculos incluyen tres relojes Rolex (un Datejust acero oystersteel y oro everrose, un Datejust silver diamond y un Day-Date President) y una pulsera Bangle.<\/p>\n\n\n\n<figure class=\"wp-block-image size-full\"><img loading=\"lazy\" decoding=\"async\" width=\"805\" height=\"527\" src=\"https:\/\/pulso27.com\/wp-content\/uploads\/2024\/04\/Rolexs.png\" alt=\"\" class=\"wp-image-1548\" srcset=\"https:\/\/pulso27.com\/wp-content\/uploads\/2024\/04\/Rolexs.png 805w, https:\/\/pulso27.com\/wp-content\/uploads\/2024\/04\/Rolexs-300x196.png 300w, https:\/\/pulso27.com\/wp-content\/uploads\/2024\/04\/Rolexs-768x503.png 768w, https:\/\/pulso27.com\/wp-content\/uploads\/2024\/04\/Rolexs-18x12.png 18w\" sizes=\"auto, (max-width: 805px) 100vw, 805px\" \/><figcaption class=\"wp-element-caption\"><em>El fiscal de la Naci\u00f3n, Juan Carlos Villena<\/em><\/figcaption><\/figure>\n\n\n\n<p>El primer reloj, adquirido en Per\u00fa a trav\u00e9s de la Casa Banchero, est\u00e1 valorado actualmente en US$ 11,800; mientras que los otros dos, comprados en el extranjero a trav\u00e9s de Jomashop en Nueva York, tienen un valor estimado en US$ 24,500 y US$ 20,000, respectivamente. Por su parte, la pulsera &#8216;Bangle brillantes&#8217;, tambi\u00e9n adquirida en la Casa Banchero, tiene un valor que oscila entre los 5 mil y 9 mil d\u00f3lares.<\/p>\n\n\n\n<p>El pasado 10 de abril, el defensor legal de Wilfredo Oscorima, Humberto Abanto, se present\u00f3 ante la Fiscal\u00eda de la Naci\u00f3n para mostrar las joyas. Durante la diligencia, la fiscal\u00eda consult\u00f3 si estaban dispuestos a entregarlas, pero la respuesta fue negativa.<\/p>\n\n\n\n<p>En respuesta, el Ministerio P\u00fablico orden\u00f3 la incautaci\u00f3n de las joyas por presuntos v\u00ednculos con actividades il\u00edcitas bajo investigaci\u00f3n. La defensa de la presidenta manifest\u00f3 su firme oposici\u00f3n, aunque la medida requiere la confirmaci\u00f3n del Poder Judicial.<\/p>\n\n\n\n<p>El fiscal de la Naci\u00f3n, Juan Carlos Villena, present\u00f3 un pedido para confirmar la incautaci\u00f3n ante el Juzgado Supremo de Investigaci\u00f3n Preparatoria de la Corte Suprema. Este mismo juzgado hab\u00eda autorizado previamente el allanamiento a la casa de la presidenta en relaci\u00f3n con este caso. Las joyas fueron lacradas y puestas en custodia en el Banco de la Naci\u00f3n.<\/p>\n\n\n\n<p>El juzgado notific\u00f3 a la defensa de Dina Boluarte y a la de Wilfredo Oscorima sobre la solicitud de confirmaci\u00f3n de la incautaci\u00f3n. Ambas partes tienen la oportunidad de responder por escrito en caso de oponerse a la medida.<\/p>\n\n\n\n<figure class=\"wp-block-image size-full\"><img loading=\"lazy\" decoding=\"async\" width=\"823\" height=\"548\" src=\"https:\/\/pulso27.com\/wp-content\/uploads\/2024\/04\/Rol.png\" alt=\"\" class=\"wp-image-1549\" srcset=\"https:\/\/pulso27.com\/wp-content\/uploads\/2024\/04\/Rol.png 823w, https:\/\/pulso27.com\/wp-content\/uploads\/2024\/04\/Rol-300x200.png 300w, https:\/\/pulso27.com\/wp-content\/uploads\/2024\/04\/Rol-768x511.png 768w, https:\/\/pulso27.com\/wp-content\/uploads\/2024\/04\/Rol-18x12.png 18w\" sizes=\"auto, (max-width: 823px) 100vw, 823px\" \/><figcaption class=\"wp-element-caption\"><em>Dina Boluarte con una de los relojes Rolex<\/em><\/figcaption><\/figure>\n\n\n\n<p>Seg\u00fan lo revelado, la defensa de Dina Boluarte respondi\u00f3 mediante un escrito el 16 de abril, solicitando el rechazo de la confirmaci\u00f3n de la incautaci\u00f3n y pidiendo una audiencia para discutir el tema. La defensa de Wilfredo Oscorima hizo lo propio el 18 de abril, ratificando su oposici\u00f3n.<\/p>\n\n\n\n<p>El abogado Humberto Abanto, quien hab\u00eda adelantado su oposici\u00f3n el d\u00eda de la incautaci\u00f3n, reiter\u00f3 su postura, calificando la atribuci\u00f3n de sustraer los bienes de la acci\u00f3n de la justicia como un insulto.<\/p>\n\n\n\n<p>Ante estas respuestas y la importancia del asunto, el juzgado ha accedido a convocar una audiencia p\u00fablica para evaluar el tema. La sesi\u00f3n se llevar\u00e1 a cabo de forma virtual el pr\u00f3ximo jueves 2 de mayo desde las 10:00 a.m. Se espera que sea transmitida por Justicia TV.<\/p>\n\n\n\n<p>Fuente: Webs y redes de noticias<\/p>\n","protected":false},"excerpt":{"rendered":"<p>La presidenta Dina Boluarte y el gobernador regional de Ayacucho Wilfredo Oscorima, est\u00e1n en pie de guerra contra la confirmaci\u00f3n de la incautaci\u00f3n de tres relojes Rolex y una pulsera dorada por parte del Poder Judicial. Una resoluci\u00f3n judicial ha convocado a una audiencia para evaluar este asunto, y el documento ha sido obtenido por [&hellip;]<\/p>\n","protected":false},"author":7,"featured_media":1547,"comment_status":"open","ping_status":"open","sticky":false,"template":"","format":"standard","meta":{"footnotes":""},"categories":[183,174],"tags":[315,664,665],"class_list":["post-1546","post","type-post","status-publish","format-standard","has-post-thumbnail","hentry","category-actualidad","category-nacional","tag-boluarte","tag-caso-rolex","tag-oscorima"],"yoast_head":"<!-- This site is optimized with the Yoast SEO plugin v27.4 - https:\/\/yoast.com\/product\/yoast-seo-wordpress\/ -->\n<title>Dina Boluarte y Wilfredo Oscorima se oponen a incautaci\u00f3n de tres relojes Rolex - Pulso27<\/title>\n<meta name=\"robots\" content=\"index, follow, max-snippet:-1, max-image-preview:large, max-video-preview:-1\" \/>\n<link rel=\"canonical\" href=\"https:\/\/pulso27.com\/es\/nacional\/dina-boluarte-y-wilfredo-oscorima-se-oponen-a-incautacion-de-tres-relojes-rolex\/\" \/>\n<meta property=\"og:locale\" content=\"es_ES\" \/>\n<meta property=\"og:type\" content=\"article\" \/>\n<meta property=\"og:title\" content=\"Dina Boluarte y Wilfredo Oscorima se oponen a incautaci\u00f3n de tres relojes Rolex - Pulso27\" \/>\n<meta property=\"og:description\" content=\"La presidenta Dina Boluarte y el gobernador regional de Ayacucho Wilfredo Oscorima, est\u00e1n en pie de guerra contra la confirmaci\u00f3n de la incautaci\u00f3n de tres relojes Rolex y una pulsera dorada por parte del Poder Judicial. Una resoluci\u00f3n judicial ha convocado a una audiencia para evaluar este asunto, y el documento ha sido obtenido por [&hellip;]\" \/>\n<meta property=\"og:url\" content=\"https:\/\/pulso27.com\/es\/nacional\/dina-boluarte-y-wilfredo-oscorima-se-oponen-a-incautacion-de-tres-relojes-rolex\/\" \/>\n<meta property=\"og:site_name\" content=\"Pulso27\" \/>\n<meta property=\"article:publisher\" content=\"https:\/\/www.facebook.com\/pulso27\/\" \/>\n<meta property=\"article:published_time\" content=\"2024-04-24T22:57:01+00:00\" \/>\n<meta property=\"og:image\" content=\"https:\/\/pulso27.com\/wp-content\/uploads\/2024\/04\/Roleee-1024x640.png\" \/>\n\t<meta property=\"og:image:width\" content=\"1024\" \/>\n\t<meta property=\"og:image:height\" content=\"640\" \/>\n\t<meta property=\"og:image:type\" content=\"image\/png\" \/>\n<meta name=\"author\" content=\"Tupaq\" \/>\n<meta name=\"twitter:card\" content=\"summary_large_image\" \/>\n<meta name=\"twitter:creator\" content=\"@Pulso_27\" \/>\n<meta name=\"twitter:site\" content=\"@Pulso_27\" \/>\n<meta name=\"twitter:label1\" content=\"Written by\" \/>\n\t<meta name=\"twitter:data1\" content=\"Tupaq\" \/>\n\t<meta name=\"twitter:label2\" content=\"Est. reading time\" \/>\n\t<meta name=\"twitter:data2\" content=\"3 minutos\" \/>\n<script type=\"application\/ld+json\" class=\"yoast-schema-graph\">{\"@context\":\"https:\\\/\\\/schema.org\",\"@graph\":[{\"@type\":\"Article\",\"@id\":\"https:\\\/\\\/pulso27.com\\\/nacional\\\/dina-boluarte-y-wilfredo-oscorima-se-oponen-a-incautacion-de-tres-relojes-rolex\\\/#article\",\"isPartOf\":{\"@id\":\"https:\\\/\\\/pulso27.com\\\/nacional\\\/dina-boluarte-y-wilfredo-oscorima-se-oponen-a-incautacion-de-tres-relojes-rolex\\\/\"},\"author\":{\"name\":\"Tupaq\",\"@id\":\"https:\\\/\\\/pulso27.com\\\/en\\\/#\\\/schema\\\/person\\\/d20fd7f5bc7f2e53fd150d43fca07a78\"},\"headline\":\"Dina Boluarte y Wilfredo Oscorima se oponen a incautaci\u00f3n de tres relojes Rolex\",\"datePublished\":\"2024-04-24T22:57:01+00:00\",\"mainEntityOfPage\":{\"@id\":\"https:\\\/\\\/pulso27.com\\\/nacional\\\/dina-boluarte-y-wilfredo-oscorima-se-oponen-a-incautacion-de-tres-relojes-rolex\\\/\"},\"wordCount\":565,\"commentCount\":0,\"publisher\":{\"@id\":\"https:\\\/\\\/pulso27.com\\\/en\\\/#organization\"},\"image\":{\"@id\":\"https:\\\/\\\/pulso27.com\\\/nacional\\\/dina-boluarte-y-wilfredo-oscorima-se-oponen-a-incautacion-de-tres-relojes-rolex\\\/#primaryimage\"},\"thumbnailUrl\":\"https:\\\/\\\/pulso27.com\\\/wp-content\\\/uploads\\\/2024\\\/04\\\/Roleee.png\",\"keywords\":[\"Boluarte\",\"Caso Rolex\",\"Oscorima\"],\"articleSection\":[\"Actualidad\",\"Nacional\"],\"inLanguage\":\"es-PE\",\"potentialAction\":[{\"@type\":\"CommentAction\",\"name\":\"Comment\",\"target\":[\"https:\\\/\\\/pulso27.com\\\/nacional\\\/dina-boluarte-y-wilfredo-oscorima-se-oponen-a-incautacion-de-tres-relojes-rolex\\\/#respond\"]}]},{\"@type\":\"WebPage\",\"@id\":\"https:\\\/\\\/pulso27.com\\\/nacional\\\/dina-boluarte-y-wilfredo-oscorima-se-oponen-a-incautacion-de-tres-relojes-rolex\\\/\",\"url\":\"https:\\\/\\\/pulso27.com\\\/nacional\\\/dina-boluarte-y-wilfredo-oscorima-se-oponen-a-incautacion-de-tres-relojes-rolex\\\/\",\"name\":\"Dina Boluarte y Wilfredo Oscorima se oponen a incautaci\u00f3n de tres relojes Rolex - Pulso27\",\"isPartOf\":{\"@id\":\"https:\\\/\\\/pulso27.com\\\/en\\\/#website\"},\"primaryImageOfPage\":{\"@id\":\"https:\\\/\\\/pulso27.com\\\/nacional\\\/dina-boluarte-y-wilfredo-oscorima-se-oponen-a-incautacion-de-tres-relojes-rolex\\\/#primaryimage\"},\"image\":{\"@id\":\"https:\\\/\\\/pulso27.com\\\/nacional\\\/dina-boluarte-y-wilfredo-oscorima-se-oponen-a-incautacion-de-tres-relojes-rolex\\\/#primaryimage\"},\"thumbnailUrl\":\"https:\\\/\\\/pulso27.com\\\/wp-content\\\/uploads\\\/2024\\\/04\\\/Roleee.png\",\"datePublished\":\"2024-04-24T22:57:01+00:00\",\"breadcrumb\":{\"@id\":\"https:\\\/\\\/pulso27.com\\\/nacional\\\/dina-boluarte-y-wilfredo-oscorima-se-oponen-a-incautacion-de-tres-relojes-rolex\\\/#breadcrumb\"},\"inLanguage\":\"es-PE\",\"potentialAction\":[{\"@type\":\"ReadAction\",\"target\":[\"https:\\\/\\\/pulso27.com\\\/nacional\\\/dina-boluarte-y-wilfredo-oscorima-se-oponen-a-incautacion-de-tres-relojes-rolex\\\/\"]}]},{\"@type\":\"ImageObject\",\"inLanguage\":\"es-PE\",\"@id\":\"https:\\\/\\\/pulso27.com\\\/nacional\\\/dina-boluarte-y-wilfredo-oscorima-se-oponen-a-incautacion-de-tres-relojes-rolex\\\/#primaryimage\",\"url\":\"https:\\\/\\\/pulso27.com\\\/wp-content\\\/uploads\\\/2024\\\/04\\\/Roleee.png\",\"contentUrl\":\"https:\\\/\\\/pulso27.com\\\/wp-content\\\/uploads\\\/2024\\\/04\\\/Roleee.png\",\"width\":1299,\"height\":812},{\"@type\":\"BreadcrumbList\",\"@id\":\"https:\\\/\\\/pulso27.com\\\/nacional\\\/dina-boluarte-y-wilfredo-oscorima-se-oponen-a-incautacion-de-tres-relojes-rolex\\\/#breadcrumb\",\"itemListElement\":[{\"@type\":\"ListItem\",\"position\":1,\"name\":\"Portada\",\"item\":\"https:\\\/\\\/pulso27.com\\\/\"},{\"@type\":\"ListItem\",\"position\":2,\"name\":\"Dina Boluarte y Wilfredo Oscorima se oponen a incautaci\u00f3n de tres relojes Rolex\"}]},{\"@type\":\"WebSite\",\"@id\":\"https:\\\/\\\/pulso27.com\\\/en\\\/#website\",\"url\":\"https:\\\/\\\/pulso27.com\\\/en\\\/\",\"name\":\"Pulso27\",\"description\":\"Web de noticias y publicidad\",\"publisher\":{\"@id\":\"https:\\\/\\\/pulso27.com\\\/en\\\/#organization\"},\"alternateName\":\"El pulso del pueblo\",\"potentialAction\":[{\"@type\":\"SearchAction\",\"target\":{\"@type\":\"EntryPoint\",\"urlTemplate\":\"https:\\\/\\\/pulso27.com\\\/en\\\/?s={search_term_string}\"},\"query-input\":{\"@type\":\"PropertyValueSpecification\",\"valueRequired\":true,\"valueName\":\"search_term_string\"}}],\"inLanguage\":\"es-PE\"},{\"@type\":\"Organization\",\"@id\":\"https:\\\/\\\/pulso27.com\\\/en\\\/#organization\",\"name\":\"Pulso27\",\"url\":\"https:\\\/\\\/pulso27.com\\\/en\\\/\",\"logo\":{\"@type\":\"ImageObject\",\"inLanguage\":\"es-PE\",\"@id\":\"https:\\\/\\\/pulso27.com\\\/en\\\/#\\\/schema\\\/logo\\\/image\\\/\",\"url\":\"https:\\\/\\\/pulso27.com\\\/wp-content\\\/uploads\\\/2026\\\/02\\\/Logotipo-de-la-organizacion-696-x-696-px-ok.png\",\"contentUrl\":\"https:\\\/\\\/pulso27.com\\\/wp-content\\\/uploads\\\/2026\\\/02\\\/Logotipo-de-la-organizacion-696-x-696-px-ok.png\",\"width\":696,\"height\":696,\"caption\":\"Pulso27\"},\"image\":{\"@id\":\"https:\\\/\\\/pulso27.com\\\/en\\\/#\\\/schema\\\/logo\\\/image\\\/\"},\"sameAs\":[\"https:\\\/\\\/www.facebook.com\\\/pulso27\\\/\",\"https:\\\/\\\/x.com\\\/Pulso_27\",\"https:\\\/\\\/www.youtube.com\\\/@Pulso27\",\"https:\\\/\\\/www.tiktok.com\\\/@pulso_27\"]},{\"@type\":\"Person\",\"@id\":\"https:\\\/\\\/pulso27.com\\\/en\\\/#\\\/schema\\\/person\\\/d20fd7f5bc7f2e53fd150d43fca07a78\",\"name\":\"Tupaq\",\"image\":{\"@type\":\"ImageObject\",\"inLanguage\":\"es-PE\",\"@id\":\"https:\\\/\\\/secure.gravatar.com\\\/avatar\\\/7929e9b034aeea560319a601e4f04c59eb5f45a79eafe192adabb67e9604e7e7?s=96&d=mm&r=g\",\"url\":\"https:\\\/\\\/secure.gravatar.com\\\/avatar\\\/7929e9b034aeea560319a601e4f04c59eb5f45a79eafe192adabb67e9604e7e7?s=96&d=mm&r=g\",\"contentUrl\":\"https:\\\/\\\/secure.gravatar.com\\\/avatar\\\/7929e9b034aeea560319a601e4f04c59eb5f45a79eafe192adabb67e9604e7e7?s=96&d=mm&r=g\",\"caption\":\"Tupaq\"},\"url\":\"https:\\\/\\\/pulso27.com\\\/es\\\/author\\\/tupaq\\\/\"}]}<\/script>\n<!-- \/ Yoast SEO plugin. -->","yoast_head_json":{"title":"Dina Boluarte y Wilfredo Oscorima se oponen a incautaci\u00f3n de tres relojes Rolex - Pulso27","robots":{"index":"index","follow":"follow","max-snippet":"max-snippet:-1","max-image-preview":"max-image-preview:large","max-video-preview":"max-video-preview:-1"},"canonical":"https:\/\/pulso27.com\/es\/nacional\/dina-boluarte-y-wilfredo-oscorima-se-oponen-a-incautacion-de-tres-relojes-rolex\/","og_locale":"es_ES","og_type":"article","og_title":"Dina Boluarte y Wilfredo Oscorima se oponen a incautaci\u00f3n de tres relojes Rolex - Pulso27","og_description":"La presidenta Dina Boluarte y el gobernador regional de Ayacucho Wilfredo Oscorima, est\u00e1n en pie de guerra contra la confirmaci\u00f3n de la incautaci\u00f3n de tres relojes Rolex y una pulsera dorada por parte del Poder Judicial. Una resoluci\u00f3n judicial ha convocado a una audiencia para evaluar este asunto, y el documento ha sido obtenido por [&hellip;]","og_url":"https:\/\/pulso27.com\/es\/nacional\/dina-boluarte-y-wilfredo-oscorima-se-oponen-a-incautacion-de-tres-relojes-rolex\/","og_site_name":"Pulso27","article_publisher":"https:\/\/www.facebook.com\/pulso27\/","article_published_time":"2024-04-24T22:57:01+00:00","og_image":[{"width":1024,"height":640,"url":"https:\/\/pulso27.com\/wp-content\/uploads\/2024\/04\/Roleee-1024x640.png","type":"image\/png"}],"author":"Tupaq","twitter_card":"summary_large_image","twitter_creator":"@Pulso_27","twitter_site":"@Pulso_27","twitter_misc":{"Written by":"Tupaq","Est. reading time":"3 minutos"},"schema":{"@context":"https:\/\/schema.org","@graph":[{"@type":"Article","@id":"https:\/\/pulso27.com\/nacional\/dina-boluarte-y-wilfredo-oscorima-se-oponen-a-incautacion-de-tres-relojes-rolex\/#article","isPartOf":{"@id":"https:\/\/pulso27.com\/nacional\/dina-boluarte-y-wilfredo-oscorima-se-oponen-a-incautacion-de-tres-relojes-rolex\/"},"author":{"name":"Tupaq","@id":"https:\/\/pulso27.com\/en\/#\/schema\/person\/d20fd7f5bc7f2e53fd150d43fca07a78"},"headline":"Dina Boluarte y Wilfredo Oscorima se oponen a incautaci\u00f3n de tres relojes Rolex","datePublished":"2024-04-24T22:57:01+00:00","mainEntityOfPage":{"@id":"https:\/\/pulso27.com\/nacional\/dina-boluarte-y-wilfredo-oscorima-se-oponen-a-incautacion-de-tres-relojes-rolex\/"},"wordCount":565,"commentCount":0,"publisher":{"@id":"https:\/\/pulso27.com\/en\/#organization"},"image":{"@id":"https:\/\/pulso27.com\/nacional\/dina-boluarte-y-wilfredo-oscorima-se-oponen-a-incautacion-de-tres-relojes-rolex\/#primaryimage"},"thumbnailUrl":"https:\/\/pulso27.com\/wp-content\/uploads\/2024\/04\/Roleee.png","keywords":["Boluarte","Caso Rolex","Oscorima"],"articleSection":["Actualidad","Nacional"],"inLanguage":"es-PE","potentialAction":[{"@type":"CommentAction","name":"Comment","target":["https:\/\/pulso27.com\/nacional\/dina-boluarte-y-wilfredo-oscorima-se-oponen-a-incautacion-de-tres-relojes-rolex\/#respond"]}]},{"@type":"WebPage","@id":"https:\/\/pulso27.com\/nacional\/dina-boluarte-y-wilfredo-oscorima-se-oponen-a-incautacion-de-tres-relojes-rolex\/","url":"https:\/\/pulso27.com\/nacional\/dina-boluarte-y-wilfredo-oscorima-se-oponen-a-incautacion-de-tres-relojes-rolex\/","name":"Dina Boluarte y Wilfredo Oscorima se oponen a incautaci\u00f3n de tres relojes Rolex - Pulso27","isPartOf":{"@id":"https:\/\/pulso27.com\/en\/#website"},"primaryImageOfPage":{"@id":"https:\/\/pulso27.com\/nacional\/dina-boluarte-y-wilfredo-oscorima-se-oponen-a-incautacion-de-tres-relojes-rolex\/#primaryimage"},"image":{"@id":"https:\/\/pulso27.com\/nacional\/dina-boluarte-y-wilfredo-oscorima-se-oponen-a-incautacion-de-tres-relojes-rolex\/#primaryimage"},"thumbnailUrl":"https:\/\/pulso27.com\/wp-content\/uploads\/2024\/04\/Roleee.png","datePublished":"2024-04-24T22:57:01+00:00","breadcrumb":{"@id":"https:\/\/pulso27.com\/nacional\/dina-boluarte-y-wilfredo-oscorima-se-oponen-a-incautacion-de-tres-relojes-rolex\/#breadcrumb"},"inLanguage":"es-PE","potentialAction":[{"@type":"ReadAction","target":["https:\/\/pulso27.com\/nacional\/dina-boluarte-y-wilfredo-oscorima-se-oponen-a-incautacion-de-tres-relojes-rolex\/"]}]},{"@type":"ImageObject","inLanguage":"es-PE","@id":"https:\/\/pulso27.com\/nacional\/dina-boluarte-y-wilfredo-oscorima-se-oponen-a-incautacion-de-tres-relojes-rolex\/#primaryimage","url":"https:\/\/pulso27.com\/wp-content\/uploads\/2024\/04\/Roleee.png","contentUrl":"https:\/\/pulso27.com\/wp-content\/uploads\/2024\/04\/Roleee.png","width":1299,"height":812},{"@type":"BreadcrumbList","@id":"https:\/\/pulso27.com\/nacional\/dina-boluarte-y-wilfredo-oscorima-se-oponen-a-incautacion-de-tres-relojes-rolex\/#breadcrumb","itemListElement":[{"@type":"ListItem","position":1,"name":"Portada","item":"https:\/\/pulso27.com\/"},{"@type":"ListItem","position":2,"name":"Dina Boluarte y Wilfredo Oscorima se oponen a incautaci\u00f3n de tres relojes Rolex"}]},{"@type":"WebSite","@id":"https:\/\/pulso27.com\/en\/#website","url":"https:\/\/pulso27.com\/en\/","name":"Pulso27","description":"Web de noticias y publicidad","publisher":{"@id":"https:\/\/pulso27.com\/en\/#organization"},"alternateName":"El pulso del pueblo","potentialAction":[{"@type":"SearchAction","target":{"@type":"EntryPoint","urlTemplate":"https:\/\/pulso27.com\/en\/?s={search_term_string}"},"query-input":{"@type":"PropertyValueSpecification","valueRequired":true,"valueName":"search_term_string"}}],"inLanguage":"es-PE"},{"@type":"Organization","@id":"https:\/\/pulso27.com\/en\/#organization","name":"Pulso27","url":"https:\/\/pulso27.com\/en\/","logo":{"@type":"ImageObject","inLanguage":"es-PE","@id":"https:\/\/pulso27.com\/en\/#\/schema\/logo\/image\/","url":"https:\/\/pulso27.com\/wp-content\/uploads\/2026\/02\/Logotipo-de-la-organizacion-696-x-696-px-ok.png","contentUrl":"https:\/\/pulso27.com\/wp-content\/uploads\/2026\/02\/Logotipo-de-la-organizacion-696-x-696-px-ok.png","width":696,"height":696,"caption":"Pulso27"},"image":{"@id":"https:\/\/pulso27.com\/en\/#\/schema\/logo\/image\/"},"sameAs":["https:\/\/www.facebook.com\/pulso27\/","https:\/\/x.com\/Pulso_27","https:\/\/www.youtube.com\/@Pulso27","https:\/\/www.tiktok.com\/@pulso_27"]},{"@type":"Person","@id":"https:\/\/pulso27.com\/en\/#\/schema\/person\/d20fd7f5bc7f2e53fd150d43fca07a78","name":"Tupaq","image":{"@type":"ImageObject","inLanguage":"es-PE","@id":"https:\/\/secure.gravatar.com\/avatar\/7929e9b034aeea560319a601e4f04c59eb5f45a79eafe192adabb67e9604e7e7?s=96&d=mm&r=g","url":"https:\/\/secure.gravatar.com\/avatar\/7929e9b034aeea560319a601e4f04c59eb5f45a79eafe192adabb67e9604e7e7?s=96&d=mm&r=g","contentUrl":"https:\/\/secure.gravatar.com\/avatar\/7929e9b034aeea560319a601e4f04c59eb5f45a79eafe192adabb67e9604e7e7?s=96&d=mm&r=g","caption":"Tupaq"},"url":"https:\/\/pulso27.com\/es\/author\/tupaq\/"}]}},"amp_enabled":true,"_links":{"self":[{"href":"https:\/\/pulso27.com\/es\/wp-json\/wp\/v2\/posts\/1546","targetHints":{"allow":["GET"]}}],"collection":[{"href":"https:\/\/pulso27.com\/es\/wp-json\/wp\/v2\/posts"}],"about":[{"href":"https:\/\/pulso27.com\/es\/wp-json\/wp\/v2\/types\/post"}],"author":[{"embeddable":true,"href":"https:\/\/pulso27.com\/es\/wp-json\/wp\/v2\/users\/7"}],"replies":[{"embeddable":true,"href":"https:\/\/pulso27.com\/es\/wp-json\/wp\/v2\/comments?post=1546"}],"version-history":[{"count":1,"href":"https:\/\/pulso27.com\/es\/wp-json\/wp\/v2\/posts\/1546\/revisions"}],"predecessor-version":[{"id":1550,"href":"https:\/\/pulso27.com\/es\/wp-json\/wp\/v2\/posts\/1546\/revisions\/1550"}],"wp:featuredmedia":[{"embeddable":true,"href":"https:\/\/pulso27.com\/es\/wp-json\/wp\/v2\/media\/1547"}],"wp:attachment":[{"href":"https:\/\/pulso27.com\/es\/wp-json\/wp\/v2\/media?parent=1546"}],"wp:term":[{"taxonomy":"category","embeddable":true,"href":"https:\/\/pulso27.com\/es\/wp-json\/wp\/v2\/categories?post=1546"},{"taxonomy":"post_tag","embeddable":true,"href":"https:\/\/pulso27.com\/es\/wp-json\/wp\/v2\/tags?post=1546"}],"curies":[{"name":"wp","href":"https:\/\/api.w.org\/{rel}","templated":true}]}}