{"id":1557,"date":"2024-04-28T11:48:04","date_gmt":"2024-04-28T06:48:04","guid":{"rendered":"https:\/\/pulso27.com\/?p=1557"},"modified":"2024-04-28T11:57:37","modified_gmt":"2024-04-28T06:57:37","slug":"proyecto-de-ley-para-proteger-fuentes-de-agua-contra-la-contaminacion-minera","status":"publish","type":"post","link":"https:\/\/pulso27.com\/es\/nacional\/proyecto-de-ley-para-proteger-fuentes-de-agua-contra-la-contaminacion-minera\/","title":{"rendered":"Proyecto de Ley para Proteger Fuentes de Agua contra la Contaminaci\u00f3n Minera"},"content":{"rendered":"\n<p>La congresista Margot Palacios Huam\u00e1n, representante del partido Per\u00fa Libre, ha presentado el Proyecto de Ley 7680, una propuesta destinada a modificar el art\u00edculo 27 de la Ley de Promoci\u00f3n de las Inversiones.<\/p>\n\n\n\n<p>Esta iniciativa tiene como objetivo principal salvaguardar los bienes de dominio p\u00fablico hidr\u00e1ulico estrat\u00e9gicos de la contaminaci\u00f3n derivada de proyectos de inversi\u00f3n, especialmente aquellos relacionados con la miner\u00eda depredadora. Responde a la necesidad de ejercer una verdadera soberan\u00eda sobre nuestros recursos estrat\u00e9gicos y preservarlos para las generaciones futuras.<\/p>\n\n\n\n<figure class=\"wp-block-image size-large\"><img loading=\"lazy\" decoding=\"async\" width=\"1024\" height=\"632\" src=\"https:\/\/pulso27.com\/wp-content\/uploads\/2024\/04\/Agua-1024x632.jpg\" alt=\"\" class=\"wp-image-1559\" srcset=\"https:\/\/pulso27.com\/wp-content\/uploads\/2024\/04\/Agua-1024x632.jpg 1024w, https:\/\/pulso27.com\/wp-content\/uploads\/2024\/04\/Agua-300x185.jpg 300w, https:\/\/pulso27.com\/wp-content\/uploads\/2024\/04\/Agua-768x474.jpg 768w, https:\/\/pulso27.com\/wp-content\/uploads\/2024\/04\/Agua-1536x948.jpg 1536w, https:\/\/pulso27.com\/wp-content\/uploads\/2024\/04\/Agua-2048x1264.jpg 2048w, https:\/\/pulso27.com\/wp-content\/uploads\/2024\/04\/Agua-18x12.jpg 18w\" sizes=\"auto, (max-width: 1024px) 100vw, 1024px\" \/><figcaption class=\"wp-element-caption\"><em>Congresista Margot Palacios autora de la iniciativa legislativa<\/em><\/figcaption><\/figure>\n\n\n\n<p>En un contexto marcado por la creciente preocupaci\u00f3n por los impactos ambientales generados por actividades extractivas, el proyecto busca abordar la contradicci\u00f3n existente en la normativa actual. Actualmente, la Autoridad Nacional del Agua (ANA) puede determinar que no hay afectaci\u00f3n a los bienes estrat\u00e9gicos de agua, incluso cuando los terrenos solicitados para proyectos de inversi\u00f3n se superponen con estas fuentes h\u00eddricas.<\/p>\n\n\n\n<p>Por lo que Palacios ha enfatizado la necesidad de eliminar la discrecionalidad en estos casos, ya que la superposici\u00f3n entre los bienes h\u00eddricos estrat\u00e9gicos y los terrenos requeridos para inversiones expone inevitablemente a la destrucci\u00f3n y contaminaci\u00f3n de los mismos.<\/p>\n\n\n\n<p>El proyecto propone exceptuar de la promoci\u00f3n de inversiones a los bienes de dominio p\u00fablico hidr\u00e1ulico considerados estrat\u00e9gicos por la ANA, con el objetivo de brindarles una protecci\u00f3n integral en consonancia con la Ley de Recursos H\u00eddricos.<\/p>\n\n\n\n<p>Esta iniciativa legislativa representa un paso fundamental para equilibrar el desarrollo econ\u00f3mico con la preservaci\u00f3n del ambiente y los recursos h\u00eddricos, que son vitales tanto para la poblaci\u00f3n como para los ecosistemas.<\/p>\n\n\n\n<p>Se espera un amplio respaldo de parte de los dem\u00e1s parlamentarios en el Congreso de la Rep\u00fablica del Per\u00fa, especialmente de sus colegas que provienen de los departamentos afectados por la actividad minera irresponsable como Cajamarca, Puno, Arequipa, Cusco, Apur\u00edmac, Huancavelica, Loreto, Moquegua y otros; considerando que la iniciativa beneficiar\u00e1 la salud p\u00fablica y la sostenibilidad ambiental.<\/p>\n\n\n\n<p>En palabras de la congresista Palacios, <em>\u00abProteger las fuentes de agua no es un capricho ambientalista, es una obligaci\u00f3n \u00e9tica e imperativo de supervivencia\u00bb<\/em>. Esta ley busca asegurar que ning\u00fan proyecto econ\u00f3mico, por lucrativo que parezca, justifique poner en riesgo los recursos h\u00eddricos, que son la vida misma.<\/p>\n\n\n\n<p>Se podr\u00eda decir, que ahora la pelota est\u00e1 ahora en la cancha del Congreso de la Rep\u00fablica que tiene la oportunidad de demostrar que se prioriza el inter\u00e9s del Per\u00fa sobre los intereses for\u00e1neos depredadores.<\/p>\n","protected":false},"excerpt":{"rendered":"<p>La congresista Margot Palacios Huam\u00e1n, representante del partido Per\u00fa Libre, ha presentado el Proyecto de Ley 7680, una propuesta destinada a modificar el art\u00edculo 27 de la Ley de Promoci\u00f3n de las Inversiones. Esta iniciativa tiene como objetivo principal salvaguardar los bienes de dominio p\u00fablico hidr\u00e1ulico estrat\u00e9gicos de la contaminaci\u00f3n derivada de proyectos de inversi\u00f3n, [&hellip;]<\/p>\n","protected":false},"author":7,"featured_media":1558,"comment_status":"open","ping_status":"open","sticky":false,"template":"","format":"standard","meta":{"footnotes":""},"categories":[183,174],"tags":[668,578],"class_list":["post-1557","post","type-post","status-publish","format-standard","has-post-thumbnail","hentry","category-actualidad","category-nacional","tag-mina-no","tag-mineria"],"yoast_head":"<!-- This site is optimized with the Yoast SEO plugin v27.4 - https:\/\/yoast.com\/product\/yoast-seo-wordpress\/ -->\n<title>Proyecto de Ley para Proteger Fuentes de Agua contra la Contaminaci\u00f3n Minera - Pulso27<\/title>\n<meta name=\"robots\" content=\"index, follow, max-snippet:-1, max-image-preview:large, max-video-preview:-1\" \/>\n<link rel=\"canonical\" href=\"https:\/\/pulso27.com\/es\/nacional\/proyecto-de-ley-para-proteger-fuentes-de-agua-contra-la-contaminacion-minera\/\" \/>\n<meta property=\"og:locale\" content=\"es_ES\" \/>\n<meta property=\"og:type\" content=\"article\" \/>\n<meta property=\"og:title\" content=\"Proyecto de Ley para Proteger Fuentes de Agua contra la Contaminaci\u00f3n Minera - Pulso27\" \/>\n<meta property=\"og:description\" content=\"La congresista Margot Palacios Huam\u00e1n, representante del partido Per\u00fa Libre, ha presentado el Proyecto de Ley 7680, una propuesta destinada a modificar el art\u00edculo 27 de la Ley de Promoci\u00f3n de las Inversiones. Esta iniciativa tiene como objetivo principal salvaguardar los bienes de dominio p\u00fablico hidr\u00e1ulico estrat\u00e9gicos de la contaminaci\u00f3n derivada de proyectos de inversi\u00f3n, [&hellip;]\" \/>\n<meta property=\"og:url\" content=\"https:\/\/pulso27.com\/es\/nacional\/proyecto-de-ley-para-proteger-fuentes-de-agua-contra-la-contaminacion-minera\/\" \/>\n<meta property=\"og:site_name\" content=\"Pulso27\" \/>\n<meta property=\"article:publisher\" content=\"https:\/\/www.facebook.com\/pulso27\/\" \/>\n<meta property=\"article:published_time\" content=\"2024-04-28T06:48:04+00:00\" \/>\n<meta property=\"article:modified_time\" content=\"2024-04-28T06:57:37+00:00\" \/>\n<meta property=\"og:image\" content=\"https:\/\/pulso27.com\/wp-content\/uploads\/2024\/04\/Agua-Vilcas.jpg\" \/>\n\t<meta property=\"og:image:width\" content=\"2048\" \/>\n\t<meta property=\"og:image:height\" content=\"1365\" \/>\n\t<meta property=\"og:image:type\" content=\"image\/jpeg\" \/>\n<meta name=\"author\" content=\"Tupaq\" \/>\n<meta name=\"twitter:card\" content=\"summary_large_image\" \/>\n<meta name=\"twitter:creator\" content=\"@Pulso_27\" \/>\n<meta name=\"twitter:site\" content=\"@Pulso_27\" \/>\n<meta name=\"twitter:label1\" content=\"Written by\" \/>\n\t<meta name=\"twitter:data1\" content=\"Tupaq\" \/>\n\t<meta name=\"twitter:label2\" content=\"Est. reading time\" \/>\n\t<meta name=\"twitter:data2\" content=\"2 minutos\" \/>\n<script type=\"application\/ld+json\" class=\"yoast-schema-graph\">{\"@context\":\"https:\\\/\\\/schema.org\",\"@graph\":[{\"@type\":\"Article\",\"@id\":\"https:\\\/\\\/pulso27.com\\\/nacional\\\/proyecto-de-ley-para-proteger-fuentes-de-agua-contra-la-contaminacion-minera\\\/#article\",\"isPartOf\":{\"@id\":\"https:\\\/\\\/pulso27.com\\\/nacional\\\/proyecto-de-ley-para-proteger-fuentes-de-agua-contra-la-contaminacion-minera\\\/\"},\"author\":{\"name\":\"Tupaq\",\"@id\":\"https:\\\/\\\/pulso27.com\\\/en\\\/#\\\/schema\\\/person\\\/d20fd7f5bc7f2e53fd150d43fca07a78\"},\"headline\":\"Proyecto de Ley para Proteger Fuentes de Agua contra la Contaminaci\u00f3n Minera\",\"datePublished\":\"2024-04-28T06:48:04+00:00\",\"dateModified\":\"2024-04-28T06:57:37+00:00\",\"mainEntityOfPage\":{\"@id\":\"https:\\\/\\\/pulso27.com\\\/nacional\\\/proyecto-de-ley-para-proteger-fuentes-de-agua-contra-la-contaminacion-minera\\\/\"},\"wordCount\":454,\"commentCount\":0,\"publisher\":{\"@id\":\"https:\\\/\\\/pulso27.com\\\/en\\\/#organization\"},\"image\":{\"@id\":\"https:\\\/\\\/pulso27.com\\\/nacional\\\/proyecto-de-ley-para-proteger-fuentes-de-agua-contra-la-contaminacion-minera\\\/#primaryimage\"},\"thumbnailUrl\":\"https:\\\/\\\/pulso27.com\\\/wp-content\\\/uploads\\\/2024\\\/04\\\/Agua-Vilcas.jpg\",\"keywords\":[\"Mina no\",\"Miner\u00eda\"],\"articleSection\":[\"Actualidad\",\"Nacional\"],\"inLanguage\":\"es-PE\",\"potentialAction\":[{\"@type\":\"CommentAction\",\"name\":\"Comment\",\"target\":[\"https:\\\/\\\/pulso27.com\\\/nacional\\\/proyecto-de-ley-para-proteger-fuentes-de-agua-contra-la-contaminacion-minera\\\/#respond\"]}]},{\"@type\":\"WebPage\",\"@id\":\"https:\\\/\\\/pulso27.com\\\/nacional\\\/proyecto-de-ley-para-proteger-fuentes-de-agua-contra-la-contaminacion-minera\\\/\",\"url\":\"https:\\\/\\\/pulso27.com\\\/nacional\\\/proyecto-de-ley-para-proteger-fuentes-de-agua-contra-la-contaminacion-minera\\\/\",\"name\":\"Proyecto de Ley para Proteger Fuentes de Agua contra la Contaminaci\u00f3n Minera - Pulso27\",\"isPartOf\":{\"@id\":\"https:\\\/\\\/pulso27.com\\\/en\\\/#website\"},\"primaryImageOfPage\":{\"@id\":\"https:\\\/\\\/pulso27.com\\\/nacional\\\/proyecto-de-ley-para-proteger-fuentes-de-agua-contra-la-contaminacion-minera\\\/#primaryimage\"},\"image\":{\"@id\":\"https:\\\/\\\/pulso27.com\\\/nacional\\\/proyecto-de-ley-para-proteger-fuentes-de-agua-contra-la-contaminacion-minera\\\/#primaryimage\"},\"thumbnailUrl\":\"https:\\\/\\\/pulso27.com\\\/wp-content\\\/uploads\\\/2024\\\/04\\\/Agua-Vilcas.jpg\",\"datePublished\":\"2024-04-28T06:48:04+00:00\",\"dateModified\":\"2024-04-28T06:57:37+00:00\",\"breadcrumb\":{\"@id\":\"https:\\\/\\\/pulso27.com\\\/nacional\\\/proyecto-de-ley-para-proteger-fuentes-de-agua-contra-la-contaminacion-minera\\\/#breadcrumb\"},\"inLanguage\":\"es-PE\",\"potentialAction\":[{\"@type\":\"ReadAction\",\"target\":[\"https:\\\/\\\/pulso27.com\\\/nacional\\\/proyecto-de-ley-para-proteger-fuentes-de-agua-contra-la-contaminacion-minera\\\/\"]}]},{\"@type\":\"ImageObject\",\"inLanguage\":\"es-PE\",\"@id\":\"https:\\\/\\\/pulso27.com\\\/nacional\\\/proyecto-de-ley-para-proteger-fuentes-de-agua-contra-la-contaminacion-minera\\\/#primaryimage\",\"url\":\"https:\\\/\\\/pulso27.com\\\/wp-content\\\/uploads\\\/2024\\\/04\\\/Agua-Vilcas.jpg\",\"contentUrl\":\"https:\\\/\\\/pulso27.com\\\/wp-content\\\/uploads\\\/2024\\\/04\\\/Agua-Vilcas.jpg\",\"width\":2048,\"height\":1365},{\"@type\":\"BreadcrumbList\",\"@id\":\"https:\\\/\\\/pulso27.com\\\/nacional\\\/proyecto-de-ley-para-proteger-fuentes-de-agua-contra-la-contaminacion-minera\\\/#breadcrumb\",\"itemListElement\":[{\"@type\":\"ListItem\",\"position\":1,\"name\":\"Portada\",\"item\":\"https:\\\/\\\/pulso27.com\\\/\"},{\"@type\":\"ListItem\",\"position\":2,\"name\":\"Proyecto de Ley para Proteger Fuentes de Agua contra la Contaminaci\u00f3n Minera\"}]},{\"@type\":\"WebSite\",\"@id\":\"https:\\\/\\\/pulso27.com\\\/en\\\/#website\",\"url\":\"https:\\\/\\\/pulso27.com\\\/en\\\/\",\"name\":\"Pulso27\",\"description\":\"Web de noticias y publicidad\",\"publisher\":{\"@id\":\"https:\\\/\\\/pulso27.com\\\/en\\\/#organization\"},\"alternateName\":\"El pulso del pueblo\",\"potentialAction\":[{\"@type\":\"SearchAction\",\"target\":{\"@type\":\"EntryPoint\",\"urlTemplate\":\"https:\\\/\\\/pulso27.com\\\/en\\\/?s={search_term_string}\"},\"query-input\":{\"@type\":\"PropertyValueSpecification\",\"valueRequired\":true,\"valueName\":\"search_term_string\"}}],\"inLanguage\":\"es-PE\"},{\"@type\":\"Organization\",\"@id\":\"https:\\\/\\\/pulso27.com\\\/en\\\/#organization\",\"name\":\"Pulso27\",\"url\":\"https:\\\/\\\/pulso27.com\\\/en\\\/\",\"logo\":{\"@type\":\"ImageObject\",\"inLanguage\":\"es-PE\",\"@id\":\"https:\\\/\\\/pulso27.com\\\/en\\\/#\\\/schema\\\/logo\\\/image\\\/\",\"url\":\"https:\\\/\\\/pulso27.com\\\/wp-content\\\/uploads\\\/2026\\\/02\\\/Logotipo-de-la-organizacion-696-x-696-px-ok.png\",\"contentUrl\":\"https:\\\/\\\/pulso27.com\\\/wp-content\\\/uploads\\\/2026\\\/02\\\/Logotipo-de-la-organizacion-696-x-696-px-ok.png\",\"width\":696,\"height\":696,\"caption\":\"Pulso27\"},\"image\":{\"@id\":\"https:\\\/\\\/pulso27.com\\\/en\\\/#\\\/schema\\\/logo\\\/image\\\/\"},\"sameAs\":[\"https:\\\/\\\/www.facebook.com\\\/pulso27\\\/\",\"https:\\\/\\\/x.com\\\/Pulso_27\",\"https:\\\/\\\/www.youtube.com\\\/@Pulso27\",\"https:\\\/\\\/www.tiktok.com\\\/@pulso_27\"]},{\"@type\":\"Person\",\"@id\":\"https:\\\/\\\/pulso27.com\\\/en\\\/#\\\/schema\\\/person\\\/d20fd7f5bc7f2e53fd150d43fca07a78\",\"name\":\"Tupaq\",\"image\":{\"@type\":\"ImageObject\",\"inLanguage\":\"es-PE\",\"@id\":\"https:\\\/\\\/secure.gravatar.com\\\/avatar\\\/7929e9b034aeea560319a601e4f04c59eb5f45a79eafe192adabb67e9604e7e7?s=96&d=mm&r=g\",\"url\":\"https:\\\/\\\/secure.gravatar.com\\\/avatar\\\/7929e9b034aeea560319a601e4f04c59eb5f45a79eafe192adabb67e9604e7e7?s=96&d=mm&r=g\",\"contentUrl\":\"https:\\\/\\\/secure.gravatar.com\\\/avatar\\\/7929e9b034aeea560319a601e4f04c59eb5f45a79eafe192adabb67e9604e7e7?s=96&d=mm&r=g\",\"caption\":\"Tupaq\"},\"url\":\"https:\\\/\\\/pulso27.com\\\/es\\\/author\\\/tupaq\\\/\"}]}<\/script>\n<!-- \/ Yoast SEO plugin. -->","yoast_head_json":{"title":"Proyecto de Ley para Proteger Fuentes de Agua contra la Contaminaci\u00f3n Minera - Pulso27","robots":{"index":"index","follow":"follow","max-snippet":"max-snippet:-1","max-image-preview":"max-image-preview:large","max-video-preview":"max-video-preview:-1"},"canonical":"https:\/\/pulso27.com\/es\/nacional\/proyecto-de-ley-para-proteger-fuentes-de-agua-contra-la-contaminacion-minera\/","og_locale":"es_ES","og_type":"article","og_title":"Proyecto de Ley para Proteger Fuentes de Agua contra la Contaminaci\u00f3n Minera - Pulso27","og_description":"La congresista Margot Palacios Huam\u00e1n, representante del partido Per\u00fa Libre, ha presentado el Proyecto de Ley 7680, una propuesta destinada a modificar el art\u00edculo 27 de la Ley de Promoci\u00f3n de las Inversiones. Esta iniciativa tiene como objetivo principal salvaguardar los bienes de dominio p\u00fablico hidr\u00e1ulico estrat\u00e9gicos de la contaminaci\u00f3n derivada de proyectos de inversi\u00f3n, [&hellip;]","og_url":"https:\/\/pulso27.com\/es\/nacional\/proyecto-de-ley-para-proteger-fuentes-de-agua-contra-la-contaminacion-minera\/","og_site_name":"Pulso27","article_publisher":"https:\/\/www.facebook.com\/pulso27\/","article_published_time":"2024-04-28T06:48:04+00:00","article_modified_time":"2024-04-28T06:57:37+00:00","og_image":[{"width":2048,"height":1365,"url":"https:\/\/pulso27.com\/wp-content\/uploads\/2024\/04\/Agua-Vilcas.jpg","type":"image\/jpeg"}],"author":"Tupaq","twitter_card":"summary_large_image","twitter_creator":"@Pulso_27","twitter_site":"@Pulso_27","twitter_misc":{"Written by":"Tupaq","Est. reading time":"2 minutos"},"schema":{"@context":"https:\/\/schema.org","@graph":[{"@type":"Article","@id":"https:\/\/pulso27.com\/nacional\/proyecto-de-ley-para-proteger-fuentes-de-agua-contra-la-contaminacion-minera\/#article","isPartOf":{"@id":"https:\/\/pulso27.com\/nacional\/proyecto-de-ley-para-proteger-fuentes-de-agua-contra-la-contaminacion-minera\/"},"author":{"name":"Tupaq","@id":"https:\/\/pulso27.com\/en\/#\/schema\/person\/d20fd7f5bc7f2e53fd150d43fca07a78"},"headline":"Proyecto de Ley para Proteger Fuentes de Agua contra la Contaminaci\u00f3n Minera","datePublished":"2024-04-28T06:48:04+00:00","dateModified":"2024-04-28T06:57:37+00:00","mainEntityOfPage":{"@id":"https:\/\/pulso27.com\/nacional\/proyecto-de-ley-para-proteger-fuentes-de-agua-contra-la-contaminacion-minera\/"},"wordCount":454,"commentCount":0,"publisher":{"@id":"https:\/\/pulso27.com\/en\/#organization"},"image":{"@id":"https:\/\/pulso27.com\/nacional\/proyecto-de-ley-para-proteger-fuentes-de-agua-contra-la-contaminacion-minera\/#primaryimage"},"thumbnailUrl":"https:\/\/pulso27.com\/wp-content\/uploads\/2024\/04\/Agua-Vilcas.jpg","keywords":["Mina no","Miner\u00eda"],"articleSection":["Actualidad","Nacional"],"inLanguage":"es-PE","potentialAction":[{"@type":"CommentAction","name":"Comment","target":["https:\/\/pulso27.com\/nacional\/proyecto-de-ley-para-proteger-fuentes-de-agua-contra-la-contaminacion-minera\/#respond"]}]},{"@type":"WebPage","@id":"https:\/\/pulso27.com\/nacional\/proyecto-de-ley-para-proteger-fuentes-de-agua-contra-la-contaminacion-minera\/","url":"https:\/\/pulso27.com\/nacional\/proyecto-de-ley-para-proteger-fuentes-de-agua-contra-la-contaminacion-minera\/","name":"Proyecto de Ley para Proteger Fuentes de Agua contra la Contaminaci\u00f3n Minera - Pulso27","isPartOf":{"@id":"https:\/\/pulso27.com\/en\/#website"},"primaryImageOfPage":{"@id":"https:\/\/pulso27.com\/nacional\/proyecto-de-ley-para-proteger-fuentes-de-agua-contra-la-contaminacion-minera\/#primaryimage"},"image":{"@id":"https:\/\/pulso27.com\/nacional\/proyecto-de-ley-para-proteger-fuentes-de-agua-contra-la-contaminacion-minera\/#primaryimage"},"thumbnailUrl":"https:\/\/pulso27.com\/wp-content\/uploads\/2024\/04\/Agua-Vilcas.jpg","datePublished":"2024-04-28T06:48:04+00:00","dateModified":"2024-04-28T06:57:37+00:00","breadcrumb":{"@id":"https:\/\/pulso27.com\/nacional\/proyecto-de-ley-para-proteger-fuentes-de-agua-contra-la-contaminacion-minera\/#breadcrumb"},"inLanguage":"es-PE","potentialAction":[{"@type":"ReadAction","target":["https:\/\/pulso27.com\/nacional\/proyecto-de-ley-para-proteger-fuentes-de-agua-contra-la-contaminacion-minera\/"]}]},{"@type":"ImageObject","inLanguage":"es-PE","@id":"https:\/\/pulso27.com\/nacional\/proyecto-de-ley-para-proteger-fuentes-de-agua-contra-la-contaminacion-minera\/#primaryimage","url":"https:\/\/pulso27.com\/wp-content\/uploads\/2024\/04\/Agua-Vilcas.jpg","contentUrl":"https:\/\/pulso27.com\/wp-content\/uploads\/2024\/04\/Agua-Vilcas.jpg","width":2048,"height":1365},{"@type":"BreadcrumbList","@id":"https:\/\/pulso27.com\/nacional\/proyecto-de-ley-para-proteger-fuentes-de-agua-contra-la-contaminacion-minera\/#breadcrumb","itemListElement":[{"@type":"ListItem","position":1,"name":"Portada","item":"https:\/\/pulso27.com\/"},{"@type":"ListItem","position":2,"name":"Proyecto de Ley para Proteger Fuentes de Agua contra la Contaminaci\u00f3n Minera"}]},{"@type":"WebSite","@id":"https:\/\/pulso27.com\/en\/#website","url":"https:\/\/pulso27.com\/en\/","name":"Pulso27","description":"Web de noticias y publicidad","publisher":{"@id":"https:\/\/pulso27.com\/en\/#organization"},"alternateName":"El pulso del pueblo","potentialAction":[{"@type":"SearchAction","target":{"@type":"EntryPoint","urlTemplate":"https:\/\/pulso27.com\/en\/?s={search_term_string}"},"query-input":{"@type":"PropertyValueSpecification","valueRequired":true,"valueName":"search_term_string"}}],"inLanguage":"es-PE"},{"@type":"Organization","@id":"https:\/\/pulso27.com\/en\/#organization","name":"Pulso27","url":"https:\/\/pulso27.com\/en\/","logo":{"@type":"ImageObject","inLanguage":"es-PE","@id":"https:\/\/pulso27.com\/en\/#\/schema\/logo\/image\/","url":"https:\/\/pulso27.com\/wp-content\/uploads\/2026\/02\/Logotipo-de-la-organizacion-696-x-696-px-ok.png","contentUrl":"https:\/\/pulso27.com\/wp-content\/uploads\/2026\/02\/Logotipo-de-la-organizacion-696-x-696-px-ok.png","width":696,"height":696,"caption":"Pulso27"},"image":{"@id":"https:\/\/pulso27.com\/en\/#\/schema\/logo\/image\/"},"sameAs":["https:\/\/www.facebook.com\/pulso27\/","https:\/\/x.com\/Pulso_27","https:\/\/www.youtube.com\/@Pulso27","https:\/\/www.tiktok.com\/@pulso_27"]},{"@type":"Person","@id":"https:\/\/pulso27.com\/en\/#\/schema\/person\/d20fd7f5bc7f2e53fd150d43fca07a78","name":"Tupaq","image":{"@type":"ImageObject","inLanguage":"es-PE","@id":"https:\/\/secure.gravatar.com\/avatar\/7929e9b034aeea560319a601e4f04c59eb5f45a79eafe192adabb67e9604e7e7?s=96&d=mm&r=g","url":"https:\/\/secure.gravatar.com\/avatar\/7929e9b034aeea560319a601e4f04c59eb5f45a79eafe192adabb67e9604e7e7?s=96&d=mm&r=g","contentUrl":"https:\/\/secure.gravatar.com\/avatar\/7929e9b034aeea560319a601e4f04c59eb5f45a79eafe192adabb67e9604e7e7?s=96&d=mm&r=g","caption":"Tupaq"},"url":"https:\/\/pulso27.com\/es\/author\/tupaq\/"}]}},"amp_enabled":true,"_links":{"self":[{"href":"https:\/\/pulso27.com\/es\/wp-json\/wp\/v2\/posts\/1557","targetHints":{"allow":["GET"]}}],"collection":[{"href":"https:\/\/pulso27.com\/es\/wp-json\/wp\/v2\/posts"}],"about":[{"href":"https:\/\/pulso27.com\/es\/wp-json\/wp\/v2\/types\/post"}],"author":[{"embeddable":true,"href":"https:\/\/pulso27.com\/es\/wp-json\/wp\/v2\/users\/7"}],"replies":[{"embeddable":true,"href":"https:\/\/pulso27.com\/es\/wp-json\/wp\/v2\/comments?post=1557"}],"version-history":[{"count":2,"href":"https:\/\/pulso27.com\/es\/wp-json\/wp\/v2\/posts\/1557\/revisions"}],"predecessor-version":[{"id":1562,"href":"https:\/\/pulso27.com\/es\/wp-json\/wp\/v2\/posts\/1557\/revisions\/1562"}],"wp:featuredmedia":[{"embeddable":true,"href":"https:\/\/pulso27.com\/es\/wp-json\/wp\/v2\/media\/1558"}],"wp:attachment":[{"href":"https:\/\/pulso27.com\/es\/wp-json\/wp\/v2\/media?parent=1557"}],"wp:term":[{"taxonomy":"category","embeddable":true,"href":"https:\/\/pulso27.com\/es\/wp-json\/wp\/v2\/categories?post=1557"},{"taxonomy":"post_tag","embeddable":true,"href":"https:\/\/pulso27.com\/es\/wp-json\/wp\/v2\/tags?post=1557"}],"curies":[{"name":"wp","href":"https:\/\/api.w.org\/{rel}","templated":true}]}}