{"id":1568,"date":"2024-04-28T13:39:07","date_gmt":"2024-04-28T08:39:07","guid":{"rendered":"https:\/\/pulso27.com\/?p=1568"},"modified":"2024-04-28T13:41:21","modified_gmt":"2024-04-28T08:41:21","slug":"fiscal-del-caso-lava-jato-denuncia-ataques-de-grupos-fascistas-en-peru","status":"publish","type":"post","link":"https:\/\/pulso27.com\/es\/actualidad\/policial\/fiscal-del-caso-lava-jato-denuncia-ataques-de-grupos-fascistas-en-peru\/","title":{"rendered":"Fiscal del caso Lava Jato denuncia ataques de grupos fascistas en Per\u00fa"},"content":{"rendered":"\n<p>El fiscal Jos\u00e9 Domingo P\u00e9rez, encargado del caso Lava Jato en Per\u00fa, ha presentado una denuncia penal tras ser v\u00edctima de hostigamiento y amenazas por parte de grupos fascistas, entre ellos \u00abLa Resistencia\u00bb, al salir de su oficina en la sede principal del Ministerio P\u00fablico en el Cercado de Lima.<\/p>\n\n\n\n<p>Los incidentes ocurrieron alrededor de las 13:20 horas, cuando P\u00e9rez abandonaba la sede fiscal en la avenida Abancay, acompa\u00f1ado de su escolta policial. Seg\u00fan consta en la denuncia registrada en la comisar\u00eda de la Polic\u00eda Nacional del Per\u00fa (PNP) San Andr\u00e9s, el fiscal fue confrontado f\u00edsicamente y recibi\u00f3 insultos y amenazas de muerte por parte de grupos como \u00abLos Colectivos Patriotas\u00bb, que incluyen a \u00abLa Resistencia\u00bb, \u00abLos Insurgentes\u00bb, \u00abLos Patriotas\u00bb y \u00abLos Combatientes\u00bb.<\/p>\n\n\n\n<p>Estos ataques se suman a una serie de agresiones sistem\u00e1ticas dirigidas hacia P\u00e9rez en su lugar de trabajo y residencia, relacionadas con su rol en las investigaciones del caso Lava Jato, uno de los mayores esc\u00e1ndalos de corrupci\u00f3n en Am\u00e9rica Latina.<\/p>\n\n\n\n<figure class=\"wp-block-image size-large\"><img loading=\"lazy\" decoding=\"async\" width=\"1024\" height=\"572\" src=\"https:\/\/pulso27.com\/wp-content\/uploads\/2024\/04\/JoseDom-1-1024x572.jpg\" alt=\"Denuncia policial presentada por el fiscal del caso Lava Jato\" class=\"wp-image-1570\" srcset=\"https:\/\/pulso27.com\/wp-content\/uploads\/2024\/04\/JoseDom-1-1024x572.jpg 1024w, https:\/\/pulso27.com\/wp-content\/uploads\/2024\/04\/JoseDom-1-300x168.jpg 300w, https:\/\/pulso27.com\/wp-content\/uploads\/2024\/04\/JoseDom-1-768x429.jpg 768w, https:\/\/pulso27.com\/wp-content\/uploads\/2024\/04\/JoseDom-1-18x10.jpg 18w, https:\/\/pulso27.com\/wp-content\/uploads\/2024\/04\/JoseDom-1.jpg 1275w\" sizes=\"auto, (max-width: 1024px) 100vw, 1024px\" \/><figcaption class=\"wp-element-caption\"><em>Precisos momentos en que el fiscal Jos\u00e9 Domingo fue agredido<\/em><\/figcaption><\/figure>\n\n\n\n<p>La denuncia busca no solo proteger la integridad f\u00edsica del fiscal, sino tambi\u00e9n garantizar el desarrollo normal de las investigaciones judiciales en curso. El Ministerio P\u00fablico ha emitido un comunicado en apoyo a Jos\u00e9 Domingo P\u00e9rez.<\/p>\n\n\n\n<p>Este incidente pone de manifiesto la creciente tensi\u00f3n en algunos sectores de la poblaci\u00f3n frente a la labor judicial y la necesidad de protecci\u00f3n para los operadores de justicia. En el pasado, otros fiscales como Rafael Vela tambi\u00e9n han denunciado ataques y amenazas por parte de grupos de ultraderecha.<\/p>\n\n\n\n<p>Se ha se\u00f1alado que estos grupos cuentan con el apoyo de ciertos medios de comunicaci\u00f3n, como el canal Willax y el diario Expreso, acusados de desinformar sobre la labor del Equipo Especial del caso Lava Jato. El propietario de Willax, Erasmo Wong, est\u00e1 siendo investigado por lavado de activos.<\/p>\n","protected":false},"excerpt":{"rendered":"<p>El fiscal Jos\u00e9 Domingo P\u00e9rez, encargado del caso Lava Jato en Per\u00fa, ha presentado una denuncia penal tras ser v\u00edctima de hostigamiento y amenazas por parte de grupos fascistas, entre ellos \u00abLa Resistencia\u00bb, al salir de su oficina en la sede principal del Ministerio P\u00fablico en el Cercado de Lima. Los incidentes ocurrieron alrededor de [&hellip;]<\/p>\n","protected":false},"author":7,"featured_media":1569,"comment_status":"open","ping_status":"open","sticky":false,"template":"","format":"standard","meta":{"footnotes":""},"categories":[183,178],"tags":[673,674,672],"class_list":["post-1568","post","type-post","status-publish","format-standard","has-post-thumbnail","hentry","category-actualidad","category-policial","tag-fascista","tag-la-resistencia","tag-lava-jato"],"yoast_head":"<!-- This site is optimized with the Yoast SEO plugin v27.4 - https:\/\/yoast.com\/product\/yoast-seo-wordpress\/ -->\n<title>Fiscal del caso Lava Jato denuncia ataques de grupos fascistas en Per\u00fa - Pulso27<\/title>\n<meta name=\"robots\" content=\"index, follow, max-snippet:-1, max-image-preview:large, max-video-preview:-1\" \/>\n<link rel=\"canonical\" href=\"https:\/\/pulso27.com\/es\/policial\/fiscal-del-caso-lava-jato-denuncia-ataques-de-grupos-fascistas-en-peru\/\" \/>\n<meta property=\"og:locale\" content=\"es_ES\" \/>\n<meta property=\"og:type\" content=\"article\" \/>\n<meta property=\"og:title\" content=\"Fiscal del caso Lava Jato denuncia ataques de grupos fascistas en Per\u00fa - Pulso27\" \/>\n<meta property=\"og:description\" content=\"El fiscal Jos\u00e9 Domingo P\u00e9rez, encargado del caso Lava Jato en Per\u00fa, ha presentado una denuncia penal tras ser v\u00edctima de hostigamiento y amenazas por parte de grupos fascistas, entre ellos \u00abLa Resistencia\u00bb, al salir de su oficina en la sede principal del Ministerio P\u00fablico en el Cercado de Lima. Los incidentes ocurrieron alrededor de [&hellip;]\" \/>\n<meta property=\"og:url\" content=\"https:\/\/pulso27.com\/es\/policial\/fiscal-del-caso-lava-jato-denuncia-ataques-de-grupos-fascistas-en-peru\/\" \/>\n<meta property=\"og:site_name\" content=\"Pulso27\" \/>\n<meta property=\"article:publisher\" content=\"https:\/\/www.facebook.com\/pulso27\/\" \/>\n<meta property=\"article:published_time\" content=\"2024-04-28T08:39:07+00:00\" \/>\n<meta property=\"article:modified_time\" content=\"2024-04-28T08:41:21+00:00\" \/>\n<meta property=\"og:image\" content=\"https:\/\/pulso27.com\/wp-content\/uploads\/2024\/04\/JoseDom.jpg\" \/>\n\t<meta property=\"og:image:width\" content=\"1252\" \/>\n\t<meta property=\"og:image:height\" content=\"690\" \/>\n\t<meta property=\"og:image:type\" content=\"image\/jpeg\" \/>\n<meta name=\"author\" content=\"Tupaq\" \/>\n<meta name=\"twitter:card\" content=\"summary_large_image\" \/>\n<meta name=\"twitter:creator\" content=\"@Pulso_27\" \/>\n<meta name=\"twitter:site\" content=\"@Pulso_27\" \/>\n<meta name=\"twitter:label1\" content=\"Written by\" \/>\n\t<meta name=\"twitter:data1\" content=\"Tupaq\" \/>\n\t<meta name=\"twitter:label2\" content=\"Est. reading time\" \/>\n\t<meta name=\"twitter:data2\" content=\"2 minutos\" \/>\n<script type=\"application\/ld+json\" class=\"yoast-schema-graph\">{\"@context\":\"https:\\\/\\\/schema.org\",\"@graph\":[{\"@type\":\"Article\",\"@id\":\"https:\\\/\\\/pulso27.com\\\/policial\\\/fiscal-del-caso-lava-jato-denuncia-ataques-de-grupos-fascistas-en-peru\\\/#article\",\"isPartOf\":{\"@id\":\"https:\\\/\\\/pulso27.com\\\/policial\\\/fiscal-del-caso-lava-jato-denuncia-ataques-de-grupos-fascistas-en-peru\\\/\"},\"author\":{\"name\":\"Tupaq\",\"@id\":\"https:\\\/\\\/pulso27.com\\\/en\\\/#\\\/schema\\\/person\\\/d20fd7f5bc7f2e53fd150d43fca07a78\"},\"headline\":\"Fiscal del caso Lava Jato denuncia ataques de grupos fascistas en Per\u00fa\",\"datePublished\":\"2024-04-28T08:39:07+00:00\",\"dateModified\":\"2024-04-28T08:41:21+00:00\",\"mainEntityOfPage\":{\"@id\":\"https:\\\/\\\/pulso27.com\\\/policial\\\/fiscal-del-caso-lava-jato-denuncia-ataques-de-grupos-fascistas-en-peru\\\/\"},\"wordCount\":344,\"commentCount\":0,\"publisher\":{\"@id\":\"https:\\\/\\\/pulso27.com\\\/en\\\/#organization\"},\"image\":{\"@id\":\"https:\\\/\\\/pulso27.com\\\/policial\\\/fiscal-del-caso-lava-jato-denuncia-ataques-de-grupos-fascistas-en-peru\\\/#primaryimage\"},\"thumbnailUrl\":\"https:\\\/\\\/pulso27.com\\\/wp-content\\\/uploads\\\/2024\\\/04\\\/JoseDom.jpg\",\"keywords\":[\"Fascista\",\"La Resistencia\",\"Lava Jato\"],\"articleSection\":[\"Actualidad\",\"Policial\"],\"inLanguage\":\"es-PE\",\"potentialAction\":[{\"@type\":\"CommentAction\",\"name\":\"Comment\",\"target\":[\"https:\\\/\\\/pulso27.com\\\/policial\\\/fiscal-del-caso-lava-jato-denuncia-ataques-de-grupos-fascistas-en-peru\\\/#respond\"]}]},{\"@type\":\"WebPage\",\"@id\":\"https:\\\/\\\/pulso27.com\\\/policial\\\/fiscal-del-caso-lava-jato-denuncia-ataques-de-grupos-fascistas-en-peru\\\/\",\"url\":\"https:\\\/\\\/pulso27.com\\\/policial\\\/fiscal-del-caso-lava-jato-denuncia-ataques-de-grupos-fascistas-en-peru\\\/\",\"name\":\"Fiscal del caso Lava Jato denuncia ataques de grupos fascistas en Per\u00fa - Pulso27\",\"isPartOf\":{\"@id\":\"https:\\\/\\\/pulso27.com\\\/en\\\/#website\"},\"primaryImageOfPage\":{\"@id\":\"https:\\\/\\\/pulso27.com\\\/policial\\\/fiscal-del-caso-lava-jato-denuncia-ataques-de-grupos-fascistas-en-peru\\\/#primaryimage\"},\"image\":{\"@id\":\"https:\\\/\\\/pulso27.com\\\/policial\\\/fiscal-del-caso-lava-jato-denuncia-ataques-de-grupos-fascistas-en-peru\\\/#primaryimage\"},\"thumbnailUrl\":\"https:\\\/\\\/pulso27.com\\\/wp-content\\\/uploads\\\/2024\\\/04\\\/JoseDom.jpg\",\"datePublished\":\"2024-04-28T08:39:07+00:00\",\"dateModified\":\"2024-04-28T08:41:21+00:00\",\"breadcrumb\":{\"@id\":\"https:\\\/\\\/pulso27.com\\\/policial\\\/fiscal-del-caso-lava-jato-denuncia-ataques-de-grupos-fascistas-en-peru\\\/#breadcrumb\"},\"inLanguage\":\"es-PE\",\"potentialAction\":[{\"@type\":\"ReadAction\",\"target\":[\"https:\\\/\\\/pulso27.com\\\/policial\\\/fiscal-del-caso-lava-jato-denuncia-ataques-de-grupos-fascistas-en-peru\\\/\"]}]},{\"@type\":\"ImageObject\",\"inLanguage\":\"es-PE\",\"@id\":\"https:\\\/\\\/pulso27.com\\\/policial\\\/fiscal-del-caso-lava-jato-denuncia-ataques-de-grupos-fascistas-en-peru\\\/#primaryimage\",\"url\":\"https:\\\/\\\/pulso27.com\\\/wp-content\\\/uploads\\\/2024\\\/04\\\/JoseDom.jpg\",\"contentUrl\":\"https:\\\/\\\/pulso27.com\\\/wp-content\\\/uploads\\\/2024\\\/04\\\/JoseDom.jpg\",\"width\":1252,\"height\":690},{\"@type\":\"BreadcrumbList\",\"@id\":\"https:\\\/\\\/pulso27.com\\\/policial\\\/fiscal-del-caso-lava-jato-denuncia-ataques-de-grupos-fascistas-en-peru\\\/#breadcrumb\",\"itemListElement\":[{\"@type\":\"ListItem\",\"position\":1,\"name\":\"Portada\",\"item\":\"https:\\\/\\\/pulso27.com\\\/\"},{\"@type\":\"ListItem\",\"position\":2,\"name\":\"Fiscal del caso Lava Jato denuncia ataques de grupos fascistas en Per\u00fa\"}]},{\"@type\":\"WebSite\",\"@id\":\"https:\\\/\\\/pulso27.com\\\/en\\\/#website\",\"url\":\"https:\\\/\\\/pulso27.com\\\/en\\\/\",\"name\":\"Pulso27\",\"description\":\"Web de noticias y publicidad\",\"publisher\":{\"@id\":\"https:\\\/\\\/pulso27.com\\\/en\\\/#organization\"},\"alternateName\":\"El pulso del pueblo\",\"potentialAction\":[{\"@type\":\"SearchAction\",\"target\":{\"@type\":\"EntryPoint\",\"urlTemplate\":\"https:\\\/\\\/pulso27.com\\\/en\\\/?s={search_term_string}\"},\"query-input\":{\"@type\":\"PropertyValueSpecification\",\"valueRequired\":true,\"valueName\":\"search_term_string\"}}],\"inLanguage\":\"es-PE\"},{\"@type\":\"Organization\",\"@id\":\"https:\\\/\\\/pulso27.com\\\/en\\\/#organization\",\"name\":\"Pulso27\",\"url\":\"https:\\\/\\\/pulso27.com\\\/en\\\/\",\"logo\":{\"@type\":\"ImageObject\",\"inLanguage\":\"es-PE\",\"@id\":\"https:\\\/\\\/pulso27.com\\\/en\\\/#\\\/schema\\\/logo\\\/image\\\/\",\"url\":\"https:\\\/\\\/pulso27.com\\\/wp-content\\\/uploads\\\/2026\\\/02\\\/Logotipo-de-la-organizacion-696-x-696-px-ok.png\",\"contentUrl\":\"https:\\\/\\\/pulso27.com\\\/wp-content\\\/uploads\\\/2026\\\/02\\\/Logotipo-de-la-organizacion-696-x-696-px-ok.png\",\"width\":696,\"height\":696,\"caption\":\"Pulso27\"},\"image\":{\"@id\":\"https:\\\/\\\/pulso27.com\\\/en\\\/#\\\/schema\\\/logo\\\/image\\\/\"},\"sameAs\":[\"https:\\\/\\\/www.facebook.com\\\/pulso27\\\/\",\"https:\\\/\\\/x.com\\\/Pulso_27\",\"https:\\\/\\\/www.youtube.com\\\/@Pulso27\",\"https:\\\/\\\/www.tiktok.com\\\/@pulso_27\"]},{\"@type\":\"Person\",\"@id\":\"https:\\\/\\\/pulso27.com\\\/en\\\/#\\\/schema\\\/person\\\/d20fd7f5bc7f2e53fd150d43fca07a78\",\"name\":\"Tupaq\",\"image\":{\"@type\":\"ImageObject\",\"inLanguage\":\"es-PE\",\"@id\":\"https:\\\/\\\/secure.gravatar.com\\\/avatar\\\/7929e9b034aeea560319a601e4f04c59eb5f45a79eafe192adabb67e9604e7e7?s=96&d=mm&r=g\",\"url\":\"https:\\\/\\\/secure.gravatar.com\\\/avatar\\\/7929e9b034aeea560319a601e4f04c59eb5f45a79eafe192adabb67e9604e7e7?s=96&d=mm&r=g\",\"contentUrl\":\"https:\\\/\\\/secure.gravatar.com\\\/avatar\\\/7929e9b034aeea560319a601e4f04c59eb5f45a79eafe192adabb67e9604e7e7?s=96&d=mm&r=g\",\"caption\":\"Tupaq\"},\"url\":\"https:\\\/\\\/pulso27.com\\\/es\\\/author\\\/tupaq\\\/\"}]}<\/script>\n<!-- \/ Yoast SEO plugin. -->","yoast_head_json":{"title":"Fiscal del caso Lava Jato denuncia ataques de grupos fascistas en Per\u00fa - Pulso27","robots":{"index":"index","follow":"follow","max-snippet":"max-snippet:-1","max-image-preview":"max-image-preview:large","max-video-preview":"max-video-preview:-1"},"canonical":"https:\/\/pulso27.com\/es\/policial\/fiscal-del-caso-lava-jato-denuncia-ataques-de-grupos-fascistas-en-peru\/","og_locale":"es_ES","og_type":"article","og_title":"Fiscal del caso Lava Jato denuncia ataques de grupos fascistas en Per\u00fa - Pulso27","og_description":"El fiscal Jos\u00e9 Domingo P\u00e9rez, encargado del caso Lava Jato en Per\u00fa, ha presentado una denuncia penal tras ser v\u00edctima de hostigamiento y amenazas por parte de grupos fascistas, entre ellos \u00abLa Resistencia\u00bb, al salir de su oficina en la sede principal del Ministerio P\u00fablico en el Cercado de Lima. Los incidentes ocurrieron alrededor de [&hellip;]","og_url":"https:\/\/pulso27.com\/es\/policial\/fiscal-del-caso-lava-jato-denuncia-ataques-de-grupos-fascistas-en-peru\/","og_site_name":"Pulso27","article_publisher":"https:\/\/www.facebook.com\/pulso27\/","article_published_time":"2024-04-28T08:39:07+00:00","article_modified_time":"2024-04-28T08:41:21+00:00","og_image":[{"width":1252,"height":690,"url":"https:\/\/pulso27.com\/wp-content\/uploads\/2024\/04\/JoseDom.jpg","type":"image\/jpeg"}],"author":"Tupaq","twitter_card":"summary_large_image","twitter_creator":"@Pulso_27","twitter_site":"@Pulso_27","twitter_misc":{"Written by":"Tupaq","Est. reading time":"2 minutos"},"schema":{"@context":"https:\/\/schema.org","@graph":[{"@type":"Article","@id":"https:\/\/pulso27.com\/policial\/fiscal-del-caso-lava-jato-denuncia-ataques-de-grupos-fascistas-en-peru\/#article","isPartOf":{"@id":"https:\/\/pulso27.com\/policial\/fiscal-del-caso-lava-jato-denuncia-ataques-de-grupos-fascistas-en-peru\/"},"author":{"name":"Tupaq","@id":"https:\/\/pulso27.com\/en\/#\/schema\/person\/d20fd7f5bc7f2e53fd150d43fca07a78"},"headline":"Fiscal del caso Lava Jato denuncia ataques de grupos fascistas en Per\u00fa","datePublished":"2024-04-28T08:39:07+00:00","dateModified":"2024-04-28T08:41:21+00:00","mainEntityOfPage":{"@id":"https:\/\/pulso27.com\/policial\/fiscal-del-caso-lava-jato-denuncia-ataques-de-grupos-fascistas-en-peru\/"},"wordCount":344,"commentCount":0,"publisher":{"@id":"https:\/\/pulso27.com\/en\/#organization"},"image":{"@id":"https:\/\/pulso27.com\/policial\/fiscal-del-caso-lava-jato-denuncia-ataques-de-grupos-fascistas-en-peru\/#primaryimage"},"thumbnailUrl":"https:\/\/pulso27.com\/wp-content\/uploads\/2024\/04\/JoseDom.jpg","keywords":["Fascista","La Resistencia","Lava Jato"],"articleSection":["Actualidad","Policial"],"inLanguage":"es-PE","potentialAction":[{"@type":"CommentAction","name":"Comment","target":["https:\/\/pulso27.com\/policial\/fiscal-del-caso-lava-jato-denuncia-ataques-de-grupos-fascistas-en-peru\/#respond"]}]},{"@type":"WebPage","@id":"https:\/\/pulso27.com\/policial\/fiscal-del-caso-lava-jato-denuncia-ataques-de-grupos-fascistas-en-peru\/","url":"https:\/\/pulso27.com\/policial\/fiscal-del-caso-lava-jato-denuncia-ataques-de-grupos-fascistas-en-peru\/","name":"Fiscal del caso Lava Jato denuncia ataques de grupos fascistas en Per\u00fa - Pulso27","isPartOf":{"@id":"https:\/\/pulso27.com\/en\/#website"},"primaryImageOfPage":{"@id":"https:\/\/pulso27.com\/policial\/fiscal-del-caso-lava-jato-denuncia-ataques-de-grupos-fascistas-en-peru\/#primaryimage"},"image":{"@id":"https:\/\/pulso27.com\/policial\/fiscal-del-caso-lava-jato-denuncia-ataques-de-grupos-fascistas-en-peru\/#primaryimage"},"thumbnailUrl":"https:\/\/pulso27.com\/wp-content\/uploads\/2024\/04\/JoseDom.jpg","datePublished":"2024-04-28T08:39:07+00:00","dateModified":"2024-04-28T08:41:21+00:00","breadcrumb":{"@id":"https:\/\/pulso27.com\/policial\/fiscal-del-caso-lava-jato-denuncia-ataques-de-grupos-fascistas-en-peru\/#breadcrumb"},"inLanguage":"es-PE","potentialAction":[{"@type":"ReadAction","target":["https:\/\/pulso27.com\/policial\/fiscal-del-caso-lava-jato-denuncia-ataques-de-grupos-fascistas-en-peru\/"]}]},{"@type":"ImageObject","inLanguage":"es-PE","@id":"https:\/\/pulso27.com\/policial\/fiscal-del-caso-lava-jato-denuncia-ataques-de-grupos-fascistas-en-peru\/#primaryimage","url":"https:\/\/pulso27.com\/wp-content\/uploads\/2024\/04\/JoseDom.jpg","contentUrl":"https:\/\/pulso27.com\/wp-content\/uploads\/2024\/04\/JoseDom.jpg","width":1252,"height":690},{"@type":"BreadcrumbList","@id":"https:\/\/pulso27.com\/policial\/fiscal-del-caso-lava-jato-denuncia-ataques-de-grupos-fascistas-en-peru\/#breadcrumb","itemListElement":[{"@type":"ListItem","position":1,"name":"Portada","item":"https:\/\/pulso27.com\/"},{"@type":"ListItem","position":2,"name":"Fiscal del caso Lava Jato denuncia ataques de grupos fascistas en Per\u00fa"}]},{"@type":"WebSite","@id":"https:\/\/pulso27.com\/en\/#website","url":"https:\/\/pulso27.com\/en\/","name":"Pulso27","description":"Web de noticias y publicidad","publisher":{"@id":"https:\/\/pulso27.com\/en\/#organization"},"alternateName":"El pulso del pueblo","potentialAction":[{"@type":"SearchAction","target":{"@type":"EntryPoint","urlTemplate":"https:\/\/pulso27.com\/en\/?s={search_term_string}"},"query-input":{"@type":"PropertyValueSpecification","valueRequired":true,"valueName":"search_term_string"}}],"inLanguage":"es-PE"},{"@type":"Organization","@id":"https:\/\/pulso27.com\/en\/#organization","name":"Pulso27","url":"https:\/\/pulso27.com\/en\/","logo":{"@type":"ImageObject","inLanguage":"es-PE","@id":"https:\/\/pulso27.com\/en\/#\/schema\/logo\/image\/","url":"https:\/\/pulso27.com\/wp-content\/uploads\/2026\/02\/Logotipo-de-la-organizacion-696-x-696-px-ok.png","contentUrl":"https:\/\/pulso27.com\/wp-content\/uploads\/2026\/02\/Logotipo-de-la-organizacion-696-x-696-px-ok.png","width":696,"height":696,"caption":"Pulso27"},"image":{"@id":"https:\/\/pulso27.com\/en\/#\/schema\/logo\/image\/"},"sameAs":["https:\/\/www.facebook.com\/pulso27\/","https:\/\/x.com\/Pulso_27","https:\/\/www.youtube.com\/@Pulso27","https:\/\/www.tiktok.com\/@pulso_27"]},{"@type":"Person","@id":"https:\/\/pulso27.com\/en\/#\/schema\/person\/d20fd7f5bc7f2e53fd150d43fca07a78","name":"Tupaq","image":{"@type":"ImageObject","inLanguage":"es-PE","@id":"https:\/\/secure.gravatar.com\/avatar\/7929e9b034aeea560319a601e4f04c59eb5f45a79eafe192adabb67e9604e7e7?s=96&d=mm&r=g","url":"https:\/\/secure.gravatar.com\/avatar\/7929e9b034aeea560319a601e4f04c59eb5f45a79eafe192adabb67e9604e7e7?s=96&d=mm&r=g","contentUrl":"https:\/\/secure.gravatar.com\/avatar\/7929e9b034aeea560319a601e4f04c59eb5f45a79eafe192adabb67e9604e7e7?s=96&d=mm&r=g","caption":"Tupaq"},"url":"https:\/\/pulso27.com\/es\/author\/tupaq\/"}]}},"amp_enabled":true,"_links":{"self":[{"href":"https:\/\/pulso27.com\/es\/wp-json\/wp\/v2\/posts\/1568","targetHints":{"allow":["GET"]}}],"collection":[{"href":"https:\/\/pulso27.com\/es\/wp-json\/wp\/v2\/posts"}],"about":[{"href":"https:\/\/pulso27.com\/es\/wp-json\/wp\/v2\/types\/post"}],"author":[{"embeddable":true,"href":"https:\/\/pulso27.com\/es\/wp-json\/wp\/v2\/users\/7"}],"replies":[{"embeddable":true,"href":"https:\/\/pulso27.com\/es\/wp-json\/wp\/v2\/comments?post=1568"}],"version-history":[{"count":2,"href":"https:\/\/pulso27.com\/es\/wp-json\/wp\/v2\/posts\/1568\/revisions"}],"predecessor-version":[{"id":1573,"href":"https:\/\/pulso27.com\/es\/wp-json\/wp\/v2\/posts\/1568\/revisions\/1573"}],"wp:featuredmedia":[{"embeddable":true,"href":"https:\/\/pulso27.com\/es\/wp-json\/wp\/v2\/media\/1569"}],"wp:attachment":[{"href":"https:\/\/pulso27.com\/es\/wp-json\/wp\/v2\/media?parent=1568"}],"wp:term":[{"taxonomy":"category","embeddable":true,"href":"https:\/\/pulso27.com\/es\/wp-json\/wp\/v2\/categories?post=1568"},{"taxonomy":"post_tag","embeddable":true,"href":"https:\/\/pulso27.com\/es\/wp-json\/wp\/v2\/tags?post=1568"}],"curies":[{"name":"wp","href":"https:\/\/api.w.org\/{rel}","templated":true}]}}