{"id":1616,"date":"2024-05-06T10:14:17","date_gmt":"2024-05-06T05:14:17","guid":{"rendered":"https:\/\/pulso27.com\/?p=1616"},"modified":"2024-05-06T10:16:25","modified_gmt":"2024-05-06T05:16:25","slug":"cien-anos-del-apra-luces-y-sombras-en-el-legado-de-sus-lideres","status":"publish","type":"post","link":"https:\/\/pulso27.com\/es\/actualidad\/politica\/cien-anos-del-apra-luces-y-sombras-en-el-legado-de-sus-lideres\/","title":{"rendered":"Cien a\u00f1os del APRA: luces y sombras en el legado de sus l\u00edderes"},"content":{"rendered":"\n<p>El Partido Aprista Peruano (APRA) celebra un siglo de existencia, marcado por una trayectoria pol\u00edtica rica en matices y controversias. Dos figuras sobresalen en su historia: V\u00edctor Ra\u00fal Haya de la Torre y Alan Garc\u00eda, l\u00edderes que encarnan las complejidades y paradojas del partido.<\/p>\n\n\n\n<p><strong>V\u00edctor Ra\u00fal Haya de la Torre: Idealismo y pragmatismo<\/strong><\/p>\n\n\n\n<p>Haya de la Torre, fundador del APRA, es considerado un ide\u00f3logo antiimperialista y defensor de la justicia social. Su legado, sin embargo, est\u00e1 marcado por la ambig\u00fcedad. Si bien sus discursos revolucionarios inspiraron a muchos, su pragmatismo pol\u00edtico y sus alianzas cuestionables con el poder generaron cr\u00edticas y cuestionamientos por sus propios militantes y otros l\u00edderes de la izquierda del siglo pasado como el amauta Jos\u00e9 Carlos Mari\u00e1tegui.<\/p>\n\n\n\n<figure class=\"wp-block-image size-large\"><img loading=\"lazy\" decoding=\"async\" width=\"1024\" height=\"760\" src=\"https:\/\/pulso27.com\/wp-content\/uploads\/2024\/05\/Victor-Raul-Ha-1024x760.jpg\" alt=\"\" class=\"wp-image-1618\" srcset=\"https:\/\/pulso27.com\/wp-content\/uploads\/2024\/05\/Victor-Raul-Ha-1024x760.jpg 1024w, https:\/\/pulso27.com\/wp-content\/uploads\/2024\/05\/Victor-Raul-Ha-300x223.jpg 300w, https:\/\/pulso27.com\/wp-content\/uploads\/2024\/05\/Victor-Raul-Ha-768x570.jpg 768w, https:\/\/pulso27.com\/wp-content\/uploads\/2024\/05\/Victor-Raul-Ha-16x12.jpg 16w, https:\/\/pulso27.com\/wp-content\/uploads\/2024\/05\/Victor-Raul-Ha.jpg 1280w\" sizes=\"auto, (max-width: 1024px) 100vw, 1024px\" \/><figcaption class=\"wp-element-caption\"><em>V\u00edctor Ra\u00fal Haya de la Torre, fundador del APRA<\/em><\/figcaption><\/figure>\n\n\n\n<p><strong>Alan Garc\u00eda: Reformas y esc\u00e1ndalos<\/strong><\/p>\n\n\n\n<p>Alan Garc\u00eda, dos veces presidente del Per\u00fa, representa otra etapa compleja en la historia del APRA. Su primer mandato (1985-1990) estuvo marcado por ambiciosas reformas econ\u00f3micas y pol\u00edticas, pero tambi\u00e9n por una hiperinflaci\u00f3n, ejecuciones extrajudiciales de poblaciones aparentemente relacionados con grupos alzados en armas como en el caso de los Molinos de Jauja (Jun\u00edn) y denuncias de corrupci\u00f3n. En su segundo gobierno (2006-2011), Garc\u00eda busc\u00f3 posicionarse como un l\u00edder reformista de la derecha de la social democracia peruana, pero nuevamente enfrent\u00f3 las denuncias por corrupci\u00f3n y un creciente malestar social por las reformas incumplidas y mantener el modelo econ\u00f3mico neoliberal en autom\u00e1tico, heredada por los dos periodos del gobierno de Alberto Fujimori.<\/p>\n\n\n\n<p><strong>Paradoja aprista: Ideales vs. Realidad<\/strong><\/p>\n\n\n\n<p>Tanto Haya de la Torre como Garc\u00eda encarnan la paradoja central del APRA: la brecha entre sus discursos progresistas propias de la social democracia y su accionar pol\u00edtico lejos de las aspiraciones de la mayor\u00eda nacional. A pesar de sus discursos a favor de la justicia social y la democracia, su legado se ve empa\u00f1ado por la falta de transparencia, la corrupci\u00f3n, la represi\u00f3n contra poblaciones que buscaban reivindicar sus derechos y la b\u00fasqueda del poder de manera cada vez m\u00e1s pragm\u00e1tica, entrega de los recursos naturales a transnacionales a todo costo como en el caso del \u00abBaguazo\u00bb.<\/p>\n\n\n\n<figure class=\"wp-block-image size-large\"><img loading=\"lazy\" decoding=\"async\" width=\"1024\" height=\"659\" src=\"https:\/\/pulso27.com\/wp-content\/uploads\/2024\/05\/Alan-1024x659.jpg\" alt=\"\" class=\"wp-image-1619\" srcset=\"https:\/\/pulso27.com\/wp-content\/uploads\/2024\/05\/Alan-1024x659.jpg 1024w, https:\/\/pulso27.com\/wp-content\/uploads\/2024\/05\/Alan-300x193.jpg 300w, https:\/\/pulso27.com\/wp-content\/uploads\/2024\/05\/Alan-768x494.jpg 768w, https:\/\/pulso27.com\/wp-content\/uploads\/2024\/05\/Alan-1536x988.jpg 1536w, https:\/\/pulso27.com\/wp-content\/uploads\/2024\/05\/Alan-18x12.jpg 18w, https:\/\/pulso27.com\/wp-content\/uploads\/2024\/05\/Alan.jpg 1800w\" sizes=\"auto, (max-width: 1024px) 100vw, 1024px\" \/><figcaption class=\"wp-element-caption\"><em>Alan Garc\u00eda P\u00e9rez, dos veces presidente del Per\u00fa<\/em><\/figcaption><\/figure>\n\n\n\n<p><strong>Centenario y reflexi\u00f3n cr\u00edtica<\/strong><\/p>\n\n\n\n<p>En este centenario del APRA, es fundamental realizar una reflexi\u00f3n cr\u00edtica sobre el papel de sus l\u00edderes en la historia del Per\u00fa. Su legado es complejo y controvertido, pero tambi\u00e9n representa una oportunidad para que sus l\u00edderes aprendan de los errores del pasado y construyen, si desean, un futuro donde la pol\u00edtica peruana est\u00e9 realmente comprometida con los valores de justicia social como siempre han pregonado hasta el hartazgo en calles y plazas, incluso los actuales l\u00edderes que el domingo 5 de mayo celebraron el centenario en la Plaza de Acho, quienes se hicieron cargo recientemente de la dirigencia, luego de la desaparici\u00f3n infortunada de Alan Garc\u00eda que se despidi\u00f3 de sus correligionarios, evitando la desverg\u00fcenza carcelaria con un balazo.<\/p>\n\n\n\n<figure class=\"wp-block-image size-large\"><img loading=\"lazy\" decoding=\"async\" width=\"1024\" height=\"703\" src=\"https:\/\/pulso27.com\/wp-content\/uploads\/2024\/05\/Molinos-1024x703.png\" alt=\"\" class=\"wp-image-1620\" srcset=\"https:\/\/pulso27.com\/wp-content\/uploads\/2024\/05\/Molinos-1024x703.png 1024w, https:\/\/pulso27.com\/wp-content\/uploads\/2024\/05\/Molinos-300x206.png 300w, https:\/\/pulso27.com\/wp-content\/uploads\/2024\/05\/Molinos-768x527.png 768w, https:\/\/pulso27.com\/wp-content\/uploads\/2024\/05\/Molinos-18x12.png 18w, https:\/\/pulso27.com\/wp-content\/uploads\/2024\/05\/Molinos.png 1162w\" sizes=\"auto, (max-width: 1024px) 100vw, 1024px\" \/><figcaption class=\"wp-element-caption\"><em>Alan Garc\u00eda P\u00e9rez, en Molinos de Jauja, Jun\u00edn, 28 de abril de 1989<\/em><\/figcaption><\/figure>\n\n\n\n<p><strong>Mirando hacia el futuro<\/strong><\/p>\n\n\n\n<p>El APRA, en su centenario, se encuentra en una encrucijada. Puede optar por seguir aferr\u00e1ndose a un pasado marcado por la ambig\u00fcedad y la corrupci\u00f3n, o puede aprovechar la oportunidad para renovarse, redefiniendo sus valores y comprometi\u00e9ndose con un proyecto pol\u00edtico de la social democracia peruana. La decisi\u00f3n que tome el partido en este momento crucial determinar\u00e1 su futuro y su impacto en la sociedad peruana. Pero su alianza permanente con quienes se encuentran en el gobierno y los que est\u00e1n en el poder pol\u00edtico y financiero, como ahora, con el r\u00e9gimen de Dina Boluarte y su c\u00f3mplice Fuerza Popular de su siempre aliado Alberto Fujimori, ya lo pinta de cuerpo entero, que no est\u00e1 dispuesto a cambiar el legado de sus l\u00edderes hist\u00f3ricos Haya De La Torre y Garc\u00eda P\u00e9rez.<\/p>\n\n\n\n<figure class=\"wp-block-image size-large\"><img loading=\"lazy\" decoding=\"async\" width=\"1024\" height=\"663\" src=\"https:\/\/pulso27.com\/wp-content\/uploads\/2024\/05\/Baguazo-1024x663.jpg\" alt=\"\" class=\"wp-image-1621\" srcset=\"https:\/\/pulso27.com\/wp-content\/uploads\/2024\/05\/Baguazo-1024x663.jpg 1024w, https:\/\/pulso27.com\/wp-content\/uploads\/2024\/05\/Baguazo-300x194.jpg 300w, https:\/\/pulso27.com\/wp-content\/uploads\/2024\/05\/Baguazo-768x497.jpg 768w, https:\/\/pulso27.com\/wp-content\/uploads\/2024\/05\/Baguazo-18x12.jpg 18w, https:\/\/pulso27.com\/wp-content\/uploads\/2024\/05\/Baguazo.jpg 1305w\" sizes=\"auto, (max-width: 1024px) 100vw, 1024px\" \/><figcaption class=\"wp-element-caption\"><em>Masacre del \u00abBaguazo\u00bb, el 5 de junio del 2009, en Bagua del departamento de Amazonas<\/em><\/figcaption><\/figure>\n\n\n\n<p><strong>Lecciones para el presente<\/strong><\/p>\n\n\n\n<p>La historia del APRA nos ofrece valiosas lecciones para el presente y el futuro de la pol\u00edtica peruana. Es fundamental que los l\u00edderes pol\u00edticos sean coherentes entre sus discursos y sus acciones. El Per\u00fa exige que los l\u00edderes pol\u00edticos se comprometan con las aspiraciones leg\u00edtimas de las grandes mayor\u00edas y que antepongan el bienestar del pueblo por encima de sus intereses personales o partidarios. Solo as\u00ed se podr\u00e1 construir un nuevo Estado s\u00f3lido, justo y pr\u00f3spero al servicio de todos los peruanos.<\/p>\n","protected":false},"excerpt":{"rendered":"<p>El Partido Aprista Peruano (APRA) celebra un siglo de existencia, marcado por una trayectoria pol\u00edtica rica en matices y controversias. Dos figuras sobresalen en su historia: V\u00edctor Ra\u00fal Haya de la Torre y Alan Garc\u00eda, l\u00edderes que encarnan las complejidades y paradojas del partido. V\u00edctor Ra\u00fal Haya de la Torre: Idealismo y pragmatismo Haya de [&hellip;]<\/p>\n","protected":false},"author":7,"featured_media":1617,"comment_status":"open","ping_status":"open","sticky":false,"template":"","format":"standard","meta":{"footnotes":""},"categories":[392,180],"tags":[681,685,686],"class_list":["post-1616","post","type-post","status-publish","format-standard","has-post-thumbnail","hentry","category-cronica","category-politica","tag-apra","tag-baguazo","tag-los-molinos"],"yoast_head":"<!-- This site is optimized with the Yoast SEO plugin v27.4 - https:\/\/yoast.com\/product\/yoast-seo-wordpress\/ -->\n<title>Cien a\u00f1os del APRA: luces y sombras en el legado de sus l\u00edderes - Pulso27<\/title>\n<meta name=\"robots\" content=\"index, follow, max-snippet:-1, max-image-preview:large, max-video-preview:-1\" \/>\n<link rel=\"canonical\" href=\"https:\/\/pulso27.com\/es\/politica\/cien-anos-del-apra-luces-y-sombras-en-el-legado-de-sus-lideres\/\" \/>\n<meta property=\"og:locale\" content=\"es_ES\" \/>\n<meta property=\"og:type\" content=\"article\" \/>\n<meta property=\"og:title\" content=\"Cien a\u00f1os del APRA: luces y sombras en el legado de sus l\u00edderes - Pulso27\" \/>\n<meta property=\"og:description\" content=\"El Partido Aprista Peruano (APRA) celebra un siglo de existencia, marcado por una trayectoria pol\u00edtica rica en matices y controversias. Dos figuras sobresalen en su historia: V\u00edctor Ra\u00fal Haya de la Torre y Alan Garc\u00eda, l\u00edderes que encarnan las complejidades y paradojas del partido. V\u00edctor Ra\u00fal Haya de la Torre: Idealismo y pragmatismo Haya de [&hellip;]\" \/>\n<meta property=\"og:url\" content=\"https:\/\/pulso27.com\/es\/politica\/cien-anos-del-apra-luces-y-sombras-en-el-legado-de-sus-lideres\/\" \/>\n<meta property=\"og:site_name\" content=\"Pulso27\" \/>\n<meta property=\"article:publisher\" content=\"https:\/\/www.facebook.com\/pulso27\/\" \/>\n<meta property=\"article:published_time\" content=\"2024-05-06T05:14:17+00:00\" \/>\n<meta property=\"article:modified_time\" content=\"2024-05-06T05:16:25+00:00\" \/>\n<meta property=\"og:image\" content=\"https:\/\/pulso27.com\/wp-content\/uploads\/2024\/05\/VRH-y-AGP.png\" \/>\n\t<meta property=\"og:image:width\" content=\"1229\" \/>\n\t<meta property=\"og:image:height\" content=\"654\" \/>\n\t<meta property=\"og:image:type\" content=\"image\/png\" \/>\n<meta name=\"author\" content=\"Tupaq\" \/>\n<meta name=\"twitter:card\" content=\"summary_large_image\" \/>\n<meta name=\"twitter:creator\" content=\"@Pulso_27\" \/>\n<meta name=\"twitter:site\" content=\"@Pulso_27\" \/>\n<meta name=\"twitter:label1\" content=\"Written by\" \/>\n\t<meta name=\"twitter:data1\" content=\"Tupaq\" \/>\n\t<meta name=\"twitter:label2\" content=\"Est. reading time\" \/>\n\t<meta name=\"twitter:data2\" content=\"4 minutos\" \/>\n<script type=\"application\/ld+json\" class=\"yoast-schema-graph\">{\"@context\":\"https:\\\/\\\/schema.org\",\"@graph\":[{\"@type\":\"Article\",\"@id\":\"https:\\\/\\\/pulso27.com\\\/politica\\\/cien-anos-del-apra-luces-y-sombras-en-el-legado-de-sus-lideres\\\/#article\",\"isPartOf\":{\"@id\":\"https:\\\/\\\/pulso27.com\\\/politica\\\/cien-anos-del-apra-luces-y-sombras-en-el-legado-de-sus-lideres\\\/\"},\"author\":{\"name\":\"Tupaq\",\"@id\":\"https:\\\/\\\/pulso27.com\\\/en\\\/#\\\/schema\\\/person\\\/d20fd7f5bc7f2e53fd150d43fca07a78\"},\"headline\":\"Cien a\u00f1os del APRA: luces y sombras en el legado de sus l\u00edderes\",\"datePublished\":\"2024-05-06T05:14:17+00:00\",\"dateModified\":\"2024-05-06T05:16:25+00:00\",\"mainEntityOfPage\":{\"@id\":\"https:\\\/\\\/pulso27.com\\\/politica\\\/cien-anos-del-apra-luces-y-sombras-en-el-legado-de-sus-lideres\\\/\"},\"wordCount\":819,\"commentCount\":0,\"publisher\":{\"@id\":\"https:\\\/\\\/pulso27.com\\\/en\\\/#organization\"},\"image\":{\"@id\":\"https:\\\/\\\/pulso27.com\\\/politica\\\/cien-anos-del-apra-luces-y-sombras-en-el-legado-de-sus-lideres\\\/#primaryimage\"},\"thumbnailUrl\":\"https:\\\/\\\/pulso27.com\\\/wp-content\\\/uploads\\\/2024\\\/05\\\/VRH-y-AGP.png\",\"keywords\":[\"APRA\",\"Baguazo\",\"Los Molinos\"],\"articleSection\":[\"Cr\u00f3nica\",\"Pol\u00edtica\"],\"inLanguage\":\"es-PE\",\"potentialAction\":[{\"@type\":\"CommentAction\",\"name\":\"Comment\",\"target\":[\"https:\\\/\\\/pulso27.com\\\/politica\\\/cien-anos-del-apra-luces-y-sombras-en-el-legado-de-sus-lideres\\\/#respond\"]}]},{\"@type\":\"WebPage\",\"@id\":\"https:\\\/\\\/pulso27.com\\\/politica\\\/cien-anos-del-apra-luces-y-sombras-en-el-legado-de-sus-lideres\\\/\",\"url\":\"https:\\\/\\\/pulso27.com\\\/politica\\\/cien-anos-del-apra-luces-y-sombras-en-el-legado-de-sus-lideres\\\/\",\"name\":\"Cien a\u00f1os del APRA: luces y sombras en el legado de sus l\u00edderes - Pulso27\",\"isPartOf\":{\"@id\":\"https:\\\/\\\/pulso27.com\\\/en\\\/#website\"},\"primaryImageOfPage\":{\"@id\":\"https:\\\/\\\/pulso27.com\\\/politica\\\/cien-anos-del-apra-luces-y-sombras-en-el-legado-de-sus-lideres\\\/#primaryimage\"},\"image\":{\"@id\":\"https:\\\/\\\/pulso27.com\\\/politica\\\/cien-anos-del-apra-luces-y-sombras-en-el-legado-de-sus-lideres\\\/#primaryimage\"},\"thumbnailUrl\":\"https:\\\/\\\/pulso27.com\\\/wp-content\\\/uploads\\\/2024\\\/05\\\/VRH-y-AGP.png\",\"datePublished\":\"2024-05-06T05:14:17+00:00\",\"dateModified\":\"2024-05-06T05:16:25+00:00\",\"breadcrumb\":{\"@id\":\"https:\\\/\\\/pulso27.com\\\/politica\\\/cien-anos-del-apra-luces-y-sombras-en-el-legado-de-sus-lideres\\\/#breadcrumb\"},\"inLanguage\":\"es-PE\",\"potentialAction\":[{\"@type\":\"ReadAction\",\"target\":[\"https:\\\/\\\/pulso27.com\\\/politica\\\/cien-anos-del-apra-luces-y-sombras-en-el-legado-de-sus-lideres\\\/\"]}]},{\"@type\":\"ImageObject\",\"inLanguage\":\"es-PE\",\"@id\":\"https:\\\/\\\/pulso27.com\\\/politica\\\/cien-anos-del-apra-luces-y-sombras-en-el-legado-de-sus-lideres\\\/#primaryimage\",\"url\":\"https:\\\/\\\/pulso27.com\\\/wp-content\\\/uploads\\\/2024\\\/05\\\/VRH-y-AGP.png\",\"contentUrl\":\"https:\\\/\\\/pulso27.com\\\/wp-content\\\/uploads\\\/2024\\\/05\\\/VRH-y-AGP.png\",\"width\":1229,\"height\":654},{\"@type\":\"BreadcrumbList\",\"@id\":\"https:\\\/\\\/pulso27.com\\\/politica\\\/cien-anos-del-apra-luces-y-sombras-en-el-legado-de-sus-lideres\\\/#breadcrumb\",\"itemListElement\":[{\"@type\":\"ListItem\",\"position\":1,\"name\":\"Portada\",\"item\":\"https:\\\/\\\/pulso27.com\\\/\"},{\"@type\":\"ListItem\",\"position\":2,\"name\":\"Cien a\u00f1os del APRA: luces y sombras en el legado de sus l\u00edderes\"}]},{\"@type\":\"WebSite\",\"@id\":\"https:\\\/\\\/pulso27.com\\\/en\\\/#website\",\"url\":\"https:\\\/\\\/pulso27.com\\\/en\\\/\",\"name\":\"Pulso27\",\"description\":\"Web de noticias y publicidad\",\"publisher\":{\"@id\":\"https:\\\/\\\/pulso27.com\\\/en\\\/#organization\"},\"alternateName\":\"El pulso del pueblo\",\"potentialAction\":[{\"@type\":\"SearchAction\",\"target\":{\"@type\":\"EntryPoint\",\"urlTemplate\":\"https:\\\/\\\/pulso27.com\\\/en\\\/?s={search_term_string}\"},\"query-input\":{\"@type\":\"PropertyValueSpecification\",\"valueRequired\":true,\"valueName\":\"search_term_string\"}}],\"inLanguage\":\"es-PE\"},{\"@type\":\"Organization\",\"@id\":\"https:\\\/\\\/pulso27.com\\\/en\\\/#organization\",\"name\":\"Pulso27\",\"url\":\"https:\\\/\\\/pulso27.com\\\/en\\\/\",\"logo\":{\"@type\":\"ImageObject\",\"inLanguage\":\"es-PE\",\"@id\":\"https:\\\/\\\/pulso27.com\\\/en\\\/#\\\/schema\\\/logo\\\/image\\\/\",\"url\":\"https:\\\/\\\/pulso27.com\\\/wp-content\\\/uploads\\\/2026\\\/02\\\/Logotipo-de-la-organizacion-696-x-696-px-ok.png\",\"contentUrl\":\"https:\\\/\\\/pulso27.com\\\/wp-content\\\/uploads\\\/2026\\\/02\\\/Logotipo-de-la-organizacion-696-x-696-px-ok.png\",\"width\":696,\"height\":696,\"caption\":\"Pulso27\"},\"image\":{\"@id\":\"https:\\\/\\\/pulso27.com\\\/en\\\/#\\\/schema\\\/logo\\\/image\\\/\"},\"sameAs\":[\"https:\\\/\\\/www.facebook.com\\\/pulso27\\\/\",\"https:\\\/\\\/x.com\\\/Pulso_27\",\"https:\\\/\\\/www.youtube.com\\\/@Pulso27\",\"https:\\\/\\\/www.tiktok.com\\\/@pulso_27\"]},{\"@type\":\"Person\",\"@id\":\"https:\\\/\\\/pulso27.com\\\/en\\\/#\\\/schema\\\/person\\\/d20fd7f5bc7f2e53fd150d43fca07a78\",\"name\":\"Tupaq\",\"image\":{\"@type\":\"ImageObject\",\"inLanguage\":\"es-PE\",\"@id\":\"https:\\\/\\\/secure.gravatar.com\\\/avatar\\\/7929e9b034aeea560319a601e4f04c59eb5f45a79eafe192adabb67e9604e7e7?s=96&d=mm&r=g\",\"url\":\"https:\\\/\\\/secure.gravatar.com\\\/avatar\\\/7929e9b034aeea560319a601e4f04c59eb5f45a79eafe192adabb67e9604e7e7?s=96&d=mm&r=g\",\"contentUrl\":\"https:\\\/\\\/secure.gravatar.com\\\/avatar\\\/7929e9b034aeea560319a601e4f04c59eb5f45a79eafe192adabb67e9604e7e7?s=96&d=mm&r=g\",\"caption\":\"Tupaq\"},\"url\":\"https:\\\/\\\/pulso27.com\\\/es\\\/author\\\/tupaq\\\/\"}]}<\/script>\n<!-- \/ Yoast SEO plugin. -->","yoast_head_json":{"title":"Cien a\u00f1os del APRA: luces y sombras en el legado de sus l\u00edderes - Pulso27","robots":{"index":"index","follow":"follow","max-snippet":"max-snippet:-1","max-image-preview":"max-image-preview:large","max-video-preview":"max-video-preview:-1"},"canonical":"https:\/\/pulso27.com\/es\/politica\/cien-anos-del-apra-luces-y-sombras-en-el-legado-de-sus-lideres\/","og_locale":"es_ES","og_type":"article","og_title":"Cien a\u00f1os del APRA: luces y sombras en el legado de sus l\u00edderes - Pulso27","og_description":"El Partido Aprista Peruano (APRA) celebra un siglo de existencia, marcado por una trayectoria pol\u00edtica rica en matices y controversias. Dos figuras sobresalen en su historia: V\u00edctor Ra\u00fal Haya de la Torre y Alan Garc\u00eda, l\u00edderes que encarnan las complejidades y paradojas del partido. V\u00edctor Ra\u00fal Haya de la Torre: Idealismo y pragmatismo Haya de [&hellip;]","og_url":"https:\/\/pulso27.com\/es\/politica\/cien-anos-del-apra-luces-y-sombras-en-el-legado-de-sus-lideres\/","og_site_name":"Pulso27","article_publisher":"https:\/\/www.facebook.com\/pulso27\/","article_published_time":"2024-05-06T05:14:17+00:00","article_modified_time":"2024-05-06T05:16:25+00:00","og_image":[{"width":1229,"height":654,"url":"https:\/\/pulso27.com\/wp-content\/uploads\/2024\/05\/VRH-y-AGP.png","type":"image\/png"}],"author":"Tupaq","twitter_card":"summary_large_image","twitter_creator":"@Pulso_27","twitter_site":"@Pulso_27","twitter_misc":{"Written by":"Tupaq","Est. reading time":"4 minutos"},"schema":{"@context":"https:\/\/schema.org","@graph":[{"@type":"Article","@id":"https:\/\/pulso27.com\/politica\/cien-anos-del-apra-luces-y-sombras-en-el-legado-de-sus-lideres\/#article","isPartOf":{"@id":"https:\/\/pulso27.com\/politica\/cien-anos-del-apra-luces-y-sombras-en-el-legado-de-sus-lideres\/"},"author":{"name":"Tupaq","@id":"https:\/\/pulso27.com\/en\/#\/schema\/person\/d20fd7f5bc7f2e53fd150d43fca07a78"},"headline":"Cien a\u00f1os del APRA: luces y sombras en el legado de sus l\u00edderes","datePublished":"2024-05-06T05:14:17+00:00","dateModified":"2024-05-06T05:16:25+00:00","mainEntityOfPage":{"@id":"https:\/\/pulso27.com\/politica\/cien-anos-del-apra-luces-y-sombras-en-el-legado-de-sus-lideres\/"},"wordCount":819,"commentCount":0,"publisher":{"@id":"https:\/\/pulso27.com\/en\/#organization"},"image":{"@id":"https:\/\/pulso27.com\/politica\/cien-anos-del-apra-luces-y-sombras-en-el-legado-de-sus-lideres\/#primaryimage"},"thumbnailUrl":"https:\/\/pulso27.com\/wp-content\/uploads\/2024\/05\/VRH-y-AGP.png","keywords":["APRA","Baguazo","Los Molinos"],"articleSection":["Cr\u00f3nica","Pol\u00edtica"],"inLanguage":"es-PE","potentialAction":[{"@type":"CommentAction","name":"Comment","target":["https:\/\/pulso27.com\/politica\/cien-anos-del-apra-luces-y-sombras-en-el-legado-de-sus-lideres\/#respond"]}]},{"@type":"WebPage","@id":"https:\/\/pulso27.com\/politica\/cien-anos-del-apra-luces-y-sombras-en-el-legado-de-sus-lideres\/","url":"https:\/\/pulso27.com\/politica\/cien-anos-del-apra-luces-y-sombras-en-el-legado-de-sus-lideres\/","name":"Cien a\u00f1os del APRA: luces y sombras en el legado de sus l\u00edderes - Pulso27","isPartOf":{"@id":"https:\/\/pulso27.com\/en\/#website"},"primaryImageOfPage":{"@id":"https:\/\/pulso27.com\/politica\/cien-anos-del-apra-luces-y-sombras-en-el-legado-de-sus-lideres\/#primaryimage"},"image":{"@id":"https:\/\/pulso27.com\/politica\/cien-anos-del-apra-luces-y-sombras-en-el-legado-de-sus-lideres\/#primaryimage"},"thumbnailUrl":"https:\/\/pulso27.com\/wp-content\/uploads\/2024\/05\/VRH-y-AGP.png","datePublished":"2024-05-06T05:14:17+00:00","dateModified":"2024-05-06T05:16:25+00:00","breadcrumb":{"@id":"https:\/\/pulso27.com\/politica\/cien-anos-del-apra-luces-y-sombras-en-el-legado-de-sus-lideres\/#breadcrumb"},"inLanguage":"es-PE","potentialAction":[{"@type":"ReadAction","target":["https:\/\/pulso27.com\/politica\/cien-anos-del-apra-luces-y-sombras-en-el-legado-de-sus-lideres\/"]}]},{"@type":"ImageObject","inLanguage":"es-PE","@id":"https:\/\/pulso27.com\/politica\/cien-anos-del-apra-luces-y-sombras-en-el-legado-de-sus-lideres\/#primaryimage","url":"https:\/\/pulso27.com\/wp-content\/uploads\/2024\/05\/VRH-y-AGP.png","contentUrl":"https:\/\/pulso27.com\/wp-content\/uploads\/2024\/05\/VRH-y-AGP.png","width":1229,"height":654},{"@type":"BreadcrumbList","@id":"https:\/\/pulso27.com\/politica\/cien-anos-del-apra-luces-y-sombras-en-el-legado-de-sus-lideres\/#breadcrumb","itemListElement":[{"@type":"ListItem","position":1,"name":"Portada","item":"https:\/\/pulso27.com\/"},{"@type":"ListItem","position":2,"name":"Cien a\u00f1os del APRA: luces y sombras en el legado de sus l\u00edderes"}]},{"@type":"WebSite","@id":"https:\/\/pulso27.com\/en\/#website","url":"https:\/\/pulso27.com\/en\/","name":"Pulso27","description":"Web de noticias y publicidad","publisher":{"@id":"https:\/\/pulso27.com\/en\/#organization"},"alternateName":"El pulso del pueblo","potentialAction":[{"@type":"SearchAction","target":{"@type":"EntryPoint","urlTemplate":"https:\/\/pulso27.com\/en\/?s={search_term_string}"},"query-input":{"@type":"PropertyValueSpecification","valueRequired":true,"valueName":"search_term_string"}}],"inLanguage":"es-PE"},{"@type":"Organization","@id":"https:\/\/pulso27.com\/en\/#organization","name":"Pulso27","url":"https:\/\/pulso27.com\/en\/","logo":{"@type":"ImageObject","inLanguage":"es-PE","@id":"https:\/\/pulso27.com\/en\/#\/schema\/logo\/image\/","url":"https:\/\/pulso27.com\/wp-content\/uploads\/2026\/02\/Logotipo-de-la-organizacion-696-x-696-px-ok.png","contentUrl":"https:\/\/pulso27.com\/wp-content\/uploads\/2026\/02\/Logotipo-de-la-organizacion-696-x-696-px-ok.png","width":696,"height":696,"caption":"Pulso27"},"image":{"@id":"https:\/\/pulso27.com\/en\/#\/schema\/logo\/image\/"},"sameAs":["https:\/\/www.facebook.com\/pulso27\/","https:\/\/x.com\/Pulso_27","https:\/\/www.youtube.com\/@Pulso27","https:\/\/www.tiktok.com\/@pulso_27"]},{"@type":"Person","@id":"https:\/\/pulso27.com\/en\/#\/schema\/person\/d20fd7f5bc7f2e53fd150d43fca07a78","name":"Tupaq","image":{"@type":"ImageObject","inLanguage":"es-PE","@id":"https:\/\/secure.gravatar.com\/avatar\/7929e9b034aeea560319a601e4f04c59eb5f45a79eafe192adabb67e9604e7e7?s=96&d=mm&r=g","url":"https:\/\/secure.gravatar.com\/avatar\/7929e9b034aeea560319a601e4f04c59eb5f45a79eafe192adabb67e9604e7e7?s=96&d=mm&r=g","contentUrl":"https:\/\/secure.gravatar.com\/avatar\/7929e9b034aeea560319a601e4f04c59eb5f45a79eafe192adabb67e9604e7e7?s=96&d=mm&r=g","caption":"Tupaq"},"url":"https:\/\/pulso27.com\/es\/author\/tupaq\/"}]}},"amp_enabled":true,"_links":{"self":[{"href":"https:\/\/pulso27.com\/es\/wp-json\/wp\/v2\/posts\/1616","targetHints":{"allow":["GET"]}}],"collection":[{"href":"https:\/\/pulso27.com\/es\/wp-json\/wp\/v2\/posts"}],"about":[{"href":"https:\/\/pulso27.com\/es\/wp-json\/wp\/v2\/types\/post"}],"author":[{"embeddable":true,"href":"https:\/\/pulso27.com\/es\/wp-json\/wp\/v2\/users\/7"}],"replies":[{"embeddable":true,"href":"https:\/\/pulso27.com\/es\/wp-json\/wp\/v2\/comments?post=1616"}],"version-history":[{"count":1,"href":"https:\/\/pulso27.com\/es\/wp-json\/wp\/v2\/posts\/1616\/revisions"}],"predecessor-version":[{"id":1622,"href":"https:\/\/pulso27.com\/es\/wp-json\/wp\/v2\/posts\/1616\/revisions\/1622"}],"wp:featuredmedia":[{"embeddable":true,"href":"https:\/\/pulso27.com\/es\/wp-json\/wp\/v2\/media\/1617"}],"wp:attachment":[{"href":"https:\/\/pulso27.com\/es\/wp-json\/wp\/v2\/media?parent=1616"}],"wp:term":[{"taxonomy":"category","embeddable":true,"href":"https:\/\/pulso27.com\/es\/wp-json\/wp\/v2\/categories?post=1616"},{"taxonomy":"post_tag","embeddable":true,"href":"https:\/\/pulso27.com\/es\/wp-json\/wp\/v2\/tags?post=1616"}],"curies":[{"name":"wp","href":"https:\/\/api.w.org\/{rel}","templated":true}]}}